{"id":2610,"date":"2020-08-23T12:50:33","date_gmt":"2020-08-23T10:50:33","guid":{"rendered":"https:\/\/comunicacity.net\/amatrice\/?p=2610"},"modified":"2020-08-23T12:50:33","modified_gmt":"2020-08-23T10:50:33","slug":"24-agosto-2020-programma-delle-celebrazioni","status":"publish","type":"post","link":"https:\/\/comunicacity.net\/amatrice\/2020\/08\/23\/24-agosto-2020-programma-delle-celebrazioni\/","title":{"rendered":"24 AGOSTO 2020 &#8211; Programma delle Celebrazioni\u00a0"},"content":{"rendered":"<p><img loading=\"lazy\" decoding=\"async\" class=\"aligncenter wp-image-2611 size-thumbnail\" src=\"https:\/\/comunicacity.net\/amatrice\/wp-content\/uploads\/sites\/69\/2020\/08\/lutto-150x150.png\" alt=\"\" width=\"150\" height=\"150\" srcset=\"https:\/\/comunicacity.net\/amatrice\/wp-content\/uploads\/sites\/69\/2020\/08\/lutto-150x150.png 150w, https:\/\/comunicacity.net\/amatrice\/wp-content\/uploads\/sites\/69\/2020\/08\/lutto.png 300w\" sizes=\"auto, (max-width: 150px) 100vw, 150px\" \/><\/p>\n<p>____________________________________________<br \/>\nVeglia Notturna ore 2.30<\/p>\n<div class=\"text_exposed_show\">\n<p>-La capienza massima ammessa sar\u00e0 di 600 persone con flusso di accesso a partire dalle ore 1.00, scaglionato al fine di evitare assembramenti.<\/p>\n<p>AUTOCARTIFICAZIONE <a href=\"https:\/\/www.comune.amatrice.rieti.it\/wp-content\/uploads\/2020\/08\/autocertificazione-24-agosto.pdf?fbclid=IwAR1DODJ792Ro4fkn1bqgIL1TfBLCFeklEg8JJZ0iuWP9GbgW8zYI9TDihPs\" target=\"_blank\" rel=\"noopener nofollow noreferrer\" data-ft=\"{&quot;tn&quot;:&quot;-U&quot;}\" data-lynx-mode=\"async\" data-lynx-uri=\"https:\/\/l.facebook.com\/l.php?u=https%3A%2F%2Fwww.comune.amatrice.rieti.it%2Fwp-content%2Fuploads%2F2020%2F08%2Fautocertificazione-24-agosto.pdf%3Ffbclid%3DIwAR1DODJ792Ro4fkn1bqgIL1TfBLCFeklEg8JJZ0iuWP9GbgW8zYI9TDihPs&amp;h=AT1amX5fXGd0huSBabaPyfm3yNcY1J75M3dBv5yWCE_UllyAD0awhuF3C5vT6ZbWL-NSfZUwSUxucNcGBriDhaWKKrah3oE2rehZwHpom1vBxcymE8ap8lU2MNhiff4mjc_Ihc3nZ4847XYDv-2Y5Ce1Xl0cEH2c0J-o3gx3i8v3mg85YCXgoBGMBRzEMOPkeEssLZvYc5xRbdWiSXngNVJKIILYBVVI3Pa4ERMZSLdAtOMZ5Bi7FM9MGS0LlJva3Sg2my1VPB88VgYkzaFccMeS1BTr9dE2CD6K8zO3Hc5yNsB5ZqDNNWtuMgjV0eY1zPdUaTEHchYuGwAGivktBuv0Ixgf7N28d4Tkjcd0THzTy6_ssiaR6dJVC6mc9wbcYeDB_7zl9ybjVmwMwyffO9ajUNQ1CWTDYWM0htOGv-6MdC98KAXv4rpwIhMAFnZX_GqI3Xj08L6NSlMTOZd8A9WzAVZoL7X-r-_tsp0nByh23rxhv0y7QwOyn8SFAVKFo8DAtgi_Y2MUNohS1yEgNGUO_y7NcCYoGl5L9zFBO6Gk_S07ti5Vca2sptPWTkHvLKVuLa7b8EKh0_qRO2ZoubdLOlVrrok5gtPXlivvBlnDEQ24cQCSDkP9OL_T7fS5\">https:\/\/www.comune.amatrice.rieti.it\/\u2026\/autocertificazione-2\u2026<\/a><\/p>\n<p>La Veglia di Preghiera comincer\u00e0 alle 2:30 per culminare alle 3:36 con la lettura dei nomi delle vittime.<br \/>\n-Al termine della celebrazione verranno consegnati ai partecipanti dei lumini da accendere privatamente.<br \/>\n-L\u2019accesso all\u2019area del Monumento alle Vittime del Terremoto, all\u2019interno del parco Don Minozzi, sar\u00e0 libero, ma regolamentato per evitare affollamenti.<\/p>\n<p><span class=\"_5mfr\"><span class=\"_6qdm\">!!!<\/span><\/span>\u00a0Non sono previste tensostrutture si raccomanda un abbigliamento consono alle temperature notturne.<\/p>\n<p>Il momento della Veglia \u00e8 da intendersi come un momento di raccoglimento intimo della Comunit\u00e0 di Amatrice e pertanto non \u00e8 previsto l\u2019accesso della Stampa.<br \/>\n____________________________________________<br \/>\nSanta Messa ore 11.00<\/p>\n<p>-Ingresso massimo 600 persone, l\u2019apertura dell\u2019area \u00e8 prevista per le 9.30, sar\u00e0 necessaria all\u2019ingresso l\u2019autocertificazione.<\/p>\n<p><span class=\"_5mfr\"><span class=\"_6qdm\">&#8211;<\/span><\/span>\u00a0La Santa Messa sar\u00e0 trasmessa in diretta su RAI UNO<\/p>\n<p>-&gt; AUTOCARTIFICAZIONE <a href=\"https:\/\/l.facebook.com\/l.php?u=https%3A%2F%2Fwww.comune.amatrice.rieti.it%2Fwp-content%2Fuploads%2F2020%2F08%2Fautocertificazione-24-agosto.pdf%3Ffbclid%3DIwAR1rDxuQ4A65dDqIFEE5PWa5Z_BobXrNL65GEjG8JUCuZOkHMoJZ44tP87k&amp;h=AT2BQW8sL9D2mhz6IiNNZoqlBA7MhSH9Hqsn8peuDVtsWUN9K9lMba84KnuZCMg8CtqJc_TM_CjXhBYYRBdzVlHwHZva5fKybkwhYbmaJe9XS0wrdZG93i-6HAWLHTcfed_LEjNDsOAvA7Ugx42oYmgTYF1QXvYUzQ6a_CioPXKQN5Vq6CEVMKZJb9XUbq9EAbAOdIZqtfRA-3kApVc_iYUXdybjjXpiL9sHawqx6dfkyI_36i8wn70kv9k_GNRpX7Dckga9gbzTwhnQx6sx-k2gdxeez5rW_nR399Vo86vKfVczOLbONTAqbZJmKONux5eHkRjQF6V9yEJGV1mLlD5vi9qzb1uhiKigtp6OhuHwAtk6Ge-CoYDtvRRun44m7y2bbYC6wwOOvJtMzgzrmI9a48ynTNmFCwkqYVeDM61exc-VzxFcLTMr-CZ7uVkHsdLeeuNUs2UxS7n03qPJ-EGyjyXTPBed8y-A-hjbBVARmpnTthWvNPT3e8XcPq6Cw0a1SCe9z0O2kd5DsERyBMT0k8RNqDcLqBkl50yhmfr-Azx_4VWglwUiryIhtPHsN5-YEJ-Y1GyZ4pWSnDJ4Y4lyKhoCQzm0qlNSz5RmSoT9caR_hWO8-Z1KJpy1qwDQ\" target=\"_blank\" rel=\"noopener nofollow noreferrer\" data-ft=\"{&quot;tn&quot;:&quot;-U&quot;}\" data-lynx-mode=\"async\">https:\/\/www.comune.amatrice.rieti.it\/\u2026\/autocertificazione-2\u2026<\/a><\/p>\n<p><span class=\"_5mfr\"><span class=\"_6qdm\">!!!<\/span><\/span>\u00a0Non sono previste tensostrutture si raccomanda di portare al seguito copricapo per la protezione dal sole ed acqua.<\/p>\n<p>Per i partecipanti alla S. Messa della mattina, considerata la chiusura di tutte le attivit\u00e0, sar\u00e0 a disposizione un punto ristoro con acqua e panini a cura del Comune di Amatrice, della Croce Rossa, della Caritas, della Pro-Loco Amatrice e della ASD Amatrice. Nel campo sportivo non sono previste coperture.<\/p>\n<p>^^^^^^^^^^^^^^^^^^^^^^^^^^^^^^^^^^^^^^^^^^^^^^^^^^^^<br \/>\nVista la situazione nazionale dei contagi da Coronavirus, si invita tutta la popolazione ad un grande senso di responsabilit\u00e0 seguendo poche semplici regole:<br \/>\n\u2022 evitare assembramenti durante le procedure di accesso e di uscita dall\u2019area;<br \/>\n\u2022 presentarsi gi\u00e0 con l\u2019Autocertificazione stampata e compilata (una per evento);<br \/>\n\u2022 evitare di recarsi presso l\u2019area interessata in caso di febbre, tosse o sintomi (anche lievi) di Covid;<br \/>\n\u2022 mantenere sempre il corretto distanziamento sociale;<br \/>\n\u2022 indossare sempre in modo corretto la mascherina.<br \/>\n^^^^^^^^^^^^^^^^^^^^^^^^^^^^^^^^^^^^^^^^^^^^^^^^^^^^<\/p>\n<p>Si ricorda che il 24 Agosto \u00e8, inoltre, dichiarato il Lutto Cittadino per l\u2019intera giornata e saranno chiusi gli Uffici Comunali e tutte le attivit\u00e0 ad eccezione delle Farmacie.<\/p>\n<p><span class=\"_5mfr\"><span class=\"_6qdm\">-&gt;<\/span><\/span>\u00a0AUTOCARTIFICAZIONE\u00a0<a href=\"https:\/\/www.comune.amatrice.rieti.it\/wp-content\/uploads\/2020\/08\/autocertificazione-24-agosto.pdf\" target=\"_blank\" rel=\"noopener nofollow noreferrer\" data-ft=\"{&quot;tn&quot;:&quot;-U&quot;}\" data-lynx-mode=\"async\" data-lynx-uri=\"https:\/\/l.facebook.com\/l.php?u=https%3A%2F%2Fwww.comune.amatrice.rieti.it%2Fwp-content%2Fuploads%2F2020%2F08%2Fautocertificazione-24-agosto.pdf%3Ffbclid%3DIwAR2lyiWkz9sAWRJY5pGqozvWAwl-CX20b1KdnN0QlRF8PYqv-ApoH4MQYbM&amp;h=AT0GMgViZbiXxAiMXN9IsoSnvQNd3qjI9G89H4HYDPo5u1SGC5JnVj7L7XiEhB6uRj6e0uffIsaguoC4p1gOj434inqIY1iD0D1zPRH1U07Mb6ZvibmMU3COzwZhzUPKC3p7ozcSVCWzlCc-KRKuCExtagHRsi03oNDZEmO0UWJhGO0gc1d0SHPGOEyOGFlVsh0lLyxE0CDhPzFYdRxF1PPqKJXgYZYjVpu5mzjnYefLNrblVg_944hmK4Mv1MITYxTsmp7rjSYzc_dowNkt_Ceikxcp_EmVr-vFZIgD9CQVgxcnW-LGqVxX47mptnui_d069dv5frz_3Ovnk6uS24T0F3E5fyikrpYI2ABFcKdc3cpvun25My3nL9J-iMDGt54wOLB2fViGDhzkzZxGA4JbZANjAVC2jdnbJboJET9MPpduqhQ8znYWf-jTSfqggJp_9mMzMRPIBCTbV2mfJ9p_9brTWbtJ7Cd7DkMr8AjTlQUfq5BAjd8YXbdZD2ythsiamxpc_3xHJ3jsVjhgSn5YxwB7GBmfJAumLGmltnO6A0_T6qjxLo6eHBHyMCLmb7YoFOdmrsiuEHZDw-nkhSHr3wAJJXAW6Lr5y3lgrG3K4-iMbdT-5GS4YoOnyut8\">https:\/\/www.comune.amatrice.rieti.it\/\u2026\/autocertificazione-2\u2026<\/a><\/p>\n<\/div>\n","protected":false},"excerpt":{"rendered":"<p>____________________________________________ Veglia Notturna ore 2.30 -La capienza massima ammessa sar\u00e0 di 600 persone con flusso di accesso a partire dalle ore 1.00, scaglionato al fine di evitare assembramenti. AUTOCARTIFICAZIONE https:\/\/www.comune.amatrice.rieti.it\/\u2026\/autocertificazione-2\u2026 [&hellip;]<\/p>\n","protected":false},"author":148,"featured_media":0,"comment_status":"closed","ping_status":"closed","sticky":false,"template":"","format":"standard","meta":{"footnotes":""},"categories":[16],"tags":[],"class_list":["post-2610","post","type-post","status-publish","format-standard","hentry","category-notizie-e-informazioni"],"yoast_head":"<!-- This site is optimized with the Yoast SEO plugin v27.4 - https:\/\/yoast.com\/product\/yoast-seo-wordpress\/ -->\n<title>24 AGOSTO 2020 - Programma delle Celebrazioni\u00a0 - Amatrice<\/title>\n<meta name=\"robots\" content=\"index, follow, max-snippet:-1, max-image-preview:large, max-video-preview:-1\" \/>\n<link rel=\"canonical\" href=\"https:\/\/comunicacity.net\/amatrice\/2020\/08\/23\/24-agosto-2020-programma-delle-celebrazioni\/\" \/>\n<meta property=\"og:locale\" content=\"it_IT\" \/>\n<meta property=\"og:type\" content=\"article\" \/>\n<meta property=\"og:title\" content=\"24 AGOSTO 2020 - Programma delle Celebrazioni\u00a0 - Amatrice\" \/>\n<meta property=\"og:description\" content=\"____________________________________________ Veglia Notturna ore 2.30 -La capienza massima ammessa sar\u00e0 di 600 persone con flusso di accesso a partire dalle ore 1.00, scaglionato al fine di evitare assembramenti. AUTOCARTIFICAZIONE https:\/\/www.comune.amatrice.rieti.it\/\u2026\/autocertificazione-2\u2026 [&hellip;]\" \/>\n<meta property=\"og:url\" content=\"https:\/\/comunicacity.net\/amatrice\/2020\/08\/23\/24-agosto-2020-programma-delle-celebrazioni\/\" \/>\n<meta property=\"og:site_name\" content=\"Amatrice\" \/>\n<meta property=\"article:publisher\" content=\"http:\/\/facebook.com\/ComunicaCity\" \/>\n<meta property=\"article:published_time\" content=\"2020-08-23T10:50:33+00:00\" \/>\n<meta property=\"og:image\" content=\"https:\/\/comunicacity.net\/amatrice\/wp-content\/uploads\/sites\/69\/2020\/08\/lutto-150x150.png\" \/>\n<meta name=\"author\" content=\"Segreteria Amatrice\" \/>\n<meta name=\"twitter:card\" content=\"summary_large_image\" \/>\n<meta name=\"twitter:creator\" content=\"@comunicacity\" \/>\n<meta name=\"twitter:site\" content=\"@comunicacity\" \/>\n<meta name=\"twitter:label1\" content=\"Scritto da\" \/>\n\t<meta name=\"twitter:data1\" content=\"Segreteria Amatrice\" \/>\n\t<meta name=\"twitter:label2\" content=\"Tempo di lettura stimato\" \/>\n\t<meta name=\"twitter:data2\" content=\"2 minuti\" \/>\n<script type=\"application\/ld+json\" class=\"yoast-schema-graph\">{\"@context\":\"https:\\\/\\\/schema.org\",\"@graph\":[{\"@type\":\"Article\",\"@id\":\"https:\\\/\\\/comunicacity.net\\\/amatrice\\\/2020\\\/08\\\/23\\\/24-agosto-2020-programma-delle-celebrazioni\\\/#article\",\"isPartOf\":{\"@id\":\"https:\\\/\\\/comunicacity.net\\\/amatrice\\\/2020\\\/08\\\/23\\\/24-agosto-2020-programma-delle-celebrazioni\\\/\"},\"author\":{\"name\":\"Segreteria Amatrice\",\"@id\":\"https:\\\/\\\/comunicacity.net\\\/amatrice\\\/#\\\/schema\\\/person\\\/215d6f0d94710fcd0375dd9e96e4ea50\"},\"headline\":\"24 AGOSTO 2020 &#8211; Programma delle Celebrazioni\u00a0\",\"datePublished\":\"2020-08-23T10:50:33+00:00\",\"mainEntityOfPage\":{\"@id\":\"https:\\\/\\\/comunicacity.net\\\/amatrice\\\/2020\\\/08\\\/23\\\/24-agosto-2020-programma-delle-celebrazioni\\\/\"},\"wordCount\":348,\"image\":{\"@id\":\"https:\\\/\\\/comunicacity.net\\\/amatrice\\\/2020\\\/08\\\/23\\\/24-agosto-2020-programma-delle-celebrazioni\\\/#primaryimage\"},\"thumbnailUrl\":\"http:\\\/\\\/comunicacity.net\\\/amatrice\\\/wp-content\\\/uploads\\\/sites\\\/69\\\/2020\\\/08\\\/lutto-150x150.png\",\"articleSection\":[\"Notizie e Informazioni\"],\"inLanguage\":\"it-IT\"},{\"@type\":\"WebPage\",\"@id\":\"https:\\\/\\\/comunicacity.net\\\/amatrice\\\/2020\\\/08\\\/23\\\/24-agosto-2020-programma-delle-celebrazioni\\\/\",\"url\":\"https:\\\/\\\/comunicacity.net\\\/amatrice\\\/2020\\\/08\\\/23\\\/24-agosto-2020-programma-delle-celebrazioni\\\/\",\"name\":\"24 AGOSTO 2020 - Programma delle Celebrazioni\u00a0 - Amatrice\",\"isPartOf\":{\"@id\":\"https:\\\/\\\/comunicacity.net\\\/amatrice\\\/#website\"},\"primaryImageOfPage\":{\"@id\":\"https:\\\/\\\/comunicacity.net\\\/amatrice\\\/2020\\\/08\\\/23\\\/24-agosto-2020-programma-delle-celebrazioni\\\/#primaryimage\"},\"image\":{\"@id\":\"https:\\\/\\\/comunicacity.net\\\/amatrice\\\/2020\\\/08\\\/23\\\/24-agosto-2020-programma-delle-celebrazioni\\\/#primaryimage\"},\"thumbnailUrl\":\"http:\\\/\\\/comunicacity.net\\\/amatrice\\\/wp-content\\\/uploads\\\/sites\\\/69\\\/2020\\\/08\\\/lutto-150x150.png\",\"datePublished\":\"2020-08-23T10:50:33+00:00\",\"author\":{\"@id\":\"https:\\\/\\\/comunicacity.net\\\/amatrice\\\/#\\\/schema\\\/person\\\/215d6f0d94710fcd0375dd9e96e4ea50\"},\"breadcrumb\":{\"@id\":\"https:\\\/\\\/comunicacity.net\\\/amatrice\\\/2020\\\/08\\\/23\\\/24-agosto-2020-programma-delle-celebrazioni\\\/#breadcrumb\"},\"inLanguage\":\"it-IT\",\"potentialAction\":[{\"@type\":\"ReadAction\",\"target\":[\"https:\\\/\\\/comunicacity.net\\\/amatrice\\\/2020\\\/08\\\/23\\\/24-agosto-2020-programma-delle-celebrazioni\\\/\"]}]},{\"@type\":\"ImageObject\",\"inLanguage\":\"it-IT\",\"@id\":\"https:\\\/\\\/comunicacity.net\\\/amatrice\\\/2020\\\/08\\\/23\\\/24-agosto-2020-programma-delle-celebrazioni\\\/#primaryimage\",\"url\":\"http:\\\/\\\/comunicacity.net\\\/amatrice\\\/wp-content\\\/uploads\\\/sites\\\/69\\\/2020\\\/08\\\/lutto-150x150.png\",\"contentUrl\":\"http:\\\/\\\/comunicacity.net\\\/amatrice\\\/wp-content\\\/uploads\\\/sites\\\/69\\\/2020\\\/08\\\/lutto-150x150.png\"},{\"@type\":\"BreadcrumbList\",\"@id\":\"https:\\\/\\\/comunicacity.net\\\/amatrice\\\/2020\\\/08\\\/23\\\/24-agosto-2020-programma-delle-celebrazioni\\\/#breadcrumb\",\"itemListElement\":[{\"@type\":\"ListItem\",\"position\":1,\"name\":\"Home\",\"item\":\"https:\\\/\\\/comunicacity.net\\\/amatrice\\\/\"},{\"@type\":\"ListItem\",\"position\":2,\"name\":\"24 AGOSTO 2020 &#8211; Programma delle Celebrazioni\u00a0\"}]},{\"@type\":\"WebSite\",\"@id\":\"https:\\\/\\\/comunicacity.net\\\/amatrice\\\/#website\",\"url\":\"https:\\\/\\\/comunicacity.net\\\/amatrice\\\/\",\"name\":\"Amatrice\",\"description\":\"Ecco un altro sito ComunicaCity\",\"potentialAction\":[{\"@type\":\"SearchAction\",\"target\":{\"@type\":\"EntryPoint\",\"urlTemplate\":\"https:\\\/\\\/comunicacity.net\\\/amatrice\\\/?s={search_term_string}\"},\"query-input\":{\"@type\":\"PropertyValueSpecification\",\"valueRequired\":true,\"valueName\":\"search_term_string\"}}],\"inLanguage\":\"it-IT\"},{\"@type\":\"Person\",\"@id\":\"https:\\\/\\\/comunicacity.net\\\/amatrice\\\/#\\\/schema\\\/person\\\/215d6f0d94710fcd0375dd9e96e4ea50\",\"name\":\"Segreteria Amatrice\",\"image\":{\"@type\":\"ImageObject\",\"inLanguage\":\"it-IT\",\"@id\":\"https:\\\/\\\/secure.gravatar.com\\\/avatar\\\/18db79c8cde836be6cb70e50b711455573733a42f83433b1cbec3d59ea52aff2?s=96&d=mm&r=g\",\"url\":\"https:\\\/\\\/secure.gravatar.com\\\/avatar\\\/18db79c8cde836be6cb70e50b711455573733a42f83433b1cbec3d59ea52aff2?s=96&d=mm&r=g\",\"contentUrl\":\"https:\\\/\\\/secure.gravatar.com\\\/avatar\\\/18db79c8cde836be6cb70e50b711455573733a42f83433b1cbec3d59ea52aff2?s=96&d=mm&r=g\",\"caption\":\"Segreteria Amatrice\"},\"url\":\"https:\\\/\\\/comunicacity.net\\\/amatrice\\\/author\\\/segreteriaamatrice\\\/\"}]}<\/script>\n<!-- \/ Yoast SEO plugin. -->","yoast_head_json":{"title":"24 AGOSTO 2020 - Programma delle Celebrazioni\u00a0 - Amatrice","robots":{"index":"index","follow":"follow","max-snippet":"max-snippet:-1","max-image-preview":"max-image-preview:large","max-video-preview":"max-video-preview:-1"},"canonical":"https:\/\/comunicacity.net\/amatrice\/2020\/08\/23\/24-agosto-2020-programma-delle-celebrazioni\/","og_locale":"it_IT","og_type":"article","og_title":"24 AGOSTO 2020 - Programma delle Celebrazioni\u00a0 - Amatrice","og_description":"____________________________________________ Veglia Notturna ore 2.30 -La capienza massima ammessa sar\u00e0 di 600 persone con flusso di accesso a partire dalle ore 1.00, scaglionato al fine di evitare assembramenti. AUTOCARTIFICAZIONE https:\/\/www.comune.amatrice.rieti.it\/\u2026\/autocertificazione-2\u2026 [&hellip;]","og_url":"https:\/\/comunicacity.net\/amatrice\/2020\/08\/23\/24-agosto-2020-programma-delle-celebrazioni\/","og_site_name":"Amatrice","article_publisher":"http:\/\/facebook.com\/ComunicaCity","article_published_time":"2020-08-23T10:50:33+00:00","og_image":[{"url":"https:\/\/comunicacity.net\/amatrice\/wp-content\/uploads\/sites\/69\/2020\/08\/lutto-150x150.png","type":"","width":"","height":""}],"author":"Segreteria Amatrice","twitter_card":"summary_large_image","twitter_creator":"@comunicacity","twitter_site":"@comunicacity","twitter_misc":{"Scritto da":"Segreteria Amatrice","Tempo di lettura stimato":"2 minuti"},"schema":{"@context":"https:\/\/schema.org","@graph":[{"@type":"Article","@id":"https:\/\/comunicacity.net\/amatrice\/2020\/08\/23\/24-agosto-2020-programma-delle-celebrazioni\/#article","isPartOf":{"@id":"https:\/\/comunicacity.net\/amatrice\/2020\/08\/23\/24-agosto-2020-programma-delle-celebrazioni\/"},"author":{"name":"Segreteria Amatrice","@id":"https:\/\/comunicacity.net\/amatrice\/#\/schema\/person\/215d6f0d94710fcd0375dd9e96e4ea50"},"headline":"24 AGOSTO 2020 &#8211; Programma delle Celebrazioni\u00a0","datePublished":"2020-08-23T10:50:33+00:00","mainEntityOfPage":{"@id":"https:\/\/comunicacity.net\/amatrice\/2020\/08\/23\/24-agosto-2020-programma-delle-celebrazioni\/"},"wordCount":348,"image":{"@id":"https:\/\/comunicacity.net\/amatrice\/2020\/08\/23\/24-agosto-2020-programma-delle-celebrazioni\/#primaryimage"},"thumbnailUrl":"https:\/\/comunicacity.net\/amatrice\/wp-content\/uploads\/sites\/69\/2020\/08\/lutto-150x150.png","articleSection":["Notizie e Informazioni"],"inLanguage":"it-IT"},{"@type":"WebPage","@id":"https:\/\/comunicacity.net\/amatrice\/2020\/08\/23\/24-agosto-2020-programma-delle-celebrazioni\/","url":"https:\/\/comunicacity.net\/amatrice\/2020\/08\/23\/24-agosto-2020-programma-delle-celebrazioni\/","name":"24 AGOSTO 2020 - Programma delle Celebrazioni\u00a0 - Amatrice","isPartOf":{"@id":"https:\/\/comunicacity.net\/amatrice\/#website"},"primaryImageOfPage":{"@id":"https:\/\/comunicacity.net\/amatrice\/2020\/08\/23\/24-agosto-2020-programma-delle-celebrazioni\/#primaryimage"},"image":{"@id":"https:\/\/comunicacity.net\/amatrice\/2020\/08\/23\/24-agosto-2020-programma-delle-celebrazioni\/#primaryimage"},"thumbnailUrl":"https:\/\/comunicacity.net\/amatrice\/wp-content\/uploads\/sites\/69\/2020\/08\/lutto-150x150.png","datePublished":"2020-08-23T10:50:33+00:00","author":{"@id":"https:\/\/comunicacity.net\/amatrice\/#\/schema\/person\/215d6f0d94710fcd0375dd9e96e4ea50"},"breadcrumb":{"@id":"https:\/\/comunicacity.net\/amatrice\/2020\/08\/23\/24-agosto-2020-programma-delle-celebrazioni\/#breadcrumb"},"inLanguage":"it-IT","potentialAction":[{"@type":"ReadAction","target":["https:\/\/comunicacity.net\/amatrice\/2020\/08\/23\/24-agosto-2020-programma-delle-celebrazioni\/"]}]},{"@type":"ImageObject","inLanguage":"it-IT","@id":"https:\/\/comunicacity.net\/amatrice\/2020\/08\/23\/24-agosto-2020-programma-delle-celebrazioni\/#primaryimage","url":"https:\/\/comunicacity.net\/amatrice\/wp-content\/uploads\/sites\/69\/2020\/08\/lutto-150x150.png","contentUrl":"https:\/\/comunicacity.net\/amatrice\/wp-content\/uploads\/sites\/69\/2020\/08\/lutto-150x150.png"},{"@type":"BreadcrumbList","@id":"https:\/\/comunicacity.net\/amatrice\/2020\/08\/23\/24-agosto-2020-programma-delle-celebrazioni\/#breadcrumb","itemListElement":[{"@type":"ListItem","position":1,"name":"Home","item":"https:\/\/comunicacity.net\/amatrice\/"},{"@type":"ListItem","position":2,"name":"24 AGOSTO 2020 &#8211; Programma delle Celebrazioni\u00a0"}]},{"@type":"WebSite","@id":"https:\/\/comunicacity.net\/amatrice\/#website","url":"https:\/\/comunicacity.net\/amatrice\/","name":"Amatrice","description":"Ecco un altro sito ComunicaCity","potentialAction":[{"@type":"SearchAction","target":{"@type":"EntryPoint","urlTemplate":"https:\/\/comunicacity.net\/amatrice\/?s={search_term_string}"},"query-input":{"@type":"PropertyValueSpecification","valueRequired":true,"valueName":"search_term_string"}}],"inLanguage":"it-IT"},{"@type":"Person","@id":"https:\/\/comunicacity.net\/amatrice\/#\/schema\/person\/215d6f0d94710fcd0375dd9e96e4ea50","name":"Segreteria Amatrice","image":{"@type":"ImageObject","inLanguage":"it-IT","@id":"https:\/\/secure.gravatar.com\/avatar\/18db79c8cde836be6cb70e50b711455573733a42f83433b1cbec3d59ea52aff2?s=96&d=mm&r=g","url":"https:\/\/secure.gravatar.com\/avatar\/18db79c8cde836be6cb70e50b711455573733a42f83433b1cbec3d59ea52aff2?s=96&d=mm&r=g","contentUrl":"https:\/\/secure.gravatar.com\/avatar\/18db79c8cde836be6cb70e50b711455573733a42f83433b1cbec3d59ea52aff2?s=96&d=mm&r=g","caption":"Segreteria Amatrice"},"url":"https:\/\/comunicacity.net\/amatrice\/author\/segreteriaamatrice\/"}]}},"meta_box":{"cc4_urg_colore":"","cc4_urg_data_inizio":"","cc4_urg_data_fine":"","cc4_cor_positivi_oggi":"","cc4_cor_negativizzati_oggi":"","cc4_cor_deceduti_oggi":"","cc4_cor_positivi_totali":"","cc4_cor_negativizzati_totali":"","cc4_cor_deceduti_totali":"","cc4_cor_attualmente_positivi":"","cc4_eve_data_inizio":"","cc4_eve_data_fine":"","cc4_eve_indirizzo":"","cc4_eve_posizione":{"latitude":"","longitude":"","zoom":""},"cc4_eve_telefono":"","cc4_eve_email":"","cc4_eve_web":"","cc4_eve_fb":"","sitopa_id":""},"_links":{"self":[{"href":"https:\/\/comunicacity.net\/amatrice\/wp-json\/wp\/v2\/posts\/2610","targetHints":{"allow":["GET"]}}],"collection":[{"href":"https:\/\/comunicacity.net\/amatrice\/wp-json\/wp\/v2\/posts"}],"about":[{"href":"https:\/\/comunicacity.net\/amatrice\/wp-json\/wp\/v2\/types\/post"}],"author":[{"embeddable":true,"href":"https:\/\/comunicacity.net\/amatrice\/wp-json\/wp\/v2\/users\/148"}],"replies":[{"embeddable":true,"href":"https:\/\/comunicacity.net\/amatrice\/wp-json\/wp\/v2\/comments?post=2610"}],"version-history":[{"count":1,"href":"https:\/\/comunicacity.net\/amatrice\/wp-json\/wp\/v2\/posts\/2610\/revisions"}],"predecessor-version":[{"id":2612,"href":"https:\/\/comunicacity.net\/amatrice\/wp-json\/wp\/v2\/posts\/2610\/revisions\/2612"}],"wp:attachment":[{"href":"https:\/\/comunicacity.net\/amatrice\/wp-json\/wp\/v2\/media?parent=2610"}],"wp:term":[{"taxonomy":"category","embeddable":true,"href":"https:\/\/comunicacity.net\/amatrice\/wp-json\/wp\/v2\/categories?post=2610"},{"taxonomy":"post_tag","embeddable":true,"href":"https:\/\/comunicacity.net\/amatrice\/wp-json\/wp\/v2\/tags?post=2610"}],"curies":[{"name":"wp","href":"https:\/\/api.w.org\/{rel}","templated":true}]}}