{"id":1638,"date":"2021-09-09T10:23:22","date_gmt":"2021-09-09T08:23:22","guid":{"rendered":"https:\/\/comunicacity.net\/aquino\/?p=1638"},"modified":"2021-09-09T10:23:22","modified_gmt":"2021-09-09T08:23:22","slug":"inaugurazione-nuovo-anno-scolastico","status":"publish","type":"post","link":"https:\/\/comunicacity.net\/aquino\/2021\/09\/09\/inaugurazione-nuovo-anno-scolastico\/","title":{"rendered":"Inaugurazione nuovo anno scolastico"},"content":{"rendered":"<p>Il Sindaco <strong>Libero Mazzaroppi<\/strong> e l&#8217;Assessore all&#8217;istruzione <strong>Rossella Di Nardi<\/strong>, inaugurano il nuovo anno scolastico.<\/p>\n<p>&#8220;Dirigente Scolastica, Docenti, personale ATA, famiglie e studenti: vogliamo iniziare il nuovo Anno Scolastico con questo appello, al quale noi per primi rispondiamo \u201cpresente\u201d, auspicando di essere prontamente seguiti dalla vostra preziosa collaborazione.\u00a0Il percorso che ci aspetta, infatti, coinvolge ognuno di noi e ci chiama tutti alla responsabilit\u00e0 di contribuire alla crescita, alla formazione, al benessere di bambini e ragazzi di questa Citt\u00e0.\u00a0Ai vostri progetti, ai vostri obiettivi, alle vostre ambizioni, ai vostri sacrifici non mancheranno il nostro impegno e la nostra presenza, perch\u00e9 l\u2019istruzione e l\u2019educazione degli studenti sono al vertice delle priorit\u00e0 della nostra azione amministrativa.<\/p>\n<p>Questa scuola si \u00e8 sempre distinta nel territorio per competenza, efficienza ed accoglienza, risultati di un lavoro collettivo eccellente, costante ed ambizioso: collaboriamo ancora perch\u00e9 il nostro Istituto sia ispirato agli imprescindibili principi di uguaglianza e di solidariet\u00e0. Lavoriamo insieme\u00a0perch\u00e9 i nostri ragazzi crescano in un ambiente sereno e funzionale, attento alle loro esigenze, sensibile anche a tematiche, sogni, disagi, problemi, che spesso emergono oltre le pagine di un libro.\u00a0Se ogni inizio \u00e8 il tempo degli obiettivi, delle aspettative, dei buoni propositi, vi salutiamo confessandovi i nostri, giacch\u00e9 stiamo iniziando con voi questo Anno Scolastico: quello che\u00a0desideriamo per i nostri studenti \u00e8 una crescita serena, una curiosit\u00e0 vivace, sani stimoli per la loro intelligenza e carezze sulla loro sensibilit\u00e0, che siano orgogliosi dell\u2019impegno di quanti lavorano per il loro bene e di una scuola che insegna con gli strumenti della dolcezza, della dedizione, della seriet\u00e0.&#8221;<\/p>\n<p>Buon Anno Scolastico a tutti voi!<\/p>\n","protected":false},"excerpt":{"rendered":"<p>Il Sindaco Libero Mazzaroppi e l&#8217;Assessore all&#8217;istruzione Rossella Di Nardi, inaugurano il nuovo anno scolastico. &#8220;Dirigente Scolastica, Docenti, personale ATA, famiglie e studenti: vogliamo iniziare il nuovo Anno Scolastico con [&hellip;]<\/p>\n","protected":false},"author":248,"featured_media":1639,"comment_status":"closed","ping_status":"closed","sticky":false,"template":"","format":"standard","meta":{"footnotes":""},"categories":[20],"tags":[],"class_list":["post-1638","post","type-post","status-publish","format-standard","has-post-thumbnail","hentry","category-scuola"],"yoast_head":"<!-- This site is optimized with the Yoast SEO plugin v27.4 - https:\/\/yoast.com\/product\/yoast-seo-wordpress\/ -->\n<title>Inaugurazione nuovo anno scolastico - Aquino<\/title>\n<meta name=\"robots\" content=\"index, follow, max-snippet:-1, max-image-preview:large, max-video-preview:-1\" \/>\n<link rel=\"canonical\" href=\"https:\/\/comunicacity.net\/aquino\/2021\/09\/09\/inaugurazione-nuovo-anno-scolastico\/\" \/>\n<meta property=\"og:locale\" content=\"it_IT\" \/>\n<meta property=\"og:type\" content=\"article\" \/>\n<meta property=\"og:title\" content=\"Inaugurazione nuovo anno scolastico - Aquino\" \/>\n<meta property=\"og:description\" content=\"Il Sindaco Libero Mazzaroppi e l&#8217;Assessore all&#8217;istruzione Rossella Di Nardi, inaugurano il nuovo anno scolastico. &#8220;Dirigente Scolastica, Docenti, personale ATA, famiglie e studenti: vogliamo iniziare il nuovo Anno Scolastico con [&hellip;]\" \/>\n<meta property=\"og:url\" content=\"https:\/\/comunicacity.net\/aquino\/2021\/09\/09\/inaugurazione-nuovo-anno-scolastico\/\" \/>\n<meta property=\"og:site_name\" content=\"Aquino\" \/>\n<meta property=\"article:publisher\" content=\"http:\/\/facebook.com\/ComunicaCity\" \/>\n<meta property=\"article:published_time\" content=\"2021-09-09T08:23:22+00:00\" \/>\n<meta property=\"og:image\" content=\"https:\/\/comunicacity.net\/aquino\/wp-content\/uploads\/sites\/41\/2021\/09\/1631173209747.jpg\" \/>\n\t<meta property=\"og:image:width\" content=\"1777\" \/>\n\t<meta property=\"og:image:height\" content=\"1134\" \/>\n\t<meta property=\"og:image:type\" content=\"image\/jpeg\" \/>\n<meta name=\"author\" content=\"aquino\" \/>\n<meta name=\"twitter:card\" content=\"summary_large_image\" \/>\n<meta name=\"twitter:creator\" content=\"@comunicacity\" \/>\n<meta name=\"twitter:site\" content=\"@comunicacity\" \/>\n<meta name=\"twitter:label1\" content=\"Scritto da\" \/>\n\t<meta name=\"twitter:data1\" content=\"aquino\" \/>\n\t<meta name=\"twitter:label2\" content=\"Tempo di lettura stimato\" \/>\n\t<meta name=\"twitter:data2\" content=\"1 minuto\" \/>\n<script type=\"application\/ld+json\" class=\"yoast-schema-graph\">{\"@context\":\"https:\\\/\\\/schema.org\",\"@graph\":[{\"@type\":\"Article\",\"@id\":\"https:\\\/\\\/comunicacity.net\\\/aquino\\\/2021\\\/09\\\/09\\\/inaugurazione-nuovo-anno-scolastico\\\/#article\",\"isPartOf\":{\"@id\":\"https:\\\/\\\/comunicacity.net\\\/aquino\\\/2021\\\/09\\\/09\\\/inaugurazione-nuovo-anno-scolastico\\\/\"},\"author\":{\"name\":\"aquino\",\"@id\":\"https:\\\/\\\/comunicacity.net\\\/aquino\\\/#\\\/schema\\\/person\\\/e3e852b37d3ce60420c3c7ae9a53f590\"},\"headline\":\"Inaugurazione nuovo anno scolastico\",\"datePublished\":\"2021-09-09T08:23:22+00:00\",\"mainEntityOfPage\":{\"@id\":\"https:\\\/\\\/comunicacity.net\\\/aquino\\\/2021\\\/09\\\/09\\\/inaugurazione-nuovo-anno-scolastico\\\/\"},\"wordCount\":273,\"image\":{\"@id\":\"https:\\\/\\\/comunicacity.net\\\/aquino\\\/2021\\\/09\\\/09\\\/inaugurazione-nuovo-anno-scolastico\\\/#primaryimage\"},\"thumbnailUrl\":\"https:\\\/\\\/comunicacity.net\\\/aquino\\\/wp-content\\\/uploads\\\/sites\\\/41\\\/2021\\\/09\\\/1631173209747.jpg\",\"articleSection\":[\"Scuola\"],\"inLanguage\":\"it-IT\"},{\"@type\":\"WebPage\",\"@id\":\"https:\\\/\\\/comunicacity.net\\\/aquino\\\/2021\\\/09\\\/09\\\/inaugurazione-nuovo-anno-scolastico\\\/\",\"url\":\"https:\\\/\\\/comunicacity.net\\\/aquino\\\/2021\\\/09\\\/09\\\/inaugurazione-nuovo-anno-scolastico\\\/\",\"name\":\"Inaugurazione nuovo anno scolastico - Aquino\",\"isPartOf\":{\"@id\":\"https:\\\/\\\/comunicacity.net\\\/aquino\\\/#website\"},\"primaryImageOfPage\":{\"@id\":\"https:\\\/\\\/comunicacity.net\\\/aquino\\\/2021\\\/09\\\/09\\\/inaugurazione-nuovo-anno-scolastico\\\/#primaryimage\"},\"image\":{\"@id\":\"https:\\\/\\\/comunicacity.net\\\/aquino\\\/2021\\\/09\\\/09\\\/inaugurazione-nuovo-anno-scolastico\\\/#primaryimage\"},\"thumbnailUrl\":\"https:\\\/\\\/comunicacity.net\\\/aquino\\\/wp-content\\\/uploads\\\/sites\\\/41\\\/2021\\\/09\\\/1631173209747.jpg\",\"datePublished\":\"2021-09-09T08:23:22+00:00\",\"author\":{\"@id\":\"https:\\\/\\\/comunicacity.net\\\/aquino\\\/#\\\/schema\\\/person\\\/e3e852b37d3ce60420c3c7ae9a53f590\"},\"breadcrumb\":{\"@id\":\"https:\\\/\\\/comunicacity.net\\\/aquino\\\/2021\\\/09\\\/09\\\/inaugurazione-nuovo-anno-scolastico\\\/#breadcrumb\"},\"inLanguage\":\"it-IT\",\"potentialAction\":[{\"@type\":\"ReadAction\",\"target\":[\"https:\\\/\\\/comunicacity.net\\\/aquino\\\/2021\\\/09\\\/09\\\/inaugurazione-nuovo-anno-scolastico\\\/\"]}]},{\"@type\":\"ImageObject\",\"inLanguage\":\"it-IT\",\"@id\":\"https:\\\/\\\/comunicacity.net\\\/aquino\\\/2021\\\/09\\\/09\\\/inaugurazione-nuovo-anno-scolastico\\\/#primaryimage\",\"url\":\"https:\\\/\\\/comunicacity.net\\\/aquino\\\/wp-content\\\/uploads\\\/sites\\\/41\\\/2021\\\/09\\\/1631173209747.jpg\",\"contentUrl\":\"https:\\\/\\\/comunicacity.net\\\/aquino\\\/wp-content\\\/uploads\\\/sites\\\/41\\\/2021\\\/09\\\/1631173209747.jpg\",\"width\":1777,\"height\":1134},{\"@type\":\"BreadcrumbList\",\"@id\":\"https:\\\/\\\/comunicacity.net\\\/aquino\\\/2021\\\/09\\\/09\\\/inaugurazione-nuovo-anno-scolastico\\\/#breadcrumb\",\"itemListElement\":[{\"@type\":\"ListItem\",\"position\":1,\"name\":\"Home\",\"item\":\"https:\\\/\\\/comunicacity.net\\\/aquino\\\/\"},{\"@type\":\"ListItem\",\"position\":2,\"name\":\"Inaugurazione nuovo anno scolastico\"}]},{\"@type\":\"WebSite\",\"@id\":\"https:\\\/\\\/comunicacity.net\\\/aquino\\\/#website\",\"url\":\"https:\\\/\\\/comunicacity.net\\\/aquino\\\/\",\"name\":\"Aquino\",\"description\":\"Ecco un altro sito ComunicaCity\",\"potentialAction\":[{\"@type\":\"SearchAction\",\"target\":{\"@type\":\"EntryPoint\",\"urlTemplate\":\"https:\\\/\\\/comunicacity.net\\\/aquino\\\/?s={search_term_string}\"},\"query-input\":{\"@type\":\"PropertyValueSpecification\",\"valueRequired\":true,\"valueName\":\"search_term_string\"}}],\"inLanguage\":\"it-IT\"},{\"@type\":\"Person\",\"@id\":\"https:\\\/\\\/comunicacity.net\\\/aquino\\\/#\\\/schema\\\/person\\\/e3e852b37d3ce60420c3c7ae9a53f590\",\"name\":\"aquino\",\"image\":{\"@type\":\"ImageObject\",\"inLanguage\":\"it-IT\",\"@id\":\"https:\\\/\\\/secure.gravatar.com\\\/avatar\\\/ba719a8d79e65e4e71b68983752009483c3f0830c07f656da5511e73ea37178a?s=96&d=mm&r=g\",\"url\":\"https:\\\/\\\/secure.gravatar.com\\\/avatar\\\/ba719a8d79e65e4e71b68983752009483c3f0830c07f656da5511e73ea37178a?s=96&d=mm&r=g\",\"contentUrl\":\"https:\\\/\\\/secure.gravatar.com\\\/avatar\\\/ba719a8d79e65e4e71b68983752009483c3f0830c07f656da5511e73ea37178a?s=96&d=mm&r=g\",\"caption\":\"aquino\"},\"url\":\"https:\\\/\\\/comunicacity.net\\\/aquino\\\/author\\\/aquino\\\/\"}]}<\/script>\n<!-- \/ Yoast SEO plugin. -->","yoast_head_json":{"title":"Inaugurazione nuovo anno scolastico - Aquino","robots":{"index":"index","follow":"follow","max-snippet":"max-snippet:-1","max-image-preview":"max-image-preview:large","max-video-preview":"max-video-preview:-1"},"canonical":"https:\/\/comunicacity.net\/aquino\/2021\/09\/09\/inaugurazione-nuovo-anno-scolastico\/","og_locale":"it_IT","og_type":"article","og_title":"Inaugurazione nuovo anno scolastico - Aquino","og_description":"Il Sindaco Libero Mazzaroppi e l&#8217;Assessore all&#8217;istruzione Rossella Di Nardi, inaugurano il nuovo anno scolastico. &#8220;Dirigente Scolastica, Docenti, personale ATA, famiglie e studenti: vogliamo iniziare il nuovo Anno Scolastico con [&hellip;]","og_url":"https:\/\/comunicacity.net\/aquino\/2021\/09\/09\/inaugurazione-nuovo-anno-scolastico\/","og_site_name":"Aquino","article_publisher":"http:\/\/facebook.com\/ComunicaCity","article_published_time":"2021-09-09T08:23:22+00:00","og_image":[{"width":1777,"height":1134,"url":"https:\/\/comunicacity.net\/aquino\/wp-content\/uploads\/sites\/41\/2021\/09\/1631173209747.jpg","type":"image\/jpeg"}],"author":"aquino","twitter_card":"summary_large_image","twitter_creator":"@comunicacity","twitter_site":"@comunicacity","twitter_misc":{"Scritto da":"aquino","Tempo di lettura stimato":"1 minuto"},"schema":{"@context":"https:\/\/schema.org","@graph":[{"@type":"Article","@id":"https:\/\/comunicacity.net\/aquino\/2021\/09\/09\/inaugurazione-nuovo-anno-scolastico\/#article","isPartOf":{"@id":"https:\/\/comunicacity.net\/aquino\/2021\/09\/09\/inaugurazione-nuovo-anno-scolastico\/"},"author":{"name":"aquino","@id":"https:\/\/comunicacity.net\/aquino\/#\/schema\/person\/e3e852b37d3ce60420c3c7ae9a53f590"},"headline":"Inaugurazione nuovo anno scolastico","datePublished":"2021-09-09T08:23:22+00:00","mainEntityOfPage":{"@id":"https:\/\/comunicacity.net\/aquino\/2021\/09\/09\/inaugurazione-nuovo-anno-scolastico\/"},"wordCount":273,"image":{"@id":"https:\/\/comunicacity.net\/aquino\/2021\/09\/09\/inaugurazione-nuovo-anno-scolastico\/#primaryimage"},"thumbnailUrl":"https:\/\/comunicacity.net\/aquino\/wp-content\/uploads\/sites\/41\/2021\/09\/1631173209747.jpg","articleSection":["Scuola"],"inLanguage":"it-IT"},{"@type":"WebPage","@id":"https:\/\/comunicacity.net\/aquino\/2021\/09\/09\/inaugurazione-nuovo-anno-scolastico\/","url":"https:\/\/comunicacity.net\/aquino\/2021\/09\/09\/inaugurazione-nuovo-anno-scolastico\/","name":"Inaugurazione nuovo anno scolastico - Aquino","isPartOf":{"@id":"https:\/\/comunicacity.net\/aquino\/#website"},"primaryImageOfPage":{"@id":"https:\/\/comunicacity.net\/aquino\/2021\/09\/09\/inaugurazione-nuovo-anno-scolastico\/#primaryimage"},"image":{"@id":"https:\/\/comunicacity.net\/aquino\/2021\/09\/09\/inaugurazione-nuovo-anno-scolastico\/#primaryimage"},"thumbnailUrl":"https:\/\/comunicacity.net\/aquino\/wp-content\/uploads\/sites\/41\/2021\/09\/1631173209747.jpg","datePublished":"2021-09-09T08:23:22+00:00","author":{"@id":"https:\/\/comunicacity.net\/aquino\/#\/schema\/person\/e3e852b37d3ce60420c3c7ae9a53f590"},"breadcrumb":{"@id":"https:\/\/comunicacity.net\/aquino\/2021\/09\/09\/inaugurazione-nuovo-anno-scolastico\/#breadcrumb"},"inLanguage":"it-IT","potentialAction":[{"@type":"ReadAction","target":["https:\/\/comunicacity.net\/aquino\/2021\/09\/09\/inaugurazione-nuovo-anno-scolastico\/"]}]},{"@type":"ImageObject","inLanguage":"it-IT","@id":"https:\/\/comunicacity.net\/aquino\/2021\/09\/09\/inaugurazione-nuovo-anno-scolastico\/#primaryimage","url":"https:\/\/comunicacity.net\/aquino\/wp-content\/uploads\/sites\/41\/2021\/09\/1631173209747.jpg","contentUrl":"https:\/\/comunicacity.net\/aquino\/wp-content\/uploads\/sites\/41\/2021\/09\/1631173209747.jpg","width":1777,"height":1134},{"@type":"BreadcrumbList","@id":"https:\/\/comunicacity.net\/aquino\/2021\/09\/09\/inaugurazione-nuovo-anno-scolastico\/#breadcrumb","itemListElement":[{"@type":"ListItem","position":1,"name":"Home","item":"https:\/\/comunicacity.net\/aquino\/"},{"@type":"ListItem","position":2,"name":"Inaugurazione nuovo anno scolastico"}]},{"@type":"WebSite","@id":"https:\/\/comunicacity.net\/aquino\/#website","url":"https:\/\/comunicacity.net\/aquino\/","name":"Aquino","description":"Ecco un altro sito ComunicaCity","potentialAction":[{"@type":"SearchAction","target":{"@type":"EntryPoint","urlTemplate":"https:\/\/comunicacity.net\/aquino\/?s={search_term_string}"},"query-input":{"@type":"PropertyValueSpecification","valueRequired":true,"valueName":"search_term_string"}}],"inLanguage":"it-IT"},{"@type":"Person","@id":"https:\/\/comunicacity.net\/aquino\/#\/schema\/person\/e3e852b37d3ce60420c3c7ae9a53f590","name":"aquino","image":{"@type":"ImageObject","inLanguage":"it-IT","@id":"https:\/\/secure.gravatar.com\/avatar\/ba719a8d79e65e4e71b68983752009483c3f0830c07f656da5511e73ea37178a?s=96&d=mm&r=g","url":"https:\/\/secure.gravatar.com\/avatar\/ba719a8d79e65e4e71b68983752009483c3f0830c07f656da5511e73ea37178a?s=96&d=mm&r=g","contentUrl":"https:\/\/secure.gravatar.com\/avatar\/ba719a8d79e65e4e71b68983752009483c3f0830c07f656da5511e73ea37178a?s=96&d=mm&r=g","caption":"aquino"},"url":"https:\/\/comunicacity.net\/aquino\/author\/aquino\/"}]}},"meta_box":{"cc4_urg_colore":"rosso","cc4_urg_data_inizio":"","cc4_urg_data_fine":"","cc4_cor_positivi_oggi":"","cc4_cor_negativizzati_oggi":"","cc4_cor_deceduti_oggi":"","cc4_cor_positivi_totali":"","cc4_cor_negativizzati_totali":"","cc4_cor_deceduti_totali":"","cc4_cor_attualmente_positivi":"","cc4_eve_data_inizio":"","cc4_eve_data_fine":"","cc4_eve_indirizzo":"","cc4_eve_posizione":{"latitude":"0","longitude":"0","zoom":"0"},"cc4_eve_telefono":"","cc4_eve_email":"","cc4_eve_web":"","cc4_eve_fb":"","sitopa_id":""},"_links":{"self":[{"href":"https:\/\/comunicacity.net\/aquino\/wp-json\/wp\/v2\/posts\/1638","targetHints":{"allow":["GET"]}}],"collection":[{"href":"https:\/\/comunicacity.net\/aquino\/wp-json\/wp\/v2\/posts"}],"about":[{"href":"https:\/\/comunicacity.net\/aquino\/wp-json\/wp\/v2\/types\/post"}],"author":[{"embeddable":true,"href":"https:\/\/comunicacity.net\/aquino\/wp-json\/wp\/v2\/users\/248"}],"replies":[{"embeddable":true,"href":"https:\/\/comunicacity.net\/aquino\/wp-json\/wp\/v2\/comments?post=1638"}],"version-history":[{"count":1,"href":"https:\/\/comunicacity.net\/aquino\/wp-json\/wp\/v2\/posts\/1638\/revisions"}],"predecessor-version":[{"id":1640,"href":"https:\/\/comunicacity.net\/aquino\/wp-json\/wp\/v2\/posts\/1638\/revisions\/1640"}],"wp:featuredmedia":[{"embeddable":true,"href":"https:\/\/comunicacity.net\/aquino\/wp-json\/wp\/v2\/media\/1639"}],"wp:attachment":[{"href":"https:\/\/comunicacity.net\/aquino\/wp-json\/wp\/v2\/media?parent=1638"}],"wp:term":[{"taxonomy":"category","embeddable":true,"href":"https:\/\/comunicacity.net\/aquino\/wp-json\/wp\/v2\/categories?post=1638"},{"taxonomy":"post_tag","embeddable":true,"href":"https:\/\/comunicacity.net\/aquino\/wp-json\/wp\/v2\/tags?post=1638"}],"curies":[{"name":"wp","href":"https:\/\/api.w.org\/{rel}","templated":true}]}}