{"id":288,"date":"2017-01-01T19:13:41","date_gmt":"2017-01-01T18:13:41","guid":{"rendered":"https:\/\/comunicacity.net\/aquino\/?p=288"},"modified":"2017-01-01T19:13:41","modified_gmt":"2017-01-01T18:13:41","slug":"comune-di-aquino-il-saluto-di-fine-anno-del-sindaco-libero-mazzaroppi","status":"publish","type":"post","link":"https:\/\/comunicacity.net\/aquino\/2017\/01\/01\/comune-di-aquino-il-saluto-di-fine-anno-del-sindaco-libero-mazzaroppi\/","title":{"rendered":"Comune di Aquino: Il saluto di fine anno del Sindaco Libero Mazzaroppi."},"content":{"rendered":"<p>Care concittadine e cari concittadini,<\/p>\n<p style=\"text-align: justify\">nell\u2019imminenza della fine dell\u2019anno, mi \u00e8 cosa particolarmente gradita\u00a0 rivolgere a tutti voi un caloroso e affettuoso augurio per il nuovo anno che ci attende.<\/p>\n<p style=\"text-align: justify\">Il 2016 \u00e8 stato un anno\u00a0 denso di impegni gravosi\u00a0 che io e la mia amministrazione abbiamo assolto con grande spirito di servizio e notevole senso di abnegazione.<\/p>\n<p style=\"text-align: justify\">Sono lieto di registrare, all\u2019interno dell\u2019assise comunale, il protrarsi di un clima costruttivo e corretto auspicato sin dal mio primo insediamento, lasciandoci alle spalle i rapporti pregiudizialmente conflittuali che hanno caratterizzato la passata consiliatura. La vita democratica trova il suo fondamento nella dialettica delle idee e delle convinzioni, che non deve mai trasformarsi in contrasto aprioristico lesivo del perseguimento del bene comune verso il quale tutti, maggioranza e opposizione, ognuno nel rispetto del proprio ruolo e della propria funzione, devono tendere.<\/p>\n<p style=\"text-align: justify\">In ogni circostanza della vita e della gestione della cosa pubblica, l\u2019esistenza di un clima sereno e il dispiegarsi di un rapporto costruttivo tra le parti mi hanno aiutato ad essere, nel senso pi\u00f9 genuino e vero della parola, il Sindaco di tutti.<\/p>\n<p style=\"text-align: justify\">Anche se quasi tutti i Comuni d\u2019Italia si dibattono in difficilissime situazioni finanziarie, che talvolta rendono instabile e precario il cammino delle amministrazioni,\u00a0 posso orgogliosamente affermare che l\u2019azione politico-amministrativa della compagine che ho il privilegio di guidare, che si \u00e8 svolta in perfetta e feconda sintonia con gli enti intermedi e sovraordinati, ha assicurato alla nostra comunit\u00e0 sviluppo economico, sostegno solidale e una ricca offerta culturale, creando i presupposti per poter affrontare il futuro prossimo con ragionevole e ponderata fiducia.<\/p>\n<p style=\"text-align: justify\">Il lusinghiero consuntivo dei risultati conseguiti si configura come un incoraggiante viatico per il cammino che ci attende.\u00a0 E\u2019 sufficiente segnalare, a tal proposito, che \u00e8 stata ulteriormente ottimizzata la macchina amministrativa e sono migliorati i servizi per la collettivit\u00e0, sia al centro che nelle nostre popolose frazioni di Filetti e Valli.<\/p>\n<p style=\"text-align: justify\">Abbiamo registrato molti nuovi insediamenti produttivi, specie per quanto attiene le licenze commerciali e le nuove aperture di attivit\u00e0; alcuni importanti lavori pubblici sono partiti, altri si avvieranno in brevissimo tempo. Spiccano tra tutti la riqualificazione della Scuola Media, la Chiesa di Valli e la risoluzione delle gravissime problematiche legate agli allagamenti del sottopassaggio ferroviario e la messa in sicurezza del Cavalcaferrovia dell\u2019Aeroporto.<\/p>\n<p style=\"text-align: justify\">Sono in via di attuazione le procedure di appalto dei lavori dell\u2019Ampliamento del Cimitero, della Parallela di Via Roma, della ristrutturazione delle Scuole Elementari e della videosorveglianza.<\/p>\n<p style=\"text-align: justify\">Lo sviluppo delle iniziative culturali e ricreative, nonch\u00e9 delle varie forme di aggregazione sociale, ha ricevuto un impulso straordinario, che ha reso la nostra Citt\u00e0 un centro ammirato ben oltre i confini della Provincia di Frosinone.<\/p>\n<p style=\"text-align: justify\">Per tutto questo, \u00e8 doveroso, da parte mia, anche in occasione del mio rituale saluto di fine anno, esprimere i sentimenti della pi\u00f9 viva gratitudine alla Giunta e alla professionalit\u00e0 degli assessori che la compongono, al Consiglio Comunale nella sua interezza e a chi lo presiede, al Segretario del Comune e a tutto il personale dipendente per il loro operoso contributo e per lo spirito di collaborazione messo al servizio dei cittadini.<\/p>\n","protected":false},"excerpt":{"rendered":"<p>Care concittadine e cari concittadini, nell\u2019imminenza della fine dell\u2019anno, mi \u00e8 cosa particolarmente gradita\u00a0 rivolgere a tutti voi un caloroso e affettuoso augurio per il nuovo anno che ci attende. [&hellip;]<\/p>\n","protected":false},"author":81,"featured_media":289,"comment_status":"closed","ping_status":"closed","sticky":false,"template":"","format":"standard","meta":{"footnotes":""},"categories":[16],"tags":[],"class_list":["post-288","post","type-post","status-publish","format-standard","has-post-thumbnail","hentry","category-notizie-e-informazioni"],"yoast_head":"<!-- This site is optimized with the Yoast SEO plugin v27.4 - https:\/\/yoast.com\/product\/yoast-seo-wordpress\/ -->\n<title>Comune di Aquino: Il saluto di fine anno del Sindaco Libero Mazzaroppi. - Aquino<\/title>\n<meta name=\"robots\" content=\"index, follow, max-snippet:-1, max-image-preview:large, max-video-preview:-1\" \/>\n<link rel=\"canonical\" href=\"https:\/\/comunicacity.net\/aquino\/2017\/01\/01\/comune-di-aquino-il-saluto-di-fine-anno-del-sindaco-libero-mazzaroppi\/\" \/>\n<meta property=\"og:locale\" content=\"it_IT\" \/>\n<meta property=\"og:type\" content=\"article\" \/>\n<meta property=\"og:title\" content=\"Comune di Aquino: Il saluto di fine anno del Sindaco Libero Mazzaroppi. - Aquino\" \/>\n<meta property=\"og:description\" content=\"Care concittadine e cari concittadini, nell\u2019imminenza della fine dell\u2019anno, mi \u00e8 cosa particolarmente gradita\u00a0 rivolgere a tutti voi un caloroso e affettuoso augurio per il nuovo anno che ci attende. [&hellip;]\" \/>\n<meta property=\"og:url\" content=\"https:\/\/comunicacity.net\/aquino\/2017\/01\/01\/comune-di-aquino-il-saluto-di-fine-anno-del-sindaco-libero-mazzaroppi\/\" \/>\n<meta property=\"og:site_name\" content=\"Aquino\" \/>\n<meta property=\"article:publisher\" content=\"http:\/\/facebook.com\/ComunicaCity\" \/>\n<meta property=\"article:published_time\" content=\"2017-01-01T18:13:41+00:00\" \/>\n<meta property=\"og:image\" content=\"https:\/\/comunicacity.net\/aquino\/wp-content\/uploads\/sites\/41\/2017\/01\/LIBMAZZ.jpg\" \/>\n\t<meta property=\"og:image:width\" content=\"978\" \/>\n\t<meta property=\"og:image:height\" content=\"652\" \/>\n\t<meta property=\"og:image:type\" content=\"image\/jpeg\" \/>\n<meta name=\"author\" content=\"villidinardi\" \/>\n<meta name=\"twitter:card\" content=\"summary_large_image\" \/>\n<meta name=\"twitter:creator\" content=\"@comunicacity\" \/>\n<meta name=\"twitter:site\" content=\"@comunicacity\" \/>\n<meta name=\"twitter:label1\" content=\"Scritto da\" \/>\n\t<meta name=\"twitter:data1\" content=\"villidinardi\" \/>\n\t<meta name=\"twitter:label2\" content=\"Tempo di lettura stimato\" \/>\n\t<meta name=\"twitter:data2\" content=\"3 minuti\" \/>\n<script type=\"application\/ld+json\" class=\"yoast-schema-graph\">{\"@context\":\"https:\\\/\\\/schema.org\",\"@graph\":[{\"@type\":\"Article\",\"@id\":\"https:\\\/\\\/comunicacity.net\\\/aquino\\\/2017\\\/01\\\/01\\\/comune-di-aquino-il-saluto-di-fine-anno-del-sindaco-libero-mazzaroppi\\\/#article\",\"isPartOf\":{\"@id\":\"https:\\\/\\\/comunicacity.net\\\/aquino\\\/2017\\\/01\\\/01\\\/comune-di-aquino-il-saluto-di-fine-anno-del-sindaco-libero-mazzaroppi\\\/\"},\"author\":{\"name\":\"villidinardi\",\"@id\":\"https:\\\/\\\/comunicacity.net\\\/aquino\\\/#\\\/schema\\\/person\\\/125e25d30cc92889f27f09c8914cefc6\"},\"headline\":\"Comune di Aquino: Il saluto di fine anno del Sindaco Libero Mazzaroppi.\",\"datePublished\":\"2017-01-01T18:13:41+00:00\",\"mainEntityOfPage\":{\"@id\":\"https:\\\/\\\/comunicacity.net\\\/aquino\\\/2017\\\/01\\\/01\\\/comune-di-aquino-il-saluto-di-fine-anno-del-sindaco-libero-mazzaroppi\\\/\"},\"wordCount\":527,\"image\":{\"@id\":\"https:\\\/\\\/comunicacity.net\\\/aquino\\\/2017\\\/01\\\/01\\\/comune-di-aquino-il-saluto-di-fine-anno-del-sindaco-libero-mazzaroppi\\\/#primaryimage\"},\"thumbnailUrl\":\"https:\\\/\\\/comunicacity.net\\\/aquino\\\/wp-content\\\/uploads\\\/sites\\\/41\\\/2017\\\/01\\\/LIBMAZZ.jpg\",\"articleSection\":[\"Notizie e Informazioni\"],\"inLanguage\":\"it-IT\"},{\"@type\":\"WebPage\",\"@id\":\"https:\\\/\\\/comunicacity.net\\\/aquino\\\/2017\\\/01\\\/01\\\/comune-di-aquino-il-saluto-di-fine-anno-del-sindaco-libero-mazzaroppi\\\/\",\"url\":\"https:\\\/\\\/comunicacity.net\\\/aquino\\\/2017\\\/01\\\/01\\\/comune-di-aquino-il-saluto-di-fine-anno-del-sindaco-libero-mazzaroppi\\\/\",\"name\":\"Comune di Aquino: Il saluto di fine anno del Sindaco Libero Mazzaroppi. - Aquino\",\"isPartOf\":{\"@id\":\"https:\\\/\\\/comunicacity.net\\\/aquino\\\/#website\"},\"primaryImageOfPage\":{\"@id\":\"https:\\\/\\\/comunicacity.net\\\/aquino\\\/2017\\\/01\\\/01\\\/comune-di-aquino-il-saluto-di-fine-anno-del-sindaco-libero-mazzaroppi\\\/#primaryimage\"},\"image\":{\"@id\":\"https:\\\/\\\/comunicacity.net\\\/aquino\\\/2017\\\/01\\\/01\\\/comune-di-aquino-il-saluto-di-fine-anno-del-sindaco-libero-mazzaroppi\\\/#primaryimage\"},\"thumbnailUrl\":\"https:\\\/\\\/comunicacity.net\\\/aquino\\\/wp-content\\\/uploads\\\/sites\\\/41\\\/2017\\\/01\\\/LIBMAZZ.jpg\",\"datePublished\":\"2017-01-01T18:13:41+00:00\",\"author\":{\"@id\":\"https:\\\/\\\/comunicacity.net\\\/aquino\\\/#\\\/schema\\\/person\\\/125e25d30cc92889f27f09c8914cefc6\"},\"breadcrumb\":{\"@id\":\"https:\\\/\\\/comunicacity.net\\\/aquino\\\/2017\\\/01\\\/01\\\/comune-di-aquino-il-saluto-di-fine-anno-del-sindaco-libero-mazzaroppi\\\/#breadcrumb\"},\"inLanguage\":\"it-IT\",\"potentialAction\":[{\"@type\":\"ReadAction\",\"target\":[\"https:\\\/\\\/comunicacity.net\\\/aquino\\\/2017\\\/01\\\/01\\\/comune-di-aquino-il-saluto-di-fine-anno-del-sindaco-libero-mazzaroppi\\\/\"]}]},{\"@type\":\"ImageObject\",\"inLanguage\":\"it-IT\",\"@id\":\"https:\\\/\\\/comunicacity.net\\\/aquino\\\/2017\\\/01\\\/01\\\/comune-di-aquino-il-saluto-di-fine-anno-del-sindaco-libero-mazzaroppi\\\/#primaryimage\",\"url\":\"https:\\\/\\\/comunicacity.net\\\/aquino\\\/wp-content\\\/uploads\\\/sites\\\/41\\\/2017\\\/01\\\/LIBMAZZ.jpg\",\"contentUrl\":\"https:\\\/\\\/comunicacity.net\\\/aquino\\\/wp-content\\\/uploads\\\/sites\\\/41\\\/2017\\\/01\\\/LIBMAZZ.jpg\",\"width\":978,\"height\":652},{\"@type\":\"BreadcrumbList\",\"@id\":\"https:\\\/\\\/comunicacity.net\\\/aquino\\\/2017\\\/01\\\/01\\\/comune-di-aquino-il-saluto-di-fine-anno-del-sindaco-libero-mazzaroppi\\\/#breadcrumb\",\"itemListElement\":[{\"@type\":\"ListItem\",\"position\":1,\"name\":\"Home\",\"item\":\"https:\\\/\\\/comunicacity.net\\\/aquino\\\/\"},{\"@type\":\"ListItem\",\"position\":2,\"name\":\"Comune di Aquino: Il saluto di fine anno del Sindaco Libero Mazzaroppi.\"}]},{\"@type\":\"WebSite\",\"@id\":\"https:\\\/\\\/comunicacity.net\\\/aquino\\\/#website\",\"url\":\"https:\\\/\\\/comunicacity.net\\\/aquino\\\/\",\"name\":\"Aquino\",\"description\":\"Ecco un altro sito ComunicaCity\",\"potentialAction\":[{\"@type\":\"SearchAction\",\"target\":{\"@type\":\"EntryPoint\",\"urlTemplate\":\"https:\\\/\\\/comunicacity.net\\\/aquino\\\/?s={search_term_string}\"},\"query-input\":{\"@type\":\"PropertyValueSpecification\",\"valueRequired\":true,\"valueName\":\"search_term_string\"}}],\"inLanguage\":\"it-IT\"},{\"@type\":\"Person\",\"@id\":\"https:\\\/\\\/comunicacity.net\\\/aquino\\\/#\\\/schema\\\/person\\\/125e25d30cc92889f27f09c8914cefc6\",\"name\":\"villidinardi\",\"image\":{\"@type\":\"ImageObject\",\"inLanguage\":\"it-IT\",\"@id\":\"https:\\\/\\\/secure.gravatar.com\\\/avatar\\\/954d3e3f098ecfec563d16759ea515dfa968d8ea17a8bc9c4ccbfc38c6275f14?s=96&d=mm&r=g\",\"url\":\"https:\\\/\\\/secure.gravatar.com\\\/avatar\\\/954d3e3f098ecfec563d16759ea515dfa968d8ea17a8bc9c4ccbfc38c6275f14?s=96&d=mm&r=g\",\"contentUrl\":\"https:\\\/\\\/secure.gravatar.com\\\/avatar\\\/954d3e3f098ecfec563d16759ea515dfa968d8ea17a8bc9c4ccbfc38c6275f14?s=96&d=mm&r=g\",\"caption\":\"villidinardi\"},\"url\":\"https:\\\/\\\/comunicacity.net\\\/aquino\\\/author\\\/villidinardi\\\/\"}]}<\/script>\n<!-- \/ Yoast SEO plugin. -->","yoast_head_json":{"title":"Comune di Aquino: Il saluto di fine anno del Sindaco Libero Mazzaroppi. - Aquino","robots":{"index":"index","follow":"follow","max-snippet":"max-snippet:-1","max-image-preview":"max-image-preview:large","max-video-preview":"max-video-preview:-1"},"canonical":"https:\/\/comunicacity.net\/aquino\/2017\/01\/01\/comune-di-aquino-il-saluto-di-fine-anno-del-sindaco-libero-mazzaroppi\/","og_locale":"it_IT","og_type":"article","og_title":"Comune di Aquino: Il saluto di fine anno del Sindaco Libero Mazzaroppi. - Aquino","og_description":"Care concittadine e cari concittadini, nell\u2019imminenza della fine dell\u2019anno, mi \u00e8 cosa particolarmente gradita\u00a0 rivolgere a tutti voi un caloroso e affettuoso augurio per il nuovo anno che ci attende. [&hellip;]","og_url":"https:\/\/comunicacity.net\/aquino\/2017\/01\/01\/comune-di-aquino-il-saluto-di-fine-anno-del-sindaco-libero-mazzaroppi\/","og_site_name":"Aquino","article_publisher":"http:\/\/facebook.com\/ComunicaCity","article_published_time":"2017-01-01T18:13:41+00:00","og_image":[{"width":978,"height":652,"url":"https:\/\/comunicacity.net\/aquino\/wp-content\/uploads\/sites\/41\/2017\/01\/LIBMAZZ.jpg","type":"image\/jpeg"}],"author":"villidinardi","twitter_card":"summary_large_image","twitter_creator":"@comunicacity","twitter_site":"@comunicacity","twitter_misc":{"Scritto da":"villidinardi","Tempo di lettura stimato":"3 minuti"},"schema":{"@context":"https:\/\/schema.org","@graph":[{"@type":"Article","@id":"https:\/\/comunicacity.net\/aquino\/2017\/01\/01\/comune-di-aquino-il-saluto-di-fine-anno-del-sindaco-libero-mazzaroppi\/#article","isPartOf":{"@id":"https:\/\/comunicacity.net\/aquino\/2017\/01\/01\/comune-di-aquino-il-saluto-di-fine-anno-del-sindaco-libero-mazzaroppi\/"},"author":{"name":"villidinardi","@id":"https:\/\/comunicacity.net\/aquino\/#\/schema\/person\/125e25d30cc92889f27f09c8914cefc6"},"headline":"Comune di Aquino: Il saluto di fine anno del Sindaco Libero Mazzaroppi.","datePublished":"2017-01-01T18:13:41+00:00","mainEntityOfPage":{"@id":"https:\/\/comunicacity.net\/aquino\/2017\/01\/01\/comune-di-aquino-il-saluto-di-fine-anno-del-sindaco-libero-mazzaroppi\/"},"wordCount":527,"image":{"@id":"https:\/\/comunicacity.net\/aquino\/2017\/01\/01\/comune-di-aquino-il-saluto-di-fine-anno-del-sindaco-libero-mazzaroppi\/#primaryimage"},"thumbnailUrl":"https:\/\/comunicacity.net\/aquino\/wp-content\/uploads\/sites\/41\/2017\/01\/LIBMAZZ.jpg","articleSection":["Notizie e Informazioni"],"inLanguage":"it-IT"},{"@type":"WebPage","@id":"https:\/\/comunicacity.net\/aquino\/2017\/01\/01\/comune-di-aquino-il-saluto-di-fine-anno-del-sindaco-libero-mazzaroppi\/","url":"https:\/\/comunicacity.net\/aquino\/2017\/01\/01\/comune-di-aquino-il-saluto-di-fine-anno-del-sindaco-libero-mazzaroppi\/","name":"Comune di Aquino: Il saluto di fine anno del Sindaco Libero Mazzaroppi. - Aquino","isPartOf":{"@id":"https:\/\/comunicacity.net\/aquino\/#website"},"primaryImageOfPage":{"@id":"https:\/\/comunicacity.net\/aquino\/2017\/01\/01\/comune-di-aquino-il-saluto-di-fine-anno-del-sindaco-libero-mazzaroppi\/#primaryimage"},"image":{"@id":"https:\/\/comunicacity.net\/aquino\/2017\/01\/01\/comune-di-aquino-il-saluto-di-fine-anno-del-sindaco-libero-mazzaroppi\/#primaryimage"},"thumbnailUrl":"https:\/\/comunicacity.net\/aquino\/wp-content\/uploads\/sites\/41\/2017\/01\/LIBMAZZ.jpg","datePublished":"2017-01-01T18:13:41+00:00","author":{"@id":"https:\/\/comunicacity.net\/aquino\/#\/schema\/person\/125e25d30cc92889f27f09c8914cefc6"},"breadcrumb":{"@id":"https:\/\/comunicacity.net\/aquino\/2017\/01\/01\/comune-di-aquino-il-saluto-di-fine-anno-del-sindaco-libero-mazzaroppi\/#breadcrumb"},"inLanguage":"it-IT","potentialAction":[{"@type":"ReadAction","target":["https:\/\/comunicacity.net\/aquino\/2017\/01\/01\/comune-di-aquino-il-saluto-di-fine-anno-del-sindaco-libero-mazzaroppi\/"]}]},{"@type":"ImageObject","inLanguage":"it-IT","@id":"https:\/\/comunicacity.net\/aquino\/2017\/01\/01\/comune-di-aquino-il-saluto-di-fine-anno-del-sindaco-libero-mazzaroppi\/#primaryimage","url":"https:\/\/comunicacity.net\/aquino\/wp-content\/uploads\/sites\/41\/2017\/01\/LIBMAZZ.jpg","contentUrl":"https:\/\/comunicacity.net\/aquino\/wp-content\/uploads\/sites\/41\/2017\/01\/LIBMAZZ.jpg","width":978,"height":652},{"@type":"BreadcrumbList","@id":"https:\/\/comunicacity.net\/aquino\/2017\/01\/01\/comune-di-aquino-il-saluto-di-fine-anno-del-sindaco-libero-mazzaroppi\/#breadcrumb","itemListElement":[{"@type":"ListItem","position":1,"name":"Home","item":"https:\/\/comunicacity.net\/aquino\/"},{"@type":"ListItem","position":2,"name":"Comune di Aquino: Il saluto di fine anno del Sindaco Libero Mazzaroppi."}]},{"@type":"WebSite","@id":"https:\/\/comunicacity.net\/aquino\/#website","url":"https:\/\/comunicacity.net\/aquino\/","name":"Aquino","description":"Ecco un altro sito ComunicaCity","potentialAction":[{"@type":"SearchAction","target":{"@type":"EntryPoint","urlTemplate":"https:\/\/comunicacity.net\/aquino\/?s={search_term_string}"},"query-input":{"@type":"PropertyValueSpecification","valueRequired":true,"valueName":"search_term_string"}}],"inLanguage":"it-IT"},{"@type":"Person","@id":"https:\/\/comunicacity.net\/aquino\/#\/schema\/person\/125e25d30cc92889f27f09c8914cefc6","name":"villidinardi","image":{"@type":"ImageObject","inLanguage":"it-IT","@id":"https:\/\/secure.gravatar.com\/avatar\/954d3e3f098ecfec563d16759ea515dfa968d8ea17a8bc9c4ccbfc38c6275f14?s=96&d=mm&r=g","url":"https:\/\/secure.gravatar.com\/avatar\/954d3e3f098ecfec563d16759ea515dfa968d8ea17a8bc9c4ccbfc38c6275f14?s=96&d=mm&r=g","contentUrl":"https:\/\/secure.gravatar.com\/avatar\/954d3e3f098ecfec563d16759ea515dfa968d8ea17a8bc9c4ccbfc38c6275f14?s=96&d=mm&r=g","caption":"villidinardi"},"url":"https:\/\/comunicacity.net\/aquino\/author\/villidinardi\/"}]}},"meta_box":{"cc4_urg_colore":"","cc4_urg_data_inizio":"","cc4_urg_data_fine":"","cc4_cor_positivi_oggi":"","cc4_cor_negativizzati_oggi":"","cc4_cor_deceduti_oggi":"","cc4_cor_positivi_totali":"","cc4_cor_negativizzati_totali":"","cc4_cor_deceduti_totali":"","cc4_cor_attualmente_positivi":"","cc4_eve_data_inizio":"","cc4_eve_data_fine":"","cc4_eve_indirizzo":"","cc4_eve_posizione":{"latitude":"","longitude":"","zoom":""},"cc4_eve_telefono":"","cc4_eve_email":"","cc4_eve_web":"","cc4_eve_fb":"","sitopa_id":""},"_links":{"self":[{"href":"https:\/\/comunicacity.net\/aquino\/wp-json\/wp\/v2\/posts\/288","targetHints":{"allow":["GET"]}}],"collection":[{"href":"https:\/\/comunicacity.net\/aquino\/wp-json\/wp\/v2\/posts"}],"about":[{"href":"https:\/\/comunicacity.net\/aquino\/wp-json\/wp\/v2\/types\/post"}],"author":[{"embeddable":true,"href":"https:\/\/comunicacity.net\/aquino\/wp-json\/wp\/v2\/users\/81"}],"replies":[{"embeddable":true,"href":"https:\/\/comunicacity.net\/aquino\/wp-json\/wp\/v2\/comments?post=288"}],"version-history":[{"count":1,"href":"https:\/\/comunicacity.net\/aquino\/wp-json\/wp\/v2\/posts\/288\/revisions"}],"predecessor-version":[{"id":290,"href":"https:\/\/comunicacity.net\/aquino\/wp-json\/wp\/v2\/posts\/288\/revisions\/290"}],"wp:featuredmedia":[{"embeddable":true,"href":"https:\/\/comunicacity.net\/aquino\/wp-json\/wp\/v2\/media\/289"}],"wp:attachment":[{"href":"https:\/\/comunicacity.net\/aquino\/wp-json\/wp\/v2\/media?parent=288"}],"wp:term":[{"taxonomy":"category","embeddable":true,"href":"https:\/\/comunicacity.net\/aquino\/wp-json\/wp\/v2\/categories?post=288"},{"taxonomy":"post_tag","embeddable":true,"href":"https:\/\/comunicacity.net\/aquino\/wp-json\/wp\/v2\/tags?post=288"}],"curies":[{"name":"wp","href":"https:\/\/api.w.org\/{rel}","templated":true}]}}