{"id":1018,"date":"2019-04-09T17:35:55","date_gmt":"2019-04-09T15:35:55","guid":{"rendered":"https:\/\/comunicacity.net\/cancello-ed-arnone\/?p=1018"},"modified":"2023-02-02T15:41:38","modified_gmt":"2023-02-02T14:41:38","slug":"listituto-di-servizi-per-il-mercato-agricolo-alimentare-ismea-j-aggiornato-il-valore-dei-prezzi-dei-capi-bufalini","status":"publish","type":"post","link":"https:\/\/comunicacity.net\/cancello-ed-arnone\/2019\/04\/09\/listituto-di-servizi-per-il-mercato-agricolo-alimentare-ismea-j-aggiornato-il-valore-dei-prezzi-dei-capi-bufalini\/","title":{"rendered":"L\u2019Istituto di Servizi per il Mercato Agricolo Alimentare (ISMEA) j aggiornato il valore dei prezzi dei capi bufalini."},"content":{"rendered":"<p>Riportiamo integralmente la nota con la quale l\u2019Amministrazione Comunale ha chiesto all\u2019Istituto di Servizi per il Mercato Agricolo Alimentare (ISMEA) l\u2019aggiornamento del valore dei prezzi dei capi bufalini in ragione della realt\u00e0 economica del mercato molto dinamica e in conseguenza dei numerosi abbattimenti e, quindi, della accresciuta richiesta di latte.<\/p>\n<p>\u201cLa\u00a0mozzarella di\u00a0<a href=\"https:\/\/it.wikipedia.org\/wiki\/Bubalus_bubalis\">bufala<\/a>\u00a0\u00a0\u00e8 un prodotto\u00a0<a href=\"https:\/\/it.wikipedia.org\/wiki\/Formaggio\">caseario<\/a>\u00a0dell&#8217;<a href=\"https:\/\/it.wikipedia.org\/wiki\/Italia_Meridionale\">Italia Meridionale<\/a>, prodotto tradizionalmente in\u00a0<a href=\"https:\/\/it.wikipedia.org\/wiki\/Campania\">Campania<\/a>, nel Lazio meridionale, nell&#8217;alta Puglia e nel comune di Venafro in Molise.<\/p>\n<p>Questo latticino \u00e8 prodotto solo con latte fresco ed intero di bufala di razza Mediterranea italiana; si tratta di un animale probabilmente autoctono, come comproverebbe la presenza di un DNA diverso da qualsiasi altro genere bufalo.<\/p>\n<p>A tale unicit\u00e0, si eguaglia quella del suo prodotto, definito, in rispetto alle sue qualit\u00e0 alimentari e propriet\u00e0 organolettiche, l\u2019<em>oro bianco <\/em>della cucina meridionale conquistando parte integrante della Dieta Mediterranea, sia per il legame con il territorio di origine che per le sue peculiarit\u00e0 nutrizionali.<\/p>\n<p>La Mozzarella di Bufala Campana \u00e8 l\u2019unica mozzarella in commercio ad aver ottenuto il riconoscimento europeo della DOP. Con tale denominazione\u00a0vengono infatti riconosciute quelle caratteristiche nutritive e merceologiche di questo formaggio a pasta filata, risultanti dall\u2019insieme di precise condizioni ambientali, di allevamento e di metodi tradizionali di lavorazione esistenti solo in questa specifica area di produzione.<\/p>\n<p>La distribuzione degli allevamenti bufalini si concentra maggiormente nella regione Campania la cui provincia di Caserta tocca punte del 70%.<\/p>\n<p>In particolare, nel comune di Cancello ed Arnone, si registrano pi\u00f9 di 160 allevamenti con una presenza di oltre 30&#8217;000 capi allevati, rappresentando il primo comune in tutta Italia con maggior densit\u00e0 di capi bufalini.<\/p>\n<p>Insieme ai comuni di Grazzanise, Santa Maria la fossa e Castel Volturno, rappresenta la culla dell\u2019economia del territorio fondata sull\u2019allevamento bufalino e dei prodotti che ne derivano quale principalmente il latte.<\/p>\n<p>Negli ultimi tre anni si \u00e8 passati da un prezzo del latte di 1\u201910 euro, sceso fino a 0,90 euro\/kg in alcuni periodi di crisi, ad un prezzo di mercato attuale di 1,50-1,60 euro\/kg.<\/p>\n<p>A questo fenomeno si correla la richiesta di mozzarella, che negli ultimi 3 anni si \u00e8 accresciuta di poco pi\u00f9 del 20%, e dell\u2019export in continuo aumento, cos\u00ec come dichiarato dal consorzio di Tutela della Mozzarella di Bufala Campana, unico organismo riconosciuto dal MiPAAF per la tutela, la vigilanza, la valorizzazione e la promozione di questo formaggio.<\/p>\n<p>Tale trand \u00e8 in continua crescita e, come dimostrano i dati 2017\/2018, si registra un aumento record del 5% ma, sebbene la popolazione bufalina sia aumentata, lo stesso destino non vale per il latte che sta attraversando una fase di relativa scarsit\u00e0.<\/p>\n<p>Osservando i dati della BDN di Teramo si evince, infatti, che in alcune zone ci sono stati numerosi abbattimenti di capi bufalini adulti in produzione e l\u2019inserimento di giovani animali con una notevole contrazione della produzione, sul totale, del latte.<\/p>\n<p>La richiesta di animali sul territorio ha caratterizzato un aumento del valore del mercato per i capi adulti; basti pensare che una giovenca di et\u00e0 maggiore ai 15 mesi, nel 2014 aveva un prezzo di mercato che andava dai 1800 ai 2400 euro; oggi, la stessa manza, possiede un valore d\u2019acquisto di 3000 fino a 3500 euro.<\/p>\n<p>Tali dati sono confermati dall\u2019ANASB (Associazione Nazionale Allevatori Specie Bufalina), la quale ha ricevuto diverse richieste di acquisti animali per vita sia dall\u2019Italia che da paesi esteri ma, pur informando i suoi associati, non riesce a soddisfare le richieste.<\/p>\n<p>Visto che la normativa vigente riconosce per i capi abbattuti un indennizzo costituito dal valore ISMEA ai sensi della legge 2 giugno 1988 n. 218 (e successive m. e i.), meno il valore di realizzo della vendita delle carni e quello di rimborso di eventuali polizze assicurative, liquidati con risorse ministeriali e regionali; vista la obbligatoriet\u00e0 da parte dei servizi veterinari che, alla parametrazione fanno riferimento al valore ISMEA della settimana in cui i capi sono stati abbattuti, si chiede l\u2019aggiornamento del valore dei prezzi dei capi, che non risulta congruo per i due anni trascorsi,\u00a0 nelle varie categorie, con riferimento alla realt\u00e0 economica del mercato molto dinamica in conseguenza dei numerosi abbattimenti e della maggiore richiesta di latte\u201d.<\/p>\n<p>\u201cIn seguito alla nostra nota e a quella della Coldiretti \u2013 afferma l\u2019assessore all\u2019agricoltura Di Vuolo \u2013 l\u2019ISMEA ha provveduto ad aggiornare il valore dei prezzi dei capi bufalini\u201d.<\/p>\n<p>Esprime grande soddisfazione l\u2019assessore per il traguardo raggiunto: \u201c\u00c8 un primo passo importantissimo per gli allevatori in quanto, con questo aggiornamento, il valore del prezzo dei capi bufalini \u00e8 quasi congruo al prezzo reale di mercato\u201d.<\/p>\n<p>&nbsp;<\/p>\n","protected":false},"excerpt":{"rendered":"<p>Riportiamo integralmente la nota con la quale l\u2019Amministrazione Comunale ha chiesto all\u2019Istituto di Servizi per il Mercato Agricolo Alimentare (ISMEA) l\u2019aggiornamento del valore dei prezzi dei capi bufalini in ragione [&hellip;]<\/p>\n","protected":false},"author":398,"featured_media":376,"comment_status":"closed","ping_status":"closed","sticky":false,"template":"","format":"standard","meta":{"footnotes":""},"categories":[11],"tags":[],"class_list":["post-1018","post","type-post","status-publish","format-standard","has-post-thumbnail","hentry","category-notizie-e-informazioni"],"yoast_head":"<!-- This site is optimized with the Yoast SEO plugin v27.4 - https:\/\/yoast.com\/product\/yoast-seo-wordpress\/ -->\n<title>L\u2019Istituto di Servizi per il Mercato Agricolo Alimentare (ISMEA) j aggiornato il valore dei prezzi dei capi bufalini. - Cancello ed Arnone<\/title>\n<meta name=\"robots\" content=\"index, follow, max-snippet:-1, max-image-preview:large, max-video-preview:-1\" \/>\n<link rel=\"canonical\" href=\"https:\/\/comunicacity.net\/cancello-ed-arnone\/2019\/04\/09\/listituto-di-servizi-per-il-mercato-agricolo-alimentare-ismea-j-aggiornato-il-valore-dei-prezzi-dei-capi-bufalini\/\" \/>\n<meta property=\"og:locale\" content=\"it_IT\" \/>\n<meta property=\"og:type\" content=\"article\" \/>\n<meta property=\"og:title\" content=\"L\u2019Istituto di Servizi per il Mercato Agricolo Alimentare (ISMEA) j aggiornato il valore dei prezzi dei capi bufalini. - Cancello ed Arnone\" \/>\n<meta property=\"og:description\" content=\"Riportiamo integralmente la nota con la quale l\u2019Amministrazione Comunale ha chiesto all\u2019Istituto di Servizi per il Mercato Agricolo Alimentare (ISMEA) l\u2019aggiornamento del valore dei prezzi dei capi bufalini in ragione [&hellip;]\" \/>\n<meta property=\"og:url\" content=\"https:\/\/comunicacity.net\/cancello-ed-arnone\/2019\/04\/09\/listituto-di-servizi-per-il-mercato-agricolo-alimentare-ismea-j-aggiornato-il-valore-dei-prezzi-dei-capi-bufalini\/\" \/>\n<meta property=\"og:site_name\" content=\"Cancello ed Arnone\" \/>\n<meta property=\"article:publisher\" content=\"http:\/\/facebook.com\/ComunicaCity\" \/>\n<meta property=\"article:published_time\" content=\"2019-04-09T15:35:55+00:00\" \/>\n<meta property=\"article:modified_time\" content=\"2023-02-02T14:41:38+00:00\" \/>\n<meta property=\"og:image\" content=\"https:\/\/comunicacity.net\/cancello-ed-arnone\/wp-content\/uploads\/sites\/28\/2018\/06\/vuolo.jpg\" \/>\n\t<meta property=\"og:image:width\" content=\"400\" \/>\n\t<meta property=\"og:image:height\" content=\"400\" \/>\n\t<meta property=\"og:image:type\" content=\"image\/jpeg\" \/>\n<meta name=\"author\" content=\"Admin_E\" \/>\n<meta name=\"twitter:card\" content=\"summary_large_image\" \/>\n<meta name=\"twitter:creator\" content=\"@comunicacity\" \/>\n<meta name=\"twitter:site\" content=\"@comunicacity\" \/>\n<meta name=\"twitter:label1\" content=\"Scritto da\" \/>\n\t<meta name=\"twitter:data1\" content=\"Admin_E\" \/>\n\t<meta name=\"twitter:label2\" content=\"Tempo di lettura stimato\" \/>\n\t<meta name=\"twitter:data2\" content=\"4 minuti\" \/>\n<script type=\"application\/ld+json\" class=\"yoast-schema-graph\">{\"@context\":\"https:\\\/\\\/schema.org\",\"@graph\":[{\"@type\":\"Article\",\"@id\":\"https:\\\/\\\/comunicacity.net\\\/cancello-ed-arnone\\\/2019\\\/04\\\/09\\\/listituto-di-servizi-per-il-mercato-agricolo-alimentare-ismea-j-aggiornato-il-valore-dei-prezzi-dei-capi-bufalini\\\/#article\",\"isPartOf\":{\"@id\":\"https:\\\/\\\/comunicacity.net\\\/cancello-ed-arnone\\\/2019\\\/04\\\/09\\\/listituto-di-servizi-per-il-mercato-agricolo-alimentare-ismea-j-aggiornato-il-valore-dei-prezzi-dei-capi-bufalini\\\/\"},\"author\":{\"name\":\"Admin_E\",\"@id\":\"https:\\\/\\\/comunicacity.net\\\/cancello-ed-arnone\\\/#\\\/schema\\\/person\\\/eaea9f1aebcbd61eb9878e6232bd2a03\"},\"headline\":\"L\u2019Istituto di Servizi per il Mercato Agricolo Alimentare (ISMEA) j aggiornato il valore dei prezzi dei capi bufalini.\",\"datePublished\":\"2019-04-09T15:35:55+00:00\",\"dateModified\":\"2023-02-02T14:41:38+00:00\",\"mainEntityOfPage\":{\"@id\":\"https:\\\/\\\/comunicacity.net\\\/cancello-ed-arnone\\\/2019\\\/04\\\/09\\\/listituto-di-servizi-per-il-mercato-agricolo-alimentare-ismea-j-aggiornato-il-valore-dei-prezzi-dei-capi-bufalini\\\/\"},\"wordCount\":766,\"image\":{\"@id\":\"https:\\\/\\\/comunicacity.net\\\/cancello-ed-arnone\\\/2019\\\/04\\\/09\\\/listituto-di-servizi-per-il-mercato-agricolo-alimentare-ismea-j-aggiornato-il-valore-dei-prezzi-dei-capi-bufalini\\\/#primaryimage\"},\"thumbnailUrl\":\"https:\\\/\\\/comunicacity.net\\\/cancello-ed-arnone\\\/wp-content\\\/uploads\\\/sites\\\/28\\\/2018\\\/06\\\/vuolo.jpg\",\"articleSection\":[\"Notizie e Informazioni\"],\"inLanguage\":\"it-IT\"},{\"@type\":\"WebPage\",\"@id\":\"https:\\\/\\\/comunicacity.net\\\/cancello-ed-arnone\\\/2019\\\/04\\\/09\\\/listituto-di-servizi-per-il-mercato-agricolo-alimentare-ismea-j-aggiornato-il-valore-dei-prezzi-dei-capi-bufalini\\\/\",\"url\":\"https:\\\/\\\/comunicacity.net\\\/cancello-ed-arnone\\\/2019\\\/04\\\/09\\\/listituto-di-servizi-per-il-mercato-agricolo-alimentare-ismea-j-aggiornato-il-valore-dei-prezzi-dei-capi-bufalini\\\/\",\"name\":\"L\u2019Istituto di Servizi per il Mercato Agricolo Alimentare (ISMEA) j aggiornato il valore dei prezzi dei capi bufalini. - Cancello ed Arnone\",\"isPartOf\":{\"@id\":\"https:\\\/\\\/comunicacity.net\\\/cancello-ed-arnone\\\/#website\"},\"primaryImageOfPage\":{\"@id\":\"https:\\\/\\\/comunicacity.net\\\/cancello-ed-arnone\\\/2019\\\/04\\\/09\\\/listituto-di-servizi-per-il-mercato-agricolo-alimentare-ismea-j-aggiornato-il-valore-dei-prezzi-dei-capi-bufalini\\\/#primaryimage\"},\"image\":{\"@id\":\"https:\\\/\\\/comunicacity.net\\\/cancello-ed-arnone\\\/2019\\\/04\\\/09\\\/listituto-di-servizi-per-il-mercato-agricolo-alimentare-ismea-j-aggiornato-il-valore-dei-prezzi-dei-capi-bufalini\\\/#primaryimage\"},\"thumbnailUrl\":\"https:\\\/\\\/comunicacity.net\\\/cancello-ed-arnone\\\/wp-content\\\/uploads\\\/sites\\\/28\\\/2018\\\/06\\\/vuolo.jpg\",\"datePublished\":\"2019-04-09T15:35:55+00:00\",\"dateModified\":\"2023-02-02T14:41:38+00:00\",\"author\":{\"@id\":\"https:\\\/\\\/comunicacity.net\\\/cancello-ed-arnone\\\/#\\\/schema\\\/person\\\/eaea9f1aebcbd61eb9878e6232bd2a03\"},\"breadcrumb\":{\"@id\":\"https:\\\/\\\/comunicacity.net\\\/cancello-ed-arnone\\\/2019\\\/04\\\/09\\\/listituto-di-servizi-per-il-mercato-agricolo-alimentare-ismea-j-aggiornato-il-valore-dei-prezzi-dei-capi-bufalini\\\/#breadcrumb\"},\"inLanguage\":\"it-IT\",\"potentialAction\":[{\"@type\":\"ReadAction\",\"target\":[\"https:\\\/\\\/comunicacity.net\\\/cancello-ed-arnone\\\/2019\\\/04\\\/09\\\/listituto-di-servizi-per-il-mercato-agricolo-alimentare-ismea-j-aggiornato-il-valore-dei-prezzi-dei-capi-bufalini\\\/\"]}]},{\"@type\":\"ImageObject\",\"inLanguage\":\"it-IT\",\"@id\":\"https:\\\/\\\/comunicacity.net\\\/cancello-ed-arnone\\\/2019\\\/04\\\/09\\\/listituto-di-servizi-per-il-mercato-agricolo-alimentare-ismea-j-aggiornato-il-valore-dei-prezzi-dei-capi-bufalini\\\/#primaryimage\",\"url\":\"https:\\\/\\\/comunicacity.net\\\/cancello-ed-arnone\\\/wp-content\\\/uploads\\\/sites\\\/28\\\/2018\\\/06\\\/vuolo.jpg\",\"contentUrl\":\"https:\\\/\\\/comunicacity.net\\\/cancello-ed-arnone\\\/wp-content\\\/uploads\\\/sites\\\/28\\\/2018\\\/06\\\/vuolo.jpg\",\"width\":400,\"height\":400},{\"@type\":\"BreadcrumbList\",\"@id\":\"https:\\\/\\\/comunicacity.net\\\/cancello-ed-arnone\\\/2019\\\/04\\\/09\\\/listituto-di-servizi-per-il-mercato-agricolo-alimentare-ismea-j-aggiornato-il-valore-dei-prezzi-dei-capi-bufalini\\\/#breadcrumb\",\"itemListElement\":[{\"@type\":\"ListItem\",\"position\":1,\"name\":\"Home\",\"item\":\"https:\\\/\\\/comunicacity.net\\\/cancello-ed-arnone\\\/\"},{\"@type\":\"ListItem\",\"position\":2,\"name\":\"L\u2019Istituto di Servizi per il Mercato Agricolo Alimentare (ISMEA) j aggiornato il valore dei prezzi dei capi bufalini.\"}]},{\"@type\":\"WebSite\",\"@id\":\"https:\\\/\\\/comunicacity.net\\\/cancello-ed-arnone\\\/#website\",\"url\":\"https:\\\/\\\/comunicacity.net\\\/cancello-ed-arnone\\\/\",\"name\":\"Cancello ed Arnone\",\"description\":\"ComunicaCity\",\"potentialAction\":[{\"@type\":\"SearchAction\",\"target\":{\"@type\":\"EntryPoint\",\"urlTemplate\":\"https:\\\/\\\/comunicacity.net\\\/cancello-ed-arnone\\\/?s={search_term_string}\"},\"query-input\":{\"@type\":\"PropertyValueSpecification\",\"valueRequired\":true,\"valueName\":\"search_term_string\"}}],\"inLanguage\":\"it-IT\"},{\"@type\":\"Person\",\"@id\":\"https:\\\/\\\/comunicacity.net\\\/cancello-ed-arnone\\\/#\\\/schema\\\/person\\\/eaea9f1aebcbd61eb9878e6232bd2a03\",\"name\":\"Admin_E\",\"image\":{\"@type\":\"ImageObject\",\"inLanguage\":\"it-IT\",\"@id\":\"https:\\\/\\\/secure.gravatar.com\\\/avatar\\\/1eb418f243a360a5c118e205c4f1d666c009a9fac37301044747eacb4938b467?s=96&d=mm&r=g\",\"url\":\"https:\\\/\\\/secure.gravatar.com\\\/avatar\\\/1eb418f243a360a5c118e205c4f1d666c009a9fac37301044747eacb4938b467?s=96&d=mm&r=g\",\"contentUrl\":\"https:\\\/\\\/secure.gravatar.com\\\/avatar\\\/1eb418f243a360a5c118e205c4f1d666c009a9fac37301044747eacb4938b467?s=96&d=mm&r=g\",\"caption\":\"Admin_E\"},\"url\":\"https:\\\/\\\/comunicacity.net\\\/cancello-ed-arnone\\\/author\\\/oollppcancelloarnone\\\/\"}]}<\/script>\n<!-- \/ Yoast SEO plugin. -->","yoast_head_json":{"title":"L\u2019Istituto di Servizi per il Mercato Agricolo Alimentare (ISMEA) j aggiornato il valore dei prezzi dei capi bufalini. - Cancello ed Arnone","robots":{"index":"index","follow":"follow","max-snippet":"max-snippet:-1","max-image-preview":"max-image-preview:large","max-video-preview":"max-video-preview:-1"},"canonical":"https:\/\/comunicacity.net\/cancello-ed-arnone\/2019\/04\/09\/listituto-di-servizi-per-il-mercato-agricolo-alimentare-ismea-j-aggiornato-il-valore-dei-prezzi-dei-capi-bufalini\/","og_locale":"it_IT","og_type":"article","og_title":"L\u2019Istituto di Servizi per il Mercato Agricolo Alimentare (ISMEA) j aggiornato il valore dei prezzi dei capi bufalini. - Cancello ed Arnone","og_description":"Riportiamo integralmente la nota con la quale l\u2019Amministrazione Comunale ha chiesto all\u2019Istituto di Servizi per il Mercato Agricolo Alimentare (ISMEA) l\u2019aggiornamento del valore dei prezzi dei capi bufalini in ragione [&hellip;]","og_url":"https:\/\/comunicacity.net\/cancello-ed-arnone\/2019\/04\/09\/listituto-di-servizi-per-il-mercato-agricolo-alimentare-ismea-j-aggiornato-il-valore-dei-prezzi-dei-capi-bufalini\/","og_site_name":"Cancello ed Arnone","article_publisher":"http:\/\/facebook.com\/ComunicaCity","article_published_time":"2019-04-09T15:35:55+00:00","article_modified_time":"2023-02-02T14:41:38+00:00","og_image":[{"width":400,"height":400,"url":"https:\/\/comunicacity.net\/cancello-ed-arnone\/wp-content\/uploads\/sites\/28\/2018\/06\/vuolo.jpg","type":"image\/jpeg"}],"author":"Admin_E","twitter_card":"summary_large_image","twitter_creator":"@comunicacity","twitter_site":"@comunicacity","twitter_misc":{"Scritto da":"Admin_E","Tempo di lettura stimato":"4 minuti"},"schema":{"@context":"https:\/\/schema.org","@graph":[{"@type":"Article","@id":"https:\/\/comunicacity.net\/cancello-ed-arnone\/2019\/04\/09\/listituto-di-servizi-per-il-mercato-agricolo-alimentare-ismea-j-aggiornato-il-valore-dei-prezzi-dei-capi-bufalini\/#article","isPartOf":{"@id":"https:\/\/comunicacity.net\/cancello-ed-arnone\/2019\/04\/09\/listituto-di-servizi-per-il-mercato-agricolo-alimentare-ismea-j-aggiornato-il-valore-dei-prezzi-dei-capi-bufalini\/"},"author":{"name":"Admin_E","@id":"https:\/\/comunicacity.net\/cancello-ed-arnone\/#\/schema\/person\/eaea9f1aebcbd61eb9878e6232bd2a03"},"headline":"L\u2019Istituto di Servizi per il Mercato Agricolo Alimentare (ISMEA) j aggiornato il valore dei prezzi dei capi bufalini.","datePublished":"2019-04-09T15:35:55+00:00","dateModified":"2023-02-02T14:41:38+00:00","mainEntityOfPage":{"@id":"https:\/\/comunicacity.net\/cancello-ed-arnone\/2019\/04\/09\/listituto-di-servizi-per-il-mercato-agricolo-alimentare-ismea-j-aggiornato-il-valore-dei-prezzi-dei-capi-bufalini\/"},"wordCount":766,"image":{"@id":"https:\/\/comunicacity.net\/cancello-ed-arnone\/2019\/04\/09\/listituto-di-servizi-per-il-mercato-agricolo-alimentare-ismea-j-aggiornato-il-valore-dei-prezzi-dei-capi-bufalini\/#primaryimage"},"thumbnailUrl":"https:\/\/comunicacity.net\/cancello-ed-arnone\/wp-content\/uploads\/sites\/28\/2018\/06\/vuolo.jpg","articleSection":["Notizie e Informazioni"],"inLanguage":"it-IT"},{"@type":"WebPage","@id":"https:\/\/comunicacity.net\/cancello-ed-arnone\/2019\/04\/09\/listituto-di-servizi-per-il-mercato-agricolo-alimentare-ismea-j-aggiornato-il-valore-dei-prezzi-dei-capi-bufalini\/","url":"https:\/\/comunicacity.net\/cancello-ed-arnone\/2019\/04\/09\/listituto-di-servizi-per-il-mercato-agricolo-alimentare-ismea-j-aggiornato-il-valore-dei-prezzi-dei-capi-bufalini\/","name":"L\u2019Istituto di Servizi per il Mercato Agricolo Alimentare (ISMEA) j aggiornato il valore dei prezzi dei capi bufalini. - Cancello ed Arnone","isPartOf":{"@id":"https:\/\/comunicacity.net\/cancello-ed-arnone\/#website"},"primaryImageOfPage":{"@id":"https:\/\/comunicacity.net\/cancello-ed-arnone\/2019\/04\/09\/listituto-di-servizi-per-il-mercato-agricolo-alimentare-ismea-j-aggiornato-il-valore-dei-prezzi-dei-capi-bufalini\/#primaryimage"},"image":{"@id":"https:\/\/comunicacity.net\/cancello-ed-arnone\/2019\/04\/09\/listituto-di-servizi-per-il-mercato-agricolo-alimentare-ismea-j-aggiornato-il-valore-dei-prezzi-dei-capi-bufalini\/#primaryimage"},"thumbnailUrl":"https:\/\/comunicacity.net\/cancello-ed-arnone\/wp-content\/uploads\/sites\/28\/2018\/06\/vuolo.jpg","datePublished":"2019-04-09T15:35:55+00:00","dateModified":"2023-02-02T14:41:38+00:00","author":{"@id":"https:\/\/comunicacity.net\/cancello-ed-arnone\/#\/schema\/person\/eaea9f1aebcbd61eb9878e6232bd2a03"},"breadcrumb":{"@id":"https:\/\/comunicacity.net\/cancello-ed-arnone\/2019\/04\/09\/listituto-di-servizi-per-il-mercato-agricolo-alimentare-ismea-j-aggiornato-il-valore-dei-prezzi-dei-capi-bufalini\/#breadcrumb"},"inLanguage":"it-IT","potentialAction":[{"@type":"ReadAction","target":["https:\/\/comunicacity.net\/cancello-ed-arnone\/2019\/04\/09\/listituto-di-servizi-per-il-mercato-agricolo-alimentare-ismea-j-aggiornato-il-valore-dei-prezzi-dei-capi-bufalini\/"]}]},{"@type":"ImageObject","inLanguage":"it-IT","@id":"https:\/\/comunicacity.net\/cancello-ed-arnone\/2019\/04\/09\/listituto-di-servizi-per-il-mercato-agricolo-alimentare-ismea-j-aggiornato-il-valore-dei-prezzi-dei-capi-bufalini\/#primaryimage","url":"https:\/\/comunicacity.net\/cancello-ed-arnone\/wp-content\/uploads\/sites\/28\/2018\/06\/vuolo.jpg","contentUrl":"https:\/\/comunicacity.net\/cancello-ed-arnone\/wp-content\/uploads\/sites\/28\/2018\/06\/vuolo.jpg","width":400,"height":400},{"@type":"BreadcrumbList","@id":"https:\/\/comunicacity.net\/cancello-ed-arnone\/2019\/04\/09\/listituto-di-servizi-per-il-mercato-agricolo-alimentare-ismea-j-aggiornato-il-valore-dei-prezzi-dei-capi-bufalini\/#breadcrumb","itemListElement":[{"@type":"ListItem","position":1,"name":"Home","item":"https:\/\/comunicacity.net\/cancello-ed-arnone\/"},{"@type":"ListItem","position":2,"name":"L\u2019Istituto di Servizi per il Mercato Agricolo Alimentare (ISMEA) j aggiornato il valore dei prezzi dei capi bufalini."}]},{"@type":"WebSite","@id":"https:\/\/comunicacity.net\/cancello-ed-arnone\/#website","url":"https:\/\/comunicacity.net\/cancello-ed-arnone\/","name":"Cancello ed Arnone","description":"ComunicaCity","potentialAction":[{"@type":"SearchAction","target":{"@type":"EntryPoint","urlTemplate":"https:\/\/comunicacity.net\/cancello-ed-arnone\/?s={search_term_string}"},"query-input":{"@type":"PropertyValueSpecification","valueRequired":true,"valueName":"search_term_string"}}],"inLanguage":"it-IT"},{"@type":"Person","@id":"https:\/\/comunicacity.net\/cancello-ed-arnone\/#\/schema\/person\/eaea9f1aebcbd61eb9878e6232bd2a03","name":"Admin_E","image":{"@type":"ImageObject","inLanguage":"it-IT","@id":"https:\/\/secure.gravatar.com\/avatar\/1eb418f243a360a5c118e205c4f1d666c009a9fac37301044747eacb4938b467?s=96&d=mm&r=g","url":"https:\/\/secure.gravatar.com\/avatar\/1eb418f243a360a5c118e205c4f1d666c009a9fac37301044747eacb4938b467?s=96&d=mm&r=g","contentUrl":"https:\/\/secure.gravatar.com\/avatar\/1eb418f243a360a5c118e205c4f1d666c009a9fac37301044747eacb4938b467?s=96&d=mm&r=g","caption":"Admin_E"},"url":"https:\/\/comunicacity.net\/cancello-ed-arnone\/author\/oollppcancelloarnone\/"}]}},"meta_box":{"cc4_urg_colore":"","cc4_urg_data_inizio":"","cc4_urg_data_fine":"","cc4_cor_positivi_oggi":"","cc4_cor_negativizzati_oggi":"","cc4_cor_deceduti_oggi":"","cc4_cor_positivi_totali":"","cc4_cor_negativizzati_totali":"","cc4_cor_deceduti_totali":"","cc4_cor_attualmente_positivi":"","cc4_eve_data_inizio":"","cc4_eve_data_fine":"","cc4_eve_indirizzo":"","cc4_eve_posizione":{"latitude":"","longitude":"","zoom":""},"cc4_eve_telefono":"","cc4_eve_email":"","cc4_eve_web":"","cc4_eve_fb":"","sitopa_id":""},"_links":{"self":[{"href":"https:\/\/comunicacity.net\/cancello-ed-arnone\/wp-json\/wp\/v2\/posts\/1018","targetHints":{"allow":["GET"]}}],"collection":[{"href":"https:\/\/comunicacity.net\/cancello-ed-arnone\/wp-json\/wp\/v2\/posts"}],"about":[{"href":"https:\/\/comunicacity.net\/cancello-ed-arnone\/wp-json\/wp\/v2\/types\/post"}],"author":[{"embeddable":true,"href":"https:\/\/comunicacity.net\/cancello-ed-arnone\/wp-json\/wp\/v2\/users\/398"}],"replies":[{"embeddable":true,"href":"https:\/\/comunicacity.net\/cancello-ed-arnone\/wp-json\/wp\/v2\/comments?post=1018"}],"version-history":[{"count":1,"href":"https:\/\/comunicacity.net\/cancello-ed-arnone\/wp-json\/wp\/v2\/posts\/1018\/revisions"}],"predecessor-version":[{"id":1019,"href":"https:\/\/comunicacity.net\/cancello-ed-arnone\/wp-json\/wp\/v2\/posts\/1018\/revisions\/1019"}],"wp:featuredmedia":[{"embeddable":true,"href":"https:\/\/comunicacity.net\/cancello-ed-arnone\/wp-json\/wp\/v2\/media\/376"}],"wp:attachment":[{"href":"https:\/\/comunicacity.net\/cancello-ed-arnone\/wp-json\/wp\/v2\/media?parent=1018"}],"wp:term":[{"taxonomy":"category","embeddable":true,"href":"https:\/\/comunicacity.net\/cancello-ed-arnone\/wp-json\/wp\/v2\/categories?post=1018"},{"taxonomy":"post_tag","embeddable":true,"href":"https:\/\/comunicacity.net\/cancello-ed-arnone\/wp-json\/wp\/v2\/tags?post=1018"}],"curies":[{"name":"wp","href":"https:\/\/api.w.org\/{rel}","templated":true}]}}