{"id":1033,"date":"2019-04-17T09:14:50","date_gmt":"2019-04-17T07:14:50","guid":{"rendered":"https:\/\/comunicacity.net\/cancello-ed-arnone\/?p=1033"},"modified":"2023-02-02T15:41:37","modified_gmt":"2023-02-02T14:41:37","slug":"pubblicato-il-bando-terre-di-lavoro-vero-il-5-giugno-2019-termine-ultimo-per-la-presentazione-delle-proposte-progettuali","status":"publish","type":"post","link":"https:\/\/comunicacity.net\/cancello-ed-arnone\/2019\/04\/17\/pubblicato-il-bando-terre-di-lavoro-vero-il-5-giugno-2019-termine-ultimo-per-la-presentazione-delle-proposte-progettuali\/","title":{"rendered":"Pubblicato il Bando \u201cTerre di Lavoro Vero\u201d. Il 5 giugno 2019 termine ultimo per la presentazione delle proposte progettuali."},"content":{"rendered":"<p class=\"p1\"><span class=\"s1\">\u00c8 stato pubblicato, qualche giorno fa, il Bando \u201cTerre di Lavoro Vero\u201d, rivolto alle organizzazioni del terzo settore, per invitarle a presentare proposte progettuali finalizzate a mettere a coltura un fondo agricolo confiscato alla criminalit\u00e0 organizzata, situato nel nostro territorio comunale, che versa in uno stato di sostanziale abbandono, anche attraverso l\u2019inserimento sociale e lavorativo di soggetti svantaggiati, con innovazioni tecnologiche e colturali che permettano di consolidare il posizionamento nei relativi mercati dell\u2019attivit\u00e0 agricola avviata. <\/span><\/p>\n<p class=\"p1\"><span class=\"s1\">La presente iniziativa prevede la concessione gratuita per 10 anni, da parte del Comune, di un fondo di 13 ettari a favore del soggetto responsabile della proposta progettuale selezionata. <\/span><\/p>\n<p class=\"p1\"><span class=\"s1\">Oltre alle attivit\u00e0 di coltivazione e di allevamento ordinarie, nel progetto potranno essere previste attivit\u00e0 di tipo sociale, artigianale, commerciale, turistico-ricettivo ecc. purch\u00e9 strettamente connesse a quelle di carattere agricolo.<\/span><\/p>\n<p class=\"p1\"><span class=\"s1\">Fondazione CON IL SUD, l\u2019associazione no-profit che ha siglato con il comune di Cancello ed Arnone una convenzione per valorizzare, appunto, i terreni confiscati alla criminalit\u00e0 organizzata, mette a disposizione 300 mila euro per un intervento capace di riqualificare il terreno e favorire l\u2019inserimento sociale e lavorativo di giovani e persone svantaggiate.<\/span><\/p>\n<p class=\"p1\"><span class=\"s1\">\u201c\u00c8 un momento di grande soddisfazione per il territorio &#8211; ha dichiarato il sindaco Raffaele Ambrosca &#8211; poich\u00e9 da risorse inespresse e abbandonate si trae sviluppo e lavoro per la nostra comunit\u00e0\u201d. <\/span><\/p>\n<p class=\"p1\"><span class=\"s1\">Le proposte di progetto, corredate di tutta la documentazione, devono essere compilate e inviate esclusivamente on-line, entro e non oltre, le ore 13:00 del 5 giugno 2019, attraverso la piattaforma Ch\u00e0iros messa a disposizione della Fondazione.<\/span><\/p>\n<p class=\"p1\"><span class=\"s1\">\u00c8 possibile scaricare il bando, oltre che dal sito istituzionale della Fondazione www.fondazioneconilsud.it, anche dal sito istituzionale del comune www.cancelloedarnone.ce.it<\/span><\/p>\n","protected":false},"excerpt":{"rendered":"<p>\u00c8 stato pubblicato, qualche giorno fa, il Bando \u201cTerre di Lavoro Vero\u201d, rivolto alle organizzazioni del terzo settore, per invitarle a presentare proposte progettuali finalizzate a mettere a coltura un [&hellip;]<\/p>\n","protected":false},"author":398,"featured_media":1021,"comment_status":"closed","ping_status":"closed","sticky":false,"template":"","format":"standard","meta":{"footnotes":""},"categories":[11],"tags":[],"class_list":["post-1033","post","type-post","status-publish","format-standard","has-post-thumbnail","hentry","category-notizie-e-informazioni"],"yoast_head":"<!-- This site is optimized with the Yoast SEO plugin v27.4 - https:\/\/yoast.com\/product\/yoast-seo-wordpress\/ -->\n<title>Pubblicato il Bando \u201cTerre di Lavoro Vero\u201d. Il 5 giugno 2019 termine ultimo per la presentazione delle proposte progettuali. - Cancello ed Arnone<\/title>\n<meta name=\"robots\" content=\"index, follow, max-snippet:-1, max-image-preview:large, max-video-preview:-1\" \/>\n<link rel=\"canonical\" href=\"https:\/\/comunicacity.net\/cancello-ed-arnone\/2019\/04\/17\/pubblicato-il-bando-terre-di-lavoro-vero-il-5-giugno-2019-termine-ultimo-per-la-presentazione-delle-proposte-progettuali\/\" \/>\n<meta property=\"og:locale\" content=\"it_IT\" \/>\n<meta property=\"og:type\" content=\"article\" \/>\n<meta property=\"og:title\" content=\"Pubblicato il Bando \u201cTerre di Lavoro Vero\u201d. Il 5 giugno 2019 termine ultimo per la presentazione delle proposte progettuali. - Cancello ed Arnone\" \/>\n<meta property=\"og:description\" content=\"\u00c8 stato pubblicato, qualche giorno fa, il Bando \u201cTerre di Lavoro Vero\u201d, rivolto alle organizzazioni del terzo settore, per invitarle a presentare proposte progettuali finalizzate a mettere a coltura un [&hellip;]\" \/>\n<meta property=\"og:url\" content=\"https:\/\/comunicacity.net\/cancello-ed-arnone\/2019\/04\/17\/pubblicato-il-bando-terre-di-lavoro-vero-il-5-giugno-2019-termine-ultimo-per-la-presentazione-delle-proposte-progettuali\/\" \/>\n<meta property=\"og:site_name\" content=\"Cancello ed Arnone\" \/>\n<meta property=\"article:publisher\" content=\"http:\/\/facebook.com\/ComunicaCity\" \/>\n<meta property=\"article:published_time\" content=\"2019-04-17T07:14:50+00:00\" \/>\n<meta property=\"article:modified_time\" content=\"2023-02-02T14:41:37+00:00\" \/>\n<meta property=\"og:image\" content=\"https:\/\/comunicacity.net\/cancello-ed-arnone\/wp-content\/uploads\/sites\/28\/2019\/04\/0122FC38-92D6-4348-840C-6BC5EF90F3CF.jpeg\" \/>\n\t<meta property=\"og:image:width\" content=\"955\" \/>\n\t<meta property=\"og:image:height\" content=\"1083\" \/>\n\t<meta property=\"og:image:type\" content=\"image\/jpeg\" \/>\n<meta name=\"author\" content=\"Admin_E\" \/>\n<meta name=\"twitter:card\" content=\"summary_large_image\" \/>\n<meta name=\"twitter:creator\" content=\"@comunicacity\" \/>\n<meta name=\"twitter:site\" content=\"@comunicacity\" \/>\n<meta name=\"twitter:label1\" content=\"Scritto da\" \/>\n\t<meta name=\"twitter:data1\" content=\"Admin_E\" \/>\n\t<meta name=\"twitter:label2\" content=\"Tempo di lettura stimato\" \/>\n\t<meta name=\"twitter:data2\" content=\"1 minuto\" \/>\n<script type=\"application\/ld+json\" class=\"yoast-schema-graph\">{\"@context\":\"https:\\\/\\\/schema.org\",\"@graph\":[{\"@type\":\"Article\",\"@id\":\"https:\\\/\\\/comunicacity.net\\\/cancello-ed-arnone\\\/2019\\\/04\\\/17\\\/pubblicato-il-bando-terre-di-lavoro-vero-il-5-giugno-2019-termine-ultimo-per-la-presentazione-delle-proposte-progettuali\\\/#article\",\"isPartOf\":{\"@id\":\"https:\\\/\\\/comunicacity.net\\\/cancello-ed-arnone\\\/2019\\\/04\\\/17\\\/pubblicato-il-bando-terre-di-lavoro-vero-il-5-giugno-2019-termine-ultimo-per-la-presentazione-delle-proposte-progettuali\\\/\"},\"author\":{\"name\":\"Admin_E\",\"@id\":\"https:\\\/\\\/comunicacity.net\\\/cancello-ed-arnone\\\/#\\\/schema\\\/person\\\/eaea9f1aebcbd61eb9878e6232bd2a03\"},\"headline\":\"Pubblicato il Bando \u201cTerre di Lavoro Vero\u201d. Il 5 giugno 2019 termine ultimo per la presentazione delle proposte progettuali.\",\"datePublished\":\"2019-04-17T07:14:50+00:00\",\"dateModified\":\"2023-02-02T14:41:37+00:00\",\"mainEntityOfPage\":{\"@id\":\"https:\\\/\\\/comunicacity.net\\\/cancello-ed-arnone\\\/2019\\\/04\\\/17\\\/pubblicato-il-bando-terre-di-lavoro-vero-il-5-giugno-2019-termine-ultimo-per-la-presentazione-delle-proposte-progettuali\\\/\"},\"wordCount\":292,\"image\":{\"@id\":\"https:\\\/\\\/comunicacity.net\\\/cancello-ed-arnone\\\/2019\\\/04\\\/17\\\/pubblicato-il-bando-terre-di-lavoro-vero-il-5-giugno-2019-termine-ultimo-per-la-presentazione-delle-proposte-progettuali\\\/#primaryimage\"},\"thumbnailUrl\":\"https:\\\/\\\/comunicacity.net\\\/cancello-ed-arnone\\\/wp-content\\\/uploads\\\/sites\\\/28\\\/2019\\\/04\\\/0122FC38-92D6-4348-840C-6BC5EF90F3CF.jpeg\",\"articleSection\":[\"Notizie e Informazioni\"],\"inLanguage\":\"it-IT\"},{\"@type\":\"WebPage\",\"@id\":\"https:\\\/\\\/comunicacity.net\\\/cancello-ed-arnone\\\/2019\\\/04\\\/17\\\/pubblicato-il-bando-terre-di-lavoro-vero-il-5-giugno-2019-termine-ultimo-per-la-presentazione-delle-proposte-progettuali\\\/\",\"url\":\"https:\\\/\\\/comunicacity.net\\\/cancello-ed-arnone\\\/2019\\\/04\\\/17\\\/pubblicato-il-bando-terre-di-lavoro-vero-il-5-giugno-2019-termine-ultimo-per-la-presentazione-delle-proposte-progettuali\\\/\",\"name\":\"Pubblicato il Bando \u201cTerre di Lavoro Vero\u201d. Il 5 giugno 2019 termine ultimo per la presentazione delle proposte progettuali. - Cancello ed Arnone\",\"isPartOf\":{\"@id\":\"https:\\\/\\\/comunicacity.net\\\/cancello-ed-arnone\\\/#website\"},\"primaryImageOfPage\":{\"@id\":\"https:\\\/\\\/comunicacity.net\\\/cancello-ed-arnone\\\/2019\\\/04\\\/17\\\/pubblicato-il-bando-terre-di-lavoro-vero-il-5-giugno-2019-termine-ultimo-per-la-presentazione-delle-proposte-progettuali\\\/#primaryimage\"},\"image\":{\"@id\":\"https:\\\/\\\/comunicacity.net\\\/cancello-ed-arnone\\\/2019\\\/04\\\/17\\\/pubblicato-il-bando-terre-di-lavoro-vero-il-5-giugno-2019-termine-ultimo-per-la-presentazione-delle-proposte-progettuali\\\/#primaryimage\"},\"thumbnailUrl\":\"https:\\\/\\\/comunicacity.net\\\/cancello-ed-arnone\\\/wp-content\\\/uploads\\\/sites\\\/28\\\/2019\\\/04\\\/0122FC38-92D6-4348-840C-6BC5EF90F3CF.jpeg\",\"datePublished\":\"2019-04-17T07:14:50+00:00\",\"dateModified\":\"2023-02-02T14:41:37+00:00\",\"author\":{\"@id\":\"https:\\\/\\\/comunicacity.net\\\/cancello-ed-arnone\\\/#\\\/schema\\\/person\\\/eaea9f1aebcbd61eb9878e6232bd2a03\"},\"breadcrumb\":{\"@id\":\"https:\\\/\\\/comunicacity.net\\\/cancello-ed-arnone\\\/2019\\\/04\\\/17\\\/pubblicato-il-bando-terre-di-lavoro-vero-il-5-giugno-2019-termine-ultimo-per-la-presentazione-delle-proposte-progettuali\\\/#breadcrumb\"},\"inLanguage\":\"it-IT\",\"potentialAction\":[{\"@type\":\"ReadAction\",\"target\":[\"https:\\\/\\\/comunicacity.net\\\/cancello-ed-arnone\\\/2019\\\/04\\\/17\\\/pubblicato-il-bando-terre-di-lavoro-vero-il-5-giugno-2019-termine-ultimo-per-la-presentazione-delle-proposte-progettuali\\\/\"]}]},{\"@type\":\"ImageObject\",\"inLanguage\":\"it-IT\",\"@id\":\"https:\\\/\\\/comunicacity.net\\\/cancello-ed-arnone\\\/2019\\\/04\\\/17\\\/pubblicato-il-bando-terre-di-lavoro-vero-il-5-giugno-2019-termine-ultimo-per-la-presentazione-delle-proposte-progettuali\\\/#primaryimage\",\"url\":\"https:\\\/\\\/comunicacity.net\\\/cancello-ed-arnone\\\/wp-content\\\/uploads\\\/sites\\\/28\\\/2019\\\/04\\\/0122FC38-92D6-4348-840C-6BC5EF90F3CF.jpeg\",\"contentUrl\":\"https:\\\/\\\/comunicacity.net\\\/cancello-ed-arnone\\\/wp-content\\\/uploads\\\/sites\\\/28\\\/2019\\\/04\\\/0122FC38-92D6-4348-840C-6BC5EF90F3CF.jpeg\",\"width\":955,\"height\":1083,\"caption\":\"bdr\"},{\"@type\":\"BreadcrumbList\",\"@id\":\"https:\\\/\\\/comunicacity.net\\\/cancello-ed-arnone\\\/2019\\\/04\\\/17\\\/pubblicato-il-bando-terre-di-lavoro-vero-il-5-giugno-2019-termine-ultimo-per-la-presentazione-delle-proposte-progettuali\\\/#breadcrumb\",\"itemListElement\":[{\"@type\":\"ListItem\",\"position\":1,\"name\":\"Home\",\"item\":\"https:\\\/\\\/comunicacity.net\\\/cancello-ed-arnone\\\/\"},{\"@type\":\"ListItem\",\"position\":2,\"name\":\"Pubblicato il Bando \u201cTerre di Lavoro Vero\u201d. Il 5 giugno 2019 termine ultimo per la presentazione delle proposte progettuali.\"}]},{\"@type\":\"WebSite\",\"@id\":\"https:\\\/\\\/comunicacity.net\\\/cancello-ed-arnone\\\/#website\",\"url\":\"https:\\\/\\\/comunicacity.net\\\/cancello-ed-arnone\\\/\",\"name\":\"Cancello ed Arnone\",\"description\":\"ComunicaCity\",\"potentialAction\":[{\"@type\":\"SearchAction\",\"target\":{\"@type\":\"EntryPoint\",\"urlTemplate\":\"https:\\\/\\\/comunicacity.net\\\/cancello-ed-arnone\\\/?s={search_term_string}\"},\"query-input\":{\"@type\":\"PropertyValueSpecification\",\"valueRequired\":true,\"valueName\":\"search_term_string\"}}],\"inLanguage\":\"it-IT\"},{\"@type\":\"Person\",\"@id\":\"https:\\\/\\\/comunicacity.net\\\/cancello-ed-arnone\\\/#\\\/schema\\\/person\\\/eaea9f1aebcbd61eb9878e6232bd2a03\",\"name\":\"Admin_E\",\"image\":{\"@type\":\"ImageObject\",\"inLanguage\":\"it-IT\",\"@id\":\"https:\\\/\\\/secure.gravatar.com\\\/avatar\\\/1eb418f243a360a5c118e205c4f1d666c009a9fac37301044747eacb4938b467?s=96&d=mm&r=g\",\"url\":\"https:\\\/\\\/secure.gravatar.com\\\/avatar\\\/1eb418f243a360a5c118e205c4f1d666c009a9fac37301044747eacb4938b467?s=96&d=mm&r=g\",\"contentUrl\":\"https:\\\/\\\/secure.gravatar.com\\\/avatar\\\/1eb418f243a360a5c118e205c4f1d666c009a9fac37301044747eacb4938b467?s=96&d=mm&r=g\",\"caption\":\"Admin_E\"},\"url\":\"https:\\\/\\\/comunicacity.net\\\/cancello-ed-arnone\\\/author\\\/oollppcancelloarnone\\\/\"}]}<\/script>\n<!-- \/ Yoast SEO plugin. -->","yoast_head_json":{"title":"Pubblicato il Bando \u201cTerre di Lavoro Vero\u201d. Il 5 giugno 2019 termine ultimo per la presentazione delle proposte progettuali. - Cancello ed Arnone","robots":{"index":"index","follow":"follow","max-snippet":"max-snippet:-1","max-image-preview":"max-image-preview:large","max-video-preview":"max-video-preview:-1"},"canonical":"https:\/\/comunicacity.net\/cancello-ed-arnone\/2019\/04\/17\/pubblicato-il-bando-terre-di-lavoro-vero-il-5-giugno-2019-termine-ultimo-per-la-presentazione-delle-proposte-progettuali\/","og_locale":"it_IT","og_type":"article","og_title":"Pubblicato il Bando \u201cTerre di Lavoro Vero\u201d. Il 5 giugno 2019 termine ultimo per la presentazione delle proposte progettuali. - Cancello ed Arnone","og_description":"\u00c8 stato pubblicato, qualche giorno fa, il Bando \u201cTerre di Lavoro Vero\u201d, rivolto alle organizzazioni del terzo settore, per invitarle a presentare proposte progettuali finalizzate a mettere a coltura un [&hellip;]","og_url":"https:\/\/comunicacity.net\/cancello-ed-arnone\/2019\/04\/17\/pubblicato-il-bando-terre-di-lavoro-vero-il-5-giugno-2019-termine-ultimo-per-la-presentazione-delle-proposte-progettuali\/","og_site_name":"Cancello ed Arnone","article_publisher":"http:\/\/facebook.com\/ComunicaCity","article_published_time":"2019-04-17T07:14:50+00:00","article_modified_time":"2023-02-02T14:41:37+00:00","og_image":[{"width":955,"height":1083,"url":"https:\/\/comunicacity.net\/cancello-ed-arnone\/wp-content\/uploads\/sites\/28\/2019\/04\/0122FC38-92D6-4348-840C-6BC5EF90F3CF.jpeg","type":"image\/jpeg"}],"author":"Admin_E","twitter_card":"summary_large_image","twitter_creator":"@comunicacity","twitter_site":"@comunicacity","twitter_misc":{"Scritto da":"Admin_E","Tempo di lettura stimato":"1 minuto"},"schema":{"@context":"https:\/\/schema.org","@graph":[{"@type":"Article","@id":"https:\/\/comunicacity.net\/cancello-ed-arnone\/2019\/04\/17\/pubblicato-il-bando-terre-di-lavoro-vero-il-5-giugno-2019-termine-ultimo-per-la-presentazione-delle-proposte-progettuali\/#article","isPartOf":{"@id":"https:\/\/comunicacity.net\/cancello-ed-arnone\/2019\/04\/17\/pubblicato-il-bando-terre-di-lavoro-vero-il-5-giugno-2019-termine-ultimo-per-la-presentazione-delle-proposte-progettuali\/"},"author":{"name":"Admin_E","@id":"https:\/\/comunicacity.net\/cancello-ed-arnone\/#\/schema\/person\/eaea9f1aebcbd61eb9878e6232bd2a03"},"headline":"Pubblicato il Bando \u201cTerre di Lavoro Vero\u201d. Il 5 giugno 2019 termine ultimo per la presentazione delle proposte progettuali.","datePublished":"2019-04-17T07:14:50+00:00","dateModified":"2023-02-02T14:41:37+00:00","mainEntityOfPage":{"@id":"https:\/\/comunicacity.net\/cancello-ed-arnone\/2019\/04\/17\/pubblicato-il-bando-terre-di-lavoro-vero-il-5-giugno-2019-termine-ultimo-per-la-presentazione-delle-proposte-progettuali\/"},"wordCount":292,"image":{"@id":"https:\/\/comunicacity.net\/cancello-ed-arnone\/2019\/04\/17\/pubblicato-il-bando-terre-di-lavoro-vero-il-5-giugno-2019-termine-ultimo-per-la-presentazione-delle-proposte-progettuali\/#primaryimage"},"thumbnailUrl":"https:\/\/comunicacity.net\/cancello-ed-arnone\/wp-content\/uploads\/sites\/28\/2019\/04\/0122FC38-92D6-4348-840C-6BC5EF90F3CF.jpeg","articleSection":["Notizie e Informazioni"],"inLanguage":"it-IT"},{"@type":"WebPage","@id":"https:\/\/comunicacity.net\/cancello-ed-arnone\/2019\/04\/17\/pubblicato-il-bando-terre-di-lavoro-vero-il-5-giugno-2019-termine-ultimo-per-la-presentazione-delle-proposte-progettuali\/","url":"https:\/\/comunicacity.net\/cancello-ed-arnone\/2019\/04\/17\/pubblicato-il-bando-terre-di-lavoro-vero-il-5-giugno-2019-termine-ultimo-per-la-presentazione-delle-proposte-progettuali\/","name":"Pubblicato il Bando \u201cTerre di Lavoro Vero\u201d. Il 5 giugno 2019 termine ultimo per la presentazione delle proposte progettuali. - Cancello ed Arnone","isPartOf":{"@id":"https:\/\/comunicacity.net\/cancello-ed-arnone\/#website"},"primaryImageOfPage":{"@id":"https:\/\/comunicacity.net\/cancello-ed-arnone\/2019\/04\/17\/pubblicato-il-bando-terre-di-lavoro-vero-il-5-giugno-2019-termine-ultimo-per-la-presentazione-delle-proposte-progettuali\/#primaryimage"},"image":{"@id":"https:\/\/comunicacity.net\/cancello-ed-arnone\/2019\/04\/17\/pubblicato-il-bando-terre-di-lavoro-vero-il-5-giugno-2019-termine-ultimo-per-la-presentazione-delle-proposte-progettuali\/#primaryimage"},"thumbnailUrl":"https:\/\/comunicacity.net\/cancello-ed-arnone\/wp-content\/uploads\/sites\/28\/2019\/04\/0122FC38-92D6-4348-840C-6BC5EF90F3CF.jpeg","datePublished":"2019-04-17T07:14:50+00:00","dateModified":"2023-02-02T14:41:37+00:00","author":{"@id":"https:\/\/comunicacity.net\/cancello-ed-arnone\/#\/schema\/person\/eaea9f1aebcbd61eb9878e6232bd2a03"},"breadcrumb":{"@id":"https:\/\/comunicacity.net\/cancello-ed-arnone\/2019\/04\/17\/pubblicato-il-bando-terre-di-lavoro-vero-il-5-giugno-2019-termine-ultimo-per-la-presentazione-delle-proposte-progettuali\/#breadcrumb"},"inLanguage":"it-IT","potentialAction":[{"@type":"ReadAction","target":["https:\/\/comunicacity.net\/cancello-ed-arnone\/2019\/04\/17\/pubblicato-il-bando-terre-di-lavoro-vero-il-5-giugno-2019-termine-ultimo-per-la-presentazione-delle-proposte-progettuali\/"]}]},{"@type":"ImageObject","inLanguage":"it-IT","@id":"https:\/\/comunicacity.net\/cancello-ed-arnone\/2019\/04\/17\/pubblicato-il-bando-terre-di-lavoro-vero-il-5-giugno-2019-termine-ultimo-per-la-presentazione-delle-proposte-progettuali\/#primaryimage","url":"https:\/\/comunicacity.net\/cancello-ed-arnone\/wp-content\/uploads\/sites\/28\/2019\/04\/0122FC38-92D6-4348-840C-6BC5EF90F3CF.jpeg","contentUrl":"https:\/\/comunicacity.net\/cancello-ed-arnone\/wp-content\/uploads\/sites\/28\/2019\/04\/0122FC38-92D6-4348-840C-6BC5EF90F3CF.jpeg","width":955,"height":1083,"caption":"bdr"},{"@type":"BreadcrumbList","@id":"https:\/\/comunicacity.net\/cancello-ed-arnone\/2019\/04\/17\/pubblicato-il-bando-terre-di-lavoro-vero-il-5-giugno-2019-termine-ultimo-per-la-presentazione-delle-proposte-progettuali\/#breadcrumb","itemListElement":[{"@type":"ListItem","position":1,"name":"Home","item":"https:\/\/comunicacity.net\/cancello-ed-arnone\/"},{"@type":"ListItem","position":2,"name":"Pubblicato il Bando \u201cTerre di Lavoro Vero\u201d. Il 5 giugno 2019 termine ultimo per la presentazione delle proposte progettuali."}]},{"@type":"WebSite","@id":"https:\/\/comunicacity.net\/cancello-ed-arnone\/#website","url":"https:\/\/comunicacity.net\/cancello-ed-arnone\/","name":"Cancello ed Arnone","description":"ComunicaCity","potentialAction":[{"@type":"SearchAction","target":{"@type":"EntryPoint","urlTemplate":"https:\/\/comunicacity.net\/cancello-ed-arnone\/?s={search_term_string}"},"query-input":{"@type":"PropertyValueSpecification","valueRequired":true,"valueName":"search_term_string"}}],"inLanguage":"it-IT"},{"@type":"Person","@id":"https:\/\/comunicacity.net\/cancello-ed-arnone\/#\/schema\/person\/eaea9f1aebcbd61eb9878e6232bd2a03","name":"Admin_E","image":{"@type":"ImageObject","inLanguage":"it-IT","@id":"https:\/\/secure.gravatar.com\/avatar\/1eb418f243a360a5c118e205c4f1d666c009a9fac37301044747eacb4938b467?s=96&d=mm&r=g","url":"https:\/\/secure.gravatar.com\/avatar\/1eb418f243a360a5c118e205c4f1d666c009a9fac37301044747eacb4938b467?s=96&d=mm&r=g","contentUrl":"https:\/\/secure.gravatar.com\/avatar\/1eb418f243a360a5c118e205c4f1d666c009a9fac37301044747eacb4938b467?s=96&d=mm&r=g","caption":"Admin_E"},"url":"https:\/\/comunicacity.net\/cancello-ed-arnone\/author\/oollppcancelloarnone\/"}]}},"meta_box":{"cc4_urg_colore":"","cc4_urg_data_inizio":"","cc4_urg_data_fine":"","cc4_cor_positivi_oggi":"","cc4_cor_negativizzati_oggi":"","cc4_cor_deceduti_oggi":"","cc4_cor_positivi_totali":"","cc4_cor_negativizzati_totali":"","cc4_cor_deceduti_totali":"","cc4_cor_attualmente_positivi":"","cc4_eve_data_inizio":"","cc4_eve_data_fine":"","cc4_eve_indirizzo":"","cc4_eve_posizione":{"latitude":"","longitude":"","zoom":""},"cc4_eve_telefono":"","cc4_eve_email":"","cc4_eve_web":"","cc4_eve_fb":"","sitopa_id":""},"_links":{"self":[{"href":"https:\/\/comunicacity.net\/cancello-ed-arnone\/wp-json\/wp\/v2\/posts\/1033","targetHints":{"allow":["GET"]}}],"collection":[{"href":"https:\/\/comunicacity.net\/cancello-ed-arnone\/wp-json\/wp\/v2\/posts"}],"about":[{"href":"https:\/\/comunicacity.net\/cancello-ed-arnone\/wp-json\/wp\/v2\/types\/post"}],"author":[{"embeddable":true,"href":"https:\/\/comunicacity.net\/cancello-ed-arnone\/wp-json\/wp\/v2\/users\/398"}],"replies":[{"embeddable":true,"href":"https:\/\/comunicacity.net\/cancello-ed-arnone\/wp-json\/wp\/v2\/comments?post=1033"}],"version-history":[{"count":1,"href":"https:\/\/comunicacity.net\/cancello-ed-arnone\/wp-json\/wp\/v2\/posts\/1033\/revisions"}],"predecessor-version":[{"id":1034,"href":"https:\/\/comunicacity.net\/cancello-ed-arnone\/wp-json\/wp\/v2\/posts\/1033\/revisions\/1034"}],"wp:featuredmedia":[{"embeddable":true,"href":"https:\/\/comunicacity.net\/cancello-ed-arnone\/wp-json\/wp\/v2\/media\/1021"}],"wp:attachment":[{"href":"https:\/\/comunicacity.net\/cancello-ed-arnone\/wp-json\/wp\/v2\/media?parent=1033"}],"wp:term":[{"taxonomy":"category","embeddable":true,"href":"https:\/\/comunicacity.net\/cancello-ed-arnone\/wp-json\/wp\/v2\/categories?post=1033"},{"taxonomy":"post_tag","embeddable":true,"href":"https:\/\/comunicacity.net\/cancello-ed-arnone\/wp-json\/wp\/v2\/tags?post=1033"}],"curies":[{"name":"wp","href":"https:\/\/api.w.org\/{rel}","templated":true}]}}