{"id":1044,"date":"2019-05-01T09:26:18","date_gmt":"2019-05-01T07:26:18","guid":{"rendered":"https:\/\/comunicacity.net\/cancello-ed-arnone\/?p=1044"},"modified":"2023-02-02T15:41:36","modified_gmt":"2023-02-02T14:41:36","slug":"ieri-il-convegno-i-beni-confiscati-riscatto-di-un-territorio-incrocio-tra-conoscenze-il-segreto-per-crescere","status":"publish","type":"post","link":"https:\/\/comunicacity.net\/cancello-ed-arnone\/2019\/05\/01\/ieri-il-convegno-i-beni-confiscati-riscatto-di-un-territorio-incrocio-tra-conoscenze-il-segreto-per-crescere\/","title":{"rendered":"Ieri il convegno \u201cI BENI CONFISCATI RISCATTO DI UN TERRITORIO\u201d. Incrocio tra conoscenze il segreto per crescere."},"content":{"rendered":"<p class=\"p1\"><span class=\"s1\">Ieri mattina, nella Sala Consiliare del Comune, si \u00e8 tenuto il convegno \u201cI BENI CONFISCATI RISCATTO DI UN TERRITORIO\u201d.<\/span><\/p>\n<p class=\"p1\"><span class=\"s1\">L\u2019iniziativa ha posto l\u2019attenzione sul tema dei beni confiscati e del loro riutilizzo sociale e su quanto sia importante far rinascere terreni in passato in mano alla criminalit\u00e0 organizzata.<\/span><\/p>\n<p class=\"p1\"><span class=\"s1\">\u00c8 stato presentato il progetto che l\u2019Associazione Libera, la Cooperativa Sociale Esperanto, esponenti del mondo universitario, hanno pensato e che metteranno in atto sul terreno confiscato nel nostro Comune; 10 ettari che, da ieri, hanno il nome di Michele Landa, vittima innocente della camorra. In questo terreno, restituito alla collettivit\u00e0, saranno coltivati prodotti ortofrutticoli, pomodori e allevati polli biologici. <\/span><\/p>\n<p class=\"p1\"><span class=\"s1\">Il Sindaco Raffaele Ambrosca ha introdotto i lavori, facendo gli onori di casa e dicendosi inorgoglito da questa manifestazione. \u201cIl Comune di Cancello ed Arnone &#8211; spiega il primo cittadino &#8211; pu\u00f2 definirsi epicentro di una zona che ha avuto dei trascorsi certamente non brillanti dal punto di vista della sofferenza arrecata dalla criminalit\u00e0 organizzata. Cancello ed Arnone possiede 50 ettari di terreno che la magistratura e le forze dell\u2019ordine hanno confiscato alla camorra e poi affidato al Comune, alcuni dei quali gi\u00e0 assegnati alle varie associazioni. Per gli altri ettari, 13 per la precisione, abbiamo ritenuto di conferirli con una convenzione a Fondazione CON IL SUD, la quale metter\u00e0 a disposizione del progetto che riterr\u00e0 di premiare, 300 mila euro. Progetto essenzialmente di natura agricola sul quale noi riteniamo di incentrare una fase di sviluppo e di occupazione per i nostri giovani. I beni confiscati alla criminalit\u00e0 organizzata costituiscono, in concreto, una risorsa per il territorio, un\u2019opportunit\u00e0 di sviluppo e di crescita civile\u201d. <\/span><\/p>\n<p class=\"p1\"><span class=\"s1\">Al tavolo dei relatori, insieme al Sindaco Ambrosca, presenti l\u2019assessore all\u2019agricoltura e alla sanit\u00e0 Gabriele Di Vuolo, Alessandro Buffardi, Presidente dell\u2019Associazione Effetto Larsen, Fabio Giuliani, esponente regionale di \u201cLibera. Associazioni, Nomi e Numeri contro le mafie\u201d, Giovanni Conzo, Procuratore aggiunto della Repubblica di Benevento, la prof.ssa dell\u2019Universit\u00e0 degli Studi di Napoli \u201cFederico II\u201d &#8211; Polo delle Scienze e delle Tecnologie, Facolt\u00e0 di Architettura- Dipartimento di Progettazione Urbana e di Urbanistica Arch. Emma Buondonno, il prof. Antonio Limone, Direttore Generale dell\u2019Istituto Zooprofilattico Sperimentale del Mezzogiorno e Sandro Ruotolo, giornalista d\u2019inchiesta anti-mafia, sotto scorta. <\/span><\/p>\n<p class=\"p1\"><span class=\"s1\">Coordinatore dell\u2019evento Gianfranco Nappi, Responsabile progetti strategici Citt\u00e0 della Scienza.<\/span><\/p>\n<p class=\"p1\"><span class=\"s1\">\u201cQuesti progetti trovo che abbiano un aspetto sia etico che sociale &#8211; afferma l\u2019assessore Di Vuolo -. Etico e sociale perch\u00e9 si parte da fondi confiscati alla camorra, poi affidati a cooperative, per trarne dei benefici per la collettivit\u00e0. Produrre ma con rispetto, con ecosostenibilit\u00e0. Produrre sano e buono\u201d.<\/span><\/p>\n<p><img loading=\"lazy\" decoding=\"async\" class=\"alignnone size-medium wp-image-1050\" src=\"https:\/\/comunicacity.net\/cancello-ed-arnone\/wp-content\/uploads\/sites\/28\/2019\/05\/717DBAE5-32E4-486C-B5F5-774AEEBFDEE7-300x169.jpeg\" alt=\"\" width=\"300\" height=\"169\" srcset=\"https:\/\/comunicacity.net\/cancello-ed-arnone\/wp-content\/uploads\/sites\/28\/2019\/05\/717DBAE5-32E4-486C-B5F5-774AEEBFDEE7-300x169.jpeg 300w, https:\/\/comunicacity.net\/cancello-ed-arnone\/wp-content\/uploads\/sites\/28\/2019\/05\/717DBAE5-32E4-486C-B5F5-774AEEBFDEE7-768x431.jpeg 768w, https:\/\/comunicacity.net\/cancello-ed-arnone\/wp-content\/uploads\/sites\/28\/2019\/05\/717DBAE5-32E4-486C-B5F5-774AEEBFDEE7-1024x575.jpeg 1024w, https:\/\/comunicacity.net\/cancello-ed-arnone\/wp-content\/uploads\/sites\/28\/2019\/05\/717DBAE5-32E4-486C-B5F5-774AEEBFDEE7-680x382.jpeg 680w, https:\/\/comunicacity.net\/cancello-ed-arnone\/wp-content\/uploads\/sites\/28\/2019\/05\/717DBAE5-32E4-486C-B5F5-774AEEBFDEE7.jpeg 1239w\" sizes=\"auto, (max-width: 300px) 100vw, 300px\" \/><\/p>\n<p><img loading=\"lazy\" decoding=\"async\" class=\"alignnone size-medium wp-image-1046\" src=\"https:\/\/comunicacity.net\/cancello-ed-arnone\/wp-content\/uploads\/sites\/28\/2019\/05\/0DC65B44-BB43-469A-A41D-615721D16B5B-300x169.jpeg\" alt=\"\" width=\"300\" height=\"169\" srcset=\"https:\/\/comunicacity.net\/cancello-ed-arnone\/wp-content\/uploads\/sites\/28\/2019\/05\/0DC65B44-BB43-469A-A41D-615721D16B5B-300x169.jpeg 300w, https:\/\/comunicacity.net\/cancello-ed-arnone\/wp-content\/uploads\/sites\/28\/2019\/05\/0DC65B44-BB43-469A-A41D-615721D16B5B-768x432.jpeg 768w, https:\/\/comunicacity.net\/cancello-ed-arnone\/wp-content\/uploads\/sites\/28\/2019\/05\/0DC65B44-BB43-469A-A41D-615721D16B5B-1024x576.jpeg 1024w, https:\/\/comunicacity.net\/cancello-ed-arnone\/wp-content\/uploads\/sites\/28\/2019\/05\/0DC65B44-BB43-469A-A41D-615721D16B5B-680x383.jpeg 680w\" sizes=\"auto, (max-width: 300px) 100vw, 300px\" \/><\/p>\n<p><img loading=\"lazy\" decoding=\"async\" class=\"alignnone size-medium wp-image-1045\" src=\"https:\/\/comunicacity.net\/cancello-ed-arnone\/wp-content\/uploads\/sites\/28\/2019\/05\/572C1DE0-76FE-4EAC-BA06-8D257A48B0EB-300x169.jpeg\" alt=\"\" width=\"300\" height=\"169\" srcset=\"https:\/\/comunicacity.net\/cancello-ed-arnone\/wp-content\/uploads\/sites\/28\/2019\/05\/572C1DE0-76FE-4EAC-BA06-8D257A48B0EB-300x169.jpeg 300w, https:\/\/comunicacity.net\/cancello-ed-arnone\/wp-content\/uploads\/sites\/28\/2019\/05\/572C1DE0-76FE-4EAC-BA06-8D257A48B0EB-768x432.jpeg 768w, https:\/\/comunicacity.net\/cancello-ed-arnone\/wp-content\/uploads\/sites\/28\/2019\/05\/572C1DE0-76FE-4EAC-BA06-8D257A48B0EB-1024x576.jpeg 1024w, https:\/\/comunicacity.net\/cancello-ed-arnone\/wp-content\/uploads\/sites\/28\/2019\/05\/572C1DE0-76FE-4EAC-BA06-8D257A48B0EB-680x383.jpeg 680w\" sizes=\"auto, (max-width: 300px) 100vw, 300px\" \/><\/p>\n<p><img loading=\"lazy\" decoding=\"async\" class=\"alignnone size-medium wp-image-1049\" src=\"https:\/\/comunicacity.net\/cancello-ed-arnone\/wp-content\/uploads\/sites\/28\/2019\/05\/86258630-BBCE-4874-8B78-9836AC9B23E6-300x225.jpeg\" alt=\"\" width=\"300\" height=\"225\" srcset=\"https:\/\/comunicacity.net\/cancello-ed-arnone\/wp-content\/uploads\/sites\/28\/2019\/05\/86258630-BBCE-4874-8B78-9836AC9B23E6-300x225.jpeg 300w, https:\/\/comunicacity.net\/cancello-ed-arnone\/wp-content\/uploads\/sites\/28\/2019\/05\/86258630-BBCE-4874-8B78-9836AC9B23E6-768x577.jpeg 768w, https:\/\/comunicacity.net\/cancello-ed-arnone\/wp-content\/uploads\/sites\/28\/2019\/05\/86258630-BBCE-4874-8B78-9836AC9B23E6-1024x769.jpeg 1024w, https:\/\/comunicacity.net\/cancello-ed-arnone\/wp-content\/uploads\/sites\/28\/2019\/05\/86258630-BBCE-4874-8B78-9836AC9B23E6-680x510.jpeg 680w, https:\/\/comunicacity.net\/cancello-ed-arnone\/wp-content\/uploads\/sites\/28\/2019\/05\/86258630-BBCE-4874-8B78-9836AC9B23E6.jpeg 2046w\" sizes=\"auto, (max-width: 300px) 100vw, 300px\" \/><\/p>\n<p><img loading=\"lazy\" decoding=\"async\" class=\"alignnone size-medium wp-image-1047\" src=\"https:\/\/comunicacity.net\/cancello-ed-arnone\/wp-content\/uploads\/sites\/28\/2019\/05\/3208764C-E2DE-4E6E-A436-8E228A107E23-300x225.jpeg\" alt=\"\" width=\"300\" height=\"225\" srcset=\"https:\/\/comunicacity.net\/cancello-ed-arnone\/wp-content\/uploads\/sites\/28\/2019\/05\/3208764C-E2DE-4E6E-A436-8E228A107E23-300x225.jpeg 300w, https:\/\/comunicacity.net\/cancello-ed-arnone\/wp-content\/uploads\/sites\/28\/2019\/05\/3208764C-E2DE-4E6E-A436-8E228A107E23-768x576.jpeg 768w, https:\/\/comunicacity.net\/cancello-ed-arnone\/wp-content\/uploads\/sites\/28\/2019\/05\/3208764C-E2DE-4E6E-A436-8E228A107E23-1024x768.jpeg 1024w, https:\/\/comunicacity.net\/cancello-ed-arnone\/wp-content\/uploads\/sites\/28\/2019\/05\/3208764C-E2DE-4E6E-A436-8E228A107E23-680x510.jpeg 680w, https:\/\/comunicacity.net\/cancello-ed-arnone\/wp-content\/uploads\/sites\/28\/2019\/05\/3208764C-E2DE-4E6E-A436-8E228A107E23.jpeg 2048w\" sizes=\"auto, (max-width: 300px) 100vw, 300px\" \/><\/p>\n<p><img loading=\"lazy\" decoding=\"async\" class=\"alignnone size-medium wp-image-1048\" src=\"https:\/\/comunicacity.net\/cancello-ed-arnone\/wp-content\/uploads\/sites\/28\/2019\/05\/1376714F-60FA-4903-81A2-733D9FEDD0F6-300x225.jpeg\" alt=\"\" width=\"300\" height=\"225\" srcset=\"https:\/\/comunicacity.net\/cancello-ed-arnone\/wp-content\/uploads\/sites\/28\/2019\/05\/1376714F-60FA-4903-81A2-733D9FEDD0F6-300x225.jpeg 300w, https:\/\/comunicacity.net\/cancello-ed-arnone\/wp-content\/uploads\/sites\/28\/2019\/05\/1376714F-60FA-4903-81A2-733D9FEDD0F6-768x576.jpeg 768w, https:\/\/comunicacity.net\/cancello-ed-arnone\/wp-content\/uploads\/sites\/28\/2019\/05\/1376714F-60FA-4903-81A2-733D9FEDD0F6-1024x768.jpeg 1024w, https:\/\/comunicacity.net\/cancello-ed-arnone\/wp-content\/uploads\/sites\/28\/2019\/05\/1376714F-60FA-4903-81A2-733D9FEDD0F6-680x510.jpeg 680w\" sizes=\"auto, (max-width: 300px) 100vw, 300px\" \/><\/p>\n","protected":false},"excerpt":{"rendered":"<p>Ieri mattina, nella Sala Consiliare del Comune, si \u00e8 tenuto il convegno \u201cI BENI CONFISCATI RISCATTO DI UN TERRITORIO\u201d. L\u2019iniziativa ha posto l\u2019attenzione sul tema dei beni confiscati e del [&hellip;]<\/p>\n","protected":false},"author":398,"featured_media":1050,"comment_status":"closed","ping_status":"closed","sticky":false,"template":"","format":"standard","meta":{"footnotes":""},"categories":[11],"tags":[],"class_list":["post-1044","post","type-post","status-publish","format-standard","has-post-thumbnail","hentry","category-notizie-e-informazioni"],"yoast_head":"<!-- This site is optimized with the Yoast SEO plugin v27.4 - https:\/\/yoast.com\/product\/yoast-seo-wordpress\/ -->\n<title>Ieri il convegno \u201cI BENI CONFISCATI RISCATTO DI UN TERRITORIO\u201d. Incrocio tra conoscenze il segreto per crescere. - Cancello ed Arnone<\/title>\n<meta name=\"robots\" content=\"index, follow, max-snippet:-1, max-image-preview:large, max-video-preview:-1\" \/>\n<link rel=\"canonical\" href=\"https:\/\/comunicacity.net\/cancello-ed-arnone\/2019\/05\/01\/ieri-il-convegno-i-beni-confiscati-riscatto-di-un-territorio-incrocio-tra-conoscenze-il-segreto-per-crescere\/\" \/>\n<meta property=\"og:locale\" content=\"it_IT\" \/>\n<meta property=\"og:type\" content=\"article\" \/>\n<meta property=\"og:title\" content=\"Ieri il convegno \u201cI BENI CONFISCATI RISCATTO DI UN TERRITORIO\u201d. Incrocio tra conoscenze il segreto per crescere. - Cancello ed Arnone\" \/>\n<meta property=\"og:description\" content=\"Ieri mattina, nella Sala Consiliare del Comune, si \u00e8 tenuto il convegno \u201cI BENI CONFISCATI RISCATTO DI UN TERRITORIO\u201d. L\u2019iniziativa ha posto l\u2019attenzione sul tema dei beni confiscati e del [&hellip;]\" \/>\n<meta property=\"og:url\" content=\"https:\/\/comunicacity.net\/cancello-ed-arnone\/2019\/05\/01\/ieri-il-convegno-i-beni-confiscati-riscatto-di-un-territorio-incrocio-tra-conoscenze-il-segreto-per-crescere\/\" \/>\n<meta property=\"og:site_name\" content=\"Cancello ed Arnone\" \/>\n<meta property=\"article:publisher\" content=\"http:\/\/facebook.com\/ComunicaCity\" \/>\n<meta property=\"article:published_time\" content=\"2019-05-01T07:26:18+00:00\" \/>\n<meta property=\"article:modified_time\" content=\"2023-02-02T14:41:36+00:00\" \/>\n<meta property=\"og:image\" content=\"https:\/\/comunicacity.net\/cancello-ed-arnone\/wp-content\/uploads\/sites\/28\/2019\/05\/717DBAE5-32E4-486C-B5F5-774AEEBFDEE7.jpeg\" \/>\n\t<meta property=\"og:image:width\" content=\"1239\" \/>\n\t<meta property=\"og:image:height\" content=\"696\" \/>\n\t<meta property=\"og:image:type\" content=\"image\/jpeg\" \/>\n<meta name=\"author\" content=\"Admin_E\" \/>\n<meta name=\"twitter:card\" content=\"summary_large_image\" \/>\n<meta name=\"twitter:creator\" content=\"@comunicacity\" \/>\n<meta name=\"twitter:site\" content=\"@comunicacity\" \/>\n<meta name=\"twitter:label1\" content=\"Scritto da\" \/>\n\t<meta name=\"twitter:data1\" content=\"Admin_E\" \/>\n\t<meta name=\"twitter:label2\" content=\"Tempo di lettura stimato\" \/>\n\t<meta name=\"twitter:data2\" content=\"2 minuti\" \/>\n<script type=\"application\/ld+json\" class=\"yoast-schema-graph\">{\"@context\":\"https:\\\/\\\/schema.org\",\"@graph\":[{\"@type\":\"Article\",\"@id\":\"https:\\\/\\\/comunicacity.net\\\/cancello-ed-arnone\\\/2019\\\/05\\\/01\\\/ieri-il-convegno-i-beni-confiscati-riscatto-di-un-territorio-incrocio-tra-conoscenze-il-segreto-per-crescere\\\/#article\",\"isPartOf\":{\"@id\":\"https:\\\/\\\/comunicacity.net\\\/cancello-ed-arnone\\\/2019\\\/05\\\/01\\\/ieri-il-convegno-i-beni-confiscati-riscatto-di-un-territorio-incrocio-tra-conoscenze-il-segreto-per-crescere\\\/\"},\"author\":{\"name\":\"Admin_E\",\"@id\":\"https:\\\/\\\/comunicacity.net\\\/cancello-ed-arnone\\\/#\\\/schema\\\/person\\\/eaea9f1aebcbd61eb9878e6232bd2a03\"},\"headline\":\"Ieri il convegno \u201cI BENI CONFISCATI RISCATTO DI UN TERRITORIO\u201d. Incrocio tra conoscenze il segreto per crescere.\",\"datePublished\":\"2019-05-01T07:26:18+00:00\",\"dateModified\":\"2023-02-02T14:41:36+00:00\",\"mainEntityOfPage\":{\"@id\":\"https:\\\/\\\/comunicacity.net\\\/cancello-ed-arnone\\\/2019\\\/05\\\/01\\\/ieri-il-convegno-i-beni-confiscati-riscatto-di-un-territorio-incrocio-tra-conoscenze-il-segreto-per-crescere\\\/\"},\"wordCount\":447,\"image\":{\"@id\":\"https:\\\/\\\/comunicacity.net\\\/cancello-ed-arnone\\\/2019\\\/05\\\/01\\\/ieri-il-convegno-i-beni-confiscati-riscatto-di-un-territorio-incrocio-tra-conoscenze-il-segreto-per-crescere\\\/#primaryimage\"},\"thumbnailUrl\":\"https:\\\/\\\/comunicacity.net\\\/cancello-ed-arnone\\\/wp-content\\\/uploads\\\/sites\\\/28\\\/2019\\\/05\\\/717DBAE5-32E4-486C-B5F5-774AEEBFDEE7.jpeg\",\"articleSection\":[\"Notizie e Informazioni\"],\"inLanguage\":\"it-IT\"},{\"@type\":\"WebPage\",\"@id\":\"https:\\\/\\\/comunicacity.net\\\/cancello-ed-arnone\\\/2019\\\/05\\\/01\\\/ieri-il-convegno-i-beni-confiscati-riscatto-di-un-territorio-incrocio-tra-conoscenze-il-segreto-per-crescere\\\/\",\"url\":\"https:\\\/\\\/comunicacity.net\\\/cancello-ed-arnone\\\/2019\\\/05\\\/01\\\/ieri-il-convegno-i-beni-confiscati-riscatto-di-un-territorio-incrocio-tra-conoscenze-il-segreto-per-crescere\\\/\",\"name\":\"Ieri il convegno \u201cI BENI CONFISCATI RISCATTO DI UN TERRITORIO\u201d. Incrocio tra conoscenze il segreto per crescere. - Cancello ed Arnone\",\"isPartOf\":{\"@id\":\"https:\\\/\\\/comunicacity.net\\\/cancello-ed-arnone\\\/#website\"},\"primaryImageOfPage\":{\"@id\":\"https:\\\/\\\/comunicacity.net\\\/cancello-ed-arnone\\\/2019\\\/05\\\/01\\\/ieri-il-convegno-i-beni-confiscati-riscatto-di-un-territorio-incrocio-tra-conoscenze-il-segreto-per-crescere\\\/#primaryimage\"},\"image\":{\"@id\":\"https:\\\/\\\/comunicacity.net\\\/cancello-ed-arnone\\\/2019\\\/05\\\/01\\\/ieri-il-convegno-i-beni-confiscati-riscatto-di-un-territorio-incrocio-tra-conoscenze-il-segreto-per-crescere\\\/#primaryimage\"},\"thumbnailUrl\":\"https:\\\/\\\/comunicacity.net\\\/cancello-ed-arnone\\\/wp-content\\\/uploads\\\/sites\\\/28\\\/2019\\\/05\\\/717DBAE5-32E4-486C-B5F5-774AEEBFDEE7.jpeg\",\"datePublished\":\"2019-05-01T07:26:18+00:00\",\"dateModified\":\"2023-02-02T14:41:36+00:00\",\"author\":{\"@id\":\"https:\\\/\\\/comunicacity.net\\\/cancello-ed-arnone\\\/#\\\/schema\\\/person\\\/eaea9f1aebcbd61eb9878e6232bd2a03\"},\"breadcrumb\":{\"@id\":\"https:\\\/\\\/comunicacity.net\\\/cancello-ed-arnone\\\/2019\\\/05\\\/01\\\/ieri-il-convegno-i-beni-confiscati-riscatto-di-un-territorio-incrocio-tra-conoscenze-il-segreto-per-crescere\\\/#breadcrumb\"},\"inLanguage\":\"it-IT\",\"potentialAction\":[{\"@type\":\"ReadAction\",\"target\":[\"https:\\\/\\\/comunicacity.net\\\/cancello-ed-arnone\\\/2019\\\/05\\\/01\\\/ieri-il-convegno-i-beni-confiscati-riscatto-di-un-territorio-incrocio-tra-conoscenze-il-segreto-per-crescere\\\/\"]}]},{\"@type\":\"ImageObject\",\"inLanguage\":\"it-IT\",\"@id\":\"https:\\\/\\\/comunicacity.net\\\/cancello-ed-arnone\\\/2019\\\/05\\\/01\\\/ieri-il-convegno-i-beni-confiscati-riscatto-di-un-territorio-incrocio-tra-conoscenze-il-segreto-per-crescere\\\/#primaryimage\",\"url\":\"https:\\\/\\\/comunicacity.net\\\/cancello-ed-arnone\\\/wp-content\\\/uploads\\\/sites\\\/28\\\/2019\\\/05\\\/717DBAE5-32E4-486C-B5F5-774AEEBFDEE7.jpeg\",\"contentUrl\":\"https:\\\/\\\/comunicacity.net\\\/cancello-ed-arnone\\\/wp-content\\\/uploads\\\/sites\\\/28\\\/2019\\\/05\\\/717DBAE5-32E4-486C-B5F5-774AEEBFDEE7.jpeg\",\"width\":1239,\"height\":696},{\"@type\":\"BreadcrumbList\",\"@id\":\"https:\\\/\\\/comunicacity.net\\\/cancello-ed-arnone\\\/2019\\\/05\\\/01\\\/ieri-il-convegno-i-beni-confiscati-riscatto-di-un-territorio-incrocio-tra-conoscenze-il-segreto-per-crescere\\\/#breadcrumb\",\"itemListElement\":[{\"@type\":\"ListItem\",\"position\":1,\"name\":\"Home\",\"item\":\"https:\\\/\\\/comunicacity.net\\\/cancello-ed-arnone\\\/\"},{\"@type\":\"ListItem\",\"position\":2,\"name\":\"Ieri il convegno \u201cI BENI CONFISCATI RISCATTO DI UN TERRITORIO\u201d. Incrocio tra conoscenze il segreto per crescere.\"}]},{\"@type\":\"WebSite\",\"@id\":\"https:\\\/\\\/comunicacity.net\\\/cancello-ed-arnone\\\/#website\",\"url\":\"https:\\\/\\\/comunicacity.net\\\/cancello-ed-arnone\\\/\",\"name\":\"Cancello ed Arnone\",\"description\":\"ComunicaCity\",\"potentialAction\":[{\"@type\":\"SearchAction\",\"target\":{\"@type\":\"EntryPoint\",\"urlTemplate\":\"https:\\\/\\\/comunicacity.net\\\/cancello-ed-arnone\\\/?s={search_term_string}\"},\"query-input\":{\"@type\":\"PropertyValueSpecification\",\"valueRequired\":true,\"valueName\":\"search_term_string\"}}],\"inLanguage\":\"it-IT\"},{\"@type\":\"Person\",\"@id\":\"https:\\\/\\\/comunicacity.net\\\/cancello-ed-arnone\\\/#\\\/schema\\\/person\\\/eaea9f1aebcbd61eb9878e6232bd2a03\",\"name\":\"Admin_E\",\"image\":{\"@type\":\"ImageObject\",\"inLanguage\":\"it-IT\",\"@id\":\"https:\\\/\\\/secure.gravatar.com\\\/avatar\\\/1eb418f243a360a5c118e205c4f1d666c009a9fac37301044747eacb4938b467?s=96&d=mm&r=g\",\"url\":\"https:\\\/\\\/secure.gravatar.com\\\/avatar\\\/1eb418f243a360a5c118e205c4f1d666c009a9fac37301044747eacb4938b467?s=96&d=mm&r=g\",\"contentUrl\":\"https:\\\/\\\/secure.gravatar.com\\\/avatar\\\/1eb418f243a360a5c118e205c4f1d666c009a9fac37301044747eacb4938b467?s=96&d=mm&r=g\",\"caption\":\"Admin_E\"},\"url\":\"https:\\\/\\\/comunicacity.net\\\/cancello-ed-arnone\\\/author\\\/oollppcancelloarnone\\\/\"}]}<\/script>\n<!-- \/ Yoast SEO plugin. -->","yoast_head_json":{"title":"Ieri il convegno \u201cI BENI CONFISCATI RISCATTO DI UN TERRITORIO\u201d. Incrocio tra conoscenze il segreto per crescere. - Cancello ed Arnone","robots":{"index":"index","follow":"follow","max-snippet":"max-snippet:-1","max-image-preview":"max-image-preview:large","max-video-preview":"max-video-preview:-1"},"canonical":"https:\/\/comunicacity.net\/cancello-ed-arnone\/2019\/05\/01\/ieri-il-convegno-i-beni-confiscati-riscatto-di-un-territorio-incrocio-tra-conoscenze-il-segreto-per-crescere\/","og_locale":"it_IT","og_type":"article","og_title":"Ieri il convegno \u201cI BENI CONFISCATI RISCATTO DI UN TERRITORIO\u201d. Incrocio tra conoscenze il segreto per crescere. - Cancello ed Arnone","og_description":"Ieri mattina, nella Sala Consiliare del Comune, si \u00e8 tenuto il convegno \u201cI BENI CONFISCATI RISCATTO DI UN TERRITORIO\u201d. L\u2019iniziativa ha posto l\u2019attenzione sul tema dei beni confiscati e del [&hellip;]","og_url":"https:\/\/comunicacity.net\/cancello-ed-arnone\/2019\/05\/01\/ieri-il-convegno-i-beni-confiscati-riscatto-di-un-territorio-incrocio-tra-conoscenze-il-segreto-per-crescere\/","og_site_name":"Cancello ed Arnone","article_publisher":"http:\/\/facebook.com\/ComunicaCity","article_published_time":"2019-05-01T07:26:18+00:00","article_modified_time":"2023-02-02T14:41:36+00:00","og_image":[{"width":1239,"height":696,"url":"https:\/\/comunicacity.net\/cancello-ed-arnone\/wp-content\/uploads\/sites\/28\/2019\/05\/717DBAE5-32E4-486C-B5F5-774AEEBFDEE7.jpeg","type":"image\/jpeg"}],"author":"Admin_E","twitter_card":"summary_large_image","twitter_creator":"@comunicacity","twitter_site":"@comunicacity","twitter_misc":{"Scritto da":"Admin_E","Tempo di lettura stimato":"2 minuti"},"schema":{"@context":"https:\/\/schema.org","@graph":[{"@type":"Article","@id":"https:\/\/comunicacity.net\/cancello-ed-arnone\/2019\/05\/01\/ieri-il-convegno-i-beni-confiscati-riscatto-di-un-territorio-incrocio-tra-conoscenze-il-segreto-per-crescere\/#article","isPartOf":{"@id":"https:\/\/comunicacity.net\/cancello-ed-arnone\/2019\/05\/01\/ieri-il-convegno-i-beni-confiscati-riscatto-di-un-territorio-incrocio-tra-conoscenze-il-segreto-per-crescere\/"},"author":{"name":"Admin_E","@id":"https:\/\/comunicacity.net\/cancello-ed-arnone\/#\/schema\/person\/eaea9f1aebcbd61eb9878e6232bd2a03"},"headline":"Ieri il convegno \u201cI BENI CONFISCATI RISCATTO DI UN TERRITORIO\u201d. Incrocio tra conoscenze il segreto per crescere.","datePublished":"2019-05-01T07:26:18+00:00","dateModified":"2023-02-02T14:41:36+00:00","mainEntityOfPage":{"@id":"https:\/\/comunicacity.net\/cancello-ed-arnone\/2019\/05\/01\/ieri-il-convegno-i-beni-confiscati-riscatto-di-un-territorio-incrocio-tra-conoscenze-il-segreto-per-crescere\/"},"wordCount":447,"image":{"@id":"https:\/\/comunicacity.net\/cancello-ed-arnone\/2019\/05\/01\/ieri-il-convegno-i-beni-confiscati-riscatto-di-un-territorio-incrocio-tra-conoscenze-il-segreto-per-crescere\/#primaryimage"},"thumbnailUrl":"https:\/\/comunicacity.net\/cancello-ed-arnone\/wp-content\/uploads\/sites\/28\/2019\/05\/717DBAE5-32E4-486C-B5F5-774AEEBFDEE7.jpeg","articleSection":["Notizie e Informazioni"],"inLanguage":"it-IT"},{"@type":"WebPage","@id":"https:\/\/comunicacity.net\/cancello-ed-arnone\/2019\/05\/01\/ieri-il-convegno-i-beni-confiscati-riscatto-di-un-territorio-incrocio-tra-conoscenze-il-segreto-per-crescere\/","url":"https:\/\/comunicacity.net\/cancello-ed-arnone\/2019\/05\/01\/ieri-il-convegno-i-beni-confiscati-riscatto-di-un-territorio-incrocio-tra-conoscenze-il-segreto-per-crescere\/","name":"Ieri il convegno \u201cI BENI CONFISCATI RISCATTO DI UN TERRITORIO\u201d. Incrocio tra conoscenze il segreto per crescere. - Cancello ed Arnone","isPartOf":{"@id":"https:\/\/comunicacity.net\/cancello-ed-arnone\/#website"},"primaryImageOfPage":{"@id":"https:\/\/comunicacity.net\/cancello-ed-arnone\/2019\/05\/01\/ieri-il-convegno-i-beni-confiscati-riscatto-di-un-territorio-incrocio-tra-conoscenze-il-segreto-per-crescere\/#primaryimage"},"image":{"@id":"https:\/\/comunicacity.net\/cancello-ed-arnone\/2019\/05\/01\/ieri-il-convegno-i-beni-confiscati-riscatto-di-un-territorio-incrocio-tra-conoscenze-il-segreto-per-crescere\/#primaryimage"},"thumbnailUrl":"https:\/\/comunicacity.net\/cancello-ed-arnone\/wp-content\/uploads\/sites\/28\/2019\/05\/717DBAE5-32E4-486C-B5F5-774AEEBFDEE7.jpeg","datePublished":"2019-05-01T07:26:18+00:00","dateModified":"2023-02-02T14:41:36+00:00","author":{"@id":"https:\/\/comunicacity.net\/cancello-ed-arnone\/#\/schema\/person\/eaea9f1aebcbd61eb9878e6232bd2a03"},"breadcrumb":{"@id":"https:\/\/comunicacity.net\/cancello-ed-arnone\/2019\/05\/01\/ieri-il-convegno-i-beni-confiscati-riscatto-di-un-territorio-incrocio-tra-conoscenze-il-segreto-per-crescere\/#breadcrumb"},"inLanguage":"it-IT","potentialAction":[{"@type":"ReadAction","target":["https:\/\/comunicacity.net\/cancello-ed-arnone\/2019\/05\/01\/ieri-il-convegno-i-beni-confiscati-riscatto-di-un-territorio-incrocio-tra-conoscenze-il-segreto-per-crescere\/"]}]},{"@type":"ImageObject","inLanguage":"it-IT","@id":"https:\/\/comunicacity.net\/cancello-ed-arnone\/2019\/05\/01\/ieri-il-convegno-i-beni-confiscati-riscatto-di-un-territorio-incrocio-tra-conoscenze-il-segreto-per-crescere\/#primaryimage","url":"https:\/\/comunicacity.net\/cancello-ed-arnone\/wp-content\/uploads\/sites\/28\/2019\/05\/717DBAE5-32E4-486C-B5F5-774AEEBFDEE7.jpeg","contentUrl":"https:\/\/comunicacity.net\/cancello-ed-arnone\/wp-content\/uploads\/sites\/28\/2019\/05\/717DBAE5-32E4-486C-B5F5-774AEEBFDEE7.jpeg","width":1239,"height":696},{"@type":"BreadcrumbList","@id":"https:\/\/comunicacity.net\/cancello-ed-arnone\/2019\/05\/01\/ieri-il-convegno-i-beni-confiscati-riscatto-di-un-territorio-incrocio-tra-conoscenze-il-segreto-per-crescere\/#breadcrumb","itemListElement":[{"@type":"ListItem","position":1,"name":"Home","item":"https:\/\/comunicacity.net\/cancello-ed-arnone\/"},{"@type":"ListItem","position":2,"name":"Ieri il convegno \u201cI BENI CONFISCATI RISCATTO DI UN TERRITORIO\u201d. Incrocio tra conoscenze il segreto per crescere."}]},{"@type":"WebSite","@id":"https:\/\/comunicacity.net\/cancello-ed-arnone\/#website","url":"https:\/\/comunicacity.net\/cancello-ed-arnone\/","name":"Cancello ed Arnone","description":"ComunicaCity","potentialAction":[{"@type":"SearchAction","target":{"@type":"EntryPoint","urlTemplate":"https:\/\/comunicacity.net\/cancello-ed-arnone\/?s={search_term_string}"},"query-input":{"@type":"PropertyValueSpecification","valueRequired":true,"valueName":"search_term_string"}}],"inLanguage":"it-IT"},{"@type":"Person","@id":"https:\/\/comunicacity.net\/cancello-ed-arnone\/#\/schema\/person\/eaea9f1aebcbd61eb9878e6232bd2a03","name":"Admin_E","image":{"@type":"ImageObject","inLanguage":"it-IT","@id":"https:\/\/secure.gravatar.com\/avatar\/1eb418f243a360a5c118e205c4f1d666c009a9fac37301044747eacb4938b467?s=96&d=mm&r=g","url":"https:\/\/secure.gravatar.com\/avatar\/1eb418f243a360a5c118e205c4f1d666c009a9fac37301044747eacb4938b467?s=96&d=mm&r=g","contentUrl":"https:\/\/secure.gravatar.com\/avatar\/1eb418f243a360a5c118e205c4f1d666c009a9fac37301044747eacb4938b467?s=96&d=mm&r=g","caption":"Admin_E"},"url":"https:\/\/comunicacity.net\/cancello-ed-arnone\/author\/oollppcancelloarnone\/"}]}},"meta_box":{"cc4_urg_colore":"","cc4_urg_data_inizio":"","cc4_urg_data_fine":"","cc4_cor_positivi_oggi":"","cc4_cor_negativizzati_oggi":"","cc4_cor_deceduti_oggi":"","cc4_cor_positivi_totali":"","cc4_cor_negativizzati_totali":"","cc4_cor_deceduti_totali":"","cc4_cor_attualmente_positivi":"","cc4_eve_data_inizio":"","cc4_eve_data_fine":"","cc4_eve_indirizzo":"","cc4_eve_posizione":{"latitude":"","longitude":"","zoom":""},"cc4_eve_telefono":"","cc4_eve_email":"","cc4_eve_web":"","cc4_eve_fb":"","sitopa_id":""},"_links":{"self":[{"href":"https:\/\/comunicacity.net\/cancello-ed-arnone\/wp-json\/wp\/v2\/posts\/1044","targetHints":{"allow":["GET"]}}],"collection":[{"href":"https:\/\/comunicacity.net\/cancello-ed-arnone\/wp-json\/wp\/v2\/posts"}],"about":[{"href":"https:\/\/comunicacity.net\/cancello-ed-arnone\/wp-json\/wp\/v2\/types\/post"}],"author":[{"embeddable":true,"href":"https:\/\/comunicacity.net\/cancello-ed-arnone\/wp-json\/wp\/v2\/users\/398"}],"replies":[{"embeddable":true,"href":"https:\/\/comunicacity.net\/cancello-ed-arnone\/wp-json\/wp\/v2\/comments?post=1044"}],"version-history":[{"count":1,"href":"https:\/\/comunicacity.net\/cancello-ed-arnone\/wp-json\/wp\/v2\/posts\/1044\/revisions"}],"predecessor-version":[{"id":1053,"href":"https:\/\/comunicacity.net\/cancello-ed-arnone\/wp-json\/wp\/v2\/posts\/1044\/revisions\/1053"}],"wp:featuredmedia":[{"embeddable":true,"href":"https:\/\/comunicacity.net\/cancello-ed-arnone\/wp-json\/wp\/v2\/media\/1050"}],"wp:attachment":[{"href":"https:\/\/comunicacity.net\/cancello-ed-arnone\/wp-json\/wp\/v2\/media?parent=1044"}],"wp:term":[{"taxonomy":"category","embeddable":true,"href":"https:\/\/comunicacity.net\/cancello-ed-arnone\/wp-json\/wp\/v2\/categories?post=1044"},{"taxonomy":"post_tag","embeddable":true,"href":"https:\/\/comunicacity.net\/cancello-ed-arnone\/wp-json\/wp\/v2\/tags?post=1044"}],"curies":[{"name":"wp","href":"https:\/\/api.w.org\/{rel}","templated":true}]}}