{"id":1070,"date":"2019-05-22T13:21:57","date_gmt":"2019-05-22T11:21:57","guid":{"rendered":"https:\/\/comunicacity.net\/cancello-ed-arnone\/?p=1070"},"modified":"2023-02-02T15:41:34","modified_gmt":"2023-02-02T14:41:34","slug":"successo-per-il-corso-convegno-autismo-e-aba","status":"publish","type":"post","link":"https:\/\/comunicacity.net\/cancello-ed-arnone\/2019\/05\/22\/successo-per-il-corso-convegno-autismo-e-aba\/","title":{"rendered":"Successo per il corso-convegno \u201cAutismo e ABA\u201d."},"content":{"rendered":"<p>L\u2019autismo, o meglio definito disturbi dello spettro autistico, \u00e8 un disturbo del neuro sviluppo che coinvolge principalmente tre aree: linguaggio e comunicazione, interazione sociale e interessi ristretti e stereotipati.<br \/>\nL\u2019autismo \u00e8 ora chiamato disturbo dello spettro autistico (ASD) poich\u00e9 copre un ampio spettro di sintomi, abilit\u00e0 e livelli di disabilit\u00e0 e varia in gravit\u00e0 in base al livello di compromissione che limita l\u2019autonomia nella vita quotidiana.<br \/>\nI bambini con autismo hanno difficolt\u00e0 a comunicare, a comprendere il pensiero altrui ed hanno una difficolt\u00e0 ad esprimersi con parole o attraverso la gestualit\u00e0 e i movimenti facciali.<br \/>\nOltre a soffrire di una iper sensibilizzazione nei confronti di rumori e suoni, i bambini con autismo possono essere soggetti a movimenti del corpo ripetitivi e stereotipati, come dondolio, auto stimolazione o battito di mani.<br \/>\nI sintomi dell\u2019autismo appaiono tipicamente durante i primi tre anni di vita. Alcuni bambini mostrano segni dalla nascita, altri, invece, sembrano svilupparsi normalmente all\u2019inizio, per poi scivolare improvvisamente nei sintomi quando hanno tra i 18 e i 36 mesi.<br \/>\nLe cause dell\u2019autismo risultano ancora oggi sconosciute. Esistono tre categorie di fattori di rischio: genetico, ambientale, differenze nella biologia cerebrale.<br \/>\nLa ricerca sostiene che una combinazione di questi fattori di rischio si traduce in autismo, ma, proprio come ogni bambino con disturbi dello spettro autistico \u00e8 diverso, le potenziali \u201ccause\u201d o \u201ccombinazioni\u201d di fattori di rischio si manifestano in modo diverso.<br \/>\nQuesti i temi trattati nel corso del convegno \u201cAutismo e ABA\u201d, tenutosi ieri presso l\u2019Aula Magna dell\u2019Istituto Comprensivo Ugo Foscolo, dal dott. Elpidio Cecere, docente di Psicologia, Disabilit\u00e0 e Autismo, tutor riabilitativo ABA, educatore e autore del libro \u201cDall\u2019altra parte dell\u2019etichetta\u201d.<br \/>\nUn evento formativo di spessore reso possibile, in primis, dall\u2019interesse che l\u2019amministrazione comunale sta dimostrando per il sociale, al quale erano presenti insegnanti, genitori e operatori sociali.<br \/>\nAmministrazione comunale rappresentata dall\u2019assessore Annamaria Di Puorto, a cui \u00e8 stato affidato l\u2019indirizzo di saluto, entusiasta dell\u2019importante momento rivolto ad un tema oggi pi\u00f9 attuale che mai.<\/p>\n<p><img loading=\"lazy\" decoding=\"async\" class=\"alignnone size-medium wp-image-1072\" src=\"https:\/\/comunicacity.net\/cancello-ed-arnone\/wp-content\/uploads\/sites\/28\/2019\/05\/C33D46C1-EA4E-47B6-9809-0292DE5B8898-300x225.jpeg\" alt=\"\" width=\"300\" height=\"225\" srcset=\"https:\/\/comunicacity.net\/cancello-ed-arnone\/wp-content\/uploads\/sites\/28\/2019\/05\/C33D46C1-EA4E-47B6-9809-0292DE5B8898-300x225.jpeg 300w, https:\/\/comunicacity.net\/cancello-ed-arnone\/wp-content\/uploads\/sites\/28\/2019\/05\/C33D46C1-EA4E-47B6-9809-0292DE5B8898-768x576.jpeg 768w, https:\/\/comunicacity.net\/cancello-ed-arnone\/wp-content\/uploads\/sites\/28\/2019\/05\/C33D46C1-EA4E-47B6-9809-0292DE5B8898-1024x768.jpeg 1024w, https:\/\/comunicacity.net\/cancello-ed-arnone\/wp-content\/uploads\/sites\/28\/2019\/05\/C33D46C1-EA4E-47B6-9809-0292DE5B8898-680x510.jpeg 680w\" sizes=\"auto, (max-width: 300px) 100vw, 300px\" \/><\/p>\n","protected":false},"excerpt":{"rendered":"<p>L\u2019autismo, o meglio definito disturbi dello spettro autistico, \u00e8 un disturbo del neuro sviluppo che coinvolge principalmente tre aree: linguaggio e comunicazione, interazione sociale e interessi ristretti e stereotipati. L\u2019autismo [&hellip;]<\/p>\n","protected":false},"author":398,"featured_media":1071,"comment_status":"closed","ping_status":"closed","sticky":false,"template":"","format":"standard","meta":{"footnotes":""},"categories":[11],"tags":[],"class_list":["post-1070","post","type-post","status-publish","format-standard","has-post-thumbnail","hentry","category-notizie-e-informazioni"],"yoast_head":"<!-- This site is optimized with the Yoast SEO plugin v27.4 - https:\/\/yoast.com\/product\/yoast-seo-wordpress\/ -->\n<title>Successo per il corso-convegno \u201cAutismo e ABA\u201d. - Cancello ed Arnone<\/title>\n<meta name=\"robots\" content=\"index, follow, max-snippet:-1, max-image-preview:large, max-video-preview:-1\" \/>\n<link rel=\"canonical\" href=\"https:\/\/comunicacity.net\/cancello-ed-arnone\/2019\/05\/22\/successo-per-il-corso-convegno-autismo-e-aba\/\" \/>\n<meta property=\"og:locale\" content=\"it_IT\" \/>\n<meta property=\"og:type\" content=\"article\" \/>\n<meta property=\"og:title\" content=\"Successo per il corso-convegno \u201cAutismo e ABA\u201d. - Cancello ed Arnone\" \/>\n<meta property=\"og:description\" content=\"L\u2019autismo, o meglio definito disturbi dello spettro autistico, \u00e8 un disturbo del neuro sviluppo che coinvolge principalmente tre aree: linguaggio e comunicazione, interazione sociale e interessi ristretti e stereotipati. L\u2019autismo [&hellip;]\" \/>\n<meta property=\"og:url\" content=\"https:\/\/comunicacity.net\/cancello-ed-arnone\/2019\/05\/22\/successo-per-il-corso-convegno-autismo-e-aba\/\" \/>\n<meta property=\"og:site_name\" content=\"Cancello ed Arnone\" \/>\n<meta property=\"article:publisher\" content=\"http:\/\/facebook.com\/ComunicaCity\" \/>\n<meta property=\"article:published_time\" content=\"2019-05-22T11:21:57+00:00\" \/>\n<meta property=\"article:modified_time\" content=\"2023-02-02T14:41:34+00:00\" \/>\n<meta property=\"og:image\" content=\"https:\/\/comunicacity.net\/cancello-ed-arnone\/wp-content\/uploads\/sites\/28\/2019\/05\/1A5828AB-8D4C-448A-8450-8F329E1B8C41.jpeg\" \/>\n\t<meta property=\"og:image:width\" content=\"4022\" \/>\n\t<meta property=\"og:image:height\" content=\"3016\" \/>\n\t<meta property=\"og:image:type\" content=\"image\/jpeg\" \/>\n<meta name=\"author\" content=\"Admin_E\" \/>\n<meta name=\"twitter:card\" content=\"summary_large_image\" \/>\n<meta name=\"twitter:creator\" content=\"@comunicacity\" \/>\n<meta name=\"twitter:site\" content=\"@comunicacity\" \/>\n<meta name=\"twitter:label1\" content=\"Scritto da\" \/>\n\t<meta name=\"twitter:data1\" content=\"Admin_E\" \/>\n\t<meta name=\"twitter:label2\" content=\"Tempo di lettura stimato\" \/>\n\t<meta name=\"twitter:data2\" content=\"2 minuti\" \/>\n<script type=\"application\/ld+json\" class=\"yoast-schema-graph\">{\"@context\":\"https:\\\/\\\/schema.org\",\"@graph\":[{\"@type\":\"Article\",\"@id\":\"https:\\\/\\\/comunicacity.net\\\/cancello-ed-arnone\\\/2019\\\/05\\\/22\\\/successo-per-il-corso-convegno-autismo-e-aba\\\/#article\",\"isPartOf\":{\"@id\":\"https:\\\/\\\/comunicacity.net\\\/cancello-ed-arnone\\\/2019\\\/05\\\/22\\\/successo-per-il-corso-convegno-autismo-e-aba\\\/\"},\"author\":{\"name\":\"Admin_E\",\"@id\":\"https:\\\/\\\/comunicacity.net\\\/cancello-ed-arnone\\\/#\\\/schema\\\/person\\\/eaea9f1aebcbd61eb9878e6232bd2a03\"},\"headline\":\"Successo per il corso-convegno \u201cAutismo e ABA\u201d.\",\"datePublished\":\"2019-05-22T11:21:57+00:00\",\"dateModified\":\"2023-02-02T14:41:34+00:00\",\"mainEntityOfPage\":{\"@id\":\"https:\\\/\\\/comunicacity.net\\\/cancello-ed-arnone\\\/2019\\\/05\\\/22\\\/successo-per-il-corso-convegno-autismo-e-aba\\\/\"},\"wordCount\":341,\"image\":{\"@id\":\"https:\\\/\\\/comunicacity.net\\\/cancello-ed-arnone\\\/2019\\\/05\\\/22\\\/successo-per-il-corso-convegno-autismo-e-aba\\\/#primaryimage\"},\"thumbnailUrl\":\"https:\\\/\\\/comunicacity.net\\\/cancello-ed-arnone\\\/wp-content\\\/uploads\\\/sites\\\/28\\\/2019\\\/05\\\/1A5828AB-8D4C-448A-8450-8F329E1B8C41.jpeg\",\"articleSection\":[\"Notizie e Informazioni\"],\"inLanguage\":\"it-IT\"},{\"@type\":\"WebPage\",\"@id\":\"https:\\\/\\\/comunicacity.net\\\/cancello-ed-arnone\\\/2019\\\/05\\\/22\\\/successo-per-il-corso-convegno-autismo-e-aba\\\/\",\"url\":\"https:\\\/\\\/comunicacity.net\\\/cancello-ed-arnone\\\/2019\\\/05\\\/22\\\/successo-per-il-corso-convegno-autismo-e-aba\\\/\",\"name\":\"Successo per il corso-convegno \u201cAutismo e ABA\u201d. - Cancello ed Arnone\",\"isPartOf\":{\"@id\":\"https:\\\/\\\/comunicacity.net\\\/cancello-ed-arnone\\\/#website\"},\"primaryImageOfPage\":{\"@id\":\"https:\\\/\\\/comunicacity.net\\\/cancello-ed-arnone\\\/2019\\\/05\\\/22\\\/successo-per-il-corso-convegno-autismo-e-aba\\\/#primaryimage\"},\"image\":{\"@id\":\"https:\\\/\\\/comunicacity.net\\\/cancello-ed-arnone\\\/2019\\\/05\\\/22\\\/successo-per-il-corso-convegno-autismo-e-aba\\\/#primaryimage\"},\"thumbnailUrl\":\"https:\\\/\\\/comunicacity.net\\\/cancello-ed-arnone\\\/wp-content\\\/uploads\\\/sites\\\/28\\\/2019\\\/05\\\/1A5828AB-8D4C-448A-8450-8F329E1B8C41.jpeg\",\"datePublished\":\"2019-05-22T11:21:57+00:00\",\"dateModified\":\"2023-02-02T14:41:34+00:00\",\"author\":{\"@id\":\"https:\\\/\\\/comunicacity.net\\\/cancello-ed-arnone\\\/#\\\/schema\\\/person\\\/eaea9f1aebcbd61eb9878e6232bd2a03\"},\"breadcrumb\":{\"@id\":\"https:\\\/\\\/comunicacity.net\\\/cancello-ed-arnone\\\/2019\\\/05\\\/22\\\/successo-per-il-corso-convegno-autismo-e-aba\\\/#breadcrumb\"},\"inLanguage\":\"it-IT\",\"potentialAction\":[{\"@type\":\"ReadAction\",\"target\":[\"https:\\\/\\\/comunicacity.net\\\/cancello-ed-arnone\\\/2019\\\/05\\\/22\\\/successo-per-il-corso-convegno-autismo-e-aba\\\/\"]}]},{\"@type\":\"ImageObject\",\"inLanguage\":\"it-IT\",\"@id\":\"https:\\\/\\\/comunicacity.net\\\/cancello-ed-arnone\\\/2019\\\/05\\\/22\\\/successo-per-il-corso-convegno-autismo-e-aba\\\/#primaryimage\",\"url\":\"https:\\\/\\\/comunicacity.net\\\/cancello-ed-arnone\\\/wp-content\\\/uploads\\\/sites\\\/28\\\/2019\\\/05\\\/1A5828AB-8D4C-448A-8450-8F329E1B8C41.jpeg\",\"contentUrl\":\"https:\\\/\\\/comunicacity.net\\\/cancello-ed-arnone\\\/wp-content\\\/uploads\\\/sites\\\/28\\\/2019\\\/05\\\/1A5828AB-8D4C-448A-8450-8F329E1B8C41.jpeg\",\"width\":4022,\"height\":3016},{\"@type\":\"BreadcrumbList\",\"@id\":\"https:\\\/\\\/comunicacity.net\\\/cancello-ed-arnone\\\/2019\\\/05\\\/22\\\/successo-per-il-corso-convegno-autismo-e-aba\\\/#breadcrumb\",\"itemListElement\":[{\"@type\":\"ListItem\",\"position\":1,\"name\":\"Home\",\"item\":\"https:\\\/\\\/comunicacity.net\\\/cancello-ed-arnone\\\/\"},{\"@type\":\"ListItem\",\"position\":2,\"name\":\"Successo per il corso-convegno \u201cAutismo e ABA\u201d.\"}]},{\"@type\":\"WebSite\",\"@id\":\"https:\\\/\\\/comunicacity.net\\\/cancello-ed-arnone\\\/#website\",\"url\":\"https:\\\/\\\/comunicacity.net\\\/cancello-ed-arnone\\\/\",\"name\":\"Cancello ed Arnone\",\"description\":\"ComunicaCity\",\"potentialAction\":[{\"@type\":\"SearchAction\",\"target\":{\"@type\":\"EntryPoint\",\"urlTemplate\":\"https:\\\/\\\/comunicacity.net\\\/cancello-ed-arnone\\\/?s={search_term_string}\"},\"query-input\":{\"@type\":\"PropertyValueSpecification\",\"valueRequired\":true,\"valueName\":\"search_term_string\"}}],\"inLanguage\":\"it-IT\"},{\"@type\":\"Person\",\"@id\":\"https:\\\/\\\/comunicacity.net\\\/cancello-ed-arnone\\\/#\\\/schema\\\/person\\\/eaea9f1aebcbd61eb9878e6232bd2a03\",\"name\":\"Admin_E\",\"image\":{\"@type\":\"ImageObject\",\"inLanguage\":\"it-IT\",\"@id\":\"https:\\\/\\\/secure.gravatar.com\\\/avatar\\\/1eb418f243a360a5c118e205c4f1d666c009a9fac37301044747eacb4938b467?s=96&d=mm&r=g\",\"url\":\"https:\\\/\\\/secure.gravatar.com\\\/avatar\\\/1eb418f243a360a5c118e205c4f1d666c009a9fac37301044747eacb4938b467?s=96&d=mm&r=g\",\"contentUrl\":\"https:\\\/\\\/secure.gravatar.com\\\/avatar\\\/1eb418f243a360a5c118e205c4f1d666c009a9fac37301044747eacb4938b467?s=96&d=mm&r=g\",\"caption\":\"Admin_E\"},\"url\":\"https:\\\/\\\/comunicacity.net\\\/cancello-ed-arnone\\\/author\\\/oollppcancelloarnone\\\/\"}]}<\/script>\n<!-- \/ Yoast SEO plugin. -->","yoast_head_json":{"title":"Successo per il corso-convegno \u201cAutismo e ABA\u201d. - Cancello ed Arnone","robots":{"index":"index","follow":"follow","max-snippet":"max-snippet:-1","max-image-preview":"max-image-preview:large","max-video-preview":"max-video-preview:-1"},"canonical":"https:\/\/comunicacity.net\/cancello-ed-arnone\/2019\/05\/22\/successo-per-il-corso-convegno-autismo-e-aba\/","og_locale":"it_IT","og_type":"article","og_title":"Successo per il corso-convegno \u201cAutismo e ABA\u201d. - Cancello ed Arnone","og_description":"L\u2019autismo, o meglio definito disturbi dello spettro autistico, \u00e8 un disturbo del neuro sviluppo che coinvolge principalmente tre aree: linguaggio e comunicazione, interazione sociale e interessi ristretti e stereotipati. L\u2019autismo [&hellip;]","og_url":"https:\/\/comunicacity.net\/cancello-ed-arnone\/2019\/05\/22\/successo-per-il-corso-convegno-autismo-e-aba\/","og_site_name":"Cancello ed Arnone","article_publisher":"http:\/\/facebook.com\/ComunicaCity","article_published_time":"2019-05-22T11:21:57+00:00","article_modified_time":"2023-02-02T14:41:34+00:00","og_image":[{"width":4022,"height":3016,"url":"https:\/\/comunicacity.net\/cancello-ed-arnone\/wp-content\/uploads\/sites\/28\/2019\/05\/1A5828AB-8D4C-448A-8450-8F329E1B8C41.jpeg","type":"image\/jpeg"}],"author":"Admin_E","twitter_card":"summary_large_image","twitter_creator":"@comunicacity","twitter_site":"@comunicacity","twitter_misc":{"Scritto da":"Admin_E","Tempo di lettura stimato":"2 minuti"},"schema":{"@context":"https:\/\/schema.org","@graph":[{"@type":"Article","@id":"https:\/\/comunicacity.net\/cancello-ed-arnone\/2019\/05\/22\/successo-per-il-corso-convegno-autismo-e-aba\/#article","isPartOf":{"@id":"https:\/\/comunicacity.net\/cancello-ed-arnone\/2019\/05\/22\/successo-per-il-corso-convegno-autismo-e-aba\/"},"author":{"name":"Admin_E","@id":"https:\/\/comunicacity.net\/cancello-ed-arnone\/#\/schema\/person\/eaea9f1aebcbd61eb9878e6232bd2a03"},"headline":"Successo per il corso-convegno \u201cAutismo e ABA\u201d.","datePublished":"2019-05-22T11:21:57+00:00","dateModified":"2023-02-02T14:41:34+00:00","mainEntityOfPage":{"@id":"https:\/\/comunicacity.net\/cancello-ed-arnone\/2019\/05\/22\/successo-per-il-corso-convegno-autismo-e-aba\/"},"wordCount":341,"image":{"@id":"https:\/\/comunicacity.net\/cancello-ed-arnone\/2019\/05\/22\/successo-per-il-corso-convegno-autismo-e-aba\/#primaryimage"},"thumbnailUrl":"https:\/\/comunicacity.net\/cancello-ed-arnone\/wp-content\/uploads\/sites\/28\/2019\/05\/1A5828AB-8D4C-448A-8450-8F329E1B8C41.jpeg","articleSection":["Notizie e Informazioni"],"inLanguage":"it-IT"},{"@type":"WebPage","@id":"https:\/\/comunicacity.net\/cancello-ed-arnone\/2019\/05\/22\/successo-per-il-corso-convegno-autismo-e-aba\/","url":"https:\/\/comunicacity.net\/cancello-ed-arnone\/2019\/05\/22\/successo-per-il-corso-convegno-autismo-e-aba\/","name":"Successo per il corso-convegno \u201cAutismo e ABA\u201d. - Cancello ed Arnone","isPartOf":{"@id":"https:\/\/comunicacity.net\/cancello-ed-arnone\/#website"},"primaryImageOfPage":{"@id":"https:\/\/comunicacity.net\/cancello-ed-arnone\/2019\/05\/22\/successo-per-il-corso-convegno-autismo-e-aba\/#primaryimage"},"image":{"@id":"https:\/\/comunicacity.net\/cancello-ed-arnone\/2019\/05\/22\/successo-per-il-corso-convegno-autismo-e-aba\/#primaryimage"},"thumbnailUrl":"https:\/\/comunicacity.net\/cancello-ed-arnone\/wp-content\/uploads\/sites\/28\/2019\/05\/1A5828AB-8D4C-448A-8450-8F329E1B8C41.jpeg","datePublished":"2019-05-22T11:21:57+00:00","dateModified":"2023-02-02T14:41:34+00:00","author":{"@id":"https:\/\/comunicacity.net\/cancello-ed-arnone\/#\/schema\/person\/eaea9f1aebcbd61eb9878e6232bd2a03"},"breadcrumb":{"@id":"https:\/\/comunicacity.net\/cancello-ed-arnone\/2019\/05\/22\/successo-per-il-corso-convegno-autismo-e-aba\/#breadcrumb"},"inLanguage":"it-IT","potentialAction":[{"@type":"ReadAction","target":["https:\/\/comunicacity.net\/cancello-ed-arnone\/2019\/05\/22\/successo-per-il-corso-convegno-autismo-e-aba\/"]}]},{"@type":"ImageObject","inLanguage":"it-IT","@id":"https:\/\/comunicacity.net\/cancello-ed-arnone\/2019\/05\/22\/successo-per-il-corso-convegno-autismo-e-aba\/#primaryimage","url":"https:\/\/comunicacity.net\/cancello-ed-arnone\/wp-content\/uploads\/sites\/28\/2019\/05\/1A5828AB-8D4C-448A-8450-8F329E1B8C41.jpeg","contentUrl":"https:\/\/comunicacity.net\/cancello-ed-arnone\/wp-content\/uploads\/sites\/28\/2019\/05\/1A5828AB-8D4C-448A-8450-8F329E1B8C41.jpeg","width":4022,"height":3016},{"@type":"BreadcrumbList","@id":"https:\/\/comunicacity.net\/cancello-ed-arnone\/2019\/05\/22\/successo-per-il-corso-convegno-autismo-e-aba\/#breadcrumb","itemListElement":[{"@type":"ListItem","position":1,"name":"Home","item":"https:\/\/comunicacity.net\/cancello-ed-arnone\/"},{"@type":"ListItem","position":2,"name":"Successo per il corso-convegno \u201cAutismo e ABA\u201d."}]},{"@type":"WebSite","@id":"https:\/\/comunicacity.net\/cancello-ed-arnone\/#website","url":"https:\/\/comunicacity.net\/cancello-ed-arnone\/","name":"Cancello ed Arnone","description":"ComunicaCity","potentialAction":[{"@type":"SearchAction","target":{"@type":"EntryPoint","urlTemplate":"https:\/\/comunicacity.net\/cancello-ed-arnone\/?s={search_term_string}"},"query-input":{"@type":"PropertyValueSpecification","valueRequired":true,"valueName":"search_term_string"}}],"inLanguage":"it-IT"},{"@type":"Person","@id":"https:\/\/comunicacity.net\/cancello-ed-arnone\/#\/schema\/person\/eaea9f1aebcbd61eb9878e6232bd2a03","name":"Admin_E","image":{"@type":"ImageObject","inLanguage":"it-IT","@id":"https:\/\/secure.gravatar.com\/avatar\/1eb418f243a360a5c118e205c4f1d666c009a9fac37301044747eacb4938b467?s=96&d=mm&r=g","url":"https:\/\/secure.gravatar.com\/avatar\/1eb418f243a360a5c118e205c4f1d666c009a9fac37301044747eacb4938b467?s=96&d=mm&r=g","contentUrl":"https:\/\/secure.gravatar.com\/avatar\/1eb418f243a360a5c118e205c4f1d666c009a9fac37301044747eacb4938b467?s=96&d=mm&r=g","caption":"Admin_E"},"url":"https:\/\/comunicacity.net\/cancello-ed-arnone\/author\/oollppcancelloarnone\/"}]}},"meta_box":{"cc4_urg_colore":"","cc4_urg_data_inizio":"","cc4_urg_data_fine":"","cc4_cor_positivi_oggi":"","cc4_cor_negativizzati_oggi":"","cc4_cor_deceduti_oggi":"","cc4_cor_positivi_totali":"","cc4_cor_negativizzati_totali":"","cc4_cor_deceduti_totali":"","cc4_cor_attualmente_positivi":"","cc4_eve_data_inizio":"","cc4_eve_data_fine":"","cc4_eve_indirizzo":"","cc4_eve_posizione":{"latitude":"","longitude":"","zoom":""},"cc4_eve_telefono":"","cc4_eve_email":"","cc4_eve_web":"","cc4_eve_fb":"","sitopa_id":""},"_links":{"self":[{"href":"https:\/\/comunicacity.net\/cancello-ed-arnone\/wp-json\/wp\/v2\/posts\/1070","targetHints":{"allow":["GET"]}}],"collection":[{"href":"https:\/\/comunicacity.net\/cancello-ed-arnone\/wp-json\/wp\/v2\/posts"}],"about":[{"href":"https:\/\/comunicacity.net\/cancello-ed-arnone\/wp-json\/wp\/v2\/types\/post"}],"author":[{"embeddable":true,"href":"https:\/\/comunicacity.net\/cancello-ed-arnone\/wp-json\/wp\/v2\/users\/398"}],"replies":[{"embeddable":true,"href":"https:\/\/comunicacity.net\/cancello-ed-arnone\/wp-json\/wp\/v2\/comments?post=1070"}],"version-history":[{"count":1,"href":"https:\/\/comunicacity.net\/cancello-ed-arnone\/wp-json\/wp\/v2\/posts\/1070\/revisions"}],"predecessor-version":[{"id":1073,"href":"https:\/\/comunicacity.net\/cancello-ed-arnone\/wp-json\/wp\/v2\/posts\/1070\/revisions\/1073"}],"wp:featuredmedia":[{"embeddable":true,"href":"https:\/\/comunicacity.net\/cancello-ed-arnone\/wp-json\/wp\/v2\/media\/1071"}],"wp:attachment":[{"href":"https:\/\/comunicacity.net\/cancello-ed-arnone\/wp-json\/wp\/v2\/media?parent=1070"}],"wp:term":[{"taxonomy":"category","embeddable":true,"href":"https:\/\/comunicacity.net\/cancello-ed-arnone\/wp-json\/wp\/v2\/categories?post=1070"},{"taxonomy":"post_tag","embeddable":true,"href":"https:\/\/comunicacity.net\/cancello-ed-arnone\/wp-json\/wp\/v2\/tags?post=1070"}],"curies":[{"name":"wp","href":"https:\/\/api.w.org\/{rel}","templated":true}]}}