{"id":1077,"date":"2019-05-25T10:42:56","date_gmt":"2019-05-25T08:42:56","guid":{"rendered":"https:\/\/comunicacity.net\/cancello-ed-arnone\/?p=1077"},"modified":"2023-02-02T15:41:33","modified_gmt":"2023-02-02T14:41:33","slug":"il-sindaco-ambrosca-a-tutela-degli-allevatori-bufini","status":"publish","type":"post","link":"https:\/\/comunicacity.net\/cancello-ed-arnone\/2019\/05\/25\/il-sindaco-ambrosca-a-tutela-degli-allevatori-bufini\/","title":{"rendered":"Il Sindaco Ambrosca a tutela degli allevatori bufini."},"content":{"rendered":"<p class=\"p1\"><span class=\"s2\">\u201cCancello ed Arnone per presenza di capi bufalini (33mila), di aziende (156) e caseifici (14), costituisce, certamente, un punto di riferimento indiscusso del territorio casertano e regionale. Si tratta, in buona sostanza, del segmento che pi\u00f9 di ogni altro sostiene e trascina l\u2019economia della provincia e buona parte della regione Campania\u201d. <\/span><\/p>\n<p class=\"p3\"><span class=\"s2\">Inizia cos\u00ec la lettera del primo cittadino Ambrosca<span class=\"Apple-converted-space\">\u00a0 <\/span>che, insieme alla sua squadra e di concerto con l\u2019assessore al ramo Gabriele Di Vuolo, scende in campo a tutela degli allevatori bufalini. <\/span><\/p>\n<p class=\"p3\"><span class=\"s2\">Con un\u2019apposita delibera di giunta del 24 maggio 2019, l\u2019amministrazione comunale non poteva chiamarsi fuori da simile impegno ed ha presentato delle proposte a sostegno del comparto zootecnico-bufalino che, come scrive il sindaco, \u201c\u00e8 da tempo, ormai, gravato da sofferenze che potremmo definire cicliche e che vanno dall\u2019equazione \u201cbufala uguale camorra\u201d, alla emergenza \u201cTerra dei Fuochi\u201d, con tutte le ricadute negative che si possono immaginare per l\u2019intera filiera. Ciononostante, il prodotto simbolo del territorio, la mozzarella, resiste a questi pesanti contraccolpi che arrivano dai mercati e, con essa, a costo di gravi e, talvolta, estremi sacrifici, resistono le aziende di allevamento. Le ultime \u201cstangate\u201d, in ordine di tempo, ancorch\u00e9 anch\u2019esse annoverino una odiosa ciclicit\u00e0, sono rappresentate dalla Brucellosi e dalla Tubercolosi. Fenomeni questi che, negli ultimi mesi, ancora una volta, si sono manifestati in tutta la loro incontenibile virulenza. Diverse migliaia i capi abbattuti, centinaia le aziende colpite a scapito e detrimento di un\u2019economia di settore sempre pi\u00f9 asfittico e meno credibile. Allo stato, sembra che non sia praticabile altra soluzione, se non quella dell\u2019abbattimento sistematico, per giungere al risanamento nelle stalle e all\u2019eradicazione delle infezioni.<span class=\"Apple-converted-space\">\u00a0 <\/span>Purtuttavia necessita, aldil\u00e0 delle evidenti contrapposizioni \u201cvaccinazioni si &#8211; vaccinazioni no\u201d, un aiuto inteso come lenimento alle sofferenze indicibili degli allevatori, sempre pi\u00f9 incerto e timorosi verso il loro futuro. \u00c8 urgente, cio\u00e8, puntellare quella economia che rischia il tracollo, prodromico all\u2019estinzione. <\/span><\/p>\n<p class=\"p3\"><span class=\"s2\">La proposta in tre punti:<\/span><\/p>\n<ol class=\"ol1\">\n<li class=\"li3\"><span class=\"s2\">corresponsione del mancato reddito alla stalla, in ragione di una congrua somma per ogni capo abbattuto;<\/span><\/li>\n<li class=\"li3\"><span class=\"s2\">Sostegno economico alla stalla che ha sub\u00ecto il blocco dell\u2019attivit\u00e0, causato da infezione brucellare e tubercolare, per un periodo idoneo, onde consentire all\u2019intero territorio circostante, di risanare i focolai di infezione, prima del ripopolamento della stalla colpita dalla zoonosi;<\/span><\/li>\n<li class=\"li3\"><span class=\"s2\">Rendere maggiormente tempestiva la corresponsione degli indennizzi, al fine di ridurre, il pi\u00f9 possibile, l\u2019enorme lasso temporale intercorrente tra l\u2019abbattimento e l\u2019effettivo indennizzo\u201d.<\/span><\/li>\n<\/ol>\n<p class=\"p3\"><span class=\"s2\">Un\u2019iniziativa resasi necessaria per il sindaco Ambrosca, determinato a fare fronte comune a tutela degli allevatori e delle realt\u00e0 produttive sane del territorio.<\/span><\/p>\n","protected":false},"excerpt":{"rendered":"<p>\u201cCancello ed Arnone per presenza di capi bufalini (33mila), di aziende (156) e caseifici (14), costituisce, certamente, un punto di riferimento indiscusso del territorio casertano e regionale. Si tratta, in [&hellip;]<\/p>\n","protected":false},"author":398,"featured_media":1078,"comment_status":"closed","ping_status":"closed","sticky":false,"template":"","format":"standard","meta":{"footnotes":""},"categories":[11],"tags":[],"class_list":["post-1077","post","type-post","status-publish","format-standard","has-post-thumbnail","hentry","category-notizie-e-informazioni"],"yoast_head":"<!-- This site is optimized with the Yoast SEO plugin v27.4 - https:\/\/yoast.com\/product\/yoast-seo-wordpress\/ -->\n<title>Il Sindaco Ambrosca a tutela degli allevatori bufini. - Cancello ed Arnone<\/title>\n<meta name=\"robots\" content=\"index, follow, max-snippet:-1, max-image-preview:large, max-video-preview:-1\" \/>\n<link rel=\"canonical\" href=\"https:\/\/comunicacity.net\/cancello-ed-arnone\/2019\/05\/25\/il-sindaco-ambrosca-a-tutela-degli-allevatori-bufini\/\" \/>\n<meta property=\"og:locale\" content=\"it_IT\" \/>\n<meta property=\"og:type\" content=\"article\" \/>\n<meta property=\"og:title\" content=\"Il Sindaco Ambrosca a tutela degli allevatori bufini. - Cancello ed Arnone\" \/>\n<meta property=\"og:description\" content=\"\u201cCancello ed Arnone per presenza di capi bufalini (33mila), di aziende (156) e caseifici (14), costituisce, certamente, un punto di riferimento indiscusso del territorio casertano e regionale. Si tratta, in [&hellip;]\" \/>\n<meta property=\"og:url\" content=\"https:\/\/comunicacity.net\/cancello-ed-arnone\/2019\/05\/25\/il-sindaco-ambrosca-a-tutela-degli-allevatori-bufini\/\" \/>\n<meta property=\"og:site_name\" content=\"Cancello ed Arnone\" \/>\n<meta property=\"article:publisher\" content=\"http:\/\/facebook.com\/ComunicaCity\" \/>\n<meta property=\"article:published_time\" content=\"2019-05-25T08:42:56+00:00\" \/>\n<meta property=\"article:modified_time\" content=\"2023-02-02T14:41:33+00:00\" \/>\n<meta property=\"og:image\" content=\"https:\/\/comunicacity.net\/cancello-ed-arnone\/wp-content\/uploads\/sites\/28\/2019\/05\/F3B772B9-F958-4496-8D8B-DDB13D9CDC92.jpeg\" \/>\n\t<meta property=\"og:image:width\" content=\"1242\" \/>\n\t<meta property=\"og:image:height\" content=\"1242\" \/>\n\t<meta property=\"og:image:type\" content=\"image\/jpeg\" \/>\n<meta name=\"author\" content=\"Admin_E\" \/>\n<meta name=\"twitter:card\" content=\"summary_large_image\" \/>\n<meta name=\"twitter:creator\" content=\"@comunicacity\" \/>\n<meta name=\"twitter:site\" content=\"@comunicacity\" \/>\n<meta name=\"twitter:label1\" content=\"Scritto da\" \/>\n\t<meta name=\"twitter:data1\" content=\"Admin_E\" \/>\n\t<meta name=\"twitter:label2\" content=\"Tempo di lettura stimato\" \/>\n\t<meta name=\"twitter:data2\" content=\"2 minuti\" \/>\n<script type=\"application\/ld+json\" class=\"yoast-schema-graph\">{\"@context\":\"https:\\\/\\\/schema.org\",\"@graph\":[{\"@type\":\"Article\",\"@id\":\"https:\\\/\\\/comunicacity.net\\\/cancello-ed-arnone\\\/2019\\\/05\\\/25\\\/il-sindaco-ambrosca-a-tutela-degli-allevatori-bufini\\\/#article\",\"isPartOf\":{\"@id\":\"https:\\\/\\\/comunicacity.net\\\/cancello-ed-arnone\\\/2019\\\/05\\\/25\\\/il-sindaco-ambrosca-a-tutela-degli-allevatori-bufini\\\/\"},\"author\":{\"name\":\"Admin_E\",\"@id\":\"https:\\\/\\\/comunicacity.net\\\/cancello-ed-arnone\\\/#\\\/schema\\\/person\\\/eaea9f1aebcbd61eb9878e6232bd2a03\"},\"headline\":\"Il Sindaco Ambrosca a tutela degli allevatori bufini.\",\"datePublished\":\"2019-05-25T08:42:56+00:00\",\"dateModified\":\"2023-02-02T14:41:33+00:00\",\"mainEntityOfPage\":{\"@id\":\"https:\\\/\\\/comunicacity.net\\\/cancello-ed-arnone\\\/2019\\\/05\\\/25\\\/il-sindaco-ambrosca-a-tutela-degli-allevatori-bufini\\\/\"},\"wordCount\":436,\"image\":{\"@id\":\"https:\\\/\\\/comunicacity.net\\\/cancello-ed-arnone\\\/2019\\\/05\\\/25\\\/il-sindaco-ambrosca-a-tutela-degli-allevatori-bufini\\\/#primaryimage\"},\"thumbnailUrl\":\"https:\\\/\\\/comunicacity.net\\\/cancello-ed-arnone\\\/wp-content\\\/uploads\\\/sites\\\/28\\\/2019\\\/05\\\/F3B772B9-F958-4496-8D8B-DDB13D9CDC92.jpeg\",\"articleSection\":[\"Notizie e Informazioni\"],\"inLanguage\":\"it-IT\"},{\"@type\":\"WebPage\",\"@id\":\"https:\\\/\\\/comunicacity.net\\\/cancello-ed-arnone\\\/2019\\\/05\\\/25\\\/il-sindaco-ambrosca-a-tutela-degli-allevatori-bufini\\\/\",\"url\":\"https:\\\/\\\/comunicacity.net\\\/cancello-ed-arnone\\\/2019\\\/05\\\/25\\\/il-sindaco-ambrosca-a-tutela-degli-allevatori-bufini\\\/\",\"name\":\"Il Sindaco Ambrosca a tutela degli allevatori bufini. - Cancello ed Arnone\",\"isPartOf\":{\"@id\":\"https:\\\/\\\/comunicacity.net\\\/cancello-ed-arnone\\\/#website\"},\"primaryImageOfPage\":{\"@id\":\"https:\\\/\\\/comunicacity.net\\\/cancello-ed-arnone\\\/2019\\\/05\\\/25\\\/il-sindaco-ambrosca-a-tutela-degli-allevatori-bufini\\\/#primaryimage\"},\"image\":{\"@id\":\"https:\\\/\\\/comunicacity.net\\\/cancello-ed-arnone\\\/2019\\\/05\\\/25\\\/il-sindaco-ambrosca-a-tutela-degli-allevatori-bufini\\\/#primaryimage\"},\"thumbnailUrl\":\"https:\\\/\\\/comunicacity.net\\\/cancello-ed-arnone\\\/wp-content\\\/uploads\\\/sites\\\/28\\\/2019\\\/05\\\/F3B772B9-F958-4496-8D8B-DDB13D9CDC92.jpeg\",\"datePublished\":\"2019-05-25T08:42:56+00:00\",\"dateModified\":\"2023-02-02T14:41:33+00:00\",\"author\":{\"@id\":\"https:\\\/\\\/comunicacity.net\\\/cancello-ed-arnone\\\/#\\\/schema\\\/person\\\/eaea9f1aebcbd61eb9878e6232bd2a03\"},\"breadcrumb\":{\"@id\":\"https:\\\/\\\/comunicacity.net\\\/cancello-ed-arnone\\\/2019\\\/05\\\/25\\\/il-sindaco-ambrosca-a-tutela-degli-allevatori-bufini\\\/#breadcrumb\"},\"inLanguage\":\"it-IT\",\"potentialAction\":[{\"@type\":\"ReadAction\",\"target\":[\"https:\\\/\\\/comunicacity.net\\\/cancello-ed-arnone\\\/2019\\\/05\\\/25\\\/il-sindaco-ambrosca-a-tutela-degli-allevatori-bufini\\\/\"]}]},{\"@type\":\"ImageObject\",\"inLanguage\":\"it-IT\",\"@id\":\"https:\\\/\\\/comunicacity.net\\\/cancello-ed-arnone\\\/2019\\\/05\\\/25\\\/il-sindaco-ambrosca-a-tutela-degli-allevatori-bufini\\\/#primaryimage\",\"url\":\"https:\\\/\\\/comunicacity.net\\\/cancello-ed-arnone\\\/wp-content\\\/uploads\\\/sites\\\/28\\\/2019\\\/05\\\/F3B772B9-F958-4496-8D8B-DDB13D9CDC92.jpeg\",\"contentUrl\":\"https:\\\/\\\/comunicacity.net\\\/cancello-ed-arnone\\\/wp-content\\\/uploads\\\/sites\\\/28\\\/2019\\\/05\\\/F3B772B9-F958-4496-8D8B-DDB13D9CDC92.jpeg\",\"width\":1242,\"height\":1242},{\"@type\":\"BreadcrumbList\",\"@id\":\"https:\\\/\\\/comunicacity.net\\\/cancello-ed-arnone\\\/2019\\\/05\\\/25\\\/il-sindaco-ambrosca-a-tutela-degli-allevatori-bufini\\\/#breadcrumb\",\"itemListElement\":[{\"@type\":\"ListItem\",\"position\":1,\"name\":\"Home\",\"item\":\"https:\\\/\\\/comunicacity.net\\\/cancello-ed-arnone\\\/\"},{\"@type\":\"ListItem\",\"position\":2,\"name\":\"Il Sindaco Ambrosca a tutela degli allevatori bufini.\"}]},{\"@type\":\"WebSite\",\"@id\":\"https:\\\/\\\/comunicacity.net\\\/cancello-ed-arnone\\\/#website\",\"url\":\"https:\\\/\\\/comunicacity.net\\\/cancello-ed-arnone\\\/\",\"name\":\"Cancello ed Arnone\",\"description\":\"ComunicaCity\",\"potentialAction\":[{\"@type\":\"SearchAction\",\"target\":{\"@type\":\"EntryPoint\",\"urlTemplate\":\"https:\\\/\\\/comunicacity.net\\\/cancello-ed-arnone\\\/?s={search_term_string}\"},\"query-input\":{\"@type\":\"PropertyValueSpecification\",\"valueRequired\":true,\"valueName\":\"search_term_string\"}}],\"inLanguage\":\"it-IT\"},{\"@type\":\"Person\",\"@id\":\"https:\\\/\\\/comunicacity.net\\\/cancello-ed-arnone\\\/#\\\/schema\\\/person\\\/eaea9f1aebcbd61eb9878e6232bd2a03\",\"name\":\"Admin_E\",\"image\":{\"@type\":\"ImageObject\",\"inLanguage\":\"it-IT\",\"@id\":\"https:\\\/\\\/secure.gravatar.com\\\/avatar\\\/1eb418f243a360a5c118e205c4f1d666c009a9fac37301044747eacb4938b467?s=96&d=mm&r=g\",\"url\":\"https:\\\/\\\/secure.gravatar.com\\\/avatar\\\/1eb418f243a360a5c118e205c4f1d666c009a9fac37301044747eacb4938b467?s=96&d=mm&r=g\",\"contentUrl\":\"https:\\\/\\\/secure.gravatar.com\\\/avatar\\\/1eb418f243a360a5c118e205c4f1d666c009a9fac37301044747eacb4938b467?s=96&d=mm&r=g\",\"caption\":\"Admin_E\"},\"url\":\"https:\\\/\\\/comunicacity.net\\\/cancello-ed-arnone\\\/author\\\/oollppcancelloarnone\\\/\"}]}<\/script>\n<!-- \/ Yoast SEO plugin. -->","yoast_head_json":{"title":"Il Sindaco Ambrosca a tutela degli allevatori bufini. - Cancello ed Arnone","robots":{"index":"index","follow":"follow","max-snippet":"max-snippet:-1","max-image-preview":"max-image-preview:large","max-video-preview":"max-video-preview:-1"},"canonical":"https:\/\/comunicacity.net\/cancello-ed-arnone\/2019\/05\/25\/il-sindaco-ambrosca-a-tutela-degli-allevatori-bufini\/","og_locale":"it_IT","og_type":"article","og_title":"Il Sindaco Ambrosca a tutela degli allevatori bufini. - Cancello ed Arnone","og_description":"\u201cCancello ed Arnone per presenza di capi bufalini (33mila), di aziende (156) e caseifici (14), costituisce, certamente, un punto di riferimento indiscusso del territorio casertano e regionale. Si tratta, in [&hellip;]","og_url":"https:\/\/comunicacity.net\/cancello-ed-arnone\/2019\/05\/25\/il-sindaco-ambrosca-a-tutela-degli-allevatori-bufini\/","og_site_name":"Cancello ed Arnone","article_publisher":"http:\/\/facebook.com\/ComunicaCity","article_published_time":"2019-05-25T08:42:56+00:00","article_modified_time":"2023-02-02T14:41:33+00:00","og_image":[{"width":1242,"height":1242,"url":"https:\/\/comunicacity.net\/cancello-ed-arnone\/wp-content\/uploads\/sites\/28\/2019\/05\/F3B772B9-F958-4496-8D8B-DDB13D9CDC92.jpeg","type":"image\/jpeg"}],"author":"Admin_E","twitter_card":"summary_large_image","twitter_creator":"@comunicacity","twitter_site":"@comunicacity","twitter_misc":{"Scritto da":"Admin_E","Tempo di lettura stimato":"2 minuti"},"schema":{"@context":"https:\/\/schema.org","@graph":[{"@type":"Article","@id":"https:\/\/comunicacity.net\/cancello-ed-arnone\/2019\/05\/25\/il-sindaco-ambrosca-a-tutela-degli-allevatori-bufini\/#article","isPartOf":{"@id":"https:\/\/comunicacity.net\/cancello-ed-arnone\/2019\/05\/25\/il-sindaco-ambrosca-a-tutela-degli-allevatori-bufini\/"},"author":{"name":"Admin_E","@id":"https:\/\/comunicacity.net\/cancello-ed-arnone\/#\/schema\/person\/eaea9f1aebcbd61eb9878e6232bd2a03"},"headline":"Il Sindaco Ambrosca a tutela degli allevatori bufini.","datePublished":"2019-05-25T08:42:56+00:00","dateModified":"2023-02-02T14:41:33+00:00","mainEntityOfPage":{"@id":"https:\/\/comunicacity.net\/cancello-ed-arnone\/2019\/05\/25\/il-sindaco-ambrosca-a-tutela-degli-allevatori-bufini\/"},"wordCount":436,"image":{"@id":"https:\/\/comunicacity.net\/cancello-ed-arnone\/2019\/05\/25\/il-sindaco-ambrosca-a-tutela-degli-allevatori-bufini\/#primaryimage"},"thumbnailUrl":"https:\/\/comunicacity.net\/cancello-ed-arnone\/wp-content\/uploads\/sites\/28\/2019\/05\/F3B772B9-F958-4496-8D8B-DDB13D9CDC92.jpeg","articleSection":["Notizie e Informazioni"],"inLanguage":"it-IT"},{"@type":"WebPage","@id":"https:\/\/comunicacity.net\/cancello-ed-arnone\/2019\/05\/25\/il-sindaco-ambrosca-a-tutela-degli-allevatori-bufini\/","url":"https:\/\/comunicacity.net\/cancello-ed-arnone\/2019\/05\/25\/il-sindaco-ambrosca-a-tutela-degli-allevatori-bufini\/","name":"Il Sindaco Ambrosca a tutela degli allevatori bufini. - Cancello ed Arnone","isPartOf":{"@id":"https:\/\/comunicacity.net\/cancello-ed-arnone\/#website"},"primaryImageOfPage":{"@id":"https:\/\/comunicacity.net\/cancello-ed-arnone\/2019\/05\/25\/il-sindaco-ambrosca-a-tutela-degli-allevatori-bufini\/#primaryimage"},"image":{"@id":"https:\/\/comunicacity.net\/cancello-ed-arnone\/2019\/05\/25\/il-sindaco-ambrosca-a-tutela-degli-allevatori-bufini\/#primaryimage"},"thumbnailUrl":"https:\/\/comunicacity.net\/cancello-ed-arnone\/wp-content\/uploads\/sites\/28\/2019\/05\/F3B772B9-F958-4496-8D8B-DDB13D9CDC92.jpeg","datePublished":"2019-05-25T08:42:56+00:00","dateModified":"2023-02-02T14:41:33+00:00","author":{"@id":"https:\/\/comunicacity.net\/cancello-ed-arnone\/#\/schema\/person\/eaea9f1aebcbd61eb9878e6232bd2a03"},"breadcrumb":{"@id":"https:\/\/comunicacity.net\/cancello-ed-arnone\/2019\/05\/25\/il-sindaco-ambrosca-a-tutela-degli-allevatori-bufini\/#breadcrumb"},"inLanguage":"it-IT","potentialAction":[{"@type":"ReadAction","target":["https:\/\/comunicacity.net\/cancello-ed-arnone\/2019\/05\/25\/il-sindaco-ambrosca-a-tutela-degli-allevatori-bufini\/"]}]},{"@type":"ImageObject","inLanguage":"it-IT","@id":"https:\/\/comunicacity.net\/cancello-ed-arnone\/2019\/05\/25\/il-sindaco-ambrosca-a-tutela-degli-allevatori-bufini\/#primaryimage","url":"https:\/\/comunicacity.net\/cancello-ed-arnone\/wp-content\/uploads\/sites\/28\/2019\/05\/F3B772B9-F958-4496-8D8B-DDB13D9CDC92.jpeg","contentUrl":"https:\/\/comunicacity.net\/cancello-ed-arnone\/wp-content\/uploads\/sites\/28\/2019\/05\/F3B772B9-F958-4496-8D8B-DDB13D9CDC92.jpeg","width":1242,"height":1242},{"@type":"BreadcrumbList","@id":"https:\/\/comunicacity.net\/cancello-ed-arnone\/2019\/05\/25\/il-sindaco-ambrosca-a-tutela-degli-allevatori-bufini\/#breadcrumb","itemListElement":[{"@type":"ListItem","position":1,"name":"Home","item":"https:\/\/comunicacity.net\/cancello-ed-arnone\/"},{"@type":"ListItem","position":2,"name":"Il Sindaco Ambrosca a tutela degli allevatori bufini."}]},{"@type":"WebSite","@id":"https:\/\/comunicacity.net\/cancello-ed-arnone\/#website","url":"https:\/\/comunicacity.net\/cancello-ed-arnone\/","name":"Cancello ed Arnone","description":"ComunicaCity","potentialAction":[{"@type":"SearchAction","target":{"@type":"EntryPoint","urlTemplate":"https:\/\/comunicacity.net\/cancello-ed-arnone\/?s={search_term_string}"},"query-input":{"@type":"PropertyValueSpecification","valueRequired":true,"valueName":"search_term_string"}}],"inLanguage":"it-IT"},{"@type":"Person","@id":"https:\/\/comunicacity.net\/cancello-ed-arnone\/#\/schema\/person\/eaea9f1aebcbd61eb9878e6232bd2a03","name":"Admin_E","image":{"@type":"ImageObject","inLanguage":"it-IT","@id":"https:\/\/secure.gravatar.com\/avatar\/1eb418f243a360a5c118e205c4f1d666c009a9fac37301044747eacb4938b467?s=96&d=mm&r=g","url":"https:\/\/secure.gravatar.com\/avatar\/1eb418f243a360a5c118e205c4f1d666c009a9fac37301044747eacb4938b467?s=96&d=mm&r=g","contentUrl":"https:\/\/secure.gravatar.com\/avatar\/1eb418f243a360a5c118e205c4f1d666c009a9fac37301044747eacb4938b467?s=96&d=mm&r=g","caption":"Admin_E"},"url":"https:\/\/comunicacity.net\/cancello-ed-arnone\/author\/oollppcancelloarnone\/"}]}},"meta_box":{"cc4_urg_colore":"","cc4_urg_data_inizio":"","cc4_urg_data_fine":"","cc4_cor_positivi_oggi":"","cc4_cor_negativizzati_oggi":"","cc4_cor_deceduti_oggi":"","cc4_cor_positivi_totali":"","cc4_cor_negativizzati_totali":"","cc4_cor_deceduti_totali":"","cc4_cor_attualmente_positivi":"","cc4_eve_data_inizio":"","cc4_eve_data_fine":"","cc4_eve_indirizzo":"","cc4_eve_posizione":{"latitude":"","longitude":"","zoom":""},"cc4_eve_telefono":"","cc4_eve_email":"","cc4_eve_web":"","cc4_eve_fb":"","sitopa_id":""},"_links":{"self":[{"href":"https:\/\/comunicacity.net\/cancello-ed-arnone\/wp-json\/wp\/v2\/posts\/1077","targetHints":{"allow":["GET"]}}],"collection":[{"href":"https:\/\/comunicacity.net\/cancello-ed-arnone\/wp-json\/wp\/v2\/posts"}],"about":[{"href":"https:\/\/comunicacity.net\/cancello-ed-arnone\/wp-json\/wp\/v2\/types\/post"}],"author":[{"embeddable":true,"href":"https:\/\/comunicacity.net\/cancello-ed-arnone\/wp-json\/wp\/v2\/users\/398"}],"replies":[{"embeddable":true,"href":"https:\/\/comunicacity.net\/cancello-ed-arnone\/wp-json\/wp\/v2\/comments?post=1077"}],"version-history":[{"count":1,"href":"https:\/\/comunicacity.net\/cancello-ed-arnone\/wp-json\/wp\/v2\/posts\/1077\/revisions"}],"predecessor-version":[{"id":1079,"href":"https:\/\/comunicacity.net\/cancello-ed-arnone\/wp-json\/wp\/v2\/posts\/1077\/revisions\/1079"}],"wp:featuredmedia":[{"embeddable":true,"href":"https:\/\/comunicacity.net\/cancello-ed-arnone\/wp-json\/wp\/v2\/media\/1078"}],"wp:attachment":[{"href":"https:\/\/comunicacity.net\/cancello-ed-arnone\/wp-json\/wp\/v2\/media?parent=1077"}],"wp:term":[{"taxonomy":"category","embeddable":true,"href":"https:\/\/comunicacity.net\/cancello-ed-arnone\/wp-json\/wp\/v2\/categories?post=1077"},{"taxonomy":"post_tag","embeddable":true,"href":"https:\/\/comunicacity.net\/cancello-ed-arnone\/wp-json\/wp\/v2\/tags?post=1077"}],"curies":[{"name":"wp","href":"https:\/\/api.w.org\/{rel}","templated":true}]}}