{"id":1093,"date":"2019-06-07T07:48:26","date_gmt":"2019-06-07T05:48:26","guid":{"rendered":"https:\/\/comunicacity.net\/cancello-ed-arnone\/?p=1093"},"modified":"2023-02-02T15:41:32","modified_gmt":"2023-02-02T14:41:32","slug":"consiglio-comunale-approvazione-puc-regolamento-pace-fiscale-e-approvazione-rendiconto-di-gestione-esercizio-finanziario-2018","status":"publish","type":"post","link":"https:\/\/comunicacity.net\/cancello-ed-arnone\/2019\/06\/07\/consiglio-comunale-approvazione-puc-regolamento-pace-fiscale-e-approvazione-rendiconto-di-gestione-esercizio-finanziario-2018\/","title":{"rendered":"Consiglio comunale: approvazione PUC, Regolamento pace fiscale e approvazione rendiconto di gestione esercizio finanziario 2018."},"content":{"rendered":"<p class=\"p1\"><span class=\"s1\">Si \u00e8 svolta ieri pomeriggio la seduta di Consiglio Comunale. L\u2019assemblea consiliare, presieduta dalla dott.ssa Ersilia Viola, ha, come prima cosa, approvato i verbali di seduta del 16 maggio.<\/span><\/p>\n<p class=\"p1\"><span class=\"s1\">Successivamente, si \u00e8 poi proceduto con la discussione del punto 2) Approvazione rendiconto di gestione esercizio finanziario 2018. A prendere la parola a riguardo, \u00e8 stata il presidente del Consiglio Viola: \u201cIl Rendiconto rappresenta un documento fondamentale per la gestione finanziaria dell\u2019ente locale. Esso illustra in che modo sono state utilizzate le risorse autorizzate nel corso dell\u2019anno, analizzando nel dettaglio come \u00e8 composto l\u2019avanzo di amministrazione in tutte le sue componenti. Questa compagine amministrativa, eletta il 10 giugno 2018, si \u00e8 trovata a dover far fronte ad una situazione caratterizzata da un forte disavanzo di amministrazione e da un significativo importo dei debiti fuori bilancio non riconosciuti e non finanziati al 31\/12\/2017. Questa grave situazione ha reso, pertanto, inevitabile, da parte di questa amministrazione, il ricorso alla procedura di dissesto finanziario con delibera n.22 del 26\/07\/2018. La Governance \u00e8 stata, dunque, sin da subito, caratterizzata da criticit\u00e0 del bilancio e della mancanza di liquidit\u00e0 di cassa, cui si \u00e8 tentato di porre rimedio, seppur in modo parziale, con una oculata attivit\u00e0 di rivisitazione di contratti di servizio, quali ad esempio quello relativo al servizio idrico integrato, provvedendo, in economia, ad una gestione pi\u00f9 equilibrata ed economica\u201d. <\/span><\/p>\n<p class=\"p1\"><span class=\"s1\">Per quanto riguarda il punto 3) Approvazione PUC (Piano Urbanistico Comunale), per evitare incompatibilit\u00e0, si \u00e8 provveduto al frazionamento del PUC e alla votazione singola di ogni foglio e particella. Nel complesso, il PUC, con 8 voti favorevoli e 1 astenuto, \u00e8 stato approvato.<\/span><\/p>\n<p class=\"p1\"><span class=\"s1\">Il punto successivo, Approvazione Regolamento per l\u2019applicazione della definizione agevolata per le entrate locali &#8211; Art. 15 D.L. n.34 del 30.04.2019, \u00e8 stato illustrato dal consigliere dott.ssa Giusi Parente. \u201cCon Delibera di Consiglio n.13 del 01.04.2019, l\u2019Amministrazione Comunale aderiva alla definizione agevolata delle controversie tributarie pendenti. Ieri, in consiglio, \u00e8 stato approvato il Regolamento che disciplina le procedure di dettaglio per rendere pi\u00f9 chiaro il procedimento ed agevolare l\u2019adesione da parte di tutti i debitori che, in virt\u00f9 della pace fiscale, hanno la possibilit\u00e0 di ottenere una riduzione significativa del debito grazie all\u2019esclusione delle sanzioni\u201d.<\/span><\/p>\n<p class=\"p1\"><span class=\"s1\">Per quanto riguarda l\u2019ultimo punto, Surroga Consigliere Comunale Sig.ra Ciaramella Giuseppina, con nota pervenuta al protocollo dell\u2019Ente in data 23.05.2019, la sig.ra Ciaramella, nominata consigliera comunale a seguito delle dimissioni dalla carica del dott. Bartolomeo Di Benedetto, non ha accettato l\u2019incarico di Consigliere Comunale. Al suo posto subentrer\u00e0 la sig.ra Alessandra Falascina.<\/span><\/p>\n<p class=\"p1\"><span class=\"s1\">Esprime grande soddisfazione il primo cittadino Ambrosca per quanto riguarda l\u2019approvazione del PUC. \u201cRappresenta un ottimo risultato &#8211; afferma il sindaco &#8211; anche se non \u00e8 il miglior Puc possibile, ma comunque \u00e8 lo strumento che un Comune deve avere per poter guardare con fiducia alla visione urbanistica nuova del paese. Puc che pu\u00f2 essere anche in seguito emendato ma che al momento rappresenta la base di partenza per un significativo cambiamento\u201d. <\/span><\/p>\n","protected":false},"excerpt":{"rendered":"<p>Si \u00e8 svolta ieri pomeriggio la seduta di Consiglio Comunale. L\u2019assemblea consiliare, presieduta dalla dott.ssa Ersilia Viola, ha, come prima cosa, approvato i verbali di seduta del 16 maggio. Successivamente, [&hellip;]<\/p>\n","protected":false},"author":398,"featured_media":1094,"comment_status":"closed","ping_status":"closed","sticky":false,"template":"","format":"standard","meta":{"footnotes":""},"categories":[11],"tags":[],"class_list":["post-1093","post","type-post","status-publish","format-standard","has-post-thumbnail","hentry","category-notizie-e-informazioni"],"yoast_head":"<!-- This site is optimized with the Yoast SEO plugin v27.4 - https:\/\/yoast.com\/product\/yoast-seo-wordpress\/ -->\n<title>Consiglio comunale: approvazione PUC, Regolamento pace fiscale e approvazione rendiconto di gestione esercizio finanziario 2018. - Cancello ed Arnone<\/title>\n<meta name=\"robots\" content=\"index, follow, max-snippet:-1, max-image-preview:large, max-video-preview:-1\" \/>\n<link rel=\"canonical\" href=\"https:\/\/comunicacity.net\/cancello-ed-arnone\/2019\/06\/07\/consiglio-comunale-approvazione-puc-regolamento-pace-fiscale-e-approvazione-rendiconto-di-gestione-esercizio-finanziario-2018\/\" \/>\n<meta property=\"og:locale\" content=\"it_IT\" \/>\n<meta property=\"og:type\" content=\"article\" \/>\n<meta property=\"og:title\" content=\"Consiglio comunale: approvazione PUC, Regolamento pace fiscale e approvazione rendiconto di gestione esercizio finanziario 2018. - Cancello ed Arnone\" \/>\n<meta property=\"og:description\" content=\"Si \u00e8 svolta ieri pomeriggio la seduta di Consiglio Comunale. L\u2019assemblea consiliare, presieduta dalla dott.ssa Ersilia Viola, ha, come prima cosa, approvato i verbali di seduta del 16 maggio. Successivamente, [&hellip;]\" \/>\n<meta property=\"og:url\" content=\"https:\/\/comunicacity.net\/cancello-ed-arnone\/2019\/06\/07\/consiglio-comunale-approvazione-puc-regolamento-pace-fiscale-e-approvazione-rendiconto-di-gestione-esercizio-finanziario-2018\/\" \/>\n<meta property=\"og:site_name\" content=\"Cancello ed Arnone\" \/>\n<meta property=\"article:publisher\" content=\"http:\/\/facebook.com\/ComunicaCity\" \/>\n<meta property=\"article:published_time\" content=\"2019-06-07T05:48:26+00:00\" \/>\n<meta property=\"article:modified_time\" content=\"2023-02-02T14:41:32+00:00\" \/>\n<meta property=\"og:image\" content=\"https:\/\/comunicacity.net\/cancello-ed-arnone\/wp-content\/uploads\/sites\/28\/2019\/06\/7E05D1F6-F025-478E-9CDF-DD168A05DF26.jpeg\" \/>\n\t<meta property=\"og:image:width\" content=\"1207\" \/>\n\t<meta property=\"og:image:height\" content=\"675\" \/>\n\t<meta property=\"og:image:type\" content=\"image\/jpeg\" \/>\n<meta name=\"author\" content=\"Admin_E\" \/>\n<meta name=\"twitter:card\" content=\"summary_large_image\" \/>\n<meta name=\"twitter:creator\" content=\"@comunicacity\" \/>\n<meta name=\"twitter:site\" content=\"@comunicacity\" \/>\n<meta name=\"twitter:label1\" content=\"Scritto da\" \/>\n\t<meta name=\"twitter:data1\" content=\"Admin_E\" \/>\n\t<meta name=\"twitter:label2\" content=\"Tempo di lettura stimato\" \/>\n\t<meta name=\"twitter:data2\" content=\"2 minuti\" \/>\n<script type=\"application\/ld+json\" class=\"yoast-schema-graph\">{\"@context\":\"https:\\\/\\\/schema.org\",\"@graph\":[{\"@type\":\"Article\",\"@id\":\"https:\\\/\\\/comunicacity.net\\\/cancello-ed-arnone\\\/2019\\\/06\\\/07\\\/consiglio-comunale-approvazione-puc-regolamento-pace-fiscale-e-approvazione-rendiconto-di-gestione-esercizio-finanziario-2018\\\/#article\",\"isPartOf\":{\"@id\":\"https:\\\/\\\/comunicacity.net\\\/cancello-ed-arnone\\\/2019\\\/06\\\/07\\\/consiglio-comunale-approvazione-puc-regolamento-pace-fiscale-e-approvazione-rendiconto-di-gestione-esercizio-finanziario-2018\\\/\"},\"author\":{\"name\":\"Admin_E\",\"@id\":\"https:\\\/\\\/comunicacity.net\\\/cancello-ed-arnone\\\/#\\\/schema\\\/person\\\/eaea9f1aebcbd61eb9878e6232bd2a03\"},\"headline\":\"Consiglio comunale: approvazione PUC, Regolamento pace fiscale e approvazione rendiconto di gestione esercizio finanziario 2018.\",\"datePublished\":\"2019-06-07T05:48:26+00:00\",\"dateModified\":\"2023-02-02T14:41:32+00:00\",\"mainEntityOfPage\":{\"@id\":\"https:\\\/\\\/comunicacity.net\\\/cancello-ed-arnone\\\/2019\\\/06\\\/07\\\/consiglio-comunale-approvazione-puc-regolamento-pace-fiscale-e-approvazione-rendiconto-di-gestione-esercizio-finanziario-2018\\\/\"},\"wordCount\":493,\"image\":{\"@id\":\"https:\\\/\\\/comunicacity.net\\\/cancello-ed-arnone\\\/2019\\\/06\\\/07\\\/consiglio-comunale-approvazione-puc-regolamento-pace-fiscale-e-approvazione-rendiconto-di-gestione-esercizio-finanziario-2018\\\/#primaryimage\"},\"thumbnailUrl\":\"https:\\\/\\\/comunicacity.net\\\/cancello-ed-arnone\\\/wp-content\\\/uploads\\\/sites\\\/28\\\/2019\\\/06\\\/7E05D1F6-F025-478E-9CDF-DD168A05DF26.jpeg\",\"articleSection\":[\"Notizie e Informazioni\"],\"inLanguage\":\"it-IT\"},{\"@type\":\"WebPage\",\"@id\":\"https:\\\/\\\/comunicacity.net\\\/cancello-ed-arnone\\\/2019\\\/06\\\/07\\\/consiglio-comunale-approvazione-puc-regolamento-pace-fiscale-e-approvazione-rendiconto-di-gestione-esercizio-finanziario-2018\\\/\",\"url\":\"https:\\\/\\\/comunicacity.net\\\/cancello-ed-arnone\\\/2019\\\/06\\\/07\\\/consiglio-comunale-approvazione-puc-regolamento-pace-fiscale-e-approvazione-rendiconto-di-gestione-esercizio-finanziario-2018\\\/\",\"name\":\"Consiglio comunale: approvazione PUC, Regolamento pace fiscale e approvazione rendiconto di gestione esercizio finanziario 2018. - Cancello ed Arnone\",\"isPartOf\":{\"@id\":\"https:\\\/\\\/comunicacity.net\\\/cancello-ed-arnone\\\/#website\"},\"primaryImageOfPage\":{\"@id\":\"https:\\\/\\\/comunicacity.net\\\/cancello-ed-arnone\\\/2019\\\/06\\\/07\\\/consiglio-comunale-approvazione-puc-regolamento-pace-fiscale-e-approvazione-rendiconto-di-gestione-esercizio-finanziario-2018\\\/#primaryimage\"},\"image\":{\"@id\":\"https:\\\/\\\/comunicacity.net\\\/cancello-ed-arnone\\\/2019\\\/06\\\/07\\\/consiglio-comunale-approvazione-puc-regolamento-pace-fiscale-e-approvazione-rendiconto-di-gestione-esercizio-finanziario-2018\\\/#primaryimage\"},\"thumbnailUrl\":\"https:\\\/\\\/comunicacity.net\\\/cancello-ed-arnone\\\/wp-content\\\/uploads\\\/sites\\\/28\\\/2019\\\/06\\\/7E05D1F6-F025-478E-9CDF-DD168A05DF26.jpeg\",\"datePublished\":\"2019-06-07T05:48:26+00:00\",\"dateModified\":\"2023-02-02T14:41:32+00:00\",\"author\":{\"@id\":\"https:\\\/\\\/comunicacity.net\\\/cancello-ed-arnone\\\/#\\\/schema\\\/person\\\/eaea9f1aebcbd61eb9878e6232bd2a03\"},\"breadcrumb\":{\"@id\":\"https:\\\/\\\/comunicacity.net\\\/cancello-ed-arnone\\\/2019\\\/06\\\/07\\\/consiglio-comunale-approvazione-puc-regolamento-pace-fiscale-e-approvazione-rendiconto-di-gestione-esercizio-finanziario-2018\\\/#breadcrumb\"},\"inLanguage\":\"it-IT\",\"potentialAction\":[{\"@type\":\"ReadAction\",\"target\":[\"https:\\\/\\\/comunicacity.net\\\/cancello-ed-arnone\\\/2019\\\/06\\\/07\\\/consiglio-comunale-approvazione-puc-regolamento-pace-fiscale-e-approvazione-rendiconto-di-gestione-esercizio-finanziario-2018\\\/\"]}]},{\"@type\":\"ImageObject\",\"inLanguage\":\"it-IT\",\"@id\":\"https:\\\/\\\/comunicacity.net\\\/cancello-ed-arnone\\\/2019\\\/06\\\/07\\\/consiglio-comunale-approvazione-puc-regolamento-pace-fiscale-e-approvazione-rendiconto-di-gestione-esercizio-finanziario-2018\\\/#primaryimage\",\"url\":\"https:\\\/\\\/comunicacity.net\\\/cancello-ed-arnone\\\/wp-content\\\/uploads\\\/sites\\\/28\\\/2019\\\/06\\\/7E05D1F6-F025-478E-9CDF-DD168A05DF26.jpeg\",\"contentUrl\":\"https:\\\/\\\/comunicacity.net\\\/cancello-ed-arnone\\\/wp-content\\\/uploads\\\/sites\\\/28\\\/2019\\\/06\\\/7E05D1F6-F025-478E-9CDF-DD168A05DF26.jpeg\",\"width\":1207,\"height\":675},{\"@type\":\"BreadcrumbList\",\"@id\":\"https:\\\/\\\/comunicacity.net\\\/cancello-ed-arnone\\\/2019\\\/06\\\/07\\\/consiglio-comunale-approvazione-puc-regolamento-pace-fiscale-e-approvazione-rendiconto-di-gestione-esercizio-finanziario-2018\\\/#breadcrumb\",\"itemListElement\":[{\"@type\":\"ListItem\",\"position\":1,\"name\":\"Home\",\"item\":\"https:\\\/\\\/comunicacity.net\\\/cancello-ed-arnone\\\/\"},{\"@type\":\"ListItem\",\"position\":2,\"name\":\"Consiglio comunale: approvazione PUC, Regolamento pace fiscale e approvazione rendiconto di gestione esercizio finanziario 2018.\"}]},{\"@type\":\"WebSite\",\"@id\":\"https:\\\/\\\/comunicacity.net\\\/cancello-ed-arnone\\\/#website\",\"url\":\"https:\\\/\\\/comunicacity.net\\\/cancello-ed-arnone\\\/\",\"name\":\"Cancello ed Arnone\",\"description\":\"ComunicaCity\",\"potentialAction\":[{\"@type\":\"SearchAction\",\"target\":{\"@type\":\"EntryPoint\",\"urlTemplate\":\"https:\\\/\\\/comunicacity.net\\\/cancello-ed-arnone\\\/?s={search_term_string}\"},\"query-input\":{\"@type\":\"PropertyValueSpecification\",\"valueRequired\":true,\"valueName\":\"search_term_string\"}}],\"inLanguage\":\"it-IT\"},{\"@type\":\"Person\",\"@id\":\"https:\\\/\\\/comunicacity.net\\\/cancello-ed-arnone\\\/#\\\/schema\\\/person\\\/eaea9f1aebcbd61eb9878e6232bd2a03\",\"name\":\"Admin_E\",\"image\":{\"@type\":\"ImageObject\",\"inLanguage\":\"it-IT\",\"@id\":\"https:\\\/\\\/secure.gravatar.com\\\/avatar\\\/1eb418f243a360a5c118e205c4f1d666c009a9fac37301044747eacb4938b467?s=96&d=mm&r=g\",\"url\":\"https:\\\/\\\/secure.gravatar.com\\\/avatar\\\/1eb418f243a360a5c118e205c4f1d666c009a9fac37301044747eacb4938b467?s=96&d=mm&r=g\",\"contentUrl\":\"https:\\\/\\\/secure.gravatar.com\\\/avatar\\\/1eb418f243a360a5c118e205c4f1d666c009a9fac37301044747eacb4938b467?s=96&d=mm&r=g\",\"caption\":\"Admin_E\"},\"url\":\"https:\\\/\\\/comunicacity.net\\\/cancello-ed-arnone\\\/author\\\/oollppcancelloarnone\\\/\"}]}<\/script>\n<!-- \/ Yoast SEO plugin. -->","yoast_head_json":{"title":"Consiglio comunale: approvazione PUC, Regolamento pace fiscale e approvazione rendiconto di gestione esercizio finanziario 2018. - Cancello ed Arnone","robots":{"index":"index","follow":"follow","max-snippet":"max-snippet:-1","max-image-preview":"max-image-preview:large","max-video-preview":"max-video-preview:-1"},"canonical":"https:\/\/comunicacity.net\/cancello-ed-arnone\/2019\/06\/07\/consiglio-comunale-approvazione-puc-regolamento-pace-fiscale-e-approvazione-rendiconto-di-gestione-esercizio-finanziario-2018\/","og_locale":"it_IT","og_type":"article","og_title":"Consiglio comunale: approvazione PUC, Regolamento pace fiscale e approvazione rendiconto di gestione esercizio finanziario 2018. - Cancello ed Arnone","og_description":"Si \u00e8 svolta ieri pomeriggio la seduta di Consiglio Comunale. L\u2019assemblea consiliare, presieduta dalla dott.ssa Ersilia Viola, ha, come prima cosa, approvato i verbali di seduta del 16 maggio. Successivamente, [&hellip;]","og_url":"https:\/\/comunicacity.net\/cancello-ed-arnone\/2019\/06\/07\/consiglio-comunale-approvazione-puc-regolamento-pace-fiscale-e-approvazione-rendiconto-di-gestione-esercizio-finanziario-2018\/","og_site_name":"Cancello ed Arnone","article_publisher":"http:\/\/facebook.com\/ComunicaCity","article_published_time":"2019-06-07T05:48:26+00:00","article_modified_time":"2023-02-02T14:41:32+00:00","og_image":[{"width":1207,"height":675,"url":"https:\/\/comunicacity.net\/cancello-ed-arnone\/wp-content\/uploads\/sites\/28\/2019\/06\/7E05D1F6-F025-478E-9CDF-DD168A05DF26.jpeg","type":"image\/jpeg"}],"author":"Admin_E","twitter_card":"summary_large_image","twitter_creator":"@comunicacity","twitter_site":"@comunicacity","twitter_misc":{"Scritto da":"Admin_E","Tempo di lettura stimato":"2 minuti"},"schema":{"@context":"https:\/\/schema.org","@graph":[{"@type":"Article","@id":"https:\/\/comunicacity.net\/cancello-ed-arnone\/2019\/06\/07\/consiglio-comunale-approvazione-puc-regolamento-pace-fiscale-e-approvazione-rendiconto-di-gestione-esercizio-finanziario-2018\/#article","isPartOf":{"@id":"https:\/\/comunicacity.net\/cancello-ed-arnone\/2019\/06\/07\/consiglio-comunale-approvazione-puc-regolamento-pace-fiscale-e-approvazione-rendiconto-di-gestione-esercizio-finanziario-2018\/"},"author":{"name":"Admin_E","@id":"https:\/\/comunicacity.net\/cancello-ed-arnone\/#\/schema\/person\/eaea9f1aebcbd61eb9878e6232bd2a03"},"headline":"Consiglio comunale: approvazione PUC, Regolamento pace fiscale e approvazione rendiconto di gestione esercizio finanziario 2018.","datePublished":"2019-06-07T05:48:26+00:00","dateModified":"2023-02-02T14:41:32+00:00","mainEntityOfPage":{"@id":"https:\/\/comunicacity.net\/cancello-ed-arnone\/2019\/06\/07\/consiglio-comunale-approvazione-puc-regolamento-pace-fiscale-e-approvazione-rendiconto-di-gestione-esercizio-finanziario-2018\/"},"wordCount":493,"image":{"@id":"https:\/\/comunicacity.net\/cancello-ed-arnone\/2019\/06\/07\/consiglio-comunale-approvazione-puc-regolamento-pace-fiscale-e-approvazione-rendiconto-di-gestione-esercizio-finanziario-2018\/#primaryimage"},"thumbnailUrl":"https:\/\/comunicacity.net\/cancello-ed-arnone\/wp-content\/uploads\/sites\/28\/2019\/06\/7E05D1F6-F025-478E-9CDF-DD168A05DF26.jpeg","articleSection":["Notizie e Informazioni"],"inLanguage":"it-IT"},{"@type":"WebPage","@id":"https:\/\/comunicacity.net\/cancello-ed-arnone\/2019\/06\/07\/consiglio-comunale-approvazione-puc-regolamento-pace-fiscale-e-approvazione-rendiconto-di-gestione-esercizio-finanziario-2018\/","url":"https:\/\/comunicacity.net\/cancello-ed-arnone\/2019\/06\/07\/consiglio-comunale-approvazione-puc-regolamento-pace-fiscale-e-approvazione-rendiconto-di-gestione-esercizio-finanziario-2018\/","name":"Consiglio comunale: approvazione PUC, Regolamento pace fiscale e approvazione rendiconto di gestione esercizio finanziario 2018. - Cancello ed Arnone","isPartOf":{"@id":"https:\/\/comunicacity.net\/cancello-ed-arnone\/#website"},"primaryImageOfPage":{"@id":"https:\/\/comunicacity.net\/cancello-ed-arnone\/2019\/06\/07\/consiglio-comunale-approvazione-puc-regolamento-pace-fiscale-e-approvazione-rendiconto-di-gestione-esercizio-finanziario-2018\/#primaryimage"},"image":{"@id":"https:\/\/comunicacity.net\/cancello-ed-arnone\/2019\/06\/07\/consiglio-comunale-approvazione-puc-regolamento-pace-fiscale-e-approvazione-rendiconto-di-gestione-esercizio-finanziario-2018\/#primaryimage"},"thumbnailUrl":"https:\/\/comunicacity.net\/cancello-ed-arnone\/wp-content\/uploads\/sites\/28\/2019\/06\/7E05D1F6-F025-478E-9CDF-DD168A05DF26.jpeg","datePublished":"2019-06-07T05:48:26+00:00","dateModified":"2023-02-02T14:41:32+00:00","author":{"@id":"https:\/\/comunicacity.net\/cancello-ed-arnone\/#\/schema\/person\/eaea9f1aebcbd61eb9878e6232bd2a03"},"breadcrumb":{"@id":"https:\/\/comunicacity.net\/cancello-ed-arnone\/2019\/06\/07\/consiglio-comunale-approvazione-puc-regolamento-pace-fiscale-e-approvazione-rendiconto-di-gestione-esercizio-finanziario-2018\/#breadcrumb"},"inLanguage":"it-IT","potentialAction":[{"@type":"ReadAction","target":["https:\/\/comunicacity.net\/cancello-ed-arnone\/2019\/06\/07\/consiglio-comunale-approvazione-puc-regolamento-pace-fiscale-e-approvazione-rendiconto-di-gestione-esercizio-finanziario-2018\/"]}]},{"@type":"ImageObject","inLanguage":"it-IT","@id":"https:\/\/comunicacity.net\/cancello-ed-arnone\/2019\/06\/07\/consiglio-comunale-approvazione-puc-regolamento-pace-fiscale-e-approvazione-rendiconto-di-gestione-esercizio-finanziario-2018\/#primaryimage","url":"https:\/\/comunicacity.net\/cancello-ed-arnone\/wp-content\/uploads\/sites\/28\/2019\/06\/7E05D1F6-F025-478E-9CDF-DD168A05DF26.jpeg","contentUrl":"https:\/\/comunicacity.net\/cancello-ed-arnone\/wp-content\/uploads\/sites\/28\/2019\/06\/7E05D1F6-F025-478E-9CDF-DD168A05DF26.jpeg","width":1207,"height":675},{"@type":"BreadcrumbList","@id":"https:\/\/comunicacity.net\/cancello-ed-arnone\/2019\/06\/07\/consiglio-comunale-approvazione-puc-regolamento-pace-fiscale-e-approvazione-rendiconto-di-gestione-esercizio-finanziario-2018\/#breadcrumb","itemListElement":[{"@type":"ListItem","position":1,"name":"Home","item":"https:\/\/comunicacity.net\/cancello-ed-arnone\/"},{"@type":"ListItem","position":2,"name":"Consiglio comunale: approvazione PUC, Regolamento pace fiscale e approvazione rendiconto di gestione esercizio finanziario 2018."}]},{"@type":"WebSite","@id":"https:\/\/comunicacity.net\/cancello-ed-arnone\/#website","url":"https:\/\/comunicacity.net\/cancello-ed-arnone\/","name":"Cancello ed Arnone","description":"ComunicaCity","potentialAction":[{"@type":"SearchAction","target":{"@type":"EntryPoint","urlTemplate":"https:\/\/comunicacity.net\/cancello-ed-arnone\/?s={search_term_string}"},"query-input":{"@type":"PropertyValueSpecification","valueRequired":true,"valueName":"search_term_string"}}],"inLanguage":"it-IT"},{"@type":"Person","@id":"https:\/\/comunicacity.net\/cancello-ed-arnone\/#\/schema\/person\/eaea9f1aebcbd61eb9878e6232bd2a03","name":"Admin_E","image":{"@type":"ImageObject","inLanguage":"it-IT","@id":"https:\/\/secure.gravatar.com\/avatar\/1eb418f243a360a5c118e205c4f1d666c009a9fac37301044747eacb4938b467?s=96&d=mm&r=g","url":"https:\/\/secure.gravatar.com\/avatar\/1eb418f243a360a5c118e205c4f1d666c009a9fac37301044747eacb4938b467?s=96&d=mm&r=g","contentUrl":"https:\/\/secure.gravatar.com\/avatar\/1eb418f243a360a5c118e205c4f1d666c009a9fac37301044747eacb4938b467?s=96&d=mm&r=g","caption":"Admin_E"},"url":"https:\/\/comunicacity.net\/cancello-ed-arnone\/author\/oollppcancelloarnone\/"}]}},"meta_box":{"cc4_urg_colore":"","cc4_urg_data_inizio":"","cc4_urg_data_fine":"","cc4_cor_positivi_oggi":"","cc4_cor_negativizzati_oggi":"","cc4_cor_deceduti_oggi":"","cc4_cor_positivi_totali":"","cc4_cor_negativizzati_totali":"","cc4_cor_deceduti_totali":"","cc4_cor_attualmente_positivi":"","cc4_eve_data_inizio":"","cc4_eve_data_fine":"","cc4_eve_indirizzo":"","cc4_eve_posizione":{"latitude":"","longitude":"","zoom":""},"cc4_eve_telefono":"","cc4_eve_email":"","cc4_eve_web":"","cc4_eve_fb":"","sitopa_id":""},"_links":{"self":[{"href":"https:\/\/comunicacity.net\/cancello-ed-arnone\/wp-json\/wp\/v2\/posts\/1093","targetHints":{"allow":["GET"]}}],"collection":[{"href":"https:\/\/comunicacity.net\/cancello-ed-arnone\/wp-json\/wp\/v2\/posts"}],"about":[{"href":"https:\/\/comunicacity.net\/cancello-ed-arnone\/wp-json\/wp\/v2\/types\/post"}],"author":[{"embeddable":true,"href":"https:\/\/comunicacity.net\/cancello-ed-arnone\/wp-json\/wp\/v2\/users\/398"}],"replies":[{"embeddable":true,"href":"https:\/\/comunicacity.net\/cancello-ed-arnone\/wp-json\/wp\/v2\/comments?post=1093"}],"version-history":[{"count":1,"href":"https:\/\/comunicacity.net\/cancello-ed-arnone\/wp-json\/wp\/v2\/posts\/1093\/revisions"}],"predecessor-version":[{"id":1095,"href":"https:\/\/comunicacity.net\/cancello-ed-arnone\/wp-json\/wp\/v2\/posts\/1093\/revisions\/1095"}],"wp:featuredmedia":[{"embeddable":true,"href":"https:\/\/comunicacity.net\/cancello-ed-arnone\/wp-json\/wp\/v2\/media\/1094"}],"wp:attachment":[{"href":"https:\/\/comunicacity.net\/cancello-ed-arnone\/wp-json\/wp\/v2\/media?parent=1093"}],"wp:term":[{"taxonomy":"category","embeddable":true,"href":"https:\/\/comunicacity.net\/cancello-ed-arnone\/wp-json\/wp\/v2\/categories?post=1093"},{"taxonomy":"post_tag","embeddable":true,"href":"https:\/\/comunicacity.net\/cancello-ed-arnone\/wp-json\/wp\/v2\/tags?post=1093"}],"curies":[{"name":"wp","href":"https:\/\/api.w.org\/{rel}","templated":true}]}}