{"id":1106,"date":"2019-07-11T07:51:54","date_gmt":"2019-07-11T05:51:54","guid":{"rendered":"https:\/\/comunicacity.net\/cancello-ed-arnone\/?p=1106"},"modified":"2023-02-02T15:41:31","modified_gmt":"2023-02-02T14:41:31","slug":"il-sindaco-ambrosca-prende-parte-allincontro-con-il-ministro-di-maio-sulla-vertenza-apu-in-campania","status":"publish","type":"post","link":"https:\/\/comunicacity.net\/cancello-ed-arnone\/2019\/07\/11\/il-sindaco-ambrosca-prende-parte-allincontro-con-il-ministro-di-maio-sulla-vertenza-apu-in-campania\/","title":{"rendered":"Il sindaco Ambrosca prende parte all\u2019incontro con il Ministro Di Maio sulla vertenza Apu in Campania."},"content":{"rendered":"<p class=\"p1\"><span class=\"s1\">Come \u00e8 noto, il Comune di Cancello ed Arnone sta beneficiando, da 6 mesi, di 12 unit\u00e0, ex percettori di ammortizzatori sociali e di sostegno al reddito, che forniscono un supporto quotidiano ed indispensabile nella erogazione al servizio al cittadino. <\/span><\/p>\n<p class=\"p1\"><span class=\"s1\">Con Delibera di Giunta n. 80, l\u2019Amministrazione Comunale aveva gi\u00e0 rivolto un accorato appello al Presidente della Regione Campania Vincenzo De Luca e all\u2019assessorato al Lavoro, affinch\u00e9 effettuassero una proroga delle unit\u00e0 Apu, il cui operato si \u00e8 rivelato molto utile per ottemperare alle esigenze quotidiane non diversamente risolvibile per un Comune come Cancello ed Arnone particolarmente carente di personale di ruolo. <\/span><\/p>\n<p class=\"p2\"><span class=\"s2\">Lo stesso appello \u00e8 stato rivolto al Ministro allo Sviluppo Economico Luigi Di Maio che ha convocato i sindaci della Campania per un incontro presso il Ministero del Lavoro e delle Politiche Sociali, incontro al quale il Sindaco Raffaele Ambrosca ha preso personalmente parte. <\/span><\/p>\n<p class=\"p2\"><span class=\"s2\">\u201cIl tavolo sulla vertenza Apu in Campania non ha sortito le sorti sperate &#8211; afferma il Sindaco Ambrosca. Questa problematica si \u00e8 rivelata non essere di competenza del Ministero dello Sviluppo Economico; ci\u00f2 nonostante il Ministro Di Maio ha assunto un impegno molto importante,<span class=\"Apple-converted-space\">\u00a0 <\/span>dichiarando di voler contribuire ad individuare possibili soluzioni. Si spera in un epilogo positivo del problema in quanto il progetto Apu ha registrato un significativo successo perch\u00e9 rispondente alla duplice finalit\u00e0 di aiutare persone senza reddito, che versano in stato di disoccupazione, nonch\u00e9 gli enti locali per l\u2019attuazione di attivit\u00e0 straordinarie e temporali a favore della comunit\u00e0 per conto delle pubbliche amministrazioni\u201d. <\/span><\/p>\n","protected":false},"excerpt":{"rendered":"<p>Come \u00e8 noto, il Comune di Cancello ed Arnone sta beneficiando, da 6 mesi, di 12 unit\u00e0, ex percettori di ammortizzatori sociali e di sostegno al reddito, che forniscono un [&hellip;]<\/p>\n","protected":false},"author":398,"featured_media":1107,"comment_status":"closed","ping_status":"closed","sticky":false,"template":"","format":"standard","meta":{"footnotes":""},"categories":[11],"tags":[],"class_list":["post-1106","post","type-post","status-publish","format-standard","has-post-thumbnail","hentry","category-notizie-e-informazioni"],"yoast_head":"<!-- This site is optimized with the Yoast SEO plugin v27.4 - https:\/\/yoast.com\/product\/yoast-seo-wordpress\/ -->\n<title>Il sindaco Ambrosca prende parte all\u2019incontro con il Ministro Di Maio sulla vertenza Apu in Campania. - Cancello ed Arnone<\/title>\n<meta name=\"robots\" content=\"index, follow, max-snippet:-1, max-image-preview:large, max-video-preview:-1\" \/>\n<link rel=\"canonical\" href=\"https:\/\/comunicacity.net\/cancello-ed-arnone\/2019\/07\/11\/il-sindaco-ambrosca-prende-parte-allincontro-con-il-ministro-di-maio-sulla-vertenza-apu-in-campania\/\" \/>\n<meta property=\"og:locale\" content=\"it_IT\" \/>\n<meta property=\"og:type\" content=\"article\" \/>\n<meta property=\"og:title\" content=\"Il sindaco Ambrosca prende parte all\u2019incontro con il Ministro Di Maio sulla vertenza Apu in Campania. - Cancello ed Arnone\" \/>\n<meta property=\"og:description\" content=\"Come \u00e8 noto, il Comune di Cancello ed Arnone sta beneficiando, da 6 mesi, di 12 unit\u00e0, ex percettori di ammortizzatori sociali e di sostegno al reddito, che forniscono un [&hellip;]\" \/>\n<meta property=\"og:url\" content=\"https:\/\/comunicacity.net\/cancello-ed-arnone\/2019\/07\/11\/il-sindaco-ambrosca-prende-parte-allincontro-con-il-ministro-di-maio-sulla-vertenza-apu-in-campania\/\" \/>\n<meta property=\"og:site_name\" content=\"Cancello ed Arnone\" \/>\n<meta property=\"article:publisher\" content=\"http:\/\/facebook.com\/ComunicaCity\" \/>\n<meta property=\"article:published_time\" content=\"2019-07-11T05:51:54+00:00\" \/>\n<meta property=\"article:modified_time\" content=\"2023-02-02T14:41:31+00:00\" \/>\n<meta property=\"og:image\" content=\"https:\/\/comunicacity.net\/cancello-ed-arnone\/wp-content\/uploads\/sites\/28\/2019\/07\/E276FC60-B928-4348-9EFC-9655D4B9EAAD.jpeg\" \/>\n\t<meta property=\"og:image:width\" content=\"1600\" \/>\n\t<meta property=\"og:image:height\" content=\"1200\" \/>\n\t<meta property=\"og:image:type\" content=\"image\/jpeg\" \/>\n<meta name=\"author\" content=\"Admin_E\" \/>\n<meta name=\"twitter:card\" content=\"summary_large_image\" \/>\n<meta name=\"twitter:creator\" content=\"@comunicacity\" \/>\n<meta name=\"twitter:site\" content=\"@comunicacity\" \/>\n<meta name=\"twitter:label1\" content=\"Scritto da\" \/>\n\t<meta name=\"twitter:data1\" content=\"Admin_E\" \/>\n\t<meta name=\"twitter:label2\" content=\"Tempo di lettura stimato\" \/>\n\t<meta name=\"twitter:data2\" content=\"1 minuto\" \/>\n<script type=\"application\/ld+json\" class=\"yoast-schema-graph\">{\"@context\":\"https:\\\/\\\/schema.org\",\"@graph\":[{\"@type\":\"Article\",\"@id\":\"https:\\\/\\\/comunicacity.net\\\/cancello-ed-arnone\\\/2019\\\/07\\\/11\\\/il-sindaco-ambrosca-prende-parte-allincontro-con-il-ministro-di-maio-sulla-vertenza-apu-in-campania\\\/#article\",\"isPartOf\":{\"@id\":\"https:\\\/\\\/comunicacity.net\\\/cancello-ed-arnone\\\/2019\\\/07\\\/11\\\/il-sindaco-ambrosca-prende-parte-allincontro-con-il-ministro-di-maio-sulla-vertenza-apu-in-campania\\\/\"},\"author\":{\"name\":\"Admin_E\",\"@id\":\"https:\\\/\\\/comunicacity.net\\\/cancello-ed-arnone\\\/#\\\/schema\\\/person\\\/eaea9f1aebcbd61eb9878e6232bd2a03\"},\"headline\":\"Il sindaco Ambrosca prende parte all\u2019incontro con il Ministro Di Maio sulla vertenza Apu in Campania.\",\"datePublished\":\"2019-07-11T05:51:54+00:00\",\"dateModified\":\"2023-02-02T14:41:31+00:00\",\"mainEntityOfPage\":{\"@id\":\"https:\\\/\\\/comunicacity.net\\\/cancello-ed-arnone\\\/2019\\\/07\\\/11\\\/il-sindaco-ambrosca-prende-parte-allincontro-con-il-ministro-di-maio-sulla-vertenza-apu-in-campania\\\/\"},\"wordCount\":265,\"image\":{\"@id\":\"https:\\\/\\\/comunicacity.net\\\/cancello-ed-arnone\\\/2019\\\/07\\\/11\\\/il-sindaco-ambrosca-prende-parte-allincontro-con-il-ministro-di-maio-sulla-vertenza-apu-in-campania\\\/#primaryimage\"},\"thumbnailUrl\":\"https:\\\/\\\/comunicacity.net\\\/cancello-ed-arnone\\\/wp-content\\\/uploads\\\/sites\\\/28\\\/2019\\\/07\\\/E276FC60-B928-4348-9EFC-9655D4B9EAAD.jpeg\",\"articleSection\":[\"Notizie e Informazioni\"],\"inLanguage\":\"it-IT\"},{\"@type\":\"WebPage\",\"@id\":\"https:\\\/\\\/comunicacity.net\\\/cancello-ed-arnone\\\/2019\\\/07\\\/11\\\/il-sindaco-ambrosca-prende-parte-allincontro-con-il-ministro-di-maio-sulla-vertenza-apu-in-campania\\\/\",\"url\":\"https:\\\/\\\/comunicacity.net\\\/cancello-ed-arnone\\\/2019\\\/07\\\/11\\\/il-sindaco-ambrosca-prende-parte-allincontro-con-il-ministro-di-maio-sulla-vertenza-apu-in-campania\\\/\",\"name\":\"Il sindaco Ambrosca prende parte all\u2019incontro con il Ministro Di Maio sulla vertenza Apu in Campania. - Cancello ed Arnone\",\"isPartOf\":{\"@id\":\"https:\\\/\\\/comunicacity.net\\\/cancello-ed-arnone\\\/#website\"},\"primaryImageOfPage\":{\"@id\":\"https:\\\/\\\/comunicacity.net\\\/cancello-ed-arnone\\\/2019\\\/07\\\/11\\\/il-sindaco-ambrosca-prende-parte-allincontro-con-il-ministro-di-maio-sulla-vertenza-apu-in-campania\\\/#primaryimage\"},\"image\":{\"@id\":\"https:\\\/\\\/comunicacity.net\\\/cancello-ed-arnone\\\/2019\\\/07\\\/11\\\/il-sindaco-ambrosca-prende-parte-allincontro-con-il-ministro-di-maio-sulla-vertenza-apu-in-campania\\\/#primaryimage\"},\"thumbnailUrl\":\"https:\\\/\\\/comunicacity.net\\\/cancello-ed-arnone\\\/wp-content\\\/uploads\\\/sites\\\/28\\\/2019\\\/07\\\/E276FC60-B928-4348-9EFC-9655D4B9EAAD.jpeg\",\"datePublished\":\"2019-07-11T05:51:54+00:00\",\"dateModified\":\"2023-02-02T14:41:31+00:00\",\"author\":{\"@id\":\"https:\\\/\\\/comunicacity.net\\\/cancello-ed-arnone\\\/#\\\/schema\\\/person\\\/eaea9f1aebcbd61eb9878e6232bd2a03\"},\"breadcrumb\":{\"@id\":\"https:\\\/\\\/comunicacity.net\\\/cancello-ed-arnone\\\/2019\\\/07\\\/11\\\/il-sindaco-ambrosca-prende-parte-allincontro-con-il-ministro-di-maio-sulla-vertenza-apu-in-campania\\\/#breadcrumb\"},\"inLanguage\":\"it-IT\",\"potentialAction\":[{\"@type\":\"ReadAction\",\"target\":[\"https:\\\/\\\/comunicacity.net\\\/cancello-ed-arnone\\\/2019\\\/07\\\/11\\\/il-sindaco-ambrosca-prende-parte-allincontro-con-il-ministro-di-maio-sulla-vertenza-apu-in-campania\\\/\"]}]},{\"@type\":\"ImageObject\",\"inLanguage\":\"it-IT\",\"@id\":\"https:\\\/\\\/comunicacity.net\\\/cancello-ed-arnone\\\/2019\\\/07\\\/11\\\/il-sindaco-ambrosca-prende-parte-allincontro-con-il-ministro-di-maio-sulla-vertenza-apu-in-campania\\\/#primaryimage\",\"url\":\"https:\\\/\\\/comunicacity.net\\\/cancello-ed-arnone\\\/wp-content\\\/uploads\\\/sites\\\/28\\\/2019\\\/07\\\/E276FC60-B928-4348-9EFC-9655D4B9EAAD.jpeg\",\"contentUrl\":\"https:\\\/\\\/comunicacity.net\\\/cancello-ed-arnone\\\/wp-content\\\/uploads\\\/sites\\\/28\\\/2019\\\/07\\\/E276FC60-B928-4348-9EFC-9655D4B9EAAD.jpeg\",\"width\":1600,\"height\":1200},{\"@type\":\"BreadcrumbList\",\"@id\":\"https:\\\/\\\/comunicacity.net\\\/cancello-ed-arnone\\\/2019\\\/07\\\/11\\\/il-sindaco-ambrosca-prende-parte-allincontro-con-il-ministro-di-maio-sulla-vertenza-apu-in-campania\\\/#breadcrumb\",\"itemListElement\":[{\"@type\":\"ListItem\",\"position\":1,\"name\":\"Home\",\"item\":\"https:\\\/\\\/comunicacity.net\\\/cancello-ed-arnone\\\/\"},{\"@type\":\"ListItem\",\"position\":2,\"name\":\"Il sindaco Ambrosca prende parte all\u2019incontro con il Ministro Di Maio sulla vertenza Apu in Campania.\"}]},{\"@type\":\"WebSite\",\"@id\":\"https:\\\/\\\/comunicacity.net\\\/cancello-ed-arnone\\\/#website\",\"url\":\"https:\\\/\\\/comunicacity.net\\\/cancello-ed-arnone\\\/\",\"name\":\"Cancello ed Arnone\",\"description\":\"ComunicaCity\",\"potentialAction\":[{\"@type\":\"SearchAction\",\"target\":{\"@type\":\"EntryPoint\",\"urlTemplate\":\"https:\\\/\\\/comunicacity.net\\\/cancello-ed-arnone\\\/?s={search_term_string}\"},\"query-input\":{\"@type\":\"PropertyValueSpecification\",\"valueRequired\":true,\"valueName\":\"search_term_string\"}}],\"inLanguage\":\"it-IT\"},{\"@type\":\"Person\",\"@id\":\"https:\\\/\\\/comunicacity.net\\\/cancello-ed-arnone\\\/#\\\/schema\\\/person\\\/eaea9f1aebcbd61eb9878e6232bd2a03\",\"name\":\"Admin_E\",\"image\":{\"@type\":\"ImageObject\",\"inLanguage\":\"it-IT\",\"@id\":\"https:\\\/\\\/secure.gravatar.com\\\/avatar\\\/1eb418f243a360a5c118e205c4f1d666c009a9fac37301044747eacb4938b467?s=96&d=mm&r=g\",\"url\":\"https:\\\/\\\/secure.gravatar.com\\\/avatar\\\/1eb418f243a360a5c118e205c4f1d666c009a9fac37301044747eacb4938b467?s=96&d=mm&r=g\",\"contentUrl\":\"https:\\\/\\\/secure.gravatar.com\\\/avatar\\\/1eb418f243a360a5c118e205c4f1d666c009a9fac37301044747eacb4938b467?s=96&d=mm&r=g\",\"caption\":\"Admin_E\"},\"url\":\"https:\\\/\\\/comunicacity.net\\\/cancello-ed-arnone\\\/author\\\/oollppcancelloarnone\\\/\"}]}<\/script>\n<!-- \/ Yoast SEO plugin. -->","yoast_head_json":{"title":"Il sindaco Ambrosca prende parte all\u2019incontro con il Ministro Di Maio sulla vertenza Apu in Campania. - Cancello ed Arnone","robots":{"index":"index","follow":"follow","max-snippet":"max-snippet:-1","max-image-preview":"max-image-preview:large","max-video-preview":"max-video-preview:-1"},"canonical":"https:\/\/comunicacity.net\/cancello-ed-arnone\/2019\/07\/11\/il-sindaco-ambrosca-prende-parte-allincontro-con-il-ministro-di-maio-sulla-vertenza-apu-in-campania\/","og_locale":"it_IT","og_type":"article","og_title":"Il sindaco Ambrosca prende parte all\u2019incontro con il Ministro Di Maio sulla vertenza Apu in Campania. - Cancello ed Arnone","og_description":"Come \u00e8 noto, il Comune di Cancello ed Arnone sta beneficiando, da 6 mesi, di 12 unit\u00e0, ex percettori di ammortizzatori sociali e di sostegno al reddito, che forniscono un [&hellip;]","og_url":"https:\/\/comunicacity.net\/cancello-ed-arnone\/2019\/07\/11\/il-sindaco-ambrosca-prende-parte-allincontro-con-il-ministro-di-maio-sulla-vertenza-apu-in-campania\/","og_site_name":"Cancello ed Arnone","article_publisher":"http:\/\/facebook.com\/ComunicaCity","article_published_time":"2019-07-11T05:51:54+00:00","article_modified_time":"2023-02-02T14:41:31+00:00","og_image":[{"width":1600,"height":1200,"url":"https:\/\/comunicacity.net\/cancello-ed-arnone\/wp-content\/uploads\/sites\/28\/2019\/07\/E276FC60-B928-4348-9EFC-9655D4B9EAAD.jpeg","type":"image\/jpeg"}],"author":"Admin_E","twitter_card":"summary_large_image","twitter_creator":"@comunicacity","twitter_site":"@comunicacity","twitter_misc":{"Scritto da":"Admin_E","Tempo di lettura stimato":"1 minuto"},"schema":{"@context":"https:\/\/schema.org","@graph":[{"@type":"Article","@id":"https:\/\/comunicacity.net\/cancello-ed-arnone\/2019\/07\/11\/il-sindaco-ambrosca-prende-parte-allincontro-con-il-ministro-di-maio-sulla-vertenza-apu-in-campania\/#article","isPartOf":{"@id":"https:\/\/comunicacity.net\/cancello-ed-arnone\/2019\/07\/11\/il-sindaco-ambrosca-prende-parte-allincontro-con-il-ministro-di-maio-sulla-vertenza-apu-in-campania\/"},"author":{"name":"Admin_E","@id":"https:\/\/comunicacity.net\/cancello-ed-arnone\/#\/schema\/person\/eaea9f1aebcbd61eb9878e6232bd2a03"},"headline":"Il sindaco Ambrosca prende parte all\u2019incontro con il Ministro Di Maio sulla vertenza Apu in Campania.","datePublished":"2019-07-11T05:51:54+00:00","dateModified":"2023-02-02T14:41:31+00:00","mainEntityOfPage":{"@id":"https:\/\/comunicacity.net\/cancello-ed-arnone\/2019\/07\/11\/il-sindaco-ambrosca-prende-parte-allincontro-con-il-ministro-di-maio-sulla-vertenza-apu-in-campania\/"},"wordCount":265,"image":{"@id":"https:\/\/comunicacity.net\/cancello-ed-arnone\/2019\/07\/11\/il-sindaco-ambrosca-prende-parte-allincontro-con-il-ministro-di-maio-sulla-vertenza-apu-in-campania\/#primaryimage"},"thumbnailUrl":"https:\/\/comunicacity.net\/cancello-ed-arnone\/wp-content\/uploads\/sites\/28\/2019\/07\/E276FC60-B928-4348-9EFC-9655D4B9EAAD.jpeg","articleSection":["Notizie e Informazioni"],"inLanguage":"it-IT"},{"@type":"WebPage","@id":"https:\/\/comunicacity.net\/cancello-ed-arnone\/2019\/07\/11\/il-sindaco-ambrosca-prende-parte-allincontro-con-il-ministro-di-maio-sulla-vertenza-apu-in-campania\/","url":"https:\/\/comunicacity.net\/cancello-ed-arnone\/2019\/07\/11\/il-sindaco-ambrosca-prende-parte-allincontro-con-il-ministro-di-maio-sulla-vertenza-apu-in-campania\/","name":"Il sindaco Ambrosca prende parte all\u2019incontro con il Ministro Di Maio sulla vertenza Apu in Campania. - Cancello ed Arnone","isPartOf":{"@id":"https:\/\/comunicacity.net\/cancello-ed-arnone\/#website"},"primaryImageOfPage":{"@id":"https:\/\/comunicacity.net\/cancello-ed-arnone\/2019\/07\/11\/il-sindaco-ambrosca-prende-parte-allincontro-con-il-ministro-di-maio-sulla-vertenza-apu-in-campania\/#primaryimage"},"image":{"@id":"https:\/\/comunicacity.net\/cancello-ed-arnone\/2019\/07\/11\/il-sindaco-ambrosca-prende-parte-allincontro-con-il-ministro-di-maio-sulla-vertenza-apu-in-campania\/#primaryimage"},"thumbnailUrl":"https:\/\/comunicacity.net\/cancello-ed-arnone\/wp-content\/uploads\/sites\/28\/2019\/07\/E276FC60-B928-4348-9EFC-9655D4B9EAAD.jpeg","datePublished":"2019-07-11T05:51:54+00:00","dateModified":"2023-02-02T14:41:31+00:00","author":{"@id":"https:\/\/comunicacity.net\/cancello-ed-arnone\/#\/schema\/person\/eaea9f1aebcbd61eb9878e6232bd2a03"},"breadcrumb":{"@id":"https:\/\/comunicacity.net\/cancello-ed-arnone\/2019\/07\/11\/il-sindaco-ambrosca-prende-parte-allincontro-con-il-ministro-di-maio-sulla-vertenza-apu-in-campania\/#breadcrumb"},"inLanguage":"it-IT","potentialAction":[{"@type":"ReadAction","target":["https:\/\/comunicacity.net\/cancello-ed-arnone\/2019\/07\/11\/il-sindaco-ambrosca-prende-parte-allincontro-con-il-ministro-di-maio-sulla-vertenza-apu-in-campania\/"]}]},{"@type":"ImageObject","inLanguage":"it-IT","@id":"https:\/\/comunicacity.net\/cancello-ed-arnone\/2019\/07\/11\/il-sindaco-ambrosca-prende-parte-allincontro-con-il-ministro-di-maio-sulla-vertenza-apu-in-campania\/#primaryimage","url":"https:\/\/comunicacity.net\/cancello-ed-arnone\/wp-content\/uploads\/sites\/28\/2019\/07\/E276FC60-B928-4348-9EFC-9655D4B9EAAD.jpeg","contentUrl":"https:\/\/comunicacity.net\/cancello-ed-arnone\/wp-content\/uploads\/sites\/28\/2019\/07\/E276FC60-B928-4348-9EFC-9655D4B9EAAD.jpeg","width":1600,"height":1200},{"@type":"BreadcrumbList","@id":"https:\/\/comunicacity.net\/cancello-ed-arnone\/2019\/07\/11\/il-sindaco-ambrosca-prende-parte-allincontro-con-il-ministro-di-maio-sulla-vertenza-apu-in-campania\/#breadcrumb","itemListElement":[{"@type":"ListItem","position":1,"name":"Home","item":"https:\/\/comunicacity.net\/cancello-ed-arnone\/"},{"@type":"ListItem","position":2,"name":"Il sindaco Ambrosca prende parte all\u2019incontro con il Ministro Di Maio sulla vertenza Apu in Campania."}]},{"@type":"WebSite","@id":"https:\/\/comunicacity.net\/cancello-ed-arnone\/#website","url":"https:\/\/comunicacity.net\/cancello-ed-arnone\/","name":"Cancello ed Arnone","description":"ComunicaCity","potentialAction":[{"@type":"SearchAction","target":{"@type":"EntryPoint","urlTemplate":"https:\/\/comunicacity.net\/cancello-ed-arnone\/?s={search_term_string}"},"query-input":{"@type":"PropertyValueSpecification","valueRequired":true,"valueName":"search_term_string"}}],"inLanguage":"it-IT"},{"@type":"Person","@id":"https:\/\/comunicacity.net\/cancello-ed-arnone\/#\/schema\/person\/eaea9f1aebcbd61eb9878e6232bd2a03","name":"Admin_E","image":{"@type":"ImageObject","inLanguage":"it-IT","@id":"https:\/\/secure.gravatar.com\/avatar\/1eb418f243a360a5c118e205c4f1d666c009a9fac37301044747eacb4938b467?s=96&d=mm&r=g","url":"https:\/\/secure.gravatar.com\/avatar\/1eb418f243a360a5c118e205c4f1d666c009a9fac37301044747eacb4938b467?s=96&d=mm&r=g","contentUrl":"https:\/\/secure.gravatar.com\/avatar\/1eb418f243a360a5c118e205c4f1d666c009a9fac37301044747eacb4938b467?s=96&d=mm&r=g","caption":"Admin_E"},"url":"https:\/\/comunicacity.net\/cancello-ed-arnone\/author\/oollppcancelloarnone\/"}]}},"meta_box":{"cc4_urg_colore":"","cc4_urg_data_inizio":"","cc4_urg_data_fine":"","cc4_cor_positivi_oggi":"","cc4_cor_negativizzati_oggi":"","cc4_cor_deceduti_oggi":"","cc4_cor_positivi_totali":"","cc4_cor_negativizzati_totali":"","cc4_cor_deceduti_totali":"","cc4_cor_attualmente_positivi":"","cc4_eve_data_inizio":"","cc4_eve_data_fine":"","cc4_eve_indirizzo":"","cc4_eve_posizione":{"latitude":"","longitude":"","zoom":""},"cc4_eve_telefono":"","cc4_eve_email":"","cc4_eve_web":"","cc4_eve_fb":"","sitopa_id":""},"_links":{"self":[{"href":"https:\/\/comunicacity.net\/cancello-ed-arnone\/wp-json\/wp\/v2\/posts\/1106","targetHints":{"allow":["GET"]}}],"collection":[{"href":"https:\/\/comunicacity.net\/cancello-ed-arnone\/wp-json\/wp\/v2\/posts"}],"about":[{"href":"https:\/\/comunicacity.net\/cancello-ed-arnone\/wp-json\/wp\/v2\/types\/post"}],"author":[{"embeddable":true,"href":"https:\/\/comunicacity.net\/cancello-ed-arnone\/wp-json\/wp\/v2\/users\/398"}],"replies":[{"embeddable":true,"href":"https:\/\/comunicacity.net\/cancello-ed-arnone\/wp-json\/wp\/v2\/comments?post=1106"}],"version-history":[{"count":1,"href":"https:\/\/comunicacity.net\/cancello-ed-arnone\/wp-json\/wp\/v2\/posts\/1106\/revisions"}],"predecessor-version":[{"id":1108,"href":"https:\/\/comunicacity.net\/cancello-ed-arnone\/wp-json\/wp\/v2\/posts\/1106\/revisions\/1108"}],"wp:featuredmedia":[{"embeddable":true,"href":"https:\/\/comunicacity.net\/cancello-ed-arnone\/wp-json\/wp\/v2\/media\/1107"}],"wp:attachment":[{"href":"https:\/\/comunicacity.net\/cancello-ed-arnone\/wp-json\/wp\/v2\/media?parent=1106"}],"wp:term":[{"taxonomy":"category","embeddable":true,"href":"https:\/\/comunicacity.net\/cancello-ed-arnone\/wp-json\/wp\/v2\/categories?post=1106"},{"taxonomy":"post_tag","embeddable":true,"href":"https:\/\/comunicacity.net\/cancello-ed-arnone\/wp-json\/wp\/v2\/tags?post=1106"}],"curies":[{"name":"wp","href":"https:\/\/api.w.org\/{rel}","templated":true}]}}