{"id":1140,"date":"2019-07-23T13:51:26","date_gmt":"2019-07-23T11:51:26","guid":{"rendered":"https:\/\/comunicacity.net\/cancello-ed-arnone\/?p=1140"},"modified":"2023-02-02T15:41:30","modified_gmt":"2023-02-02T14:41:30","slug":"chiusura-dei-locali-commerciali-ubicati-nella-villa-comunale","status":"publish","type":"post","link":"https:\/\/comunicacity.net\/cancello-ed-arnone\/2019\/07\/23\/chiusura-dei-locali-commerciali-ubicati-nella-villa-comunale\/","title":{"rendered":"Chiusura dei locali commerciali ubicati nella Villa Comunale."},"content":{"rendered":"<p class=\"p1\"><span class=\"s1\">In data 18\/02\/2011, con convenzione REP n. 1, la concessione per il servizio di gestione ed uso della Villa Comunale di Via E. Fieramosca, degli impianti ricreativi e sportivi ivi esistenti e la realizzazione di nuovi impianti, fu affidata all\u2019ATI LIVE LAND SAS, per la durata di 10 anni. <\/span><\/p>\n<p class=\"p3\"><span class=\"s2\">L\u2019art. 4 del contratto stabilisce che: \u201c\u00c8 stabilito per il Comune un corrispettivo annuo pari ad \u20ac 10.500,00, per anni 10 e quindi per complessivi \u20ac105.000,00.<\/span><\/p>\n<p class=\"p3\"><span class=\"s2\">L\u2019art. 8 del Capitolato speciale d\u2019Appalto, riguardante il Canone annuo, approvato con determina del responsabile dell\u2019Area Tecnica n.97 del 30\/04\/2010, stabilisce che \u201cil mancato pagamento del canone, anche parziale, entro 20 giorni dalla data di scadenza di ciascun data, produrr\u00e0 la risoluzione del contratto per fatto e colpa del Conduttore ed il conseguente risarcimento dei danno, otre alla corresponsione di quanto dovuto, ai sensi degli artt. 1456 e 1457 del Codice Civile\u201d. <\/span><\/p>\n<p class=\"p3\"><span class=\"s2\">In base a quanto sopra esposto, si sono verificate le condizioni che integrano la clausola risolutiva espressa ex artt. 1456 e 1457 c.c. prevista nelle disposizioni contrattuali, essendo incontestato tra le parti che non \u00e8 intervenuto alcun pagamento \u201centro 20 giorni dalla data di scadenza di ciascuna rata. In altre parole, da parte della societ\u00e0 ATI LIVE LAND SAS, ci sono stati degli inadempimenti contrattuali relativi al pagamento dei canoni di locazione che hanno portato il comune ad esercitare la risoluzione del contratto. All\u2019uopo, i locali della Villa Comunale sono stati chiusi al pubblico.<\/span><\/p>\n<p class=\"p3\"><span class=\"s2\">La societ\u00e0 ATI LIVE LAND SAS ha presentato un ricorso dilatorio e strumentale che forse servir\u00e0 ad avere uno o due mesi di gestione in pi\u00f9, ma non cambiera&#8217; l&#8217;esito della vicenda. <\/span><\/p>\n","protected":false},"excerpt":{"rendered":"<p>In data 18\/02\/2011, con convenzione REP n. 1, la concessione per il servizio di gestione ed uso della Villa Comunale di Via E. Fieramosca, degli impianti ricreativi e sportivi ivi [&hellip;]<\/p>\n","protected":false},"author":398,"featured_media":1141,"comment_status":"closed","ping_status":"closed","sticky":false,"template":"","format":"standard","meta":{"footnotes":""},"categories":[11],"tags":[],"class_list":["post-1140","post","type-post","status-publish","format-standard","has-post-thumbnail","hentry","category-notizie-e-informazioni"],"yoast_head":"<!-- This site is optimized with the Yoast SEO plugin v27.4 - https:\/\/yoast.com\/product\/yoast-seo-wordpress\/ -->\n<title>Chiusura dei locali commerciali ubicati nella Villa Comunale. - Cancello ed Arnone<\/title>\n<meta name=\"robots\" content=\"index, follow, max-snippet:-1, max-image-preview:large, max-video-preview:-1\" \/>\n<link rel=\"canonical\" href=\"https:\/\/comunicacity.net\/cancello-ed-arnone\/2019\/07\/23\/chiusura-dei-locali-commerciali-ubicati-nella-villa-comunale\/\" \/>\n<meta property=\"og:locale\" content=\"it_IT\" \/>\n<meta property=\"og:type\" content=\"article\" \/>\n<meta property=\"og:title\" content=\"Chiusura dei locali commerciali ubicati nella Villa Comunale. - Cancello ed Arnone\" \/>\n<meta property=\"og:description\" content=\"In data 18\/02\/2011, con convenzione REP n. 1, la concessione per il servizio di gestione ed uso della Villa Comunale di Via E. Fieramosca, degli impianti ricreativi e sportivi ivi [&hellip;]\" \/>\n<meta property=\"og:url\" content=\"https:\/\/comunicacity.net\/cancello-ed-arnone\/2019\/07\/23\/chiusura-dei-locali-commerciali-ubicati-nella-villa-comunale\/\" \/>\n<meta property=\"og:site_name\" content=\"Cancello ed Arnone\" \/>\n<meta property=\"article:publisher\" content=\"http:\/\/facebook.com\/ComunicaCity\" \/>\n<meta property=\"article:published_time\" content=\"2019-07-23T11:51:26+00:00\" \/>\n<meta property=\"article:modified_time\" content=\"2023-02-02T14:41:30+00:00\" \/>\n<meta property=\"og:image\" content=\"https:\/\/comunicacity.net\/cancello-ed-arnone\/wp-content\/uploads\/sites\/28\/2019\/07\/8650BEDF-7BC6-4898-BFBE-36981EBB7B94.jpeg\" \/>\n\t<meta property=\"og:image:width\" content=\"510\" \/>\n\t<meta property=\"og:image:height\" content=\"369\" \/>\n\t<meta property=\"og:image:type\" content=\"image\/jpeg\" \/>\n<meta name=\"author\" content=\"Admin_E\" \/>\n<meta name=\"twitter:card\" content=\"summary_large_image\" \/>\n<meta name=\"twitter:creator\" content=\"@comunicacity\" \/>\n<meta name=\"twitter:site\" content=\"@comunicacity\" \/>\n<meta name=\"twitter:label1\" content=\"Scritto da\" \/>\n\t<meta name=\"twitter:data1\" content=\"Admin_E\" \/>\n\t<meta name=\"twitter:label2\" content=\"Tempo di lettura stimato\" \/>\n\t<meta name=\"twitter:data2\" content=\"1 minuto\" \/>\n<script type=\"application\/ld+json\" class=\"yoast-schema-graph\">{\"@context\":\"https:\\\/\\\/schema.org\",\"@graph\":[{\"@type\":\"Article\",\"@id\":\"https:\\\/\\\/comunicacity.net\\\/cancello-ed-arnone\\\/2019\\\/07\\\/23\\\/chiusura-dei-locali-commerciali-ubicati-nella-villa-comunale\\\/#article\",\"isPartOf\":{\"@id\":\"https:\\\/\\\/comunicacity.net\\\/cancello-ed-arnone\\\/2019\\\/07\\\/23\\\/chiusura-dei-locali-commerciali-ubicati-nella-villa-comunale\\\/\"},\"author\":{\"name\":\"Admin_E\",\"@id\":\"https:\\\/\\\/comunicacity.net\\\/cancello-ed-arnone\\\/#\\\/schema\\\/person\\\/eaea9f1aebcbd61eb9878e6232bd2a03\"},\"headline\":\"Chiusura dei locali commerciali ubicati nella Villa Comunale.\",\"datePublished\":\"2019-07-23T11:51:26+00:00\",\"dateModified\":\"2023-02-02T14:41:30+00:00\",\"mainEntityOfPage\":{\"@id\":\"https:\\\/\\\/comunicacity.net\\\/cancello-ed-arnone\\\/2019\\\/07\\\/23\\\/chiusura-dei-locali-commerciali-ubicati-nella-villa-comunale\\\/\"},\"wordCount\":270,\"image\":{\"@id\":\"https:\\\/\\\/comunicacity.net\\\/cancello-ed-arnone\\\/2019\\\/07\\\/23\\\/chiusura-dei-locali-commerciali-ubicati-nella-villa-comunale\\\/#primaryimage\"},\"thumbnailUrl\":\"https:\\\/\\\/comunicacity.net\\\/cancello-ed-arnone\\\/wp-content\\\/uploads\\\/sites\\\/28\\\/2019\\\/07\\\/8650BEDF-7BC6-4898-BFBE-36981EBB7B94.jpeg\",\"articleSection\":[\"Notizie e Informazioni\"],\"inLanguage\":\"it-IT\"},{\"@type\":\"WebPage\",\"@id\":\"https:\\\/\\\/comunicacity.net\\\/cancello-ed-arnone\\\/2019\\\/07\\\/23\\\/chiusura-dei-locali-commerciali-ubicati-nella-villa-comunale\\\/\",\"url\":\"https:\\\/\\\/comunicacity.net\\\/cancello-ed-arnone\\\/2019\\\/07\\\/23\\\/chiusura-dei-locali-commerciali-ubicati-nella-villa-comunale\\\/\",\"name\":\"Chiusura dei locali commerciali ubicati nella Villa Comunale. - Cancello ed Arnone\",\"isPartOf\":{\"@id\":\"https:\\\/\\\/comunicacity.net\\\/cancello-ed-arnone\\\/#website\"},\"primaryImageOfPage\":{\"@id\":\"https:\\\/\\\/comunicacity.net\\\/cancello-ed-arnone\\\/2019\\\/07\\\/23\\\/chiusura-dei-locali-commerciali-ubicati-nella-villa-comunale\\\/#primaryimage\"},\"image\":{\"@id\":\"https:\\\/\\\/comunicacity.net\\\/cancello-ed-arnone\\\/2019\\\/07\\\/23\\\/chiusura-dei-locali-commerciali-ubicati-nella-villa-comunale\\\/#primaryimage\"},\"thumbnailUrl\":\"https:\\\/\\\/comunicacity.net\\\/cancello-ed-arnone\\\/wp-content\\\/uploads\\\/sites\\\/28\\\/2019\\\/07\\\/8650BEDF-7BC6-4898-BFBE-36981EBB7B94.jpeg\",\"datePublished\":\"2019-07-23T11:51:26+00:00\",\"dateModified\":\"2023-02-02T14:41:30+00:00\",\"author\":{\"@id\":\"https:\\\/\\\/comunicacity.net\\\/cancello-ed-arnone\\\/#\\\/schema\\\/person\\\/eaea9f1aebcbd61eb9878e6232bd2a03\"},\"breadcrumb\":{\"@id\":\"https:\\\/\\\/comunicacity.net\\\/cancello-ed-arnone\\\/2019\\\/07\\\/23\\\/chiusura-dei-locali-commerciali-ubicati-nella-villa-comunale\\\/#breadcrumb\"},\"inLanguage\":\"it-IT\",\"potentialAction\":[{\"@type\":\"ReadAction\",\"target\":[\"https:\\\/\\\/comunicacity.net\\\/cancello-ed-arnone\\\/2019\\\/07\\\/23\\\/chiusura-dei-locali-commerciali-ubicati-nella-villa-comunale\\\/\"]}]},{\"@type\":\"ImageObject\",\"inLanguage\":\"it-IT\",\"@id\":\"https:\\\/\\\/comunicacity.net\\\/cancello-ed-arnone\\\/2019\\\/07\\\/23\\\/chiusura-dei-locali-commerciali-ubicati-nella-villa-comunale\\\/#primaryimage\",\"url\":\"https:\\\/\\\/comunicacity.net\\\/cancello-ed-arnone\\\/wp-content\\\/uploads\\\/sites\\\/28\\\/2019\\\/07\\\/8650BEDF-7BC6-4898-BFBE-36981EBB7B94.jpeg\",\"contentUrl\":\"https:\\\/\\\/comunicacity.net\\\/cancello-ed-arnone\\\/wp-content\\\/uploads\\\/sites\\\/28\\\/2019\\\/07\\\/8650BEDF-7BC6-4898-BFBE-36981EBB7B94.jpeg\",\"width\":510,\"height\":369},{\"@type\":\"BreadcrumbList\",\"@id\":\"https:\\\/\\\/comunicacity.net\\\/cancello-ed-arnone\\\/2019\\\/07\\\/23\\\/chiusura-dei-locali-commerciali-ubicati-nella-villa-comunale\\\/#breadcrumb\",\"itemListElement\":[{\"@type\":\"ListItem\",\"position\":1,\"name\":\"Home\",\"item\":\"https:\\\/\\\/comunicacity.net\\\/cancello-ed-arnone\\\/\"},{\"@type\":\"ListItem\",\"position\":2,\"name\":\"Chiusura dei locali commerciali ubicati nella Villa Comunale.\"}]},{\"@type\":\"WebSite\",\"@id\":\"https:\\\/\\\/comunicacity.net\\\/cancello-ed-arnone\\\/#website\",\"url\":\"https:\\\/\\\/comunicacity.net\\\/cancello-ed-arnone\\\/\",\"name\":\"Cancello ed Arnone\",\"description\":\"ComunicaCity\",\"potentialAction\":[{\"@type\":\"SearchAction\",\"target\":{\"@type\":\"EntryPoint\",\"urlTemplate\":\"https:\\\/\\\/comunicacity.net\\\/cancello-ed-arnone\\\/?s={search_term_string}\"},\"query-input\":{\"@type\":\"PropertyValueSpecification\",\"valueRequired\":true,\"valueName\":\"search_term_string\"}}],\"inLanguage\":\"it-IT\"},{\"@type\":\"Person\",\"@id\":\"https:\\\/\\\/comunicacity.net\\\/cancello-ed-arnone\\\/#\\\/schema\\\/person\\\/eaea9f1aebcbd61eb9878e6232bd2a03\",\"name\":\"Admin_E\",\"image\":{\"@type\":\"ImageObject\",\"inLanguage\":\"it-IT\",\"@id\":\"https:\\\/\\\/secure.gravatar.com\\\/avatar\\\/1eb418f243a360a5c118e205c4f1d666c009a9fac37301044747eacb4938b467?s=96&d=mm&r=g\",\"url\":\"https:\\\/\\\/secure.gravatar.com\\\/avatar\\\/1eb418f243a360a5c118e205c4f1d666c009a9fac37301044747eacb4938b467?s=96&d=mm&r=g\",\"contentUrl\":\"https:\\\/\\\/secure.gravatar.com\\\/avatar\\\/1eb418f243a360a5c118e205c4f1d666c009a9fac37301044747eacb4938b467?s=96&d=mm&r=g\",\"caption\":\"Admin_E\"},\"url\":\"https:\\\/\\\/comunicacity.net\\\/cancello-ed-arnone\\\/author\\\/oollppcancelloarnone\\\/\"}]}<\/script>\n<!-- \/ Yoast SEO plugin. -->","yoast_head_json":{"title":"Chiusura dei locali commerciali ubicati nella Villa Comunale. - Cancello ed Arnone","robots":{"index":"index","follow":"follow","max-snippet":"max-snippet:-1","max-image-preview":"max-image-preview:large","max-video-preview":"max-video-preview:-1"},"canonical":"https:\/\/comunicacity.net\/cancello-ed-arnone\/2019\/07\/23\/chiusura-dei-locali-commerciali-ubicati-nella-villa-comunale\/","og_locale":"it_IT","og_type":"article","og_title":"Chiusura dei locali commerciali ubicati nella Villa Comunale. - Cancello ed Arnone","og_description":"In data 18\/02\/2011, con convenzione REP n. 1, la concessione per il servizio di gestione ed uso della Villa Comunale di Via E. Fieramosca, degli impianti ricreativi e sportivi ivi [&hellip;]","og_url":"https:\/\/comunicacity.net\/cancello-ed-arnone\/2019\/07\/23\/chiusura-dei-locali-commerciali-ubicati-nella-villa-comunale\/","og_site_name":"Cancello ed Arnone","article_publisher":"http:\/\/facebook.com\/ComunicaCity","article_published_time":"2019-07-23T11:51:26+00:00","article_modified_time":"2023-02-02T14:41:30+00:00","og_image":[{"width":510,"height":369,"url":"https:\/\/comunicacity.net\/cancello-ed-arnone\/wp-content\/uploads\/sites\/28\/2019\/07\/8650BEDF-7BC6-4898-BFBE-36981EBB7B94.jpeg","type":"image\/jpeg"}],"author":"Admin_E","twitter_card":"summary_large_image","twitter_creator":"@comunicacity","twitter_site":"@comunicacity","twitter_misc":{"Scritto da":"Admin_E","Tempo di lettura stimato":"1 minuto"},"schema":{"@context":"https:\/\/schema.org","@graph":[{"@type":"Article","@id":"https:\/\/comunicacity.net\/cancello-ed-arnone\/2019\/07\/23\/chiusura-dei-locali-commerciali-ubicati-nella-villa-comunale\/#article","isPartOf":{"@id":"https:\/\/comunicacity.net\/cancello-ed-arnone\/2019\/07\/23\/chiusura-dei-locali-commerciali-ubicati-nella-villa-comunale\/"},"author":{"name":"Admin_E","@id":"https:\/\/comunicacity.net\/cancello-ed-arnone\/#\/schema\/person\/eaea9f1aebcbd61eb9878e6232bd2a03"},"headline":"Chiusura dei locali commerciali ubicati nella Villa Comunale.","datePublished":"2019-07-23T11:51:26+00:00","dateModified":"2023-02-02T14:41:30+00:00","mainEntityOfPage":{"@id":"https:\/\/comunicacity.net\/cancello-ed-arnone\/2019\/07\/23\/chiusura-dei-locali-commerciali-ubicati-nella-villa-comunale\/"},"wordCount":270,"image":{"@id":"https:\/\/comunicacity.net\/cancello-ed-arnone\/2019\/07\/23\/chiusura-dei-locali-commerciali-ubicati-nella-villa-comunale\/#primaryimage"},"thumbnailUrl":"https:\/\/comunicacity.net\/cancello-ed-arnone\/wp-content\/uploads\/sites\/28\/2019\/07\/8650BEDF-7BC6-4898-BFBE-36981EBB7B94.jpeg","articleSection":["Notizie e Informazioni"],"inLanguage":"it-IT"},{"@type":"WebPage","@id":"https:\/\/comunicacity.net\/cancello-ed-arnone\/2019\/07\/23\/chiusura-dei-locali-commerciali-ubicati-nella-villa-comunale\/","url":"https:\/\/comunicacity.net\/cancello-ed-arnone\/2019\/07\/23\/chiusura-dei-locali-commerciali-ubicati-nella-villa-comunale\/","name":"Chiusura dei locali commerciali ubicati nella Villa Comunale. - Cancello ed Arnone","isPartOf":{"@id":"https:\/\/comunicacity.net\/cancello-ed-arnone\/#website"},"primaryImageOfPage":{"@id":"https:\/\/comunicacity.net\/cancello-ed-arnone\/2019\/07\/23\/chiusura-dei-locali-commerciali-ubicati-nella-villa-comunale\/#primaryimage"},"image":{"@id":"https:\/\/comunicacity.net\/cancello-ed-arnone\/2019\/07\/23\/chiusura-dei-locali-commerciali-ubicati-nella-villa-comunale\/#primaryimage"},"thumbnailUrl":"https:\/\/comunicacity.net\/cancello-ed-arnone\/wp-content\/uploads\/sites\/28\/2019\/07\/8650BEDF-7BC6-4898-BFBE-36981EBB7B94.jpeg","datePublished":"2019-07-23T11:51:26+00:00","dateModified":"2023-02-02T14:41:30+00:00","author":{"@id":"https:\/\/comunicacity.net\/cancello-ed-arnone\/#\/schema\/person\/eaea9f1aebcbd61eb9878e6232bd2a03"},"breadcrumb":{"@id":"https:\/\/comunicacity.net\/cancello-ed-arnone\/2019\/07\/23\/chiusura-dei-locali-commerciali-ubicati-nella-villa-comunale\/#breadcrumb"},"inLanguage":"it-IT","potentialAction":[{"@type":"ReadAction","target":["https:\/\/comunicacity.net\/cancello-ed-arnone\/2019\/07\/23\/chiusura-dei-locali-commerciali-ubicati-nella-villa-comunale\/"]}]},{"@type":"ImageObject","inLanguage":"it-IT","@id":"https:\/\/comunicacity.net\/cancello-ed-arnone\/2019\/07\/23\/chiusura-dei-locali-commerciali-ubicati-nella-villa-comunale\/#primaryimage","url":"https:\/\/comunicacity.net\/cancello-ed-arnone\/wp-content\/uploads\/sites\/28\/2019\/07\/8650BEDF-7BC6-4898-BFBE-36981EBB7B94.jpeg","contentUrl":"https:\/\/comunicacity.net\/cancello-ed-arnone\/wp-content\/uploads\/sites\/28\/2019\/07\/8650BEDF-7BC6-4898-BFBE-36981EBB7B94.jpeg","width":510,"height":369},{"@type":"BreadcrumbList","@id":"https:\/\/comunicacity.net\/cancello-ed-arnone\/2019\/07\/23\/chiusura-dei-locali-commerciali-ubicati-nella-villa-comunale\/#breadcrumb","itemListElement":[{"@type":"ListItem","position":1,"name":"Home","item":"https:\/\/comunicacity.net\/cancello-ed-arnone\/"},{"@type":"ListItem","position":2,"name":"Chiusura dei locali commerciali ubicati nella Villa Comunale."}]},{"@type":"WebSite","@id":"https:\/\/comunicacity.net\/cancello-ed-arnone\/#website","url":"https:\/\/comunicacity.net\/cancello-ed-arnone\/","name":"Cancello ed Arnone","description":"ComunicaCity","potentialAction":[{"@type":"SearchAction","target":{"@type":"EntryPoint","urlTemplate":"https:\/\/comunicacity.net\/cancello-ed-arnone\/?s={search_term_string}"},"query-input":{"@type":"PropertyValueSpecification","valueRequired":true,"valueName":"search_term_string"}}],"inLanguage":"it-IT"},{"@type":"Person","@id":"https:\/\/comunicacity.net\/cancello-ed-arnone\/#\/schema\/person\/eaea9f1aebcbd61eb9878e6232bd2a03","name":"Admin_E","image":{"@type":"ImageObject","inLanguage":"it-IT","@id":"https:\/\/secure.gravatar.com\/avatar\/1eb418f243a360a5c118e205c4f1d666c009a9fac37301044747eacb4938b467?s=96&d=mm&r=g","url":"https:\/\/secure.gravatar.com\/avatar\/1eb418f243a360a5c118e205c4f1d666c009a9fac37301044747eacb4938b467?s=96&d=mm&r=g","contentUrl":"https:\/\/secure.gravatar.com\/avatar\/1eb418f243a360a5c118e205c4f1d666c009a9fac37301044747eacb4938b467?s=96&d=mm&r=g","caption":"Admin_E"},"url":"https:\/\/comunicacity.net\/cancello-ed-arnone\/author\/oollppcancelloarnone\/"}]}},"meta_box":{"cc4_urg_colore":"","cc4_urg_data_inizio":"","cc4_urg_data_fine":"","cc4_cor_positivi_oggi":"","cc4_cor_negativizzati_oggi":"","cc4_cor_deceduti_oggi":"","cc4_cor_positivi_totali":"","cc4_cor_negativizzati_totali":"","cc4_cor_deceduti_totali":"","cc4_cor_attualmente_positivi":"","cc4_eve_data_inizio":"","cc4_eve_data_fine":"","cc4_eve_indirizzo":"","cc4_eve_posizione":{"latitude":"","longitude":"","zoom":""},"cc4_eve_telefono":"","cc4_eve_email":"","cc4_eve_web":"","cc4_eve_fb":"","sitopa_id":""},"_links":{"self":[{"href":"https:\/\/comunicacity.net\/cancello-ed-arnone\/wp-json\/wp\/v2\/posts\/1140","targetHints":{"allow":["GET"]}}],"collection":[{"href":"https:\/\/comunicacity.net\/cancello-ed-arnone\/wp-json\/wp\/v2\/posts"}],"about":[{"href":"https:\/\/comunicacity.net\/cancello-ed-arnone\/wp-json\/wp\/v2\/types\/post"}],"author":[{"embeddable":true,"href":"https:\/\/comunicacity.net\/cancello-ed-arnone\/wp-json\/wp\/v2\/users\/398"}],"replies":[{"embeddable":true,"href":"https:\/\/comunicacity.net\/cancello-ed-arnone\/wp-json\/wp\/v2\/comments?post=1140"}],"version-history":[{"count":1,"href":"https:\/\/comunicacity.net\/cancello-ed-arnone\/wp-json\/wp\/v2\/posts\/1140\/revisions"}],"predecessor-version":[{"id":1142,"href":"https:\/\/comunicacity.net\/cancello-ed-arnone\/wp-json\/wp\/v2\/posts\/1140\/revisions\/1142"}],"wp:featuredmedia":[{"embeddable":true,"href":"https:\/\/comunicacity.net\/cancello-ed-arnone\/wp-json\/wp\/v2\/media\/1141"}],"wp:attachment":[{"href":"https:\/\/comunicacity.net\/cancello-ed-arnone\/wp-json\/wp\/v2\/media?parent=1140"}],"wp:term":[{"taxonomy":"category","embeddable":true,"href":"https:\/\/comunicacity.net\/cancello-ed-arnone\/wp-json\/wp\/v2\/categories?post=1140"},{"taxonomy":"post_tag","embeddable":true,"href":"https:\/\/comunicacity.net\/cancello-ed-arnone\/wp-json\/wp\/v2\/tags?post=1140"}],"curies":[{"name":"wp","href":"https:\/\/api.w.org\/{rel}","templated":true}]}}