{"id":1149,"date":"2019-07-26T10:07:02","date_gmt":"2019-07-26T08:07:02","guid":{"rendered":"https:\/\/comunicacity.net\/cancello-ed-arnone\/?p=1149"},"modified":"2023-02-02T15:41:29","modified_gmt":"2023-02-02T14:41:29","slug":"tirocini-per-studenti-universitari-convenzione-comune-universita-degli-studi-di-napoli-loroentale","status":"publish","type":"post","link":"https:\/\/comunicacity.net\/cancello-ed-arnone\/2019\/07\/26\/tirocini-per-studenti-universitari-convenzione-comune-universita-degli-studi-di-napoli-loroentale\/","title":{"rendered":"Tirocini per studenti universitari: convenzione Comune &#8211; Universit\u00e0 degli Studi di Napoli \u201cL\u2019Orientale\u201d."},"content":{"rendered":"<p class=\"p3\"><span class=\"s2\">Il Comune di Cancello ed Arnone ospiter\u00e0 per un tirocinio di formazione e orientamento alcuni studenti dell\u2019Universit\u00e0 degli Studi di Napoli \u201cL\u2019Orientale\u201d.<\/span><\/p>\n<p class=\"p3\"><span class=\"s2\">Questo grazie alla Convenzione siglata dal Sindaco Raffaele Ambrosca e l\u2019Universit\u00e0 nella persona della Rettrice prof.ssa Elda Morlicchio.<\/span><\/p>\n<p class=\"p3\"><span class=\"s2\">\u201cL\u2019intenzione dell\u2019Amministrazione Comunale &#8211; afferma l\u2019assessore alla Pubblica Istruzione Annamaria Di Puorto &#8211; \u00e8 quella di favorire opportunit\u00e0 per la crescita, lo sviluppo e la concretizzazione delle abilit\u00e0 espresse dagli studenti nel contesto dell\u2019iter formativo, trasformando le potenzialit\u00e0 e le abilit\u00e0 da essi dimostrate in occasioni di coinvolgimento e di miglioramento della macchina amministrativa\u201d. <\/span><\/p>\n<p class=\"p3\"><span class=\"s2\">\u201cL\u2019iniziativa &#8211; spiega la dott.ssa Mariannina Tummolo, delegata del progetto per il Comune &#8211; vuole assicurare agli studenti la possibilit\u00e0 di un\u2019esperienza formativa che permetta loro di acquisire abilit\u00e0 professionali utili all\u2019inserimento nel mondo del lavoro\u201d. <\/span><\/p>\n","protected":false},"excerpt":{"rendered":"<p>Il Comune di Cancello ed Arnone ospiter\u00e0 per un tirocinio di formazione e orientamento alcuni studenti dell\u2019Universit\u00e0 degli Studi di Napoli \u201cL\u2019Orientale\u201d. Questo grazie alla Convenzione siglata dal Sindaco Raffaele [&hellip;]<\/p>\n","protected":false},"author":398,"featured_media":1150,"comment_status":"closed","ping_status":"closed","sticky":false,"template":"","format":"standard","meta":{"footnotes":""},"categories":[11],"tags":[],"class_list":["post-1149","post","type-post","status-publish","format-standard","has-post-thumbnail","hentry","category-notizie-e-informazioni"],"yoast_head":"<!-- This site is optimized with the Yoast SEO plugin v27.4 - https:\/\/yoast.com\/product\/yoast-seo-wordpress\/ -->\n<title>Tirocini per studenti universitari: convenzione Comune - Universit\u00e0 degli Studi di Napoli \u201cL\u2019Orientale\u201d. - Cancello ed Arnone<\/title>\n<meta name=\"robots\" content=\"index, follow, max-snippet:-1, max-image-preview:large, max-video-preview:-1\" \/>\n<link rel=\"canonical\" href=\"https:\/\/comunicacity.net\/cancello-ed-arnone\/2019\/07\/26\/tirocini-per-studenti-universitari-convenzione-comune-universita-degli-studi-di-napoli-loroentale\/\" \/>\n<meta property=\"og:locale\" content=\"it_IT\" \/>\n<meta property=\"og:type\" content=\"article\" \/>\n<meta property=\"og:title\" content=\"Tirocini per studenti universitari: convenzione Comune - Universit\u00e0 degli Studi di Napoli \u201cL\u2019Orientale\u201d. - Cancello ed Arnone\" \/>\n<meta property=\"og:description\" content=\"Il Comune di Cancello ed Arnone ospiter\u00e0 per un tirocinio di formazione e orientamento alcuni studenti dell\u2019Universit\u00e0 degli Studi di Napoli \u201cL\u2019Orientale\u201d. Questo grazie alla Convenzione siglata dal Sindaco Raffaele [&hellip;]\" \/>\n<meta property=\"og:url\" content=\"https:\/\/comunicacity.net\/cancello-ed-arnone\/2019\/07\/26\/tirocini-per-studenti-universitari-convenzione-comune-universita-degli-studi-di-napoli-loroentale\/\" \/>\n<meta property=\"og:site_name\" content=\"Cancello ed Arnone\" \/>\n<meta property=\"article:publisher\" content=\"http:\/\/facebook.com\/ComunicaCity\" \/>\n<meta property=\"article:published_time\" content=\"2019-07-26T08:07:02+00:00\" \/>\n<meta property=\"article:modified_time\" content=\"2023-02-02T14:41:29+00:00\" \/>\n<meta property=\"og:image\" content=\"https:\/\/comunicacity.net\/cancello-ed-arnone\/wp-content\/uploads\/sites\/28\/2019\/07\/33E4A739-3E0F-425E-982A-6E04F548BE2B.jpeg\" \/>\n\t<meta property=\"og:image:width\" content=\"2292\" \/>\n\t<meta property=\"og:image:height\" content=\"2292\" \/>\n\t<meta property=\"og:image:type\" content=\"image\/jpeg\" \/>\n<meta name=\"author\" content=\"Admin_E\" \/>\n<meta name=\"twitter:card\" content=\"summary_large_image\" \/>\n<meta name=\"twitter:creator\" content=\"@comunicacity\" \/>\n<meta name=\"twitter:site\" content=\"@comunicacity\" \/>\n<meta name=\"twitter:label1\" content=\"Scritto da\" \/>\n\t<meta name=\"twitter:data1\" content=\"Admin_E\" \/>\n\t<meta name=\"twitter:label2\" content=\"Tempo di lettura stimato\" \/>\n\t<meta name=\"twitter:data2\" content=\"1 minuto\" \/>\n<script type=\"application\/ld+json\" class=\"yoast-schema-graph\">{\"@context\":\"https:\\\/\\\/schema.org\",\"@graph\":[{\"@type\":\"Article\",\"@id\":\"https:\\\/\\\/comunicacity.net\\\/cancello-ed-arnone\\\/2019\\\/07\\\/26\\\/tirocini-per-studenti-universitari-convenzione-comune-universita-degli-studi-di-napoli-loroentale\\\/#article\",\"isPartOf\":{\"@id\":\"https:\\\/\\\/comunicacity.net\\\/cancello-ed-arnone\\\/2019\\\/07\\\/26\\\/tirocini-per-studenti-universitari-convenzione-comune-universita-degli-studi-di-napoli-loroentale\\\/\"},\"author\":{\"name\":\"Admin_E\",\"@id\":\"https:\\\/\\\/comunicacity.net\\\/cancello-ed-arnone\\\/#\\\/schema\\\/person\\\/eaea9f1aebcbd61eb9878e6232bd2a03\"},\"headline\":\"Tirocini per studenti universitari: convenzione Comune &#8211; Universit\u00e0 degli Studi di Napoli \u201cL\u2019Orientale\u201d.\",\"datePublished\":\"2019-07-26T08:07:02+00:00\",\"dateModified\":\"2023-02-02T14:41:29+00:00\",\"mainEntityOfPage\":{\"@id\":\"https:\\\/\\\/comunicacity.net\\\/cancello-ed-arnone\\\/2019\\\/07\\\/26\\\/tirocini-per-studenti-universitari-convenzione-comune-universita-degli-studi-di-napoli-loroentale\\\/\"},\"wordCount\":155,\"image\":{\"@id\":\"https:\\\/\\\/comunicacity.net\\\/cancello-ed-arnone\\\/2019\\\/07\\\/26\\\/tirocini-per-studenti-universitari-convenzione-comune-universita-degli-studi-di-napoli-loroentale\\\/#primaryimage\"},\"thumbnailUrl\":\"https:\\\/\\\/comunicacity.net\\\/cancello-ed-arnone\\\/wp-content\\\/uploads\\\/sites\\\/28\\\/2019\\\/07\\\/33E4A739-3E0F-425E-982A-6E04F548BE2B.jpeg\",\"articleSection\":[\"Notizie e Informazioni\"],\"inLanguage\":\"it-IT\"},{\"@type\":\"WebPage\",\"@id\":\"https:\\\/\\\/comunicacity.net\\\/cancello-ed-arnone\\\/2019\\\/07\\\/26\\\/tirocini-per-studenti-universitari-convenzione-comune-universita-degli-studi-di-napoli-loroentale\\\/\",\"url\":\"https:\\\/\\\/comunicacity.net\\\/cancello-ed-arnone\\\/2019\\\/07\\\/26\\\/tirocini-per-studenti-universitari-convenzione-comune-universita-degli-studi-di-napoli-loroentale\\\/\",\"name\":\"Tirocini per studenti universitari: convenzione Comune - Universit\u00e0 degli Studi di Napoli \u201cL\u2019Orientale\u201d. - Cancello ed Arnone\",\"isPartOf\":{\"@id\":\"https:\\\/\\\/comunicacity.net\\\/cancello-ed-arnone\\\/#website\"},\"primaryImageOfPage\":{\"@id\":\"https:\\\/\\\/comunicacity.net\\\/cancello-ed-arnone\\\/2019\\\/07\\\/26\\\/tirocini-per-studenti-universitari-convenzione-comune-universita-degli-studi-di-napoli-loroentale\\\/#primaryimage\"},\"image\":{\"@id\":\"https:\\\/\\\/comunicacity.net\\\/cancello-ed-arnone\\\/2019\\\/07\\\/26\\\/tirocini-per-studenti-universitari-convenzione-comune-universita-degli-studi-di-napoli-loroentale\\\/#primaryimage\"},\"thumbnailUrl\":\"https:\\\/\\\/comunicacity.net\\\/cancello-ed-arnone\\\/wp-content\\\/uploads\\\/sites\\\/28\\\/2019\\\/07\\\/33E4A739-3E0F-425E-982A-6E04F548BE2B.jpeg\",\"datePublished\":\"2019-07-26T08:07:02+00:00\",\"dateModified\":\"2023-02-02T14:41:29+00:00\",\"author\":{\"@id\":\"https:\\\/\\\/comunicacity.net\\\/cancello-ed-arnone\\\/#\\\/schema\\\/person\\\/eaea9f1aebcbd61eb9878e6232bd2a03\"},\"breadcrumb\":{\"@id\":\"https:\\\/\\\/comunicacity.net\\\/cancello-ed-arnone\\\/2019\\\/07\\\/26\\\/tirocini-per-studenti-universitari-convenzione-comune-universita-degli-studi-di-napoli-loroentale\\\/#breadcrumb\"},\"inLanguage\":\"it-IT\",\"potentialAction\":[{\"@type\":\"ReadAction\",\"target\":[\"https:\\\/\\\/comunicacity.net\\\/cancello-ed-arnone\\\/2019\\\/07\\\/26\\\/tirocini-per-studenti-universitari-convenzione-comune-universita-degli-studi-di-napoli-loroentale\\\/\"]}]},{\"@type\":\"ImageObject\",\"inLanguage\":\"it-IT\",\"@id\":\"https:\\\/\\\/comunicacity.net\\\/cancello-ed-arnone\\\/2019\\\/07\\\/26\\\/tirocini-per-studenti-universitari-convenzione-comune-universita-degli-studi-di-napoli-loroentale\\\/#primaryimage\",\"url\":\"https:\\\/\\\/comunicacity.net\\\/cancello-ed-arnone\\\/wp-content\\\/uploads\\\/sites\\\/28\\\/2019\\\/07\\\/33E4A739-3E0F-425E-982A-6E04F548BE2B.jpeg\",\"contentUrl\":\"https:\\\/\\\/comunicacity.net\\\/cancello-ed-arnone\\\/wp-content\\\/uploads\\\/sites\\\/28\\\/2019\\\/07\\\/33E4A739-3E0F-425E-982A-6E04F548BE2B.jpeg\",\"width\":2292,\"height\":2292},{\"@type\":\"BreadcrumbList\",\"@id\":\"https:\\\/\\\/comunicacity.net\\\/cancello-ed-arnone\\\/2019\\\/07\\\/26\\\/tirocini-per-studenti-universitari-convenzione-comune-universita-degli-studi-di-napoli-loroentale\\\/#breadcrumb\",\"itemListElement\":[{\"@type\":\"ListItem\",\"position\":1,\"name\":\"Home\",\"item\":\"https:\\\/\\\/comunicacity.net\\\/cancello-ed-arnone\\\/\"},{\"@type\":\"ListItem\",\"position\":2,\"name\":\"Tirocini per studenti universitari: convenzione Comune &#8211; Universit\u00e0 degli Studi di Napoli \u201cL\u2019Orientale\u201d.\"}]},{\"@type\":\"WebSite\",\"@id\":\"https:\\\/\\\/comunicacity.net\\\/cancello-ed-arnone\\\/#website\",\"url\":\"https:\\\/\\\/comunicacity.net\\\/cancello-ed-arnone\\\/\",\"name\":\"Cancello ed Arnone\",\"description\":\"ComunicaCity\",\"potentialAction\":[{\"@type\":\"SearchAction\",\"target\":{\"@type\":\"EntryPoint\",\"urlTemplate\":\"https:\\\/\\\/comunicacity.net\\\/cancello-ed-arnone\\\/?s={search_term_string}\"},\"query-input\":{\"@type\":\"PropertyValueSpecification\",\"valueRequired\":true,\"valueName\":\"search_term_string\"}}],\"inLanguage\":\"it-IT\"},{\"@type\":\"Person\",\"@id\":\"https:\\\/\\\/comunicacity.net\\\/cancello-ed-arnone\\\/#\\\/schema\\\/person\\\/eaea9f1aebcbd61eb9878e6232bd2a03\",\"name\":\"Admin_E\",\"image\":{\"@type\":\"ImageObject\",\"inLanguage\":\"it-IT\",\"@id\":\"https:\\\/\\\/secure.gravatar.com\\\/avatar\\\/1eb418f243a360a5c118e205c4f1d666c009a9fac37301044747eacb4938b467?s=96&d=mm&r=g\",\"url\":\"https:\\\/\\\/secure.gravatar.com\\\/avatar\\\/1eb418f243a360a5c118e205c4f1d666c009a9fac37301044747eacb4938b467?s=96&d=mm&r=g\",\"contentUrl\":\"https:\\\/\\\/secure.gravatar.com\\\/avatar\\\/1eb418f243a360a5c118e205c4f1d666c009a9fac37301044747eacb4938b467?s=96&d=mm&r=g\",\"caption\":\"Admin_E\"},\"url\":\"https:\\\/\\\/comunicacity.net\\\/cancello-ed-arnone\\\/author\\\/oollppcancelloarnone\\\/\"}]}<\/script>\n<!-- \/ Yoast SEO plugin. -->","yoast_head_json":{"title":"Tirocini per studenti universitari: convenzione Comune - Universit\u00e0 degli Studi di Napoli \u201cL\u2019Orientale\u201d. - Cancello ed Arnone","robots":{"index":"index","follow":"follow","max-snippet":"max-snippet:-1","max-image-preview":"max-image-preview:large","max-video-preview":"max-video-preview:-1"},"canonical":"https:\/\/comunicacity.net\/cancello-ed-arnone\/2019\/07\/26\/tirocini-per-studenti-universitari-convenzione-comune-universita-degli-studi-di-napoli-loroentale\/","og_locale":"it_IT","og_type":"article","og_title":"Tirocini per studenti universitari: convenzione Comune - Universit\u00e0 degli Studi di Napoli \u201cL\u2019Orientale\u201d. - Cancello ed Arnone","og_description":"Il Comune di Cancello ed Arnone ospiter\u00e0 per un tirocinio di formazione e orientamento alcuni studenti dell\u2019Universit\u00e0 degli Studi di Napoli \u201cL\u2019Orientale\u201d. Questo grazie alla Convenzione siglata dal Sindaco Raffaele [&hellip;]","og_url":"https:\/\/comunicacity.net\/cancello-ed-arnone\/2019\/07\/26\/tirocini-per-studenti-universitari-convenzione-comune-universita-degli-studi-di-napoli-loroentale\/","og_site_name":"Cancello ed Arnone","article_publisher":"http:\/\/facebook.com\/ComunicaCity","article_published_time":"2019-07-26T08:07:02+00:00","article_modified_time":"2023-02-02T14:41:29+00:00","og_image":[{"width":2292,"height":2292,"url":"https:\/\/comunicacity.net\/cancello-ed-arnone\/wp-content\/uploads\/sites\/28\/2019\/07\/33E4A739-3E0F-425E-982A-6E04F548BE2B.jpeg","type":"image\/jpeg"}],"author":"Admin_E","twitter_card":"summary_large_image","twitter_creator":"@comunicacity","twitter_site":"@comunicacity","twitter_misc":{"Scritto da":"Admin_E","Tempo di lettura stimato":"1 minuto"},"schema":{"@context":"https:\/\/schema.org","@graph":[{"@type":"Article","@id":"https:\/\/comunicacity.net\/cancello-ed-arnone\/2019\/07\/26\/tirocini-per-studenti-universitari-convenzione-comune-universita-degli-studi-di-napoli-loroentale\/#article","isPartOf":{"@id":"https:\/\/comunicacity.net\/cancello-ed-arnone\/2019\/07\/26\/tirocini-per-studenti-universitari-convenzione-comune-universita-degli-studi-di-napoli-loroentale\/"},"author":{"name":"Admin_E","@id":"https:\/\/comunicacity.net\/cancello-ed-arnone\/#\/schema\/person\/eaea9f1aebcbd61eb9878e6232bd2a03"},"headline":"Tirocini per studenti universitari: convenzione Comune &#8211; Universit\u00e0 degli Studi di Napoli \u201cL\u2019Orientale\u201d.","datePublished":"2019-07-26T08:07:02+00:00","dateModified":"2023-02-02T14:41:29+00:00","mainEntityOfPage":{"@id":"https:\/\/comunicacity.net\/cancello-ed-arnone\/2019\/07\/26\/tirocini-per-studenti-universitari-convenzione-comune-universita-degli-studi-di-napoli-loroentale\/"},"wordCount":155,"image":{"@id":"https:\/\/comunicacity.net\/cancello-ed-arnone\/2019\/07\/26\/tirocini-per-studenti-universitari-convenzione-comune-universita-degli-studi-di-napoli-loroentale\/#primaryimage"},"thumbnailUrl":"https:\/\/comunicacity.net\/cancello-ed-arnone\/wp-content\/uploads\/sites\/28\/2019\/07\/33E4A739-3E0F-425E-982A-6E04F548BE2B.jpeg","articleSection":["Notizie e Informazioni"],"inLanguage":"it-IT"},{"@type":"WebPage","@id":"https:\/\/comunicacity.net\/cancello-ed-arnone\/2019\/07\/26\/tirocini-per-studenti-universitari-convenzione-comune-universita-degli-studi-di-napoli-loroentale\/","url":"https:\/\/comunicacity.net\/cancello-ed-arnone\/2019\/07\/26\/tirocini-per-studenti-universitari-convenzione-comune-universita-degli-studi-di-napoli-loroentale\/","name":"Tirocini per studenti universitari: convenzione Comune - Universit\u00e0 degli Studi di Napoli \u201cL\u2019Orientale\u201d. - Cancello ed Arnone","isPartOf":{"@id":"https:\/\/comunicacity.net\/cancello-ed-arnone\/#website"},"primaryImageOfPage":{"@id":"https:\/\/comunicacity.net\/cancello-ed-arnone\/2019\/07\/26\/tirocini-per-studenti-universitari-convenzione-comune-universita-degli-studi-di-napoli-loroentale\/#primaryimage"},"image":{"@id":"https:\/\/comunicacity.net\/cancello-ed-arnone\/2019\/07\/26\/tirocini-per-studenti-universitari-convenzione-comune-universita-degli-studi-di-napoli-loroentale\/#primaryimage"},"thumbnailUrl":"https:\/\/comunicacity.net\/cancello-ed-arnone\/wp-content\/uploads\/sites\/28\/2019\/07\/33E4A739-3E0F-425E-982A-6E04F548BE2B.jpeg","datePublished":"2019-07-26T08:07:02+00:00","dateModified":"2023-02-02T14:41:29+00:00","author":{"@id":"https:\/\/comunicacity.net\/cancello-ed-arnone\/#\/schema\/person\/eaea9f1aebcbd61eb9878e6232bd2a03"},"breadcrumb":{"@id":"https:\/\/comunicacity.net\/cancello-ed-arnone\/2019\/07\/26\/tirocini-per-studenti-universitari-convenzione-comune-universita-degli-studi-di-napoli-loroentale\/#breadcrumb"},"inLanguage":"it-IT","potentialAction":[{"@type":"ReadAction","target":["https:\/\/comunicacity.net\/cancello-ed-arnone\/2019\/07\/26\/tirocini-per-studenti-universitari-convenzione-comune-universita-degli-studi-di-napoli-loroentale\/"]}]},{"@type":"ImageObject","inLanguage":"it-IT","@id":"https:\/\/comunicacity.net\/cancello-ed-arnone\/2019\/07\/26\/tirocini-per-studenti-universitari-convenzione-comune-universita-degli-studi-di-napoli-loroentale\/#primaryimage","url":"https:\/\/comunicacity.net\/cancello-ed-arnone\/wp-content\/uploads\/sites\/28\/2019\/07\/33E4A739-3E0F-425E-982A-6E04F548BE2B.jpeg","contentUrl":"https:\/\/comunicacity.net\/cancello-ed-arnone\/wp-content\/uploads\/sites\/28\/2019\/07\/33E4A739-3E0F-425E-982A-6E04F548BE2B.jpeg","width":2292,"height":2292},{"@type":"BreadcrumbList","@id":"https:\/\/comunicacity.net\/cancello-ed-arnone\/2019\/07\/26\/tirocini-per-studenti-universitari-convenzione-comune-universita-degli-studi-di-napoli-loroentale\/#breadcrumb","itemListElement":[{"@type":"ListItem","position":1,"name":"Home","item":"https:\/\/comunicacity.net\/cancello-ed-arnone\/"},{"@type":"ListItem","position":2,"name":"Tirocini per studenti universitari: convenzione Comune &#8211; Universit\u00e0 degli Studi di Napoli \u201cL\u2019Orientale\u201d."}]},{"@type":"WebSite","@id":"https:\/\/comunicacity.net\/cancello-ed-arnone\/#website","url":"https:\/\/comunicacity.net\/cancello-ed-arnone\/","name":"Cancello ed Arnone","description":"ComunicaCity","potentialAction":[{"@type":"SearchAction","target":{"@type":"EntryPoint","urlTemplate":"https:\/\/comunicacity.net\/cancello-ed-arnone\/?s={search_term_string}"},"query-input":{"@type":"PropertyValueSpecification","valueRequired":true,"valueName":"search_term_string"}}],"inLanguage":"it-IT"},{"@type":"Person","@id":"https:\/\/comunicacity.net\/cancello-ed-arnone\/#\/schema\/person\/eaea9f1aebcbd61eb9878e6232bd2a03","name":"Admin_E","image":{"@type":"ImageObject","inLanguage":"it-IT","@id":"https:\/\/secure.gravatar.com\/avatar\/1eb418f243a360a5c118e205c4f1d666c009a9fac37301044747eacb4938b467?s=96&d=mm&r=g","url":"https:\/\/secure.gravatar.com\/avatar\/1eb418f243a360a5c118e205c4f1d666c009a9fac37301044747eacb4938b467?s=96&d=mm&r=g","contentUrl":"https:\/\/secure.gravatar.com\/avatar\/1eb418f243a360a5c118e205c4f1d666c009a9fac37301044747eacb4938b467?s=96&d=mm&r=g","caption":"Admin_E"},"url":"https:\/\/comunicacity.net\/cancello-ed-arnone\/author\/oollppcancelloarnone\/"}]}},"meta_box":{"cc4_urg_colore":"","cc4_urg_data_inizio":"","cc4_urg_data_fine":"","cc4_cor_positivi_oggi":"","cc4_cor_negativizzati_oggi":"","cc4_cor_deceduti_oggi":"","cc4_cor_positivi_totali":"","cc4_cor_negativizzati_totali":"","cc4_cor_deceduti_totali":"","cc4_cor_attualmente_positivi":"","cc4_eve_data_inizio":"","cc4_eve_data_fine":"","cc4_eve_indirizzo":"","cc4_eve_posizione":{"latitude":"","longitude":"","zoom":""},"cc4_eve_telefono":"","cc4_eve_email":"","cc4_eve_web":"","cc4_eve_fb":"","sitopa_id":""},"_links":{"self":[{"href":"https:\/\/comunicacity.net\/cancello-ed-arnone\/wp-json\/wp\/v2\/posts\/1149","targetHints":{"allow":["GET"]}}],"collection":[{"href":"https:\/\/comunicacity.net\/cancello-ed-arnone\/wp-json\/wp\/v2\/posts"}],"about":[{"href":"https:\/\/comunicacity.net\/cancello-ed-arnone\/wp-json\/wp\/v2\/types\/post"}],"author":[{"embeddable":true,"href":"https:\/\/comunicacity.net\/cancello-ed-arnone\/wp-json\/wp\/v2\/users\/398"}],"replies":[{"embeddable":true,"href":"https:\/\/comunicacity.net\/cancello-ed-arnone\/wp-json\/wp\/v2\/comments?post=1149"}],"version-history":[{"count":2,"href":"https:\/\/comunicacity.net\/cancello-ed-arnone\/wp-json\/wp\/v2\/posts\/1149\/revisions"}],"predecessor-version":[{"id":1152,"href":"https:\/\/comunicacity.net\/cancello-ed-arnone\/wp-json\/wp\/v2\/posts\/1149\/revisions\/1152"}],"wp:featuredmedia":[{"embeddable":true,"href":"https:\/\/comunicacity.net\/cancello-ed-arnone\/wp-json\/wp\/v2\/media\/1150"}],"wp:attachment":[{"href":"https:\/\/comunicacity.net\/cancello-ed-arnone\/wp-json\/wp\/v2\/media?parent=1149"}],"wp:term":[{"taxonomy":"category","embeddable":true,"href":"https:\/\/comunicacity.net\/cancello-ed-arnone\/wp-json\/wp\/v2\/categories?post=1149"},{"taxonomy":"post_tag","embeddable":true,"href":"https:\/\/comunicacity.net\/cancello-ed-arnone\/wp-json\/wp\/v2\/tags?post=1149"}],"curies":[{"name":"wp","href":"https:\/\/api.w.org\/{rel}","templated":true}]}}