{"id":1177,"date":"2019-09-10T19:14:01","date_gmt":"2019-09-10T17:14:01","guid":{"rendered":"https:\/\/comunicacity.net\/cancello-ed-arnone\/?p=1177"},"modified":"2023-02-02T15:41:27","modified_gmt":"2023-02-02T14:41:27","slug":"domani-mercoledi-11-09-inizio-del-nuovo-anno-scolastico-calendario-di-ingresso-es-uscita","status":"publish","type":"post","link":"https:\/\/comunicacity.net\/cancello-ed-arnone\/2019\/09\/10\/domani-mercoledi-11-09-inizio-del-nuovo-anno-scolastico-calendario-di-ingresso-es-uscita\/","title":{"rendered":"Domani, mercoled\u00ec 11\/09, inizio del nuovo anno scolastico. Calendario di ingresso ed uscita."},"content":{"rendered":"<p class=\"p1\"><span class=\"s1\">Domani, mercoled\u00ec 11 settembre, il suono della campanella sancir\u00e0 l\u2019inizio del nuovo anno scolastico. <\/span><\/p>\n<p class=\"p1\"><span class=\"s1\">Il primo cittadino Raffaele Ambrosca, per l\u2019occasione, a nome suo e dell\u2019intera Amministrazione Comunale, rivolge a tutti gli studenti \u201cil pi\u00f9 sincero augurio affinch\u00e9 questo anno scolastico possa essere un importante momento di vita. Impegnatevi con passione e continuit\u00e0, godetevi questa opportunit\u00e0 di crescita col massimo dell\u2019entusiasmo e della voglia di vivere. Non spaventatevi di fronte alle difficolt\u00e0 ma affrontatele senza paura, a viso aperto. Siete voi l\u2019investimento pi\u00f9 prezioso per il nostro paese.<\/span><\/p>\n<p class=\"p1\"><span class=\"s1\">Un augurio particolare ai pi\u00f9 piccoli che muovono i primi passi nella scuola, sicuramente emozionati ma pieni di gioia per l\u2019inizio di questa nuova e straordinaria avventura.<\/span><\/p>\n<p class=\"p1\"><span class=\"s1\">Infine, rivolgo il mio saluto ai dirigenti, a tutti gli insegnanti ed al personale ausiliario e non docente\u201d.<\/span><\/p>\n<p class=\"p1\"><span class=\"s1\">Di seguito, si riporta il calendario con gli orari di ingresso e di uscita per quanto riguarda i plessi dell\u2019Istituto Comprensivo \u201cUgo Foscolo\u201d.<\/span><\/p>\n<p class=\"p1\"><span class=\"s1\">SCUOLA DELL\u2019INFANZIA<\/span><\/p>\n<p class=\"p1\"><span class=\"s1\">Mercoled\u00ec 11\/09 &#8211; Gioved\u00ec 12\/09 &#8211; Venerd\u00ec 13\/09 dalle ore 08:30 alle 12:30 (ingresso dalle ore 08:30 alle 09:30 ed uscita dalle 12:00 alle 12:30).<\/span><\/p>\n<p class=\"p1\"><span class=\"s1\">SCUOLA PRIMARIA<\/span><\/p>\n<p class=\"p1\"><span class=\"s1\">Mercoled\u00ec 11\/09 dalle ore 08:15 alle 12:15 gli alunni delle classi 1^;<\/span><\/p>\n<p class=\"p1\"><span class=\"s1\">Mercoled\u00ec 11\/09 dalle ore 08:45 alle 12:15 gli alunni delle classi 2^ &#8211; 3^ &#8211; 4^ &#8211; 5^;<\/span><\/p>\n<p class=\"p1\"><span class=\"s1\">Gioved\u00ec 12\/09 &#8211; Venerd\u00ec 13\/09 dalle ore 08:15 alle 12:15 tutti gli alunni;<\/span><\/p>\n<p class=\"p1\"><span class=\"s1\">SCUOLA SECONDARIA<\/span><\/p>\n<p class=\"p1\"><span class=\"s1\">Mercoled\u00ec 11\/09 dalle ore 08:00 alle 12:00 alunni classi 1^;<\/span><\/p>\n<p class=\"p1\"><span class=\"s1\">Mercoled\u00ec 11\/09 dalle ore 09:00 alle 12:00 alunni classi 2^ e 3^;<\/span><\/p>\n<p class=\"p1\"><span class=\"s1\">Gioved\u00ec 12\/09 &#8211; Venerd\u00ec 13\/09 dalle ore 08:00 alle 12:00 tutti gli alunni.<\/span><\/p>\n<p class=\"p1\"><span class=\"s1\">Il Liceo Scientifico \u201cGalileo Galilei\u201d, infine, per i primi 3 giorni osserver\u00e0 l\u2019orario ridotto dalle ore 08:15 alle ore 12:15.<\/span><\/p>\n<p class=\"p1\"><span class=\"s1\">Da Luned\u00ec 16\/09, si comincer\u00e0 con l\u2019orario canonico dalle ore 08:15 alle ore 14:15.<\/span><\/p>\n","protected":false},"excerpt":{"rendered":"<p>Domani, mercoled\u00ec 11 settembre, il suono della campanella sancir\u00e0 l\u2019inizio del nuovo anno scolastico. Il primo cittadino Raffaele Ambrosca, per l\u2019occasione, a nome suo e dell\u2019intera Amministrazione Comunale, rivolge a [&hellip;]<\/p>\n","protected":false},"author":398,"featured_media":1178,"comment_status":"closed","ping_status":"closed","sticky":false,"template":"","format":"standard","meta":{"footnotes":""},"categories":[11],"tags":[],"class_list":["post-1177","post","type-post","status-publish","format-standard","has-post-thumbnail","hentry","category-notizie-e-informazioni"],"yoast_head":"<!-- This site is optimized with the Yoast SEO plugin v27.4 - https:\/\/yoast.com\/product\/yoast-seo-wordpress\/ -->\n<title>Domani, mercoled\u00ec 11\/09, inizio del nuovo anno scolastico. Calendario di ingresso ed uscita. - Cancello ed Arnone<\/title>\n<meta name=\"robots\" content=\"index, follow, max-snippet:-1, max-image-preview:large, max-video-preview:-1\" \/>\n<link rel=\"canonical\" href=\"https:\/\/comunicacity.net\/cancello-ed-arnone\/2019\/09\/10\/domani-mercoledi-11-09-inizio-del-nuovo-anno-scolastico-calendario-di-ingresso-es-uscita\/\" \/>\n<meta property=\"og:locale\" content=\"it_IT\" \/>\n<meta property=\"og:type\" content=\"article\" \/>\n<meta property=\"og:title\" content=\"Domani, mercoled\u00ec 11\/09, inizio del nuovo anno scolastico. Calendario di ingresso ed uscita. - Cancello ed Arnone\" \/>\n<meta property=\"og:description\" content=\"Domani, mercoled\u00ec 11 settembre, il suono della campanella sancir\u00e0 l\u2019inizio del nuovo anno scolastico. Il primo cittadino Raffaele Ambrosca, per l\u2019occasione, a nome suo e dell\u2019intera Amministrazione Comunale, rivolge a [&hellip;]\" \/>\n<meta property=\"og:url\" content=\"https:\/\/comunicacity.net\/cancello-ed-arnone\/2019\/09\/10\/domani-mercoledi-11-09-inizio-del-nuovo-anno-scolastico-calendario-di-ingresso-es-uscita\/\" \/>\n<meta property=\"og:site_name\" content=\"Cancello ed Arnone\" \/>\n<meta property=\"article:publisher\" content=\"http:\/\/facebook.com\/ComunicaCity\" \/>\n<meta property=\"article:published_time\" content=\"2019-09-10T17:14:01+00:00\" \/>\n<meta property=\"article:modified_time\" content=\"2023-02-02T14:41:27+00:00\" \/>\n<meta property=\"og:image\" content=\"https:\/\/comunicacity.net\/cancello-ed-arnone\/wp-content\/themes\/comunicacity\/build\/assets\/categorie\/notizie-e-informazioni.png\" \/>\n\t<meta property=\"og:image:width\" content=\"1200\" \/>\n\t<meta property=\"og:image:height\" content=\"600\" \/>\n<meta name=\"author\" content=\"Admin_E\" \/>\n<meta name=\"twitter:card\" content=\"summary_large_image\" \/>\n<meta name=\"twitter:creator\" content=\"@comunicacity\" \/>\n<meta name=\"twitter:site\" content=\"@comunicacity\" \/>\n<meta name=\"twitter:label1\" content=\"Scritto da\" \/>\n\t<meta name=\"twitter:data1\" content=\"Admin_E\" \/>\n\t<meta name=\"twitter:label2\" content=\"Tempo di lettura stimato\" \/>\n\t<meta name=\"twitter:data2\" content=\"1 minuto\" \/>\n<script type=\"application\/ld+json\" class=\"yoast-schema-graph\">{\"@context\":\"https:\\\/\\\/schema.org\",\"@graph\":[{\"@type\":\"Article\",\"@id\":\"https:\\\/\\\/comunicacity.net\\\/cancello-ed-arnone\\\/2019\\\/09\\\/10\\\/domani-mercoledi-11-09-inizio-del-nuovo-anno-scolastico-calendario-di-ingresso-es-uscita\\\/#article\",\"isPartOf\":{\"@id\":\"https:\\\/\\\/comunicacity.net\\\/cancello-ed-arnone\\\/2019\\\/09\\\/10\\\/domani-mercoledi-11-09-inizio-del-nuovo-anno-scolastico-calendario-di-ingresso-es-uscita\\\/\"},\"author\":{\"name\":\"Admin_E\",\"@id\":\"https:\\\/\\\/comunicacity.net\\\/cancello-ed-arnone\\\/#\\\/schema\\\/person\\\/eaea9f1aebcbd61eb9878e6232bd2a03\"},\"headline\":\"Domani, mercoled\u00ec 11\\\/09, inizio del nuovo anno scolastico. Calendario di ingresso ed uscita.\",\"datePublished\":\"2019-09-10T17:14:01+00:00\",\"dateModified\":\"2023-02-02T14:41:27+00:00\",\"mainEntityOfPage\":{\"@id\":\"https:\\\/\\\/comunicacity.net\\\/cancello-ed-arnone\\\/2019\\\/09\\\/10\\\/domani-mercoledi-11-09-inizio-del-nuovo-anno-scolastico-calendario-di-ingresso-es-uscita\\\/\"},\"wordCount\":277,\"image\":{\"@id\":\"https:\\\/\\\/comunicacity.net\\\/cancello-ed-arnone\\\/2019\\\/09\\\/10\\\/domani-mercoledi-11-09-inizio-del-nuovo-anno-scolastico-calendario-di-ingresso-es-uscita\\\/#primaryimage\"},\"thumbnailUrl\":\"\",\"articleSection\":[\"Notizie e Informazioni\"],\"inLanguage\":\"it-IT\"},{\"@type\":\"WebPage\",\"@id\":\"https:\\\/\\\/comunicacity.net\\\/cancello-ed-arnone\\\/2019\\\/09\\\/10\\\/domani-mercoledi-11-09-inizio-del-nuovo-anno-scolastico-calendario-di-ingresso-es-uscita\\\/\",\"url\":\"https:\\\/\\\/comunicacity.net\\\/cancello-ed-arnone\\\/2019\\\/09\\\/10\\\/domani-mercoledi-11-09-inizio-del-nuovo-anno-scolastico-calendario-di-ingresso-es-uscita\\\/\",\"name\":\"Domani, mercoled\u00ec 11\\\/09, inizio del nuovo anno scolastico. Calendario di ingresso ed uscita. - Cancello ed Arnone\",\"isPartOf\":{\"@id\":\"https:\\\/\\\/comunicacity.net\\\/cancello-ed-arnone\\\/#website\"},\"primaryImageOfPage\":{\"@id\":\"https:\\\/\\\/comunicacity.net\\\/cancello-ed-arnone\\\/2019\\\/09\\\/10\\\/domani-mercoledi-11-09-inizio-del-nuovo-anno-scolastico-calendario-di-ingresso-es-uscita\\\/#primaryimage\"},\"image\":{\"@id\":\"https:\\\/\\\/comunicacity.net\\\/cancello-ed-arnone\\\/2019\\\/09\\\/10\\\/domani-mercoledi-11-09-inizio-del-nuovo-anno-scolastico-calendario-di-ingresso-es-uscita\\\/#primaryimage\"},\"thumbnailUrl\":\"\",\"datePublished\":\"2019-09-10T17:14:01+00:00\",\"dateModified\":\"2023-02-02T14:41:27+00:00\",\"author\":{\"@id\":\"https:\\\/\\\/comunicacity.net\\\/cancello-ed-arnone\\\/#\\\/schema\\\/person\\\/eaea9f1aebcbd61eb9878e6232bd2a03\"},\"breadcrumb\":{\"@id\":\"https:\\\/\\\/comunicacity.net\\\/cancello-ed-arnone\\\/2019\\\/09\\\/10\\\/domani-mercoledi-11-09-inizio-del-nuovo-anno-scolastico-calendario-di-ingresso-es-uscita\\\/#breadcrumb\"},\"inLanguage\":\"it-IT\",\"potentialAction\":[{\"@type\":\"ReadAction\",\"target\":[\"https:\\\/\\\/comunicacity.net\\\/cancello-ed-arnone\\\/2019\\\/09\\\/10\\\/domani-mercoledi-11-09-inizio-del-nuovo-anno-scolastico-calendario-di-ingresso-es-uscita\\\/\"]}]},{\"@type\":\"ImageObject\",\"inLanguage\":\"it-IT\",\"@id\":\"https:\\\/\\\/comunicacity.net\\\/cancello-ed-arnone\\\/2019\\\/09\\\/10\\\/domani-mercoledi-11-09-inizio-del-nuovo-anno-scolastico-calendario-di-ingresso-es-uscita\\\/#primaryimage\",\"url\":\"\",\"contentUrl\":\"\"},{\"@type\":\"BreadcrumbList\",\"@id\":\"https:\\\/\\\/comunicacity.net\\\/cancello-ed-arnone\\\/2019\\\/09\\\/10\\\/domani-mercoledi-11-09-inizio-del-nuovo-anno-scolastico-calendario-di-ingresso-es-uscita\\\/#breadcrumb\",\"itemListElement\":[{\"@type\":\"ListItem\",\"position\":1,\"name\":\"Home\",\"item\":\"https:\\\/\\\/comunicacity.net\\\/cancello-ed-arnone\\\/\"},{\"@type\":\"ListItem\",\"position\":2,\"name\":\"Domani, mercoled\u00ec 11\\\/09, inizio del nuovo anno scolastico. Calendario di ingresso ed uscita.\"}]},{\"@type\":\"WebSite\",\"@id\":\"https:\\\/\\\/comunicacity.net\\\/cancello-ed-arnone\\\/#website\",\"url\":\"https:\\\/\\\/comunicacity.net\\\/cancello-ed-arnone\\\/\",\"name\":\"Cancello ed Arnone\",\"description\":\"ComunicaCity\",\"potentialAction\":[{\"@type\":\"SearchAction\",\"target\":{\"@type\":\"EntryPoint\",\"urlTemplate\":\"https:\\\/\\\/comunicacity.net\\\/cancello-ed-arnone\\\/?s={search_term_string}\"},\"query-input\":{\"@type\":\"PropertyValueSpecification\",\"valueRequired\":true,\"valueName\":\"search_term_string\"}}],\"inLanguage\":\"it-IT\"},{\"@type\":\"Person\",\"@id\":\"https:\\\/\\\/comunicacity.net\\\/cancello-ed-arnone\\\/#\\\/schema\\\/person\\\/eaea9f1aebcbd61eb9878e6232bd2a03\",\"name\":\"Admin_E\",\"image\":{\"@type\":\"ImageObject\",\"inLanguage\":\"it-IT\",\"@id\":\"https:\\\/\\\/secure.gravatar.com\\\/avatar\\\/1eb418f243a360a5c118e205c4f1d666c009a9fac37301044747eacb4938b467?s=96&d=mm&r=g\",\"url\":\"https:\\\/\\\/secure.gravatar.com\\\/avatar\\\/1eb418f243a360a5c118e205c4f1d666c009a9fac37301044747eacb4938b467?s=96&d=mm&r=g\",\"contentUrl\":\"https:\\\/\\\/secure.gravatar.com\\\/avatar\\\/1eb418f243a360a5c118e205c4f1d666c009a9fac37301044747eacb4938b467?s=96&d=mm&r=g\",\"caption\":\"Admin_E\"},\"url\":\"https:\\\/\\\/comunicacity.net\\\/cancello-ed-arnone\\\/author\\\/oollppcancelloarnone\\\/\"}]}<\/script>\n<!-- \/ Yoast SEO plugin. -->","yoast_head_json":{"title":"Domani, mercoled\u00ec 11\/09, inizio del nuovo anno scolastico. Calendario di ingresso ed uscita. - Cancello ed Arnone","robots":{"index":"index","follow":"follow","max-snippet":"max-snippet:-1","max-image-preview":"max-image-preview:large","max-video-preview":"max-video-preview:-1"},"canonical":"https:\/\/comunicacity.net\/cancello-ed-arnone\/2019\/09\/10\/domani-mercoledi-11-09-inizio-del-nuovo-anno-scolastico-calendario-di-ingresso-es-uscita\/","og_locale":"it_IT","og_type":"article","og_title":"Domani, mercoled\u00ec 11\/09, inizio del nuovo anno scolastico. Calendario di ingresso ed uscita. - Cancello ed Arnone","og_description":"Domani, mercoled\u00ec 11 settembre, il suono della campanella sancir\u00e0 l\u2019inizio del nuovo anno scolastico. Il primo cittadino Raffaele Ambrosca, per l\u2019occasione, a nome suo e dell\u2019intera Amministrazione Comunale, rivolge a [&hellip;]","og_url":"https:\/\/comunicacity.net\/cancello-ed-arnone\/2019\/09\/10\/domani-mercoledi-11-09-inizio-del-nuovo-anno-scolastico-calendario-di-ingresso-es-uscita\/","og_site_name":"Cancello ed Arnone","article_publisher":"http:\/\/facebook.com\/ComunicaCity","article_published_time":"2019-09-10T17:14:01+00:00","article_modified_time":"2023-02-02T14:41:27+00:00","og_image":[{"url":"https:\/\/comunicacity.net\/cancello-ed-arnone\/wp-content\/themes\/comunicacity\/build\/assets\/categorie\/notizie-e-informazioni.png","height":600,"width":1200,"type":""}],"author":"Admin_E","twitter_card":"summary_large_image","twitter_creator":"@comunicacity","twitter_site":"@comunicacity","twitter_misc":{"Scritto da":"Admin_E","Tempo di lettura stimato":"1 minuto"},"schema":{"@context":"https:\/\/schema.org","@graph":[{"@type":"Article","@id":"https:\/\/comunicacity.net\/cancello-ed-arnone\/2019\/09\/10\/domani-mercoledi-11-09-inizio-del-nuovo-anno-scolastico-calendario-di-ingresso-es-uscita\/#article","isPartOf":{"@id":"https:\/\/comunicacity.net\/cancello-ed-arnone\/2019\/09\/10\/domani-mercoledi-11-09-inizio-del-nuovo-anno-scolastico-calendario-di-ingresso-es-uscita\/"},"author":{"name":"Admin_E","@id":"https:\/\/comunicacity.net\/cancello-ed-arnone\/#\/schema\/person\/eaea9f1aebcbd61eb9878e6232bd2a03"},"headline":"Domani, mercoled\u00ec 11\/09, inizio del nuovo anno scolastico. Calendario di ingresso ed uscita.","datePublished":"2019-09-10T17:14:01+00:00","dateModified":"2023-02-02T14:41:27+00:00","mainEntityOfPage":{"@id":"https:\/\/comunicacity.net\/cancello-ed-arnone\/2019\/09\/10\/domani-mercoledi-11-09-inizio-del-nuovo-anno-scolastico-calendario-di-ingresso-es-uscita\/"},"wordCount":277,"image":{"@id":"https:\/\/comunicacity.net\/cancello-ed-arnone\/2019\/09\/10\/domani-mercoledi-11-09-inizio-del-nuovo-anno-scolastico-calendario-di-ingresso-es-uscita\/#primaryimage"},"thumbnailUrl":"","articleSection":["Notizie e Informazioni"],"inLanguage":"it-IT"},{"@type":"WebPage","@id":"https:\/\/comunicacity.net\/cancello-ed-arnone\/2019\/09\/10\/domani-mercoledi-11-09-inizio-del-nuovo-anno-scolastico-calendario-di-ingresso-es-uscita\/","url":"https:\/\/comunicacity.net\/cancello-ed-arnone\/2019\/09\/10\/domani-mercoledi-11-09-inizio-del-nuovo-anno-scolastico-calendario-di-ingresso-es-uscita\/","name":"Domani, mercoled\u00ec 11\/09, inizio del nuovo anno scolastico. Calendario di ingresso ed uscita. - Cancello ed Arnone","isPartOf":{"@id":"https:\/\/comunicacity.net\/cancello-ed-arnone\/#website"},"primaryImageOfPage":{"@id":"https:\/\/comunicacity.net\/cancello-ed-arnone\/2019\/09\/10\/domani-mercoledi-11-09-inizio-del-nuovo-anno-scolastico-calendario-di-ingresso-es-uscita\/#primaryimage"},"image":{"@id":"https:\/\/comunicacity.net\/cancello-ed-arnone\/2019\/09\/10\/domani-mercoledi-11-09-inizio-del-nuovo-anno-scolastico-calendario-di-ingresso-es-uscita\/#primaryimage"},"thumbnailUrl":"","datePublished":"2019-09-10T17:14:01+00:00","dateModified":"2023-02-02T14:41:27+00:00","author":{"@id":"https:\/\/comunicacity.net\/cancello-ed-arnone\/#\/schema\/person\/eaea9f1aebcbd61eb9878e6232bd2a03"},"breadcrumb":{"@id":"https:\/\/comunicacity.net\/cancello-ed-arnone\/2019\/09\/10\/domani-mercoledi-11-09-inizio-del-nuovo-anno-scolastico-calendario-di-ingresso-es-uscita\/#breadcrumb"},"inLanguage":"it-IT","potentialAction":[{"@type":"ReadAction","target":["https:\/\/comunicacity.net\/cancello-ed-arnone\/2019\/09\/10\/domani-mercoledi-11-09-inizio-del-nuovo-anno-scolastico-calendario-di-ingresso-es-uscita\/"]}]},{"@type":"ImageObject","inLanguage":"it-IT","@id":"https:\/\/comunicacity.net\/cancello-ed-arnone\/2019\/09\/10\/domani-mercoledi-11-09-inizio-del-nuovo-anno-scolastico-calendario-di-ingresso-es-uscita\/#primaryimage","url":"","contentUrl":""},{"@type":"BreadcrumbList","@id":"https:\/\/comunicacity.net\/cancello-ed-arnone\/2019\/09\/10\/domani-mercoledi-11-09-inizio-del-nuovo-anno-scolastico-calendario-di-ingresso-es-uscita\/#breadcrumb","itemListElement":[{"@type":"ListItem","position":1,"name":"Home","item":"https:\/\/comunicacity.net\/cancello-ed-arnone\/"},{"@type":"ListItem","position":2,"name":"Domani, mercoled\u00ec 11\/09, inizio del nuovo anno scolastico. Calendario di ingresso ed uscita."}]},{"@type":"WebSite","@id":"https:\/\/comunicacity.net\/cancello-ed-arnone\/#website","url":"https:\/\/comunicacity.net\/cancello-ed-arnone\/","name":"Cancello ed Arnone","description":"ComunicaCity","potentialAction":[{"@type":"SearchAction","target":{"@type":"EntryPoint","urlTemplate":"https:\/\/comunicacity.net\/cancello-ed-arnone\/?s={search_term_string}"},"query-input":{"@type":"PropertyValueSpecification","valueRequired":true,"valueName":"search_term_string"}}],"inLanguage":"it-IT"},{"@type":"Person","@id":"https:\/\/comunicacity.net\/cancello-ed-arnone\/#\/schema\/person\/eaea9f1aebcbd61eb9878e6232bd2a03","name":"Admin_E","image":{"@type":"ImageObject","inLanguage":"it-IT","@id":"https:\/\/secure.gravatar.com\/avatar\/1eb418f243a360a5c118e205c4f1d666c009a9fac37301044747eacb4938b467?s=96&d=mm&r=g","url":"https:\/\/secure.gravatar.com\/avatar\/1eb418f243a360a5c118e205c4f1d666c009a9fac37301044747eacb4938b467?s=96&d=mm&r=g","contentUrl":"https:\/\/secure.gravatar.com\/avatar\/1eb418f243a360a5c118e205c4f1d666c009a9fac37301044747eacb4938b467?s=96&d=mm&r=g","caption":"Admin_E"},"url":"https:\/\/comunicacity.net\/cancello-ed-arnone\/author\/oollppcancelloarnone\/"}]}},"meta_box":{"cc4_urg_colore":"","cc4_urg_data_inizio":"","cc4_urg_data_fine":"","cc4_cor_positivi_oggi":"","cc4_cor_negativizzati_oggi":"","cc4_cor_deceduti_oggi":"","cc4_cor_positivi_totali":"","cc4_cor_negativizzati_totali":"","cc4_cor_deceduti_totali":"","cc4_cor_attualmente_positivi":"","cc4_eve_data_inizio":"","cc4_eve_data_fine":"","cc4_eve_indirizzo":"","cc4_eve_posizione":{"latitude":"","longitude":"","zoom":""},"cc4_eve_telefono":"","cc4_eve_email":"","cc4_eve_web":"","cc4_eve_fb":"","sitopa_id":""},"_links":{"self":[{"href":"https:\/\/comunicacity.net\/cancello-ed-arnone\/wp-json\/wp\/v2\/posts\/1177","targetHints":{"allow":["GET"]}}],"collection":[{"href":"https:\/\/comunicacity.net\/cancello-ed-arnone\/wp-json\/wp\/v2\/posts"}],"about":[{"href":"https:\/\/comunicacity.net\/cancello-ed-arnone\/wp-json\/wp\/v2\/types\/post"}],"author":[{"embeddable":true,"href":"https:\/\/comunicacity.net\/cancello-ed-arnone\/wp-json\/wp\/v2\/users\/398"}],"replies":[{"embeddable":true,"href":"https:\/\/comunicacity.net\/cancello-ed-arnone\/wp-json\/wp\/v2\/comments?post=1177"}],"version-history":[{"count":1,"href":"https:\/\/comunicacity.net\/cancello-ed-arnone\/wp-json\/wp\/v2\/posts\/1177\/revisions"}],"predecessor-version":[{"id":1519,"href":"https:\/\/comunicacity.net\/cancello-ed-arnone\/wp-json\/wp\/v2\/posts\/1177\/revisions\/1519"}],"wp:featuredmedia":[{"embeddable":true,"href":"https:\/\/comunicacity.net\/cancello-ed-arnone\/wp-json\/wp\/v2\/posts\/1178"}],"wp:attachment":[{"href":"https:\/\/comunicacity.net\/cancello-ed-arnone\/wp-json\/wp\/v2\/media?parent=1177"}],"wp:term":[{"taxonomy":"category","embeddable":true,"href":"https:\/\/comunicacity.net\/cancello-ed-arnone\/wp-json\/wp\/v2\/categories?post=1177"},{"taxonomy":"post_tag","embeddable":true,"href":"https:\/\/comunicacity.net\/cancello-ed-arnone\/wp-json\/wp\/v2\/tags?post=1177"}],"curies":[{"name":"wp","href":"https:\/\/api.w.org\/{rel}","templated":true}]}}