{"id":1189,"date":"2019-10-03T08:23:11","date_gmt":"2019-10-03T06:23:11","guid":{"rendered":"https:\/\/comunicacity.net\/cancello-ed-arnone\/?p=1189"},"modified":"2023-02-02T15:41:26","modified_gmt":"2023-02-02T14:41:26","slug":"eccellenze-nostrane-lo-chef-ferdinando-campaniello-vince-il-premio-miglior-paella-valenciana-al-di-fuori-del-territorio-spagnolo","status":"publish","type":"post","link":"https:\/\/comunicacity.net\/cancello-ed-arnone\/2019\/10\/03\/eccellenze-nostrane-lo-chef-ferdinando-campaniello-vince-il-premio-miglior-paella-valenciana-al-di-fuori-del-territorio-spagnolo\/","title":{"rendered":"Eccellenze nostrane. Lo chef Ferdinando Campaniello vince il premio \u201cMiglior Paella Valenciana al di fuori del territorio spagnolo\u201d."},"content":{"rendered":"<p><span style=\"font-size: 1rem\">Il 14\/15\/16 settembre 2019 si \u00e8 tenuta la 59^ edizione del Concorso Internazionale di Paella Valenciana di Sueca, il campionato mondiale di paella cotta a legna che, quest\u2019anno, ha visto la partecipazione di oltre 40 chef provenienti da tutto il mondo (Australia, Francia, Italia, USA, Giappone, Messico e Tasmania). L\u2019International Paella Valenciana Contest ha origine intorno al 1961 a causa del boom turistico e delle competizioni culinarie. Inizialmente coinvolgeva solo partecipanti spagnoli, invece, oggi, il concorso gode del riconoscimento mondiale del settore, non solo perch\u00e9 \u00e8 la pi\u00f9 antica in Spagna, ma anche perch\u00e9, in ogni edizione, aumenta la domanda di partecipanti e coinvolge tutti gli chef di paella nel mondo.\u00a0<\/span><\/p>\n<p>Quest\u2019anno, ad aggiudicarsi il premio come Miglior Paella Valenciana al di fuori del territorio spagnolo, \u00e8 stato il nostro concittadino, lo chef Ferdinando Campaniello che, insieme a suo figlio e aiutante Pasquale Campaniello, ha preso parte alla competizione. La cerimonia di premiazione si \u00e8 svolta a Sueca-Valencia (Espa\u00f1a), nelle prestigiosa Sala Cancela con la presenza di diverse Autorit\u00e0 spagnole, Chef proveniente da varie parti del mondo, ospiti e giuria.<br \/>\n\u201cUn evento ed un risultato cos\u00ec straordinario di un nostro concittadino non poteva passare inosservato\u201d. Queste le parole del primo cittadino Ambrosca che, ieri mattina, ha ricevuto presso la casa comunale, lo chef Campaniello. \u201cCi tenevo particolarmente tanto a complimentarmi con lui di persona; il successo ottenuto ha dato lustro non solo a s\u00e9 stesso, ma a tutta la comunit\u00e0 di Cancello ed Arnone\u201d.<\/p>\n","protected":false},"excerpt":{"rendered":"<p>Il 14\/15\/16 settembre 2019 si \u00e8 tenuta la 59^ edizione del Concorso Internazionale di Paella Valenciana di Sueca, il campionato mondiale di paella cotta a legna che, quest\u2019anno, ha visto [&hellip;]<\/p>\n","protected":false},"author":398,"featured_media":1190,"comment_status":"closed","ping_status":"closed","sticky":false,"template":"","format":"standard","meta":{"footnotes":""},"categories":[11],"tags":[],"class_list":["post-1189","post","type-post","status-publish","format-standard","has-post-thumbnail","hentry","category-notizie-e-informazioni"],"yoast_head":"<!-- This site is optimized with the Yoast SEO plugin v27.4 - https:\/\/yoast.com\/product\/yoast-seo-wordpress\/ -->\n<title>Eccellenze nostrane. Lo chef Ferdinando Campaniello vince il premio \u201cMiglior Paella Valenciana al di fuori del territorio spagnolo\u201d. - Cancello ed Arnone<\/title>\n<meta name=\"robots\" content=\"index, follow, max-snippet:-1, max-image-preview:large, max-video-preview:-1\" \/>\n<link rel=\"canonical\" href=\"https:\/\/comunicacity.net\/cancello-ed-arnone\/2019\/10\/03\/eccellenze-nostrane-lo-chef-ferdinando-campaniello-vince-il-premio-miglior-paella-valenciana-al-di-fuori-del-territorio-spagnolo\/\" \/>\n<meta property=\"og:locale\" content=\"it_IT\" \/>\n<meta property=\"og:type\" content=\"article\" \/>\n<meta property=\"og:title\" content=\"Eccellenze nostrane. Lo chef Ferdinando Campaniello vince il premio \u201cMiglior Paella Valenciana al di fuori del territorio spagnolo\u201d. - Cancello ed Arnone\" \/>\n<meta property=\"og:description\" content=\"Il 14\/15\/16 settembre 2019 si \u00e8 tenuta la 59^ edizione del Concorso Internazionale di Paella Valenciana di Sueca, il campionato mondiale di paella cotta a legna che, quest\u2019anno, ha visto [&hellip;]\" \/>\n<meta property=\"og:url\" content=\"https:\/\/comunicacity.net\/cancello-ed-arnone\/2019\/10\/03\/eccellenze-nostrane-lo-chef-ferdinando-campaniello-vince-il-premio-miglior-paella-valenciana-al-di-fuori-del-territorio-spagnolo\/\" \/>\n<meta property=\"og:site_name\" content=\"Cancello ed Arnone\" \/>\n<meta property=\"article:publisher\" content=\"http:\/\/facebook.com\/ComunicaCity\" \/>\n<meta property=\"article:published_time\" content=\"2019-10-03T06:23:11+00:00\" \/>\n<meta property=\"article:modified_time\" content=\"2023-02-02T14:41:26+00:00\" \/>\n<meta property=\"og:image\" content=\"https:\/\/comunicacity.net\/cancello-ed-arnone\/wp-content\/uploads\/sites\/28\/2019\/10\/AE7530AA-99E7-42E0-A2D1-AAE097987456-1024x768.jpeg\" \/>\n\t<meta property=\"og:image:width\" content=\"1024\" \/>\n\t<meta property=\"og:image:height\" content=\"768\" \/>\n\t<meta property=\"og:image:type\" content=\"image\/jpeg\" \/>\n<meta name=\"author\" content=\"Admin_E\" \/>\n<meta name=\"twitter:card\" content=\"summary_large_image\" \/>\n<meta name=\"twitter:creator\" content=\"@comunicacity\" \/>\n<meta name=\"twitter:site\" content=\"@comunicacity\" \/>\n<meta name=\"twitter:label1\" content=\"Scritto da\" \/>\n\t<meta name=\"twitter:data1\" content=\"Admin_E\" \/>\n\t<meta name=\"twitter:label2\" content=\"Tempo di lettura stimato\" \/>\n\t<meta name=\"twitter:data2\" content=\"1 minuto\" \/>\n<script type=\"application\/ld+json\" class=\"yoast-schema-graph\">{\"@context\":\"https:\\\/\\\/schema.org\",\"@graph\":[{\"@type\":\"Article\",\"@id\":\"https:\\\/\\\/comunicacity.net\\\/cancello-ed-arnone\\\/2019\\\/10\\\/03\\\/eccellenze-nostrane-lo-chef-ferdinando-campaniello-vince-il-premio-miglior-paella-valenciana-al-di-fuori-del-territorio-spagnolo\\\/#article\",\"isPartOf\":{\"@id\":\"https:\\\/\\\/comunicacity.net\\\/cancello-ed-arnone\\\/2019\\\/10\\\/03\\\/eccellenze-nostrane-lo-chef-ferdinando-campaniello-vince-il-premio-miglior-paella-valenciana-al-di-fuori-del-territorio-spagnolo\\\/\"},\"author\":{\"name\":\"Admin_E\",\"@id\":\"https:\\\/\\\/comunicacity.net\\\/cancello-ed-arnone\\\/#\\\/schema\\\/person\\\/eaea9f1aebcbd61eb9878e6232bd2a03\"},\"headline\":\"Eccellenze nostrane. Lo chef Ferdinando Campaniello vince il premio \u201cMiglior Paella Valenciana al di fuori del territorio spagnolo\u201d.\",\"datePublished\":\"2019-10-03T06:23:11+00:00\",\"dateModified\":\"2023-02-02T14:41:26+00:00\",\"mainEntityOfPage\":{\"@id\":\"https:\\\/\\\/comunicacity.net\\\/cancello-ed-arnone\\\/2019\\\/10\\\/03\\\/eccellenze-nostrane-lo-chef-ferdinando-campaniello-vince-il-premio-miglior-paella-valenciana-al-di-fuori-del-territorio-spagnolo\\\/\"},\"wordCount\":257,\"image\":{\"@id\":\"https:\\\/\\\/comunicacity.net\\\/cancello-ed-arnone\\\/2019\\\/10\\\/03\\\/eccellenze-nostrane-lo-chef-ferdinando-campaniello-vince-il-premio-miglior-paella-valenciana-al-di-fuori-del-territorio-spagnolo\\\/#primaryimage\"},\"thumbnailUrl\":\"https:\\\/\\\/comunicacity.net\\\/cancello-ed-arnone\\\/wp-content\\\/uploads\\\/sites\\\/28\\\/2019\\\/10\\\/AE7530AA-99E7-42E0-A2D1-AAE097987456.jpeg\",\"articleSection\":[\"Notizie e Informazioni\"],\"inLanguage\":\"it-IT\"},{\"@type\":\"WebPage\",\"@id\":\"https:\\\/\\\/comunicacity.net\\\/cancello-ed-arnone\\\/2019\\\/10\\\/03\\\/eccellenze-nostrane-lo-chef-ferdinando-campaniello-vince-il-premio-miglior-paella-valenciana-al-di-fuori-del-territorio-spagnolo\\\/\",\"url\":\"https:\\\/\\\/comunicacity.net\\\/cancello-ed-arnone\\\/2019\\\/10\\\/03\\\/eccellenze-nostrane-lo-chef-ferdinando-campaniello-vince-il-premio-miglior-paella-valenciana-al-di-fuori-del-territorio-spagnolo\\\/\",\"name\":\"Eccellenze nostrane. Lo chef Ferdinando Campaniello vince il premio \u201cMiglior Paella Valenciana al di fuori del territorio spagnolo\u201d. - Cancello ed Arnone\",\"isPartOf\":{\"@id\":\"https:\\\/\\\/comunicacity.net\\\/cancello-ed-arnone\\\/#website\"},\"primaryImageOfPage\":{\"@id\":\"https:\\\/\\\/comunicacity.net\\\/cancello-ed-arnone\\\/2019\\\/10\\\/03\\\/eccellenze-nostrane-lo-chef-ferdinando-campaniello-vince-il-premio-miglior-paella-valenciana-al-di-fuori-del-territorio-spagnolo\\\/#primaryimage\"},\"image\":{\"@id\":\"https:\\\/\\\/comunicacity.net\\\/cancello-ed-arnone\\\/2019\\\/10\\\/03\\\/eccellenze-nostrane-lo-chef-ferdinando-campaniello-vince-il-premio-miglior-paella-valenciana-al-di-fuori-del-territorio-spagnolo\\\/#primaryimage\"},\"thumbnailUrl\":\"https:\\\/\\\/comunicacity.net\\\/cancello-ed-arnone\\\/wp-content\\\/uploads\\\/sites\\\/28\\\/2019\\\/10\\\/AE7530AA-99E7-42E0-A2D1-AAE097987456.jpeg\",\"datePublished\":\"2019-10-03T06:23:11+00:00\",\"dateModified\":\"2023-02-02T14:41:26+00:00\",\"author\":{\"@id\":\"https:\\\/\\\/comunicacity.net\\\/cancello-ed-arnone\\\/#\\\/schema\\\/person\\\/eaea9f1aebcbd61eb9878e6232bd2a03\"},\"breadcrumb\":{\"@id\":\"https:\\\/\\\/comunicacity.net\\\/cancello-ed-arnone\\\/2019\\\/10\\\/03\\\/eccellenze-nostrane-lo-chef-ferdinando-campaniello-vince-il-premio-miglior-paella-valenciana-al-di-fuori-del-territorio-spagnolo\\\/#breadcrumb\"},\"inLanguage\":\"it-IT\",\"potentialAction\":[{\"@type\":\"ReadAction\",\"target\":[\"https:\\\/\\\/comunicacity.net\\\/cancello-ed-arnone\\\/2019\\\/10\\\/03\\\/eccellenze-nostrane-lo-chef-ferdinando-campaniello-vince-il-premio-miglior-paella-valenciana-al-di-fuori-del-territorio-spagnolo\\\/\"]}]},{\"@type\":\"ImageObject\",\"inLanguage\":\"it-IT\",\"@id\":\"https:\\\/\\\/comunicacity.net\\\/cancello-ed-arnone\\\/2019\\\/10\\\/03\\\/eccellenze-nostrane-lo-chef-ferdinando-campaniello-vince-il-premio-miglior-paella-valenciana-al-di-fuori-del-territorio-spagnolo\\\/#primaryimage\",\"url\":\"https:\\\/\\\/comunicacity.net\\\/cancello-ed-arnone\\\/wp-content\\\/uploads\\\/sites\\\/28\\\/2019\\\/10\\\/AE7530AA-99E7-42E0-A2D1-AAE097987456.jpeg\",\"contentUrl\":\"https:\\\/\\\/comunicacity.net\\\/cancello-ed-arnone\\\/wp-content\\\/uploads\\\/sites\\\/28\\\/2019\\\/10\\\/AE7530AA-99E7-42E0-A2D1-AAE097987456.jpeg\",\"width\":3874,\"height\":2905},{\"@type\":\"BreadcrumbList\",\"@id\":\"https:\\\/\\\/comunicacity.net\\\/cancello-ed-arnone\\\/2019\\\/10\\\/03\\\/eccellenze-nostrane-lo-chef-ferdinando-campaniello-vince-il-premio-miglior-paella-valenciana-al-di-fuori-del-territorio-spagnolo\\\/#breadcrumb\",\"itemListElement\":[{\"@type\":\"ListItem\",\"position\":1,\"name\":\"Home\",\"item\":\"https:\\\/\\\/comunicacity.net\\\/cancello-ed-arnone\\\/\"},{\"@type\":\"ListItem\",\"position\":2,\"name\":\"Eccellenze nostrane. Lo chef Ferdinando Campaniello vince il premio \u201cMiglior Paella Valenciana al di fuori del territorio spagnolo\u201d.\"}]},{\"@type\":\"WebSite\",\"@id\":\"https:\\\/\\\/comunicacity.net\\\/cancello-ed-arnone\\\/#website\",\"url\":\"https:\\\/\\\/comunicacity.net\\\/cancello-ed-arnone\\\/\",\"name\":\"Cancello ed Arnone\",\"description\":\"ComunicaCity\",\"potentialAction\":[{\"@type\":\"SearchAction\",\"target\":{\"@type\":\"EntryPoint\",\"urlTemplate\":\"https:\\\/\\\/comunicacity.net\\\/cancello-ed-arnone\\\/?s={search_term_string}\"},\"query-input\":{\"@type\":\"PropertyValueSpecification\",\"valueRequired\":true,\"valueName\":\"search_term_string\"}}],\"inLanguage\":\"it-IT\"},{\"@type\":\"Person\",\"@id\":\"https:\\\/\\\/comunicacity.net\\\/cancello-ed-arnone\\\/#\\\/schema\\\/person\\\/eaea9f1aebcbd61eb9878e6232bd2a03\",\"name\":\"Admin_E\",\"image\":{\"@type\":\"ImageObject\",\"inLanguage\":\"it-IT\",\"@id\":\"https:\\\/\\\/secure.gravatar.com\\\/avatar\\\/1eb418f243a360a5c118e205c4f1d666c009a9fac37301044747eacb4938b467?s=96&d=mm&r=g\",\"url\":\"https:\\\/\\\/secure.gravatar.com\\\/avatar\\\/1eb418f243a360a5c118e205c4f1d666c009a9fac37301044747eacb4938b467?s=96&d=mm&r=g\",\"contentUrl\":\"https:\\\/\\\/secure.gravatar.com\\\/avatar\\\/1eb418f243a360a5c118e205c4f1d666c009a9fac37301044747eacb4938b467?s=96&d=mm&r=g\",\"caption\":\"Admin_E\"},\"url\":\"https:\\\/\\\/comunicacity.net\\\/cancello-ed-arnone\\\/author\\\/oollppcancelloarnone\\\/\"}]}<\/script>\n<!-- \/ Yoast SEO plugin. -->","yoast_head_json":{"title":"Eccellenze nostrane. Lo chef Ferdinando Campaniello vince il premio \u201cMiglior Paella Valenciana al di fuori del territorio spagnolo\u201d. - Cancello ed Arnone","robots":{"index":"index","follow":"follow","max-snippet":"max-snippet:-1","max-image-preview":"max-image-preview:large","max-video-preview":"max-video-preview:-1"},"canonical":"https:\/\/comunicacity.net\/cancello-ed-arnone\/2019\/10\/03\/eccellenze-nostrane-lo-chef-ferdinando-campaniello-vince-il-premio-miglior-paella-valenciana-al-di-fuori-del-territorio-spagnolo\/","og_locale":"it_IT","og_type":"article","og_title":"Eccellenze nostrane. Lo chef Ferdinando Campaniello vince il premio \u201cMiglior Paella Valenciana al di fuori del territorio spagnolo\u201d. - Cancello ed Arnone","og_description":"Il 14\/15\/16 settembre 2019 si \u00e8 tenuta la 59^ edizione del Concorso Internazionale di Paella Valenciana di Sueca, il campionato mondiale di paella cotta a legna che, quest\u2019anno, ha visto [&hellip;]","og_url":"https:\/\/comunicacity.net\/cancello-ed-arnone\/2019\/10\/03\/eccellenze-nostrane-lo-chef-ferdinando-campaniello-vince-il-premio-miglior-paella-valenciana-al-di-fuori-del-territorio-spagnolo\/","og_site_name":"Cancello ed Arnone","article_publisher":"http:\/\/facebook.com\/ComunicaCity","article_published_time":"2019-10-03T06:23:11+00:00","article_modified_time":"2023-02-02T14:41:26+00:00","og_image":[{"width":1024,"height":768,"url":"https:\/\/comunicacity.net\/cancello-ed-arnone\/wp-content\/uploads\/sites\/28\/2019\/10\/AE7530AA-99E7-42E0-A2D1-AAE097987456-1024x768.jpeg","type":"image\/jpeg"}],"author":"Admin_E","twitter_card":"summary_large_image","twitter_creator":"@comunicacity","twitter_site":"@comunicacity","twitter_misc":{"Scritto da":"Admin_E","Tempo di lettura stimato":"1 minuto"},"schema":{"@context":"https:\/\/schema.org","@graph":[{"@type":"Article","@id":"https:\/\/comunicacity.net\/cancello-ed-arnone\/2019\/10\/03\/eccellenze-nostrane-lo-chef-ferdinando-campaniello-vince-il-premio-miglior-paella-valenciana-al-di-fuori-del-territorio-spagnolo\/#article","isPartOf":{"@id":"https:\/\/comunicacity.net\/cancello-ed-arnone\/2019\/10\/03\/eccellenze-nostrane-lo-chef-ferdinando-campaniello-vince-il-premio-miglior-paella-valenciana-al-di-fuori-del-territorio-spagnolo\/"},"author":{"name":"Admin_E","@id":"https:\/\/comunicacity.net\/cancello-ed-arnone\/#\/schema\/person\/eaea9f1aebcbd61eb9878e6232bd2a03"},"headline":"Eccellenze nostrane. Lo chef Ferdinando Campaniello vince il premio \u201cMiglior Paella Valenciana al di fuori del territorio spagnolo\u201d.","datePublished":"2019-10-03T06:23:11+00:00","dateModified":"2023-02-02T14:41:26+00:00","mainEntityOfPage":{"@id":"https:\/\/comunicacity.net\/cancello-ed-arnone\/2019\/10\/03\/eccellenze-nostrane-lo-chef-ferdinando-campaniello-vince-il-premio-miglior-paella-valenciana-al-di-fuori-del-territorio-spagnolo\/"},"wordCount":257,"image":{"@id":"https:\/\/comunicacity.net\/cancello-ed-arnone\/2019\/10\/03\/eccellenze-nostrane-lo-chef-ferdinando-campaniello-vince-il-premio-miglior-paella-valenciana-al-di-fuori-del-territorio-spagnolo\/#primaryimage"},"thumbnailUrl":"https:\/\/comunicacity.net\/cancello-ed-arnone\/wp-content\/uploads\/sites\/28\/2019\/10\/AE7530AA-99E7-42E0-A2D1-AAE097987456.jpeg","articleSection":["Notizie e Informazioni"],"inLanguage":"it-IT"},{"@type":"WebPage","@id":"https:\/\/comunicacity.net\/cancello-ed-arnone\/2019\/10\/03\/eccellenze-nostrane-lo-chef-ferdinando-campaniello-vince-il-premio-miglior-paella-valenciana-al-di-fuori-del-territorio-spagnolo\/","url":"https:\/\/comunicacity.net\/cancello-ed-arnone\/2019\/10\/03\/eccellenze-nostrane-lo-chef-ferdinando-campaniello-vince-il-premio-miglior-paella-valenciana-al-di-fuori-del-territorio-spagnolo\/","name":"Eccellenze nostrane. Lo chef Ferdinando Campaniello vince il premio \u201cMiglior Paella Valenciana al di fuori del territorio spagnolo\u201d. - Cancello ed Arnone","isPartOf":{"@id":"https:\/\/comunicacity.net\/cancello-ed-arnone\/#website"},"primaryImageOfPage":{"@id":"https:\/\/comunicacity.net\/cancello-ed-arnone\/2019\/10\/03\/eccellenze-nostrane-lo-chef-ferdinando-campaniello-vince-il-premio-miglior-paella-valenciana-al-di-fuori-del-territorio-spagnolo\/#primaryimage"},"image":{"@id":"https:\/\/comunicacity.net\/cancello-ed-arnone\/2019\/10\/03\/eccellenze-nostrane-lo-chef-ferdinando-campaniello-vince-il-premio-miglior-paella-valenciana-al-di-fuori-del-territorio-spagnolo\/#primaryimage"},"thumbnailUrl":"https:\/\/comunicacity.net\/cancello-ed-arnone\/wp-content\/uploads\/sites\/28\/2019\/10\/AE7530AA-99E7-42E0-A2D1-AAE097987456.jpeg","datePublished":"2019-10-03T06:23:11+00:00","dateModified":"2023-02-02T14:41:26+00:00","author":{"@id":"https:\/\/comunicacity.net\/cancello-ed-arnone\/#\/schema\/person\/eaea9f1aebcbd61eb9878e6232bd2a03"},"breadcrumb":{"@id":"https:\/\/comunicacity.net\/cancello-ed-arnone\/2019\/10\/03\/eccellenze-nostrane-lo-chef-ferdinando-campaniello-vince-il-premio-miglior-paella-valenciana-al-di-fuori-del-territorio-spagnolo\/#breadcrumb"},"inLanguage":"it-IT","potentialAction":[{"@type":"ReadAction","target":["https:\/\/comunicacity.net\/cancello-ed-arnone\/2019\/10\/03\/eccellenze-nostrane-lo-chef-ferdinando-campaniello-vince-il-premio-miglior-paella-valenciana-al-di-fuori-del-territorio-spagnolo\/"]}]},{"@type":"ImageObject","inLanguage":"it-IT","@id":"https:\/\/comunicacity.net\/cancello-ed-arnone\/2019\/10\/03\/eccellenze-nostrane-lo-chef-ferdinando-campaniello-vince-il-premio-miglior-paella-valenciana-al-di-fuori-del-territorio-spagnolo\/#primaryimage","url":"https:\/\/comunicacity.net\/cancello-ed-arnone\/wp-content\/uploads\/sites\/28\/2019\/10\/AE7530AA-99E7-42E0-A2D1-AAE097987456.jpeg","contentUrl":"https:\/\/comunicacity.net\/cancello-ed-arnone\/wp-content\/uploads\/sites\/28\/2019\/10\/AE7530AA-99E7-42E0-A2D1-AAE097987456.jpeg","width":3874,"height":2905},{"@type":"BreadcrumbList","@id":"https:\/\/comunicacity.net\/cancello-ed-arnone\/2019\/10\/03\/eccellenze-nostrane-lo-chef-ferdinando-campaniello-vince-il-premio-miglior-paella-valenciana-al-di-fuori-del-territorio-spagnolo\/#breadcrumb","itemListElement":[{"@type":"ListItem","position":1,"name":"Home","item":"https:\/\/comunicacity.net\/cancello-ed-arnone\/"},{"@type":"ListItem","position":2,"name":"Eccellenze nostrane. Lo chef Ferdinando Campaniello vince il premio \u201cMiglior Paella Valenciana al di fuori del territorio spagnolo\u201d."}]},{"@type":"WebSite","@id":"https:\/\/comunicacity.net\/cancello-ed-arnone\/#website","url":"https:\/\/comunicacity.net\/cancello-ed-arnone\/","name":"Cancello ed Arnone","description":"ComunicaCity","potentialAction":[{"@type":"SearchAction","target":{"@type":"EntryPoint","urlTemplate":"https:\/\/comunicacity.net\/cancello-ed-arnone\/?s={search_term_string}"},"query-input":{"@type":"PropertyValueSpecification","valueRequired":true,"valueName":"search_term_string"}}],"inLanguage":"it-IT"},{"@type":"Person","@id":"https:\/\/comunicacity.net\/cancello-ed-arnone\/#\/schema\/person\/eaea9f1aebcbd61eb9878e6232bd2a03","name":"Admin_E","image":{"@type":"ImageObject","inLanguage":"it-IT","@id":"https:\/\/secure.gravatar.com\/avatar\/1eb418f243a360a5c118e205c4f1d666c009a9fac37301044747eacb4938b467?s=96&d=mm&r=g","url":"https:\/\/secure.gravatar.com\/avatar\/1eb418f243a360a5c118e205c4f1d666c009a9fac37301044747eacb4938b467?s=96&d=mm&r=g","contentUrl":"https:\/\/secure.gravatar.com\/avatar\/1eb418f243a360a5c118e205c4f1d666c009a9fac37301044747eacb4938b467?s=96&d=mm&r=g","caption":"Admin_E"},"url":"https:\/\/comunicacity.net\/cancello-ed-arnone\/author\/oollppcancelloarnone\/"}]}},"meta_box":{"cc4_urg_colore":"","cc4_urg_data_inizio":"","cc4_urg_data_fine":"","cc4_cor_positivi_oggi":"","cc4_cor_negativizzati_oggi":"","cc4_cor_deceduti_oggi":"","cc4_cor_positivi_totali":"","cc4_cor_negativizzati_totali":"","cc4_cor_deceduti_totali":"","cc4_cor_attualmente_positivi":"","cc4_eve_data_inizio":"","cc4_eve_data_fine":"","cc4_eve_indirizzo":"","cc4_eve_posizione":{"latitude":"","longitude":"","zoom":""},"cc4_eve_telefono":"","cc4_eve_email":"","cc4_eve_web":"","cc4_eve_fb":"","sitopa_id":""},"_links":{"self":[{"href":"https:\/\/comunicacity.net\/cancello-ed-arnone\/wp-json\/wp\/v2\/posts\/1189","targetHints":{"allow":["GET"]}}],"collection":[{"href":"https:\/\/comunicacity.net\/cancello-ed-arnone\/wp-json\/wp\/v2\/posts"}],"about":[{"href":"https:\/\/comunicacity.net\/cancello-ed-arnone\/wp-json\/wp\/v2\/types\/post"}],"author":[{"embeddable":true,"href":"https:\/\/comunicacity.net\/cancello-ed-arnone\/wp-json\/wp\/v2\/users\/398"}],"replies":[{"embeddable":true,"href":"https:\/\/comunicacity.net\/cancello-ed-arnone\/wp-json\/wp\/v2\/comments?post=1189"}],"version-history":[{"count":1,"href":"https:\/\/comunicacity.net\/cancello-ed-arnone\/wp-json\/wp\/v2\/posts\/1189\/revisions"}],"predecessor-version":[{"id":1191,"href":"https:\/\/comunicacity.net\/cancello-ed-arnone\/wp-json\/wp\/v2\/posts\/1189\/revisions\/1191"}],"wp:featuredmedia":[{"embeddable":true,"href":"https:\/\/comunicacity.net\/cancello-ed-arnone\/wp-json\/wp\/v2\/media\/1190"}],"wp:attachment":[{"href":"https:\/\/comunicacity.net\/cancello-ed-arnone\/wp-json\/wp\/v2\/media?parent=1189"}],"wp:term":[{"taxonomy":"category","embeddable":true,"href":"https:\/\/comunicacity.net\/cancello-ed-arnone\/wp-json\/wp\/v2\/categories?post=1189"},{"taxonomy":"post_tag","embeddable":true,"href":"https:\/\/comunicacity.net\/cancello-ed-arnone\/wp-json\/wp\/v2\/tags?post=1189"}],"curies":[{"name":"wp","href":"https:\/\/api.w.org\/{rel}","templated":true}]}}