{"id":1208,"date":"2019-11-21T13:25:26","date_gmt":"2019-11-21T12:25:26","guid":{"rendered":"https:\/\/comunicacity.net\/cancello-ed-arnone\/?p=1208"},"modified":"2023-02-02T15:41:25","modified_gmt":"2023-02-02T14:41:25","slug":"convenzione-tra-comune-e-casa-di-reclusione-di-carinola","status":"publish","type":"post","link":"https:\/\/comunicacity.net\/cancello-ed-arnone\/2019\/11\/21\/convenzione-tra-comune-e-casa-di-reclusione-di-carinola\/","title":{"rendered":"Convenzione tra Comune e Casa di Reclusione Di Carinola."},"content":{"rendered":"<p class=\"p1\"><span class=\"s1\">Questa mattina, il sindaco Raffaele Ambrosca ha firmato la convenzione tra il Comune di Cancello ed Arnone e la Casa di Reclusione \u201cG.B. Novelli\u201d di Carinola.<\/span><\/p>\n<p class=\"p2\"><span class=\"s2\">Grazie a questa convenzione, alcuni detenuti volontari, pi\u00f9 precisamente 4 unit\u00e0, saranno impiegati nell\u2019attivit\u00e0 di manutenzione degli immobili cittadini. <\/span><\/p>\n<p class=\"p2\"><span class=\"s2\">\u201cSi tratta di una iniziativa fondamentale per il nostro comune &#8211; dichiara il primo cittadino Ambrosca &#8211; dal momento che la manutenzione degli immobili cittadini \u00e8 uno dei servizi pi\u00f9 impegnativi, sia dal punto di vista delle risorse umane, ridotte, nel nostro caso, a due unit\u00e0, che per l\u2019impegno di natura economica di cui necessita.<\/span><\/p>\n<p class=\"p2\"><span class=\"s2\">Il direttore dell\u2019Istituto di pena dott. Brunetti, insieme alla dott.ssa Garda, \u00e8 stato molto cordiale nell\u2019esporre, in modo circostanziato, le esigenze cui occorre attendere\u201d.<\/span><\/p>\n<p class=\"p2\"><span class=\"s2\">Il Comune sovraintender\u00e0 del buon lavoro svolto, mentre la sorveglianza e il controllo dei detenuti volontari sar\u00e0 svolto dalle competenti forze dell\u2019ordine a cura della Direzione dell\u2019Istituto Penitenziario. <\/span><\/p>\n<p class=\"p2\"><span class=\"s2\">Cancello ed Arnone non \u00e8 il primo comune col quale l\u2019Istituto si convenziona. Altri Enti Locali hanno gi\u00e0 messo a frutto questa tipologia di esperienza, con risultati pi\u00f9 che lusinghieri sia per la proficuit\u00e0 del lavoro svolto, che per il risparmio considerevole che ne \u00e8 derivato. <\/span><\/p>\n<p class=\"p2\"><span class=\"s2\">L\u2019interesse al miglioramento delle condizioni di vita dei detenuti pu\u00f2 coesistere con l\u2019interesse ad una pi\u00f9 agevole fruizione del patrimonio culturale degli Enti Locali.<\/span><\/p>\n","protected":false},"excerpt":{"rendered":"<p>Questa mattina, il sindaco Raffaele Ambrosca ha firmato la convenzione tra il Comune di Cancello ed Arnone e la Casa di Reclusione \u201cG.B. Novelli\u201d di Carinola. Grazie a questa convenzione, [&hellip;]<\/p>\n","protected":false},"author":398,"featured_media":1209,"comment_status":"closed","ping_status":"closed","sticky":false,"template":"","format":"standard","meta":{"footnotes":""},"categories":[11],"tags":[],"class_list":["post-1208","post","type-post","status-publish","format-standard","has-post-thumbnail","hentry","category-notizie-e-informazioni"],"yoast_head":"<!-- This site is optimized with the Yoast SEO plugin v27.4 - https:\/\/yoast.com\/product\/yoast-seo-wordpress\/ -->\n<title>Convenzione tra Comune e Casa di Reclusione Di Carinola. - Cancello ed Arnone<\/title>\n<meta name=\"robots\" content=\"index, follow, max-snippet:-1, max-image-preview:large, max-video-preview:-1\" \/>\n<link rel=\"canonical\" href=\"https:\/\/comunicacity.net\/cancello-ed-arnone\/2019\/11\/21\/convenzione-tra-comune-e-casa-di-reclusione-di-carinola\/\" \/>\n<meta property=\"og:locale\" content=\"it_IT\" \/>\n<meta property=\"og:type\" content=\"article\" \/>\n<meta property=\"og:title\" content=\"Convenzione tra Comune e Casa di Reclusione Di Carinola. - Cancello ed Arnone\" \/>\n<meta property=\"og:description\" content=\"Questa mattina, il sindaco Raffaele Ambrosca ha firmato la convenzione tra il Comune di Cancello ed Arnone e la Casa di Reclusione \u201cG.B. Novelli\u201d di Carinola. Grazie a questa convenzione, [&hellip;]\" \/>\n<meta property=\"og:url\" content=\"https:\/\/comunicacity.net\/cancello-ed-arnone\/2019\/11\/21\/convenzione-tra-comune-e-casa-di-reclusione-di-carinola\/\" \/>\n<meta property=\"og:site_name\" content=\"Cancello ed Arnone\" \/>\n<meta property=\"article:publisher\" content=\"http:\/\/facebook.com\/ComunicaCity\" \/>\n<meta property=\"article:published_time\" content=\"2019-11-21T12:25:26+00:00\" \/>\n<meta property=\"article:modified_time\" content=\"2023-02-02T14:41:25+00:00\" \/>\n<meta property=\"og:image\" content=\"https:\/\/comunicacity.net\/cancello-ed-arnone\/wp-content\/uploads\/sites\/28\/2019\/11\/2B3752A9-72AD-4167-BE8F-2DC239EE3CAC.jpeg\" \/>\n\t<meta property=\"og:image:width\" content=\"1511\" \/>\n\t<meta property=\"og:image:height\" content=\"1133\" \/>\n\t<meta property=\"og:image:type\" content=\"image\/jpeg\" \/>\n<meta name=\"author\" content=\"Admin_E\" \/>\n<meta name=\"twitter:card\" content=\"summary_large_image\" \/>\n<meta name=\"twitter:creator\" content=\"@comunicacity\" \/>\n<meta name=\"twitter:site\" content=\"@comunicacity\" \/>\n<meta name=\"twitter:label1\" content=\"Scritto da\" \/>\n\t<meta name=\"twitter:data1\" content=\"Admin_E\" \/>\n\t<meta name=\"twitter:label2\" content=\"Tempo di lettura stimato\" \/>\n\t<meta name=\"twitter:data2\" content=\"1 minuto\" \/>\n<script type=\"application\/ld+json\" class=\"yoast-schema-graph\">{\"@context\":\"https:\\\/\\\/schema.org\",\"@graph\":[{\"@type\":\"Article\",\"@id\":\"https:\\\/\\\/comunicacity.net\\\/cancello-ed-arnone\\\/2019\\\/11\\\/21\\\/convenzione-tra-comune-e-casa-di-reclusione-di-carinola\\\/#article\",\"isPartOf\":{\"@id\":\"https:\\\/\\\/comunicacity.net\\\/cancello-ed-arnone\\\/2019\\\/11\\\/21\\\/convenzione-tra-comune-e-casa-di-reclusione-di-carinola\\\/\"},\"author\":{\"name\":\"Admin_E\",\"@id\":\"https:\\\/\\\/comunicacity.net\\\/cancello-ed-arnone\\\/#\\\/schema\\\/person\\\/eaea9f1aebcbd61eb9878e6232bd2a03\"},\"headline\":\"Convenzione tra Comune e Casa di Reclusione Di Carinola.\",\"datePublished\":\"2019-11-21T12:25:26+00:00\",\"dateModified\":\"2023-02-02T14:41:25+00:00\",\"mainEntityOfPage\":{\"@id\":\"https:\\\/\\\/comunicacity.net\\\/cancello-ed-arnone\\\/2019\\\/11\\\/21\\\/convenzione-tra-comune-e-casa-di-reclusione-di-carinola\\\/\"},\"wordCount\":237,\"image\":{\"@id\":\"https:\\\/\\\/comunicacity.net\\\/cancello-ed-arnone\\\/2019\\\/11\\\/21\\\/convenzione-tra-comune-e-casa-di-reclusione-di-carinola\\\/#primaryimage\"},\"thumbnailUrl\":\"https:\\\/\\\/comunicacity.net\\\/cancello-ed-arnone\\\/wp-content\\\/uploads\\\/sites\\\/28\\\/2019\\\/11\\\/2B3752A9-72AD-4167-BE8F-2DC239EE3CAC.jpeg\",\"articleSection\":[\"Notizie e Informazioni\"],\"inLanguage\":\"it-IT\"},{\"@type\":\"WebPage\",\"@id\":\"https:\\\/\\\/comunicacity.net\\\/cancello-ed-arnone\\\/2019\\\/11\\\/21\\\/convenzione-tra-comune-e-casa-di-reclusione-di-carinola\\\/\",\"url\":\"https:\\\/\\\/comunicacity.net\\\/cancello-ed-arnone\\\/2019\\\/11\\\/21\\\/convenzione-tra-comune-e-casa-di-reclusione-di-carinola\\\/\",\"name\":\"Convenzione tra Comune e Casa di Reclusione Di Carinola. - Cancello ed Arnone\",\"isPartOf\":{\"@id\":\"https:\\\/\\\/comunicacity.net\\\/cancello-ed-arnone\\\/#website\"},\"primaryImageOfPage\":{\"@id\":\"https:\\\/\\\/comunicacity.net\\\/cancello-ed-arnone\\\/2019\\\/11\\\/21\\\/convenzione-tra-comune-e-casa-di-reclusione-di-carinola\\\/#primaryimage\"},\"image\":{\"@id\":\"https:\\\/\\\/comunicacity.net\\\/cancello-ed-arnone\\\/2019\\\/11\\\/21\\\/convenzione-tra-comune-e-casa-di-reclusione-di-carinola\\\/#primaryimage\"},\"thumbnailUrl\":\"https:\\\/\\\/comunicacity.net\\\/cancello-ed-arnone\\\/wp-content\\\/uploads\\\/sites\\\/28\\\/2019\\\/11\\\/2B3752A9-72AD-4167-BE8F-2DC239EE3CAC.jpeg\",\"datePublished\":\"2019-11-21T12:25:26+00:00\",\"dateModified\":\"2023-02-02T14:41:25+00:00\",\"author\":{\"@id\":\"https:\\\/\\\/comunicacity.net\\\/cancello-ed-arnone\\\/#\\\/schema\\\/person\\\/eaea9f1aebcbd61eb9878e6232bd2a03\"},\"breadcrumb\":{\"@id\":\"https:\\\/\\\/comunicacity.net\\\/cancello-ed-arnone\\\/2019\\\/11\\\/21\\\/convenzione-tra-comune-e-casa-di-reclusione-di-carinola\\\/#breadcrumb\"},\"inLanguage\":\"it-IT\",\"potentialAction\":[{\"@type\":\"ReadAction\",\"target\":[\"https:\\\/\\\/comunicacity.net\\\/cancello-ed-arnone\\\/2019\\\/11\\\/21\\\/convenzione-tra-comune-e-casa-di-reclusione-di-carinola\\\/\"]}]},{\"@type\":\"ImageObject\",\"inLanguage\":\"it-IT\",\"@id\":\"https:\\\/\\\/comunicacity.net\\\/cancello-ed-arnone\\\/2019\\\/11\\\/21\\\/convenzione-tra-comune-e-casa-di-reclusione-di-carinola\\\/#primaryimage\",\"url\":\"https:\\\/\\\/comunicacity.net\\\/cancello-ed-arnone\\\/wp-content\\\/uploads\\\/sites\\\/28\\\/2019\\\/11\\\/2B3752A9-72AD-4167-BE8F-2DC239EE3CAC.jpeg\",\"contentUrl\":\"https:\\\/\\\/comunicacity.net\\\/cancello-ed-arnone\\\/wp-content\\\/uploads\\\/sites\\\/28\\\/2019\\\/11\\\/2B3752A9-72AD-4167-BE8F-2DC239EE3CAC.jpeg\",\"width\":1511,\"height\":1133},{\"@type\":\"BreadcrumbList\",\"@id\":\"https:\\\/\\\/comunicacity.net\\\/cancello-ed-arnone\\\/2019\\\/11\\\/21\\\/convenzione-tra-comune-e-casa-di-reclusione-di-carinola\\\/#breadcrumb\",\"itemListElement\":[{\"@type\":\"ListItem\",\"position\":1,\"name\":\"Home\",\"item\":\"https:\\\/\\\/comunicacity.net\\\/cancello-ed-arnone\\\/\"},{\"@type\":\"ListItem\",\"position\":2,\"name\":\"Convenzione tra Comune e Casa di Reclusione Di Carinola.\"}]},{\"@type\":\"WebSite\",\"@id\":\"https:\\\/\\\/comunicacity.net\\\/cancello-ed-arnone\\\/#website\",\"url\":\"https:\\\/\\\/comunicacity.net\\\/cancello-ed-arnone\\\/\",\"name\":\"Cancello ed Arnone\",\"description\":\"ComunicaCity\",\"potentialAction\":[{\"@type\":\"SearchAction\",\"target\":{\"@type\":\"EntryPoint\",\"urlTemplate\":\"https:\\\/\\\/comunicacity.net\\\/cancello-ed-arnone\\\/?s={search_term_string}\"},\"query-input\":{\"@type\":\"PropertyValueSpecification\",\"valueRequired\":true,\"valueName\":\"search_term_string\"}}],\"inLanguage\":\"it-IT\"},{\"@type\":\"Person\",\"@id\":\"https:\\\/\\\/comunicacity.net\\\/cancello-ed-arnone\\\/#\\\/schema\\\/person\\\/eaea9f1aebcbd61eb9878e6232bd2a03\",\"name\":\"Admin_E\",\"image\":{\"@type\":\"ImageObject\",\"inLanguage\":\"it-IT\",\"@id\":\"https:\\\/\\\/secure.gravatar.com\\\/avatar\\\/1eb418f243a360a5c118e205c4f1d666c009a9fac37301044747eacb4938b467?s=96&d=mm&r=g\",\"url\":\"https:\\\/\\\/secure.gravatar.com\\\/avatar\\\/1eb418f243a360a5c118e205c4f1d666c009a9fac37301044747eacb4938b467?s=96&d=mm&r=g\",\"contentUrl\":\"https:\\\/\\\/secure.gravatar.com\\\/avatar\\\/1eb418f243a360a5c118e205c4f1d666c009a9fac37301044747eacb4938b467?s=96&d=mm&r=g\",\"caption\":\"Admin_E\"},\"url\":\"https:\\\/\\\/comunicacity.net\\\/cancello-ed-arnone\\\/author\\\/oollppcancelloarnone\\\/\"}]}<\/script>\n<!-- \/ Yoast SEO plugin. -->","yoast_head_json":{"title":"Convenzione tra Comune e Casa di Reclusione Di Carinola. - Cancello ed Arnone","robots":{"index":"index","follow":"follow","max-snippet":"max-snippet:-1","max-image-preview":"max-image-preview:large","max-video-preview":"max-video-preview:-1"},"canonical":"https:\/\/comunicacity.net\/cancello-ed-arnone\/2019\/11\/21\/convenzione-tra-comune-e-casa-di-reclusione-di-carinola\/","og_locale":"it_IT","og_type":"article","og_title":"Convenzione tra Comune e Casa di Reclusione Di Carinola. - Cancello ed Arnone","og_description":"Questa mattina, il sindaco Raffaele Ambrosca ha firmato la convenzione tra il Comune di Cancello ed Arnone e la Casa di Reclusione \u201cG.B. Novelli\u201d di Carinola. Grazie a questa convenzione, [&hellip;]","og_url":"https:\/\/comunicacity.net\/cancello-ed-arnone\/2019\/11\/21\/convenzione-tra-comune-e-casa-di-reclusione-di-carinola\/","og_site_name":"Cancello ed Arnone","article_publisher":"http:\/\/facebook.com\/ComunicaCity","article_published_time":"2019-11-21T12:25:26+00:00","article_modified_time":"2023-02-02T14:41:25+00:00","og_image":[{"width":1511,"height":1133,"url":"https:\/\/comunicacity.net\/cancello-ed-arnone\/wp-content\/uploads\/sites\/28\/2019\/11\/2B3752A9-72AD-4167-BE8F-2DC239EE3CAC.jpeg","type":"image\/jpeg"}],"author":"Admin_E","twitter_card":"summary_large_image","twitter_creator":"@comunicacity","twitter_site":"@comunicacity","twitter_misc":{"Scritto da":"Admin_E","Tempo di lettura stimato":"1 minuto"},"schema":{"@context":"https:\/\/schema.org","@graph":[{"@type":"Article","@id":"https:\/\/comunicacity.net\/cancello-ed-arnone\/2019\/11\/21\/convenzione-tra-comune-e-casa-di-reclusione-di-carinola\/#article","isPartOf":{"@id":"https:\/\/comunicacity.net\/cancello-ed-arnone\/2019\/11\/21\/convenzione-tra-comune-e-casa-di-reclusione-di-carinola\/"},"author":{"name":"Admin_E","@id":"https:\/\/comunicacity.net\/cancello-ed-arnone\/#\/schema\/person\/eaea9f1aebcbd61eb9878e6232bd2a03"},"headline":"Convenzione tra Comune e Casa di Reclusione Di Carinola.","datePublished":"2019-11-21T12:25:26+00:00","dateModified":"2023-02-02T14:41:25+00:00","mainEntityOfPage":{"@id":"https:\/\/comunicacity.net\/cancello-ed-arnone\/2019\/11\/21\/convenzione-tra-comune-e-casa-di-reclusione-di-carinola\/"},"wordCount":237,"image":{"@id":"https:\/\/comunicacity.net\/cancello-ed-arnone\/2019\/11\/21\/convenzione-tra-comune-e-casa-di-reclusione-di-carinola\/#primaryimage"},"thumbnailUrl":"https:\/\/comunicacity.net\/cancello-ed-arnone\/wp-content\/uploads\/sites\/28\/2019\/11\/2B3752A9-72AD-4167-BE8F-2DC239EE3CAC.jpeg","articleSection":["Notizie e Informazioni"],"inLanguage":"it-IT"},{"@type":"WebPage","@id":"https:\/\/comunicacity.net\/cancello-ed-arnone\/2019\/11\/21\/convenzione-tra-comune-e-casa-di-reclusione-di-carinola\/","url":"https:\/\/comunicacity.net\/cancello-ed-arnone\/2019\/11\/21\/convenzione-tra-comune-e-casa-di-reclusione-di-carinola\/","name":"Convenzione tra Comune e Casa di Reclusione Di Carinola. - Cancello ed Arnone","isPartOf":{"@id":"https:\/\/comunicacity.net\/cancello-ed-arnone\/#website"},"primaryImageOfPage":{"@id":"https:\/\/comunicacity.net\/cancello-ed-arnone\/2019\/11\/21\/convenzione-tra-comune-e-casa-di-reclusione-di-carinola\/#primaryimage"},"image":{"@id":"https:\/\/comunicacity.net\/cancello-ed-arnone\/2019\/11\/21\/convenzione-tra-comune-e-casa-di-reclusione-di-carinola\/#primaryimage"},"thumbnailUrl":"https:\/\/comunicacity.net\/cancello-ed-arnone\/wp-content\/uploads\/sites\/28\/2019\/11\/2B3752A9-72AD-4167-BE8F-2DC239EE3CAC.jpeg","datePublished":"2019-11-21T12:25:26+00:00","dateModified":"2023-02-02T14:41:25+00:00","author":{"@id":"https:\/\/comunicacity.net\/cancello-ed-arnone\/#\/schema\/person\/eaea9f1aebcbd61eb9878e6232bd2a03"},"breadcrumb":{"@id":"https:\/\/comunicacity.net\/cancello-ed-arnone\/2019\/11\/21\/convenzione-tra-comune-e-casa-di-reclusione-di-carinola\/#breadcrumb"},"inLanguage":"it-IT","potentialAction":[{"@type":"ReadAction","target":["https:\/\/comunicacity.net\/cancello-ed-arnone\/2019\/11\/21\/convenzione-tra-comune-e-casa-di-reclusione-di-carinola\/"]}]},{"@type":"ImageObject","inLanguage":"it-IT","@id":"https:\/\/comunicacity.net\/cancello-ed-arnone\/2019\/11\/21\/convenzione-tra-comune-e-casa-di-reclusione-di-carinola\/#primaryimage","url":"https:\/\/comunicacity.net\/cancello-ed-arnone\/wp-content\/uploads\/sites\/28\/2019\/11\/2B3752A9-72AD-4167-BE8F-2DC239EE3CAC.jpeg","contentUrl":"https:\/\/comunicacity.net\/cancello-ed-arnone\/wp-content\/uploads\/sites\/28\/2019\/11\/2B3752A9-72AD-4167-BE8F-2DC239EE3CAC.jpeg","width":1511,"height":1133},{"@type":"BreadcrumbList","@id":"https:\/\/comunicacity.net\/cancello-ed-arnone\/2019\/11\/21\/convenzione-tra-comune-e-casa-di-reclusione-di-carinola\/#breadcrumb","itemListElement":[{"@type":"ListItem","position":1,"name":"Home","item":"https:\/\/comunicacity.net\/cancello-ed-arnone\/"},{"@type":"ListItem","position":2,"name":"Convenzione tra Comune e Casa di Reclusione Di Carinola."}]},{"@type":"WebSite","@id":"https:\/\/comunicacity.net\/cancello-ed-arnone\/#website","url":"https:\/\/comunicacity.net\/cancello-ed-arnone\/","name":"Cancello ed Arnone","description":"ComunicaCity","potentialAction":[{"@type":"SearchAction","target":{"@type":"EntryPoint","urlTemplate":"https:\/\/comunicacity.net\/cancello-ed-arnone\/?s={search_term_string}"},"query-input":{"@type":"PropertyValueSpecification","valueRequired":true,"valueName":"search_term_string"}}],"inLanguage":"it-IT"},{"@type":"Person","@id":"https:\/\/comunicacity.net\/cancello-ed-arnone\/#\/schema\/person\/eaea9f1aebcbd61eb9878e6232bd2a03","name":"Admin_E","image":{"@type":"ImageObject","inLanguage":"it-IT","@id":"https:\/\/secure.gravatar.com\/avatar\/1eb418f243a360a5c118e205c4f1d666c009a9fac37301044747eacb4938b467?s=96&d=mm&r=g","url":"https:\/\/secure.gravatar.com\/avatar\/1eb418f243a360a5c118e205c4f1d666c009a9fac37301044747eacb4938b467?s=96&d=mm&r=g","contentUrl":"https:\/\/secure.gravatar.com\/avatar\/1eb418f243a360a5c118e205c4f1d666c009a9fac37301044747eacb4938b467?s=96&d=mm&r=g","caption":"Admin_E"},"url":"https:\/\/comunicacity.net\/cancello-ed-arnone\/author\/oollppcancelloarnone\/"}]}},"meta_box":{"cc4_urg_colore":"","cc4_urg_data_inizio":"","cc4_urg_data_fine":"","cc4_cor_positivi_oggi":"","cc4_cor_negativizzati_oggi":"","cc4_cor_deceduti_oggi":"","cc4_cor_positivi_totali":"","cc4_cor_negativizzati_totali":"","cc4_cor_deceduti_totali":"","cc4_cor_attualmente_positivi":"","cc4_eve_data_inizio":"","cc4_eve_data_fine":"","cc4_eve_indirizzo":"","cc4_eve_posizione":{"latitude":"","longitude":"","zoom":""},"cc4_eve_telefono":"","cc4_eve_email":"","cc4_eve_web":"","cc4_eve_fb":"","sitopa_id":""},"_links":{"self":[{"href":"https:\/\/comunicacity.net\/cancello-ed-arnone\/wp-json\/wp\/v2\/posts\/1208","targetHints":{"allow":["GET"]}}],"collection":[{"href":"https:\/\/comunicacity.net\/cancello-ed-arnone\/wp-json\/wp\/v2\/posts"}],"about":[{"href":"https:\/\/comunicacity.net\/cancello-ed-arnone\/wp-json\/wp\/v2\/types\/post"}],"author":[{"embeddable":true,"href":"https:\/\/comunicacity.net\/cancello-ed-arnone\/wp-json\/wp\/v2\/users\/398"}],"replies":[{"embeddable":true,"href":"https:\/\/comunicacity.net\/cancello-ed-arnone\/wp-json\/wp\/v2\/comments?post=1208"}],"version-history":[{"count":1,"href":"https:\/\/comunicacity.net\/cancello-ed-arnone\/wp-json\/wp\/v2\/posts\/1208\/revisions"}],"predecessor-version":[{"id":1210,"href":"https:\/\/comunicacity.net\/cancello-ed-arnone\/wp-json\/wp\/v2\/posts\/1208\/revisions\/1210"}],"wp:featuredmedia":[{"embeddable":true,"href":"https:\/\/comunicacity.net\/cancello-ed-arnone\/wp-json\/wp\/v2\/media\/1209"}],"wp:attachment":[{"href":"https:\/\/comunicacity.net\/cancello-ed-arnone\/wp-json\/wp\/v2\/media?parent=1208"}],"wp:term":[{"taxonomy":"category","embeddable":true,"href":"https:\/\/comunicacity.net\/cancello-ed-arnone\/wp-json\/wp\/v2\/categories?post=1208"},{"taxonomy":"post_tag","embeddable":true,"href":"https:\/\/comunicacity.net\/cancello-ed-arnone\/wp-json\/wp\/v2\/tags?post=1208"}],"curies":[{"name":"wp","href":"https:\/\/api.w.org\/{rel}","templated":true}]}}