{"id":1295,"date":"2020-03-05T10:39:13","date_gmt":"2020-03-05T09:39:13","guid":{"rendered":"https:\/\/comunicacity.net\/cancello-ed-arnone\/?p=1295"},"modified":"2023-02-02T15:41:19","modified_gmt":"2023-02-02T14:41:19","slug":"decreto-del-presidente-del-consiglio-recante-le-misure-adottate-dal-governo-su-tutto-il-territorio-nazionale-per-il-contrasto-e-il-contenimento-del-covid-19","status":"publish","type":"post","link":"https:\/\/comunicacity.net\/cancello-ed-arnone\/2020\/03\/05\/decreto-del-presidente-del-consiglio-recante-le-misure-adottate-dal-governo-su-tutto-il-territorio-nazionale-per-il-contrasto-e-il-contenimento-del-covid-19\/","title":{"rendered":"DECRETO DEL PRESIDENTE DEL CONSIGLIO RECANTE LE MISURE ADOTTATE DAL GOVERNO SU TUTTO IL TERRITORIO NAZIONALE PER IL CONTRASTO E IL CONTENIMENTO DEL COVID-19."},"content":{"rendered":"<p>Il primo cittadino Ambrosca d\u00e0 ampia diffusione del Decreto del Presidente del Consiglio dei Ministri recante tutte li misure adottate dal Governo, sull&#8217;intero territorio nazionale, per il contrasto ed il contenimento del diffondersi del COVID-19, tra le quali la sospensione, fino al 15 marzo 2020, dei servizi educativi per l&#8217;infanzia e delle attivit\u00e0 didattiche nelle scuole di ogni ordine e grado, nonch\u00e9 la frequenza delle attivit\u00e0 scolastiche e di formazione superiore, comprese le Universit\u00e0.<\/p>\n<p>Il Sindaco, con particolare riferimento alle disposizioni del Decreto, ha promosso la diffusione delle informazioni sulle misure di prevenzione igienico-sanitarie di cui all&#8217;allegato 1 dello stesso Decreto anche presso gli esercizi commerciali.<\/p>\n<p>Si ricorda, a tal proposito, di:<\/p>\n<p>a) lavarsi spesso le mani. Si raccomanda di mettere a disposizione in tutti i locali pubblici, palestre, supermercati, farmacie e altri luoghi di aggregazione, soluzioni idroalcoliche per il lavaggio delle mani;<\/p>\n<p>b) evitare il contatto ravvicinato con persone che soffrono di infezioni respiratorie acute;<\/p>\n<p>c) evitare abbracci e strette di mano;<\/p>\n<p>d) mantenimento, nei contatti sociali, di una distanza interpersonale di almeno un metro;<\/p>\n<p>e) igiene respiratoria (starnutire e\/o tossire in un fazzoletto evitando il contatto delle mani con le secrezioni respiratorie);<\/p>\n<p>f) evitare l&#8217;uso promiscuo di bottiglie e bicchieri, in particolare durante l&#8217;attivit\u00e0 fisica;<\/p>\n<p>g) non toccarsi occhi, naso e bocca con le mani;<\/p>\n<p>h) coprirsi bocca e naso se si starnutisce o tossisce;<\/p>\n<p>i) non prendere farmaci antivirali e antibiotici, a meno che siano prescritti dal medico;<\/p>\n<p>l) pulire le superfici con disinfettante a base di cloro o alcol;<\/p>\n<p>m) usare la mascherina solo se si sospetta di essere malati o se si presta assistenza a persone malate.<\/p>\n<p>&nbsp;<\/p>\n<p>In allegato il Decreto del Presidente del Consiglio dei Ministri.<\/p>\n<div id='wpba_attachment_list' class=''>\n<div class='ui list'><h3 style=\"display:none;\">\ud83d\udcce Allegati<\/h3><ul><li><a id=\"wpba_attachment_list_1296\" class=\"y-skip-href item\" href=\"https:\/\/comunicacity.net\/cancello-ed-arnone\/wp-content\/uploads\/sites\/28\/2020\/03\/DPCM4MARZO2020.pdf\" onclick=\"window.open('https:\/\/comunicacity.net\/cancello-ed-arnone\/wp-content\/uploads\/sites\/28\/2020\/03\/DPCM4MARZO2020.pdf', '_system'); return false;\"><i class='icon attachment'><\/i>DPCM4MARZO2020<\/a><\/li>\n<\/ul><\/div><\/div>\n","protected":false},"excerpt":{"rendered":"<p>Il primo cittadino Ambrosca d\u00e0 ampia diffusione del Decreto del Presidente del Consiglio dei Ministri recante tutte li misure adottate dal Governo, sull&#8217;intero territorio nazionale, per il contrasto ed il [&hellip;]<\/p>\n","protected":false},"author":398,"featured_media":1297,"comment_status":"closed","ping_status":"closed","sticky":false,"template":"","format":"standard","meta":{"footnotes":""},"categories":[13],"tags":[],"class_list":["post-1295","post","type-post","status-publish","format-standard","has-post-thumbnail","hentry","category-sanita"],"yoast_head":"<!-- This site is optimized with the Yoast SEO plugin v27.4 - https:\/\/yoast.com\/product\/yoast-seo-wordpress\/ -->\n<title>DECRETO DEL PRESIDENTE DEL CONSIGLIO RECANTE LE MISURE ADOTTATE DAL GOVERNO SU TUTTO IL TERRITORIO NAZIONALE PER IL CONTRASTO E IL CONTENIMENTO DEL COVID-19. - Cancello ed Arnone<\/title>\n<meta name=\"robots\" content=\"index, follow, max-snippet:-1, max-image-preview:large, max-video-preview:-1\" \/>\n<link rel=\"canonical\" href=\"https:\/\/comunicacity.net\/cancello-ed-arnone\/2020\/03\/05\/decreto-del-presidente-del-consiglio-recante-le-misure-adottate-dal-governo-su-tutto-il-territorio-nazionale-per-il-contrasto-e-il-contenimento-del-covid-19\/\" \/>\n<meta property=\"og:locale\" content=\"it_IT\" \/>\n<meta property=\"og:type\" content=\"article\" \/>\n<meta property=\"og:title\" content=\"DECRETO DEL PRESIDENTE DEL CONSIGLIO RECANTE LE MISURE ADOTTATE DAL GOVERNO SU TUTTO IL TERRITORIO NAZIONALE PER IL CONTRASTO E IL CONTENIMENTO DEL COVID-19. - Cancello ed Arnone\" \/>\n<meta property=\"og:description\" content=\"Il primo cittadino Ambrosca d\u00e0 ampia diffusione del Decreto del Presidente del Consiglio dei Ministri recante tutte li misure adottate dal Governo, sull&#8217;intero territorio nazionale, per il contrasto ed il [&hellip;]\" \/>\n<meta property=\"og:url\" content=\"https:\/\/comunicacity.net\/cancello-ed-arnone\/2020\/03\/05\/decreto-del-presidente-del-consiglio-recante-le-misure-adottate-dal-governo-su-tutto-il-territorio-nazionale-per-il-contrasto-e-il-contenimento-del-covid-19\/\" \/>\n<meta property=\"og:site_name\" content=\"Cancello ed Arnone\" \/>\n<meta property=\"article:publisher\" content=\"http:\/\/facebook.com\/ComunicaCity\" \/>\n<meta property=\"article:published_time\" content=\"2020-03-05T09:39:13+00:00\" \/>\n<meta property=\"article:modified_time\" content=\"2023-02-02T14:41:19+00:00\" \/>\n<meta property=\"og:image\" content=\"https:\/\/comunicacity.net\/cancello-ed-arnone\/wp-content\/uploads\/sites\/28\/2020\/03\/EMERGENZA-CORONAVIRUS.jpg\" \/>\n\t<meta property=\"og:image:width\" content=\"940\" \/>\n\t<meta property=\"og:image:height\" content=\"788\" \/>\n\t<meta property=\"og:image:type\" content=\"image\/jpeg\" \/>\n<meta name=\"author\" content=\"Admin_E\" \/>\n<meta name=\"twitter:card\" content=\"summary_large_image\" \/>\n<meta name=\"twitter:creator\" content=\"@comunicacity\" \/>\n<meta name=\"twitter:site\" content=\"@comunicacity\" \/>\n<meta name=\"twitter:label1\" content=\"Scritto da\" \/>\n\t<meta name=\"twitter:data1\" content=\"Admin_E\" \/>\n\t<meta name=\"twitter:label2\" content=\"Tempo di lettura stimato\" \/>\n\t<meta name=\"twitter:data2\" content=\"1 minuto\" \/>\n<script type=\"application\/ld+json\" class=\"yoast-schema-graph\">{\"@context\":\"https:\\\/\\\/schema.org\",\"@graph\":[{\"@type\":\"Article\",\"@id\":\"https:\\\/\\\/comunicacity.net\\\/cancello-ed-arnone\\\/2020\\\/03\\\/05\\\/decreto-del-presidente-del-consiglio-recante-le-misure-adottate-dal-governo-su-tutto-il-territorio-nazionale-per-il-contrasto-e-il-contenimento-del-covid-19\\\/#article\",\"isPartOf\":{\"@id\":\"https:\\\/\\\/comunicacity.net\\\/cancello-ed-arnone\\\/2020\\\/03\\\/05\\\/decreto-del-presidente-del-consiglio-recante-le-misure-adottate-dal-governo-su-tutto-il-territorio-nazionale-per-il-contrasto-e-il-contenimento-del-covid-19\\\/\"},\"author\":{\"name\":\"Admin_E\",\"@id\":\"https:\\\/\\\/comunicacity.net\\\/cancello-ed-arnone\\\/#\\\/schema\\\/person\\\/eaea9f1aebcbd61eb9878e6232bd2a03\"},\"headline\":\"DECRETO DEL PRESIDENTE DEL CONSIGLIO RECANTE LE MISURE ADOTTATE DAL GOVERNO SU TUTTO IL TERRITORIO NAZIONALE PER IL CONTRASTO E IL CONTENIMENTO DEL COVID-19.\",\"datePublished\":\"2020-03-05T09:39:13+00:00\",\"dateModified\":\"2023-02-02T14:41:19+00:00\",\"mainEntityOfPage\":{\"@id\":\"https:\\\/\\\/comunicacity.net\\\/cancello-ed-arnone\\\/2020\\\/03\\\/05\\\/decreto-del-presidente-del-consiglio-recante-le-misure-adottate-dal-governo-su-tutto-il-territorio-nazionale-per-il-contrasto-e-il-contenimento-del-covid-19\\\/\"},\"wordCount\":305,\"image\":{\"@id\":\"https:\\\/\\\/comunicacity.net\\\/cancello-ed-arnone\\\/2020\\\/03\\\/05\\\/decreto-del-presidente-del-consiglio-recante-le-misure-adottate-dal-governo-su-tutto-il-territorio-nazionale-per-il-contrasto-e-il-contenimento-del-covid-19\\\/#primaryimage\"},\"thumbnailUrl\":\"https:\\\/\\\/comunicacity.net\\\/cancello-ed-arnone\\\/wp-content\\\/uploads\\\/sites\\\/28\\\/2020\\\/03\\\/EMERGENZA-CORONAVIRUS.jpg\",\"articleSection\":[\"Sanit\u00e0\"],\"inLanguage\":\"it-IT\"},{\"@type\":\"WebPage\",\"@id\":\"https:\\\/\\\/comunicacity.net\\\/cancello-ed-arnone\\\/2020\\\/03\\\/05\\\/decreto-del-presidente-del-consiglio-recante-le-misure-adottate-dal-governo-su-tutto-il-territorio-nazionale-per-il-contrasto-e-il-contenimento-del-covid-19\\\/\",\"url\":\"https:\\\/\\\/comunicacity.net\\\/cancello-ed-arnone\\\/2020\\\/03\\\/05\\\/decreto-del-presidente-del-consiglio-recante-le-misure-adottate-dal-governo-su-tutto-il-territorio-nazionale-per-il-contrasto-e-il-contenimento-del-covid-19\\\/\",\"name\":\"DECRETO DEL PRESIDENTE DEL CONSIGLIO RECANTE LE MISURE ADOTTATE DAL GOVERNO SU TUTTO IL TERRITORIO NAZIONALE PER IL CONTRASTO E IL CONTENIMENTO DEL COVID-19. - Cancello ed Arnone\",\"isPartOf\":{\"@id\":\"https:\\\/\\\/comunicacity.net\\\/cancello-ed-arnone\\\/#website\"},\"primaryImageOfPage\":{\"@id\":\"https:\\\/\\\/comunicacity.net\\\/cancello-ed-arnone\\\/2020\\\/03\\\/05\\\/decreto-del-presidente-del-consiglio-recante-le-misure-adottate-dal-governo-su-tutto-il-territorio-nazionale-per-il-contrasto-e-il-contenimento-del-covid-19\\\/#primaryimage\"},\"image\":{\"@id\":\"https:\\\/\\\/comunicacity.net\\\/cancello-ed-arnone\\\/2020\\\/03\\\/05\\\/decreto-del-presidente-del-consiglio-recante-le-misure-adottate-dal-governo-su-tutto-il-territorio-nazionale-per-il-contrasto-e-il-contenimento-del-covid-19\\\/#primaryimage\"},\"thumbnailUrl\":\"https:\\\/\\\/comunicacity.net\\\/cancello-ed-arnone\\\/wp-content\\\/uploads\\\/sites\\\/28\\\/2020\\\/03\\\/EMERGENZA-CORONAVIRUS.jpg\",\"datePublished\":\"2020-03-05T09:39:13+00:00\",\"dateModified\":\"2023-02-02T14:41:19+00:00\",\"author\":{\"@id\":\"https:\\\/\\\/comunicacity.net\\\/cancello-ed-arnone\\\/#\\\/schema\\\/person\\\/eaea9f1aebcbd61eb9878e6232bd2a03\"},\"breadcrumb\":{\"@id\":\"https:\\\/\\\/comunicacity.net\\\/cancello-ed-arnone\\\/2020\\\/03\\\/05\\\/decreto-del-presidente-del-consiglio-recante-le-misure-adottate-dal-governo-su-tutto-il-territorio-nazionale-per-il-contrasto-e-il-contenimento-del-covid-19\\\/#breadcrumb\"},\"inLanguage\":\"it-IT\",\"potentialAction\":[{\"@type\":\"ReadAction\",\"target\":[\"https:\\\/\\\/comunicacity.net\\\/cancello-ed-arnone\\\/2020\\\/03\\\/05\\\/decreto-del-presidente-del-consiglio-recante-le-misure-adottate-dal-governo-su-tutto-il-territorio-nazionale-per-il-contrasto-e-il-contenimento-del-covid-19\\\/\"]}]},{\"@type\":\"ImageObject\",\"inLanguage\":\"it-IT\",\"@id\":\"https:\\\/\\\/comunicacity.net\\\/cancello-ed-arnone\\\/2020\\\/03\\\/05\\\/decreto-del-presidente-del-consiglio-recante-le-misure-adottate-dal-governo-su-tutto-il-territorio-nazionale-per-il-contrasto-e-il-contenimento-del-covid-19\\\/#primaryimage\",\"url\":\"https:\\\/\\\/comunicacity.net\\\/cancello-ed-arnone\\\/wp-content\\\/uploads\\\/sites\\\/28\\\/2020\\\/03\\\/EMERGENZA-CORONAVIRUS.jpg\",\"contentUrl\":\"https:\\\/\\\/comunicacity.net\\\/cancello-ed-arnone\\\/wp-content\\\/uploads\\\/sites\\\/28\\\/2020\\\/03\\\/EMERGENZA-CORONAVIRUS.jpg\",\"width\":940,\"height\":788},{\"@type\":\"BreadcrumbList\",\"@id\":\"https:\\\/\\\/comunicacity.net\\\/cancello-ed-arnone\\\/2020\\\/03\\\/05\\\/decreto-del-presidente-del-consiglio-recante-le-misure-adottate-dal-governo-su-tutto-il-territorio-nazionale-per-il-contrasto-e-il-contenimento-del-covid-19\\\/#breadcrumb\",\"itemListElement\":[{\"@type\":\"ListItem\",\"position\":1,\"name\":\"Home\",\"item\":\"https:\\\/\\\/comunicacity.net\\\/cancello-ed-arnone\\\/\"},{\"@type\":\"ListItem\",\"position\":2,\"name\":\"DECRETO DEL PRESIDENTE DEL CONSIGLIO RECANTE LE MISURE ADOTTATE DAL GOVERNO SU TUTTO IL TERRITORIO NAZIONALE PER IL CONTRASTO E IL CONTENIMENTO DEL COVID-19.\"}]},{\"@type\":\"WebSite\",\"@id\":\"https:\\\/\\\/comunicacity.net\\\/cancello-ed-arnone\\\/#website\",\"url\":\"https:\\\/\\\/comunicacity.net\\\/cancello-ed-arnone\\\/\",\"name\":\"Cancello ed Arnone\",\"description\":\"ComunicaCity\",\"potentialAction\":[{\"@type\":\"SearchAction\",\"target\":{\"@type\":\"EntryPoint\",\"urlTemplate\":\"https:\\\/\\\/comunicacity.net\\\/cancello-ed-arnone\\\/?s={search_term_string}\"},\"query-input\":{\"@type\":\"PropertyValueSpecification\",\"valueRequired\":true,\"valueName\":\"search_term_string\"}}],\"inLanguage\":\"it-IT\"},{\"@type\":\"Person\",\"@id\":\"https:\\\/\\\/comunicacity.net\\\/cancello-ed-arnone\\\/#\\\/schema\\\/person\\\/eaea9f1aebcbd61eb9878e6232bd2a03\",\"name\":\"Admin_E\",\"image\":{\"@type\":\"ImageObject\",\"inLanguage\":\"it-IT\",\"@id\":\"https:\\\/\\\/secure.gravatar.com\\\/avatar\\\/1eb418f243a360a5c118e205c4f1d666c009a9fac37301044747eacb4938b467?s=96&d=mm&r=g\",\"url\":\"https:\\\/\\\/secure.gravatar.com\\\/avatar\\\/1eb418f243a360a5c118e205c4f1d666c009a9fac37301044747eacb4938b467?s=96&d=mm&r=g\",\"contentUrl\":\"https:\\\/\\\/secure.gravatar.com\\\/avatar\\\/1eb418f243a360a5c118e205c4f1d666c009a9fac37301044747eacb4938b467?s=96&d=mm&r=g\",\"caption\":\"Admin_E\"},\"url\":\"https:\\\/\\\/comunicacity.net\\\/cancello-ed-arnone\\\/author\\\/oollppcancelloarnone\\\/\"}]}<\/script>\n<!-- \/ Yoast SEO plugin. -->","yoast_head_json":{"title":"DECRETO DEL PRESIDENTE DEL CONSIGLIO RECANTE LE MISURE ADOTTATE DAL GOVERNO SU TUTTO IL TERRITORIO NAZIONALE PER IL CONTRASTO E IL CONTENIMENTO DEL COVID-19. - Cancello ed Arnone","robots":{"index":"index","follow":"follow","max-snippet":"max-snippet:-1","max-image-preview":"max-image-preview:large","max-video-preview":"max-video-preview:-1"},"canonical":"https:\/\/comunicacity.net\/cancello-ed-arnone\/2020\/03\/05\/decreto-del-presidente-del-consiglio-recante-le-misure-adottate-dal-governo-su-tutto-il-territorio-nazionale-per-il-contrasto-e-il-contenimento-del-covid-19\/","og_locale":"it_IT","og_type":"article","og_title":"DECRETO DEL PRESIDENTE DEL CONSIGLIO RECANTE LE MISURE ADOTTATE DAL GOVERNO SU TUTTO IL TERRITORIO NAZIONALE PER IL CONTRASTO E IL CONTENIMENTO DEL COVID-19. - Cancello ed Arnone","og_description":"Il primo cittadino Ambrosca d\u00e0 ampia diffusione del Decreto del Presidente del Consiglio dei Ministri recante tutte li misure adottate dal Governo, sull&#8217;intero territorio nazionale, per il contrasto ed il [&hellip;]","og_url":"https:\/\/comunicacity.net\/cancello-ed-arnone\/2020\/03\/05\/decreto-del-presidente-del-consiglio-recante-le-misure-adottate-dal-governo-su-tutto-il-territorio-nazionale-per-il-contrasto-e-il-contenimento-del-covid-19\/","og_site_name":"Cancello ed Arnone","article_publisher":"http:\/\/facebook.com\/ComunicaCity","article_published_time":"2020-03-05T09:39:13+00:00","article_modified_time":"2023-02-02T14:41:19+00:00","og_image":[{"width":940,"height":788,"url":"https:\/\/comunicacity.net\/cancello-ed-arnone\/wp-content\/uploads\/sites\/28\/2020\/03\/EMERGENZA-CORONAVIRUS.jpg","type":"image\/jpeg"}],"author":"Admin_E","twitter_card":"summary_large_image","twitter_creator":"@comunicacity","twitter_site":"@comunicacity","twitter_misc":{"Scritto da":"Admin_E","Tempo di lettura stimato":"1 minuto"},"schema":{"@context":"https:\/\/schema.org","@graph":[{"@type":"Article","@id":"https:\/\/comunicacity.net\/cancello-ed-arnone\/2020\/03\/05\/decreto-del-presidente-del-consiglio-recante-le-misure-adottate-dal-governo-su-tutto-il-territorio-nazionale-per-il-contrasto-e-il-contenimento-del-covid-19\/#article","isPartOf":{"@id":"https:\/\/comunicacity.net\/cancello-ed-arnone\/2020\/03\/05\/decreto-del-presidente-del-consiglio-recante-le-misure-adottate-dal-governo-su-tutto-il-territorio-nazionale-per-il-contrasto-e-il-contenimento-del-covid-19\/"},"author":{"name":"Admin_E","@id":"https:\/\/comunicacity.net\/cancello-ed-arnone\/#\/schema\/person\/eaea9f1aebcbd61eb9878e6232bd2a03"},"headline":"DECRETO DEL PRESIDENTE DEL CONSIGLIO RECANTE LE MISURE ADOTTATE DAL GOVERNO SU TUTTO IL TERRITORIO NAZIONALE PER IL CONTRASTO E IL CONTENIMENTO DEL COVID-19.","datePublished":"2020-03-05T09:39:13+00:00","dateModified":"2023-02-02T14:41:19+00:00","mainEntityOfPage":{"@id":"https:\/\/comunicacity.net\/cancello-ed-arnone\/2020\/03\/05\/decreto-del-presidente-del-consiglio-recante-le-misure-adottate-dal-governo-su-tutto-il-territorio-nazionale-per-il-contrasto-e-il-contenimento-del-covid-19\/"},"wordCount":305,"image":{"@id":"https:\/\/comunicacity.net\/cancello-ed-arnone\/2020\/03\/05\/decreto-del-presidente-del-consiglio-recante-le-misure-adottate-dal-governo-su-tutto-il-territorio-nazionale-per-il-contrasto-e-il-contenimento-del-covid-19\/#primaryimage"},"thumbnailUrl":"https:\/\/comunicacity.net\/cancello-ed-arnone\/wp-content\/uploads\/sites\/28\/2020\/03\/EMERGENZA-CORONAVIRUS.jpg","articleSection":["Sanit\u00e0"],"inLanguage":"it-IT"},{"@type":"WebPage","@id":"https:\/\/comunicacity.net\/cancello-ed-arnone\/2020\/03\/05\/decreto-del-presidente-del-consiglio-recante-le-misure-adottate-dal-governo-su-tutto-il-territorio-nazionale-per-il-contrasto-e-il-contenimento-del-covid-19\/","url":"https:\/\/comunicacity.net\/cancello-ed-arnone\/2020\/03\/05\/decreto-del-presidente-del-consiglio-recante-le-misure-adottate-dal-governo-su-tutto-il-territorio-nazionale-per-il-contrasto-e-il-contenimento-del-covid-19\/","name":"DECRETO DEL PRESIDENTE DEL CONSIGLIO RECANTE LE MISURE ADOTTATE DAL GOVERNO SU TUTTO IL TERRITORIO NAZIONALE PER IL CONTRASTO E IL CONTENIMENTO DEL COVID-19. - Cancello ed Arnone","isPartOf":{"@id":"https:\/\/comunicacity.net\/cancello-ed-arnone\/#website"},"primaryImageOfPage":{"@id":"https:\/\/comunicacity.net\/cancello-ed-arnone\/2020\/03\/05\/decreto-del-presidente-del-consiglio-recante-le-misure-adottate-dal-governo-su-tutto-il-territorio-nazionale-per-il-contrasto-e-il-contenimento-del-covid-19\/#primaryimage"},"image":{"@id":"https:\/\/comunicacity.net\/cancello-ed-arnone\/2020\/03\/05\/decreto-del-presidente-del-consiglio-recante-le-misure-adottate-dal-governo-su-tutto-il-territorio-nazionale-per-il-contrasto-e-il-contenimento-del-covid-19\/#primaryimage"},"thumbnailUrl":"https:\/\/comunicacity.net\/cancello-ed-arnone\/wp-content\/uploads\/sites\/28\/2020\/03\/EMERGENZA-CORONAVIRUS.jpg","datePublished":"2020-03-05T09:39:13+00:00","dateModified":"2023-02-02T14:41:19+00:00","author":{"@id":"https:\/\/comunicacity.net\/cancello-ed-arnone\/#\/schema\/person\/eaea9f1aebcbd61eb9878e6232bd2a03"},"breadcrumb":{"@id":"https:\/\/comunicacity.net\/cancello-ed-arnone\/2020\/03\/05\/decreto-del-presidente-del-consiglio-recante-le-misure-adottate-dal-governo-su-tutto-il-territorio-nazionale-per-il-contrasto-e-il-contenimento-del-covid-19\/#breadcrumb"},"inLanguage":"it-IT","potentialAction":[{"@type":"ReadAction","target":["https:\/\/comunicacity.net\/cancello-ed-arnone\/2020\/03\/05\/decreto-del-presidente-del-consiglio-recante-le-misure-adottate-dal-governo-su-tutto-il-territorio-nazionale-per-il-contrasto-e-il-contenimento-del-covid-19\/"]}]},{"@type":"ImageObject","inLanguage":"it-IT","@id":"https:\/\/comunicacity.net\/cancello-ed-arnone\/2020\/03\/05\/decreto-del-presidente-del-consiglio-recante-le-misure-adottate-dal-governo-su-tutto-il-territorio-nazionale-per-il-contrasto-e-il-contenimento-del-covid-19\/#primaryimage","url":"https:\/\/comunicacity.net\/cancello-ed-arnone\/wp-content\/uploads\/sites\/28\/2020\/03\/EMERGENZA-CORONAVIRUS.jpg","contentUrl":"https:\/\/comunicacity.net\/cancello-ed-arnone\/wp-content\/uploads\/sites\/28\/2020\/03\/EMERGENZA-CORONAVIRUS.jpg","width":940,"height":788},{"@type":"BreadcrumbList","@id":"https:\/\/comunicacity.net\/cancello-ed-arnone\/2020\/03\/05\/decreto-del-presidente-del-consiglio-recante-le-misure-adottate-dal-governo-su-tutto-il-territorio-nazionale-per-il-contrasto-e-il-contenimento-del-covid-19\/#breadcrumb","itemListElement":[{"@type":"ListItem","position":1,"name":"Home","item":"https:\/\/comunicacity.net\/cancello-ed-arnone\/"},{"@type":"ListItem","position":2,"name":"DECRETO DEL PRESIDENTE DEL CONSIGLIO RECANTE LE MISURE ADOTTATE DAL GOVERNO SU TUTTO IL TERRITORIO NAZIONALE PER IL CONTRASTO E IL CONTENIMENTO DEL COVID-19."}]},{"@type":"WebSite","@id":"https:\/\/comunicacity.net\/cancello-ed-arnone\/#website","url":"https:\/\/comunicacity.net\/cancello-ed-arnone\/","name":"Cancello ed Arnone","description":"ComunicaCity","potentialAction":[{"@type":"SearchAction","target":{"@type":"EntryPoint","urlTemplate":"https:\/\/comunicacity.net\/cancello-ed-arnone\/?s={search_term_string}"},"query-input":{"@type":"PropertyValueSpecification","valueRequired":true,"valueName":"search_term_string"}}],"inLanguage":"it-IT"},{"@type":"Person","@id":"https:\/\/comunicacity.net\/cancello-ed-arnone\/#\/schema\/person\/eaea9f1aebcbd61eb9878e6232bd2a03","name":"Admin_E","image":{"@type":"ImageObject","inLanguage":"it-IT","@id":"https:\/\/secure.gravatar.com\/avatar\/1eb418f243a360a5c118e205c4f1d666c009a9fac37301044747eacb4938b467?s=96&d=mm&r=g","url":"https:\/\/secure.gravatar.com\/avatar\/1eb418f243a360a5c118e205c4f1d666c009a9fac37301044747eacb4938b467?s=96&d=mm&r=g","contentUrl":"https:\/\/secure.gravatar.com\/avatar\/1eb418f243a360a5c118e205c4f1d666c009a9fac37301044747eacb4938b467?s=96&d=mm&r=g","caption":"Admin_E"},"url":"https:\/\/comunicacity.net\/cancello-ed-arnone\/author\/oollppcancelloarnone\/"}]}},"meta_box":{"cc4_urg_colore":"","cc4_urg_data_inizio":"","cc4_urg_data_fine":"","cc4_cor_positivi_oggi":"","cc4_cor_negativizzati_oggi":"","cc4_cor_deceduti_oggi":"","cc4_cor_positivi_totali":"","cc4_cor_negativizzati_totali":"","cc4_cor_deceduti_totali":"","cc4_cor_attualmente_positivi":"","cc4_eve_data_inizio":"","cc4_eve_data_fine":"","cc4_eve_indirizzo":"","cc4_eve_posizione":{"latitude":"","longitude":"","zoom":""},"cc4_eve_telefono":"","cc4_eve_email":"","cc4_eve_web":"","cc4_eve_fb":"","sitopa_id":""},"_links":{"self":[{"href":"https:\/\/comunicacity.net\/cancello-ed-arnone\/wp-json\/wp\/v2\/posts\/1295","targetHints":{"allow":["GET"]}}],"collection":[{"href":"https:\/\/comunicacity.net\/cancello-ed-arnone\/wp-json\/wp\/v2\/posts"}],"about":[{"href":"https:\/\/comunicacity.net\/cancello-ed-arnone\/wp-json\/wp\/v2\/types\/post"}],"author":[{"embeddable":true,"href":"https:\/\/comunicacity.net\/cancello-ed-arnone\/wp-json\/wp\/v2\/users\/398"}],"replies":[{"embeddable":true,"href":"https:\/\/comunicacity.net\/cancello-ed-arnone\/wp-json\/wp\/v2\/comments?post=1295"}],"version-history":[{"count":1,"href":"https:\/\/comunicacity.net\/cancello-ed-arnone\/wp-json\/wp\/v2\/posts\/1295\/revisions"}],"predecessor-version":[{"id":1298,"href":"https:\/\/comunicacity.net\/cancello-ed-arnone\/wp-json\/wp\/v2\/posts\/1295\/revisions\/1298"}],"wp:featuredmedia":[{"embeddable":true,"href":"https:\/\/comunicacity.net\/cancello-ed-arnone\/wp-json\/wp\/v2\/media\/1297"}],"wp:attachment":[{"href":"https:\/\/comunicacity.net\/cancello-ed-arnone\/wp-json\/wp\/v2\/media?parent=1295"}],"wp:term":[{"taxonomy":"category","embeddable":true,"href":"https:\/\/comunicacity.net\/cancello-ed-arnone\/wp-json\/wp\/v2\/categories?post=1295"},{"taxonomy":"post_tag","embeddable":true,"href":"https:\/\/comunicacity.net\/cancello-ed-arnone\/wp-json\/wp\/v2\/tags?post=1295"}],"curies":[{"name":"wp","href":"https:\/\/api.w.org\/{rel}","templated":true}]}}