{"id":1649,"date":"2023-03-04T20:45:40","date_gmt":"2023-03-04T19:45:40","guid":{"rendered":"https:\/\/comunicacity.net\/cancello-ed-arnone\/?p=1649"},"modified":"2023-03-04T20:48:14","modified_gmt":"2023-03-04T19:48:14","slug":"i-primi-5-anni-di-ambrosca","status":"publish","type":"post","link":"https:\/\/comunicacity.net\/cancello-ed-arnone\/2023\/03\/04\/i-primi-5-anni-di-ambrosca\/","title":{"rendered":"I primi 5 anni di Ambrosca"},"content":{"rendered":"<p>Tanto entusiasmo hanno accompagnato le parole del sindaco che ha ripercorso in maniera rapida questi cinque anni a nome dell\u2019intera squadra. \u00abNon posso che ringraziare tutti i cittadini che sono intervenuti questa mattina e la mia squadra per il grande lavoro e per i tanti risultati di questi cinque anni \u2013 ha sottolineato il sindaco \u2013 abbiamo restituito serenit\u00e0 alla nostra comunit\u00e0, potenziato i servizi, realizzato e progettato tante infrastrutture.<\/p>\n<p>Abbiamo ottenuto finanziamenti per quaranta milioni di euro e siamo prossimi ad averne altri quaranta. Ha pagato la nostra scelta di potenziare l\u2019ufficio tecnico: questa cosa ci ha consentito di sbloccare tantissimi finanziamenti e di raccogliere enormi risultati nonostante il doppio dissesto che abbiamo ereditato\u00bb.<\/p>\n<p>Il sindaco coglie l\u2019occasione dell\u2019incontro pubblico per rispondere alle accuse anonime che da qualche tempo la sua squadra sta ricevendo. \u00abIl clima di tranquillit\u00e0 che avevamo costruito \u00e8 stato rotto da qualcuno un mese fa: da allora sono comparsi profili anonimi che hanno cominciato a mettere in giro calunnie e falsit\u00e0 \u2013 ha sottolineato il sindaco \u2013 sia io che la mia squadra siamo sempre stati lontani dalla gestione degli appalti tanto \u00e8 vero che il Comune ha scelto di non gestirli demandando questo compito alla stazione unica appaltante.<\/p>\n<p>Per rendere ancora pi\u00f9 trasparente questo lavoro abbiamo chiesto agli ordini professionali di indicarci dei nominativi che andiamo a sorteggiare per ciascuna gara. Questa la premessa: con la famigerata determina 54 \u00e8 stato individuato un geometra, iscritto all\u2019albo e che ci \u00e8 stato indicato dall\u2019ordine, che \u00e8 anche laureato in legge. Ecco smontati veleni ed illazioni\u00bb. Ambrosca risponde anche all\u2019accusa di \u00abvolere avvelenare i suoi concittadini\u00bb.<\/p>\n<p>\u00abSe volessi avvelenare i miei concittadini, avvelenerei me stesso e la mia famiglia\u2026 &#8211; ha proseguito \u2013 la verit\u00e0 \u00e8 che quando ci siamo insediati abbiamo trovato un finanziamento per la realizzazione di un impianto aerobico a biomasse. Noi abbiamo detto che realizzeremo quest\u2019opera solo se diventer\u00e0 anaerobica, cio\u00e8 senza odori. C\u2019\u00e8 una differenza sostanziale che chi sparge menzogne conosce bene, ma evita di raccontare\u2026 \u00bb.<\/p>\n<p>Commozione in sala quando il sindaco ha parlato del Covid e delle vittime che \u00e8 stata costretta a piangere la comunit\u00e0 di Cancello ed Arnone. \u00abStiamo ragionando con la societ\u00e0 che gestisce i due cimiteri \u2013 ha detto il sindaco con le lacrime agli occhi \u2013 per realizzare in ciascuna delle due strutture una stele commemorativa, una targa per ricordare i nostri concittadini portati via dal Covid. In quei mesi abbiamo cercato di stare vicino a tutti dando conforto e sostegno a tutte le famiglie senza tralasciare i servizi che sono sempre stati garantiti\u00bb.<\/p>\n<p>Uno dei vanti dell\u2019esecutivo Ambrosca \u00e8 certamente la differenziata. \u00abAbbiamo raccolto un comune che aveva una percentuale di raccolta differenziata da zero virgola e oggi siamo stabilmente all\u201980% meritandoci il riconoscimenti di Legambiente di Comune riciclone \u2013 ha evidenziato il sindaco \u2013 la qualit\u00e0 dei servizi \u00e8 stata complessivamente migliorata e lo sar\u00e0 ancor di pi\u00f9 con i progetti che troveranno il loro completamento nella prossima amministrazione\u00bb.<\/p>\n<p>&nbsp;<\/p>\n<div id=\"eadv-container-slot-in-content-article-0\">\n<div><\/div>\n<div id=\"eadv-frame-slot-in-content-article-0\">\n<div id=\"eadv-slot-in-content-article-0\" data-google-query-id=\"CKf7lIKEw_0CFV2D_QcdHa0PdQ\">\n<div id=\"google_ads_iframe_\/335695999\/(s_5927)(IAB12-3)(u_3)_1__container__\"><\/div>\n<\/div>\n<\/div>\n<\/div>\n<p>&nbsp;<\/p>\n","protected":false},"excerpt":{"rendered":"<p>Tanto entusiasmo hanno accompagnato le parole del sindaco che ha ripercorso in maniera rapida questi cinque anni a nome dell\u2019intera squadra. \u00abNon posso che ringraziare tutti i cittadini che sono [&hellip;]<\/p>\n","protected":false},"author":398,"featured_media":1650,"comment_status":"closed","ping_status":"closed","sticky":false,"template":"","format":"standard","meta":{"footnotes":""},"categories":[11],"tags":[],"class_list":["post-1649","post","type-post","status-publish","format-standard","has-post-thumbnail","hentry","category-notizie-e-informazioni"],"yoast_head":"<!-- This site is optimized with the Yoast SEO plugin v27.4 - https:\/\/yoast.com\/product\/yoast-seo-wordpress\/ -->\n<title>I primi 5 anni di Ambrosca - Cancello ed Arnone<\/title>\n<meta name=\"robots\" content=\"index, follow, max-snippet:-1, max-image-preview:large, max-video-preview:-1\" \/>\n<link rel=\"canonical\" href=\"https:\/\/comunicacity.net\/cancello-ed-arnone\/2023\/03\/04\/i-primi-5-anni-di-ambrosca\/\" \/>\n<meta property=\"og:locale\" content=\"it_IT\" \/>\n<meta property=\"og:type\" content=\"article\" \/>\n<meta property=\"og:title\" content=\"I primi 5 anni di Ambrosca - Cancello ed Arnone\" \/>\n<meta property=\"og:description\" content=\"Tanto entusiasmo hanno accompagnato le parole del sindaco che ha ripercorso in maniera rapida questi cinque anni a nome dell\u2019intera squadra. \u00abNon posso che ringraziare tutti i cittadini che sono [&hellip;]\" \/>\n<meta property=\"og:url\" content=\"https:\/\/comunicacity.net\/cancello-ed-arnone\/2023\/03\/04\/i-primi-5-anni-di-ambrosca\/\" \/>\n<meta property=\"og:site_name\" content=\"Cancello ed Arnone\" \/>\n<meta property=\"article:publisher\" content=\"http:\/\/facebook.com\/ComunicaCity\" \/>\n<meta property=\"article:published_time\" content=\"2023-03-04T19:45:40+00:00\" \/>\n<meta property=\"article:modified_time\" content=\"2023-03-04T19:48:14+00:00\" \/>\n<meta property=\"og:image\" content=\"https:\/\/comunicacity.net\/cancello-ed-arnone\/wp-content\/uploads\/sites\/28\/2023\/03\/ambrosca-presentazione-2.gif\" \/>\n\t<meta property=\"og:image:width\" content=\"700\" \/>\n\t<meta property=\"og:image:height\" content=\"403\" \/>\n\t<meta property=\"og:image:type\" content=\"image\/gif\" \/>\n<meta name=\"author\" content=\"Admin_E\" \/>\n<meta name=\"twitter:card\" content=\"summary_large_image\" \/>\n<meta name=\"twitter:creator\" content=\"@comunicacity\" \/>\n<meta name=\"twitter:site\" content=\"@comunicacity\" \/>\n<meta name=\"twitter:label1\" content=\"Scritto da\" \/>\n\t<meta name=\"twitter:data1\" content=\"Admin_E\" \/>\n\t<meta name=\"twitter:label2\" content=\"Tempo di lettura stimato\" \/>\n\t<meta name=\"twitter:data2\" content=\"2 minuti\" \/>\n<script type=\"application\/ld+json\" class=\"yoast-schema-graph\">{\"@context\":\"https:\\\/\\\/schema.org\",\"@graph\":[{\"@type\":\"Article\",\"@id\":\"https:\\\/\\\/comunicacity.net\\\/cancello-ed-arnone\\\/2023\\\/03\\\/04\\\/i-primi-5-anni-di-ambrosca\\\/#article\",\"isPartOf\":{\"@id\":\"https:\\\/\\\/comunicacity.net\\\/cancello-ed-arnone\\\/2023\\\/03\\\/04\\\/i-primi-5-anni-di-ambrosca\\\/\"},\"author\":{\"name\":\"Admin_E\",\"@id\":\"https:\\\/\\\/comunicacity.net\\\/cancello-ed-arnone\\\/#\\\/schema\\\/person\\\/eaea9f1aebcbd61eb9878e6232bd2a03\"},\"headline\":\"I primi 5 anni di Ambrosca\",\"datePublished\":\"2023-03-04T19:45:40+00:00\",\"dateModified\":\"2023-03-04T19:48:14+00:00\",\"mainEntityOfPage\":{\"@id\":\"https:\\\/\\\/comunicacity.net\\\/cancello-ed-arnone\\\/2023\\\/03\\\/04\\\/i-primi-5-anni-di-ambrosca\\\/\"},\"wordCount\":493,\"image\":{\"@id\":\"https:\\\/\\\/comunicacity.net\\\/cancello-ed-arnone\\\/2023\\\/03\\\/04\\\/i-primi-5-anni-di-ambrosca\\\/#primaryimage\"},\"thumbnailUrl\":\"https:\\\/\\\/comunicacity.net\\\/cancello-ed-arnone\\\/wp-content\\\/uploads\\\/sites\\\/28\\\/2023\\\/03\\\/ambrosca-presentazione-2.gif\",\"articleSection\":[\"Notizie e Informazioni\"],\"inLanguage\":\"it-IT\"},{\"@type\":\"WebPage\",\"@id\":\"https:\\\/\\\/comunicacity.net\\\/cancello-ed-arnone\\\/2023\\\/03\\\/04\\\/i-primi-5-anni-di-ambrosca\\\/\",\"url\":\"https:\\\/\\\/comunicacity.net\\\/cancello-ed-arnone\\\/2023\\\/03\\\/04\\\/i-primi-5-anni-di-ambrosca\\\/\",\"name\":\"I primi 5 anni di Ambrosca - Cancello ed Arnone\",\"isPartOf\":{\"@id\":\"https:\\\/\\\/comunicacity.net\\\/cancello-ed-arnone\\\/#website\"},\"primaryImageOfPage\":{\"@id\":\"https:\\\/\\\/comunicacity.net\\\/cancello-ed-arnone\\\/2023\\\/03\\\/04\\\/i-primi-5-anni-di-ambrosca\\\/#primaryimage\"},\"image\":{\"@id\":\"https:\\\/\\\/comunicacity.net\\\/cancello-ed-arnone\\\/2023\\\/03\\\/04\\\/i-primi-5-anni-di-ambrosca\\\/#primaryimage\"},\"thumbnailUrl\":\"https:\\\/\\\/comunicacity.net\\\/cancello-ed-arnone\\\/wp-content\\\/uploads\\\/sites\\\/28\\\/2023\\\/03\\\/ambrosca-presentazione-2.gif\",\"datePublished\":\"2023-03-04T19:45:40+00:00\",\"dateModified\":\"2023-03-04T19:48:14+00:00\",\"author\":{\"@id\":\"https:\\\/\\\/comunicacity.net\\\/cancello-ed-arnone\\\/#\\\/schema\\\/person\\\/eaea9f1aebcbd61eb9878e6232bd2a03\"},\"breadcrumb\":{\"@id\":\"https:\\\/\\\/comunicacity.net\\\/cancello-ed-arnone\\\/2023\\\/03\\\/04\\\/i-primi-5-anni-di-ambrosca\\\/#breadcrumb\"},\"inLanguage\":\"it-IT\",\"potentialAction\":[{\"@type\":\"ReadAction\",\"target\":[\"https:\\\/\\\/comunicacity.net\\\/cancello-ed-arnone\\\/2023\\\/03\\\/04\\\/i-primi-5-anni-di-ambrosca\\\/\"]}]},{\"@type\":\"ImageObject\",\"inLanguage\":\"it-IT\",\"@id\":\"https:\\\/\\\/comunicacity.net\\\/cancello-ed-arnone\\\/2023\\\/03\\\/04\\\/i-primi-5-anni-di-ambrosca\\\/#primaryimage\",\"url\":\"https:\\\/\\\/comunicacity.net\\\/cancello-ed-arnone\\\/wp-content\\\/uploads\\\/sites\\\/28\\\/2023\\\/03\\\/ambrosca-presentazione-2.gif\",\"contentUrl\":\"https:\\\/\\\/comunicacity.net\\\/cancello-ed-arnone\\\/wp-content\\\/uploads\\\/sites\\\/28\\\/2023\\\/03\\\/ambrosca-presentazione-2.gif\",\"width\":700,\"height\":403},{\"@type\":\"BreadcrumbList\",\"@id\":\"https:\\\/\\\/comunicacity.net\\\/cancello-ed-arnone\\\/2023\\\/03\\\/04\\\/i-primi-5-anni-di-ambrosca\\\/#breadcrumb\",\"itemListElement\":[{\"@type\":\"ListItem\",\"position\":1,\"name\":\"Home\",\"item\":\"https:\\\/\\\/comunicacity.net\\\/cancello-ed-arnone\\\/\"},{\"@type\":\"ListItem\",\"position\":2,\"name\":\"I primi 5 anni di Ambrosca\"}]},{\"@type\":\"WebSite\",\"@id\":\"https:\\\/\\\/comunicacity.net\\\/cancello-ed-arnone\\\/#website\",\"url\":\"https:\\\/\\\/comunicacity.net\\\/cancello-ed-arnone\\\/\",\"name\":\"Cancello ed Arnone\",\"description\":\"ComunicaCity\",\"potentialAction\":[{\"@type\":\"SearchAction\",\"target\":{\"@type\":\"EntryPoint\",\"urlTemplate\":\"https:\\\/\\\/comunicacity.net\\\/cancello-ed-arnone\\\/?s={search_term_string}\"},\"query-input\":{\"@type\":\"PropertyValueSpecification\",\"valueRequired\":true,\"valueName\":\"search_term_string\"}}],\"inLanguage\":\"it-IT\"},{\"@type\":\"Person\",\"@id\":\"https:\\\/\\\/comunicacity.net\\\/cancello-ed-arnone\\\/#\\\/schema\\\/person\\\/eaea9f1aebcbd61eb9878e6232bd2a03\",\"name\":\"Admin_E\",\"image\":{\"@type\":\"ImageObject\",\"inLanguage\":\"it-IT\",\"@id\":\"https:\\\/\\\/secure.gravatar.com\\\/avatar\\\/1eb418f243a360a5c118e205c4f1d666c009a9fac37301044747eacb4938b467?s=96&d=mm&r=g\",\"url\":\"https:\\\/\\\/secure.gravatar.com\\\/avatar\\\/1eb418f243a360a5c118e205c4f1d666c009a9fac37301044747eacb4938b467?s=96&d=mm&r=g\",\"contentUrl\":\"https:\\\/\\\/secure.gravatar.com\\\/avatar\\\/1eb418f243a360a5c118e205c4f1d666c009a9fac37301044747eacb4938b467?s=96&d=mm&r=g\",\"caption\":\"Admin_E\"},\"url\":\"https:\\\/\\\/comunicacity.net\\\/cancello-ed-arnone\\\/author\\\/oollppcancelloarnone\\\/\"}]}<\/script>\n<!-- \/ Yoast SEO plugin. -->","yoast_head_json":{"title":"I primi 5 anni di Ambrosca - Cancello ed Arnone","robots":{"index":"index","follow":"follow","max-snippet":"max-snippet:-1","max-image-preview":"max-image-preview:large","max-video-preview":"max-video-preview:-1"},"canonical":"https:\/\/comunicacity.net\/cancello-ed-arnone\/2023\/03\/04\/i-primi-5-anni-di-ambrosca\/","og_locale":"it_IT","og_type":"article","og_title":"I primi 5 anni di Ambrosca - Cancello ed Arnone","og_description":"Tanto entusiasmo hanno accompagnato le parole del sindaco che ha ripercorso in maniera rapida questi cinque anni a nome dell\u2019intera squadra. \u00abNon posso che ringraziare tutti i cittadini che sono [&hellip;]","og_url":"https:\/\/comunicacity.net\/cancello-ed-arnone\/2023\/03\/04\/i-primi-5-anni-di-ambrosca\/","og_site_name":"Cancello ed Arnone","article_publisher":"http:\/\/facebook.com\/ComunicaCity","article_published_time":"2023-03-04T19:45:40+00:00","article_modified_time":"2023-03-04T19:48:14+00:00","og_image":[{"width":700,"height":403,"url":"https:\/\/comunicacity.net\/cancello-ed-arnone\/wp-content\/uploads\/sites\/28\/2023\/03\/ambrosca-presentazione-2.gif","type":"image\/gif"}],"author":"Admin_E","twitter_card":"summary_large_image","twitter_creator":"@comunicacity","twitter_site":"@comunicacity","twitter_misc":{"Scritto da":"Admin_E","Tempo di lettura stimato":"2 minuti"},"schema":{"@context":"https:\/\/schema.org","@graph":[{"@type":"Article","@id":"https:\/\/comunicacity.net\/cancello-ed-arnone\/2023\/03\/04\/i-primi-5-anni-di-ambrosca\/#article","isPartOf":{"@id":"https:\/\/comunicacity.net\/cancello-ed-arnone\/2023\/03\/04\/i-primi-5-anni-di-ambrosca\/"},"author":{"name":"Admin_E","@id":"https:\/\/comunicacity.net\/cancello-ed-arnone\/#\/schema\/person\/eaea9f1aebcbd61eb9878e6232bd2a03"},"headline":"I primi 5 anni di Ambrosca","datePublished":"2023-03-04T19:45:40+00:00","dateModified":"2023-03-04T19:48:14+00:00","mainEntityOfPage":{"@id":"https:\/\/comunicacity.net\/cancello-ed-arnone\/2023\/03\/04\/i-primi-5-anni-di-ambrosca\/"},"wordCount":493,"image":{"@id":"https:\/\/comunicacity.net\/cancello-ed-arnone\/2023\/03\/04\/i-primi-5-anni-di-ambrosca\/#primaryimage"},"thumbnailUrl":"https:\/\/comunicacity.net\/cancello-ed-arnone\/wp-content\/uploads\/sites\/28\/2023\/03\/ambrosca-presentazione-2.gif","articleSection":["Notizie e Informazioni"],"inLanguage":"it-IT"},{"@type":"WebPage","@id":"https:\/\/comunicacity.net\/cancello-ed-arnone\/2023\/03\/04\/i-primi-5-anni-di-ambrosca\/","url":"https:\/\/comunicacity.net\/cancello-ed-arnone\/2023\/03\/04\/i-primi-5-anni-di-ambrosca\/","name":"I primi 5 anni di Ambrosca - Cancello ed Arnone","isPartOf":{"@id":"https:\/\/comunicacity.net\/cancello-ed-arnone\/#website"},"primaryImageOfPage":{"@id":"https:\/\/comunicacity.net\/cancello-ed-arnone\/2023\/03\/04\/i-primi-5-anni-di-ambrosca\/#primaryimage"},"image":{"@id":"https:\/\/comunicacity.net\/cancello-ed-arnone\/2023\/03\/04\/i-primi-5-anni-di-ambrosca\/#primaryimage"},"thumbnailUrl":"https:\/\/comunicacity.net\/cancello-ed-arnone\/wp-content\/uploads\/sites\/28\/2023\/03\/ambrosca-presentazione-2.gif","datePublished":"2023-03-04T19:45:40+00:00","dateModified":"2023-03-04T19:48:14+00:00","author":{"@id":"https:\/\/comunicacity.net\/cancello-ed-arnone\/#\/schema\/person\/eaea9f1aebcbd61eb9878e6232bd2a03"},"breadcrumb":{"@id":"https:\/\/comunicacity.net\/cancello-ed-arnone\/2023\/03\/04\/i-primi-5-anni-di-ambrosca\/#breadcrumb"},"inLanguage":"it-IT","potentialAction":[{"@type":"ReadAction","target":["https:\/\/comunicacity.net\/cancello-ed-arnone\/2023\/03\/04\/i-primi-5-anni-di-ambrosca\/"]}]},{"@type":"ImageObject","inLanguage":"it-IT","@id":"https:\/\/comunicacity.net\/cancello-ed-arnone\/2023\/03\/04\/i-primi-5-anni-di-ambrosca\/#primaryimage","url":"https:\/\/comunicacity.net\/cancello-ed-arnone\/wp-content\/uploads\/sites\/28\/2023\/03\/ambrosca-presentazione-2.gif","contentUrl":"https:\/\/comunicacity.net\/cancello-ed-arnone\/wp-content\/uploads\/sites\/28\/2023\/03\/ambrosca-presentazione-2.gif","width":700,"height":403},{"@type":"BreadcrumbList","@id":"https:\/\/comunicacity.net\/cancello-ed-arnone\/2023\/03\/04\/i-primi-5-anni-di-ambrosca\/#breadcrumb","itemListElement":[{"@type":"ListItem","position":1,"name":"Home","item":"https:\/\/comunicacity.net\/cancello-ed-arnone\/"},{"@type":"ListItem","position":2,"name":"I primi 5 anni di Ambrosca"}]},{"@type":"WebSite","@id":"https:\/\/comunicacity.net\/cancello-ed-arnone\/#website","url":"https:\/\/comunicacity.net\/cancello-ed-arnone\/","name":"Cancello ed Arnone","description":"ComunicaCity","potentialAction":[{"@type":"SearchAction","target":{"@type":"EntryPoint","urlTemplate":"https:\/\/comunicacity.net\/cancello-ed-arnone\/?s={search_term_string}"},"query-input":{"@type":"PropertyValueSpecification","valueRequired":true,"valueName":"search_term_string"}}],"inLanguage":"it-IT"},{"@type":"Person","@id":"https:\/\/comunicacity.net\/cancello-ed-arnone\/#\/schema\/person\/eaea9f1aebcbd61eb9878e6232bd2a03","name":"Admin_E","image":{"@type":"ImageObject","inLanguage":"it-IT","@id":"https:\/\/secure.gravatar.com\/avatar\/1eb418f243a360a5c118e205c4f1d666c009a9fac37301044747eacb4938b467?s=96&d=mm&r=g","url":"https:\/\/secure.gravatar.com\/avatar\/1eb418f243a360a5c118e205c4f1d666c009a9fac37301044747eacb4938b467?s=96&d=mm&r=g","contentUrl":"https:\/\/secure.gravatar.com\/avatar\/1eb418f243a360a5c118e205c4f1d666c009a9fac37301044747eacb4938b467?s=96&d=mm&r=g","caption":"Admin_E"},"url":"https:\/\/comunicacity.net\/cancello-ed-arnone\/author\/oollppcancelloarnone\/"}]}},"meta_box":{"cc4_urg_colore":"rosso","cc4_urg_data_inizio":"","cc4_urg_data_fine":"","cc4_cor_positivi_oggi":"","cc4_cor_negativizzati_oggi":"","cc4_cor_deceduti_oggi":"","cc4_cor_positivi_totali":"","cc4_cor_negativizzati_totali":"","cc4_cor_deceduti_totali":"","cc4_cor_attualmente_positivi":"","cc4_eve_data_inizio":"","cc4_eve_data_fine":"","cc4_eve_indirizzo":"","cc4_eve_posizione":{"latitude":"0","longitude":"0","zoom":"0"},"cc4_eve_telefono":"","cc4_eve_email":"","cc4_eve_web":"","cc4_eve_fb":"","sitopa_id":""},"_links":{"self":[{"href":"https:\/\/comunicacity.net\/cancello-ed-arnone\/wp-json\/wp\/v2\/posts\/1649","targetHints":{"allow":["GET"]}}],"collection":[{"href":"https:\/\/comunicacity.net\/cancello-ed-arnone\/wp-json\/wp\/v2\/posts"}],"about":[{"href":"https:\/\/comunicacity.net\/cancello-ed-arnone\/wp-json\/wp\/v2\/types\/post"}],"author":[{"embeddable":true,"href":"https:\/\/comunicacity.net\/cancello-ed-arnone\/wp-json\/wp\/v2\/users\/398"}],"replies":[{"embeddable":true,"href":"https:\/\/comunicacity.net\/cancello-ed-arnone\/wp-json\/wp\/v2\/comments?post=1649"}],"version-history":[{"count":2,"href":"https:\/\/comunicacity.net\/cancello-ed-arnone\/wp-json\/wp\/v2\/posts\/1649\/revisions"}],"predecessor-version":[{"id":1652,"href":"https:\/\/comunicacity.net\/cancello-ed-arnone\/wp-json\/wp\/v2\/posts\/1649\/revisions\/1652"}],"wp:featuredmedia":[{"embeddable":true,"href":"https:\/\/comunicacity.net\/cancello-ed-arnone\/wp-json\/wp\/v2\/media\/1650"}],"wp:attachment":[{"href":"https:\/\/comunicacity.net\/cancello-ed-arnone\/wp-json\/wp\/v2\/media?parent=1649"}],"wp:term":[{"taxonomy":"category","embeddable":true,"href":"https:\/\/comunicacity.net\/cancello-ed-arnone\/wp-json\/wp\/v2\/categories?post=1649"},{"taxonomy":"post_tag","embeddable":true,"href":"https:\/\/comunicacity.net\/cancello-ed-arnone\/wp-json\/wp\/v2\/tags?post=1649"}],"curies":[{"name":"wp","href":"https:\/\/api.w.org\/{rel}","templated":true}]}}