{"id":502,"date":"2018-09-20T07:59:13","date_gmt":"2018-09-20T05:59:13","guid":{"rendered":"https:\/\/comunicacity.net\/cancello-ed-arnone\/?p=502"},"modified":"2023-02-02T15:44:38","modified_gmt":"2023-02-02T14:44:38","slug":"boom-di-visite-nella-giornata-della-prevenzione","status":"publish","type":"post","link":"https:\/\/comunicacity.net\/cancello-ed-arnone\/2018\/09\/20\/boom-di-visite-nella-giornata-della-prevenzione\/","title":{"rendered":"Boom di visite nella giornata della prevenzione"},"content":{"rendered":"<p>Riuscitissima la giornata dedicata alla prevenzione organizzata dall\u2019Amminisrazione Comunale in collaborazione con l\u2019ASL.<br \/>\nL\u2019organizzazione della campagna di screening \u201cMi Voglio Bene \u2013 Prevenire Mi Salva La Vita\u201d \u00e8 stata impeccabile e ha trovato una perfetta simbiosi con la partecipazione attiva della popolazione di Cancello ed Arnone.<br \/>\nSoddisfatto del risultato l\u2019assessore alla sanit\u00e0 dott. Gabriele Di Vuolo. \u201cLa collaborazione istituzionale tra l\u2019Amministrazione Comunale e l\u2019Azienda Sanitaria Locale rappresenta qualcosa di assolutamente prezioso per il benessere dei cittadini\u201d afferma l\u2019assessore. \u201cQuesta campagna ha riscosso cos\u00ec tanto successo che \u00e8 stata chiesta la programmazione di una seconda giornata di prevenzione. Ad oggi, Cancello ed Arnone \u00e8 il Comune che ha registrato la maggiore affluenza di cittadini. Ringrazio, a nome dell\u2019intera Amministrazione, il Direttore dell\u2019Asl \u2013 Distretto di Mondragone dott. Stefanelli e la Regione Campania per l\u2019opportunit\u00e0 concessa al Comune di Cancello ed Arnone e sono molto orgoglioso dei miei concittadini che hanno colto immediatamente l\u2019importanza del messaggio lanciato da questa bellissima iniziativa\u201d.<\/p>\n","protected":false},"excerpt":{"rendered":"<p>Riuscitissima la giornata dedicata alla prevenzione organizzata dall\u2019Amminisrazione Comunale in collaborazione con l\u2019ASL. L\u2019organizzazione della campagna di screening \u201cMi Voglio Bene \u2013 Prevenire Mi Salva La Vita\u201d \u00e8 stata impeccabile [&hellip;]<\/p>\n","protected":false},"author":398,"featured_media":503,"comment_status":"closed","ping_status":"closed","sticky":false,"template":"","format":"standard","meta":{"footnotes":""},"categories":[13],"tags":[],"class_list":["post-502","post","type-post","status-publish","format-standard","has-post-thumbnail","hentry","category-sanita"],"yoast_head":"<!-- This site is optimized with the Yoast SEO plugin v27.4 - https:\/\/yoast.com\/product\/yoast-seo-wordpress\/ -->\n<title>Boom di visite nella giornata della prevenzione - Cancello ed Arnone<\/title>\n<meta name=\"robots\" content=\"index, follow, max-snippet:-1, max-image-preview:large, max-video-preview:-1\" \/>\n<link rel=\"canonical\" href=\"https:\/\/comunicacity.net\/cancello-ed-arnone\/2018\/09\/20\/boom-di-visite-nella-giornata-della-prevenzione\/\" \/>\n<meta property=\"og:locale\" content=\"it_IT\" \/>\n<meta property=\"og:type\" content=\"article\" \/>\n<meta property=\"og:title\" content=\"Boom di visite nella giornata della prevenzione - Cancello ed Arnone\" \/>\n<meta property=\"og:description\" content=\"Riuscitissima la giornata dedicata alla prevenzione organizzata dall\u2019Amminisrazione Comunale in collaborazione con l\u2019ASL. L\u2019organizzazione della campagna di screening \u201cMi Voglio Bene \u2013 Prevenire Mi Salva La Vita\u201d \u00e8 stata impeccabile [&hellip;]\" \/>\n<meta property=\"og:url\" content=\"https:\/\/comunicacity.net\/cancello-ed-arnone\/2018\/09\/20\/boom-di-visite-nella-giornata-della-prevenzione\/\" \/>\n<meta property=\"og:site_name\" content=\"Cancello ed Arnone\" \/>\n<meta property=\"article:publisher\" content=\"http:\/\/facebook.com\/ComunicaCity\" \/>\n<meta property=\"article:published_time\" content=\"2018-09-20T05:59:13+00:00\" \/>\n<meta property=\"article:modified_time\" content=\"2023-02-02T14:44:38+00:00\" \/>\n<meta property=\"og:image\" content=\"https:\/\/comunicacity.net\/cancello-ed-arnone\/wp-content\/uploads\/sites\/28\/2018\/09\/936E7BD1-D107-4635-B0BC-FB79776E4C8B.jpeg\" \/>\n\t<meta property=\"og:image:width\" content=\"600\" \/>\n\t<meta property=\"og:image:height\" content=\"800\" \/>\n\t<meta property=\"og:image:type\" content=\"image\/jpeg\" \/>\n<meta name=\"author\" content=\"Admin_E\" \/>\n<meta name=\"twitter:card\" content=\"summary_large_image\" \/>\n<meta name=\"twitter:creator\" content=\"@comunicacity\" \/>\n<meta name=\"twitter:site\" content=\"@comunicacity\" \/>\n<meta name=\"twitter:label1\" content=\"Scritto da\" \/>\n\t<meta name=\"twitter:data1\" content=\"Admin_E\" \/>\n\t<meta name=\"twitter:label2\" content=\"Tempo di lettura stimato\" \/>\n\t<meta name=\"twitter:data2\" content=\"1 minuto\" \/>\n<script type=\"application\/ld+json\" class=\"yoast-schema-graph\">{\"@context\":\"https:\\\/\\\/schema.org\",\"@graph\":[{\"@type\":\"Article\",\"@id\":\"https:\\\/\\\/comunicacity.net\\\/cancello-ed-arnone\\\/2018\\\/09\\\/20\\\/boom-di-visite-nella-giornata-della-prevenzione\\\/#article\",\"isPartOf\":{\"@id\":\"https:\\\/\\\/comunicacity.net\\\/cancello-ed-arnone\\\/2018\\\/09\\\/20\\\/boom-di-visite-nella-giornata-della-prevenzione\\\/\"},\"author\":{\"name\":\"Admin_E\",\"@id\":\"https:\\\/\\\/comunicacity.net\\\/cancello-ed-arnone\\\/#\\\/schema\\\/person\\\/eaea9f1aebcbd61eb9878e6232bd2a03\"},\"headline\":\"Boom di visite nella giornata della prevenzione\",\"datePublished\":\"2018-09-20T05:59:13+00:00\",\"dateModified\":\"2023-02-02T14:44:38+00:00\",\"mainEntityOfPage\":{\"@id\":\"https:\\\/\\\/comunicacity.net\\\/cancello-ed-arnone\\\/2018\\\/09\\\/20\\\/boom-di-visite-nella-giornata-della-prevenzione\\\/\"},\"wordCount\":172,\"image\":{\"@id\":\"https:\\\/\\\/comunicacity.net\\\/cancello-ed-arnone\\\/2018\\\/09\\\/20\\\/boom-di-visite-nella-giornata-della-prevenzione\\\/#primaryimage\"},\"thumbnailUrl\":\"https:\\\/\\\/comunicacity.net\\\/cancello-ed-arnone\\\/wp-content\\\/uploads\\\/sites\\\/28\\\/2018\\\/09\\\/936E7BD1-D107-4635-B0BC-FB79776E4C8B.jpeg\",\"articleSection\":[\"Sanit\u00e0\"],\"inLanguage\":\"it-IT\"},{\"@type\":\"WebPage\",\"@id\":\"https:\\\/\\\/comunicacity.net\\\/cancello-ed-arnone\\\/2018\\\/09\\\/20\\\/boom-di-visite-nella-giornata-della-prevenzione\\\/\",\"url\":\"https:\\\/\\\/comunicacity.net\\\/cancello-ed-arnone\\\/2018\\\/09\\\/20\\\/boom-di-visite-nella-giornata-della-prevenzione\\\/\",\"name\":\"Boom di visite nella giornata della prevenzione - Cancello ed Arnone\",\"isPartOf\":{\"@id\":\"https:\\\/\\\/comunicacity.net\\\/cancello-ed-arnone\\\/#website\"},\"primaryImageOfPage\":{\"@id\":\"https:\\\/\\\/comunicacity.net\\\/cancello-ed-arnone\\\/2018\\\/09\\\/20\\\/boom-di-visite-nella-giornata-della-prevenzione\\\/#primaryimage\"},\"image\":{\"@id\":\"https:\\\/\\\/comunicacity.net\\\/cancello-ed-arnone\\\/2018\\\/09\\\/20\\\/boom-di-visite-nella-giornata-della-prevenzione\\\/#primaryimage\"},\"thumbnailUrl\":\"https:\\\/\\\/comunicacity.net\\\/cancello-ed-arnone\\\/wp-content\\\/uploads\\\/sites\\\/28\\\/2018\\\/09\\\/936E7BD1-D107-4635-B0BC-FB79776E4C8B.jpeg\",\"datePublished\":\"2018-09-20T05:59:13+00:00\",\"dateModified\":\"2023-02-02T14:44:38+00:00\",\"author\":{\"@id\":\"https:\\\/\\\/comunicacity.net\\\/cancello-ed-arnone\\\/#\\\/schema\\\/person\\\/eaea9f1aebcbd61eb9878e6232bd2a03\"},\"breadcrumb\":{\"@id\":\"https:\\\/\\\/comunicacity.net\\\/cancello-ed-arnone\\\/2018\\\/09\\\/20\\\/boom-di-visite-nella-giornata-della-prevenzione\\\/#breadcrumb\"},\"inLanguage\":\"it-IT\",\"potentialAction\":[{\"@type\":\"ReadAction\",\"target\":[\"https:\\\/\\\/comunicacity.net\\\/cancello-ed-arnone\\\/2018\\\/09\\\/20\\\/boom-di-visite-nella-giornata-della-prevenzione\\\/\"]}]},{\"@type\":\"ImageObject\",\"inLanguage\":\"it-IT\",\"@id\":\"https:\\\/\\\/comunicacity.net\\\/cancello-ed-arnone\\\/2018\\\/09\\\/20\\\/boom-di-visite-nella-giornata-della-prevenzione\\\/#primaryimage\",\"url\":\"https:\\\/\\\/comunicacity.net\\\/cancello-ed-arnone\\\/wp-content\\\/uploads\\\/sites\\\/28\\\/2018\\\/09\\\/936E7BD1-D107-4635-B0BC-FB79776E4C8B.jpeg\",\"contentUrl\":\"https:\\\/\\\/comunicacity.net\\\/cancello-ed-arnone\\\/wp-content\\\/uploads\\\/sites\\\/28\\\/2018\\\/09\\\/936E7BD1-D107-4635-B0BC-FB79776E4C8B.jpeg\",\"width\":600,\"height\":800},{\"@type\":\"BreadcrumbList\",\"@id\":\"https:\\\/\\\/comunicacity.net\\\/cancello-ed-arnone\\\/2018\\\/09\\\/20\\\/boom-di-visite-nella-giornata-della-prevenzione\\\/#breadcrumb\",\"itemListElement\":[{\"@type\":\"ListItem\",\"position\":1,\"name\":\"Home\",\"item\":\"https:\\\/\\\/comunicacity.net\\\/cancello-ed-arnone\\\/\"},{\"@type\":\"ListItem\",\"position\":2,\"name\":\"Boom di visite nella giornata della prevenzione\"}]},{\"@type\":\"WebSite\",\"@id\":\"https:\\\/\\\/comunicacity.net\\\/cancello-ed-arnone\\\/#website\",\"url\":\"https:\\\/\\\/comunicacity.net\\\/cancello-ed-arnone\\\/\",\"name\":\"Cancello ed Arnone\",\"description\":\"ComunicaCity\",\"potentialAction\":[{\"@type\":\"SearchAction\",\"target\":{\"@type\":\"EntryPoint\",\"urlTemplate\":\"https:\\\/\\\/comunicacity.net\\\/cancello-ed-arnone\\\/?s={search_term_string}\"},\"query-input\":{\"@type\":\"PropertyValueSpecification\",\"valueRequired\":true,\"valueName\":\"search_term_string\"}}],\"inLanguage\":\"it-IT\"},{\"@type\":\"Person\",\"@id\":\"https:\\\/\\\/comunicacity.net\\\/cancello-ed-arnone\\\/#\\\/schema\\\/person\\\/eaea9f1aebcbd61eb9878e6232bd2a03\",\"name\":\"Admin_E\",\"image\":{\"@type\":\"ImageObject\",\"inLanguage\":\"it-IT\",\"@id\":\"https:\\\/\\\/secure.gravatar.com\\\/avatar\\\/1eb418f243a360a5c118e205c4f1d666c009a9fac37301044747eacb4938b467?s=96&d=mm&r=g\",\"url\":\"https:\\\/\\\/secure.gravatar.com\\\/avatar\\\/1eb418f243a360a5c118e205c4f1d666c009a9fac37301044747eacb4938b467?s=96&d=mm&r=g\",\"contentUrl\":\"https:\\\/\\\/secure.gravatar.com\\\/avatar\\\/1eb418f243a360a5c118e205c4f1d666c009a9fac37301044747eacb4938b467?s=96&d=mm&r=g\",\"caption\":\"Admin_E\"},\"url\":\"https:\\\/\\\/comunicacity.net\\\/cancello-ed-arnone\\\/author\\\/oollppcancelloarnone\\\/\"}]}<\/script>\n<!-- \/ Yoast SEO plugin. -->","yoast_head_json":{"title":"Boom di visite nella giornata della prevenzione - Cancello ed Arnone","robots":{"index":"index","follow":"follow","max-snippet":"max-snippet:-1","max-image-preview":"max-image-preview:large","max-video-preview":"max-video-preview:-1"},"canonical":"https:\/\/comunicacity.net\/cancello-ed-arnone\/2018\/09\/20\/boom-di-visite-nella-giornata-della-prevenzione\/","og_locale":"it_IT","og_type":"article","og_title":"Boom di visite nella giornata della prevenzione - Cancello ed Arnone","og_description":"Riuscitissima la giornata dedicata alla prevenzione organizzata dall\u2019Amminisrazione Comunale in collaborazione con l\u2019ASL. L\u2019organizzazione della campagna di screening \u201cMi Voglio Bene \u2013 Prevenire Mi Salva La Vita\u201d \u00e8 stata impeccabile [&hellip;]","og_url":"https:\/\/comunicacity.net\/cancello-ed-arnone\/2018\/09\/20\/boom-di-visite-nella-giornata-della-prevenzione\/","og_site_name":"Cancello ed Arnone","article_publisher":"http:\/\/facebook.com\/ComunicaCity","article_published_time":"2018-09-20T05:59:13+00:00","article_modified_time":"2023-02-02T14:44:38+00:00","og_image":[{"width":600,"height":800,"url":"https:\/\/comunicacity.net\/cancello-ed-arnone\/wp-content\/uploads\/sites\/28\/2018\/09\/936E7BD1-D107-4635-B0BC-FB79776E4C8B.jpeg","type":"image\/jpeg"}],"author":"Admin_E","twitter_card":"summary_large_image","twitter_creator":"@comunicacity","twitter_site":"@comunicacity","twitter_misc":{"Scritto da":"Admin_E","Tempo di lettura stimato":"1 minuto"},"schema":{"@context":"https:\/\/schema.org","@graph":[{"@type":"Article","@id":"https:\/\/comunicacity.net\/cancello-ed-arnone\/2018\/09\/20\/boom-di-visite-nella-giornata-della-prevenzione\/#article","isPartOf":{"@id":"https:\/\/comunicacity.net\/cancello-ed-arnone\/2018\/09\/20\/boom-di-visite-nella-giornata-della-prevenzione\/"},"author":{"name":"Admin_E","@id":"https:\/\/comunicacity.net\/cancello-ed-arnone\/#\/schema\/person\/eaea9f1aebcbd61eb9878e6232bd2a03"},"headline":"Boom di visite nella giornata della prevenzione","datePublished":"2018-09-20T05:59:13+00:00","dateModified":"2023-02-02T14:44:38+00:00","mainEntityOfPage":{"@id":"https:\/\/comunicacity.net\/cancello-ed-arnone\/2018\/09\/20\/boom-di-visite-nella-giornata-della-prevenzione\/"},"wordCount":172,"image":{"@id":"https:\/\/comunicacity.net\/cancello-ed-arnone\/2018\/09\/20\/boom-di-visite-nella-giornata-della-prevenzione\/#primaryimage"},"thumbnailUrl":"https:\/\/comunicacity.net\/cancello-ed-arnone\/wp-content\/uploads\/sites\/28\/2018\/09\/936E7BD1-D107-4635-B0BC-FB79776E4C8B.jpeg","articleSection":["Sanit\u00e0"],"inLanguage":"it-IT"},{"@type":"WebPage","@id":"https:\/\/comunicacity.net\/cancello-ed-arnone\/2018\/09\/20\/boom-di-visite-nella-giornata-della-prevenzione\/","url":"https:\/\/comunicacity.net\/cancello-ed-arnone\/2018\/09\/20\/boom-di-visite-nella-giornata-della-prevenzione\/","name":"Boom di visite nella giornata della prevenzione - Cancello ed Arnone","isPartOf":{"@id":"https:\/\/comunicacity.net\/cancello-ed-arnone\/#website"},"primaryImageOfPage":{"@id":"https:\/\/comunicacity.net\/cancello-ed-arnone\/2018\/09\/20\/boom-di-visite-nella-giornata-della-prevenzione\/#primaryimage"},"image":{"@id":"https:\/\/comunicacity.net\/cancello-ed-arnone\/2018\/09\/20\/boom-di-visite-nella-giornata-della-prevenzione\/#primaryimage"},"thumbnailUrl":"https:\/\/comunicacity.net\/cancello-ed-arnone\/wp-content\/uploads\/sites\/28\/2018\/09\/936E7BD1-D107-4635-B0BC-FB79776E4C8B.jpeg","datePublished":"2018-09-20T05:59:13+00:00","dateModified":"2023-02-02T14:44:38+00:00","author":{"@id":"https:\/\/comunicacity.net\/cancello-ed-arnone\/#\/schema\/person\/eaea9f1aebcbd61eb9878e6232bd2a03"},"breadcrumb":{"@id":"https:\/\/comunicacity.net\/cancello-ed-arnone\/2018\/09\/20\/boom-di-visite-nella-giornata-della-prevenzione\/#breadcrumb"},"inLanguage":"it-IT","potentialAction":[{"@type":"ReadAction","target":["https:\/\/comunicacity.net\/cancello-ed-arnone\/2018\/09\/20\/boom-di-visite-nella-giornata-della-prevenzione\/"]}]},{"@type":"ImageObject","inLanguage":"it-IT","@id":"https:\/\/comunicacity.net\/cancello-ed-arnone\/2018\/09\/20\/boom-di-visite-nella-giornata-della-prevenzione\/#primaryimage","url":"https:\/\/comunicacity.net\/cancello-ed-arnone\/wp-content\/uploads\/sites\/28\/2018\/09\/936E7BD1-D107-4635-B0BC-FB79776E4C8B.jpeg","contentUrl":"https:\/\/comunicacity.net\/cancello-ed-arnone\/wp-content\/uploads\/sites\/28\/2018\/09\/936E7BD1-D107-4635-B0BC-FB79776E4C8B.jpeg","width":600,"height":800},{"@type":"BreadcrumbList","@id":"https:\/\/comunicacity.net\/cancello-ed-arnone\/2018\/09\/20\/boom-di-visite-nella-giornata-della-prevenzione\/#breadcrumb","itemListElement":[{"@type":"ListItem","position":1,"name":"Home","item":"https:\/\/comunicacity.net\/cancello-ed-arnone\/"},{"@type":"ListItem","position":2,"name":"Boom di visite nella giornata della prevenzione"}]},{"@type":"WebSite","@id":"https:\/\/comunicacity.net\/cancello-ed-arnone\/#website","url":"https:\/\/comunicacity.net\/cancello-ed-arnone\/","name":"Cancello ed Arnone","description":"ComunicaCity","potentialAction":[{"@type":"SearchAction","target":{"@type":"EntryPoint","urlTemplate":"https:\/\/comunicacity.net\/cancello-ed-arnone\/?s={search_term_string}"},"query-input":{"@type":"PropertyValueSpecification","valueRequired":true,"valueName":"search_term_string"}}],"inLanguage":"it-IT"},{"@type":"Person","@id":"https:\/\/comunicacity.net\/cancello-ed-arnone\/#\/schema\/person\/eaea9f1aebcbd61eb9878e6232bd2a03","name":"Admin_E","image":{"@type":"ImageObject","inLanguage":"it-IT","@id":"https:\/\/secure.gravatar.com\/avatar\/1eb418f243a360a5c118e205c4f1d666c009a9fac37301044747eacb4938b467?s=96&d=mm&r=g","url":"https:\/\/secure.gravatar.com\/avatar\/1eb418f243a360a5c118e205c4f1d666c009a9fac37301044747eacb4938b467?s=96&d=mm&r=g","contentUrl":"https:\/\/secure.gravatar.com\/avatar\/1eb418f243a360a5c118e205c4f1d666c009a9fac37301044747eacb4938b467?s=96&d=mm&r=g","caption":"Admin_E"},"url":"https:\/\/comunicacity.net\/cancello-ed-arnone\/author\/oollppcancelloarnone\/"}]}},"meta_box":{"cc4_urg_colore":"","cc4_urg_data_inizio":"","cc4_urg_data_fine":"","cc4_cor_positivi_oggi":"","cc4_cor_negativizzati_oggi":"","cc4_cor_deceduti_oggi":"","cc4_cor_positivi_totali":"","cc4_cor_negativizzati_totali":"","cc4_cor_deceduti_totali":"","cc4_cor_attualmente_positivi":"","cc4_eve_data_inizio":"","cc4_eve_data_fine":"","cc4_eve_indirizzo":"","cc4_eve_posizione":{"latitude":"","longitude":"","zoom":""},"cc4_eve_telefono":"","cc4_eve_email":"","cc4_eve_web":"","cc4_eve_fb":"","sitopa_id":""},"_links":{"self":[{"href":"https:\/\/comunicacity.net\/cancello-ed-arnone\/wp-json\/wp\/v2\/posts\/502","targetHints":{"allow":["GET"]}}],"collection":[{"href":"https:\/\/comunicacity.net\/cancello-ed-arnone\/wp-json\/wp\/v2\/posts"}],"about":[{"href":"https:\/\/comunicacity.net\/cancello-ed-arnone\/wp-json\/wp\/v2\/types\/post"}],"author":[{"embeddable":true,"href":"https:\/\/comunicacity.net\/cancello-ed-arnone\/wp-json\/wp\/v2\/users\/398"}],"replies":[{"embeddable":true,"href":"https:\/\/comunicacity.net\/cancello-ed-arnone\/wp-json\/wp\/v2\/comments?post=502"}],"version-history":[{"count":1,"href":"https:\/\/comunicacity.net\/cancello-ed-arnone\/wp-json\/wp\/v2\/posts\/502\/revisions"}],"predecessor-version":[{"id":504,"href":"https:\/\/comunicacity.net\/cancello-ed-arnone\/wp-json\/wp\/v2\/posts\/502\/revisions\/504"}],"wp:featuredmedia":[{"embeddable":true,"href":"https:\/\/comunicacity.net\/cancello-ed-arnone\/wp-json\/wp\/v2\/media\/503"}],"wp:attachment":[{"href":"https:\/\/comunicacity.net\/cancello-ed-arnone\/wp-json\/wp\/v2\/media?parent=502"}],"wp:term":[{"taxonomy":"category","embeddable":true,"href":"https:\/\/comunicacity.net\/cancello-ed-arnone\/wp-json\/wp\/v2\/categories?post=502"},{"taxonomy":"post_tag","embeddable":true,"href":"https:\/\/comunicacity.net\/cancello-ed-arnone\/wp-json\/wp\/v2\/tags?post=502"}],"curies":[{"name":"wp","href":"https:\/\/api.w.org\/{rel}","templated":true}]}}