{"id":543,"date":"2018-10-02T15:28:33","date_gmt":"2018-10-02T13:28:33","guid":{"rendered":"https:\/\/comunicacity.net\/cancello-ed-arnone\/?p=543"},"modified":"2023-02-02T15:44:36","modified_gmt":"2023-02-02T14:44:36","slug":"gli-auguri-del-sindaco-ambrosca-per-le-nonne-e-i-nonni-nel-giorno-della-loro-festa","status":"publish","type":"post","link":"https:\/\/comunicacity.net\/cancello-ed-arnone\/2018\/10\/02\/gli-auguri-del-sindaco-ambrosca-per-le-nonne-e-i-nonni-nel-giorno-della-loro-festa\/","title":{"rendered":"Gli auguri del sindaco Ambrosca per le nonne e i nonni nel giorno della loro festa."},"content":{"rendered":"<p>A nome di tutta l&#8217;Amministrazione Comunale,il sindaco Ambrosca rivolge il pi\u00f9 sincero augurio alle nonne e ai nonni di Cancello ed Arnone nel giorno della loro festa.<\/p>\n<p>&#8220;La giornata di oggi \u00e8 un&#8217;occasione per riflettere sul ruolo che hanno i nonni per la nostra societ\u00e0: sono la pietra miliare delle nostre famiglie e trasmettono alle nuove generazioni esperienze, tradizioni e cultura indispensabili per la loro crescita&#8221;.<\/p>\n<p>In Italia la Festa dei Nonni \u00e8 stata introdotta nel 2005, per Decreto del Parlamento, per celebrare &#8220;l&#8217;importanza del ruolo svolto dai nonni all&#8217;interno delle famiglie e della societ\u00e0 in generale&#8221;. Non \u00e8 un caso che nel nostro Paese sia stata scelta questa data: il 2 Ottobre, nel calendario liturgico cattolico, \u00e8 la Festa degli Angeli Custodi: per i bambini, infatti, i nonni possono essere considerati i loro &#8220;angeli custodi&#8221; sulla terra.<\/p>\n","protected":false},"excerpt":{"rendered":"<p>A nome di tutta l&#8217;Amministrazione Comunale,il sindaco Ambrosca rivolge il pi\u00f9 sincero augurio alle nonne e ai nonni di Cancello ed Arnone nel giorno della loro festa. &#8220;La giornata di [&hellip;]<\/p>\n","protected":false},"author":398,"featured_media":544,"comment_status":"closed","ping_status":"closed","sticky":false,"template":"","format":"standard","meta":{"footnotes":""},"categories":[11],"tags":[],"class_list":["post-543","post","type-post","status-publish","format-standard","has-post-thumbnail","hentry","category-notizie-e-informazioni"],"yoast_head":"<!-- This site is optimized with the Yoast SEO plugin v27.4 - https:\/\/yoast.com\/product\/yoast-seo-wordpress\/ -->\n<title>Gli auguri del sindaco Ambrosca per le nonne e i nonni nel giorno della loro festa. - Cancello ed Arnone<\/title>\n<meta name=\"robots\" content=\"index, follow, max-snippet:-1, max-image-preview:large, max-video-preview:-1\" \/>\n<link rel=\"canonical\" href=\"https:\/\/comunicacity.net\/cancello-ed-arnone\/2018\/10\/02\/gli-auguri-del-sindaco-ambrosca-per-le-nonne-e-i-nonni-nel-giorno-della-loro-festa\/\" \/>\n<meta property=\"og:locale\" content=\"it_IT\" \/>\n<meta property=\"og:type\" content=\"article\" \/>\n<meta property=\"og:title\" content=\"Gli auguri del sindaco Ambrosca per le nonne e i nonni nel giorno della loro festa. - Cancello ed Arnone\" \/>\n<meta property=\"og:description\" content=\"A nome di tutta l&#8217;Amministrazione Comunale,il sindaco Ambrosca rivolge il pi\u00f9 sincero augurio alle nonne e ai nonni di Cancello ed Arnone nel giorno della loro festa. &#8220;La giornata di [&hellip;]\" \/>\n<meta property=\"og:url\" content=\"https:\/\/comunicacity.net\/cancello-ed-arnone\/2018\/10\/02\/gli-auguri-del-sindaco-ambrosca-per-le-nonne-e-i-nonni-nel-giorno-della-loro-festa\/\" \/>\n<meta property=\"og:site_name\" content=\"Cancello ed Arnone\" \/>\n<meta property=\"article:publisher\" content=\"http:\/\/facebook.com\/ComunicaCity\" \/>\n<meta property=\"article:published_time\" content=\"2018-10-02T13:28:33+00:00\" \/>\n<meta property=\"article:modified_time\" content=\"2023-02-02T14:44:36+00:00\" \/>\n<meta property=\"og:image\" content=\"https:\/\/comunicacity.net\/cancello-ed-arnone\/wp-content\/uploads\/sites\/28\/2018\/10\/festa-dei-nonni.jpg\" \/>\n\t<meta property=\"og:image:width\" content=\"720\" \/>\n\t<meta property=\"og:image:height\" content=\"401\" \/>\n\t<meta property=\"og:image:type\" content=\"image\/jpeg\" \/>\n<meta name=\"author\" content=\"Admin_E\" \/>\n<meta name=\"twitter:card\" content=\"summary_large_image\" \/>\n<meta name=\"twitter:creator\" content=\"@comunicacity\" \/>\n<meta name=\"twitter:site\" content=\"@comunicacity\" \/>\n<meta name=\"twitter:label1\" content=\"Scritto da\" \/>\n\t<meta name=\"twitter:data1\" content=\"Admin_E\" \/>\n\t<meta name=\"twitter:label2\" content=\"Tempo di lettura stimato\" \/>\n\t<meta name=\"twitter:data2\" content=\"1 minuto\" \/>\n<script type=\"application\/ld+json\" class=\"yoast-schema-graph\">{\"@context\":\"https:\\\/\\\/schema.org\",\"@graph\":[{\"@type\":\"Article\",\"@id\":\"https:\\\/\\\/comunicacity.net\\\/cancello-ed-arnone\\\/2018\\\/10\\\/02\\\/gli-auguri-del-sindaco-ambrosca-per-le-nonne-e-i-nonni-nel-giorno-della-loro-festa\\\/#article\",\"isPartOf\":{\"@id\":\"https:\\\/\\\/comunicacity.net\\\/cancello-ed-arnone\\\/2018\\\/10\\\/02\\\/gli-auguri-del-sindaco-ambrosca-per-le-nonne-e-i-nonni-nel-giorno-della-loro-festa\\\/\"},\"author\":{\"name\":\"Admin_E\",\"@id\":\"https:\\\/\\\/comunicacity.net\\\/cancello-ed-arnone\\\/#\\\/schema\\\/person\\\/eaea9f1aebcbd61eb9878e6232bd2a03\"},\"headline\":\"Gli auguri del sindaco Ambrosca per le nonne e i nonni nel giorno della loro festa.\",\"datePublished\":\"2018-10-02T13:28:33+00:00\",\"dateModified\":\"2023-02-02T14:44:36+00:00\",\"mainEntityOfPage\":{\"@id\":\"https:\\\/\\\/comunicacity.net\\\/cancello-ed-arnone\\\/2018\\\/10\\\/02\\\/gli-auguri-del-sindaco-ambrosca-per-le-nonne-e-i-nonni-nel-giorno-della-loro-festa\\\/\"},\"wordCount\":149,\"image\":{\"@id\":\"https:\\\/\\\/comunicacity.net\\\/cancello-ed-arnone\\\/2018\\\/10\\\/02\\\/gli-auguri-del-sindaco-ambrosca-per-le-nonne-e-i-nonni-nel-giorno-della-loro-festa\\\/#primaryimage\"},\"thumbnailUrl\":\"https:\\\/\\\/comunicacity.net\\\/cancello-ed-arnone\\\/wp-content\\\/uploads\\\/sites\\\/28\\\/2018\\\/10\\\/festa-dei-nonni.jpg\",\"articleSection\":[\"Notizie e Informazioni\"],\"inLanguage\":\"it-IT\"},{\"@type\":\"WebPage\",\"@id\":\"https:\\\/\\\/comunicacity.net\\\/cancello-ed-arnone\\\/2018\\\/10\\\/02\\\/gli-auguri-del-sindaco-ambrosca-per-le-nonne-e-i-nonni-nel-giorno-della-loro-festa\\\/\",\"url\":\"https:\\\/\\\/comunicacity.net\\\/cancello-ed-arnone\\\/2018\\\/10\\\/02\\\/gli-auguri-del-sindaco-ambrosca-per-le-nonne-e-i-nonni-nel-giorno-della-loro-festa\\\/\",\"name\":\"Gli auguri del sindaco Ambrosca per le nonne e i nonni nel giorno della loro festa. - Cancello ed Arnone\",\"isPartOf\":{\"@id\":\"https:\\\/\\\/comunicacity.net\\\/cancello-ed-arnone\\\/#website\"},\"primaryImageOfPage\":{\"@id\":\"https:\\\/\\\/comunicacity.net\\\/cancello-ed-arnone\\\/2018\\\/10\\\/02\\\/gli-auguri-del-sindaco-ambrosca-per-le-nonne-e-i-nonni-nel-giorno-della-loro-festa\\\/#primaryimage\"},\"image\":{\"@id\":\"https:\\\/\\\/comunicacity.net\\\/cancello-ed-arnone\\\/2018\\\/10\\\/02\\\/gli-auguri-del-sindaco-ambrosca-per-le-nonne-e-i-nonni-nel-giorno-della-loro-festa\\\/#primaryimage\"},\"thumbnailUrl\":\"https:\\\/\\\/comunicacity.net\\\/cancello-ed-arnone\\\/wp-content\\\/uploads\\\/sites\\\/28\\\/2018\\\/10\\\/festa-dei-nonni.jpg\",\"datePublished\":\"2018-10-02T13:28:33+00:00\",\"dateModified\":\"2023-02-02T14:44:36+00:00\",\"author\":{\"@id\":\"https:\\\/\\\/comunicacity.net\\\/cancello-ed-arnone\\\/#\\\/schema\\\/person\\\/eaea9f1aebcbd61eb9878e6232bd2a03\"},\"breadcrumb\":{\"@id\":\"https:\\\/\\\/comunicacity.net\\\/cancello-ed-arnone\\\/2018\\\/10\\\/02\\\/gli-auguri-del-sindaco-ambrosca-per-le-nonne-e-i-nonni-nel-giorno-della-loro-festa\\\/#breadcrumb\"},\"inLanguage\":\"it-IT\",\"potentialAction\":[{\"@type\":\"ReadAction\",\"target\":[\"https:\\\/\\\/comunicacity.net\\\/cancello-ed-arnone\\\/2018\\\/10\\\/02\\\/gli-auguri-del-sindaco-ambrosca-per-le-nonne-e-i-nonni-nel-giorno-della-loro-festa\\\/\"]}]},{\"@type\":\"ImageObject\",\"inLanguage\":\"it-IT\",\"@id\":\"https:\\\/\\\/comunicacity.net\\\/cancello-ed-arnone\\\/2018\\\/10\\\/02\\\/gli-auguri-del-sindaco-ambrosca-per-le-nonne-e-i-nonni-nel-giorno-della-loro-festa\\\/#primaryimage\",\"url\":\"https:\\\/\\\/comunicacity.net\\\/cancello-ed-arnone\\\/wp-content\\\/uploads\\\/sites\\\/28\\\/2018\\\/10\\\/festa-dei-nonni.jpg\",\"contentUrl\":\"https:\\\/\\\/comunicacity.net\\\/cancello-ed-arnone\\\/wp-content\\\/uploads\\\/sites\\\/28\\\/2018\\\/10\\\/festa-dei-nonni.jpg\",\"width\":720,\"height\":401},{\"@type\":\"BreadcrumbList\",\"@id\":\"https:\\\/\\\/comunicacity.net\\\/cancello-ed-arnone\\\/2018\\\/10\\\/02\\\/gli-auguri-del-sindaco-ambrosca-per-le-nonne-e-i-nonni-nel-giorno-della-loro-festa\\\/#breadcrumb\",\"itemListElement\":[{\"@type\":\"ListItem\",\"position\":1,\"name\":\"Home\",\"item\":\"https:\\\/\\\/comunicacity.net\\\/cancello-ed-arnone\\\/\"},{\"@type\":\"ListItem\",\"position\":2,\"name\":\"Gli auguri del sindaco Ambrosca per le nonne e i nonni nel giorno della loro festa.\"}]},{\"@type\":\"WebSite\",\"@id\":\"https:\\\/\\\/comunicacity.net\\\/cancello-ed-arnone\\\/#website\",\"url\":\"https:\\\/\\\/comunicacity.net\\\/cancello-ed-arnone\\\/\",\"name\":\"Cancello ed Arnone\",\"description\":\"ComunicaCity\",\"potentialAction\":[{\"@type\":\"SearchAction\",\"target\":{\"@type\":\"EntryPoint\",\"urlTemplate\":\"https:\\\/\\\/comunicacity.net\\\/cancello-ed-arnone\\\/?s={search_term_string}\"},\"query-input\":{\"@type\":\"PropertyValueSpecification\",\"valueRequired\":true,\"valueName\":\"search_term_string\"}}],\"inLanguage\":\"it-IT\"},{\"@type\":\"Person\",\"@id\":\"https:\\\/\\\/comunicacity.net\\\/cancello-ed-arnone\\\/#\\\/schema\\\/person\\\/eaea9f1aebcbd61eb9878e6232bd2a03\",\"name\":\"Admin_E\",\"image\":{\"@type\":\"ImageObject\",\"inLanguage\":\"it-IT\",\"@id\":\"https:\\\/\\\/secure.gravatar.com\\\/avatar\\\/1eb418f243a360a5c118e205c4f1d666c009a9fac37301044747eacb4938b467?s=96&d=mm&r=g\",\"url\":\"https:\\\/\\\/secure.gravatar.com\\\/avatar\\\/1eb418f243a360a5c118e205c4f1d666c009a9fac37301044747eacb4938b467?s=96&d=mm&r=g\",\"contentUrl\":\"https:\\\/\\\/secure.gravatar.com\\\/avatar\\\/1eb418f243a360a5c118e205c4f1d666c009a9fac37301044747eacb4938b467?s=96&d=mm&r=g\",\"caption\":\"Admin_E\"},\"url\":\"https:\\\/\\\/comunicacity.net\\\/cancello-ed-arnone\\\/author\\\/oollppcancelloarnone\\\/\"}]}<\/script>\n<!-- \/ Yoast SEO plugin. -->","yoast_head_json":{"title":"Gli auguri del sindaco Ambrosca per le nonne e i nonni nel giorno della loro festa. - Cancello ed Arnone","robots":{"index":"index","follow":"follow","max-snippet":"max-snippet:-1","max-image-preview":"max-image-preview:large","max-video-preview":"max-video-preview:-1"},"canonical":"https:\/\/comunicacity.net\/cancello-ed-arnone\/2018\/10\/02\/gli-auguri-del-sindaco-ambrosca-per-le-nonne-e-i-nonni-nel-giorno-della-loro-festa\/","og_locale":"it_IT","og_type":"article","og_title":"Gli auguri del sindaco Ambrosca per le nonne e i nonni nel giorno della loro festa. - Cancello ed Arnone","og_description":"A nome di tutta l&#8217;Amministrazione Comunale,il sindaco Ambrosca rivolge il pi\u00f9 sincero augurio alle nonne e ai nonni di Cancello ed Arnone nel giorno della loro festa. &#8220;La giornata di [&hellip;]","og_url":"https:\/\/comunicacity.net\/cancello-ed-arnone\/2018\/10\/02\/gli-auguri-del-sindaco-ambrosca-per-le-nonne-e-i-nonni-nel-giorno-della-loro-festa\/","og_site_name":"Cancello ed Arnone","article_publisher":"http:\/\/facebook.com\/ComunicaCity","article_published_time":"2018-10-02T13:28:33+00:00","article_modified_time":"2023-02-02T14:44:36+00:00","og_image":[{"width":720,"height":401,"url":"https:\/\/comunicacity.net\/cancello-ed-arnone\/wp-content\/uploads\/sites\/28\/2018\/10\/festa-dei-nonni.jpg","type":"image\/jpeg"}],"author":"Admin_E","twitter_card":"summary_large_image","twitter_creator":"@comunicacity","twitter_site":"@comunicacity","twitter_misc":{"Scritto da":"Admin_E","Tempo di lettura stimato":"1 minuto"},"schema":{"@context":"https:\/\/schema.org","@graph":[{"@type":"Article","@id":"https:\/\/comunicacity.net\/cancello-ed-arnone\/2018\/10\/02\/gli-auguri-del-sindaco-ambrosca-per-le-nonne-e-i-nonni-nel-giorno-della-loro-festa\/#article","isPartOf":{"@id":"https:\/\/comunicacity.net\/cancello-ed-arnone\/2018\/10\/02\/gli-auguri-del-sindaco-ambrosca-per-le-nonne-e-i-nonni-nel-giorno-della-loro-festa\/"},"author":{"name":"Admin_E","@id":"https:\/\/comunicacity.net\/cancello-ed-arnone\/#\/schema\/person\/eaea9f1aebcbd61eb9878e6232bd2a03"},"headline":"Gli auguri del sindaco Ambrosca per le nonne e i nonni nel giorno della loro festa.","datePublished":"2018-10-02T13:28:33+00:00","dateModified":"2023-02-02T14:44:36+00:00","mainEntityOfPage":{"@id":"https:\/\/comunicacity.net\/cancello-ed-arnone\/2018\/10\/02\/gli-auguri-del-sindaco-ambrosca-per-le-nonne-e-i-nonni-nel-giorno-della-loro-festa\/"},"wordCount":149,"image":{"@id":"https:\/\/comunicacity.net\/cancello-ed-arnone\/2018\/10\/02\/gli-auguri-del-sindaco-ambrosca-per-le-nonne-e-i-nonni-nel-giorno-della-loro-festa\/#primaryimage"},"thumbnailUrl":"https:\/\/comunicacity.net\/cancello-ed-arnone\/wp-content\/uploads\/sites\/28\/2018\/10\/festa-dei-nonni.jpg","articleSection":["Notizie e Informazioni"],"inLanguage":"it-IT"},{"@type":"WebPage","@id":"https:\/\/comunicacity.net\/cancello-ed-arnone\/2018\/10\/02\/gli-auguri-del-sindaco-ambrosca-per-le-nonne-e-i-nonni-nel-giorno-della-loro-festa\/","url":"https:\/\/comunicacity.net\/cancello-ed-arnone\/2018\/10\/02\/gli-auguri-del-sindaco-ambrosca-per-le-nonne-e-i-nonni-nel-giorno-della-loro-festa\/","name":"Gli auguri del sindaco Ambrosca per le nonne e i nonni nel giorno della loro festa. - Cancello ed Arnone","isPartOf":{"@id":"https:\/\/comunicacity.net\/cancello-ed-arnone\/#website"},"primaryImageOfPage":{"@id":"https:\/\/comunicacity.net\/cancello-ed-arnone\/2018\/10\/02\/gli-auguri-del-sindaco-ambrosca-per-le-nonne-e-i-nonni-nel-giorno-della-loro-festa\/#primaryimage"},"image":{"@id":"https:\/\/comunicacity.net\/cancello-ed-arnone\/2018\/10\/02\/gli-auguri-del-sindaco-ambrosca-per-le-nonne-e-i-nonni-nel-giorno-della-loro-festa\/#primaryimage"},"thumbnailUrl":"https:\/\/comunicacity.net\/cancello-ed-arnone\/wp-content\/uploads\/sites\/28\/2018\/10\/festa-dei-nonni.jpg","datePublished":"2018-10-02T13:28:33+00:00","dateModified":"2023-02-02T14:44:36+00:00","author":{"@id":"https:\/\/comunicacity.net\/cancello-ed-arnone\/#\/schema\/person\/eaea9f1aebcbd61eb9878e6232bd2a03"},"breadcrumb":{"@id":"https:\/\/comunicacity.net\/cancello-ed-arnone\/2018\/10\/02\/gli-auguri-del-sindaco-ambrosca-per-le-nonne-e-i-nonni-nel-giorno-della-loro-festa\/#breadcrumb"},"inLanguage":"it-IT","potentialAction":[{"@type":"ReadAction","target":["https:\/\/comunicacity.net\/cancello-ed-arnone\/2018\/10\/02\/gli-auguri-del-sindaco-ambrosca-per-le-nonne-e-i-nonni-nel-giorno-della-loro-festa\/"]}]},{"@type":"ImageObject","inLanguage":"it-IT","@id":"https:\/\/comunicacity.net\/cancello-ed-arnone\/2018\/10\/02\/gli-auguri-del-sindaco-ambrosca-per-le-nonne-e-i-nonni-nel-giorno-della-loro-festa\/#primaryimage","url":"https:\/\/comunicacity.net\/cancello-ed-arnone\/wp-content\/uploads\/sites\/28\/2018\/10\/festa-dei-nonni.jpg","contentUrl":"https:\/\/comunicacity.net\/cancello-ed-arnone\/wp-content\/uploads\/sites\/28\/2018\/10\/festa-dei-nonni.jpg","width":720,"height":401},{"@type":"BreadcrumbList","@id":"https:\/\/comunicacity.net\/cancello-ed-arnone\/2018\/10\/02\/gli-auguri-del-sindaco-ambrosca-per-le-nonne-e-i-nonni-nel-giorno-della-loro-festa\/#breadcrumb","itemListElement":[{"@type":"ListItem","position":1,"name":"Home","item":"https:\/\/comunicacity.net\/cancello-ed-arnone\/"},{"@type":"ListItem","position":2,"name":"Gli auguri del sindaco Ambrosca per le nonne e i nonni nel giorno della loro festa."}]},{"@type":"WebSite","@id":"https:\/\/comunicacity.net\/cancello-ed-arnone\/#website","url":"https:\/\/comunicacity.net\/cancello-ed-arnone\/","name":"Cancello ed Arnone","description":"ComunicaCity","potentialAction":[{"@type":"SearchAction","target":{"@type":"EntryPoint","urlTemplate":"https:\/\/comunicacity.net\/cancello-ed-arnone\/?s={search_term_string}"},"query-input":{"@type":"PropertyValueSpecification","valueRequired":true,"valueName":"search_term_string"}}],"inLanguage":"it-IT"},{"@type":"Person","@id":"https:\/\/comunicacity.net\/cancello-ed-arnone\/#\/schema\/person\/eaea9f1aebcbd61eb9878e6232bd2a03","name":"Admin_E","image":{"@type":"ImageObject","inLanguage":"it-IT","@id":"https:\/\/secure.gravatar.com\/avatar\/1eb418f243a360a5c118e205c4f1d666c009a9fac37301044747eacb4938b467?s=96&d=mm&r=g","url":"https:\/\/secure.gravatar.com\/avatar\/1eb418f243a360a5c118e205c4f1d666c009a9fac37301044747eacb4938b467?s=96&d=mm&r=g","contentUrl":"https:\/\/secure.gravatar.com\/avatar\/1eb418f243a360a5c118e205c4f1d666c009a9fac37301044747eacb4938b467?s=96&d=mm&r=g","caption":"Admin_E"},"url":"https:\/\/comunicacity.net\/cancello-ed-arnone\/author\/oollppcancelloarnone\/"}]}},"meta_box":{"cc4_urg_colore":"","cc4_urg_data_inizio":"","cc4_urg_data_fine":"","cc4_cor_positivi_oggi":"","cc4_cor_negativizzati_oggi":"","cc4_cor_deceduti_oggi":"","cc4_cor_positivi_totali":"","cc4_cor_negativizzati_totali":"","cc4_cor_deceduti_totali":"","cc4_cor_attualmente_positivi":"","cc4_eve_data_inizio":"","cc4_eve_data_fine":"","cc4_eve_indirizzo":"","cc4_eve_posizione":{"latitude":"","longitude":"","zoom":""},"cc4_eve_telefono":"","cc4_eve_email":"","cc4_eve_web":"","cc4_eve_fb":"","sitopa_id":""},"_links":{"self":[{"href":"https:\/\/comunicacity.net\/cancello-ed-arnone\/wp-json\/wp\/v2\/posts\/543","targetHints":{"allow":["GET"]}}],"collection":[{"href":"https:\/\/comunicacity.net\/cancello-ed-arnone\/wp-json\/wp\/v2\/posts"}],"about":[{"href":"https:\/\/comunicacity.net\/cancello-ed-arnone\/wp-json\/wp\/v2\/types\/post"}],"author":[{"embeddable":true,"href":"https:\/\/comunicacity.net\/cancello-ed-arnone\/wp-json\/wp\/v2\/users\/398"}],"replies":[{"embeddable":true,"href":"https:\/\/comunicacity.net\/cancello-ed-arnone\/wp-json\/wp\/v2\/comments?post=543"}],"version-history":[{"count":1,"href":"https:\/\/comunicacity.net\/cancello-ed-arnone\/wp-json\/wp\/v2\/posts\/543\/revisions"}],"predecessor-version":[{"id":545,"href":"https:\/\/comunicacity.net\/cancello-ed-arnone\/wp-json\/wp\/v2\/posts\/543\/revisions\/545"}],"wp:featuredmedia":[{"embeddable":true,"href":"https:\/\/comunicacity.net\/cancello-ed-arnone\/wp-json\/wp\/v2\/media\/544"}],"wp:attachment":[{"href":"https:\/\/comunicacity.net\/cancello-ed-arnone\/wp-json\/wp\/v2\/media?parent=543"}],"wp:term":[{"taxonomy":"category","embeddable":true,"href":"https:\/\/comunicacity.net\/cancello-ed-arnone\/wp-json\/wp\/v2\/categories?post=543"},{"taxonomy":"post_tag","embeddable":true,"href":"https:\/\/comunicacity.net\/cancello-ed-arnone\/wp-json\/wp\/v2\/tags?post=543"}],"curies":[{"name":"wp","href":"https:\/\/api.w.org\/{rel}","templated":true}]}}