{"id":624,"date":"2018-10-18T12:45:24","date_gmt":"2018-10-18T10:45:24","guid":{"rendered":"https:\/\/comunicacity.net\/cancello-ed-arnone\/?p=624"},"modified":"2023-02-02T15:44:32","modified_gmt":"2023-02-02T14:44:32","slug":"stipula-del-protocollo-dintesa-con-li-a-c-p-della-provincia-di-caserta-per-il-piano-di-rateizzo-delle-morosita-pregresse","status":"publish","type":"post","link":"https:\/\/comunicacity.net\/cancello-ed-arnone\/2018\/10\/18\/stipula-del-protocollo-dintesa-con-li-a-c-p-della-provincia-di-caserta-per-il-piano-di-rateizzo-delle-morosita-pregresse\/","title":{"rendered":"Stipula del Protocollo d\u2019Intesa con l\u2019I.A.C.P. della Provincia di Caserta per il piano di rateizzo delle morosit\u00e0 pregresse."},"content":{"rendered":"<div class=\"post-container\">\n<p>Con delibera di giunta n. 102 del 11.10.2018, l\u2019Amministrazione Comunale ha provveduto ad aderire al Protocollo d\u2019Intesa con l\u2019I.A.C.P. della Provincia di Caserta \u2013 Ente Gestore di Alloggi E.R.P.<\/p>\n<p>Tale Protocollo d\u2019Intesa \u00e8 finalizzato a dare attuazione a quanto previsto dalla specifica regolamentazione dell\u2019IACP della Provincia di Caserta in tema di concessione di rateizzi agevolati per il recupero della morosit\u00e0 locativa, nei casi di disagio economico-sociale degli occupanti, non abusivi, degli alloggi dello stesso IACP della Provincia di Caserta, individuati dal Comune.<\/p>\n<p>Il Comune di Cancello ed Arnone e l\u2019IACP della Provincia di Caserta concordano sulla indispensabile funzione sociale svolta dal patrimonio immobiliare dello stesso IACP, che permette di fornire una risposta all\u2019esigenza abitativa dei ceti sociali meno abbienti di Cancello ed Arnone, e che occorre scongiurare l\u2019eventualit\u00e0 che, a causa del crescere dei costi gestionali, tale funzione possa essere compromessa.<\/p>\n<p>L\u2019IACP della Provincia di Caserta, sulla scorta di quanto evidenzier\u00e0 il Comune in relazione agli assegnatari di alloggi IACP versanti in condizioni di disagio economico-sociale, acconsentir\u00e0 a concedere a questi ultimi la possibilit\u00e0 di estinguere la propria morosit\u00e0 (come risultante dagli atti degli Uffici), a condizioni agevolate.<\/p>\n<p>Per le morosit\u00e0 fino ad euro 1.000,00 (mille) il piano di rateizzo ha una durata di 12 mesi; i piani di rateizzo per le morosit\u00e0 superiori ad euro 1.000,00 (mille) hanno una durata massima di 120 mesi. La scelta della durata \u00e8 rimessa al debitore. Le rate hanno scadenza mensile ed \u00e8 ammessa l\u2019estinzione anticipata, anche parziale, del piano di rateizzo. Il mancato pagamento di oltre due rate, anche non consecutive, emesse successivamente alla sottoscrizione del piano di rateizzo, comporta l\u2019automatica revoca del beneficio di rateizzazione, nonch\u00e9 l\u2019avvio o la ripresa delle procedure amministrative\/giudiziarie per il recupero coattivo delle somme e degli immobili.<\/p>\n<p>La procedura da seguire \u00e8 la seguente:<\/p>\n<ul>\n<li>gli utenti interessati dovranno fare richiesta al Comune perch\u00e9 segnali all\u2019Istituto Autonomo le proprie condizioni di disagio economico-sociale, per la concessione del rateizzo alle condizioni agevolate;<\/li>\n<li>il Comune, effettuati gli accertamenti del caso, se accoglie la richiesta, inoltrer\u00e0 all\u2019Istituto Autonomo apposita comunicazione;<\/li>\n<li>l\u2019Istituto Autonomo, ricevuta tale comunicazione, effettuer\u00e0 apposita relativa comunicazione al Comune; la concessione del rateizzo comporter\u00e0 la sospensione delle procedure per la decadenza e\/o lo sgombero.<\/li>\n<\/ul>\n<p>La richiesta di rateizzo da parte dei conduttori dovr\u00e0 avvenire, inderogabilmente, entro il 28.12.2018.<\/p>\n<p>Per altre informazioni, consultare il sito istituzionale del Comune www.comune.cancelloedarnone.ce.it<\/p>\n<\/div>\n","protected":false},"excerpt":{"rendered":"<p>Con delibera di giunta n. 102 del 11.10.2018, l\u2019Amministrazione Comunale ha provveduto ad aderire al Protocollo d\u2019Intesa con l\u2019I.A.C.P. della Provincia di Caserta \u2013 Ente Gestore di Alloggi E.R.P. Tale [&hellip;]<\/p>\n","protected":false},"author":398,"featured_media":414,"comment_status":"closed","ping_status":"closed","sticky":false,"template":"","format":"standard","meta":{"footnotes":""},"categories":[11],"tags":[],"class_list":["post-624","post","type-post","status-publish","format-standard","has-post-thumbnail","hentry","category-notizie-e-informazioni"],"yoast_head":"<!-- This site is optimized with the Yoast SEO plugin v27.4 - https:\/\/yoast.com\/product\/yoast-seo-wordpress\/ -->\n<title>Stipula del Protocollo d\u2019Intesa con l\u2019I.A.C.P. della Provincia di Caserta per il piano di rateizzo delle morosit\u00e0 pregresse. - Cancello ed Arnone<\/title>\n<meta name=\"robots\" content=\"index, follow, max-snippet:-1, max-image-preview:large, max-video-preview:-1\" \/>\n<link rel=\"canonical\" href=\"https:\/\/comunicacity.net\/cancello-ed-arnone\/2018\/10\/18\/stipula-del-protocollo-dintesa-con-li-a-c-p-della-provincia-di-caserta-per-il-piano-di-rateizzo-delle-morosita-pregresse\/\" \/>\n<meta property=\"og:locale\" content=\"it_IT\" \/>\n<meta property=\"og:type\" content=\"article\" \/>\n<meta property=\"og:title\" content=\"Stipula del Protocollo d\u2019Intesa con l\u2019I.A.C.P. della Provincia di Caserta per il piano di rateizzo delle morosit\u00e0 pregresse. - Cancello ed Arnone\" \/>\n<meta property=\"og:description\" content=\"Con delibera di giunta n. 102 del 11.10.2018, l\u2019Amministrazione Comunale ha provveduto ad aderire al Protocollo d\u2019Intesa con l\u2019I.A.C.P. della Provincia di Caserta \u2013 Ente Gestore di Alloggi E.R.P. Tale [&hellip;]\" \/>\n<meta property=\"og:url\" content=\"https:\/\/comunicacity.net\/cancello-ed-arnone\/2018\/10\/18\/stipula-del-protocollo-dintesa-con-li-a-c-p-della-provincia-di-caserta-per-il-piano-di-rateizzo-delle-morosita-pregresse\/\" \/>\n<meta property=\"og:site_name\" content=\"Cancello ed Arnone\" \/>\n<meta property=\"article:publisher\" content=\"http:\/\/facebook.com\/ComunicaCity\" \/>\n<meta property=\"article:published_time\" content=\"2018-10-18T10:45:24+00:00\" \/>\n<meta property=\"article:modified_time\" content=\"2023-02-02T14:44:32+00:00\" \/>\n<meta property=\"og:image\" content=\"https:\/\/comunicacity.net\/cancello-ed-arnone\/wp-content\/uploads\/sites\/28\/2018\/09\/280x200-copia.jpg\" \/>\n\t<meta property=\"og:image:width\" content=\"280\" \/>\n\t<meta property=\"og:image:height\" content=\"200\" \/>\n\t<meta property=\"og:image:type\" content=\"image\/jpeg\" \/>\n<meta name=\"author\" content=\"Admin_E\" \/>\n<meta name=\"twitter:card\" content=\"summary_large_image\" \/>\n<meta name=\"twitter:creator\" content=\"@comunicacity\" \/>\n<meta name=\"twitter:site\" content=\"@comunicacity\" \/>\n<meta name=\"twitter:label1\" content=\"Scritto da\" \/>\n\t<meta name=\"twitter:data1\" content=\"Admin_E\" \/>\n\t<meta name=\"twitter:label2\" content=\"Tempo di lettura stimato\" \/>\n\t<meta name=\"twitter:data2\" content=\"2 minuti\" \/>\n<script type=\"application\/ld+json\" class=\"yoast-schema-graph\">{\"@context\":\"https:\\\/\\\/schema.org\",\"@graph\":[{\"@type\":\"Article\",\"@id\":\"https:\\\/\\\/comunicacity.net\\\/cancello-ed-arnone\\\/2018\\\/10\\\/18\\\/stipula-del-protocollo-dintesa-con-li-a-c-p-della-provincia-di-caserta-per-il-piano-di-rateizzo-delle-morosita-pregresse\\\/#article\",\"isPartOf\":{\"@id\":\"https:\\\/\\\/comunicacity.net\\\/cancello-ed-arnone\\\/2018\\\/10\\\/18\\\/stipula-del-protocollo-dintesa-con-li-a-c-p-della-provincia-di-caserta-per-il-piano-di-rateizzo-delle-morosita-pregresse\\\/\"},\"author\":{\"name\":\"Admin_E\",\"@id\":\"https:\\\/\\\/comunicacity.net\\\/cancello-ed-arnone\\\/#\\\/schema\\\/person\\\/eaea9f1aebcbd61eb9878e6232bd2a03\"},\"headline\":\"Stipula del Protocollo d\u2019Intesa con l\u2019I.A.C.P. della Provincia di Caserta per il piano di rateizzo delle morosit\u00e0 pregresse.\",\"datePublished\":\"2018-10-18T10:45:24+00:00\",\"dateModified\":\"2023-02-02T14:44:32+00:00\",\"mainEntityOfPage\":{\"@id\":\"https:\\\/\\\/comunicacity.net\\\/cancello-ed-arnone\\\/2018\\\/10\\\/18\\\/stipula-del-protocollo-dintesa-con-li-a-c-p-della-provincia-di-caserta-per-il-piano-di-rateizzo-delle-morosita-pregresse\\\/\"},\"wordCount\":427,\"image\":{\"@id\":\"https:\\\/\\\/comunicacity.net\\\/cancello-ed-arnone\\\/2018\\\/10\\\/18\\\/stipula-del-protocollo-dintesa-con-li-a-c-p-della-provincia-di-caserta-per-il-piano-di-rateizzo-delle-morosita-pregresse\\\/#primaryimage\"},\"thumbnailUrl\":\"https:\\\/\\\/comunicacity.net\\\/cancello-ed-arnone\\\/wp-content\\\/uploads\\\/sites\\\/28\\\/2018\\\/09\\\/280x200-copia.jpg\",\"articleSection\":[\"Notizie e Informazioni\"],\"inLanguage\":\"it-IT\"},{\"@type\":\"WebPage\",\"@id\":\"https:\\\/\\\/comunicacity.net\\\/cancello-ed-arnone\\\/2018\\\/10\\\/18\\\/stipula-del-protocollo-dintesa-con-li-a-c-p-della-provincia-di-caserta-per-il-piano-di-rateizzo-delle-morosita-pregresse\\\/\",\"url\":\"https:\\\/\\\/comunicacity.net\\\/cancello-ed-arnone\\\/2018\\\/10\\\/18\\\/stipula-del-protocollo-dintesa-con-li-a-c-p-della-provincia-di-caserta-per-il-piano-di-rateizzo-delle-morosita-pregresse\\\/\",\"name\":\"Stipula del Protocollo d\u2019Intesa con l\u2019I.A.C.P. della Provincia di Caserta per il piano di rateizzo delle morosit\u00e0 pregresse. - Cancello ed Arnone\",\"isPartOf\":{\"@id\":\"https:\\\/\\\/comunicacity.net\\\/cancello-ed-arnone\\\/#website\"},\"primaryImageOfPage\":{\"@id\":\"https:\\\/\\\/comunicacity.net\\\/cancello-ed-arnone\\\/2018\\\/10\\\/18\\\/stipula-del-protocollo-dintesa-con-li-a-c-p-della-provincia-di-caserta-per-il-piano-di-rateizzo-delle-morosita-pregresse\\\/#primaryimage\"},\"image\":{\"@id\":\"https:\\\/\\\/comunicacity.net\\\/cancello-ed-arnone\\\/2018\\\/10\\\/18\\\/stipula-del-protocollo-dintesa-con-li-a-c-p-della-provincia-di-caserta-per-il-piano-di-rateizzo-delle-morosita-pregresse\\\/#primaryimage\"},\"thumbnailUrl\":\"https:\\\/\\\/comunicacity.net\\\/cancello-ed-arnone\\\/wp-content\\\/uploads\\\/sites\\\/28\\\/2018\\\/09\\\/280x200-copia.jpg\",\"datePublished\":\"2018-10-18T10:45:24+00:00\",\"dateModified\":\"2023-02-02T14:44:32+00:00\",\"author\":{\"@id\":\"https:\\\/\\\/comunicacity.net\\\/cancello-ed-arnone\\\/#\\\/schema\\\/person\\\/eaea9f1aebcbd61eb9878e6232bd2a03\"},\"breadcrumb\":{\"@id\":\"https:\\\/\\\/comunicacity.net\\\/cancello-ed-arnone\\\/2018\\\/10\\\/18\\\/stipula-del-protocollo-dintesa-con-li-a-c-p-della-provincia-di-caserta-per-il-piano-di-rateizzo-delle-morosita-pregresse\\\/#breadcrumb\"},\"inLanguage\":\"it-IT\",\"potentialAction\":[{\"@type\":\"ReadAction\",\"target\":[\"https:\\\/\\\/comunicacity.net\\\/cancello-ed-arnone\\\/2018\\\/10\\\/18\\\/stipula-del-protocollo-dintesa-con-li-a-c-p-della-provincia-di-caserta-per-il-piano-di-rateizzo-delle-morosita-pregresse\\\/\"]}]},{\"@type\":\"ImageObject\",\"inLanguage\":\"it-IT\",\"@id\":\"https:\\\/\\\/comunicacity.net\\\/cancello-ed-arnone\\\/2018\\\/10\\\/18\\\/stipula-del-protocollo-dintesa-con-li-a-c-p-della-provincia-di-caserta-per-il-piano-di-rateizzo-delle-morosita-pregresse\\\/#primaryimage\",\"url\":\"https:\\\/\\\/comunicacity.net\\\/cancello-ed-arnone\\\/wp-content\\\/uploads\\\/sites\\\/28\\\/2018\\\/09\\\/280x200-copia.jpg\",\"contentUrl\":\"https:\\\/\\\/comunicacity.net\\\/cancello-ed-arnone\\\/wp-content\\\/uploads\\\/sites\\\/28\\\/2018\\\/09\\\/280x200-copia.jpg\",\"width\":280,\"height\":200},{\"@type\":\"BreadcrumbList\",\"@id\":\"https:\\\/\\\/comunicacity.net\\\/cancello-ed-arnone\\\/2018\\\/10\\\/18\\\/stipula-del-protocollo-dintesa-con-li-a-c-p-della-provincia-di-caserta-per-il-piano-di-rateizzo-delle-morosita-pregresse\\\/#breadcrumb\",\"itemListElement\":[{\"@type\":\"ListItem\",\"position\":1,\"name\":\"Home\",\"item\":\"https:\\\/\\\/comunicacity.net\\\/cancello-ed-arnone\\\/\"},{\"@type\":\"ListItem\",\"position\":2,\"name\":\"Stipula del Protocollo d\u2019Intesa con l\u2019I.A.C.P. della Provincia di Caserta per il piano di rateizzo delle morosit\u00e0 pregresse.\"}]},{\"@type\":\"WebSite\",\"@id\":\"https:\\\/\\\/comunicacity.net\\\/cancello-ed-arnone\\\/#website\",\"url\":\"https:\\\/\\\/comunicacity.net\\\/cancello-ed-arnone\\\/\",\"name\":\"Cancello ed Arnone\",\"description\":\"ComunicaCity\",\"potentialAction\":[{\"@type\":\"SearchAction\",\"target\":{\"@type\":\"EntryPoint\",\"urlTemplate\":\"https:\\\/\\\/comunicacity.net\\\/cancello-ed-arnone\\\/?s={search_term_string}\"},\"query-input\":{\"@type\":\"PropertyValueSpecification\",\"valueRequired\":true,\"valueName\":\"search_term_string\"}}],\"inLanguage\":\"it-IT\"},{\"@type\":\"Person\",\"@id\":\"https:\\\/\\\/comunicacity.net\\\/cancello-ed-arnone\\\/#\\\/schema\\\/person\\\/eaea9f1aebcbd61eb9878e6232bd2a03\",\"name\":\"Admin_E\",\"image\":{\"@type\":\"ImageObject\",\"inLanguage\":\"it-IT\",\"@id\":\"https:\\\/\\\/secure.gravatar.com\\\/avatar\\\/1eb418f243a360a5c118e205c4f1d666c009a9fac37301044747eacb4938b467?s=96&d=mm&r=g\",\"url\":\"https:\\\/\\\/secure.gravatar.com\\\/avatar\\\/1eb418f243a360a5c118e205c4f1d666c009a9fac37301044747eacb4938b467?s=96&d=mm&r=g\",\"contentUrl\":\"https:\\\/\\\/secure.gravatar.com\\\/avatar\\\/1eb418f243a360a5c118e205c4f1d666c009a9fac37301044747eacb4938b467?s=96&d=mm&r=g\",\"caption\":\"Admin_E\"},\"url\":\"https:\\\/\\\/comunicacity.net\\\/cancello-ed-arnone\\\/author\\\/oollppcancelloarnone\\\/\"}]}<\/script>\n<!-- \/ Yoast SEO plugin. -->","yoast_head_json":{"title":"Stipula del Protocollo d\u2019Intesa con l\u2019I.A.C.P. della Provincia di Caserta per il piano di rateizzo delle morosit\u00e0 pregresse. - Cancello ed Arnone","robots":{"index":"index","follow":"follow","max-snippet":"max-snippet:-1","max-image-preview":"max-image-preview:large","max-video-preview":"max-video-preview:-1"},"canonical":"https:\/\/comunicacity.net\/cancello-ed-arnone\/2018\/10\/18\/stipula-del-protocollo-dintesa-con-li-a-c-p-della-provincia-di-caserta-per-il-piano-di-rateizzo-delle-morosita-pregresse\/","og_locale":"it_IT","og_type":"article","og_title":"Stipula del Protocollo d\u2019Intesa con l\u2019I.A.C.P. della Provincia di Caserta per il piano di rateizzo delle morosit\u00e0 pregresse. - Cancello ed Arnone","og_description":"Con delibera di giunta n. 102 del 11.10.2018, l\u2019Amministrazione Comunale ha provveduto ad aderire al Protocollo d\u2019Intesa con l\u2019I.A.C.P. della Provincia di Caserta \u2013 Ente Gestore di Alloggi E.R.P. Tale [&hellip;]","og_url":"https:\/\/comunicacity.net\/cancello-ed-arnone\/2018\/10\/18\/stipula-del-protocollo-dintesa-con-li-a-c-p-della-provincia-di-caserta-per-il-piano-di-rateizzo-delle-morosita-pregresse\/","og_site_name":"Cancello ed Arnone","article_publisher":"http:\/\/facebook.com\/ComunicaCity","article_published_time":"2018-10-18T10:45:24+00:00","article_modified_time":"2023-02-02T14:44:32+00:00","og_image":[{"width":280,"height":200,"url":"https:\/\/comunicacity.net\/cancello-ed-arnone\/wp-content\/uploads\/sites\/28\/2018\/09\/280x200-copia.jpg","type":"image\/jpeg"}],"author":"Admin_E","twitter_card":"summary_large_image","twitter_creator":"@comunicacity","twitter_site":"@comunicacity","twitter_misc":{"Scritto da":"Admin_E","Tempo di lettura stimato":"2 minuti"},"schema":{"@context":"https:\/\/schema.org","@graph":[{"@type":"Article","@id":"https:\/\/comunicacity.net\/cancello-ed-arnone\/2018\/10\/18\/stipula-del-protocollo-dintesa-con-li-a-c-p-della-provincia-di-caserta-per-il-piano-di-rateizzo-delle-morosita-pregresse\/#article","isPartOf":{"@id":"https:\/\/comunicacity.net\/cancello-ed-arnone\/2018\/10\/18\/stipula-del-protocollo-dintesa-con-li-a-c-p-della-provincia-di-caserta-per-il-piano-di-rateizzo-delle-morosita-pregresse\/"},"author":{"name":"Admin_E","@id":"https:\/\/comunicacity.net\/cancello-ed-arnone\/#\/schema\/person\/eaea9f1aebcbd61eb9878e6232bd2a03"},"headline":"Stipula del Protocollo d\u2019Intesa con l\u2019I.A.C.P. della Provincia di Caserta per il piano di rateizzo delle morosit\u00e0 pregresse.","datePublished":"2018-10-18T10:45:24+00:00","dateModified":"2023-02-02T14:44:32+00:00","mainEntityOfPage":{"@id":"https:\/\/comunicacity.net\/cancello-ed-arnone\/2018\/10\/18\/stipula-del-protocollo-dintesa-con-li-a-c-p-della-provincia-di-caserta-per-il-piano-di-rateizzo-delle-morosita-pregresse\/"},"wordCount":427,"image":{"@id":"https:\/\/comunicacity.net\/cancello-ed-arnone\/2018\/10\/18\/stipula-del-protocollo-dintesa-con-li-a-c-p-della-provincia-di-caserta-per-il-piano-di-rateizzo-delle-morosita-pregresse\/#primaryimage"},"thumbnailUrl":"https:\/\/comunicacity.net\/cancello-ed-arnone\/wp-content\/uploads\/sites\/28\/2018\/09\/280x200-copia.jpg","articleSection":["Notizie e Informazioni"],"inLanguage":"it-IT"},{"@type":"WebPage","@id":"https:\/\/comunicacity.net\/cancello-ed-arnone\/2018\/10\/18\/stipula-del-protocollo-dintesa-con-li-a-c-p-della-provincia-di-caserta-per-il-piano-di-rateizzo-delle-morosita-pregresse\/","url":"https:\/\/comunicacity.net\/cancello-ed-arnone\/2018\/10\/18\/stipula-del-protocollo-dintesa-con-li-a-c-p-della-provincia-di-caserta-per-il-piano-di-rateizzo-delle-morosita-pregresse\/","name":"Stipula del Protocollo d\u2019Intesa con l\u2019I.A.C.P. della Provincia di Caserta per il piano di rateizzo delle morosit\u00e0 pregresse. - Cancello ed Arnone","isPartOf":{"@id":"https:\/\/comunicacity.net\/cancello-ed-arnone\/#website"},"primaryImageOfPage":{"@id":"https:\/\/comunicacity.net\/cancello-ed-arnone\/2018\/10\/18\/stipula-del-protocollo-dintesa-con-li-a-c-p-della-provincia-di-caserta-per-il-piano-di-rateizzo-delle-morosita-pregresse\/#primaryimage"},"image":{"@id":"https:\/\/comunicacity.net\/cancello-ed-arnone\/2018\/10\/18\/stipula-del-protocollo-dintesa-con-li-a-c-p-della-provincia-di-caserta-per-il-piano-di-rateizzo-delle-morosita-pregresse\/#primaryimage"},"thumbnailUrl":"https:\/\/comunicacity.net\/cancello-ed-arnone\/wp-content\/uploads\/sites\/28\/2018\/09\/280x200-copia.jpg","datePublished":"2018-10-18T10:45:24+00:00","dateModified":"2023-02-02T14:44:32+00:00","author":{"@id":"https:\/\/comunicacity.net\/cancello-ed-arnone\/#\/schema\/person\/eaea9f1aebcbd61eb9878e6232bd2a03"},"breadcrumb":{"@id":"https:\/\/comunicacity.net\/cancello-ed-arnone\/2018\/10\/18\/stipula-del-protocollo-dintesa-con-li-a-c-p-della-provincia-di-caserta-per-il-piano-di-rateizzo-delle-morosita-pregresse\/#breadcrumb"},"inLanguage":"it-IT","potentialAction":[{"@type":"ReadAction","target":["https:\/\/comunicacity.net\/cancello-ed-arnone\/2018\/10\/18\/stipula-del-protocollo-dintesa-con-li-a-c-p-della-provincia-di-caserta-per-il-piano-di-rateizzo-delle-morosita-pregresse\/"]}]},{"@type":"ImageObject","inLanguage":"it-IT","@id":"https:\/\/comunicacity.net\/cancello-ed-arnone\/2018\/10\/18\/stipula-del-protocollo-dintesa-con-li-a-c-p-della-provincia-di-caserta-per-il-piano-di-rateizzo-delle-morosita-pregresse\/#primaryimage","url":"https:\/\/comunicacity.net\/cancello-ed-arnone\/wp-content\/uploads\/sites\/28\/2018\/09\/280x200-copia.jpg","contentUrl":"https:\/\/comunicacity.net\/cancello-ed-arnone\/wp-content\/uploads\/sites\/28\/2018\/09\/280x200-copia.jpg","width":280,"height":200},{"@type":"BreadcrumbList","@id":"https:\/\/comunicacity.net\/cancello-ed-arnone\/2018\/10\/18\/stipula-del-protocollo-dintesa-con-li-a-c-p-della-provincia-di-caserta-per-il-piano-di-rateizzo-delle-morosita-pregresse\/#breadcrumb","itemListElement":[{"@type":"ListItem","position":1,"name":"Home","item":"https:\/\/comunicacity.net\/cancello-ed-arnone\/"},{"@type":"ListItem","position":2,"name":"Stipula del Protocollo d\u2019Intesa con l\u2019I.A.C.P. della Provincia di Caserta per il piano di rateizzo delle morosit\u00e0 pregresse."}]},{"@type":"WebSite","@id":"https:\/\/comunicacity.net\/cancello-ed-arnone\/#website","url":"https:\/\/comunicacity.net\/cancello-ed-arnone\/","name":"Cancello ed Arnone","description":"ComunicaCity","potentialAction":[{"@type":"SearchAction","target":{"@type":"EntryPoint","urlTemplate":"https:\/\/comunicacity.net\/cancello-ed-arnone\/?s={search_term_string}"},"query-input":{"@type":"PropertyValueSpecification","valueRequired":true,"valueName":"search_term_string"}}],"inLanguage":"it-IT"},{"@type":"Person","@id":"https:\/\/comunicacity.net\/cancello-ed-arnone\/#\/schema\/person\/eaea9f1aebcbd61eb9878e6232bd2a03","name":"Admin_E","image":{"@type":"ImageObject","inLanguage":"it-IT","@id":"https:\/\/secure.gravatar.com\/avatar\/1eb418f243a360a5c118e205c4f1d666c009a9fac37301044747eacb4938b467?s=96&d=mm&r=g","url":"https:\/\/secure.gravatar.com\/avatar\/1eb418f243a360a5c118e205c4f1d666c009a9fac37301044747eacb4938b467?s=96&d=mm&r=g","contentUrl":"https:\/\/secure.gravatar.com\/avatar\/1eb418f243a360a5c118e205c4f1d666c009a9fac37301044747eacb4938b467?s=96&d=mm&r=g","caption":"Admin_E"},"url":"https:\/\/comunicacity.net\/cancello-ed-arnone\/author\/oollppcancelloarnone\/"}]}},"meta_box":{"cc4_urg_colore":"","cc4_urg_data_inizio":"","cc4_urg_data_fine":"","cc4_cor_positivi_oggi":"","cc4_cor_negativizzati_oggi":"","cc4_cor_deceduti_oggi":"","cc4_cor_positivi_totali":"","cc4_cor_negativizzati_totali":"","cc4_cor_deceduti_totali":"","cc4_cor_attualmente_positivi":"","cc4_eve_data_inizio":"","cc4_eve_data_fine":"","cc4_eve_indirizzo":"","cc4_eve_posizione":{"latitude":"","longitude":"","zoom":""},"cc4_eve_telefono":"","cc4_eve_email":"","cc4_eve_web":"","cc4_eve_fb":"","sitopa_id":""},"_links":{"self":[{"href":"https:\/\/comunicacity.net\/cancello-ed-arnone\/wp-json\/wp\/v2\/posts\/624","targetHints":{"allow":["GET"]}}],"collection":[{"href":"https:\/\/comunicacity.net\/cancello-ed-arnone\/wp-json\/wp\/v2\/posts"}],"about":[{"href":"https:\/\/comunicacity.net\/cancello-ed-arnone\/wp-json\/wp\/v2\/types\/post"}],"author":[{"embeddable":true,"href":"https:\/\/comunicacity.net\/cancello-ed-arnone\/wp-json\/wp\/v2\/users\/398"}],"replies":[{"embeddable":true,"href":"https:\/\/comunicacity.net\/cancello-ed-arnone\/wp-json\/wp\/v2\/comments?post=624"}],"version-history":[{"count":1,"href":"https:\/\/comunicacity.net\/cancello-ed-arnone\/wp-json\/wp\/v2\/posts\/624\/revisions"}],"predecessor-version":[{"id":625,"href":"https:\/\/comunicacity.net\/cancello-ed-arnone\/wp-json\/wp\/v2\/posts\/624\/revisions\/625"}],"wp:featuredmedia":[{"embeddable":true,"href":"https:\/\/comunicacity.net\/cancello-ed-arnone\/wp-json\/wp\/v2\/media\/414"}],"wp:attachment":[{"href":"https:\/\/comunicacity.net\/cancello-ed-arnone\/wp-json\/wp\/v2\/media?parent=624"}],"wp:term":[{"taxonomy":"category","embeddable":true,"href":"https:\/\/comunicacity.net\/cancello-ed-arnone\/wp-json\/wp\/v2\/categories?post=624"},{"taxonomy":"post_tag","embeddable":true,"href":"https:\/\/comunicacity.net\/cancello-ed-arnone\/wp-json\/wp\/v2\/tags?post=624"}],"curies":[{"name":"wp","href":"https:\/\/api.w.org\/{rel}","templated":true}]}}