{"id":635,"date":"2018-10-23T10:57:14","date_gmt":"2018-10-23T08:57:14","guid":{"rendered":"https:\/\/comunicacity.net\/cancello-ed-arnone\/?p=635"},"modified":"2023-02-02T15:44:31","modified_gmt":"2023-02-02T14:44:31","slug":"ieri-il-consiglio-comunale","status":"publish","type":"post","link":"https:\/\/comunicacity.net\/cancello-ed-arnone\/2018\/10\/23\/ieri-il-consiglio-comunale\/","title":{"rendered":"Ieri il Consiglio Comunale"},"content":{"rendered":"<p>Dopo l\u2019approvazione dei verbali della seduta precedente, la Presidentessa del Consiglio Comunale Ersilia Viola apre la seduta pubblica del civico consesso con la lettura dei punti all\u2019ordine del giorno:<br \/>\n1) Approvazione verbali seduta precedente;<br \/>\n2) Linee programmatiche di mandato \u2013 Approvazione;<br \/>\n3) Ratifica della delibera di giunta comunale n. 89 del 20.09.2018 ad oggetto: Variazione d\u2019urgenza al Bilancio previsione finanziaria 2018\/2020 (art. 175, comma 4 del D. Lgs. N. 267\/2000) \u2013 Variazione N. 4;<br \/>\n4) Approvazione Regolamento per la toponomastica e la numerazione;<br \/>\n5) Approvazione Regolamento comunale di organizzazione e di accesso al servizio di mensa scolastica. Delibera di Giunta Comunale N. 99 del 11.10.2018 presa d\u2019atto e Approvazione.<br \/>\nPer quanto riguarda le linee programmatiche di mandato \u00e8 la dott.ssa Parente, vicepresidentessa del consiglio comunale, a prendere la parola. \u201cSono state tracciate le linee programmatiche del mandato amministrativo 2018\/2023 dell\u2019amministrazione comunale, cos\u00ec suddivise: informazione e partecipazione, politiche giovanili, anziani, donne, politiche ambientali, urbanistica e infrastrutture, formazione \u2013 sviluppo e occupazione, sanit\u00e0, istruzione, tasse e tributi, politiche sociali, cultura e spettacolo, sicurezza e territorio, randagismo. Sar\u00e0 un mandato all\u2019insegna della trasparenza e dell\u2019ascolto delle esigenze dei cittadini; massima attenzione ai problemi quotidiani e ampio respiro all\u2019azione amministrativa. La macchina amministrativa si sta muovendo e si muover\u00e0 a 360^\u201d.<br \/>\nSempre la dott.ssa Parente poi relaziona il punto riguardante l\u2019Approvazione del Regolamento della toponomastica e la numerazione civica. \u201cI procedimenti di denominazione delle aree di circolazione e dell\u2019indicazione della numerazione civica delle abitazioni presenti nel territorio comunale, devono essere opportunamente disciplinate attraverso un apposito regolamento al fine di evitare fraintendimenti o comunque possibili equivoci, ma anche al fine di rendere la nostra toponomastica pi\u00f9 omogenea in quanto non esiste nel nostro territorio un aggregato compatto. Il Regolamento \u00e8 composto da 18 articoli che disciplinano le modalit\u00e0 per l\u2019attribuzione della toponomastica e della numerazione civica. L\u2019obiettivo \u00e8 quello, ove possibile, di rivisitare in chiave locale la toponomastica del territorio comunale, anche con nomi illustri della nostra cultura o con nomi che rimandano alla storia di quel posto; questo per dare anche un senso dell\u2019orientamento alla persona che si trova nel nostro territorio. Gli atti deliberativi della denominazione saranno di competenza della Giunta su proposta della Commissione consultiva o commissione di studio, che avr\u00e0 il compito di esaminare ed esprimere dei pareri motivati su tutte le proposte di nuova denominazione o di modifica di denominazione esistente. Questa commissione sar\u00e0 composta dal sindaco o da un suo delegato, dall\u2019assessore alla cultura, da un consigliere comunale con funzione di presidente e da 10 componenti esterni che saranno cultori della storia e della cultura locale. L\u2019Ente pubblicher\u00e0 un avviso per accogliere le richieste di adesione e, nel caso in cui queste saranno un numero maggiore di 10, la giunta provveder\u00e0 ad esaminare le istanze sulla base di requisiti quali l\u2019et\u00e0 e i titoli posseduti\u201d.<br \/>\nLa dott.ssa Viola ha poi illustrato il punto riguardante la Ratifica della delibera di Giunta Comunale N. 89 del 20.09.2018 avente ad oggetto \u201cVariazione d\u2019urgenza al bilancio di previsione finanziario 2018\/2020 (art. 175 comma 4 del D. Lgs. N. 267\/2000) \u2013 Variazione N. 4. A tal proposito a dichiarato: \u201cIn data 20.09.2018, la Giunta Comunale con deliberazione N. 89 ha apportato al bilancio di previsione finanziario 2018\/2020, Variazione di competenza e di cassa, ai sensi dell\u2019art. 175 del D. Lgs. N. 267\/2000. Tale Variazione si \u00e8 resa necessaria perch\u00e8 i documenti programmatici adottati dalla precedente amministrazione non rispondevano alle reali esigenze di gestione ed alle linee programmatiche dell\u2019attuale amministrazione. Tra le variazioni pi\u00f9 significative vi sono stanziamenti per allestire una stalla di sosta per i cani randagi, maggiori fondi per la Protezione Civile, acquisti di libri per la scuola media, ecc. Il revisore dei conti, il dott. Adamo Farinaro, in data 17\/10\/2018 ha espresso parere favorevole alla suddetta deliberazione della Giunta Comunale\u201d.<br \/>\nPer quanto riguarda l\u2019ultimo punto, Approvazione Regolamento Comunale di organizzazione di accesso al servizio di mensa scolastica \u2013 Delibera di Giunta Comunale n. 99 del 11.10.2018 presa d\u2019atto e Approvazione, \u00e8 l\u2019assessore Di Puorto, assessore alla Pubblica Istruzione, a prendere la parola: \u201cLa mensa scolastica \u00e8 un\u2019esperienza fondamentale per la crescita dei bambini; condividere il pasto rappresenta un momento di socializzazione oltre che uno strumento indispensabile per l\u2019educazione alimentare. Il men\u00f9, infatti, viene rilasciato da medici esperti dell\u2019ASL per garantire una promozione di sani stili di vita. A seguito di una serie di segnalazioni circa episodi di autoesclusione di bambini dalla mensa e a causa delle difficolt\u00e0 economiche delle famiglie, abbiamo deciso di integrare il \u201cRegolamento di organizzazione e di accesso al servizio di mensa scolastica\u201d ritenendo fondamentale che l\u2019accesso alla mensa sia garantita a tutti i bambini, assicurandone la gratuit\u00e0 per le fasce pi\u00f9 indigenti. Le condizioni di disagio dovranno essere documentate con apposito modello ISEE e con una relazione dell\u2019Assistente sociale. L\u2019Ente compartecipa al costo del servizio nella misura del 20%\u201d.<\/p>\n","protected":false},"excerpt":{"rendered":"<p>Dopo l\u2019approvazione dei verbali della seduta precedente, la Presidentessa del Consiglio Comunale Ersilia Viola apre la seduta pubblica del civico consesso con la lettura dei punti all\u2019ordine del giorno: 1) [&hellip;]<\/p>\n","protected":false},"author":398,"featured_media":414,"comment_status":"closed","ping_status":"closed","sticky":false,"template":"","format":"standard","meta":{"footnotes":""},"categories":[11],"tags":[],"class_list":["post-635","post","type-post","status-publish","format-standard","has-post-thumbnail","hentry","category-notizie-e-informazioni"],"yoast_head":"<!-- This site is optimized with the Yoast SEO plugin v27.4 - https:\/\/yoast.com\/product\/yoast-seo-wordpress\/ -->\n<title>Ieri il Consiglio Comunale - Cancello ed Arnone<\/title>\n<meta name=\"robots\" content=\"index, follow, max-snippet:-1, max-image-preview:large, max-video-preview:-1\" \/>\n<link rel=\"canonical\" href=\"https:\/\/comunicacity.net\/cancello-ed-arnone\/2018\/10\/23\/ieri-il-consiglio-comunale\/\" \/>\n<meta property=\"og:locale\" content=\"it_IT\" \/>\n<meta property=\"og:type\" content=\"article\" \/>\n<meta property=\"og:title\" content=\"Ieri il Consiglio Comunale - Cancello ed Arnone\" \/>\n<meta property=\"og:description\" content=\"Dopo l\u2019approvazione dei verbali della seduta precedente, la Presidentessa del Consiglio Comunale Ersilia Viola apre la seduta pubblica del civico consesso con la lettura dei punti all\u2019ordine del giorno: 1) [&hellip;]\" \/>\n<meta property=\"og:url\" content=\"https:\/\/comunicacity.net\/cancello-ed-arnone\/2018\/10\/23\/ieri-il-consiglio-comunale\/\" \/>\n<meta property=\"og:site_name\" content=\"Cancello ed Arnone\" \/>\n<meta property=\"article:publisher\" content=\"http:\/\/facebook.com\/ComunicaCity\" \/>\n<meta property=\"article:published_time\" content=\"2018-10-23T08:57:14+00:00\" \/>\n<meta property=\"article:modified_time\" content=\"2023-02-02T14:44:31+00:00\" \/>\n<meta property=\"og:image\" content=\"https:\/\/comunicacity.net\/cancello-ed-arnone\/wp-content\/uploads\/sites\/28\/2018\/09\/280x200-copia.jpg\" \/>\n\t<meta property=\"og:image:width\" content=\"280\" \/>\n\t<meta property=\"og:image:height\" content=\"200\" \/>\n\t<meta property=\"og:image:type\" content=\"image\/jpeg\" \/>\n<meta name=\"author\" content=\"Admin_E\" \/>\n<meta name=\"twitter:card\" content=\"summary_large_image\" \/>\n<meta name=\"twitter:creator\" content=\"@comunicacity\" \/>\n<meta name=\"twitter:site\" content=\"@comunicacity\" \/>\n<meta name=\"twitter:label1\" content=\"Scritto da\" \/>\n\t<meta name=\"twitter:data1\" content=\"Admin_E\" \/>\n\t<meta name=\"twitter:label2\" content=\"Tempo di lettura stimato\" \/>\n\t<meta name=\"twitter:data2\" content=\"4 minuti\" \/>\n<script type=\"application\/ld+json\" class=\"yoast-schema-graph\">{\"@context\":\"https:\\\/\\\/schema.org\",\"@graph\":[{\"@type\":\"Article\",\"@id\":\"https:\\\/\\\/comunicacity.net\\\/cancello-ed-arnone\\\/2018\\\/10\\\/23\\\/ieri-il-consiglio-comunale\\\/#article\",\"isPartOf\":{\"@id\":\"https:\\\/\\\/comunicacity.net\\\/cancello-ed-arnone\\\/2018\\\/10\\\/23\\\/ieri-il-consiglio-comunale\\\/\"},\"author\":{\"name\":\"Admin_E\",\"@id\":\"https:\\\/\\\/comunicacity.net\\\/cancello-ed-arnone\\\/#\\\/schema\\\/person\\\/eaea9f1aebcbd61eb9878e6232bd2a03\"},\"headline\":\"Ieri il Consiglio Comunale\",\"datePublished\":\"2018-10-23T08:57:14+00:00\",\"dateModified\":\"2023-02-02T14:44:31+00:00\",\"mainEntityOfPage\":{\"@id\":\"https:\\\/\\\/comunicacity.net\\\/cancello-ed-arnone\\\/2018\\\/10\\\/23\\\/ieri-il-consiglio-comunale\\\/\"},\"wordCount\":790,\"image\":{\"@id\":\"https:\\\/\\\/comunicacity.net\\\/cancello-ed-arnone\\\/2018\\\/10\\\/23\\\/ieri-il-consiglio-comunale\\\/#primaryimage\"},\"thumbnailUrl\":\"https:\\\/\\\/comunicacity.net\\\/cancello-ed-arnone\\\/wp-content\\\/uploads\\\/sites\\\/28\\\/2018\\\/09\\\/280x200-copia.jpg\",\"articleSection\":[\"Notizie e Informazioni\"],\"inLanguage\":\"it-IT\"},{\"@type\":\"WebPage\",\"@id\":\"https:\\\/\\\/comunicacity.net\\\/cancello-ed-arnone\\\/2018\\\/10\\\/23\\\/ieri-il-consiglio-comunale\\\/\",\"url\":\"https:\\\/\\\/comunicacity.net\\\/cancello-ed-arnone\\\/2018\\\/10\\\/23\\\/ieri-il-consiglio-comunale\\\/\",\"name\":\"Ieri il Consiglio Comunale - Cancello ed Arnone\",\"isPartOf\":{\"@id\":\"https:\\\/\\\/comunicacity.net\\\/cancello-ed-arnone\\\/#website\"},\"primaryImageOfPage\":{\"@id\":\"https:\\\/\\\/comunicacity.net\\\/cancello-ed-arnone\\\/2018\\\/10\\\/23\\\/ieri-il-consiglio-comunale\\\/#primaryimage\"},\"image\":{\"@id\":\"https:\\\/\\\/comunicacity.net\\\/cancello-ed-arnone\\\/2018\\\/10\\\/23\\\/ieri-il-consiglio-comunale\\\/#primaryimage\"},\"thumbnailUrl\":\"https:\\\/\\\/comunicacity.net\\\/cancello-ed-arnone\\\/wp-content\\\/uploads\\\/sites\\\/28\\\/2018\\\/09\\\/280x200-copia.jpg\",\"datePublished\":\"2018-10-23T08:57:14+00:00\",\"dateModified\":\"2023-02-02T14:44:31+00:00\",\"author\":{\"@id\":\"https:\\\/\\\/comunicacity.net\\\/cancello-ed-arnone\\\/#\\\/schema\\\/person\\\/eaea9f1aebcbd61eb9878e6232bd2a03\"},\"breadcrumb\":{\"@id\":\"https:\\\/\\\/comunicacity.net\\\/cancello-ed-arnone\\\/2018\\\/10\\\/23\\\/ieri-il-consiglio-comunale\\\/#breadcrumb\"},\"inLanguage\":\"it-IT\",\"potentialAction\":[{\"@type\":\"ReadAction\",\"target\":[\"https:\\\/\\\/comunicacity.net\\\/cancello-ed-arnone\\\/2018\\\/10\\\/23\\\/ieri-il-consiglio-comunale\\\/\"]}]},{\"@type\":\"ImageObject\",\"inLanguage\":\"it-IT\",\"@id\":\"https:\\\/\\\/comunicacity.net\\\/cancello-ed-arnone\\\/2018\\\/10\\\/23\\\/ieri-il-consiglio-comunale\\\/#primaryimage\",\"url\":\"https:\\\/\\\/comunicacity.net\\\/cancello-ed-arnone\\\/wp-content\\\/uploads\\\/sites\\\/28\\\/2018\\\/09\\\/280x200-copia.jpg\",\"contentUrl\":\"https:\\\/\\\/comunicacity.net\\\/cancello-ed-arnone\\\/wp-content\\\/uploads\\\/sites\\\/28\\\/2018\\\/09\\\/280x200-copia.jpg\",\"width\":280,\"height\":200},{\"@type\":\"BreadcrumbList\",\"@id\":\"https:\\\/\\\/comunicacity.net\\\/cancello-ed-arnone\\\/2018\\\/10\\\/23\\\/ieri-il-consiglio-comunale\\\/#breadcrumb\",\"itemListElement\":[{\"@type\":\"ListItem\",\"position\":1,\"name\":\"Home\",\"item\":\"https:\\\/\\\/comunicacity.net\\\/cancello-ed-arnone\\\/\"},{\"@type\":\"ListItem\",\"position\":2,\"name\":\"Ieri il Consiglio Comunale\"}]},{\"@type\":\"WebSite\",\"@id\":\"https:\\\/\\\/comunicacity.net\\\/cancello-ed-arnone\\\/#website\",\"url\":\"https:\\\/\\\/comunicacity.net\\\/cancello-ed-arnone\\\/\",\"name\":\"Cancello ed Arnone\",\"description\":\"ComunicaCity\",\"potentialAction\":[{\"@type\":\"SearchAction\",\"target\":{\"@type\":\"EntryPoint\",\"urlTemplate\":\"https:\\\/\\\/comunicacity.net\\\/cancello-ed-arnone\\\/?s={search_term_string}\"},\"query-input\":{\"@type\":\"PropertyValueSpecification\",\"valueRequired\":true,\"valueName\":\"search_term_string\"}}],\"inLanguage\":\"it-IT\"},{\"@type\":\"Person\",\"@id\":\"https:\\\/\\\/comunicacity.net\\\/cancello-ed-arnone\\\/#\\\/schema\\\/person\\\/eaea9f1aebcbd61eb9878e6232bd2a03\",\"name\":\"Admin_E\",\"image\":{\"@type\":\"ImageObject\",\"inLanguage\":\"it-IT\",\"@id\":\"https:\\\/\\\/secure.gravatar.com\\\/avatar\\\/1eb418f243a360a5c118e205c4f1d666c009a9fac37301044747eacb4938b467?s=96&d=mm&r=g\",\"url\":\"https:\\\/\\\/secure.gravatar.com\\\/avatar\\\/1eb418f243a360a5c118e205c4f1d666c009a9fac37301044747eacb4938b467?s=96&d=mm&r=g\",\"contentUrl\":\"https:\\\/\\\/secure.gravatar.com\\\/avatar\\\/1eb418f243a360a5c118e205c4f1d666c009a9fac37301044747eacb4938b467?s=96&d=mm&r=g\",\"caption\":\"Admin_E\"},\"url\":\"https:\\\/\\\/comunicacity.net\\\/cancello-ed-arnone\\\/author\\\/oollppcancelloarnone\\\/\"}]}<\/script>\n<!-- \/ Yoast SEO plugin. -->","yoast_head_json":{"title":"Ieri il Consiglio Comunale - Cancello ed Arnone","robots":{"index":"index","follow":"follow","max-snippet":"max-snippet:-1","max-image-preview":"max-image-preview:large","max-video-preview":"max-video-preview:-1"},"canonical":"https:\/\/comunicacity.net\/cancello-ed-arnone\/2018\/10\/23\/ieri-il-consiglio-comunale\/","og_locale":"it_IT","og_type":"article","og_title":"Ieri il Consiglio Comunale - Cancello ed Arnone","og_description":"Dopo l\u2019approvazione dei verbali della seduta precedente, la Presidentessa del Consiglio Comunale Ersilia Viola apre la seduta pubblica del civico consesso con la lettura dei punti all\u2019ordine del giorno: 1) [&hellip;]","og_url":"https:\/\/comunicacity.net\/cancello-ed-arnone\/2018\/10\/23\/ieri-il-consiglio-comunale\/","og_site_name":"Cancello ed Arnone","article_publisher":"http:\/\/facebook.com\/ComunicaCity","article_published_time":"2018-10-23T08:57:14+00:00","article_modified_time":"2023-02-02T14:44:31+00:00","og_image":[{"width":280,"height":200,"url":"https:\/\/comunicacity.net\/cancello-ed-arnone\/wp-content\/uploads\/sites\/28\/2018\/09\/280x200-copia.jpg","type":"image\/jpeg"}],"author":"Admin_E","twitter_card":"summary_large_image","twitter_creator":"@comunicacity","twitter_site":"@comunicacity","twitter_misc":{"Scritto da":"Admin_E","Tempo di lettura stimato":"4 minuti"},"schema":{"@context":"https:\/\/schema.org","@graph":[{"@type":"Article","@id":"https:\/\/comunicacity.net\/cancello-ed-arnone\/2018\/10\/23\/ieri-il-consiglio-comunale\/#article","isPartOf":{"@id":"https:\/\/comunicacity.net\/cancello-ed-arnone\/2018\/10\/23\/ieri-il-consiglio-comunale\/"},"author":{"name":"Admin_E","@id":"https:\/\/comunicacity.net\/cancello-ed-arnone\/#\/schema\/person\/eaea9f1aebcbd61eb9878e6232bd2a03"},"headline":"Ieri il Consiglio Comunale","datePublished":"2018-10-23T08:57:14+00:00","dateModified":"2023-02-02T14:44:31+00:00","mainEntityOfPage":{"@id":"https:\/\/comunicacity.net\/cancello-ed-arnone\/2018\/10\/23\/ieri-il-consiglio-comunale\/"},"wordCount":790,"image":{"@id":"https:\/\/comunicacity.net\/cancello-ed-arnone\/2018\/10\/23\/ieri-il-consiglio-comunale\/#primaryimage"},"thumbnailUrl":"https:\/\/comunicacity.net\/cancello-ed-arnone\/wp-content\/uploads\/sites\/28\/2018\/09\/280x200-copia.jpg","articleSection":["Notizie e Informazioni"],"inLanguage":"it-IT"},{"@type":"WebPage","@id":"https:\/\/comunicacity.net\/cancello-ed-arnone\/2018\/10\/23\/ieri-il-consiglio-comunale\/","url":"https:\/\/comunicacity.net\/cancello-ed-arnone\/2018\/10\/23\/ieri-il-consiglio-comunale\/","name":"Ieri il Consiglio Comunale - Cancello ed Arnone","isPartOf":{"@id":"https:\/\/comunicacity.net\/cancello-ed-arnone\/#website"},"primaryImageOfPage":{"@id":"https:\/\/comunicacity.net\/cancello-ed-arnone\/2018\/10\/23\/ieri-il-consiglio-comunale\/#primaryimage"},"image":{"@id":"https:\/\/comunicacity.net\/cancello-ed-arnone\/2018\/10\/23\/ieri-il-consiglio-comunale\/#primaryimage"},"thumbnailUrl":"https:\/\/comunicacity.net\/cancello-ed-arnone\/wp-content\/uploads\/sites\/28\/2018\/09\/280x200-copia.jpg","datePublished":"2018-10-23T08:57:14+00:00","dateModified":"2023-02-02T14:44:31+00:00","author":{"@id":"https:\/\/comunicacity.net\/cancello-ed-arnone\/#\/schema\/person\/eaea9f1aebcbd61eb9878e6232bd2a03"},"breadcrumb":{"@id":"https:\/\/comunicacity.net\/cancello-ed-arnone\/2018\/10\/23\/ieri-il-consiglio-comunale\/#breadcrumb"},"inLanguage":"it-IT","potentialAction":[{"@type":"ReadAction","target":["https:\/\/comunicacity.net\/cancello-ed-arnone\/2018\/10\/23\/ieri-il-consiglio-comunale\/"]}]},{"@type":"ImageObject","inLanguage":"it-IT","@id":"https:\/\/comunicacity.net\/cancello-ed-arnone\/2018\/10\/23\/ieri-il-consiglio-comunale\/#primaryimage","url":"https:\/\/comunicacity.net\/cancello-ed-arnone\/wp-content\/uploads\/sites\/28\/2018\/09\/280x200-copia.jpg","contentUrl":"https:\/\/comunicacity.net\/cancello-ed-arnone\/wp-content\/uploads\/sites\/28\/2018\/09\/280x200-copia.jpg","width":280,"height":200},{"@type":"BreadcrumbList","@id":"https:\/\/comunicacity.net\/cancello-ed-arnone\/2018\/10\/23\/ieri-il-consiglio-comunale\/#breadcrumb","itemListElement":[{"@type":"ListItem","position":1,"name":"Home","item":"https:\/\/comunicacity.net\/cancello-ed-arnone\/"},{"@type":"ListItem","position":2,"name":"Ieri il Consiglio Comunale"}]},{"@type":"WebSite","@id":"https:\/\/comunicacity.net\/cancello-ed-arnone\/#website","url":"https:\/\/comunicacity.net\/cancello-ed-arnone\/","name":"Cancello ed Arnone","description":"ComunicaCity","potentialAction":[{"@type":"SearchAction","target":{"@type":"EntryPoint","urlTemplate":"https:\/\/comunicacity.net\/cancello-ed-arnone\/?s={search_term_string}"},"query-input":{"@type":"PropertyValueSpecification","valueRequired":true,"valueName":"search_term_string"}}],"inLanguage":"it-IT"},{"@type":"Person","@id":"https:\/\/comunicacity.net\/cancello-ed-arnone\/#\/schema\/person\/eaea9f1aebcbd61eb9878e6232bd2a03","name":"Admin_E","image":{"@type":"ImageObject","inLanguage":"it-IT","@id":"https:\/\/secure.gravatar.com\/avatar\/1eb418f243a360a5c118e205c4f1d666c009a9fac37301044747eacb4938b467?s=96&d=mm&r=g","url":"https:\/\/secure.gravatar.com\/avatar\/1eb418f243a360a5c118e205c4f1d666c009a9fac37301044747eacb4938b467?s=96&d=mm&r=g","contentUrl":"https:\/\/secure.gravatar.com\/avatar\/1eb418f243a360a5c118e205c4f1d666c009a9fac37301044747eacb4938b467?s=96&d=mm&r=g","caption":"Admin_E"},"url":"https:\/\/comunicacity.net\/cancello-ed-arnone\/author\/oollppcancelloarnone\/"}]}},"meta_box":{"cc4_urg_colore":"","cc4_urg_data_inizio":"","cc4_urg_data_fine":"","cc4_cor_positivi_oggi":"","cc4_cor_negativizzati_oggi":"","cc4_cor_deceduti_oggi":"","cc4_cor_positivi_totali":"","cc4_cor_negativizzati_totali":"","cc4_cor_deceduti_totali":"","cc4_cor_attualmente_positivi":"","cc4_eve_data_inizio":"","cc4_eve_data_fine":"","cc4_eve_indirizzo":"","cc4_eve_posizione":{"latitude":"","longitude":"","zoom":""},"cc4_eve_telefono":"","cc4_eve_email":"","cc4_eve_web":"","cc4_eve_fb":"","sitopa_id":""},"_links":{"self":[{"href":"https:\/\/comunicacity.net\/cancello-ed-arnone\/wp-json\/wp\/v2\/posts\/635","targetHints":{"allow":["GET"]}}],"collection":[{"href":"https:\/\/comunicacity.net\/cancello-ed-arnone\/wp-json\/wp\/v2\/posts"}],"about":[{"href":"https:\/\/comunicacity.net\/cancello-ed-arnone\/wp-json\/wp\/v2\/types\/post"}],"author":[{"embeddable":true,"href":"https:\/\/comunicacity.net\/cancello-ed-arnone\/wp-json\/wp\/v2\/users\/398"}],"replies":[{"embeddable":true,"href":"https:\/\/comunicacity.net\/cancello-ed-arnone\/wp-json\/wp\/v2\/comments?post=635"}],"version-history":[{"count":1,"href":"https:\/\/comunicacity.net\/cancello-ed-arnone\/wp-json\/wp\/v2\/posts\/635\/revisions"}],"predecessor-version":[{"id":636,"href":"https:\/\/comunicacity.net\/cancello-ed-arnone\/wp-json\/wp\/v2\/posts\/635\/revisions\/636"}],"wp:featuredmedia":[{"embeddable":true,"href":"https:\/\/comunicacity.net\/cancello-ed-arnone\/wp-json\/wp\/v2\/media\/414"}],"wp:attachment":[{"href":"https:\/\/comunicacity.net\/cancello-ed-arnone\/wp-json\/wp\/v2\/media?parent=635"}],"wp:term":[{"taxonomy":"category","embeddable":true,"href":"https:\/\/comunicacity.net\/cancello-ed-arnone\/wp-json\/wp\/v2\/categories?post=635"},{"taxonomy":"post_tag","embeddable":true,"href":"https:\/\/comunicacity.net\/cancello-ed-arnone\/wp-json\/wp\/v2\/tags?post=635"}],"curies":[{"name":"wp","href":"https:\/\/api.w.org\/{rel}","templated":true}]}}