{"id":655,"date":"2018-10-29T15:21:07","date_gmt":"2018-10-29T14:21:07","guid":{"rendered":"https:\/\/comunicacity.net\/cancello-ed-arnone\/?p=655"},"modified":"2023-02-02T15:44:30","modified_gmt":"2023-02-02T14:44:30","slug":"lamministrazione-comunale-aderisce-al-progetto-ripam-concorso-unico-territoriale-per-le-amministrazioni-della-regione-campania","status":"publish","type":"post","link":"https:\/\/comunicacity.net\/cancello-ed-arnone\/2018\/10\/29\/lamministrazione-comunale-aderisce-al-progetto-ripam-concorso-unico-territoriale-per-le-amministrazioni-della-regione-campania\/","title":{"rendered":"L\u2019AMMINISTRAZIONE COMUNALE ADERISCE AL PROGETTO \u201cRIPAM \u2013 CONCORSO UNICO TERRITORIALE PER LE AMMINISTRAZIONI DELLA REGIONE CAMPANIA\u201d."},"content":{"rendered":"<p>Con deliberazione di Giunta n. 107 del 22.10.2018, l\u2019amministrazione comunale ha aderito al progetto di rafforzamento organizzativo degli enti locali e delle pubbliche amministrazioni campane (RIPAM \u2013 CONCORSO UNICO TERRITORIALE PER LE AMMINISTRAZIONI DELLA REGIONE CAMPANIA) che prevede la realizzazione di un corso-concorso per la selezione, la formazione e l\u2019assunzione di personale presso gli Enti Locali della Campania, attivato nell\u2019ambito del programma RIPAM, di concerto con il Dipartimento della Funzione Pubblica e con Formez.<br \/>\nIl progetto prevede, nell\u2019arco di due anni, l\u2019immissione nelle pubbliche amministrazioni campane che aderiranno al piano di 10 mila unit\u00e0 lavorative a tempo indeterminato. I profili messi a concorso saranno i pi\u00f9 svariati: si passer\u00e0 dall\u2019assistente informatico fino ad arrivare al funzionario amministrativo o tecnico.<br \/>\nIl concorso si articoler\u00e0 in diverse fasi: il primo step prevede una prova preselettiva consistente nella risoluzione di test critico verbali, logico matematici e di abilit\u00e0 visiva; terminata la fase preselettiva, avr\u00e0 inizio la fase selettiva che consister\u00e0, per ognuno dei profili messi a concorso, in due prove scritte e una prova orale. La prima prova scritta si articoler\u00e0 in test a risposta multipla relativi alle materie e\/o ambiti disciplinari specifici del profilo concorsuale, all\u2019accertamento delle conoscenze linguistiche e di informatica. La seconda prova scritta sar\u00e0 volta ad accettare il possesso di competenza tecnico professionali e preveder\u00e0 la risoluzione di quesiti a risposta sintetica.<br \/>\nTerminata la fase selettiva, per ogni profilo messo a concorso, sar\u00e0 stilata una apposita graduatoria. Dopo di che i primi 10.000 candidati (tanti cumulativamente tra le varie graduatorie), saranno assegnati alle singole amministrazioni, al fine di effettuare per 10 mesi un tirocinio formativo teorico pratico nel corso del quale percepiranno un rimborso sotto forma di borsa di studio dalla Regione Campania.<br \/>\nInfine ci sar\u00e0 la prova finale, che potrebbe consistere in un elaborato scritto, e la pubblicazione della graduatoria finale dei vincitori e degli idonei, per poi procedere all\u2019assegnazione definitiva presso le amministrazioni in cui sono stati effettuati i tirocini.<br \/>\nNon resta che aspettare la pubblicazione \u00a0del bando da parte della Regione Campania.<\/p>\n","protected":false},"excerpt":{"rendered":"<p>Con deliberazione di Giunta n. 107 del 22.10.2018, l\u2019amministrazione comunale ha aderito al progetto di rafforzamento organizzativo degli enti locali e delle pubbliche amministrazioni campane (RIPAM \u2013 CONCORSO UNICO TERRITORIALE [&hellip;]<\/p>\n","protected":false},"author":398,"featured_media":414,"comment_status":"closed","ping_status":"closed","sticky":false,"template":"","format":"standard","meta":{"footnotes":""},"categories":[11],"tags":[],"class_list":["post-655","post","type-post","status-publish","format-standard","has-post-thumbnail","hentry","category-notizie-e-informazioni"],"yoast_head":"<!-- This site is optimized with the Yoast SEO plugin v27.4 - https:\/\/yoast.com\/product\/yoast-seo-wordpress\/ -->\n<title>L\u2019AMMINISTRAZIONE COMUNALE ADERISCE AL PROGETTO \u201cRIPAM \u2013 CONCORSO UNICO TERRITORIALE PER LE AMMINISTRAZIONI DELLA REGIONE CAMPANIA\u201d. - Cancello ed Arnone<\/title>\n<meta name=\"robots\" content=\"index, follow, max-snippet:-1, max-image-preview:large, max-video-preview:-1\" \/>\n<link rel=\"canonical\" href=\"https:\/\/comunicacity.net\/cancello-ed-arnone\/2018\/10\/29\/lamministrazione-comunale-aderisce-al-progetto-ripam-concorso-unico-territoriale-per-le-amministrazioni-della-regione-campania\/\" \/>\n<meta property=\"og:locale\" content=\"it_IT\" \/>\n<meta property=\"og:type\" content=\"article\" \/>\n<meta property=\"og:title\" content=\"L\u2019AMMINISTRAZIONE COMUNALE ADERISCE AL PROGETTO \u201cRIPAM \u2013 CONCORSO UNICO TERRITORIALE PER LE AMMINISTRAZIONI DELLA REGIONE CAMPANIA\u201d. - Cancello ed Arnone\" \/>\n<meta property=\"og:description\" content=\"Con deliberazione di Giunta n. 107 del 22.10.2018, l\u2019amministrazione comunale ha aderito al progetto di rafforzamento organizzativo degli enti locali e delle pubbliche amministrazioni campane (RIPAM \u2013 CONCORSO UNICO TERRITORIALE [&hellip;]\" \/>\n<meta property=\"og:url\" content=\"https:\/\/comunicacity.net\/cancello-ed-arnone\/2018\/10\/29\/lamministrazione-comunale-aderisce-al-progetto-ripam-concorso-unico-territoriale-per-le-amministrazioni-della-regione-campania\/\" \/>\n<meta property=\"og:site_name\" content=\"Cancello ed Arnone\" \/>\n<meta property=\"article:publisher\" content=\"http:\/\/facebook.com\/ComunicaCity\" \/>\n<meta property=\"article:published_time\" content=\"2018-10-29T14:21:07+00:00\" \/>\n<meta property=\"article:modified_time\" content=\"2023-02-02T14:44:30+00:00\" \/>\n<meta property=\"og:image\" content=\"https:\/\/comunicacity.net\/cancello-ed-arnone\/wp-content\/uploads\/sites\/28\/2018\/09\/280x200-copia.jpg\" \/>\n\t<meta property=\"og:image:width\" content=\"280\" \/>\n\t<meta property=\"og:image:height\" content=\"200\" \/>\n\t<meta property=\"og:image:type\" content=\"image\/jpeg\" \/>\n<meta name=\"author\" content=\"Admin_E\" \/>\n<meta name=\"twitter:card\" content=\"summary_large_image\" \/>\n<meta name=\"twitter:creator\" content=\"@comunicacity\" \/>\n<meta name=\"twitter:site\" content=\"@comunicacity\" \/>\n<meta name=\"twitter:label1\" content=\"Scritto da\" \/>\n\t<meta name=\"twitter:data1\" content=\"Admin_E\" \/>\n\t<meta name=\"twitter:label2\" content=\"Tempo di lettura stimato\" \/>\n\t<meta name=\"twitter:data2\" content=\"2 minuti\" \/>\n<script type=\"application\/ld+json\" class=\"yoast-schema-graph\">{\"@context\":\"https:\\\/\\\/schema.org\",\"@graph\":[{\"@type\":\"Article\",\"@id\":\"https:\\\/\\\/comunicacity.net\\\/cancello-ed-arnone\\\/2018\\\/10\\\/29\\\/lamministrazione-comunale-aderisce-al-progetto-ripam-concorso-unico-territoriale-per-le-amministrazioni-della-regione-campania\\\/#article\",\"isPartOf\":{\"@id\":\"https:\\\/\\\/comunicacity.net\\\/cancello-ed-arnone\\\/2018\\\/10\\\/29\\\/lamministrazione-comunale-aderisce-al-progetto-ripam-concorso-unico-territoriale-per-le-amministrazioni-della-regione-campania\\\/\"},\"author\":{\"name\":\"Admin_E\",\"@id\":\"https:\\\/\\\/comunicacity.net\\\/cancello-ed-arnone\\\/#\\\/schema\\\/person\\\/eaea9f1aebcbd61eb9878e6232bd2a03\"},\"headline\":\"L\u2019AMMINISTRAZIONE COMUNALE ADERISCE AL PROGETTO \u201cRIPAM \u2013 CONCORSO UNICO TERRITORIALE PER LE AMMINISTRAZIONI DELLA REGIONE CAMPANIA\u201d.\",\"datePublished\":\"2018-10-29T14:21:07+00:00\",\"dateModified\":\"2023-02-02T14:44:30+00:00\",\"mainEntityOfPage\":{\"@id\":\"https:\\\/\\\/comunicacity.net\\\/cancello-ed-arnone\\\/2018\\\/10\\\/29\\\/lamministrazione-comunale-aderisce-al-progetto-ripam-concorso-unico-territoriale-per-le-amministrazioni-della-regione-campania\\\/\"},\"wordCount\":355,\"image\":{\"@id\":\"https:\\\/\\\/comunicacity.net\\\/cancello-ed-arnone\\\/2018\\\/10\\\/29\\\/lamministrazione-comunale-aderisce-al-progetto-ripam-concorso-unico-territoriale-per-le-amministrazioni-della-regione-campania\\\/#primaryimage\"},\"thumbnailUrl\":\"https:\\\/\\\/comunicacity.net\\\/cancello-ed-arnone\\\/wp-content\\\/uploads\\\/sites\\\/28\\\/2018\\\/09\\\/280x200-copia.jpg\",\"articleSection\":[\"Notizie e Informazioni\"],\"inLanguage\":\"it-IT\"},{\"@type\":\"WebPage\",\"@id\":\"https:\\\/\\\/comunicacity.net\\\/cancello-ed-arnone\\\/2018\\\/10\\\/29\\\/lamministrazione-comunale-aderisce-al-progetto-ripam-concorso-unico-territoriale-per-le-amministrazioni-della-regione-campania\\\/\",\"url\":\"https:\\\/\\\/comunicacity.net\\\/cancello-ed-arnone\\\/2018\\\/10\\\/29\\\/lamministrazione-comunale-aderisce-al-progetto-ripam-concorso-unico-territoriale-per-le-amministrazioni-della-regione-campania\\\/\",\"name\":\"L\u2019AMMINISTRAZIONE COMUNALE ADERISCE AL PROGETTO \u201cRIPAM \u2013 CONCORSO UNICO TERRITORIALE PER LE AMMINISTRAZIONI DELLA REGIONE CAMPANIA\u201d. - Cancello ed Arnone\",\"isPartOf\":{\"@id\":\"https:\\\/\\\/comunicacity.net\\\/cancello-ed-arnone\\\/#website\"},\"primaryImageOfPage\":{\"@id\":\"https:\\\/\\\/comunicacity.net\\\/cancello-ed-arnone\\\/2018\\\/10\\\/29\\\/lamministrazione-comunale-aderisce-al-progetto-ripam-concorso-unico-territoriale-per-le-amministrazioni-della-regione-campania\\\/#primaryimage\"},\"image\":{\"@id\":\"https:\\\/\\\/comunicacity.net\\\/cancello-ed-arnone\\\/2018\\\/10\\\/29\\\/lamministrazione-comunale-aderisce-al-progetto-ripam-concorso-unico-territoriale-per-le-amministrazioni-della-regione-campania\\\/#primaryimage\"},\"thumbnailUrl\":\"https:\\\/\\\/comunicacity.net\\\/cancello-ed-arnone\\\/wp-content\\\/uploads\\\/sites\\\/28\\\/2018\\\/09\\\/280x200-copia.jpg\",\"datePublished\":\"2018-10-29T14:21:07+00:00\",\"dateModified\":\"2023-02-02T14:44:30+00:00\",\"author\":{\"@id\":\"https:\\\/\\\/comunicacity.net\\\/cancello-ed-arnone\\\/#\\\/schema\\\/person\\\/eaea9f1aebcbd61eb9878e6232bd2a03\"},\"breadcrumb\":{\"@id\":\"https:\\\/\\\/comunicacity.net\\\/cancello-ed-arnone\\\/2018\\\/10\\\/29\\\/lamministrazione-comunale-aderisce-al-progetto-ripam-concorso-unico-territoriale-per-le-amministrazioni-della-regione-campania\\\/#breadcrumb\"},\"inLanguage\":\"it-IT\",\"potentialAction\":[{\"@type\":\"ReadAction\",\"target\":[\"https:\\\/\\\/comunicacity.net\\\/cancello-ed-arnone\\\/2018\\\/10\\\/29\\\/lamministrazione-comunale-aderisce-al-progetto-ripam-concorso-unico-territoriale-per-le-amministrazioni-della-regione-campania\\\/\"]}]},{\"@type\":\"ImageObject\",\"inLanguage\":\"it-IT\",\"@id\":\"https:\\\/\\\/comunicacity.net\\\/cancello-ed-arnone\\\/2018\\\/10\\\/29\\\/lamministrazione-comunale-aderisce-al-progetto-ripam-concorso-unico-territoriale-per-le-amministrazioni-della-regione-campania\\\/#primaryimage\",\"url\":\"https:\\\/\\\/comunicacity.net\\\/cancello-ed-arnone\\\/wp-content\\\/uploads\\\/sites\\\/28\\\/2018\\\/09\\\/280x200-copia.jpg\",\"contentUrl\":\"https:\\\/\\\/comunicacity.net\\\/cancello-ed-arnone\\\/wp-content\\\/uploads\\\/sites\\\/28\\\/2018\\\/09\\\/280x200-copia.jpg\",\"width\":280,\"height\":200},{\"@type\":\"BreadcrumbList\",\"@id\":\"https:\\\/\\\/comunicacity.net\\\/cancello-ed-arnone\\\/2018\\\/10\\\/29\\\/lamministrazione-comunale-aderisce-al-progetto-ripam-concorso-unico-territoriale-per-le-amministrazioni-della-regione-campania\\\/#breadcrumb\",\"itemListElement\":[{\"@type\":\"ListItem\",\"position\":1,\"name\":\"Home\",\"item\":\"https:\\\/\\\/comunicacity.net\\\/cancello-ed-arnone\\\/\"},{\"@type\":\"ListItem\",\"position\":2,\"name\":\"L\u2019AMMINISTRAZIONE COMUNALE ADERISCE AL PROGETTO \u201cRIPAM \u2013 CONCORSO UNICO TERRITORIALE PER LE AMMINISTRAZIONI DELLA REGIONE CAMPANIA\u201d.\"}]},{\"@type\":\"WebSite\",\"@id\":\"https:\\\/\\\/comunicacity.net\\\/cancello-ed-arnone\\\/#website\",\"url\":\"https:\\\/\\\/comunicacity.net\\\/cancello-ed-arnone\\\/\",\"name\":\"Cancello ed Arnone\",\"description\":\"ComunicaCity\",\"potentialAction\":[{\"@type\":\"SearchAction\",\"target\":{\"@type\":\"EntryPoint\",\"urlTemplate\":\"https:\\\/\\\/comunicacity.net\\\/cancello-ed-arnone\\\/?s={search_term_string}\"},\"query-input\":{\"@type\":\"PropertyValueSpecification\",\"valueRequired\":true,\"valueName\":\"search_term_string\"}}],\"inLanguage\":\"it-IT\"},{\"@type\":\"Person\",\"@id\":\"https:\\\/\\\/comunicacity.net\\\/cancello-ed-arnone\\\/#\\\/schema\\\/person\\\/eaea9f1aebcbd61eb9878e6232bd2a03\",\"name\":\"Admin_E\",\"image\":{\"@type\":\"ImageObject\",\"inLanguage\":\"it-IT\",\"@id\":\"https:\\\/\\\/secure.gravatar.com\\\/avatar\\\/1eb418f243a360a5c118e205c4f1d666c009a9fac37301044747eacb4938b467?s=96&d=mm&r=g\",\"url\":\"https:\\\/\\\/secure.gravatar.com\\\/avatar\\\/1eb418f243a360a5c118e205c4f1d666c009a9fac37301044747eacb4938b467?s=96&d=mm&r=g\",\"contentUrl\":\"https:\\\/\\\/secure.gravatar.com\\\/avatar\\\/1eb418f243a360a5c118e205c4f1d666c009a9fac37301044747eacb4938b467?s=96&d=mm&r=g\",\"caption\":\"Admin_E\"},\"url\":\"https:\\\/\\\/comunicacity.net\\\/cancello-ed-arnone\\\/author\\\/oollppcancelloarnone\\\/\"}]}<\/script>\n<!-- \/ Yoast SEO plugin. -->","yoast_head_json":{"title":"L\u2019AMMINISTRAZIONE COMUNALE ADERISCE AL PROGETTO \u201cRIPAM \u2013 CONCORSO UNICO TERRITORIALE PER LE AMMINISTRAZIONI DELLA REGIONE CAMPANIA\u201d. - Cancello ed Arnone","robots":{"index":"index","follow":"follow","max-snippet":"max-snippet:-1","max-image-preview":"max-image-preview:large","max-video-preview":"max-video-preview:-1"},"canonical":"https:\/\/comunicacity.net\/cancello-ed-arnone\/2018\/10\/29\/lamministrazione-comunale-aderisce-al-progetto-ripam-concorso-unico-territoriale-per-le-amministrazioni-della-regione-campania\/","og_locale":"it_IT","og_type":"article","og_title":"L\u2019AMMINISTRAZIONE COMUNALE ADERISCE AL PROGETTO \u201cRIPAM \u2013 CONCORSO UNICO TERRITORIALE PER LE AMMINISTRAZIONI DELLA REGIONE CAMPANIA\u201d. - Cancello ed Arnone","og_description":"Con deliberazione di Giunta n. 107 del 22.10.2018, l\u2019amministrazione comunale ha aderito al progetto di rafforzamento organizzativo degli enti locali e delle pubbliche amministrazioni campane (RIPAM \u2013 CONCORSO UNICO TERRITORIALE [&hellip;]","og_url":"https:\/\/comunicacity.net\/cancello-ed-arnone\/2018\/10\/29\/lamministrazione-comunale-aderisce-al-progetto-ripam-concorso-unico-territoriale-per-le-amministrazioni-della-regione-campania\/","og_site_name":"Cancello ed Arnone","article_publisher":"http:\/\/facebook.com\/ComunicaCity","article_published_time":"2018-10-29T14:21:07+00:00","article_modified_time":"2023-02-02T14:44:30+00:00","og_image":[{"width":280,"height":200,"url":"https:\/\/comunicacity.net\/cancello-ed-arnone\/wp-content\/uploads\/sites\/28\/2018\/09\/280x200-copia.jpg","type":"image\/jpeg"}],"author":"Admin_E","twitter_card":"summary_large_image","twitter_creator":"@comunicacity","twitter_site":"@comunicacity","twitter_misc":{"Scritto da":"Admin_E","Tempo di lettura stimato":"2 minuti"},"schema":{"@context":"https:\/\/schema.org","@graph":[{"@type":"Article","@id":"https:\/\/comunicacity.net\/cancello-ed-arnone\/2018\/10\/29\/lamministrazione-comunale-aderisce-al-progetto-ripam-concorso-unico-territoriale-per-le-amministrazioni-della-regione-campania\/#article","isPartOf":{"@id":"https:\/\/comunicacity.net\/cancello-ed-arnone\/2018\/10\/29\/lamministrazione-comunale-aderisce-al-progetto-ripam-concorso-unico-territoriale-per-le-amministrazioni-della-regione-campania\/"},"author":{"name":"Admin_E","@id":"https:\/\/comunicacity.net\/cancello-ed-arnone\/#\/schema\/person\/eaea9f1aebcbd61eb9878e6232bd2a03"},"headline":"L\u2019AMMINISTRAZIONE COMUNALE ADERISCE AL PROGETTO \u201cRIPAM \u2013 CONCORSO UNICO TERRITORIALE PER LE AMMINISTRAZIONI DELLA REGIONE CAMPANIA\u201d.","datePublished":"2018-10-29T14:21:07+00:00","dateModified":"2023-02-02T14:44:30+00:00","mainEntityOfPage":{"@id":"https:\/\/comunicacity.net\/cancello-ed-arnone\/2018\/10\/29\/lamministrazione-comunale-aderisce-al-progetto-ripam-concorso-unico-territoriale-per-le-amministrazioni-della-regione-campania\/"},"wordCount":355,"image":{"@id":"https:\/\/comunicacity.net\/cancello-ed-arnone\/2018\/10\/29\/lamministrazione-comunale-aderisce-al-progetto-ripam-concorso-unico-territoriale-per-le-amministrazioni-della-regione-campania\/#primaryimage"},"thumbnailUrl":"https:\/\/comunicacity.net\/cancello-ed-arnone\/wp-content\/uploads\/sites\/28\/2018\/09\/280x200-copia.jpg","articleSection":["Notizie e Informazioni"],"inLanguage":"it-IT"},{"@type":"WebPage","@id":"https:\/\/comunicacity.net\/cancello-ed-arnone\/2018\/10\/29\/lamministrazione-comunale-aderisce-al-progetto-ripam-concorso-unico-territoriale-per-le-amministrazioni-della-regione-campania\/","url":"https:\/\/comunicacity.net\/cancello-ed-arnone\/2018\/10\/29\/lamministrazione-comunale-aderisce-al-progetto-ripam-concorso-unico-territoriale-per-le-amministrazioni-della-regione-campania\/","name":"L\u2019AMMINISTRAZIONE COMUNALE ADERISCE AL PROGETTO \u201cRIPAM \u2013 CONCORSO UNICO TERRITORIALE PER LE AMMINISTRAZIONI DELLA REGIONE CAMPANIA\u201d. - Cancello ed Arnone","isPartOf":{"@id":"https:\/\/comunicacity.net\/cancello-ed-arnone\/#website"},"primaryImageOfPage":{"@id":"https:\/\/comunicacity.net\/cancello-ed-arnone\/2018\/10\/29\/lamministrazione-comunale-aderisce-al-progetto-ripam-concorso-unico-territoriale-per-le-amministrazioni-della-regione-campania\/#primaryimage"},"image":{"@id":"https:\/\/comunicacity.net\/cancello-ed-arnone\/2018\/10\/29\/lamministrazione-comunale-aderisce-al-progetto-ripam-concorso-unico-territoriale-per-le-amministrazioni-della-regione-campania\/#primaryimage"},"thumbnailUrl":"https:\/\/comunicacity.net\/cancello-ed-arnone\/wp-content\/uploads\/sites\/28\/2018\/09\/280x200-copia.jpg","datePublished":"2018-10-29T14:21:07+00:00","dateModified":"2023-02-02T14:44:30+00:00","author":{"@id":"https:\/\/comunicacity.net\/cancello-ed-arnone\/#\/schema\/person\/eaea9f1aebcbd61eb9878e6232bd2a03"},"breadcrumb":{"@id":"https:\/\/comunicacity.net\/cancello-ed-arnone\/2018\/10\/29\/lamministrazione-comunale-aderisce-al-progetto-ripam-concorso-unico-territoriale-per-le-amministrazioni-della-regione-campania\/#breadcrumb"},"inLanguage":"it-IT","potentialAction":[{"@type":"ReadAction","target":["https:\/\/comunicacity.net\/cancello-ed-arnone\/2018\/10\/29\/lamministrazione-comunale-aderisce-al-progetto-ripam-concorso-unico-territoriale-per-le-amministrazioni-della-regione-campania\/"]}]},{"@type":"ImageObject","inLanguage":"it-IT","@id":"https:\/\/comunicacity.net\/cancello-ed-arnone\/2018\/10\/29\/lamministrazione-comunale-aderisce-al-progetto-ripam-concorso-unico-territoriale-per-le-amministrazioni-della-regione-campania\/#primaryimage","url":"https:\/\/comunicacity.net\/cancello-ed-arnone\/wp-content\/uploads\/sites\/28\/2018\/09\/280x200-copia.jpg","contentUrl":"https:\/\/comunicacity.net\/cancello-ed-arnone\/wp-content\/uploads\/sites\/28\/2018\/09\/280x200-copia.jpg","width":280,"height":200},{"@type":"BreadcrumbList","@id":"https:\/\/comunicacity.net\/cancello-ed-arnone\/2018\/10\/29\/lamministrazione-comunale-aderisce-al-progetto-ripam-concorso-unico-territoriale-per-le-amministrazioni-della-regione-campania\/#breadcrumb","itemListElement":[{"@type":"ListItem","position":1,"name":"Home","item":"https:\/\/comunicacity.net\/cancello-ed-arnone\/"},{"@type":"ListItem","position":2,"name":"L\u2019AMMINISTRAZIONE COMUNALE ADERISCE AL PROGETTO \u201cRIPAM \u2013 CONCORSO UNICO TERRITORIALE PER LE AMMINISTRAZIONI DELLA REGIONE CAMPANIA\u201d."}]},{"@type":"WebSite","@id":"https:\/\/comunicacity.net\/cancello-ed-arnone\/#website","url":"https:\/\/comunicacity.net\/cancello-ed-arnone\/","name":"Cancello ed Arnone","description":"ComunicaCity","potentialAction":[{"@type":"SearchAction","target":{"@type":"EntryPoint","urlTemplate":"https:\/\/comunicacity.net\/cancello-ed-arnone\/?s={search_term_string}"},"query-input":{"@type":"PropertyValueSpecification","valueRequired":true,"valueName":"search_term_string"}}],"inLanguage":"it-IT"},{"@type":"Person","@id":"https:\/\/comunicacity.net\/cancello-ed-arnone\/#\/schema\/person\/eaea9f1aebcbd61eb9878e6232bd2a03","name":"Admin_E","image":{"@type":"ImageObject","inLanguage":"it-IT","@id":"https:\/\/secure.gravatar.com\/avatar\/1eb418f243a360a5c118e205c4f1d666c009a9fac37301044747eacb4938b467?s=96&d=mm&r=g","url":"https:\/\/secure.gravatar.com\/avatar\/1eb418f243a360a5c118e205c4f1d666c009a9fac37301044747eacb4938b467?s=96&d=mm&r=g","contentUrl":"https:\/\/secure.gravatar.com\/avatar\/1eb418f243a360a5c118e205c4f1d666c009a9fac37301044747eacb4938b467?s=96&d=mm&r=g","caption":"Admin_E"},"url":"https:\/\/comunicacity.net\/cancello-ed-arnone\/author\/oollppcancelloarnone\/"}]}},"meta_box":{"cc4_urg_colore":"","cc4_urg_data_inizio":"","cc4_urg_data_fine":"","cc4_cor_positivi_oggi":"","cc4_cor_negativizzati_oggi":"","cc4_cor_deceduti_oggi":"","cc4_cor_positivi_totali":"","cc4_cor_negativizzati_totali":"","cc4_cor_deceduti_totali":"","cc4_cor_attualmente_positivi":"","cc4_eve_data_inizio":"","cc4_eve_data_fine":"","cc4_eve_indirizzo":"","cc4_eve_posizione":{"latitude":"","longitude":"","zoom":""},"cc4_eve_telefono":"","cc4_eve_email":"","cc4_eve_web":"","cc4_eve_fb":"","sitopa_id":""},"_links":{"self":[{"href":"https:\/\/comunicacity.net\/cancello-ed-arnone\/wp-json\/wp\/v2\/posts\/655","targetHints":{"allow":["GET"]}}],"collection":[{"href":"https:\/\/comunicacity.net\/cancello-ed-arnone\/wp-json\/wp\/v2\/posts"}],"about":[{"href":"https:\/\/comunicacity.net\/cancello-ed-arnone\/wp-json\/wp\/v2\/types\/post"}],"author":[{"embeddable":true,"href":"https:\/\/comunicacity.net\/cancello-ed-arnone\/wp-json\/wp\/v2\/users\/398"}],"replies":[{"embeddable":true,"href":"https:\/\/comunicacity.net\/cancello-ed-arnone\/wp-json\/wp\/v2\/comments?post=655"}],"version-history":[{"count":1,"href":"https:\/\/comunicacity.net\/cancello-ed-arnone\/wp-json\/wp\/v2\/posts\/655\/revisions"}],"predecessor-version":[{"id":656,"href":"https:\/\/comunicacity.net\/cancello-ed-arnone\/wp-json\/wp\/v2\/posts\/655\/revisions\/656"}],"wp:featuredmedia":[{"embeddable":true,"href":"https:\/\/comunicacity.net\/cancello-ed-arnone\/wp-json\/wp\/v2\/media\/414"}],"wp:attachment":[{"href":"https:\/\/comunicacity.net\/cancello-ed-arnone\/wp-json\/wp\/v2\/media?parent=655"}],"wp:term":[{"taxonomy":"category","embeddable":true,"href":"https:\/\/comunicacity.net\/cancello-ed-arnone\/wp-json\/wp\/v2\/categories?post=655"},{"taxonomy":"post_tag","embeddable":true,"href":"https:\/\/comunicacity.net\/cancello-ed-arnone\/wp-json\/wp\/v2\/tags?post=655"}],"curies":[{"name":"wp","href":"https:\/\/api.w.org\/{rel}","templated":true}]}}