{"id":671,"date":"2018-11-04T16:37:09","date_gmt":"2018-11-04T15:37:09","guid":{"rendered":"https:\/\/comunicacity.net\/cancello-ed-arnone\/?p=671"},"modified":"2023-02-02T15:44:29","modified_gmt":"2023-02-02T14:44:29","slug":"lassessore-di-vuolo-incontra-le-volontarie-per-il-fenomeno-randagismo","status":"publish","type":"post","link":"https:\/\/comunicacity.net\/cancello-ed-arnone\/2018\/11\/04\/lassessore-di-vuolo-incontra-le-volontarie-per-il-fenomeno-randagismo\/","title":{"rendered":"L\u2019assessore Di Vuolo incontra le volontarie per il fenomeno randagismo"},"content":{"rendered":"<p>Ieri, presso la Casa Comunale, l\u2019assessore alla sanit\u00e0 e agricoltura Di Vuolo ha incontrato alcune delle volontarie presenti sul territorio per fare il punto della situazione sul problema randagismo.<br \/>\nL\u2019assessore Di Vuolo, per prima cosa, ha fatto una cronistoria della situazione: \u201cQuesta amministrazione intende risolvere il problema del randagismo sul territorio comunale.<br \/>\nL\u2019Ente aveva precedentemente stipulato un contratto con il canile S.D. Srl con sede a Castel Volturno per il ricovero dei cani randagi accalappiati sul territorio comunale; il canile, per\u00f2, \u00e8 stato sottoposto a procedura fallimentare rifiutandosi di accogliere ulteriori animali.<br \/>\nSuccessivamente l\u2019Ente ha ottenuto dal canile Dog\u2019s Town s.r.l. la disponibilit\u00e0 ad accogliere ulteriori cani accalappiati. Ad oggi, pertanto, il comune di Cancello Ed Arnone si serve di due canili che offrono lo stesso servizio con tariffe differenti.<br \/>\nRitenuto, pertanto, di dover uniformare l\u2019affidamento del servizio al fine di conseguire un risparmio di spesa, con deliberazione di giunta abbiamo deciso di procedere ad affidare, con regolare bando, il servizio di custodia dei cani accalappiati sul territorio comunale ad un solo canile con sede a Francolise.<br \/>\nLa nostra idea rimane, comunque, quella di creare uno stallo temporaneo, cio\u00e8 una struttura che possa fare da prima accoglienza ai cani randagi, in modo da poterli monitorare, microchippare, sterilizzare e, eventualmente, avviare le pratiche o di adozione o la rimessa graduale sul territorio. Il Comune di Cancello ed Arnone \u00e8 uno tra i primi comuni, se non il primo in assoluto, a presentare la documentazione per la costituzione di questo stallo; abbiamo pi\u00f9 volte sollecitato le Asl che, ad \u00a0oggi, non sanno ancora come inquadrare la situazione in quanto, normativamente, lo stallo temporaneo non \u00e8 disciplinato.<br \/>\nAbbiamo, inoltre, incontrato imprenditori per valutare la realizzazione di progetti sui territori confiscati alla camorra individuati nel comune di Cancello Ed Arnone. Oltre ad un rifugio per i cani, la nostra volont\u00e0 \u00e8 quella di creare una Clinica Veterinaria, un\u2019area dedicata per la toilettatura, pet therapy, ecc. \u201c.<br \/>\nSuccessivamente alle volontarie presenti sono state illustrate le inziative messe in campo dall\u2019amministrazione per combattere e prevenire il fenomeno del randagismo.<br \/>\nUn progetto comunale che vede coinvolti Asl, polizia municipale, volontari animalisti e cittadini sensibili all\u2019argomento per prevenire e diminuire il fenomeno del randagismo e del maltrattamento degli animali, incrementare le sterilizzazione degli animali randagi, incrementare le adozioni sia degli animali che sono ricoverati nei rifugi convenzionati e sia di quelli vaganti sul territorio, tutelare il benessere degli animali, promuovere campagne informative sulla microchippatura e sulla sterilizzazione. Il progetto, dunque, si pone come obiettivo generale la diminuzione del fenomeno del randagismo e la tutela degli animali presenti su tutto il territorio comunale, fornendo ai cittadini piena assistenza ed informazioni sulle procedure da seguire rispetto alle problematiche del tema.<br \/>\nSar\u00e0, inoltre, dedicata un\u2019apposita area sul nostro sito istituzionale in cui saranno pubblicate le foto di tutti i cani randagi per promuovere sempre di pi\u00f9 l\u2019adozione.<br \/>\n\u201cPer incrementare l\u2019adozione, conclude l\u2019assessore Di Vuolo, stiamo cercando dei fondi al fine di concedere un contributo una tantum a chi adotta, contributo sotto forma di alimenti per il cane, acquisto di altri prodotti per il benessere e la cura dell\u2019animale, collari, ecc. \u201c<br \/>\nLa scelta di adottare un cane costituisce senza dubbio un gesto di civilt\u00e0. Se si desidera veramente un cane, non \u00e8 necessario che sia di razza: un cane randagio pu\u00f2 essere un vero amico, capace di dare moltissimo senza chiedere niente di speciale in cambio, se non il nostro amore e il nostro rispetto.<\/p>\n","protected":false},"excerpt":{"rendered":"<p>Ieri, presso la Casa Comunale, l\u2019assessore alla sanit\u00e0 e agricoltura Di Vuolo ha incontrato alcune delle volontarie presenti sul territorio per fare il punto della situazione sul problema randagismo. L\u2019assessore [&hellip;]<\/p>\n","protected":false},"author":398,"featured_media":376,"comment_status":"closed","ping_status":"closed","sticky":false,"template":"","format":"standard","meta":{"footnotes":""},"categories":[13],"tags":[],"class_list":["post-671","post","type-post","status-publish","format-standard","has-post-thumbnail","hentry","category-sanita"],"yoast_head":"<!-- This site is optimized with the Yoast SEO plugin v27.4 - https:\/\/yoast.com\/product\/yoast-seo-wordpress\/ -->\n<title>L\u2019assessore Di Vuolo incontra le volontarie per il fenomeno randagismo - Cancello ed Arnone<\/title>\n<meta name=\"robots\" content=\"index, follow, max-snippet:-1, max-image-preview:large, max-video-preview:-1\" \/>\n<link rel=\"canonical\" href=\"https:\/\/comunicacity.net\/cancello-ed-arnone\/2018\/11\/04\/lassessore-di-vuolo-incontra-le-volontarie-per-il-fenomeno-randagismo\/\" \/>\n<meta property=\"og:locale\" content=\"it_IT\" \/>\n<meta property=\"og:type\" content=\"article\" \/>\n<meta property=\"og:title\" content=\"L\u2019assessore Di Vuolo incontra le volontarie per il fenomeno randagismo - Cancello ed Arnone\" \/>\n<meta property=\"og:description\" content=\"Ieri, presso la Casa Comunale, l\u2019assessore alla sanit\u00e0 e agricoltura Di Vuolo ha incontrato alcune delle volontarie presenti sul territorio per fare il punto della situazione sul problema randagismo. L\u2019assessore [&hellip;]\" \/>\n<meta property=\"og:url\" content=\"https:\/\/comunicacity.net\/cancello-ed-arnone\/2018\/11\/04\/lassessore-di-vuolo-incontra-le-volontarie-per-il-fenomeno-randagismo\/\" \/>\n<meta property=\"og:site_name\" content=\"Cancello ed Arnone\" \/>\n<meta property=\"article:publisher\" content=\"http:\/\/facebook.com\/ComunicaCity\" \/>\n<meta property=\"article:published_time\" content=\"2018-11-04T15:37:09+00:00\" \/>\n<meta property=\"article:modified_time\" content=\"2023-02-02T14:44:29+00:00\" \/>\n<meta property=\"og:image\" content=\"https:\/\/comunicacity.net\/cancello-ed-arnone\/wp-content\/uploads\/sites\/28\/2018\/06\/vuolo.jpg\" \/>\n\t<meta property=\"og:image:width\" content=\"400\" \/>\n\t<meta property=\"og:image:height\" content=\"400\" \/>\n\t<meta property=\"og:image:type\" content=\"image\/jpeg\" \/>\n<meta name=\"author\" content=\"Admin_E\" \/>\n<meta name=\"twitter:card\" content=\"summary_large_image\" \/>\n<meta name=\"twitter:creator\" content=\"@comunicacity\" \/>\n<meta name=\"twitter:site\" content=\"@comunicacity\" \/>\n<meta name=\"twitter:label1\" content=\"Scritto da\" \/>\n\t<meta name=\"twitter:data1\" content=\"Admin_E\" \/>\n\t<meta name=\"twitter:label2\" content=\"Tempo di lettura stimato\" \/>\n\t<meta name=\"twitter:data2\" content=\"3 minuti\" \/>\n<script type=\"application\/ld+json\" class=\"yoast-schema-graph\">{\"@context\":\"https:\\\/\\\/schema.org\",\"@graph\":[{\"@type\":\"Article\",\"@id\":\"https:\\\/\\\/comunicacity.net\\\/cancello-ed-arnone\\\/2018\\\/11\\\/04\\\/lassessore-di-vuolo-incontra-le-volontarie-per-il-fenomeno-randagismo\\\/#article\",\"isPartOf\":{\"@id\":\"https:\\\/\\\/comunicacity.net\\\/cancello-ed-arnone\\\/2018\\\/11\\\/04\\\/lassessore-di-vuolo-incontra-le-volontarie-per-il-fenomeno-randagismo\\\/\"},\"author\":{\"name\":\"Admin_E\",\"@id\":\"https:\\\/\\\/comunicacity.net\\\/cancello-ed-arnone\\\/#\\\/schema\\\/person\\\/eaea9f1aebcbd61eb9878e6232bd2a03\"},\"headline\":\"L\u2019assessore Di Vuolo incontra le volontarie per il fenomeno randagismo\",\"datePublished\":\"2018-11-04T15:37:09+00:00\",\"dateModified\":\"2023-02-02T14:44:29+00:00\",\"mainEntityOfPage\":{\"@id\":\"https:\\\/\\\/comunicacity.net\\\/cancello-ed-arnone\\\/2018\\\/11\\\/04\\\/lassessore-di-vuolo-incontra-le-volontarie-per-il-fenomeno-randagismo\\\/\"},\"wordCount\":595,\"image\":{\"@id\":\"https:\\\/\\\/comunicacity.net\\\/cancello-ed-arnone\\\/2018\\\/11\\\/04\\\/lassessore-di-vuolo-incontra-le-volontarie-per-il-fenomeno-randagismo\\\/#primaryimage\"},\"thumbnailUrl\":\"https:\\\/\\\/comunicacity.net\\\/cancello-ed-arnone\\\/wp-content\\\/uploads\\\/sites\\\/28\\\/2018\\\/06\\\/vuolo.jpg\",\"articleSection\":[\"Sanit\u00e0\"],\"inLanguage\":\"it-IT\"},{\"@type\":\"WebPage\",\"@id\":\"https:\\\/\\\/comunicacity.net\\\/cancello-ed-arnone\\\/2018\\\/11\\\/04\\\/lassessore-di-vuolo-incontra-le-volontarie-per-il-fenomeno-randagismo\\\/\",\"url\":\"https:\\\/\\\/comunicacity.net\\\/cancello-ed-arnone\\\/2018\\\/11\\\/04\\\/lassessore-di-vuolo-incontra-le-volontarie-per-il-fenomeno-randagismo\\\/\",\"name\":\"L\u2019assessore Di Vuolo incontra le volontarie per il fenomeno randagismo - Cancello ed Arnone\",\"isPartOf\":{\"@id\":\"https:\\\/\\\/comunicacity.net\\\/cancello-ed-arnone\\\/#website\"},\"primaryImageOfPage\":{\"@id\":\"https:\\\/\\\/comunicacity.net\\\/cancello-ed-arnone\\\/2018\\\/11\\\/04\\\/lassessore-di-vuolo-incontra-le-volontarie-per-il-fenomeno-randagismo\\\/#primaryimage\"},\"image\":{\"@id\":\"https:\\\/\\\/comunicacity.net\\\/cancello-ed-arnone\\\/2018\\\/11\\\/04\\\/lassessore-di-vuolo-incontra-le-volontarie-per-il-fenomeno-randagismo\\\/#primaryimage\"},\"thumbnailUrl\":\"https:\\\/\\\/comunicacity.net\\\/cancello-ed-arnone\\\/wp-content\\\/uploads\\\/sites\\\/28\\\/2018\\\/06\\\/vuolo.jpg\",\"datePublished\":\"2018-11-04T15:37:09+00:00\",\"dateModified\":\"2023-02-02T14:44:29+00:00\",\"author\":{\"@id\":\"https:\\\/\\\/comunicacity.net\\\/cancello-ed-arnone\\\/#\\\/schema\\\/person\\\/eaea9f1aebcbd61eb9878e6232bd2a03\"},\"breadcrumb\":{\"@id\":\"https:\\\/\\\/comunicacity.net\\\/cancello-ed-arnone\\\/2018\\\/11\\\/04\\\/lassessore-di-vuolo-incontra-le-volontarie-per-il-fenomeno-randagismo\\\/#breadcrumb\"},\"inLanguage\":\"it-IT\",\"potentialAction\":[{\"@type\":\"ReadAction\",\"target\":[\"https:\\\/\\\/comunicacity.net\\\/cancello-ed-arnone\\\/2018\\\/11\\\/04\\\/lassessore-di-vuolo-incontra-le-volontarie-per-il-fenomeno-randagismo\\\/\"]}]},{\"@type\":\"ImageObject\",\"inLanguage\":\"it-IT\",\"@id\":\"https:\\\/\\\/comunicacity.net\\\/cancello-ed-arnone\\\/2018\\\/11\\\/04\\\/lassessore-di-vuolo-incontra-le-volontarie-per-il-fenomeno-randagismo\\\/#primaryimage\",\"url\":\"https:\\\/\\\/comunicacity.net\\\/cancello-ed-arnone\\\/wp-content\\\/uploads\\\/sites\\\/28\\\/2018\\\/06\\\/vuolo.jpg\",\"contentUrl\":\"https:\\\/\\\/comunicacity.net\\\/cancello-ed-arnone\\\/wp-content\\\/uploads\\\/sites\\\/28\\\/2018\\\/06\\\/vuolo.jpg\",\"width\":400,\"height\":400},{\"@type\":\"BreadcrumbList\",\"@id\":\"https:\\\/\\\/comunicacity.net\\\/cancello-ed-arnone\\\/2018\\\/11\\\/04\\\/lassessore-di-vuolo-incontra-le-volontarie-per-il-fenomeno-randagismo\\\/#breadcrumb\",\"itemListElement\":[{\"@type\":\"ListItem\",\"position\":1,\"name\":\"Home\",\"item\":\"https:\\\/\\\/comunicacity.net\\\/cancello-ed-arnone\\\/\"},{\"@type\":\"ListItem\",\"position\":2,\"name\":\"L\u2019assessore Di Vuolo incontra le volontarie per il fenomeno randagismo\"}]},{\"@type\":\"WebSite\",\"@id\":\"https:\\\/\\\/comunicacity.net\\\/cancello-ed-arnone\\\/#website\",\"url\":\"https:\\\/\\\/comunicacity.net\\\/cancello-ed-arnone\\\/\",\"name\":\"Cancello ed Arnone\",\"description\":\"ComunicaCity\",\"potentialAction\":[{\"@type\":\"SearchAction\",\"target\":{\"@type\":\"EntryPoint\",\"urlTemplate\":\"https:\\\/\\\/comunicacity.net\\\/cancello-ed-arnone\\\/?s={search_term_string}\"},\"query-input\":{\"@type\":\"PropertyValueSpecification\",\"valueRequired\":true,\"valueName\":\"search_term_string\"}}],\"inLanguage\":\"it-IT\"},{\"@type\":\"Person\",\"@id\":\"https:\\\/\\\/comunicacity.net\\\/cancello-ed-arnone\\\/#\\\/schema\\\/person\\\/eaea9f1aebcbd61eb9878e6232bd2a03\",\"name\":\"Admin_E\",\"image\":{\"@type\":\"ImageObject\",\"inLanguage\":\"it-IT\",\"@id\":\"https:\\\/\\\/secure.gravatar.com\\\/avatar\\\/1eb418f243a360a5c118e205c4f1d666c009a9fac37301044747eacb4938b467?s=96&d=mm&r=g\",\"url\":\"https:\\\/\\\/secure.gravatar.com\\\/avatar\\\/1eb418f243a360a5c118e205c4f1d666c009a9fac37301044747eacb4938b467?s=96&d=mm&r=g\",\"contentUrl\":\"https:\\\/\\\/secure.gravatar.com\\\/avatar\\\/1eb418f243a360a5c118e205c4f1d666c009a9fac37301044747eacb4938b467?s=96&d=mm&r=g\",\"caption\":\"Admin_E\"},\"url\":\"https:\\\/\\\/comunicacity.net\\\/cancello-ed-arnone\\\/author\\\/oollppcancelloarnone\\\/\"}]}<\/script>\n<!-- \/ Yoast SEO plugin. -->","yoast_head_json":{"title":"L\u2019assessore Di Vuolo incontra le volontarie per il fenomeno randagismo - Cancello ed Arnone","robots":{"index":"index","follow":"follow","max-snippet":"max-snippet:-1","max-image-preview":"max-image-preview:large","max-video-preview":"max-video-preview:-1"},"canonical":"https:\/\/comunicacity.net\/cancello-ed-arnone\/2018\/11\/04\/lassessore-di-vuolo-incontra-le-volontarie-per-il-fenomeno-randagismo\/","og_locale":"it_IT","og_type":"article","og_title":"L\u2019assessore Di Vuolo incontra le volontarie per il fenomeno randagismo - Cancello ed Arnone","og_description":"Ieri, presso la Casa Comunale, l\u2019assessore alla sanit\u00e0 e agricoltura Di Vuolo ha incontrato alcune delle volontarie presenti sul territorio per fare il punto della situazione sul problema randagismo. L\u2019assessore [&hellip;]","og_url":"https:\/\/comunicacity.net\/cancello-ed-arnone\/2018\/11\/04\/lassessore-di-vuolo-incontra-le-volontarie-per-il-fenomeno-randagismo\/","og_site_name":"Cancello ed Arnone","article_publisher":"http:\/\/facebook.com\/ComunicaCity","article_published_time":"2018-11-04T15:37:09+00:00","article_modified_time":"2023-02-02T14:44:29+00:00","og_image":[{"width":400,"height":400,"url":"https:\/\/comunicacity.net\/cancello-ed-arnone\/wp-content\/uploads\/sites\/28\/2018\/06\/vuolo.jpg","type":"image\/jpeg"}],"author":"Admin_E","twitter_card":"summary_large_image","twitter_creator":"@comunicacity","twitter_site":"@comunicacity","twitter_misc":{"Scritto da":"Admin_E","Tempo di lettura stimato":"3 minuti"},"schema":{"@context":"https:\/\/schema.org","@graph":[{"@type":"Article","@id":"https:\/\/comunicacity.net\/cancello-ed-arnone\/2018\/11\/04\/lassessore-di-vuolo-incontra-le-volontarie-per-il-fenomeno-randagismo\/#article","isPartOf":{"@id":"https:\/\/comunicacity.net\/cancello-ed-arnone\/2018\/11\/04\/lassessore-di-vuolo-incontra-le-volontarie-per-il-fenomeno-randagismo\/"},"author":{"name":"Admin_E","@id":"https:\/\/comunicacity.net\/cancello-ed-arnone\/#\/schema\/person\/eaea9f1aebcbd61eb9878e6232bd2a03"},"headline":"L\u2019assessore Di Vuolo incontra le volontarie per il fenomeno randagismo","datePublished":"2018-11-04T15:37:09+00:00","dateModified":"2023-02-02T14:44:29+00:00","mainEntityOfPage":{"@id":"https:\/\/comunicacity.net\/cancello-ed-arnone\/2018\/11\/04\/lassessore-di-vuolo-incontra-le-volontarie-per-il-fenomeno-randagismo\/"},"wordCount":595,"image":{"@id":"https:\/\/comunicacity.net\/cancello-ed-arnone\/2018\/11\/04\/lassessore-di-vuolo-incontra-le-volontarie-per-il-fenomeno-randagismo\/#primaryimage"},"thumbnailUrl":"https:\/\/comunicacity.net\/cancello-ed-arnone\/wp-content\/uploads\/sites\/28\/2018\/06\/vuolo.jpg","articleSection":["Sanit\u00e0"],"inLanguage":"it-IT"},{"@type":"WebPage","@id":"https:\/\/comunicacity.net\/cancello-ed-arnone\/2018\/11\/04\/lassessore-di-vuolo-incontra-le-volontarie-per-il-fenomeno-randagismo\/","url":"https:\/\/comunicacity.net\/cancello-ed-arnone\/2018\/11\/04\/lassessore-di-vuolo-incontra-le-volontarie-per-il-fenomeno-randagismo\/","name":"L\u2019assessore Di Vuolo incontra le volontarie per il fenomeno randagismo - Cancello ed Arnone","isPartOf":{"@id":"https:\/\/comunicacity.net\/cancello-ed-arnone\/#website"},"primaryImageOfPage":{"@id":"https:\/\/comunicacity.net\/cancello-ed-arnone\/2018\/11\/04\/lassessore-di-vuolo-incontra-le-volontarie-per-il-fenomeno-randagismo\/#primaryimage"},"image":{"@id":"https:\/\/comunicacity.net\/cancello-ed-arnone\/2018\/11\/04\/lassessore-di-vuolo-incontra-le-volontarie-per-il-fenomeno-randagismo\/#primaryimage"},"thumbnailUrl":"https:\/\/comunicacity.net\/cancello-ed-arnone\/wp-content\/uploads\/sites\/28\/2018\/06\/vuolo.jpg","datePublished":"2018-11-04T15:37:09+00:00","dateModified":"2023-02-02T14:44:29+00:00","author":{"@id":"https:\/\/comunicacity.net\/cancello-ed-arnone\/#\/schema\/person\/eaea9f1aebcbd61eb9878e6232bd2a03"},"breadcrumb":{"@id":"https:\/\/comunicacity.net\/cancello-ed-arnone\/2018\/11\/04\/lassessore-di-vuolo-incontra-le-volontarie-per-il-fenomeno-randagismo\/#breadcrumb"},"inLanguage":"it-IT","potentialAction":[{"@type":"ReadAction","target":["https:\/\/comunicacity.net\/cancello-ed-arnone\/2018\/11\/04\/lassessore-di-vuolo-incontra-le-volontarie-per-il-fenomeno-randagismo\/"]}]},{"@type":"ImageObject","inLanguage":"it-IT","@id":"https:\/\/comunicacity.net\/cancello-ed-arnone\/2018\/11\/04\/lassessore-di-vuolo-incontra-le-volontarie-per-il-fenomeno-randagismo\/#primaryimage","url":"https:\/\/comunicacity.net\/cancello-ed-arnone\/wp-content\/uploads\/sites\/28\/2018\/06\/vuolo.jpg","contentUrl":"https:\/\/comunicacity.net\/cancello-ed-arnone\/wp-content\/uploads\/sites\/28\/2018\/06\/vuolo.jpg","width":400,"height":400},{"@type":"BreadcrumbList","@id":"https:\/\/comunicacity.net\/cancello-ed-arnone\/2018\/11\/04\/lassessore-di-vuolo-incontra-le-volontarie-per-il-fenomeno-randagismo\/#breadcrumb","itemListElement":[{"@type":"ListItem","position":1,"name":"Home","item":"https:\/\/comunicacity.net\/cancello-ed-arnone\/"},{"@type":"ListItem","position":2,"name":"L\u2019assessore Di Vuolo incontra le volontarie per il fenomeno randagismo"}]},{"@type":"WebSite","@id":"https:\/\/comunicacity.net\/cancello-ed-arnone\/#website","url":"https:\/\/comunicacity.net\/cancello-ed-arnone\/","name":"Cancello ed Arnone","description":"ComunicaCity","potentialAction":[{"@type":"SearchAction","target":{"@type":"EntryPoint","urlTemplate":"https:\/\/comunicacity.net\/cancello-ed-arnone\/?s={search_term_string}"},"query-input":{"@type":"PropertyValueSpecification","valueRequired":true,"valueName":"search_term_string"}}],"inLanguage":"it-IT"},{"@type":"Person","@id":"https:\/\/comunicacity.net\/cancello-ed-arnone\/#\/schema\/person\/eaea9f1aebcbd61eb9878e6232bd2a03","name":"Admin_E","image":{"@type":"ImageObject","inLanguage":"it-IT","@id":"https:\/\/secure.gravatar.com\/avatar\/1eb418f243a360a5c118e205c4f1d666c009a9fac37301044747eacb4938b467?s=96&d=mm&r=g","url":"https:\/\/secure.gravatar.com\/avatar\/1eb418f243a360a5c118e205c4f1d666c009a9fac37301044747eacb4938b467?s=96&d=mm&r=g","contentUrl":"https:\/\/secure.gravatar.com\/avatar\/1eb418f243a360a5c118e205c4f1d666c009a9fac37301044747eacb4938b467?s=96&d=mm&r=g","caption":"Admin_E"},"url":"https:\/\/comunicacity.net\/cancello-ed-arnone\/author\/oollppcancelloarnone\/"}]}},"meta_box":{"cc4_urg_colore":"","cc4_urg_data_inizio":"","cc4_urg_data_fine":"","cc4_cor_positivi_oggi":"","cc4_cor_negativizzati_oggi":"","cc4_cor_deceduti_oggi":"","cc4_cor_positivi_totali":"","cc4_cor_negativizzati_totali":"","cc4_cor_deceduti_totali":"","cc4_cor_attualmente_positivi":"","cc4_eve_data_inizio":"","cc4_eve_data_fine":"","cc4_eve_indirizzo":"","cc4_eve_posizione":{"latitude":"","longitude":"","zoom":""},"cc4_eve_telefono":"","cc4_eve_email":"","cc4_eve_web":"","cc4_eve_fb":"","sitopa_id":""},"_links":{"self":[{"href":"https:\/\/comunicacity.net\/cancello-ed-arnone\/wp-json\/wp\/v2\/posts\/671","targetHints":{"allow":["GET"]}}],"collection":[{"href":"https:\/\/comunicacity.net\/cancello-ed-arnone\/wp-json\/wp\/v2\/posts"}],"about":[{"href":"https:\/\/comunicacity.net\/cancello-ed-arnone\/wp-json\/wp\/v2\/types\/post"}],"author":[{"embeddable":true,"href":"https:\/\/comunicacity.net\/cancello-ed-arnone\/wp-json\/wp\/v2\/users\/398"}],"replies":[{"embeddable":true,"href":"https:\/\/comunicacity.net\/cancello-ed-arnone\/wp-json\/wp\/v2\/comments?post=671"}],"version-history":[{"count":1,"href":"https:\/\/comunicacity.net\/cancello-ed-arnone\/wp-json\/wp\/v2\/posts\/671\/revisions"}],"predecessor-version":[{"id":672,"href":"https:\/\/comunicacity.net\/cancello-ed-arnone\/wp-json\/wp\/v2\/posts\/671\/revisions\/672"}],"wp:featuredmedia":[{"embeddable":true,"href":"https:\/\/comunicacity.net\/cancello-ed-arnone\/wp-json\/wp\/v2\/media\/376"}],"wp:attachment":[{"href":"https:\/\/comunicacity.net\/cancello-ed-arnone\/wp-json\/wp\/v2\/media?parent=671"}],"wp:term":[{"taxonomy":"category","embeddable":true,"href":"https:\/\/comunicacity.net\/cancello-ed-arnone\/wp-json\/wp\/v2\/categories?post=671"},{"taxonomy":"post_tag","embeddable":true,"href":"https:\/\/comunicacity.net\/cancello-ed-arnone\/wp-json\/wp\/v2\/tags?post=671"}],"curies":[{"name":"wp","href":"https:\/\/api.w.org\/{rel}","templated":true}]}}