{"id":731,"date":"2018-12-11T21:46:44","date_gmt":"2018-12-11T20:46:44","guid":{"rendered":"https:\/\/comunicacity.net\/cancello-ed-arnone\/?p=731"},"modified":"2023-02-02T15:44:26","modified_gmt":"2023-02-02T14:44:26","slug":"finanziato-il-progetto-di-fattibilita-tecnico-ed-economico-per-la-messa-a-norma-antincendio","status":"publish","type":"post","link":"https:\/\/comunicacity.net\/cancello-ed-arnone\/2018\/12\/11\/finanziato-il-progetto-di-fattibilita-tecnico-ed-economico-per-la-messa-a-norma-antincendio\/","title":{"rendered":"Finanziato il Progetto di Fattibilit\u00e0 tecnico ed economico per la messa a norma antincendio."},"content":{"rendered":"<p>La Regione Campania pubblicava un Avviso Pubblico per la formazione del piano triennale di edilizia scolastica (P.T.E.S.) 2018\/2020 e per la formazione di una graduatoria per la concessione di contributi straordinari per la messa a norma antincendio.<br \/>\nCon delibera di giunta n. 123 del 3.12.2018, il Comune di Cancello ed Arnone aderiva al su citato Avviso Pubblico presentando il \u201cProgetto di Fattibilit\u00e0 tecnico ed economico per la messa a norma antincendio dell\u2019Istituto Comprensivo \u201cUgo Foscolo\u201d.<br \/>\nLa Giunta Regionale della Campania, in data 10.12.2018, con decreto dirigenziale n. 1539, ha pubblicato la graduatoria degli Enti locali ammessi ai finanziamenti.<br \/>\nIl progetto presentato dal Comune di Cancello ed Arnone \u00e8 risultato tra i progetti finanziati.<br \/>\n\u201cSiamo pienamente soddisfatti del risultato raggiunto &#8211; afferma l\u2019assessore alla Pubblica Istruzione Di Puorto. La sicurezza e la cura degli spazi dove ogni giorno i bambini e i ragazzi della nostra comunit\u00e0 passano tante ore \u00e8, per noi, una priorit\u00e0. La finalit\u00e0 di questo progetto, infatti, \u00e8 quella di garantire la fruizione sicura e attrattiva del patrimonio immobiliare scolastico di propriet\u00e0 dell\u2019Ente e contrastare l\u2019abbandono scolastico proprio attraverso il miglioramento degli standard di sicurezza e di qualit\u00e0 degli ambienti per l\u2019apprendimento\u201d.<br \/>\nL\u2019assessore conclude ringraziando il consigliere regionale Giovanni Zannini per l\u2019interesse e l\u2019attaccamento che mostra per il nostro territorio.<\/p>\n","protected":false},"excerpt":{"rendered":"<p>La Regione Campania pubblicava un Avviso Pubblico per la formazione del piano triennale di edilizia scolastica (P.T.E.S.) 2018\/2020 e per la formazione di una graduatoria per la concessione di contributi [&hellip;]<\/p>\n","protected":false},"author":398,"featured_media":372,"comment_status":"closed","ping_status":"closed","sticky":false,"template":"","format":"standard","meta":{"footnotes":""},"categories":[11],"tags":[],"class_list":["post-731","post","type-post","status-publish","format-standard","has-post-thumbnail","hentry","category-notizie-e-informazioni"],"yoast_head":"<!-- This site is optimized with the Yoast SEO plugin v27.4 - https:\/\/yoast.com\/product\/yoast-seo-wordpress\/ -->\n<title>Finanziato il Progetto di Fattibilit\u00e0 tecnico ed economico per la messa a norma antincendio. - Cancello ed Arnone<\/title>\n<meta name=\"robots\" content=\"index, follow, max-snippet:-1, max-image-preview:large, max-video-preview:-1\" \/>\n<link rel=\"canonical\" href=\"https:\/\/comunicacity.net\/cancello-ed-arnone\/2018\/12\/11\/finanziato-il-progetto-di-fattibilita-tecnico-ed-economico-per-la-messa-a-norma-antincendio\/\" \/>\n<meta property=\"og:locale\" content=\"it_IT\" \/>\n<meta property=\"og:type\" content=\"article\" \/>\n<meta property=\"og:title\" content=\"Finanziato il Progetto di Fattibilit\u00e0 tecnico ed economico per la messa a norma antincendio. - Cancello ed Arnone\" \/>\n<meta property=\"og:description\" content=\"La Regione Campania pubblicava un Avviso Pubblico per la formazione del piano triennale di edilizia scolastica (P.T.E.S.) 2018\/2020 e per la formazione di una graduatoria per la concessione di contributi [&hellip;]\" \/>\n<meta property=\"og:url\" content=\"https:\/\/comunicacity.net\/cancello-ed-arnone\/2018\/12\/11\/finanziato-il-progetto-di-fattibilita-tecnico-ed-economico-per-la-messa-a-norma-antincendio\/\" \/>\n<meta property=\"og:site_name\" content=\"Cancello ed Arnone\" \/>\n<meta property=\"article:publisher\" content=\"http:\/\/facebook.com\/ComunicaCity\" \/>\n<meta property=\"article:published_time\" content=\"2018-12-11T20:46:44+00:00\" \/>\n<meta property=\"article:modified_time\" content=\"2023-02-02T14:44:26+00:00\" \/>\n<meta property=\"og:image\" content=\"https:\/\/comunicacity.net\/cancello-ed-arnone\/wp-content\/uploads\/sites\/28\/2018\/06\/porto.jpg\" \/>\n\t<meta property=\"og:image:width\" content=\"400\" \/>\n\t<meta property=\"og:image:height\" content=\"400\" \/>\n\t<meta property=\"og:image:type\" content=\"image\/jpeg\" \/>\n<meta name=\"author\" content=\"Admin_E\" \/>\n<meta name=\"twitter:card\" content=\"summary_large_image\" \/>\n<meta name=\"twitter:creator\" content=\"@comunicacity\" \/>\n<meta name=\"twitter:site\" content=\"@comunicacity\" \/>\n<meta name=\"twitter:label1\" content=\"Scritto da\" \/>\n\t<meta name=\"twitter:data1\" content=\"Admin_E\" \/>\n\t<meta name=\"twitter:label2\" content=\"Tempo di lettura stimato\" \/>\n\t<meta name=\"twitter:data2\" content=\"1 minuto\" \/>\n<script type=\"application\/ld+json\" class=\"yoast-schema-graph\">{\"@context\":\"https:\\\/\\\/schema.org\",\"@graph\":[{\"@type\":\"Article\",\"@id\":\"https:\\\/\\\/comunicacity.net\\\/cancello-ed-arnone\\\/2018\\\/12\\\/11\\\/finanziato-il-progetto-di-fattibilita-tecnico-ed-economico-per-la-messa-a-norma-antincendio\\\/#article\",\"isPartOf\":{\"@id\":\"https:\\\/\\\/comunicacity.net\\\/cancello-ed-arnone\\\/2018\\\/12\\\/11\\\/finanziato-il-progetto-di-fattibilita-tecnico-ed-economico-per-la-messa-a-norma-antincendio\\\/\"},\"author\":{\"name\":\"Admin_E\",\"@id\":\"https:\\\/\\\/comunicacity.net\\\/cancello-ed-arnone\\\/#\\\/schema\\\/person\\\/eaea9f1aebcbd61eb9878e6232bd2a03\"},\"headline\":\"Finanziato il Progetto di Fattibilit\u00e0 tecnico ed economico per la messa a norma antincendio.\",\"datePublished\":\"2018-12-11T20:46:44+00:00\",\"dateModified\":\"2023-02-02T14:44:26+00:00\",\"mainEntityOfPage\":{\"@id\":\"https:\\\/\\\/comunicacity.net\\\/cancello-ed-arnone\\\/2018\\\/12\\\/11\\\/finanziato-il-progetto-di-fattibilita-tecnico-ed-economico-per-la-messa-a-norma-antincendio\\\/\"},\"wordCount\":229,\"image\":{\"@id\":\"https:\\\/\\\/comunicacity.net\\\/cancello-ed-arnone\\\/2018\\\/12\\\/11\\\/finanziato-il-progetto-di-fattibilita-tecnico-ed-economico-per-la-messa-a-norma-antincendio\\\/#primaryimage\"},\"thumbnailUrl\":\"https:\\\/\\\/comunicacity.net\\\/cancello-ed-arnone\\\/wp-content\\\/uploads\\\/sites\\\/28\\\/2018\\\/06\\\/porto.jpg\",\"articleSection\":[\"Notizie e Informazioni\"],\"inLanguage\":\"it-IT\"},{\"@type\":\"WebPage\",\"@id\":\"https:\\\/\\\/comunicacity.net\\\/cancello-ed-arnone\\\/2018\\\/12\\\/11\\\/finanziato-il-progetto-di-fattibilita-tecnico-ed-economico-per-la-messa-a-norma-antincendio\\\/\",\"url\":\"https:\\\/\\\/comunicacity.net\\\/cancello-ed-arnone\\\/2018\\\/12\\\/11\\\/finanziato-il-progetto-di-fattibilita-tecnico-ed-economico-per-la-messa-a-norma-antincendio\\\/\",\"name\":\"Finanziato il Progetto di Fattibilit\u00e0 tecnico ed economico per la messa a norma antincendio. - Cancello ed Arnone\",\"isPartOf\":{\"@id\":\"https:\\\/\\\/comunicacity.net\\\/cancello-ed-arnone\\\/#website\"},\"primaryImageOfPage\":{\"@id\":\"https:\\\/\\\/comunicacity.net\\\/cancello-ed-arnone\\\/2018\\\/12\\\/11\\\/finanziato-il-progetto-di-fattibilita-tecnico-ed-economico-per-la-messa-a-norma-antincendio\\\/#primaryimage\"},\"image\":{\"@id\":\"https:\\\/\\\/comunicacity.net\\\/cancello-ed-arnone\\\/2018\\\/12\\\/11\\\/finanziato-il-progetto-di-fattibilita-tecnico-ed-economico-per-la-messa-a-norma-antincendio\\\/#primaryimage\"},\"thumbnailUrl\":\"https:\\\/\\\/comunicacity.net\\\/cancello-ed-arnone\\\/wp-content\\\/uploads\\\/sites\\\/28\\\/2018\\\/06\\\/porto.jpg\",\"datePublished\":\"2018-12-11T20:46:44+00:00\",\"dateModified\":\"2023-02-02T14:44:26+00:00\",\"author\":{\"@id\":\"https:\\\/\\\/comunicacity.net\\\/cancello-ed-arnone\\\/#\\\/schema\\\/person\\\/eaea9f1aebcbd61eb9878e6232bd2a03\"},\"breadcrumb\":{\"@id\":\"https:\\\/\\\/comunicacity.net\\\/cancello-ed-arnone\\\/2018\\\/12\\\/11\\\/finanziato-il-progetto-di-fattibilita-tecnico-ed-economico-per-la-messa-a-norma-antincendio\\\/#breadcrumb\"},\"inLanguage\":\"it-IT\",\"potentialAction\":[{\"@type\":\"ReadAction\",\"target\":[\"https:\\\/\\\/comunicacity.net\\\/cancello-ed-arnone\\\/2018\\\/12\\\/11\\\/finanziato-il-progetto-di-fattibilita-tecnico-ed-economico-per-la-messa-a-norma-antincendio\\\/\"]}]},{\"@type\":\"ImageObject\",\"inLanguage\":\"it-IT\",\"@id\":\"https:\\\/\\\/comunicacity.net\\\/cancello-ed-arnone\\\/2018\\\/12\\\/11\\\/finanziato-il-progetto-di-fattibilita-tecnico-ed-economico-per-la-messa-a-norma-antincendio\\\/#primaryimage\",\"url\":\"https:\\\/\\\/comunicacity.net\\\/cancello-ed-arnone\\\/wp-content\\\/uploads\\\/sites\\\/28\\\/2018\\\/06\\\/porto.jpg\",\"contentUrl\":\"https:\\\/\\\/comunicacity.net\\\/cancello-ed-arnone\\\/wp-content\\\/uploads\\\/sites\\\/28\\\/2018\\\/06\\\/porto.jpg\",\"width\":400,\"height\":400},{\"@type\":\"BreadcrumbList\",\"@id\":\"https:\\\/\\\/comunicacity.net\\\/cancello-ed-arnone\\\/2018\\\/12\\\/11\\\/finanziato-il-progetto-di-fattibilita-tecnico-ed-economico-per-la-messa-a-norma-antincendio\\\/#breadcrumb\",\"itemListElement\":[{\"@type\":\"ListItem\",\"position\":1,\"name\":\"Home\",\"item\":\"https:\\\/\\\/comunicacity.net\\\/cancello-ed-arnone\\\/\"},{\"@type\":\"ListItem\",\"position\":2,\"name\":\"Finanziato il Progetto di Fattibilit\u00e0 tecnico ed economico per la messa a norma antincendio.\"}]},{\"@type\":\"WebSite\",\"@id\":\"https:\\\/\\\/comunicacity.net\\\/cancello-ed-arnone\\\/#website\",\"url\":\"https:\\\/\\\/comunicacity.net\\\/cancello-ed-arnone\\\/\",\"name\":\"Cancello ed Arnone\",\"description\":\"ComunicaCity\",\"potentialAction\":[{\"@type\":\"SearchAction\",\"target\":{\"@type\":\"EntryPoint\",\"urlTemplate\":\"https:\\\/\\\/comunicacity.net\\\/cancello-ed-arnone\\\/?s={search_term_string}\"},\"query-input\":{\"@type\":\"PropertyValueSpecification\",\"valueRequired\":true,\"valueName\":\"search_term_string\"}}],\"inLanguage\":\"it-IT\"},{\"@type\":\"Person\",\"@id\":\"https:\\\/\\\/comunicacity.net\\\/cancello-ed-arnone\\\/#\\\/schema\\\/person\\\/eaea9f1aebcbd61eb9878e6232bd2a03\",\"name\":\"Admin_E\",\"image\":{\"@type\":\"ImageObject\",\"inLanguage\":\"it-IT\",\"@id\":\"https:\\\/\\\/secure.gravatar.com\\\/avatar\\\/1eb418f243a360a5c118e205c4f1d666c009a9fac37301044747eacb4938b467?s=96&d=mm&r=g\",\"url\":\"https:\\\/\\\/secure.gravatar.com\\\/avatar\\\/1eb418f243a360a5c118e205c4f1d666c009a9fac37301044747eacb4938b467?s=96&d=mm&r=g\",\"contentUrl\":\"https:\\\/\\\/secure.gravatar.com\\\/avatar\\\/1eb418f243a360a5c118e205c4f1d666c009a9fac37301044747eacb4938b467?s=96&d=mm&r=g\",\"caption\":\"Admin_E\"},\"url\":\"https:\\\/\\\/comunicacity.net\\\/cancello-ed-arnone\\\/author\\\/oollppcancelloarnone\\\/\"}]}<\/script>\n<!-- \/ Yoast SEO plugin. -->","yoast_head_json":{"title":"Finanziato il Progetto di Fattibilit\u00e0 tecnico ed economico per la messa a norma antincendio. - Cancello ed Arnone","robots":{"index":"index","follow":"follow","max-snippet":"max-snippet:-1","max-image-preview":"max-image-preview:large","max-video-preview":"max-video-preview:-1"},"canonical":"https:\/\/comunicacity.net\/cancello-ed-arnone\/2018\/12\/11\/finanziato-il-progetto-di-fattibilita-tecnico-ed-economico-per-la-messa-a-norma-antincendio\/","og_locale":"it_IT","og_type":"article","og_title":"Finanziato il Progetto di Fattibilit\u00e0 tecnico ed economico per la messa a norma antincendio. - Cancello ed Arnone","og_description":"La Regione Campania pubblicava un Avviso Pubblico per la formazione del piano triennale di edilizia scolastica (P.T.E.S.) 2018\/2020 e per la formazione di una graduatoria per la concessione di contributi [&hellip;]","og_url":"https:\/\/comunicacity.net\/cancello-ed-arnone\/2018\/12\/11\/finanziato-il-progetto-di-fattibilita-tecnico-ed-economico-per-la-messa-a-norma-antincendio\/","og_site_name":"Cancello ed Arnone","article_publisher":"http:\/\/facebook.com\/ComunicaCity","article_published_time":"2018-12-11T20:46:44+00:00","article_modified_time":"2023-02-02T14:44:26+00:00","og_image":[{"width":400,"height":400,"url":"https:\/\/comunicacity.net\/cancello-ed-arnone\/wp-content\/uploads\/sites\/28\/2018\/06\/porto.jpg","type":"image\/jpeg"}],"author":"Admin_E","twitter_card":"summary_large_image","twitter_creator":"@comunicacity","twitter_site":"@comunicacity","twitter_misc":{"Scritto da":"Admin_E","Tempo di lettura stimato":"1 minuto"},"schema":{"@context":"https:\/\/schema.org","@graph":[{"@type":"Article","@id":"https:\/\/comunicacity.net\/cancello-ed-arnone\/2018\/12\/11\/finanziato-il-progetto-di-fattibilita-tecnico-ed-economico-per-la-messa-a-norma-antincendio\/#article","isPartOf":{"@id":"https:\/\/comunicacity.net\/cancello-ed-arnone\/2018\/12\/11\/finanziato-il-progetto-di-fattibilita-tecnico-ed-economico-per-la-messa-a-norma-antincendio\/"},"author":{"name":"Admin_E","@id":"https:\/\/comunicacity.net\/cancello-ed-arnone\/#\/schema\/person\/eaea9f1aebcbd61eb9878e6232bd2a03"},"headline":"Finanziato il Progetto di Fattibilit\u00e0 tecnico ed economico per la messa a norma antincendio.","datePublished":"2018-12-11T20:46:44+00:00","dateModified":"2023-02-02T14:44:26+00:00","mainEntityOfPage":{"@id":"https:\/\/comunicacity.net\/cancello-ed-arnone\/2018\/12\/11\/finanziato-il-progetto-di-fattibilita-tecnico-ed-economico-per-la-messa-a-norma-antincendio\/"},"wordCount":229,"image":{"@id":"https:\/\/comunicacity.net\/cancello-ed-arnone\/2018\/12\/11\/finanziato-il-progetto-di-fattibilita-tecnico-ed-economico-per-la-messa-a-norma-antincendio\/#primaryimage"},"thumbnailUrl":"https:\/\/comunicacity.net\/cancello-ed-arnone\/wp-content\/uploads\/sites\/28\/2018\/06\/porto.jpg","articleSection":["Notizie e Informazioni"],"inLanguage":"it-IT"},{"@type":"WebPage","@id":"https:\/\/comunicacity.net\/cancello-ed-arnone\/2018\/12\/11\/finanziato-il-progetto-di-fattibilita-tecnico-ed-economico-per-la-messa-a-norma-antincendio\/","url":"https:\/\/comunicacity.net\/cancello-ed-arnone\/2018\/12\/11\/finanziato-il-progetto-di-fattibilita-tecnico-ed-economico-per-la-messa-a-norma-antincendio\/","name":"Finanziato il Progetto di Fattibilit\u00e0 tecnico ed economico per la messa a norma antincendio. - Cancello ed Arnone","isPartOf":{"@id":"https:\/\/comunicacity.net\/cancello-ed-arnone\/#website"},"primaryImageOfPage":{"@id":"https:\/\/comunicacity.net\/cancello-ed-arnone\/2018\/12\/11\/finanziato-il-progetto-di-fattibilita-tecnico-ed-economico-per-la-messa-a-norma-antincendio\/#primaryimage"},"image":{"@id":"https:\/\/comunicacity.net\/cancello-ed-arnone\/2018\/12\/11\/finanziato-il-progetto-di-fattibilita-tecnico-ed-economico-per-la-messa-a-norma-antincendio\/#primaryimage"},"thumbnailUrl":"https:\/\/comunicacity.net\/cancello-ed-arnone\/wp-content\/uploads\/sites\/28\/2018\/06\/porto.jpg","datePublished":"2018-12-11T20:46:44+00:00","dateModified":"2023-02-02T14:44:26+00:00","author":{"@id":"https:\/\/comunicacity.net\/cancello-ed-arnone\/#\/schema\/person\/eaea9f1aebcbd61eb9878e6232bd2a03"},"breadcrumb":{"@id":"https:\/\/comunicacity.net\/cancello-ed-arnone\/2018\/12\/11\/finanziato-il-progetto-di-fattibilita-tecnico-ed-economico-per-la-messa-a-norma-antincendio\/#breadcrumb"},"inLanguage":"it-IT","potentialAction":[{"@type":"ReadAction","target":["https:\/\/comunicacity.net\/cancello-ed-arnone\/2018\/12\/11\/finanziato-il-progetto-di-fattibilita-tecnico-ed-economico-per-la-messa-a-norma-antincendio\/"]}]},{"@type":"ImageObject","inLanguage":"it-IT","@id":"https:\/\/comunicacity.net\/cancello-ed-arnone\/2018\/12\/11\/finanziato-il-progetto-di-fattibilita-tecnico-ed-economico-per-la-messa-a-norma-antincendio\/#primaryimage","url":"https:\/\/comunicacity.net\/cancello-ed-arnone\/wp-content\/uploads\/sites\/28\/2018\/06\/porto.jpg","contentUrl":"https:\/\/comunicacity.net\/cancello-ed-arnone\/wp-content\/uploads\/sites\/28\/2018\/06\/porto.jpg","width":400,"height":400},{"@type":"BreadcrumbList","@id":"https:\/\/comunicacity.net\/cancello-ed-arnone\/2018\/12\/11\/finanziato-il-progetto-di-fattibilita-tecnico-ed-economico-per-la-messa-a-norma-antincendio\/#breadcrumb","itemListElement":[{"@type":"ListItem","position":1,"name":"Home","item":"https:\/\/comunicacity.net\/cancello-ed-arnone\/"},{"@type":"ListItem","position":2,"name":"Finanziato il Progetto di Fattibilit\u00e0 tecnico ed economico per la messa a norma antincendio."}]},{"@type":"WebSite","@id":"https:\/\/comunicacity.net\/cancello-ed-arnone\/#website","url":"https:\/\/comunicacity.net\/cancello-ed-arnone\/","name":"Cancello ed Arnone","description":"ComunicaCity","potentialAction":[{"@type":"SearchAction","target":{"@type":"EntryPoint","urlTemplate":"https:\/\/comunicacity.net\/cancello-ed-arnone\/?s={search_term_string}"},"query-input":{"@type":"PropertyValueSpecification","valueRequired":true,"valueName":"search_term_string"}}],"inLanguage":"it-IT"},{"@type":"Person","@id":"https:\/\/comunicacity.net\/cancello-ed-arnone\/#\/schema\/person\/eaea9f1aebcbd61eb9878e6232bd2a03","name":"Admin_E","image":{"@type":"ImageObject","inLanguage":"it-IT","@id":"https:\/\/secure.gravatar.com\/avatar\/1eb418f243a360a5c118e205c4f1d666c009a9fac37301044747eacb4938b467?s=96&d=mm&r=g","url":"https:\/\/secure.gravatar.com\/avatar\/1eb418f243a360a5c118e205c4f1d666c009a9fac37301044747eacb4938b467?s=96&d=mm&r=g","contentUrl":"https:\/\/secure.gravatar.com\/avatar\/1eb418f243a360a5c118e205c4f1d666c009a9fac37301044747eacb4938b467?s=96&d=mm&r=g","caption":"Admin_E"},"url":"https:\/\/comunicacity.net\/cancello-ed-arnone\/author\/oollppcancelloarnone\/"}]}},"meta_box":{"cc4_urg_colore":"","cc4_urg_data_inizio":"","cc4_urg_data_fine":"","cc4_cor_positivi_oggi":"","cc4_cor_negativizzati_oggi":"","cc4_cor_deceduti_oggi":"","cc4_cor_positivi_totali":"","cc4_cor_negativizzati_totali":"","cc4_cor_deceduti_totali":"","cc4_cor_attualmente_positivi":"","cc4_eve_data_inizio":"","cc4_eve_data_fine":"","cc4_eve_indirizzo":"","cc4_eve_posizione":{"latitude":"","longitude":"","zoom":""},"cc4_eve_telefono":"","cc4_eve_email":"","cc4_eve_web":"","cc4_eve_fb":"","sitopa_id":""},"_links":{"self":[{"href":"https:\/\/comunicacity.net\/cancello-ed-arnone\/wp-json\/wp\/v2\/posts\/731","targetHints":{"allow":["GET"]}}],"collection":[{"href":"https:\/\/comunicacity.net\/cancello-ed-arnone\/wp-json\/wp\/v2\/posts"}],"about":[{"href":"https:\/\/comunicacity.net\/cancello-ed-arnone\/wp-json\/wp\/v2\/types\/post"}],"author":[{"embeddable":true,"href":"https:\/\/comunicacity.net\/cancello-ed-arnone\/wp-json\/wp\/v2\/users\/398"}],"replies":[{"embeddable":true,"href":"https:\/\/comunicacity.net\/cancello-ed-arnone\/wp-json\/wp\/v2\/comments?post=731"}],"version-history":[{"count":1,"href":"https:\/\/comunicacity.net\/cancello-ed-arnone\/wp-json\/wp\/v2\/posts\/731\/revisions"}],"predecessor-version":[{"id":732,"href":"https:\/\/comunicacity.net\/cancello-ed-arnone\/wp-json\/wp\/v2\/posts\/731\/revisions\/732"}],"wp:featuredmedia":[{"embeddable":true,"href":"https:\/\/comunicacity.net\/cancello-ed-arnone\/wp-json\/wp\/v2\/media\/372"}],"wp:attachment":[{"href":"https:\/\/comunicacity.net\/cancello-ed-arnone\/wp-json\/wp\/v2\/media?parent=731"}],"wp:term":[{"taxonomy":"category","embeddable":true,"href":"https:\/\/comunicacity.net\/cancello-ed-arnone\/wp-json\/wp\/v2\/categories?post=731"},{"taxonomy":"post_tag","embeddable":true,"href":"https:\/\/comunicacity.net\/cancello-ed-arnone\/wp-json\/wp\/v2\/tags?post=731"}],"curies":[{"name":"wp","href":"https:\/\/api.w.org\/{rel}","templated":true}]}}