{"id":743,"date":"2018-12-18T20:42:31","date_gmt":"2018-12-18T19:42:31","guid":{"rendered":"https:\/\/comunicacity.net\/cancello-ed-arnone\/?p=743"},"modified":"2023-02-02T15:44:24","modified_gmt":"2023-02-02T14:44:24","slug":"lamministrazione-comunale-organizza-la-cena-di-fine-anno-per-gli-over-65","status":"publish","type":"post","link":"https:\/\/comunicacity.net\/cancello-ed-arnone\/2018\/12\/18\/lamministrazione-comunale-organizza-la-cena-di-fine-anno-per-gli-over-65\/","title":{"rendered":"L\u2019Amministrazione Comunale organizza la cena di fine anno per gli over 65."},"content":{"rendered":"<p>In linea con una sana tradizione, anche quest\u2019anno l\u2019Amministrazione Comunale, con la preziosa collaborazione dei volontari della Pro Loco \u201cTerre di Cancia e Lanio\u201d e della Protezione Civile, ha organizzato, in occasione delle festivit\u00e0 natalizie, una cena dedicata a coloro che hanno superato i 65 anni di et\u00e0.<br \/>\nL\u2019appuntamento \u00e8 per gioved\u00ec 27 Dicembre, alle ore 20:00, presso il salone di Piazza Mercato.<br \/>\n\u201cPenso che questa generazione della nostra comunit\u00e0, abbisogna, pi\u00f9 delle altre, di ritrovarsi, oltre che in senso figurato, nel modo pi\u00f9 diretto e ravvicinato. Questa cena vuole essere un modo di stare insieme, del tutto informale, per trascorrere qualche ora lieta e spensierata, con un unico comandamento: il gusto della compagnia\u201d. Queste le parole del sindaco Ambrosca, che conclude: \u201cUna cena semplice, qualche nota musicale e tanta voglia di fare comunit\u00e0\u201d.<\/p>\n","protected":false},"excerpt":{"rendered":"<p>In linea con una sana tradizione, anche quest\u2019anno l\u2019Amministrazione Comunale, con la preziosa collaborazione dei volontari della Pro Loco \u201cTerre di Cancia e Lanio\u201d e della Protezione Civile, ha organizzato, [&hellip;]<\/p>\n","protected":false},"author":398,"featured_media":367,"comment_status":"closed","ping_status":"closed","sticky":false,"template":"","format":"standard","meta":{"footnotes":""},"categories":[11],"tags":[],"class_list":["post-743","post","type-post","status-publish","format-standard","has-post-thumbnail","hentry","category-notizie-e-informazioni"],"yoast_head":"<!-- This site is optimized with the Yoast SEO plugin v27.4 - https:\/\/yoast.com\/product\/yoast-seo-wordpress\/ -->\n<title>L\u2019Amministrazione Comunale organizza la cena di fine anno per gli over 65. - Cancello ed Arnone<\/title>\n<meta name=\"robots\" content=\"index, follow, max-snippet:-1, max-image-preview:large, max-video-preview:-1\" \/>\n<link rel=\"canonical\" href=\"https:\/\/comunicacity.net\/cancello-ed-arnone\/2018\/12\/18\/lamministrazione-comunale-organizza-la-cena-di-fine-anno-per-gli-over-65\/\" \/>\n<meta property=\"og:locale\" content=\"it_IT\" \/>\n<meta property=\"og:type\" content=\"article\" \/>\n<meta property=\"og:title\" content=\"L\u2019Amministrazione Comunale organizza la cena di fine anno per gli over 65. - Cancello ed Arnone\" \/>\n<meta property=\"og:description\" content=\"In linea con una sana tradizione, anche quest\u2019anno l\u2019Amministrazione Comunale, con la preziosa collaborazione dei volontari della Pro Loco \u201cTerre di Cancia e Lanio\u201d e della Protezione Civile, ha organizzato, [&hellip;]\" \/>\n<meta property=\"og:url\" content=\"https:\/\/comunicacity.net\/cancello-ed-arnone\/2018\/12\/18\/lamministrazione-comunale-organizza-la-cena-di-fine-anno-per-gli-over-65\/\" \/>\n<meta property=\"og:site_name\" content=\"Cancello ed Arnone\" \/>\n<meta property=\"article:publisher\" content=\"http:\/\/facebook.com\/ComunicaCity\" \/>\n<meta property=\"article:published_time\" content=\"2018-12-18T19:42:31+00:00\" \/>\n<meta property=\"article:modified_time\" content=\"2023-02-02T14:44:24+00:00\" \/>\n<meta property=\"og:image\" content=\"https:\/\/comunicacity.net\/cancello-ed-arnone\/wp-content\/uploads\/sites\/28\/2016\/07\/Ambrosca.jpg\" \/>\n\t<meta property=\"og:image:width\" content=\"400\" \/>\n\t<meta property=\"og:image:height\" content=\"450\" \/>\n\t<meta property=\"og:image:type\" content=\"image\/jpeg\" \/>\n<meta name=\"author\" content=\"Admin_E\" \/>\n<meta name=\"twitter:card\" content=\"summary_large_image\" \/>\n<meta name=\"twitter:creator\" content=\"@comunicacity\" \/>\n<meta name=\"twitter:site\" content=\"@comunicacity\" \/>\n<meta name=\"twitter:label1\" content=\"Scritto da\" \/>\n\t<meta name=\"twitter:data1\" content=\"Admin_E\" \/>\n\t<meta name=\"twitter:label2\" content=\"Tempo di lettura stimato\" \/>\n\t<meta name=\"twitter:data2\" content=\"1 minuto\" \/>\n<script type=\"application\/ld+json\" class=\"yoast-schema-graph\">{\"@context\":\"https:\\\/\\\/schema.org\",\"@graph\":[{\"@type\":\"Article\",\"@id\":\"https:\\\/\\\/comunicacity.net\\\/cancello-ed-arnone\\\/2018\\\/12\\\/18\\\/lamministrazione-comunale-organizza-la-cena-di-fine-anno-per-gli-over-65\\\/#article\",\"isPartOf\":{\"@id\":\"https:\\\/\\\/comunicacity.net\\\/cancello-ed-arnone\\\/2018\\\/12\\\/18\\\/lamministrazione-comunale-organizza-la-cena-di-fine-anno-per-gli-over-65\\\/\"},\"author\":{\"name\":\"Admin_E\",\"@id\":\"https:\\\/\\\/comunicacity.net\\\/cancello-ed-arnone\\\/#\\\/schema\\\/person\\\/eaea9f1aebcbd61eb9878e6232bd2a03\"},\"headline\":\"L\u2019Amministrazione Comunale organizza la cena di fine anno per gli over 65.\",\"datePublished\":\"2018-12-18T19:42:31+00:00\",\"dateModified\":\"2023-02-02T14:44:24+00:00\",\"mainEntityOfPage\":{\"@id\":\"https:\\\/\\\/comunicacity.net\\\/cancello-ed-arnone\\\/2018\\\/12\\\/18\\\/lamministrazione-comunale-organizza-la-cena-di-fine-anno-per-gli-over-65\\\/\"},\"wordCount\":145,\"image\":{\"@id\":\"https:\\\/\\\/comunicacity.net\\\/cancello-ed-arnone\\\/2018\\\/12\\\/18\\\/lamministrazione-comunale-organizza-la-cena-di-fine-anno-per-gli-over-65\\\/#primaryimage\"},\"thumbnailUrl\":\"https:\\\/\\\/comunicacity.net\\\/cancello-ed-arnone\\\/wp-content\\\/uploads\\\/sites\\\/28\\\/2016\\\/07\\\/Ambrosca.jpg\",\"articleSection\":[\"Notizie e Informazioni\"],\"inLanguage\":\"it-IT\"},{\"@type\":\"WebPage\",\"@id\":\"https:\\\/\\\/comunicacity.net\\\/cancello-ed-arnone\\\/2018\\\/12\\\/18\\\/lamministrazione-comunale-organizza-la-cena-di-fine-anno-per-gli-over-65\\\/\",\"url\":\"https:\\\/\\\/comunicacity.net\\\/cancello-ed-arnone\\\/2018\\\/12\\\/18\\\/lamministrazione-comunale-organizza-la-cena-di-fine-anno-per-gli-over-65\\\/\",\"name\":\"L\u2019Amministrazione Comunale organizza la cena di fine anno per gli over 65. - Cancello ed Arnone\",\"isPartOf\":{\"@id\":\"https:\\\/\\\/comunicacity.net\\\/cancello-ed-arnone\\\/#website\"},\"primaryImageOfPage\":{\"@id\":\"https:\\\/\\\/comunicacity.net\\\/cancello-ed-arnone\\\/2018\\\/12\\\/18\\\/lamministrazione-comunale-organizza-la-cena-di-fine-anno-per-gli-over-65\\\/#primaryimage\"},\"image\":{\"@id\":\"https:\\\/\\\/comunicacity.net\\\/cancello-ed-arnone\\\/2018\\\/12\\\/18\\\/lamministrazione-comunale-organizza-la-cena-di-fine-anno-per-gli-over-65\\\/#primaryimage\"},\"thumbnailUrl\":\"https:\\\/\\\/comunicacity.net\\\/cancello-ed-arnone\\\/wp-content\\\/uploads\\\/sites\\\/28\\\/2016\\\/07\\\/Ambrosca.jpg\",\"datePublished\":\"2018-12-18T19:42:31+00:00\",\"dateModified\":\"2023-02-02T14:44:24+00:00\",\"author\":{\"@id\":\"https:\\\/\\\/comunicacity.net\\\/cancello-ed-arnone\\\/#\\\/schema\\\/person\\\/eaea9f1aebcbd61eb9878e6232bd2a03\"},\"breadcrumb\":{\"@id\":\"https:\\\/\\\/comunicacity.net\\\/cancello-ed-arnone\\\/2018\\\/12\\\/18\\\/lamministrazione-comunale-organizza-la-cena-di-fine-anno-per-gli-over-65\\\/#breadcrumb\"},\"inLanguage\":\"it-IT\",\"potentialAction\":[{\"@type\":\"ReadAction\",\"target\":[\"https:\\\/\\\/comunicacity.net\\\/cancello-ed-arnone\\\/2018\\\/12\\\/18\\\/lamministrazione-comunale-organizza-la-cena-di-fine-anno-per-gli-over-65\\\/\"]}]},{\"@type\":\"ImageObject\",\"inLanguage\":\"it-IT\",\"@id\":\"https:\\\/\\\/comunicacity.net\\\/cancello-ed-arnone\\\/2018\\\/12\\\/18\\\/lamministrazione-comunale-organizza-la-cena-di-fine-anno-per-gli-over-65\\\/#primaryimage\",\"url\":\"https:\\\/\\\/comunicacity.net\\\/cancello-ed-arnone\\\/wp-content\\\/uploads\\\/sites\\\/28\\\/2016\\\/07\\\/Ambrosca.jpg\",\"contentUrl\":\"https:\\\/\\\/comunicacity.net\\\/cancello-ed-arnone\\\/wp-content\\\/uploads\\\/sites\\\/28\\\/2016\\\/07\\\/Ambrosca.jpg\",\"width\":400,\"height\":450},{\"@type\":\"BreadcrumbList\",\"@id\":\"https:\\\/\\\/comunicacity.net\\\/cancello-ed-arnone\\\/2018\\\/12\\\/18\\\/lamministrazione-comunale-organizza-la-cena-di-fine-anno-per-gli-over-65\\\/#breadcrumb\",\"itemListElement\":[{\"@type\":\"ListItem\",\"position\":1,\"name\":\"Home\",\"item\":\"https:\\\/\\\/comunicacity.net\\\/cancello-ed-arnone\\\/\"},{\"@type\":\"ListItem\",\"position\":2,\"name\":\"L\u2019Amministrazione Comunale organizza la cena di fine anno per gli over 65.\"}]},{\"@type\":\"WebSite\",\"@id\":\"https:\\\/\\\/comunicacity.net\\\/cancello-ed-arnone\\\/#website\",\"url\":\"https:\\\/\\\/comunicacity.net\\\/cancello-ed-arnone\\\/\",\"name\":\"Cancello ed Arnone\",\"description\":\"ComunicaCity\",\"potentialAction\":[{\"@type\":\"SearchAction\",\"target\":{\"@type\":\"EntryPoint\",\"urlTemplate\":\"https:\\\/\\\/comunicacity.net\\\/cancello-ed-arnone\\\/?s={search_term_string}\"},\"query-input\":{\"@type\":\"PropertyValueSpecification\",\"valueRequired\":true,\"valueName\":\"search_term_string\"}}],\"inLanguage\":\"it-IT\"},{\"@type\":\"Person\",\"@id\":\"https:\\\/\\\/comunicacity.net\\\/cancello-ed-arnone\\\/#\\\/schema\\\/person\\\/eaea9f1aebcbd61eb9878e6232bd2a03\",\"name\":\"Admin_E\",\"image\":{\"@type\":\"ImageObject\",\"inLanguage\":\"it-IT\",\"@id\":\"https:\\\/\\\/secure.gravatar.com\\\/avatar\\\/1eb418f243a360a5c118e205c4f1d666c009a9fac37301044747eacb4938b467?s=96&d=mm&r=g\",\"url\":\"https:\\\/\\\/secure.gravatar.com\\\/avatar\\\/1eb418f243a360a5c118e205c4f1d666c009a9fac37301044747eacb4938b467?s=96&d=mm&r=g\",\"contentUrl\":\"https:\\\/\\\/secure.gravatar.com\\\/avatar\\\/1eb418f243a360a5c118e205c4f1d666c009a9fac37301044747eacb4938b467?s=96&d=mm&r=g\",\"caption\":\"Admin_E\"},\"url\":\"https:\\\/\\\/comunicacity.net\\\/cancello-ed-arnone\\\/author\\\/oollppcancelloarnone\\\/\"}]}<\/script>\n<!-- \/ Yoast SEO plugin. -->","yoast_head_json":{"title":"L\u2019Amministrazione Comunale organizza la cena di fine anno per gli over 65. - Cancello ed Arnone","robots":{"index":"index","follow":"follow","max-snippet":"max-snippet:-1","max-image-preview":"max-image-preview:large","max-video-preview":"max-video-preview:-1"},"canonical":"https:\/\/comunicacity.net\/cancello-ed-arnone\/2018\/12\/18\/lamministrazione-comunale-organizza-la-cena-di-fine-anno-per-gli-over-65\/","og_locale":"it_IT","og_type":"article","og_title":"L\u2019Amministrazione Comunale organizza la cena di fine anno per gli over 65. - Cancello ed Arnone","og_description":"In linea con una sana tradizione, anche quest\u2019anno l\u2019Amministrazione Comunale, con la preziosa collaborazione dei volontari della Pro Loco \u201cTerre di Cancia e Lanio\u201d e della Protezione Civile, ha organizzato, [&hellip;]","og_url":"https:\/\/comunicacity.net\/cancello-ed-arnone\/2018\/12\/18\/lamministrazione-comunale-organizza-la-cena-di-fine-anno-per-gli-over-65\/","og_site_name":"Cancello ed Arnone","article_publisher":"http:\/\/facebook.com\/ComunicaCity","article_published_time":"2018-12-18T19:42:31+00:00","article_modified_time":"2023-02-02T14:44:24+00:00","og_image":[{"width":400,"height":450,"url":"https:\/\/comunicacity.net\/cancello-ed-arnone\/wp-content\/uploads\/sites\/28\/2016\/07\/Ambrosca.jpg","type":"image\/jpeg"}],"author":"Admin_E","twitter_card":"summary_large_image","twitter_creator":"@comunicacity","twitter_site":"@comunicacity","twitter_misc":{"Scritto da":"Admin_E","Tempo di lettura stimato":"1 minuto"},"schema":{"@context":"https:\/\/schema.org","@graph":[{"@type":"Article","@id":"https:\/\/comunicacity.net\/cancello-ed-arnone\/2018\/12\/18\/lamministrazione-comunale-organizza-la-cena-di-fine-anno-per-gli-over-65\/#article","isPartOf":{"@id":"https:\/\/comunicacity.net\/cancello-ed-arnone\/2018\/12\/18\/lamministrazione-comunale-organizza-la-cena-di-fine-anno-per-gli-over-65\/"},"author":{"name":"Admin_E","@id":"https:\/\/comunicacity.net\/cancello-ed-arnone\/#\/schema\/person\/eaea9f1aebcbd61eb9878e6232bd2a03"},"headline":"L\u2019Amministrazione Comunale organizza la cena di fine anno per gli over 65.","datePublished":"2018-12-18T19:42:31+00:00","dateModified":"2023-02-02T14:44:24+00:00","mainEntityOfPage":{"@id":"https:\/\/comunicacity.net\/cancello-ed-arnone\/2018\/12\/18\/lamministrazione-comunale-organizza-la-cena-di-fine-anno-per-gli-over-65\/"},"wordCount":145,"image":{"@id":"https:\/\/comunicacity.net\/cancello-ed-arnone\/2018\/12\/18\/lamministrazione-comunale-organizza-la-cena-di-fine-anno-per-gli-over-65\/#primaryimage"},"thumbnailUrl":"https:\/\/comunicacity.net\/cancello-ed-arnone\/wp-content\/uploads\/sites\/28\/2016\/07\/Ambrosca.jpg","articleSection":["Notizie e Informazioni"],"inLanguage":"it-IT"},{"@type":"WebPage","@id":"https:\/\/comunicacity.net\/cancello-ed-arnone\/2018\/12\/18\/lamministrazione-comunale-organizza-la-cena-di-fine-anno-per-gli-over-65\/","url":"https:\/\/comunicacity.net\/cancello-ed-arnone\/2018\/12\/18\/lamministrazione-comunale-organizza-la-cena-di-fine-anno-per-gli-over-65\/","name":"L\u2019Amministrazione Comunale organizza la cena di fine anno per gli over 65. - Cancello ed Arnone","isPartOf":{"@id":"https:\/\/comunicacity.net\/cancello-ed-arnone\/#website"},"primaryImageOfPage":{"@id":"https:\/\/comunicacity.net\/cancello-ed-arnone\/2018\/12\/18\/lamministrazione-comunale-organizza-la-cena-di-fine-anno-per-gli-over-65\/#primaryimage"},"image":{"@id":"https:\/\/comunicacity.net\/cancello-ed-arnone\/2018\/12\/18\/lamministrazione-comunale-organizza-la-cena-di-fine-anno-per-gli-over-65\/#primaryimage"},"thumbnailUrl":"https:\/\/comunicacity.net\/cancello-ed-arnone\/wp-content\/uploads\/sites\/28\/2016\/07\/Ambrosca.jpg","datePublished":"2018-12-18T19:42:31+00:00","dateModified":"2023-02-02T14:44:24+00:00","author":{"@id":"https:\/\/comunicacity.net\/cancello-ed-arnone\/#\/schema\/person\/eaea9f1aebcbd61eb9878e6232bd2a03"},"breadcrumb":{"@id":"https:\/\/comunicacity.net\/cancello-ed-arnone\/2018\/12\/18\/lamministrazione-comunale-organizza-la-cena-di-fine-anno-per-gli-over-65\/#breadcrumb"},"inLanguage":"it-IT","potentialAction":[{"@type":"ReadAction","target":["https:\/\/comunicacity.net\/cancello-ed-arnone\/2018\/12\/18\/lamministrazione-comunale-organizza-la-cena-di-fine-anno-per-gli-over-65\/"]}]},{"@type":"ImageObject","inLanguage":"it-IT","@id":"https:\/\/comunicacity.net\/cancello-ed-arnone\/2018\/12\/18\/lamministrazione-comunale-organizza-la-cena-di-fine-anno-per-gli-over-65\/#primaryimage","url":"https:\/\/comunicacity.net\/cancello-ed-arnone\/wp-content\/uploads\/sites\/28\/2016\/07\/Ambrosca.jpg","contentUrl":"https:\/\/comunicacity.net\/cancello-ed-arnone\/wp-content\/uploads\/sites\/28\/2016\/07\/Ambrosca.jpg","width":400,"height":450},{"@type":"BreadcrumbList","@id":"https:\/\/comunicacity.net\/cancello-ed-arnone\/2018\/12\/18\/lamministrazione-comunale-organizza-la-cena-di-fine-anno-per-gli-over-65\/#breadcrumb","itemListElement":[{"@type":"ListItem","position":1,"name":"Home","item":"https:\/\/comunicacity.net\/cancello-ed-arnone\/"},{"@type":"ListItem","position":2,"name":"L\u2019Amministrazione Comunale organizza la cena di fine anno per gli over 65."}]},{"@type":"WebSite","@id":"https:\/\/comunicacity.net\/cancello-ed-arnone\/#website","url":"https:\/\/comunicacity.net\/cancello-ed-arnone\/","name":"Cancello ed Arnone","description":"ComunicaCity","potentialAction":[{"@type":"SearchAction","target":{"@type":"EntryPoint","urlTemplate":"https:\/\/comunicacity.net\/cancello-ed-arnone\/?s={search_term_string}"},"query-input":{"@type":"PropertyValueSpecification","valueRequired":true,"valueName":"search_term_string"}}],"inLanguage":"it-IT"},{"@type":"Person","@id":"https:\/\/comunicacity.net\/cancello-ed-arnone\/#\/schema\/person\/eaea9f1aebcbd61eb9878e6232bd2a03","name":"Admin_E","image":{"@type":"ImageObject","inLanguage":"it-IT","@id":"https:\/\/secure.gravatar.com\/avatar\/1eb418f243a360a5c118e205c4f1d666c009a9fac37301044747eacb4938b467?s=96&d=mm&r=g","url":"https:\/\/secure.gravatar.com\/avatar\/1eb418f243a360a5c118e205c4f1d666c009a9fac37301044747eacb4938b467?s=96&d=mm&r=g","contentUrl":"https:\/\/secure.gravatar.com\/avatar\/1eb418f243a360a5c118e205c4f1d666c009a9fac37301044747eacb4938b467?s=96&d=mm&r=g","caption":"Admin_E"},"url":"https:\/\/comunicacity.net\/cancello-ed-arnone\/author\/oollppcancelloarnone\/"}]}},"meta_box":{"cc4_urg_colore":"","cc4_urg_data_inizio":"","cc4_urg_data_fine":"","cc4_cor_positivi_oggi":"","cc4_cor_negativizzati_oggi":"","cc4_cor_deceduti_oggi":"","cc4_cor_positivi_totali":"","cc4_cor_negativizzati_totali":"","cc4_cor_deceduti_totali":"","cc4_cor_attualmente_positivi":"","cc4_eve_data_inizio":"","cc4_eve_data_fine":"","cc4_eve_indirizzo":"","cc4_eve_posizione":{"latitude":"","longitude":"","zoom":""},"cc4_eve_telefono":"","cc4_eve_email":"","cc4_eve_web":"","cc4_eve_fb":"","sitopa_id":""},"_links":{"self":[{"href":"https:\/\/comunicacity.net\/cancello-ed-arnone\/wp-json\/wp\/v2\/posts\/743","targetHints":{"allow":["GET"]}}],"collection":[{"href":"https:\/\/comunicacity.net\/cancello-ed-arnone\/wp-json\/wp\/v2\/posts"}],"about":[{"href":"https:\/\/comunicacity.net\/cancello-ed-arnone\/wp-json\/wp\/v2\/types\/post"}],"author":[{"embeddable":true,"href":"https:\/\/comunicacity.net\/cancello-ed-arnone\/wp-json\/wp\/v2\/users\/398"}],"replies":[{"embeddable":true,"href":"https:\/\/comunicacity.net\/cancello-ed-arnone\/wp-json\/wp\/v2\/comments?post=743"}],"version-history":[{"count":1,"href":"https:\/\/comunicacity.net\/cancello-ed-arnone\/wp-json\/wp\/v2\/posts\/743\/revisions"}],"predecessor-version":[{"id":744,"href":"https:\/\/comunicacity.net\/cancello-ed-arnone\/wp-json\/wp\/v2\/posts\/743\/revisions\/744"}],"wp:featuredmedia":[{"embeddable":true,"href":"https:\/\/comunicacity.net\/cancello-ed-arnone\/wp-json\/wp\/v2\/media\/367"}],"wp:attachment":[{"href":"https:\/\/comunicacity.net\/cancello-ed-arnone\/wp-json\/wp\/v2\/media?parent=743"}],"wp:term":[{"taxonomy":"category","embeddable":true,"href":"https:\/\/comunicacity.net\/cancello-ed-arnone\/wp-json\/wp\/v2\/categories?post=743"},{"taxonomy":"post_tag","embeddable":true,"href":"https:\/\/comunicacity.net\/cancello-ed-arnone\/wp-json\/wp\/v2\/tags?post=743"}],"curies":[{"name":"wp","href":"https:\/\/api.w.org\/{rel}","templated":true}]}}