{"id":754,"date":"2018-12-27T07:59:16","date_gmt":"2018-12-27T06:59:16","guid":{"rendered":"https:\/\/comunicacity.net\/cancello-ed-arnone\/?p=754"},"modified":"2023-02-02T15:44:24","modified_gmt":"2023-02-02T14:44:24","slug":"sindaco-ambrosca-una-serie-di-eventi-per-far-vivere-appieno-la-magia-del-natale","status":"publish","type":"post","link":"https:\/\/comunicacity.net\/cancello-ed-arnone\/2018\/12\/27\/sindaco-ambrosca-una-serie-di-eventi-per-far-vivere-appieno-la-magia-del-natale\/","title":{"rendered":"Sindaco Ambrosca: \u201cUna serie di eventi per far vivere appieno la magia del Natale\u201d."},"content":{"rendered":"<p>Il Natale rappresenta la festa pi\u00f9 sentita, carica di tradizioni e fascino.<\/p>\n<p>Il Natale \u00e8 \u201catmosfera\u201d, uno stato psicologico che si fonda sul rinnovamento del senso di comunione, per abbattere le barriere delle differenze in nome di un fattore che fa parte di ognuno di noi e di cui ognuno \u00e8 parte: la comunit\u00e0.<\/p>\n<p>Proprio con questo spirito, l\u2019Amministrazione Comunale e la Pro Loco \u201cTerre di Cancia e Lanio\u201d, hanno voluto creare diverse occasioni d\u2019incontro.<\/p>\n<p>Si inizia domani sera, 27 dicembre, alle ore 20:00, presso il Salone di Piazza Mercato, con la cena di fine anno dedicata agli over 65.<\/p>\n<p><img loading=\"lazy\" decoding=\"async\" class=\"alignnone size-medium wp-image-755 aligncenter\" src=\"https:\/\/comunicacity.net\/cancello-ed-arnone\/wp-content\/uploads\/sites\/28\/2018\/12\/1820D433-0BC6-4226-9C9B-B5FD5B30E70F-258x300.jpeg\" alt=\"\" width=\"258\" height=\"300\" srcset=\"https:\/\/comunicacity.net\/cancello-ed-arnone\/wp-content\/uploads\/sites\/28\/2018\/12\/1820D433-0BC6-4226-9C9B-B5FD5B30E70F-258x300.jpeg 258w, https:\/\/comunicacity.net\/cancello-ed-arnone\/wp-content\/uploads\/sites\/28\/2018\/12\/1820D433-0BC6-4226-9C9B-B5FD5B30E70F-680x790.jpeg 680w, https:\/\/comunicacity.net\/cancello-ed-arnone\/wp-content\/uploads\/sites\/28\/2018\/12\/1820D433-0BC6-4226-9C9B-B5FD5B30E70F.jpeg 689w\" sizes=\"auto, (max-width: 258px) 100vw, 258px\" \/><\/p>\n<p>Venerd\u00ec 28 dicembre, invece, serata \u201cStreet Party\u201d completamente dedicata ai giovani, con Via L. Settembrini che si trasformer\u00e0 in una vera e propria discoteca all\u2019aperto; 2 postazioni musicali (House Music e Caraibici), street food e tanto divertimento.<\/p>\n<p><img loading=\"lazy\" decoding=\"async\" class=\"alignnone size-medium wp-image-756 aligncenter\" src=\"https:\/\/comunicacity.net\/cancello-ed-arnone\/wp-content\/uploads\/sites\/28\/2018\/12\/05E48356-7D8F-4309-8D6F-BBE682688A36-300x119.jpeg\" alt=\"\" width=\"300\" height=\"119\" srcset=\"https:\/\/comunicacity.net\/cancello-ed-arnone\/wp-content\/uploads\/sites\/28\/2018\/12\/05E48356-7D8F-4309-8D6F-BBE682688A36-300x119.jpeg 300w, https:\/\/comunicacity.net\/cancello-ed-arnone\/wp-content\/uploads\/sites\/28\/2018\/12\/05E48356-7D8F-4309-8D6F-BBE682688A36-768x303.jpeg 768w, https:\/\/comunicacity.net\/cancello-ed-arnone\/wp-content\/uploads\/sites\/28\/2018\/12\/05E48356-7D8F-4309-8D6F-BBE682688A36-680x269.jpeg 680w, https:\/\/comunicacity.net\/cancello-ed-arnone\/wp-content\/uploads\/sites\/28\/2018\/12\/05E48356-7D8F-4309-8D6F-BBE682688A36.jpeg 782w\" sizes=\"auto, (max-width: 300px) 100vw, 300px\" \/><\/p>\n<p>Sabato 29 Dicembre, alle ore 18:00, spettacolo di cabaret con <b>Simone<\/b> <b>Schettino<\/b>, comico e cabarettista italiano che, ironicamente, si autodefinisce \u201cfondamentalista napoletano\u201d.<span class=\"Apple-converted-space\">\u00a0<\/span><\/p>\n<p><img loading=\"lazy\" decoding=\"async\" class=\"alignnone size-medium wp-image-757 aligncenter\" src=\"https:\/\/comunicacity.net\/cancello-ed-arnone\/wp-content\/uploads\/sites\/28\/2018\/12\/5F5CDCC4-0234-4B7E-962C-6FD7D4D9D336-300x246.jpeg\" alt=\"\" width=\"300\" height=\"246\" srcset=\"https:\/\/comunicacity.net\/cancello-ed-arnone\/wp-content\/uploads\/sites\/28\/2018\/12\/5F5CDCC4-0234-4B7E-962C-6FD7D4D9D336-300x246.jpeg 300w, https:\/\/comunicacity.net\/cancello-ed-arnone\/wp-content\/uploads\/sites\/28\/2018\/12\/5F5CDCC4-0234-4B7E-962C-6FD7D4D9D336-768x629.jpeg 768w, https:\/\/comunicacity.net\/cancello-ed-arnone\/wp-content\/uploads\/sites\/28\/2018\/12\/5F5CDCC4-0234-4B7E-962C-6FD7D4D9D336-680x557.jpeg 680w, https:\/\/comunicacity.net\/cancello-ed-arnone\/wp-content\/uploads\/sites\/28\/2018\/12\/5F5CDCC4-0234-4B7E-962C-6FD7D4D9D336-600x491.jpeg 600w, https:\/\/comunicacity.net\/cancello-ed-arnone\/wp-content\/uploads\/sites\/28\/2018\/12\/5F5CDCC4-0234-4B7E-962C-6FD7D4D9D336-800x655.jpeg 800w, https:\/\/comunicacity.net\/cancello-ed-arnone\/wp-content\/uploads\/sites\/28\/2018\/12\/5F5CDCC4-0234-4B7E-962C-6FD7D4D9D336.jpeg 889w\" sizes=\"auto, (max-width: 300px) 100vw, 300px\" \/><\/p>\n<p>Il 2 gennaio, sempre alle ore 18:00, l\u2019appuntamento \u00e8 con il Coro Gospel del maestro Affinito che diriger\u00e0 40 orchestrali allietandoci con le pi\u00f9 famose canzoni natalizie.<span class=\"Apple-converted-space\">\u00a0<\/span><\/p>\n<p>Un ringraziamento speciale va anche all\u2019Associazione Commercianti che domenica 23 Dicembre, in Piazza Municipio, ha regalato un sorriso ai pi\u00f9 piccini con l\u2019arrivo di Babbo Natale.<span class=\"Apple-converted-space\">\u00a0<\/span><\/p>\n<p>Il 6 gennaio, invece, si aspetter\u00e0 l\u2019arrivo della Befana. <span class=\"Apple-converted-space\">\u00a0<\/span><\/p>\n<p>\u201cUna serie di eventi per far vivere appieno la magia del Natale, un Natale da ricordare e che, sono sicuro, diventer\u00e0 un appuntamento annuale\u201d. Queste le parole del sindaco Ambrosca che conclude: \u201cFacendo squadra e lavorando insieme si possono raggiungere obiettivi sempre pi\u00f9 ambiziosi\u201d.<\/p>\n","protected":false},"excerpt":{"rendered":"<p>Il Natale rappresenta la festa pi\u00f9 sentita, carica di tradizioni e fascino. Il Natale \u00e8 \u201catmosfera\u201d, uno stato psicologico che si fonda sul rinnovamento del senso di comunione, per abbattere [&hellip;]<\/p>\n","protected":false},"author":398,"featured_media":367,"comment_status":"closed","ping_status":"closed","sticky":false,"template":"","format":"standard","meta":{"footnotes":""},"categories":[11],"tags":[],"class_list":["post-754","post","type-post","status-publish","format-standard","has-post-thumbnail","hentry","category-notizie-e-informazioni"],"yoast_head":"<!-- This site is optimized with the Yoast SEO plugin v27.4 - https:\/\/yoast.com\/product\/yoast-seo-wordpress\/ -->\n<title>Sindaco Ambrosca: \u201cUna serie di eventi per far vivere appieno la magia del Natale\u201d. - Cancello ed Arnone<\/title>\n<meta name=\"robots\" content=\"index, follow, max-snippet:-1, max-image-preview:large, max-video-preview:-1\" \/>\n<link rel=\"canonical\" href=\"https:\/\/comunicacity.net\/cancello-ed-arnone\/2018\/12\/27\/sindaco-ambrosca-una-serie-di-eventi-per-far-vivere-appieno-la-magia-del-natale\/\" \/>\n<meta property=\"og:locale\" content=\"it_IT\" \/>\n<meta property=\"og:type\" content=\"article\" \/>\n<meta property=\"og:title\" content=\"Sindaco Ambrosca: \u201cUna serie di eventi per far vivere appieno la magia del Natale\u201d. - Cancello ed Arnone\" \/>\n<meta property=\"og:description\" content=\"Il Natale rappresenta la festa pi\u00f9 sentita, carica di tradizioni e fascino. Il Natale \u00e8 \u201catmosfera\u201d, uno stato psicologico che si fonda sul rinnovamento del senso di comunione, per abbattere [&hellip;]\" \/>\n<meta property=\"og:url\" content=\"https:\/\/comunicacity.net\/cancello-ed-arnone\/2018\/12\/27\/sindaco-ambrosca-una-serie-di-eventi-per-far-vivere-appieno-la-magia-del-natale\/\" \/>\n<meta property=\"og:site_name\" content=\"Cancello ed Arnone\" \/>\n<meta property=\"article:publisher\" content=\"http:\/\/facebook.com\/ComunicaCity\" \/>\n<meta property=\"article:published_time\" content=\"2018-12-27T06:59:16+00:00\" \/>\n<meta property=\"article:modified_time\" content=\"2023-02-02T14:44:24+00:00\" \/>\n<meta property=\"og:image\" content=\"https:\/\/comunicacity.net\/cancello-ed-arnone\/wp-content\/uploads\/sites\/28\/2016\/07\/Ambrosca.jpg\" \/>\n\t<meta property=\"og:image:width\" content=\"400\" \/>\n\t<meta property=\"og:image:height\" content=\"450\" \/>\n\t<meta property=\"og:image:type\" content=\"image\/jpeg\" \/>\n<meta name=\"author\" content=\"Admin_E\" \/>\n<meta name=\"twitter:card\" content=\"summary_large_image\" \/>\n<meta name=\"twitter:creator\" content=\"@comunicacity\" \/>\n<meta name=\"twitter:site\" content=\"@comunicacity\" \/>\n<meta name=\"twitter:label1\" content=\"Scritto da\" \/>\n\t<meta name=\"twitter:data1\" content=\"Admin_E\" \/>\n\t<meta name=\"twitter:label2\" content=\"Tempo di lettura stimato\" \/>\n\t<meta name=\"twitter:data2\" content=\"1 minuto\" \/>\n<script type=\"application\/ld+json\" class=\"yoast-schema-graph\">{\"@context\":\"https:\\\/\\\/schema.org\",\"@graph\":[{\"@type\":\"Article\",\"@id\":\"https:\\\/\\\/comunicacity.net\\\/cancello-ed-arnone\\\/2018\\\/12\\\/27\\\/sindaco-ambrosca-una-serie-di-eventi-per-far-vivere-appieno-la-magia-del-natale\\\/#article\",\"isPartOf\":{\"@id\":\"https:\\\/\\\/comunicacity.net\\\/cancello-ed-arnone\\\/2018\\\/12\\\/27\\\/sindaco-ambrosca-una-serie-di-eventi-per-far-vivere-appieno-la-magia-del-natale\\\/\"},\"author\":{\"name\":\"Admin_E\",\"@id\":\"https:\\\/\\\/comunicacity.net\\\/cancello-ed-arnone\\\/#\\\/schema\\\/person\\\/eaea9f1aebcbd61eb9878e6232bd2a03\"},\"headline\":\"Sindaco Ambrosca: \u201cUna serie di eventi per far vivere appieno la magia del Natale\u201d.\",\"datePublished\":\"2018-12-27T06:59:16+00:00\",\"dateModified\":\"2023-02-02T14:44:24+00:00\",\"mainEntityOfPage\":{\"@id\":\"https:\\\/\\\/comunicacity.net\\\/cancello-ed-arnone\\\/2018\\\/12\\\/27\\\/sindaco-ambrosca-una-serie-di-eventi-per-far-vivere-appieno-la-magia-del-natale\\\/\"},\"wordCount\":271,\"image\":{\"@id\":\"https:\\\/\\\/comunicacity.net\\\/cancello-ed-arnone\\\/2018\\\/12\\\/27\\\/sindaco-ambrosca-una-serie-di-eventi-per-far-vivere-appieno-la-magia-del-natale\\\/#primaryimage\"},\"thumbnailUrl\":\"https:\\\/\\\/comunicacity.net\\\/cancello-ed-arnone\\\/wp-content\\\/uploads\\\/sites\\\/28\\\/2016\\\/07\\\/Ambrosca.jpg\",\"articleSection\":[\"Notizie e Informazioni\"],\"inLanguage\":\"it-IT\"},{\"@type\":\"WebPage\",\"@id\":\"https:\\\/\\\/comunicacity.net\\\/cancello-ed-arnone\\\/2018\\\/12\\\/27\\\/sindaco-ambrosca-una-serie-di-eventi-per-far-vivere-appieno-la-magia-del-natale\\\/\",\"url\":\"https:\\\/\\\/comunicacity.net\\\/cancello-ed-arnone\\\/2018\\\/12\\\/27\\\/sindaco-ambrosca-una-serie-di-eventi-per-far-vivere-appieno-la-magia-del-natale\\\/\",\"name\":\"Sindaco Ambrosca: \u201cUna serie di eventi per far vivere appieno la magia del Natale\u201d. - Cancello ed Arnone\",\"isPartOf\":{\"@id\":\"https:\\\/\\\/comunicacity.net\\\/cancello-ed-arnone\\\/#website\"},\"primaryImageOfPage\":{\"@id\":\"https:\\\/\\\/comunicacity.net\\\/cancello-ed-arnone\\\/2018\\\/12\\\/27\\\/sindaco-ambrosca-una-serie-di-eventi-per-far-vivere-appieno-la-magia-del-natale\\\/#primaryimage\"},\"image\":{\"@id\":\"https:\\\/\\\/comunicacity.net\\\/cancello-ed-arnone\\\/2018\\\/12\\\/27\\\/sindaco-ambrosca-una-serie-di-eventi-per-far-vivere-appieno-la-magia-del-natale\\\/#primaryimage\"},\"thumbnailUrl\":\"https:\\\/\\\/comunicacity.net\\\/cancello-ed-arnone\\\/wp-content\\\/uploads\\\/sites\\\/28\\\/2016\\\/07\\\/Ambrosca.jpg\",\"datePublished\":\"2018-12-27T06:59:16+00:00\",\"dateModified\":\"2023-02-02T14:44:24+00:00\",\"author\":{\"@id\":\"https:\\\/\\\/comunicacity.net\\\/cancello-ed-arnone\\\/#\\\/schema\\\/person\\\/eaea9f1aebcbd61eb9878e6232bd2a03\"},\"breadcrumb\":{\"@id\":\"https:\\\/\\\/comunicacity.net\\\/cancello-ed-arnone\\\/2018\\\/12\\\/27\\\/sindaco-ambrosca-una-serie-di-eventi-per-far-vivere-appieno-la-magia-del-natale\\\/#breadcrumb\"},\"inLanguage\":\"it-IT\",\"potentialAction\":[{\"@type\":\"ReadAction\",\"target\":[\"https:\\\/\\\/comunicacity.net\\\/cancello-ed-arnone\\\/2018\\\/12\\\/27\\\/sindaco-ambrosca-una-serie-di-eventi-per-far-vivere-appieno-la-magia-del-natale\\\/\"]}]},{\"@type\":\"ImageObject\",\"inLanguage\":\"it-IT\",\"@id\":\"https:\\\/\\\/comunicacity.net\\\/cancello-ed-arnone\\\/2018\\\/12\\\/27\\\/sindaco-ambrosca-una-serie-di-eventi-per-far-vivere-appieno-la-magia-del-natale\\\/#primaryimage\",\"url\":\"https:\\\/\\\/comunicacity.net\\\/cancello-ed-arnone\\\/wp-content\\\/uploads\\\/sites\\\/28\\\/2016\\\/07\\\/Ambrosca.jpg\",\"contentUrl\":\"https:\\\/\\\/comunicacity.net\\\/cancello-ed-arnone\\\/wp-content\\\/uploads\\\/sites\\\/28\\\/2016\\\/07\\\/Ambrosca.jpg\",\"width\":400,\"height\":450},{\"@type\":\"BreadcrumbList\",\"@id\":\"https:\\\/\\\/comunicacity.net\\\/cancello-ed-arnone\\\/2018\\\/12\\\/27\\\/sindaco-ambrosca-una-serie-di-eventi-per-far-vivere-appieno-la-magia-del-natale\\\/#breadcrumb\",\"itemListElement\":[{\"@type\":\"ListItem\",\"position\":1,\"name\":\"Home\",\"item\":\"https:\\\/\\\/comunicacity.net\\\/cancello-ed-arnone\\\/\"},{\"@type\":\"ListItem\",\"position\":2,\"name\":\"Sindaco Ambrosca: \u201cUna serie di eventi per far vivere appieno la magia del Natale\u201d.\"}]},{\"@type\":\"WebSite\",\"@id\":\"https:\\\/\\\/comunicacity.net\\\/cancello-ed-arnone\\\/#website\",\"url\":\"https:\\\/\\\/comunicacity.net\\\/cancello-ed-arnone\\\/\",\"name\":\"Cancello ed Arnone\",\"description\":\"ComunicaCity\",\"potentialAction\":[{\"@type\":\"SearchAction\",\"target\":{\"@type\":\"EntryPoint\",\"urlTemplate\":\"https:\\\/\\\/comunicacity.net\\\/cancello-ed-arnone\\\/?s={search_term_string}\"},\"query-input\":{\"@type\":\"PropertyValueSpecification\",\"valueRequired\":true,\"valueName\":\"search_term_string\"}}],\"inLanguage\":\"it-IT\"},{\"@type\":\"Person\",\"@id\":\"https:\\\/\\\/comunicacity.net\\\/cancello-ed-arnone\\\/#\\\/schema\\\/person\\\/eaea9f1aebcbd61eb9878e6232bd2a03\",\"name\":\"Admin_E\",\"image\":{\"@type\":\"ImageObject\",\"inLanguage\":\"it-IT\",\"@id\":\"https:\\\/\\\/secure.gravatar.com\\\/avatar\\\/1eb418f243a360a5c118e205c4f1d666c009a9fac37301044747eacb4938b467?s=96&d=mm&r=g\",\"url\":\"https:\\\/\\\/secure.gravatar.com\\\/avatar\\\/1eb418f243a360a5c118e205c4f1d666c009a9fac37301044747eacb4938b467?s=96&d=mm&r=g\",\"contentUrl\":\"https:\\\/\\\/secure.gravatar.com\\\/avatar\\\/1eb418f243a360a5c118e205c4f1d666c009a9fac37301044747eacb4938b467?s=96&d=mm&r=g\",\"caption\":\"Admin_E\"},\"url\":\"https:\\\/\\\/comunicacity.net\\\/cancello-ed-arnone\\\/author\\\/oollppcancelloarnone\\\/\"}]}<\/script>\n<!-- \/ Yoast SEO plugin. -->","yoast_head_json":{"title":"Sindaco Ambrosca: \u201cUna serie di eventi per far vivere appieno la magia del Natale\u201d. - Cancello ed Arnone","robots":{"index":"index","follow":"follow","max-snippet":"max-snippet:-1","max-image-preview":"max-image-preview:large","max-video-preview":"max-video-preview:-1"},"canonical":"https:\/\/comunicacity.net\/cancello-ed-arnone\/2018\/12\/27\/sindaco-ambrosca-una-serie-di-eventi-per-far-vivere-appieno-la-magia-del-natale\/","og_locale":"it_IT","og_type":"article","og_title":"Sindaco Ambrosca: \u201cUna serie di eventi per far vivere appieno la magia del Natale\u201d. - Cancello ed Arnone","og_description":"Il Natale rappresenta la festa pi\u00f9 sentita, carica di tradizioni e fascino. Il Natale \u00e8 \u201catmosfera\u201d, uno stato psicologico che si fonda sul rinnovamento del senso di comunione, per abbattere [&hellip;]","og_url":"https:\/\/comunicacity.net\/cancello-ed-arnone\/2018\/12\/27\/sindaco-ambrosca-una-serie-di-eventi-per-far-vivere-appieno-la-magia-del-natale\/","og_site_name":"Cancello ed Arnone","article_publisher":"http:\/\/facebook.com\/ComunicaCity","article_published_time":"2018-12-27T06:59:16+00:00","article_modified_time":"2023-02-02T14:44:24+00:00","og_image":[{"width":400,"height":450,"url":"https:\/\/comunicacity.net\/cancello-ed-arnone\/wp-content\/uploads\/sites\/28\/2016\/07\/Ambrosca.jpg","type":"image\/jpeg"}],"author":"Admin_E","twitter_card":"summary_large_image","twitter_creator":"@comunicacity","twitter_site":"@comunicacity","twitter_misc":{"Scritto da":"Admin_E","Tempo di lettura stimato":"1 minuto"},"schema":{"@context":"https:\/\/schema.org","@graph":[{"@type":"Article","@id":"https:\/\/comunicacity.net\/cancello-ed-arnone\/2018\/12\/27\/sindaco-ambrosca-una-serie-di-eventi-per-far-vivere-appieno-la-magia-del-natale\/#article","isPartOf":{"@id":"https:\/\/comunicacity.net\/cancello-ed-arnone\/2018\/12\/27\/sindaco-ambrosca-una-serie-di-eventi-per-far-vivere-appieno-la-magia-del-natale\/"},"author":{"name":"Admin_E","@id":"https:\/\/comunicacity.net\/cancello-ed-arnone\/#\/schema\/person\/eaea9f1aebcbd61eb9878e6232bd2a03"},"headline":"Sindaco Ambrosca: \u201cUna serie di eventi per far vivere appieno la magia del Natale\u201d.","datePublished":"2018-12-27T06:59:16+00:00","dateModified":"2023-02-02T14:44:24+00:00","mainEntityOfPage":{"@id":"https:\/\/comunicacity.net\/cancello-ed-arnone\/2018\/12\/27\/sindaco-ambrosca-una-serie-di-eventi-per-far-vivere-appieno-la-magia-del-natale\/"},"wordCount":271,"image":{"@id":"https:\/\/comunicacity.net\/cancello-ed-arnone\/2018\/12\/27\/sindaco-ambrosca-una-serie-di-eventi-per-far-vivere-appieno-la-magia-del-natale\/#primaryimage"},"thumbnailUrl":"https:\/\/comunicacity.net\/cancello-ed-arnone\/wp-content\/uploads\/sites\/28\/2016\/07\/Ambrosca.jpg","articleSection":["Notizie e Informazioni"],"inLanguage":"it-IT"},{"@type":"WebPage","@id":"https:\/\/comunicacity.net\/cancello-ed-arnone\/2018\/12\/27\/sindaco-ambrosca-una-serie-di-eventi-per-far-vivere-appieno-la-magia-del-natale\/","url":"https:\/\/comunicacity.net\/cancello-ed-arnone\/2018\/12\/27\/sindaco-ambrosca-una-serie-di-eventi-per-far-vivere-appieno-la-magia-del-natale\/","name":"Sindaco Ambrosca: \u201cUna serie di eventi per far vivere appieno la magia del Natale\u201d. - Cancello ed Arnone","isPartOf":{"@id":"https:\/\/comunicacity.net\/cancello-ed-arnone\/#website"},"primaryImageOfPage":{"@id":"https:\/\/comunicacity.net\/cancello-ed-arnone\/2018\/12\/27\/sindaco-ambrosca-una-serie-di-eventi-per-far-vivere-appieno-la-magia-del-natale\/#primaryimage"},"image":{"@id":"https:\/\/comunicacity.net\/cancello-ed-arnone\/2018\/12\/27\/sindaco-ambrosca-una-serie-di-eventi-per-far-vivere-appieno-la-magia-del-natale\/#primaryimage"},"thumbnailUrl":"https:\/\/comunicacity.net\/cancello-ed-arnone\/wp-content\/uploads\/sites\/28\/2016\/07\/Ambrosca.jpg","datePublished":"2018-12-27T06:59:16+00:00","dateModified":"2023-02-02T14:44:24+00:00","author":{"@id":"https:\/\/comunicacity.net\/cancello-ed-arnone\/#\/schema\/person\/eaea9f1aebcbd61eb9878e6232bd2a03"},"breadcrumb":{"@id":"https:\/\/comunicacity.net\/cancello-ed-arnone\/2018\/12\/27\/sindaco-ambrosca-una-serie-di-eventi-per-far-vivere-appieno-la-magia-del-natale\/#breadcrumb"},"inLanguage":"it-IT","potentialAction":[{"@type":"ReadAction","target":["https:\/\/comunicacity.net\/cancello-ed-arnone\/2018\/12\/27\/sindaco-ambrosca-una-serie-di-eventi-per-far-vivere-appieno-la-magia-del-natale\/"]}]},{"@type":"ImageObject","inLanguage":"it-IT","@id":"https:\/\/comunicacity.net\/cancello-ed-arnone\/2018\/12\/27\/sindaco-ambrosca-una-serie-di-eventi-per-far-vivere-appieno-la-magia-del-natale\/#primaryimage","url":"https:\/\/comunicacity.net\/cancello-ed-arnone\/wp-content\/uploads\/sites\/28\/2016\/07\/Ambrosca.jpg","contentUrl":"https:\/\/comunicacity.net\/cancello-ed-arnone\/wp-content\/uploads\/sites\/28\/2016\/07\/Ambrosca.jpg","width":400,"height":450},{"@type":"BreadcrumbList","@id":"https:\/\/comunicacity.net\/cancello-ed-arnone\/2018\/12\/27\/sindaco-ambrosca-una-serie-di-eventi-per-far-vivere-appieno-la-magia-del-natale\/#breadcrumb","itemListElement":[{"@type":"ListItem","position":1,"name":"Home","item":"https:\/\/comunicacity.net\/cancello-ed-arnone\/"},{"@type":"ListItem","position":2,"name":"Sindaco Ambrosca: \u201cUna serie di eventi per far vivere appieno la magia del Natale\u201d."}]},{"@type":"WebSite","@id":"https:\/\/comunicacity.net\/cancello-ed-arnone\/#website","url":"https:\/\/comunicacity.net\/cancello-ed-arnone\/","name":"Cancello ed Arnone","description":"ComunicaCity","potentialAction":[{"@type":"SearchAction","target":{"@type":"EntryPoint","urlTemplate":"https:\/\/comunicacity.net\/cancello-ed-arnone\/?s={search_term_string}"},"query-input":{"@type":"PropertyValueSpecification","valueRequired":true,"valueName":"search_term_string"}}],"inLanguage":"it-IT"},{"@type":"Person","@id":"https:\/\/comunicacity.net\/cancello-ed-arnone\/#\/schema\/person\/eaea9f1aebcbd61eb9878e6232bd2a03","name":"Admin_E","image":{"@type":"ImageObject","inLanguage":"it-IT","@id":"https:\/\/secure.gravatar.com\/avatar\/1eb418f243a360a5c118e205c4f1d666c009a9fac37301044747eacb4938b467?s=96&d=mm&r=g","url":"https:\/\/secure.gravatar.com\/avatar\/1eb418f243a360a5c118e205c4f1d666c009a9fac37301044747eacb4938b467?s=96&d=mm&r=g","contentUrl":"https:\/\/secure.gravatar.com\/avatar\/1eb418f243a360a5c118e205c4f1d666c009a9fac37301044747eacb4938b467?s=96&d=mm&r=g","caption":"Admin_E"},"url":"https:\/\/comunicacity.net\/cancello-ed-arnone\/author\/oollppcancelloarnone\/"}]}},"meta_box":{"cc4_urg_colore":"","cc4_urg_data_inizio":"","cc4_urg_data_fine":"","cc4_cor_positivi_oggi":"","cc4_cor_negativizzati_oggi":"","cc4_cor_deceduti_oggi":"","cc4_cor_positivi_totali":"","cc4_cor_negativizzati_totali":"","cc4_cor_deceduti_totali":"","cc4_cor_attualmente_positivi":"","cc4_eve_data_inizio":"","cc4_eve_data_fine":"","cc4_eve_indirizzo":"","cc4_eve_posizione":{"latitude":"","longitude":"","zoom":""},"cc4_eve_telefono":"","cc4_eve_email":"","cc4_eve_web":"","cc4_eve_fb":"","sitopa_id":""},"_links":{"self":[{"href":"https:\/\/comunicacity.net\/cancello-ed-arnone\/wp-json\/wp\/v2\/posts\/754","targetHints":{"allow":["GET"]}}],"collection":[{"href":"https:\/\/comunicacity.net\/cancello-ed-arnone\/wp-json\/wp\/v2\/posts"}],"about":[{"href":"https:\/\/comunicacity.net\/cancello-ed-arnone\/wp-json\/wp\/v2\/types\/post"}],"author":[{"embeddable":true,"href":"https:\/\/comunicacity.net\/cancello-ed-arnone\/wp-json\/wp\/v2\/users\/398"}],"replies":[{"embeddable":true,"href":"https:\/\/comunicacity.net\/cancello-ed-arnone\/wp-json\/wp\/v2\/comments?post=754"}],"version-history":[{"count":1,"href":"https:\/\/comunicacity.net\/cancello-ed-arnone\/wp-json\/wp\/v2\/posts\/754\/revisions"}],"predecessor-version":[{"id":758,"href":"https:\/\/comunicacity.net\/cancello-ed-arnone\/wp-json\/wp\/v2\/posts\/754\/revisions\/758"}],"wp:featuredmedia":[{"embeddable":true,"href":"https:\/\/comunicacity.net\/cancello-ed-arnone\/wp-json\/wp\/v2\/media\/367"}],"wp:attachment":[{"href":"https:\/\/comunicacity.net\/cancello-ed-arnone\/wp-json\/wp\/v2\/media?parent=754"}],"wp:term":[{"taxonomy":"category","embeddable":true,"href":"https:\/\/comunicacity.net\/cancello-ed-arnone\/wp-json\/wp\/v2\/categories?post=754"},{"taxonomy":"post_tag","embeddable":true,"href":"https:\/\/comunicacity.net\/cancello-ed-arnone\/wp-json\/wp\/v2\/tags?post=754"}],"curies":[{"name":"wp","href":"https:\/\/api.w.org\/{rel}","templated":true}]}}