{"id":759,"date":"2018-12-27T21:06:48","date_gmt":"2018-12-27T20:06:48","guid":{"rendered":"https:\/\/comunicacity.net\/cancello-ed-arnone\/?p=759"},"modified":"2023-02-02T15:44:23","modified_gmt":"2023-02-02T14:44:23","slug":"questa-mattina-conferenza-stampa-di-fine-anno","status":"publish","type":"post","link":"https:\/\/comunicacity.net\/cancello-ed-arnone\/2018\/12\/27\/questa-mattina-conferenza-stampa-di-fine-anno\/","title":{"rendered":"Questa mattina conferenza stampa di fine anno."},"content":{"rendered":"<p>Il sindaco Raffaele Ambrosca, con tutta la giunta, ha incontrato questa mattina, presso la Sala Consiliare del Comune, i giornalisti per la conferenza stampa di fine anno.<\/p>\n<p>Questa conferenza \u00e8 stata l\u2019occasione per illustrare i traguardi conseguiti nel corso del 2018 e delineare la mappa degli obiettivi per il prossimo anno.<\/p>\n<p>Molti i temi trattati: il lavoro, la riqualificazione del territorio, il randagismo, il problema dei rifiuti e l\u2019acqua.<\/p>\n<p>\u201cNon appena ci siamo insediati, con una squadra giovane, molto volenterosa e competente, abbiamo iniziato a macinare risultati. Quello che abbiamo fatto \u00e8 tanto, ma c\u2019\u00e8 ancora molto lavoro per i prossimi mesi\u201d. Queste le parole del primo cittadino Ambrosca, che continua: \u201cSiamo convinti che non c\u2019\u00e8 risultato possibile se non c\u2019\u00e8 una casa comunale, una squadra di dirigenti, impiegati che, in modo unanime, collaborino per il conseguimento di risultati ottimali per Cancello ed Arnone. In effetti, non \u00e8 possibile riscontrare miglioramenti nel nostro paese se non si muovono novit\u00e0 dal Comune stesso. Questo \u00e8 il concetto di base su cui abbiamo incentrato tutta la nostra azione amministrativa ed \u00e8 questo il punto sul quale la nostra squadra di governo si sta maggiormente impegnando.<\/p>\n<p>Tra i risultati pi\u00f9 importanti conseguiti nel 2018, vi \u00e8 sicuramente quello della raccolta differenziata. Raggiungere, in pochi mesi, una percentuale di raccolta pari a circa l\u201980% \u00e8 un traguardo straordinario. Risultato che \u00e8 stato possibile, ovviamente, con l\u2019ottima partecipazione e la sensibilit\u00e0 della cittadinanza che ha immediatamente colto il segnale ed ha sostenuto con i fatti il nostro operato, la grande disponibilit\u00e0 degli operatori e la professionalit\u00e0 della societ\u00e0 Teknoservice.<span class=\"Apple-converted-space\">\u00a0<\/span><\/p>\n<p>Uno dei problemi pi\u00f9 onerosi \u00e8 sicuramente quello dell\u2019acqua. Abbiamo affrontato questo problema di petto; abbiamo dovuto \u201clitigare\u201d con la societ\u00e0 che prima attendeva questo servizio. Adesso lo stiamo gestendo in maniera transitoria per arrivare a quantificare delle tariffe giuste per un servizio idrico che si rispetti e, soprattutto, in attesa che per il nostro territorio sia stabilito un gestore adatto alle esigenze della piana del Basso Volturno.<\/p>\n<p>Per quanto riguarda il lavoro, siamo convinti che riqualificando l\u2019ambiente, utilizzando i beni confiscati alla criminalita organizzata, si possa ottenere lavoro. Inoltre, abbiamo aderito al bando della Regione Campania che prevede 10mila inserimenti di personale a tempo indeterminato nella Pubblica Amministrazione; quindi, ci vorr\u00e0 impegno da parte nostra e pazienza da parte dei giovani, ma si potr\u00e0 evitare di fare la \u201cvaligia\u201d per andare a cercare lavoro altrove. Per i giovani, per\u00f2, \u00e8 indispensabile la formazione, la diversificazione della mansioni da svolgere.<span class=\"Apple-converted-space\">\u00a0<\/span><\/p>\n<p>Un\u2019altra problematica di cui ci siamo occupati \u00e8 quella del randagismo. Non siamo ancora in grado di poter parlare di canile, ma siamo in grado di dire che abbiamo intrapreso un\u2019ottima collaborazione con le istituzioni veterinarie. Un ringraziamento particolare va alle associazioni di volontari presenti sul territorio per il grande contributo che ci stanno offrendo.<span class=\"Apple-converted-space\">\u00a0<\/span><\/p>\n<p>Posso, dunque, concludere dicendo che Cancello ed Arnone \u00e8 un paese che sta riacquistando fiducia, ha riscoperto l\u2019orgoglio di ci\u00f2 che \u00e8, ovvero una realt\u00e0 capace di crescere e di guardare avanti con fiducia.<\/p>\n<p>Ancora auguri a tutti, buona continuazione ed un felice 2019!\u201d<\/p>\n","protected":false},"excerpt":{"rendered":"<p>Il sindaco Raffaele Ambrosca, con tutta la giunta, ha incontrato questa mattina, presso la Sala Consiliare del Comune, i giornalisti per la conferenza stampa di fine anno. Questa conferenza \u00e8 [&hellip;]<\/p>\n","protected":false},"author":398,"featured_media":760,"comment_status":"closed","ping_status":"closed","sticky":false,"template":"","format":"standard","meta":{"footnotes":""},"categories":[11],"tags":[],"class_list":["post-759","post","type-post","status-publish","format-standard","has-post-thumbnail","hentry","category-notizie-e-informazioni"],"yoast_head":"<!-- This site is optimized with the Yoast SEO plugin v27.4 - https:\/\/yoast.com\/product\/yoast-seo-wordpress\/ -->\n<title>Questa mattina conferenza stampa di fine anno. - Cancello ed Arnone<\/title>\n<meta name=\"robots\" content=\"index, follow, max-snippet:-1, max-image-preview:large, max-video-preview:-1\" \/>\n<link rel=\"canonical\" href=\"https:\/\/comunicacity.net\/cancello-ed-arnone\/2018\/12\/27\/questa-mattina-conferenza-stampa-di-fine-anno\/\" \/>\n<meta property=\"og:locale\" content=\"it_IT\" \/>\n<meta property=\"og:type\" content=\"article\" \/>\n<meta property=\"og:title\" content=\"Questa mattina conferenza stampa di fine anno. - Cancello ed Arnone\" \/>\n<meta property=\"og:description\" content=\"Il sindaco Raffaele Ambrosca, con tutta la giunta, ha incontrato questa mattina, presso la Sala Consiliare del Comune, i giornalisti per la conferenza stampa di fine anno. Questa conferenza \u00e8 [&hellip;]\" \/>\n<meta property=\"og:url\" content=\"https:\/\/comunicacity.net\/cancello-ed-arnone\/2018\/12\/27\/questa-mattina-conferenza-stampa-di-fine-anno\/\" \/>\n<meta property=\"og:site_name\" content=\"Cancello ed Arnone\" \/>\n<meta property=\"article:publisher\" content=\"http:\/\/facebook.com\/ComunicaCity\" \/>\n<meta property=\"article:published_time\" content=\"2018-12-27T20:06:48+00:00\" \/>\n<meta property=\"article:modified_time\" content=\"2023-02-02T14:44:23+00:00\" \/>\n<meta property=\"og:image\" content=\"https:\/\/comunicacity.net\/cancello-ed-arnone\/wp-content\/uploads\/sites\/28\/2018\/12\/0A8A8690-9052-4C35-8507-ECB48AD396F9.jpeg\" \/>\n\t<meta property=\"og:image:width\" content=\"954\" \/>\n\t<meta property=\"og:image:height\" content=\"462\" \/>\n\t<meta property=\"og:image:type\" content=\"image\/jpeg\" \/>\n<meta name=\"author\" content=\"Admin_E\" \/>\n<meta name=\"twitter:card\" content=\"summary_large_image\" \/>\n<meta name=\"twitter:creator\" content=\"@comunicacity\" \/>\n<meta name=\"twitter:site\" content=\"@comunicacity\" \/>\n<meta name=\"twitter:label1\" content=\"Scritto da\" \/>\n\t<meta name=\"twitter:data1\" content=\"Admin_E\" \/>\n\t<meta name=\"twitter:label2\" content=\"Tempo di lettura stimato\" \/>\n\t<meta name=\"twitter:data2\" content=\"3 minuti\" \/>\n<script type=\"application\/ld+json\" class=\"yoast-schema-graph\">{\"@context\":\"https:\\\/\\\/schema.org\",\"@graph\":[{\"@type\":\"Article\",\"@id\":\"https:\\\/\\\/comunicacity.net\\\/cancello-ed-arnone\\\/2018\\\/12\\\/27\\\/questa-mattina-conferenza-stampa-di-fine-anno\\\/#article\",\"isPartOf\":{\"@id\":\"https:\\\/\\\/comunicacity.net\\\/cancello-ed-arnone\\\/2018\\\/12\\\/27\\\/questa-mattina-conferenza-stampa-di-fine-anno\\\/\"},\"author\":{\"name\":\"Admin_E\",\"@id\":\"https:\\\/\\\/comunicacity.net\\\/cancello-ed-arnone\\\/#\\\/schema\\\/person\\\/eaea9f1aebcbd61eb9878e6232bd2a03\"},\"headline\":\"Questa mattina conferenza stampa di fine anno.\",\"datePublished\":\"2018-12-27T20:06:48+00:00\",\"dateModified\":\"2023-02-02T14:44:23+00:00\",\"mainEntityOfPage\":{\"@id\":\"https:\\\/\\\/comunicacity.net\\\/cancello-ed-arnone\\\/2018\\\/12\\\/27\\\/questa-mattina-conferenza-stampa-di-fine-anno\\\/\"},\"wordCount\":512,\"image\":{\"@id\":\"https:\\\/\\\/comunicacity.net\\\/cancello-ed-arnone\\\/2018\\\/12\\\/27\\\/questa-mattina-conferenza-stampa-di-fine-anno\\\/#primaryimage\"},\"thumbnailUrl\":\"https:\\\/\\\/comunicacity.net\\\/cancello-ed-arnone\\\/wp-content\\\/uploads\\\/sites\\\/28\\\/2018\\\/12\\\/0A8A8690-9052-4C35-8507-ECB48AD396F9.jpeg\",\"articleSection\":[\"Notizie e Informazioni\"],\"inLanguage\":\"it-IT\"},{\"@type\":\"WebPage\",\"@id\":\"https:\\\/\\\/comunicacity.net\\\/cancello-ed-arnone\\\/2018\\\/12\\\/27\\\/questa-mattina-conferenza-stampa-di-fine-anno\\\/\",\"url\":\"https:\\\/\\\/comunicacity.net\\\/cancello-ed-arnone\\\/2018\\\/12\\\/27\\\/questa-mattina-conferenza-stampa-di-fine-anno\\\/\",\"name\":\"Questa mattina conferenza stampa di fine anno. - Cancello ed Arnone\",\"isPartOf\":{\"@id\":\"https:\\\/\\\/comunicacity.net\\\/cancello-ed-arnone\\\/#website\"},\"primaryImageOfPage\":{\"@id\":\"https:\\\/\\\/comunicacity.net\\\/cancello-ed-arnone\\\/2018\\\/12\\\/27\\\/questa-mattina-conferenza-stampa-di-fine-anno\\\/#primaryimage\"},\"image\":{\"@id\":\"https:\\\/\\\/comunicacity.net\\\/cancello-ed-arnone\\\/2018\\\/12\\\/27\\\/questa-mattina-conferenza-stampa-di-fine-anno\\\/#primaryimage\"},\"thumbnailUrl\":\"https:\\\/\\\/comunicacity.net\\\/cancello-ed-arnone\\\/wp-content\\\/uploads\\\/sites\\\/28\\\/2018\\\/12\\\/0A8A8690-9052-4C35-8507-ECB48AD396F9.jpeg\",\"datePublished\":\"2018-12-27T20:06:48+00:00\",\"dateModified\":\"2023-02-02T14:44:23+00:00\",\"author\":{\"@id\":\"https:\\\/\\\/comunicacity.net\\\/cancello-ed-arnone\\\/#\\\/schema\\\/person\\\/eaea9f1aebcbd61eb9878e6232bd2a03\"},\"breadcrumb\":{\"@id\":\"https:\\\/\\\/comunicacity.net\\\/cancello-ed-arnone\\\/2018\\\/12\\\/27\\\/questa-mattina-conferenza-stampa-di-fine-anno\\\/#breadcrumb\"},\"inLanguage\":\"it-IT\",\"potentialAction\":[{\"@type\":\"ReadAction\",\"target\":[\"https:\\\/\\\/comunicacity.net\\\/cancello-ed-arnone\\\/2018\\\/12\\\/27\\\/questa-mattina-conferenza-stampa-di-fine-anno\\\/\"]}]},{\"@type\":\"ImageObject\",\"inLanguage\":\"it-IT\",\"@id\":\"https:\\\/\\\/comunicacity.net\\\/cancello-ed-arnone\\\/2018\\\/12\\\/27\\\/questa-mattina-conferenza-stampa-di-fine-anno\\\/#primaryimage\",\"url\":\"https:\\\/\\\/comunicacity.net\\\/cancello-ed-arnone\\\/wp-content\\\/uploads\\\/sites\\\/28\\\/2018\\\/12\\\/0A8A8690-9052-4C35-8507-ECB48AD396F9.jpeg\",\"contentUrl\":\"https:\\\/\\\/comunicacity.net\\\/cancello-ed-arnone\\\/wp-content\\\/uploads\\\/sites\\\/28\\\/2018\\\/12\\\/0A8A8690-9052-4C35-8507-ECB48AD396F9.jpeg\",\"width\":954,\"height\":462},{\"@type\":\"BreadcrumbList\",\"@id\":\"https:\\\/\\\/comunicacity.net\\\/cancello-ed-arnone\\\/2018\\\/12\\\/27\\\/questa-mattina-conferenza-stampa-di-fine-anno\\\/#breadcrumb\",\"itemListElement\":[{\"@type\":\"ListItem\",\"position\":1,\"name\":\"Home\",\"item\":\"https:\\\/\\\/comunicacity.net\\\/cancello-ed-arnone\\\/\"},{\"@type\":\"ListItem\",\"position\":2,\"name\":\"Questa mattina conferenza stampa di fine anno.\"}]},{\"@type\":\"WebSite\",\"@id\":\"https:\\\/\\\/comunicacity.net\\\/cancello-ed-arnone\\\/#website\",\"url\":\"https:\\\/\\\/comunicacity.net\\\/cancello-ed-arnone\\\/\",\"name\":\"Cancello ed Arnone\",\"description\":\"ComunicaCity\",\"potentialAction\":[{\"@type\":\"SearchAction\",\"target\":{\"@type\":\"EntryPoint\",\"urlTemplate\":\"https:\\\/\\\/comunicacity.net\\\/cancello-ed-arnone\\\/?s={search_term_string}\"},\"query-input\":{\"@type\":\"PropertyValueSpecification\",\"valueRequired\":true,\"valueName\":\"search_term_string\"}}],\"inLanguage\":\"it-IT\"},{\"@type\":\"Person\",\"@id\":\"https:\\\/\\\/comunicacity.net\\\/cancello-ed-arnone\\\/#\\\/schema\\\/person\\\/eaea9f1aebcbd61eb9878e6232bd2a03\",\"name\":\"Admin_E\",\"image\":{\"@type\":\"ImageObject\",\"inLanguage\":\"it-IT\",\"@id\":\"https:\\\/\\\/secure.gravatar.com\\\/avatar\\\/1eb418f243a360a5c118e205c4f1d666c009a9fac37301044747eacb4938b467?s=96&d=mm&r=g\",\"url\":\"https:\\\/\\\/secure.gravatar.com\\\/avatar\\\/1eb418f243a360a5c118e205c4f1d666c009a9fac37301044747eacb4938b467?s=96&d=mm&r=g\",\"contentUrl\":\"https:\\\/\\\/secure.gravatar.com\\\/avatar\\\/1eb418f243a360a5c118e205c4f1d666c009a9fac37301044747eacb4938b467?s=96&d=mm&r=g\",\"caption\":\"Admin_E\"},\"url\":\"https:\\\/\\\/comunicacity.net\\\/cancello-ed-arnone\\\/author\\\/oollppcancelloarnone\\\/\"}]}<\/script>\n<!-- \/ Yoast SEO plugin. -->","yoast_head_json":{"title":"Questa mattina conferenza stampa di fine anno. - Cancello ed Arnone","robots":{"index":"index","follow":"follow","max-snippet":"max-snippet:-1","max-image-preview":"max-image-preview:large","max-video-preview":"max-video-preview:-1"},"canonical":"https:\/\/comunicacity.net\/cancello-ed-arnone\/2018\/12\/27\/questa-mattina-conferenza-stampa-di-fine-anno\/","og_locale":"it_IT","og_type":"article","og_title":"Questa mattina conferenza stampa di fine anno. - Cancello ed Arnone","og_description":"Il sindaco Raffaele Ambrosca, con tutta la giunta, ha incontrato questa mattina, presso la Sala Consiliare del Comune, i giornalisti per la conferenza stampa di fine anno. Questa conferenza \u00e8 [&hellip;]","og_url":"https:\/\/comunicacity.net\/cancello-ed-arnone\/2018\/12\/27\/questa-mattina-conferenza-stampa-di-fine-anno\/","og_site_name":"Cancello ed Arnone","article_publisher":"http:\/\/facebook.com\/ComunicaCity","article_published_time":"2018-12-27T20:06:48+00:00","article_modified_time":"2023-02-02T14:44:23+00:00","og_image":[{"width":954,"height":462,"url":"https:\/\/comunicacity.net\/cancello-ed-arnone\/wp-content\/uploads\/sites\/28\/2018\/12\/0A8A8690-9052-4C35-8507-ECB48AD396F9.jpeg","type":"image\/jpeg"}],"author":"Admin_E","twitter_card":"summary_large_image","twitter_creator":"@comunicacity","twitter_site":"@comunicacity","twitter_misc":{"Scritto da":"Admin_E","Tempo di lettura stimato":"3 minuti"},"schema":{"@context":"https:\/\/schema.org","@graph":[{"@type":"Article","@id":"https:\/\/comunicacity.net\/cancello-ed-arnone\/2018\/12\/27\/questa-mattina-conferenza-stampa-di-fine-anno\/#article","isPartOf":{"@id":"https:\/\/comunicacity.net\/cancello-ed-arnone\/2018\/12\/27\/questa-mattina-conferenza-stampa-di-fine-anno\/"},"author":{"name":"Admin_E","@id":"https:\/\/comunicacity.net\/cancello-ed-arnone\/#\/schema\/person\/eaea9f1aebcbd61eb9878e6232bd2a03"},"headline":"Questa mattina conferenza stampa di fine anno.","datePublished":"2018-12-27T20:06:48+00:00","dateModified":"2023-02-02T14:44:23+00:00","mainEntityOfPage":{"@id":"https:\/\/comunicacity.net\/cancello-ed-arnone\/2018\/12\/27\/questa-mattina-conferenza-stampa-di-fine-anno\/"},"wordCount":512,"image":{"@id":"https:\/\/comunicacity.net\/cancello-ed-arnone\/2018\/12\/27\/questa-mattina-conferenza-stampa-di-fine-anno\/#primaryimage"},"thumbnailUrl":"https:\/\/comunicacity.net\/cancello-ed-arnone\/wp-content\/uploads\/sites\/28\/2018\/12\/0A8A8690-9052-4C35-8507-ECB48AD396F9.jpeg","articleSection":["Notizie e Informazioni"],"inLanguage":"it-IT"},{"@type":"WebPage","@id":"https:\/\/comunicacity.net\/cancello-ed-arnone\/2018\/12\/27\/questa-mattina-conferenza-stampa-di-fine-anno\/","url":"https:\/\/comunicacity.net\/cancello-ed-arnone\/2018\/12\/27\/questa-mattina-conferenza-stampa-di-fine-anno\/","name":"Questa mattina conferenza stampa di fine anno. - Cancello ed Arnone","isPartOf":{"@id":"https:\/\/comunicacity.net\/cancello-ed-arnone\/#website"},"primaryImageOfPage":{"@id":"https:\/\/comunicacity.net\/cancello-ed-arnone\/2018\/12\/27\/questa-mattina-conferenza-stampa-di-fine-anno\/#primaryimage"},"image":{"@id":"https:\/\/comunicacity.net\/cancello-ed-arnone\/2018\/12\/27\/questa-mattina-conferenza-stampa-di-fine-anno\/#primaryimage"},"thumbnailUrl":"https:\/\/comunicacity.net\/cancello-ed-arnone\/wp-content\/uploads\/sites\/28\/2018\/12\/0A8A8690-9052-4C35-8507-ECB48AD396F9.jpeg","datePublished":"2018-12-27T20:06:48+00:00","dateModified":"2023-02-02T14:44:23+00:00","author":{"@id":"https:\/\/comunicacity.net\/cancello-ed-arnone\/#\/schema\/person\/eaea9f1aebcbd61eb9878e6232bd2a03"},"breadcrumb":{"@id":"https:\/\/comunicacity.net\/cancello-ed-arnone\/2018\/12\/27\/questa-mattina-conferenza-stampa-di-fine-anno\/#breadcrumb"},"inLanguage":"it-IT","potentialAction":[{"@type":"ReadAction","target":["https:\/\/comunicacity.net\/cancello-ed-arnone\/2018\/12\/27\/questa-mattina-conferenza-stampa-di-fine-anno\/"]}]},{"@type":"ImageObject","inLanguage":"it-IT","@id":"https:\/\/comunicacity.net\/cancello-ed-arnone\/2018\/12\/27\/questa-mattina-conferenza-stampa-di-fine-anno\/#primaryimage","url":"https:\/\/comunicacity.net\/cancello-ed-arnone\/wp-content\/uploads\/sites\/28\/2018\/12\/0A8A8690-9052-4C35-8507-ECB48AD396F9.jpeg","contentUrl":"https:\/\/comunicacity.net\/cancello-ed-arnone\/wp-content\/uploads\/sites\/28\/2018\/12\/0A8A8690-9052-4C35-8507-ECB48AD396F9.jpeg","width":954,"height":462},{"@type":"BreadcrumbList","@id":"https:\/\/comunicacity.net\/cancello-ed-arnone\/2018\/12\/27\/questa-mattina-conferenza-stampa-di-fine-anno\/#breadcrumb","itemListElement":[{"@type":"ListItem","position":1,"name":"Home","item":"https:\/\/comunicacity.net\/cancello-ed-arnone\/"},{"@type":"ListItem","position":2,"name":"Questa mattina conferenza stampa di fine anno."}]},{"@type":"WebSite","@id":"https:\/\/comunicacity.net\/cancello-ed-arnone\/#website","url":"https:\/\/comunicacity.net\/cancello-ed-arnone\/","name":"Cancello ed Arnone","description":"ComunicaCity","potentialAction":[{"@type":"SearchAction","target":{"@type":"EntryPoint","urlTemplate":"https:\/\/comunicacity.net\/cancello-ed-arnone\/?s={search_term_string}"},"query-input":{"@type":"PropertyValueSpecification","valueRequired":true,"valueName":"search_term_string"}}],"inLanguage":"it-IT"},{"@type":"Person","@id":"https:\/\/comunicacity.net\/cancello-ed-arnone\/#\/schema\/person\/eaea9f1aebcbd61eb9878e6232bd2a03","name":"Admin_E","image":{"@type":"ImageObject","inLanguage":"it-IT","@id":"https:\/\/secure.gravatar.com\/avatar\/1eb418f243a360a5c118e205c4f1d666c009a9fac37301044747eacb4938b467?s=96&d=mm&r=g","url":"https:\/\/secure.gravatar.com\/avatar\/1eb418f243a360a5c118e205c4f1d666c009a9fac37301044747eacb4938b467?s=96&d=mm&r=g","contentUrl":"https:\/\/secure.gravatar.com\/avatar\/1eb418f243a360a5c118e205c4f1d666c009a9fac37301044747eacb4938b467?s=96&d=mm&r=g","caption":"Admin_E"},"url":"https:\/\/comunicacity.net\/cancello-ed-arnone\/author\/oollppcancelloarnone\/"}]}},"meta_box":{"cc4_urg_colore":"","cc4_urg_data_inizio":"","cc4_urg_data_fine":"","cc4_cor_positivi_oggi":"","cc4_cor_negativizzati_oggi":"","cc4_cor_deceduti_oggi":"","cc4_cor_positivi_totali":"","cc4_cor_negativizzati_totali":"","cc4_cor_deceduti_totali":"","cc4_cor_attualmente_positivi":"","cc4_eve_data_inizio":"","cc4_eve_data_fine":"","cc4_eve_indirizzo":"","cc4_eve_posizione":{"latitude":"","longitude":"","zoom":""},"cc4_eve_telefono":"","cc4_eve_email":"","cc4_eve_web":"","cc4_eve_fb":"","sitopa_id":""},"_links":{"self":[{"href":"https:\/\/comunicacity.net\/cancello-ed-arnone\/wp-json\/wp\/v2\/posts\/759","targetHints":{"allow":["GET"]}}],"collection":[{"href":"https:\/\/comunicacity.net\/cancello-ed-arnone\/wp-json\/wp\/v2\/posts"}],"about":[{"href":"https:\/\/comunicacity.net\/cancello-ed-arnone\/wp-json\/wp\/v2\/types\/post"}],"author":[{"embeddable":true,"href":"https:\/\/comunicacity.net\/cancello-ed-arnone\/wp-json\/wp\/v2\/users\/398"}],"replies":[{"embeddable":true,"href":"https:\/\/comunicacity.net\/cancello-ed-arnone\/wp-json\/wp\/v2\/comments?post=759"}],"version-history":[{"count":1,"href":"https:\/\/comunicacity.net\/cancello-ed-arnone\/wp-json\/wp\/v2\/posts\/759\/revisions"}],"predecessor-version":[{"id":761,"href":"https:\/\/comunicacity.net\/cancello-ed-arnone\/wp-json\/wp\/v2\/posts\/759\/revisions\/761"}],"wp:featuredmedia":[{"embeddable":true,"href":"https:\/\/comunicacity.net\/cancello-ed-arnone\/wp-json\/wp\/v2\/media\/760"}],"wp:attachment":[{"href":"https:\/\/comunicacity.net\/cancello-ed-arnone\/wp-json\/wp\/v2\/media?parent=759"}],"wp:term":[{"taxonomy":"category","embeddable":true,"href":"https:\/\/comunicacity.net\/cancello-ed-arnone\/wp-json\/wp\/v2\/categories?post=759"},{"taxonomy":"post_tag","embeddable":true,"href":"https:\/\/comunicacity.net\/cancello-ed-arnone\/wp-json\/wp\/v2\/tags?post=759"}],"curies":[{"name":"wp","href":"https:\/\/api.w.org\/{rel}","templated":true}]}}