{"id":787,"date":"2019-01-03T22:23:48","date_gmt":"2019-01-03T21:23:48","guid":{"rendered":"https:\/\/comunicacity.net\/cancello-ed-arnone\/?p=787"},"modified":"2023-02-02T15:44:22","modified_gmt":"2023-02-02T14:44:22","slug":"costituzione-di-una-elenco-short-list-di-avvocati","status":"publish","type":"post","link":"https:\/\/comunicacity.net\/cancello-ed-arnone\/2019\/01\/03\/costituzione-di-una-elenco-short-list-di-avvocati\/","title":{"rendered":"Costituzione di una elenco (short list) di avvocati."},"content":{"rendered":"<p>Il Comune di Cancello ed Arnone intende costituire un elenco di avvocati a cui affidare incarichi di assistenza legale, compresa la rappresentanza e difesa in giudizio dell\u2019Ente.<br \/>\nLa Short List sar\u00e0 ripartita in 5 (cinque) sezioni:<br \/>\n1) diritto civile;<br \/>\n2) diritto amministrativo e contabile;<br \/>\n3) diritto penale;<br \/>\n4) diritto del lavoro;<br \/>\n5) diritto tributario.<br \/>\nL\u2019iscrizione pu\u00f2 avvenire per un numero massimo di 2 sezioni su dichiarazione di disponibilit\u00e0 presentata dai professionisti \u00a0in possesso dei requisiti prescritti dall\u2019avviso. (Per conoscere i requisiti consultare il sito istituzionale del Comune nella sezione Albo online).<br \/>\nLa domanda di iscrizione, allegato A) (scaricabile dal sito istituzionale del Comune), deve essere sottoscritta dal richiedente e deve contenere espressa dichiarazione ed accettazione di tutte le disposizioni dell\u2019 avviso.<br \/>\nAlla domanda di iscrizione dovr\u00e0 essere allegata una fotocopia del documento di identit\u00e0 in corso di validit\u00e0 del sottoscrittore, il curriculum professionale del richiedente datato e sottoscritto, in ogni singola pagina, con sottoscrizione autografa a valere quale autocertificazione ex DPR 445\/2000, con l\u2019indicazione delle esperienze e autorizzazione al trattamento dei dati personali.<br \/>\nSono ammesse le seguenti modalit\u00e0 di presentazione delle domande:<br \/>\n\u2013 consegna a mano presso il \u201cProtocollo del Comune di Cancello ed Arnone \u2013 Via Municipio 1\u201d;<br \/>\n\u2013 servizio postale tramite racc. A\/R al seguente indirizzo: \u201cComune di Cancello ed Arnone \u2013 Via Municipio 1\u201d;<br \/>\n\u2013 mediante invio di posta elettronica certificata (PEC) alla casella di posta elettronica certificata: <a href=\"mailto:protocollo.cancelloarnone@asmepec.it\">protocollo.cancelloarnone@asmepec.it<\/a>\u201d.<br \/>\nIn caso di presentazione telematica, la domanda dovr\u00e0 essere inviata con i suoi allegato, in formato PDF e sottoscritta con firma digitale.<br \/>\nLa domanda di partecipazione dovr\u00e0 riportare il seguente oggetto: \u201cAvviso pubblico per la costituzione dell\u2019Elenco di Avvocati esterni\u201d e dovr\u00e0 essere consegnata all\u2019Ufficio Protocollo dell\u2019Ente entro le ore <a href=\"http:\/\/0.0.0.1\/\">12:00<\/a> del 15^ giorno decorrente dalla pubblicazione del presente avviso sull\u2019Albo pretorio online.<br \/>\nLa formazione dell\u2019elenco non pone in essere alcune procedura selettiva, n\u00e8 prevede alcuna graduatoria di merito delle figure professionali, neanche con riferimento all\u2019ordine di presentazione delle domande, n\u00e8 \u00e8 prevista attribuzione di punteggi o altre classificazioni di merito, ma costituisce l\u2019individuazione, a seguito di procedure ispirate a principi di trasparenza, di avvocati ai quali poter affidare incarichi professionali.<br \/>\nPer maggiori informazioni consultare il sito istituzionale del Comune nella sezione Albo Online.<\/p>\n","protected":false},"excerpt":{"rendered":"<p>Il Comune di Cancello ed Arnone intende costituire un elenco di avvocati a cui affidare incarichi di assistenza legale, compresa la rappresentanza e difesa in giudizio dell\u2019Ente. La Short List [&hellip;]<\/p>\n","protected":false},"author":398,"featured_media":414,"comment_status":"closed","ping_status":"closed","sticky":false,"template":"","format":"standard","meta":{"footnotes":""},"categories":[11],"tags":[],"class_list":["post-787","post","type-post","status-publish","format-standard","has-post-thumbnail","hentry","category-notizie-e-informazioni"],"yoast_head":"<!-- This site is optimized with the Yoast SEO plugin v27.4 - https:\/\/yoast.com\/product\/yoast-seo-wordpress\/ -->\n<title>Costituzione di una elenco (short list) di avvocati. - Cancello ed Arnone<\/title>\n<meta name=\"robots\" content=\"index, follow, max-snippet:-1, max-image-preview:large, max-video-preview:-1\" \/>\n<link rel=\"canonical\" href=\"https:\/\/comunicacity.net\/cancello-ed-arnone\/2019\/01\/03\/costituzione-di-una-elenco-short-list-di-avvocati\/\" \/>\n<meta property=\"og:locale\" content=\"it_IT\" \/>\n<meta property=\"og:type\" content=\"article\" \/>\n<meta property=\"og:title\" content=\"Costituzione di una elenco (short list) di avvocati. - Cancello ed Arnone\" \/>\n<meta property=\"og:description\" content=\"Il Comune di Cancello ed Arnone intende costituire un elenco di avvocati a cui affidare incarichi di assistenza legale, compresa la rappresentanza e difesa in giudizio dell\u2019Ente. La Short List [&hellip;]\" \/>\n<meta property=\"og:url\" content=\"https:\/\/comunicacity.net\/cancello-ed-arnone\/2019\/01\/03\/costituzione-di-una-elenco-short-list-di-avvocati\/\" \/>\n<meta property=\"og:site_name\" content=\"Cancello ed Arnone\" \/>\n<meta property=\"article:publisher\" content=\"http:\/\/facebook.com\/ComunicaCity\" \/>\n<meta property=\"article:published_time\" content=\"2019-01-03T21:23:48+00:00\" \/>\n<meta property=\"article:modified_time\" content=\"2023-02-02T14:44:22+00:00\" \/>\n<meta property=\"og:image\" content=\"https:\/\/comunicacity.net\/cancello-ed-arnone\/wp-content\/uploads\/sites\/28\/2018\/09\/280x200-copia.jpg\" \/>\n\t<meta property=\"og:image:width\" content=\"280\" \/>\n\t<meta property=\"og:image:height\" content=\"200\" \/>\n\t<meta property=\"og:image:type\" content=\"image\/jpeg\" \/>\n<meta name=\"author\" content=\"Admin_E\" \/>\n<meta name=\"twitter:card\" content=\"summary_large_image\" \/>\n<meta name=\"twitter:creator\" content=\"@comunicacity\" \/>\n<meta name=\"twitter:site\" content=\"@comunicacity\" \/>\n<meta name=\"twitter:label1\" content=\"Scritto da\" \/>\n\t<meta name=\"twitter:data1\" content=\"Admin_E\" \/>\n\t<meta name=\"twitter:label2\" content=\"Tempo di lettura stimato\" \/>\n\t<meta name=\"twitter:data2\" content=\"2 minuti\" \/>\n<script type=\"application\/ld+json\" class=\"yoast-schema-graph\">{\"@context\":\"https:\\\/\\\/schema.org\",\"@graph\":[{\"@type\":\"Article\",\"@id\":\"https:\\\/\\\/comunicacity.net\\\/cancello-ed-arnone\\\/2019\\\/01\\\/03\\\/costituzione-di-una-elenco-short-list-di-avvocati\\\/#article\",\"isPartOf\":{\"@id\":\"https:\\\/\\\/comunicacity.net\\\/cancello-ed-arnone\\\/2019\\\/01\\\/03\\\/costituzione-di-una-elenco-short-list-di-avvocati\\\/\"},\"author\":{\"name\":\"Admin_E\",\"@id\":\"https:\\\/\\\/comunicacity.net\\\/cancello-ed-arnone\\\/#\\\/schema\\\/person\\\/eaea9f1aebcbd61eb9878e6232bd2a03\"},\"headline\":\"Costituzione di una elenco (short list) di avvocati.\",\"datePublished\":\"2019-01-03T21:23:48+00:00\",\"dateModified\":\"2023-02-02T14:44:22+00:00\",\"mainEntityOfPage\":{\"@id\":\"https:\\\/\\\/comunicacity.net\\\/cancello-ed-arnone\\\/2019\\\/01\\\/03\\\/costituzione-di-una-elenco-short-list-di-avvocati\\\/\"},\"wordCount\":371,\"image\":{\"@id\":\"https:\\\/\\\/comunicacity.net\\\/cancello-ed-arnone\\\/2019\\\/01\\\/03\\\/costituzione-di-una-elenco-short-list-di-avvocati\\\/#primaryimage\"},\"thumbnailUrl\":\"https:\\\/\\\/comunicacity.net\\\/cancello-ed-arnone\\\/wp-content\\\/uploads\\\/sites\\\/28\\\/2018\\\/09\\\/280x200-copia.jpg\",\"articleSection\":[\"Notizie e Informazioni\"],\"inLanguage\":\"it-IT\"},{\"@type\":\"WebPage\",\"@id\":\"https:\\\/\\\/comunicacity.net\\\/cancello-ed-arnone\\\/2019\\\/01\\\/03\\\/costituzione-di-una-elenco-short-list-di-avvocati\\\/\",\"url\":\"https:\\\/\\\/comunicacity.net\\\/cancello-ed-arnone\\\/2019\\\/01\\\/03\\\/costituzione-di-una-elenco-short-list-di-avvocati\\\/\",\"name\":\"Costituzione di una elenco (short list) di avvocati. - Cancello ed Arnone\",\"isPartOf\":{\"@id\":\"https:\\\/\\\/comunicacity.net\\\/cancello-ed-arnone\\\/#website\"},\"primaryImageOfPage\":{\"@id\":\"https:\\\/\\\/comunicacity.net\\\/cancello-ed-arnone\\\/2019\\\/01\\\/03\\\/costituzione-di-una-elenco-short-list-di-avvocati\\\/#primaryimage\"},\"image\":{\"@id\":\"https:\\\/\\\/comunicacity.net\\\/cancello-ed-arnone\\\/2019\\\/01\\\/03\\\/costituzione-di-una-elenco-short-list-di-avvocati\\\/#primaryimage\"},\"thumbnailUrl\":\"https:\\\/\\\/comunicacity.net\\\/cancello-ed-arnone\\\/wp-content\\\/uploads\\\/sites\\\/28\\\/2018\\\/09\\\/280x200-copia.jpg\",\"datePublished\":\"2019-01-03T21:23:48+00:00\",\"dateModified\":\"2023-02-02T14:44:22+00:00\",\"author\":{\"@id\":\"https:\\\/\\\/comunicacity.net\\\/cancello-ed-arnone\\\/#\\\/schema\\\/person\\\/eaea9f1aebcbd61eb9878e6232bd2a03\"},\"breadcrumb\":{\"@id\":\"https:\\\/\\\/comunicacity.net\\\/cancello-ed-arnone\\\/2019\\\/01\\\/03\\\/costituzione-di-una-elenco-short-list-di-avvocati\\\/#breadcrumb\"},\"inLanguage\":\"it-IT\",\"potentialAction\":[{\"@type\":\"ReadAction\",\"target\":[\"https:\\\/\\\/comunicacity.net\\\/cancello-ed-arnone\\\/2019\\\/01\\\/03\\\/costituzione-di-una-elenco-short-list-di-avvocati\\\/\"]}]},{\"@type\":\"ImageObject\",\"inLanguage\":\"it-IT\",\"@id\":\"https:\\\/\\\/comunicacity.net\\\/cancello-ed-arnone\\\/2019\\\/01\\\/03\\\/costituzione-di-una-elenco-short-list-di-avvocati\\\/#primaryimage\",\"url\":\"https:\\\/\\\/comunicacity.net\\\/cancello-ed-arnone\\\/wp-content\\\/uploads\\\/sites\\\/28\\\/2018\\\/09\\\/280x200-copia.jpg\",\"contentUrl\":\"https:\\\/\\\/comunicacity.net\\\/cancello-ed-arnone\\\/wp-content\\\/uploads\\\/sites\\\/28\\\/2018\\\/09\\\/280x200-copia.jpg\",\"width\":280,\"height\":200},{\"@type\":\"BreadcrumbList\",\"@id\":\"https:\\\/\\\/comunicacity.net\\\/cancello-ed-arnone\\\/2019\\\/01\\\/03\\\/costituzione-di-una-elenco-short-list-di-avvocati\\\/#breadcrumb\",\"itemListElement\":[{\"@type\":\"ListItem\",\"position\":1,\"name\":\"Home\",\"item\":\"https:\\\/\\\/comunicacity.net\\\/cancello-ed-arnone\\\/\"},{\"@type\":\"ListItem\",\"position\":2,\"name\":\"Costituzione di una elenco (short list) di avvocati.\"}]},{\"@type\":\"WebSite\",\"@id\":\"https:\\\/\\\/comunicacity.net\\\/cancello-ed-arnone\\\/#website\",\"url\":\"https:\\\/\\\/comunicacity.net\\\/cancello-ed-arnone\\\/\",\"name\":\"Cancello ed Arnone\",\"description\":\"ComunicaCity\",\"potentialAction\":[{\"@type\":\"SearchAction\",\"target\":{\"@type\":\"EntryPoint\",\"urlTemplate\":\"https:\\\/\\\/comunicacity.net\\\/cancello-ed-arnone\\\/?s={search_term_string}\"},\"query-input\":{\"@type\":\"PropertyValueSpecification\",\"valueRequired\":true,\"valueName\":\"search_term_string\"}}],\"inLanguage\":\"it-IT\"},{\"@type\":\"Person\",\"@id\":\"https:\\\/\\\/comunicacity.net\\\/cancello-ed-arnone\\\/#\\\/schema\\\/person\\\/eaea9f1aebcbd61eb9878e6232bd2a03\",\"name\":\"Admin_E\",\"image\":{\"@type\":\"ImageObject\",\"inLanguage\":\"it-IT\",\"@id\":\"https:\\\/\\\/secure.gravatar.com\\\/avatar\\\/1eb418f243a360a5c118e205c4f1d666c009a9fac37301044747eacb4938b467?s=96&d=mm&r=g\",\"url\":\"https:\\\/\\\/secure.gravatar.com\\\/avatar\\\/1eb418f243a360a5c118e205c4f1d666c009a9fac37301044747eacb4938b467?s=96&d=mm&r=g\",\"contentUrl\":\"https:\\\/\\\/secure.gravatar.com\\\/avatar\\\/1eb418f243a360a5c118e205c4f1d666c009a9fac37301044747eacb4938b467?s=96&d=mm&r=g\",\"caption\":\"Admin_E\"},\"url\":\"https:\\\/\\\/comunicacity.net\\\/cancello-ed-arnone\\\/author\\\/oollppcancelloarnone\\\/\"}]}<\/script>\n<!-- \/ Yoast SEO plugin. -->","yoast_head_json":{"title":"Costituzione di una elenco (short list) di avvocati. - Cancello ed Arnone","robots":{"index":"index","follow":"follow","max-snippet":"max-snippet:-1","max-image-preview":"max-image-preview:large","max-video-preview":"max-video-preview:-1"},"canonical":"https:\/\/comunicacity.net\/cancello-ed-arnone\/2019\/01\/03\/costituzione-di-una-elenco-short-list-di-avvocati\/","og_locale":"it_IT","og_type":"article","og_title":"Costituzione di una elenco (short list) di avvocati. - Cancello ed Arnone","og_description":"Il Comune di Cancello ed Arnone intende costituire un elenco di avvocati a cui affidare incarichi di assistenza legale, compresa la rappresentanza e difesa in giudizio dell\u2019Ente. La Short List [&hellip;]","og_url":"https:\/\/comunicacity.net\/cancello-ed-arnone\/2019\/01\/03\/costituzione-di-una-elenco-short-list-di-avvocati\/","og_site_name":"Cancello ed Arnone","article_publisher":"http:\/\/facebook.com\/ComunicaCity","article_published_time":"2019-01-03T21:23:48+00:00","article_modified_time":"2023-02-02T14:44:22+00:00","og_image":[{"width":280,"height":200,"url":"https:\/\/comunicacity.net\/cancello-ed-arnone\/wp-content\/uploads\/sites\/28\/2018\/09\/280x200-copia.jpg","type":"image\/jpeg"}],"author":"Admin_E","twitter_card":"summary_large_image","twitter_creator":"@comunicacity","twitter_site":"@comunicacity","twitter_misc":{"Scritto da":"Admin_E","Tempo di lettura stimato":"2 minuti"},"schema":{"@context":"https:\/\/schema.org","@graph":[{"@type":"Article","@id":"https:\/\/comunicacity.net\/cancello-ed-arnone\/2019\/01\/03\/costituzione-di-una-elenco-short-list-di-avvocati\/#article","isPartOf":{"@id":"https:\/\/comunicacity.net\/cancello-ed-arnone\/2019\/01\/03\/costituzione-di-una-elenco-short-list-di-avvocati\/"},"author":{"name":"Admin_E","@id":"https:\/\/comunicacity.net\/cancello-ed-arnone\/#\/schema\/person\/eaea9f1aebcbd61eb9878e6232bd2a03"},"headline":"Costituzione di una elenco (short list) di avvocati.","datePublished":"2019-01-03T21:23:48+00:00","dateModified":"2023-02-02T14:44:22+00:00","mainEntityOfPage":{"@id":"https:\/\/comunicacity.net\/cancello-ed-arnone\/2019\/01\/03\/costituzione-di-una-elenco-short-list-di-avvocati\/"},"wordCount":371,"image":{"@id":"https:\/\/comunicacity.net\/cancello-ed-arnone\/2019\/01\/03\/costituzione-di-una-elenco-short-list-di-avvocati\/#primaryimage"},"thumbnailUrl":"https:\/\/comunicacity.net\/cancello-ed-arnone\/wp-content\/uploads\/sites\/28\/2018\/09\/280x200-copia.jpg","articleSection":["Notizie e Informazioni"],"inLanguage":"it-IT"},{"@type":"WebPage","@id":"https:\/\/comunicacity.net\/cancello-ed-arnone\/2019\/01\/03\/costituzione-di-una-elenco-short-list-di-avvocati\/","url":"https:\/\/comunicacity.net\/cancello-ed-arnone\/2019\/01\/03\/costituzione-di-una-elenco-short-list-di-avvocati\/","name":"Costituzione di una elenco (short list) di avvocati. - Cancello ed Arnone","isPartOf":{"@id":"https:\/\/comunicacity.net\/cancello-ed-arnone\/#website"},"primaryImageOfPage":{"@id":"https:\/\/comunicacity.net\/cancello-ed-arnone\/2019\/01\/03\/costituzione-di-una-elenco-short-list-di-avvocati\/#primaryimage"},"image":{"@id":"https:\/\/comunicacity.net\/cancello-ed-arnone\/2019\/01\/03\/costituzione-di-una-elenco-short-list-di-avvocati\/#primaryimage"},"thumbnailUrl":"https:\/\/comunicacity.net\/cancello-ed-arnone\/wp-content\/uploads\/sites\/28\/2018\/09\/280x200-copia.jpg","datePublished":"2019-01-03T21:23:48+00:00","dateModified":"2023-02-02T14:44:22+00:00","author":{"@id":"https:\/\/comunicacity.net\/cancello-ed-arnone\/#\/schema\/person\/eaea9f1aebcbd61eb9878e6232bd2a03"},"breadcrumb":{"@id":"https:\/\/comunicacity.net\/cancello-ed-arnone\/2019\/01\/03\/costituzione-di-una-elenco-short-list-di-avvocati\/#breadcrumb"},"inLanguage":"it-IT","potentialAction":[{"@type":"ReadAction","target":["https:\/\/comunicacity.net\/cancello-ed-arnone\/2019\/01\/03\/costituzione-di-una-elenco-short-list-di-avvocati\/"]}]},{"@type":"ImageObject","inLanguage":"it-IT","@id":"https:\/\/comunicacity.net\/cancello-ed-arnone\/2019\/01\/03\/costituzione-di-una-elenco-short-list-di-avvocati\/#primaryimage","url":"https:\/\/comunicacity.net\/cancello-ed-arnone\/wp-content\/uploads\/sites\/28\/2018\/09\/280x200-copia.jpg","contentUrl":"https:\/\/comunicacity.net\/cancello-ed-arnone\/wp-content\/uploads\/sites\/28\/2018\/09\/280x200-copia.jpg","width":280,"height":200},{"@type":"BreadcrumbList","@id":"https:\/\/comunicacity.net\/cancello-ed-arnone\/2019\/01\/03\/costituzione-di-una-elenco-short-list-di-avvocati\/#breadcrumb","itemListElement":[{"@type":"ListItem","position":1,"name":"Home","item":"https:\/\/comunicacity.net\/cancello-ed-arnone\/"},{"@type":"ListItem","position":2,"name":"Costituzione di una elenco (short list) di avvocati."}]},{"@type":"WebSite","@id":"https:\/\/comunicacity.net\/cancello-ed-arnone\/#website","url":"https:\/\/comunicacity.net\/cancello-ed-arnone\/","name":"Cancello ed Arnone","description":"ComunicaCity","potentialAction":[{"@type":"SearchAction","target":{"@type":"EntryPoint","urlTemplate":"https:\/\/comunicacity.net\/cancello-ed-arnone\/?s={search_term_string}"},"query-input":{"@type":"PropertyValueSpecification","valueRequired":true,"valueName":"search_term_string"}}],"inLanguage":"it-IT"},{"@type":"Person","@id":"https:\/\/comunicacity.net\/cancello-ed-arnone\/#\/schema\/person\/eaea9f1aebcbd61eb9878e6232bd2a03","name":"Admin_E","image":{"@type":"ImageObject","inLanguage":"it-IT","@id":"https:\/\/secure.gravatar.com\/avatar\/1eb418f243a360a5c118e205c4f1d666c009a9fac37301044747eacb4938b467?s=96&d=mm&r=g","url":"https:\/\/secure.gravatar.com\/avatar\/1eb418f243a360a5c118e205c4f1d666c009a9fac37301044747eacb4938b467?s=96&d=mm&r=g","contentUrl":"https:\/\/secure.gravatar.com\/avatar\/1eb418f243a360a5c118e205c4f1d666c009a9fac37301044747eacb4938b467?s=96&d=mm&r=g","caption":"Admin_E"},"url":"https:\/\/comunicacity.net\/cancello-ed-arnone\/author\/oollppcancelloarnone\/"}]}},"meta_box":{"cc4_urg_colore":"","cc4_urg_data_inizio":"","cc4_urg_data_fine":"","cc4_cor_positivi_oggi":"","cc4_cor_negativizzati_oggi":"","cc4_cor_deceduti_oggi":"","cc4_cor_positivi_totali":"","cc4_cor_negativizzati_totali":"","cc4_cor_deceduti_totali":"","cc4_cor_attualmente_positivi":"","cc4_eve_data_inizio":"","cc4_eve_data_fine":"","cc4_eve_indirizzo":"","cc4_eve_posizione":{"latitude":"","longitude":"","zoom":""},"cc4_eve_telefono":"","cc4_eve_email":"","cc4_eve_web":"","cc4_eve_fb":"","sitopa_id":""},"_links":{"self":[{"href":"https:\/\/comunicacity.net\/cancello-ed-arnone\/wp-json\/wp\/v2\/posts\/787","targetHints":{"allow":["GET"]}}],"collection":[{"href":"https:\/\/comunicacity.net\/cancello-ed-arnone\/wp-json\/wp\/v2\/posts"}],"about":[{"href":"https:\/\/comunicacity.net\/cancello-ed-arnone\/wp-json\/wp\/v2\/types\/post"}],"author":[{"embeddable":true,"href":"https:\/\/comunicacity.net\/cancello-ed-arnone\/wp-json\/wp\/v2\/users\/398"}],"replies":[{"embeddable":true,"href":"https:\/\/comunicacity.net\/cancello-ed-arnone\/wp-json\/wp\/v2\/comments?post=787"}],"version-history":[{"count":1,"href":"https:\/\/comunicacity.net\/cancello-ed-arnone\/wp-json\/wp\/v2\/posts\/787\/revisions"}],"predecessor-version":[{"id":788,"href":"https:\/\/comunicacity.net\/cancello-ed-arnone\/wp-json\/wp\/v2\/posts\/787\/revisions\/788"}],"wp:featuredmedia":[{"embeddable":true,"href":"https:\/\/comunicacity.net\/cancello-ed-arnone\/wp-json\/wp\/v2\/media\/414"}],"wp:attachment":[{"href":"https:\/\/comunicacity.net\/cancello-ed-arnone\/wp-json\/wp\/v2\/media?parent=787"}],"wp:term":[{"taxonomy":"category","embeddable":true,"href":"https:\/\/comunicacity.net\/cancello-ed-arnone\/wp-json\/wp\/v2\/categories?post=787"},{"taxonomy":"post_tag","embeddable":true,"href":"https:\/\/comunicacity.net\/cancello-ed-arnone\/wp-json\/wp\/v2\/tags?post=787"}],"curies":[{"name":"wp","href":"https:\/\/api.w.org\/{rel}","templated":true}]}}