{"id":798,"date":"2019-01-09T11:06:16","date_gmt":"2019-01-09T10:06:16","guid":{"rendered":"https:\/\/comunicacity.net\/cancello-ed-arnone\/?p=798"},"modified":"2023-02-02T15:44:21","modified_gmt":"2023-02-02T14:44:21","slug":"cancello-ed-arnone-vola-ad-1-gigabit-al-secondo-con-la-fibra-ottica-di-open-fiber-in-partenza-il-cablaggio-di-edifici-pubblici-scuole-e-abitazioni-private","status":"publish","type":"post","link":"https:\/\/comunicacity.net\/cancello-ed-arnone\/2019\/01\/09\/cancello-ed-arnone-vola-ad-1-gigabit-al-secondo-con-la-fibra-ottica-di-open-fiber-in-partenza-il-cablaggio-di-edifici-pubblici-scuole-e-abitazioni-private\/","title":{"rendered":"Cancello ed Arnone vola ad 1 gigabit al secondo con la fibra ottica di Open Fiber. In partenza il cablaggio di edifici pubblici, scuole e abitazioni private."},"content":{"rendered":"<p>Cancello ed Arnone \u00e8 pronta alla svolta tecnologica: abitazioni, uffici pubblici, attivit\u00e0 commerciali e ricettive, scuole, saranno presto raggiunti da una rete di telecomunicazione a banda ultralarga integralmente in fibra ottica. Una decisiva innovazione infrastrutturale sancita in Municipio dal Sindaco Raffaele Ambrosca e dall\u2019ingegnere Anna Cecere, field manager di Open Fiber e referente dei lavori di cablaggio. Il piano prevede la copertura di 266 unit\u00e0 immobiliari del centro, noto per la prelibata mozzarella di bufala, coi fari puntati sulle zone meno digitalizzate. Open Fiber, societ\u00e0 per azioni compartecipata da Enel e Cdp Equity, \u00e8 del resto chiamata a realizzare la rete pubblica in fibra che consentir\u00e0 a cittadini e imprese di beneficiare di una velocit\u00e0 di connessione al web fino a 1 Gigabit al secondo. Le risorse stanziate non graveranno sul bilancio del Comune: l\u2019infrastruttura \u00e8, infatti, finanziata con fondi regionali e statali<span class=\"Apple-converted-space\">\u00a0 <\/span>e rester\u00e0 di propriet\u00e0 pubblica. Le attivit\u00e0 verranno coordinate da Infratel, societ\u00e0 \u201cin house\u201d del Ministero dello Sviluppo Economico, con l\u2019attenta supervisione della Regione Campania. Il programma di cablaggio pone particolare attenzione alle sedi della pubblica amministrazione, che avranno la possibilit\u00e0 di erogare i propri servizi in modo ancora pi\u00f9 efficiente ed efficace grazie alla banda ultralarga: Municipio, Comando Carabinieri, Comando Polizia Locale, Istituto Comprensivo \u201cUgo Foscolo\u201d, Liceo Scientifico Pedagogico, Area Mercato, Centro Servizi, Acquedotto Comunale e Cimitero.<span class=\"Apple-converted-space\">\u00a0<\/span><\/p>\n<p>Il progetto prevede la copertura in modalit\u00e0 FTTH (Fiber-to-the-home, cio\u00e8 la fibra ottica stesa direttamente all\u2019interno delle singole abitazioni o uffici) di 266 unit\u00e0 immobiliari, privilegiando il riuso di infrastrutture esistenti. Complessivamente la rete si estender\u00e0 per 7,3 chilometri. Ove necessario, gli scavi saranno comunque eseguiti attraverso modalit\u00e0 innovative, sostenibili e a basso impatto ambientale per limitare il pi\u00f9 possibile i disagi alla cittadinanza. L\u2019infrastruttura sar\u00e0 data in concessione per 20 anni a Open Fiber, che ne curer\u00e0 la manutenzione, e rimarr\u00e0 di propriet\u00e0 pubblica.<span class=\"Apple-converted-space\">\u00a0<\/span><\/p>\n<p>\u201cL\u2019accordo con Open Fiber \u2013 spiega la consigliera addetta alla digitalizzazione dott.ssa Giusi Parente \u2013 ci proietta verso una dimensione finalmente efficiente, moderna e veloce della connettivit\u00e0. La realizzazione della rete della fibra ottica \u00e8 indispensabile per consentire a imprese, famiglie e uffici di poter avere una rete di connettivit\u00e0 moderna ed adeguata, capace di garantire un sistema di comunicazione fondamentale e imprescindibile per favorire e accompagnare il processo di crescita e di sviluppo del nostro paese.<\/p>\n<p>Questa Amministrazione ha posto in particolare rilievo il tema della Smart City e dell\u2019innovazione e l\u2019accordo con Open Fiber ci consente di portare avanti i progetti di digitalizzazione per innovare e rendere pi\u00f9 competitivo Cancello ed Arnone\u201d.<\/p>\n<p>Gianfranco Guerrieri, Regionale manager di Open Fiber per Campania e Basilicata, pone l\u2019accento sulle potenzialit\u00e0 della fibra ottica in un territorio come quello di Cancello ed Arnone: \u201cUna rete integralmente in fibra ottica permette di abilitare servizi che vanno a beneficio dell\u2019intera collettivit\u00e0, servizi finora in gran parte negati, soprattutto nei centri meno popolati del nostro Paese: stiamo parlando di telemedicina, telelavoro, educazione a distanza, Industria 4.0, videosorveglianza, domotica e tanto altro. Un passaggio fondamentale verso la Gigabit Society. \u00c8 opportuno ricordare che Open Fiber non vende servizi in fibra ottica direttamente agli utenti finali, ma \u00e8 attivo esclusivamente nel mercato all\u2019ingrosso. In qualit\u00e0 di operatore wholesaleonly offriamo infatti l\u2019accesso a tutti gli operatori telefonici o Internet service provider interessati\u201d.<\/p>\n","protected":false},"excerpt":{"rendered":"<p>Cancello ed Arnone \u00e8 pronta alla svolta tecnologica: abitazioni, uffici pubblici, attivit\u00e0 commerciali e ricettive, scuole, saranno presto raggiunti da una rete di telecomunicazione a banda ultralarga integralmente in fibra [&hellip;]<\/p>\n","protected":false},"author":398,"featured_media":801,"comment_status":"closed","ping_status":"closed","sticky":false,"template":"","format":"standard","meta":{"footnotes":""},"categories":[11],"tags":[],"class_list":["post-798","post","type-post","status-publish","format-standard","has-post-thumbnail","hentry","category-notizie-e-informazioni"],"yoast_head":"<!-- This site is optimized with the Yoast SEO plugin v27.4 - https:\/\/yoast.com\/product\/yoast-seo-wordpress\/ -->\n<title>Cancello ed Arnone vola ad 1 gigabit al secondo con la fibra ottica di Open Fiber. In partenza il cablaggio di edifici pubblici, scuole e abitazioni private. - Cancello ed Arnone<\/title>\n<meta name=\"robots\" content=\"index, follow, max-snippet:-1, max-image-preview:large, max-video-preview:-1\" \/>\n<link rel=\"canonical\" href=\"https:\/\/comunicacity.net\/cancello-ed-arnone\/2019\/01\/09\/cancello-ed-arnone-vola-ad-1-gigabit-al-secondo-con-la-fibra-ottica-di-open-fiber-in-partenza-il-cablaggio-di-edifici-pubblici-scuole-e-abitazioni-private\/\" \/>\n<meta property=\"og:locale\" content=\"it_IT\" \/>\n<meta property=\"og:type\" content=\"article\" \/>\n<meta property=\"og:title\" content=\"Cancello ed Arnone vola ad 1 gigabit al secondo con la fibra ottica di Open Fiber. In partenza il cablaggio di edifici pubblici, scuole e abitazioni private. - Cancello ed Arnone\" \/>\n<meta property=\"og:description\" content=\"Cancello ed Arnone \u00e8 pronta alla svolta tecnologica: abitazioni, uffici pubblici, attivit\u00e0 commerciali e ricettive, scuole, saranno presto raggiunti da una rete di telecomunicazione a banda ultralarga integralmente in fibra [&hellip;]\" \/>\n<meta property=\"og:url\" content=\"https:\/\/comunicacity.net\/cancello-ed-arnone\/2019\/01\/09\/cancello-ed-arnone-vola-ad-1-gigabit-al-secondo-con-la-fibra-ottica-di-open-fiber-in-partenza-il-cablaggio-di-edifici-pubblici-scuole-e-abitazioni-private\/\" \/>\n<meta property=\"og:site_name\" content=\"Cancello ed Arnone\" \/>\n<meta property=\"article:publisher\" content=\"http:\/\/facebook.com\/ComunicaCity\" \/>\n<meta property=\"article:published_time\" content=\"2019-01-09T10:06:16+00:00\" \/>\n<meta property=\"article:modified_time\" content=\"2023-02-02T14:44:21+00:00\" \/>\n<meta property=\"og:image\" content=\"https:\/\/comunicacity.net\/cancello-ed-arnone\/wp-content\/uploads\/sites\/28\/2019\/01\/83F29499-7061-43DA-A93E-8DB3C9666BE5.jpeg\" \/>\n\t<meta property=\"og:image:width\" content=\"1080\" \/>\n\t<meta property=\"og:image:height\" content=\"1025\" \/>\n\t<meta property=\"og:image:type\" content=\"image\/jpeg\" \/>\n<meta name=\"author\" content=\"Admin_E\" \/>\n<meta name=\"twitter:card\" content=\"summary_large_image\" \/>\n<meta name=\"twitter:creator\" content=\"@comunicacity\" \/>\n<meta name=\"twitter:site\" content=\"@comunicacity\" \/>\n<meta name=\"twitter:label1\" content=\"Scritto da\" \/>\n\t<meta name=\"twitter:data1\" content=\"Admin_E\" \/>\n\t<meta name=\"twitter:label2\" content=\"Tempo di lettura stimato\" \/>\n\t<meta name=\"twitter:data2\" content=\"3 minuti\" \/>\n<script type=\"application\/ld+json\" class=\"yoast-schema-graph\">{\"@context\":\"https:\\\/\\\/schema.org\",\"@graph\":[{\"@type\":\"Article\",\"@id\":\"https:\\\/\\\/comunicacity.net\\\/cancello-ed-arnone\\\/2019\\\/01\\\/09\\\/cancello-ed-arnone-vola-ad-1-gigabit-al-secondo-con-la-fibra-ottica-di-open-fiber-in-partenza-il-cablaggio-di-edifici-pubblici-scuole-e-abitazioni-private\\\/#article\",\"isPartOf\":{\"@id\":\"https:\\\/\\\/comunicacity.net\\\/cancello-ed-arnone\\\/2019\\\/01\\\/09\\\/cancello-ed-arnone-vola-ad-1-gigabit-al-secondo-con-la-fibra-ottica-di-open-fiber-in-partenza-il-cablaggio-di-edifici-pubblici-scuole-e-abitazioni-private\\\/\"},\"author\":{\"name\":\"Admin_E\",\"@id\":\"https:\\\/\\\/comunicacity.net\\\/cancello-ed-arnone\\\/#\\\/schema\\\/person\\\/eaea9f1aebcbd61eb9878e6232bd2a03\"},\"headline\":\"Cancello ed Arnone vola ad 1 gigabit al secondo con la fibra ottica di Open Fiber. In partenza il cablaggio di edifici pubblici, scuole e abitazioni private.\",\"datePublished\":\"2019-01-09T10:06:16+00:00\",\"dateModified\":\"2023-02-02T14:44:21+00:00\",\"mainEntityOfPage\":{\"@id\":\"https:\\\/\\\/comunicacity.net\\\/cancello-ed-arnone\\\/2019\\\/01\\\/09\\\/cancello-ed-arnone-vola-ad-1-gigabit-al-secondo-con-la-fibra-ottica-di-open-fiber-in-partenza-il-cablaggio-di-edifici-pubblici-scuole-e-abitazioni-private\\\/\"},\"wordCount\":565,\"image\":{\"@id\":\"https:\\\/\\\/comunicacity.net\\\/cancello-ed-arnone\\\/2019\\\/01\\\/09\\\/cancello-ed-arnone-vola-ad-1-gigabit-al-secondo-con-la-fibra-ottica-di-open-fiber-in-partenza-il-cablaggio-di-edifici-pubblici-scuole-e-abitazioni-private\\\/#primaryimage\"},\"thumbnailUrl\":\"https:\\\/\\\/comunicacity.net\\\/cancello-ed-arnone\\\/wp-content\\\/uploads\\\/sites\\\/28\\\/2019\\\/01\\\/83F29499-7061-43DA-A93E-8DB3C9666BE5.jpeg\",\"articleSection\":[\"Notizie e Informazioni\"],\"inLanguage\":\"it-IT\"},{\"@type\":\"WebPage\",\"@id\":\"https:\\\/\\\/comunicacity.net\\\/cancello-ed-arnone\\\/2019\\\/01\\\/09\\\/cancello-ed-arnone-vola-ad-1-gigabit-al-secondo-con-la-fibra-ottica-di-open-fiber-in-partenza-il-cablaggio-di-edifici-pubblici-scuole-e-abitazioni-private\\\/\",\"url\":\"https:\\\/\\\/comunicacity.net\\\/cancello-ed-arnone\\\/2019\\\/01\\\/09\\\/cancello-ed-arnone-vola-ad-1-gigabit-al-secondo-con-la-fibra-ottica-di-open-fiber-in-partenza-il-cablaggio-di-edifici-pubblici-scuole-e-abitazioni-private\\\/\",\"name\":\"Cancello ed Arnone vola ad 1 gigabit al secondo con la fibra ottica di Open Fiber. In partenza il cablaggio di edifici pubblici, scuole e abitazioni private. - Cancello ed Arnone\",\"isPartOf\":{\"@id\":\"https:\\\/\\\/comunicacity.net\\\/cancello-ed-arnone\\\/#website\"},\"primaryImageOfPage\":{\"@id\":\"https:\\\/\\\/comunicacity.net\\\/cancello-ed-arnone\\\/2019\\\/01\\\/09\\\/cancello-ed-arnone-vola-ad-1-gigabit-al-secondo-con-la-fibra-ottica-di-open-fiber-in-partenza-il-cablaggio-di-edifici-pubblici-scuole-e-abitazioni-private\\\/#primaryimage\"},\"image\":{\"@id\":\"https:\\\/\\\/comunicacity.net\\\/cancello-ed-arnone\\\/2019\\\/01\\\/09\\\/cancello-ed-arnone-vola-ad-1-gigabit-al-secondo-con-la-fibra-ottica-di-open-fiber-in-partenza-il-cablaggio-di-edifici-pubblici-scuole-e-abitazioni-private\\\/#primaryimage\"},\"thumbnailUrl\":\"https:\\\/\\\/comunicacity.net\\\/cancello-ed-arnone\\\/wp-content\\\/uploads\\\/sites\\\/28\\\/2019\\\/01\\\/83F29499-7061-43DA-A93E-8DB3C9666BE5.jpeg\",\"datePublished\":\"2019-01-09T10:06:16+00:00\",\"dateModified\":\"2023-02-02T14:44:21+00:00\",\"author\":{\"@id\":\"https:\\\/\\\/comunicacity.net\\\/cancello-ed-arnone\\\/#\\\/schema\\\/person\\\/eaea9f1aebcbd61eb9878e6232bd2a03\"},\"breadcrumb\":{\"@id\":\"https:\\\/\\\/comunicacity.net\\\/cancello-ed-arnone\\\/2019\\\/01\\\/09\\\/cancello-ed-arnone-vola-ad-1-gigabit-al-secondo-con-la-fibra-ottica-di-open-fiber-in-partenza-il-cablaggio-di-edifici-pubblici-scuole-e-abitazioni-private\\\/#breadcrumb\"},\"inLanguage\":\"it-IT\",\"potentialAction\":[{\"@type\":\"ReadAction\",\"target\":[\"https:\\\/\\\/comunicacity.net\\\/cancello-ed-arnone\\\/2019\\\/01\\\/09\\\/cancello-ed-arnone-vola-ad-1-gigabit-al-secondo-con-la-fibra-ottica-di-open-fiber-in-partenza-il-cablaggio-di-edifici-pubblici-scuole-e-abitazioni-private\\\/\"]}]},{\"@type\":\"ImageObject\",\"inLanguage\":\"it-IT\",\"@id\":\"https:\\\/\\\/comunicacity.net\\\/cancello-ed-arnone\\\/2019\\\/01\\\/09\\\/cancello-ed-arnone-vola-ad-1-gigabit-al-secondo-con-la-fibra-ottica-di-open-fiber-in-partenza-il-cablaggio-di-edifici-pubblici-scuole-e-abitazioni-private\\\/#primaryimage\",\"url\":\"https:\\\/\\\/comunicacity.net\\\/cancello-ed-arnone\\\/wp-content\\\/uploads\\\/sites\\\/28\\\/2019\\\/01\\\/83F29499-7061-43DA-A93E-8DB3C9666BE5.jpeg\",\"contentUrl\":\"https:\\\/\\\/comunicacity.net\\\/cancello-ed-arnone\\\/wp-content\\\/uploads\\\/sites\\\/28\\\/2019\\\/01\\\/83F29499-7061-43DA-A93E-8DB3C9666BE5.jpeg\",\"width\":1080,\"height\":1025},{\"@type\":\"BreadcrumbList\",\"@id\":\"https:\\\/\\\/comunicacity.net\\\/cancello-ed-arnone\\\/2019\\\/01\\\/09\\\/cancello-ed-arnone-vola-ad-1-gigabit-al-secondo-con-la-fibra-ottica-di-open-fiber-in-partenza-il-cablaggio-di-edifici-pubblici-scuole-e-abitazioni-private\\\/#breadcrumb\",\"itemListElement\":[{\"@type\":\"ListItem\",\"position\":1,\"name\":\"Home\",\"item\":\"https:\\\/\\\/comunicacity.net\\\/cancello-ed-arnone\\\/\"},{\"@type\":\"ListItem\",\"position\":2,\"name\":\"Cancello ed Arnone vola ad 1 gigabit al secondo con la fibra ottica di Open Fiber. In partenza il cablaggio di edifici pubblici, scuole e abitazioni private.\"}]},{\"@type\":\"WebSite\",\"@id\":\"https:\\\/\\\/comunicacity.net\\\/cancello-ed-arnone\\\/#website\",\"url\":\"https:\\\/\\\/comunicacity.net\\\/cancello-ed-arnone\\\/\",\"name\":\"Cancello ed Arnone\",\"description\":\"ComunicaCity\",\"potentialAction\":[{\"@type\":\"SearchAction\",\"target\":{\"@type\":\"EntryPoint\",\"urlTemplate\":\"https:\\\/\\\/comunicacity.net\\\/cancello-ed-arnone\\\/?s={search_term_string}\"},\"query-input\":{\"@type\":\"PropertyValueSpecification\",\"valueRequired\":true,\"valueName\":\"search_term_string\"}}],\"inLanguage\":\"it-IT\"},{\"@type\":\"Person\",\"@id\":\"https:\\\/\\\/comunicacity.net\\\/cancello-ed-arnone\\\/#\\\/schema\\\/person\\\/eaea9f1aebcbd61eb9878e6232bd2a03\",\"name\":\"Admin_E\",\"image\":{\"@type\":\"ImageObject\",\"inLanguage\":\"it-IT\",\"@id\":\"https:\\\/\\\/secure.gravatar.com\\\/avatar\\\/1eb418f243a360a5c118e205c4f1d666c009a9fac37301044747eacb4938b467?s=96&d=mm&r=g\",\"url\":\"https:\\\/\\\/secure.gravatar.com\\\/avatar\\\/1eb418f243a360a5c118e205c4f1d666c009a9fac37301044747eacb4938b467?s=96&d=mm&r=g\",\"contentUrl\":\"https:\\\/\\\/secure.gravatar.com\\\/avatar\\\/1eb418f243a360a5c118e205c4f1d666c009a9fac37301044747eacb4938b467?s=96&d=mm&r=g\",\"caption\":\"Admin_E\"},\"url\":\"https:\\\/\\\/comunicacity.net\\\/cancello-ed-arnone\\\/author\\\/oollppcancelloarnone\\\/\"}]}<\/script>\n<!-- \/ Yoast SEO plugin. -->","yoast_head_json":{"title":"Cancello ed Arnone vola ad 1 gigabit al secondo con la fibra ottica di Open Fiber. In partenza il cablaggio di edifici pubblici, scuole e abitazioni private. - Cancello ed Arnone","robots":{"index":"index","follow":"follow","max-snippet":"max-snippet:-1","max-image-preview":"max-image-preview:large","max-video-preview":"max-video-preview:-1"},"canonical":"https:\/\/comunicacity.net\/cancello-ed-arnone\/2019\/01\/09\/cancello-ed-arnone-vola-ad-1-gigabit-al-secondo-con-la-fibra-ottica-di-open-fiber-in-partenza-il-cablaggio-di-edifici-pubblici-scuole-e-abitazioni-private\/","og_locale":"it_IT","og_type":"article","og_title":"Cancello ed Arnone vola ad 1 gigabit al secondo con la fibra ottica di Open Fiber. In partenza il cablaggio di edifici pubblici, scuole e abitazioni private. - Cancello ed Arnone","og_description":"Cancello ed Arnone \u00e8 pronta alla svolta tecnologica: abitazioni, uffici pubblici, attivit\u00e0 commerciali e ricettive, scuole, saranno presto raggiunti da una rete di telecomunicazione a banda ultralarga integralmente in fibra [&hellip;]","og_url":"https:\/\/comunicacity.net\/cancello-ed-arnone\/2019\/01\/09\/cancello-ed-arnone-vola-ad-1-gigabit-al-secondo-con-la-fibra-ottica-di-open-fiber-in-partenza-il-cablaggio-di-edifici-pubblici-scuole-e-abitazioni-private\/","og_site_name":"Cancello ed Arnone","article_publisher":"http:\/\/facebook.com\/ComunicaCity","article_published_time":"2019-01-09T10:06:16+00:00","article_modified_time":"2023-02-02T14:44:21+00:00","og_image":[{"width":1080,"height":1025,"url":"https:\/\/comunicacity.net\/cancello-ed-arnone\/wp-content\/uploads\/sites\/28\/2019\/01\/83F29499-7061-43DA-A93E-8DB3C9666BE5.jpeg","type":"image\/jpeg"}],"author":"Admin_E","twitter_card":"summary_large_image","twitter_creator":"@comunicacity","twitter_site":"@comunicacity","twitter_misc":{"Scritto da":"Admin_E","Tempo di lettura stimato":"3 minuti"},"schema":{"@context":"https:\/\/schema.org","@graph":[{"@type":"Article","@id":"https:\/\/comunicacity.net\/cancello-ed-arnone\/2019\/01\/09\/cancello-ed-arnone-vola-ad-1-gigabit-al-secondo-con-la-fibra-ottica-di-open-fiber-in-partenza-il-cablaggio-di-edifici-pubblici-scuole-e-abitazioni-private\/#article","isPartOf":{"@id":"https:\/\/comunicacity.net\/cancello-ed-arnone\/2019\/01\/09\/cancello-ed-arnone-vola-ad-1-gigabit-al-secondo-con-la-fibra-ottica-di-open-fiber-in-partenza-il-cablaggio-di-edifici-pubblici-scuole-e-abitazioni-private\/"},"author":{"name":"Admin_E","@id":"https:\/\/comunicacity.net\/cancello-ed-arnone\/#\/schema\/person\/eaea9f1aebcbd61eb9878e6232bd2a03"},"headline":"Cancello ed Arnone vola ad 1 gigabit al secondo con la fibra ottica di Open Fiber. In partenza il cablaggio di edifici pubblici, scuole e abitazioni private.","datePublished":"2019-01-09T10:06:16+00:00","dateModified":"2023-02-02T14:44:21+00:00","mainEntityOfPage":{"@id":"https:\/\/comunicacity.net\/cancello-ed-arnone\/2019\/01\/09\/cancello-ed-arnone-vola-ad-1-gigabit-al-secondo-con-la-fibra-ottica-di-open-fiber-in-partenza-il-cablaggio-di-edifici-pubblici-scuole-e-abitazioni-private\/"},"wordCount":565,"image":{"@id":"https:\/\/comunicacity.net\/cancello-ed-arnone\/2019\/01\/09\/cancello-ed-arnone-vola-ad-1-gigabit-al-secondo-con-la-fibra-ottica-di-open-fiber-in-partenza-il-cablaggio-di-edifici-pubblici-scuole-e-abitazioni-private\/#primaryimage"},"thumbnailUrl":"https:\/\/comunicacity.net\/cancello-ed-arnone\/wp-content\/uploads\/sites\/28\/2019\/01\/83F29499-7061-43DA-A93E-8DB3C9666BE5.jpeg","articleSection":["Notizie e Informazioni"],"inLanguage":"it-IT"},{"@type":"WebPage","@id":"https:\/\/comunicacity.net\/cancello-ed-arnone\/2019\/01\/09\/cancello-ed-arnone-vola-ad-1-gigabit-al-secondo-con-la-fibra-ottica-di-open-fiber-in-partenza-il-cablaggio-di-edifici-pubblici-scuole-e-abitazioni-private\/","url":"https:\/\/comunicacity.net\/cancello-ed-arnone\/2019\/01\/09\/cancello-ed-arnone-vola-ad-1-gigabit-al-secondo-con-la-fibra-ottica-di-open-fiber-in-partenza-il-cablaggio-di-edifici-pubblici-scuole-e-abitazioni-private\/","name":"Cancello ed Arnone vola ad 1 gigabit al secondo con la fibra ottica di Open Fiber. In partenza il cablaggio di edifici pubblici, scuole e abitazioni private. - Cancello ed Arnone","isPartOf":{"@id":"https:\/\/comunicacity.net\/cancello-ed-arnone\/#website"},"primaryImageOfPage":{"@id":"https:\/\/comunicacity.net\/cancello-ed-arnone\/2019\/01\/09\/cancello-ed-arnone-vola-ad-1-gigabit-al-secondo-con-la-fibra-ottica-di-open-fiber-in-partenza-il-cablaggio-di-edifici-pubblici-scuole-e-abitazioni-private\/#primaryimage"},"image":{"@id":"https:\/\/comunicacity.net\/cancello-ed-arnone\/2019\/01\/09\/cancello-ed-arnone-vola-ad-1-gigabit-al-secondo-con-la-fibra-ottica-di-open-fiber-in-partenza-il-cablaggio-di-edifici-pubblici-scuole-e-abitazioni-private\/#primaryimage"},"thumbnailUrl":"https:\/\/comunicacity.net\/cancello-ed-arnone\/wp-content\/uploads\/sites\/28\/2019\/01\/83F29499-7061-43DA-A93E-8DB3C9666BE5.jpeg","datePublished":"2019-01-09T10:06:16+00:00","dateModified":"2023-02-02T14:44:21+00:00","author":{"@id":"https:\/\/comunicacity.net\/cancello-ed-arnone\/#\/schema\/person\/eaea9f1aebcbd61eb9878e6232bd2a03"},"breadcrumb":{"@id":"https:\/\/comunicacity.net\/cancello-ed-arnone\/2019\/01\/09\/cancello-ed-arnone-vola-ad-1-gigabit-al-secondo-con-la-fibra-ottica-di-open-fiber-in-partenza-il-cablaggio-di-edifici-pubblici-scuole-e-abitazioni-private\/#breadcrumb"},"inLanguage":"it-IT","potentialAction":[{"@type":"ReadAction","target":["https:\/\/comunicacity.net\/cancello-ed-arnone\/2019\/01\/09\/cancello-ed-arnone-vola-ad-1-gigabit-al-secondo-con-la-fibra-ottica-di-open-fiber-in-partenza-il-cablaggio-di-edifici-pubblici-scuole-e-abitazioni-private\/"]}]},{"@type":"ImageObject","inLanguage":"it-IT","@id":"https:\/\/comunicacity.net\/cancello-ed-arnone\/2019\/01\/09\/cancello-ed-arnone-vola-ad-1-gigabit-al-secondo-con-la-fibra-ottica-di-open-fiber-in-partenza-il-cablaggio-di-edifici-pubblici-scuole-e-abitazioni-private\/#primaryimage","url":"https:\/\/comunicacity.net\/cancello-ed-arnone\/wp-content\/uploads\/sites\/28\/2019\/01\/83F29499-7061-43DA-A93E-8DB3C9666BE5.jpeg","contentUrl":"https:\/\/comunicacity.net\/cancello-ed-arnone\/wp-content\/uploads\/sites\/28\/2019\/01\/83F29499-7061-43DA-A93E-8DB3C9666BE5.jpeg","width":1080,"height":1025},{"@type":"BreadcrumbList","@id":"https:\/\/comunicacity.net\/cancello-ed-arnone\/2019\/01\/09\/cancello-ed-arnone-vola-ad-1-gigabit-al-secondo-con-la-fibra-ottica-di-open-fiber-in-partenza-il-cablaggio-di-edifici-pubblici-scuole-e-abitazioni-private\/#breadcrumb","itemListElement":[{"@type":"ListItem","position":1,"name":"Home","item":"https:\/\/comunicacity.net\/cancello-ed-arnone\/"},{"@type":"ListItem","position":2,"name":"Cancello ed Arnone vola ad 1 gigabit al secondo con la fibra ottica di Open Fiber. In partenza il cablaggio di edifici pubblici, scuole e abitazioni private."}]},{"@type":"WebSite","@id":"https:\/\/comunicacity.net\/cancello-ed-arnone\/#website","url":"https:\/\/comunicacity.net\/cancello-ed-arnone\/","name":"Cancello ed Arnone","description":"ComunicaCity","potentialAction":[{"@type":"SearchAction","target":{"@type":"EntryPoint","urlTemplate":"https:\/\/comunicacity.net\/cancello-ed-arnone\/?s={search_term_string}"},"query-input":{"@type":"PropertyValueSpecification","valueRequired":true,"valueName":"search_term_string"}}],"inLanguage":"it-IT"},{"@type":"Person","@id":"https:\/\/comunicacity.net\/cancello-ed-arnone\/#\/schema\/person\/eaea9f1aebcbd61eb9878e6232bd2a03","name":"Admin_E","image":{"@type":"ImageObject","inLanguage":"it-IT","@id":"https:\/\/secure.gravatar.com\/avatar\/1eb418f243a360a5c118e205c4f1d666c009a9fac37301044747eacb4938b467?s=96&d=mm&r=g","url":"https:\/\/secure.gravatar.com\/avatar\/1eb418f243a360a5c118e205c4f1d666c009a9fac37301044747eacb4938b467?s=96&d=mm&r=g","contentUrl":"https:\/\/secure.gravatar.com\/avatar\/1eb418f243a360a5c118e205c4f1d666c009a9fac37301044747eacb4938b467?s=96&d=mm&r=g","caption":"Admin_E"},"url":"https:\/\/comunicacity.net\/cancello-ed-arnone\/author\/oollppcancelloarnone\/"}]}},"meta_box":{"cc4_urg_colore":"","cc4_urg_data_inizio":"","cc4_urg_data_fine":"","cc4_cor_positivi_oggi":"","cc4_cor_negativizzati_oggi":"","cc4_cor_deceduti_oggi":"","cc4_cor_positivi_totali":"","cc4_cor_negativizzati_totali":"","cc4_cor_deceduti_totali":"","cc4_cor_attualmente_positivi":"","cc4_eve_data_inizio":"","cc4_eve_data_fine":"","cc4_eve_indirizzo":"","cc4_eve_posizione":{"latitude":"","longitude":"","zoom":""},"cc4_eve_telefono":"","cc4_eve_email":"","cc4_eve_web":"","cc4_eve_fb":"","sitopa_id":""},"_links":{"self":[{"href":"https:\/\/comunicacity.net\/cancello-ed-arnone\/wp-json\/wp\/v2\/posts\/798","targetHints":{"allow":["GET"]}}],"collection":[{"href":"https:\/\/comunicacity.net\/cancello-ed-arnone\/wp-json\/wp\/v2\/posts"}],"about":[{"href":"https:\/\/comunicacity.net\/cancello-ed-arnone\/wp-json\/wp\/v2\/types\/post"}],"author":[{"embeddable":true,"href":"https:\/\/comunicacity.net\/cancello-ed-arnone\/wp-json\/wp\/v2\/users\/398"}],"replies":[{"embeddable":true,"href":"https:\/\/comunicacity.net\/cancello-ed-arnone\/wp-json\/wp\/v2\/comments?post=798"}],"version-history":[{"count":1,"href":"https:\/\/comunicacity.net\/cancello-ed-arnone\/wp-json\/wp\/v2\/posts\/798\/revisions"}],"predecessor-version":[{"id":800,"href":"https:\/\/comunicacity.net\/cancello-ed-arnone\/wp-json\/wp\/v2\/posts\/798\/revisions\/800"}],"wp:featuredmedia":[{"embeddable":true,"href":"https:\/\/comunicacity.net\/cancello-ed-arnone\/wp-json\/wp\/v2\/media\/801"}],"wp:attachment":[{"href":"https:\/\/comunicacity.net\/cancello-ed-arnone\/wp-json\/wp\/v2\/media?parent=798"}],"wp:term":[{"taxonomy":"category","embeddable":true,"href":"https:\/\/comunicacity.net\/cancello-ed-arnone\/wp-json\/wp\/v2\/categories?post=798"},{"taxonomy":"post_tag","embeddable":true,"href":"https:\/\/comunicacity.net\/cancello-ed-arnone\/wp-json\/wp\/v2\/tags?post=798"}],"curies":[{"name":"wp","href":"https:\/\/api.w.org\/{rel}","templated":true}]}}