{"id":807,"date":"2019-01-12T19:51:41","date_gmt":"2019-01-12T18:51:41","guid":{"rendered":"https:\/\/comunicacity.net\/cancello-ed-arnone\/?p=807"},"modified":"2023-02-02T15:44:20","modified_gmt":"2023-02-02T14:44:20","slug":"la-concessione-del-servizio-idrico-tra-i-punti-principali-del-consiglio-comunale","status":"publish","type":"post","link":"https:\/\/comunicacity.net\/cancello-ed-arnone\/2019\/01\/12\/la-concessione-del-servizio-idrico-tra-i-punti-principali-del-consiglio-comunale\/","title":{"rendered":"La Concessione del servizio idrico tra i punti principali del Consiglio Comunale."},"content":{"rendered":"<p>Il consiglio comunale, presieduto dalla dott.ssa Ersilia Viola, si \u00e8 riunito ieri nella Sala Consiliare del Comune.<\/p>\n<p>\u00c8 intervenuto il Presidente del Consiglio dott.ssa Viola sul punto 2 all\u2019ordine del giorno, ovvero \u201cDirettiva 2015\/2366\/UE \u2013 D.Lgs. N. 218\/2017 \u2013 Adeguamento convenzione di tesoreria\u201d. \u201cCon la circolare n. 22 del 15\/06\/2018, il Ministero dell\u2019Economia e delle Finanze, Dipartimento della Ragioneria dello Stato, ha richiamato tutte le Amministrazioni all\u2019applicazione della Direttiva sui servizi pagamento 2015\/2366\/UE del Parlamento Europeo e del Consiglio \u2013 afferma la dott.ssa Viola, che continua: \u201cAnche il nostro Ente si \u00e8 adeguato alla normativa vigente in base alla quale, in esecuzione di un\u2019operazione di pagamento, il Tesoriere traferir\u00e0 la totalit\u00e0 dell\u2019importo dell\u2019operazione al beneficiario, senza trattenere alcuna spesa, mentre i relativi oneri saranno posti a carico del Comune\u201d.<span class=\"Apple-converted-space\">\u00a0<\/span><\/p>\n<p>Sul punto 3 all\u2019ordine del giorno, \u201cConcessione Servizio Idrico \u2013 Atto di indirizzo\u201d \u00e8 intervenuto il vicesindaco Angelo Caputo, che ha presentato un emendamento. \u201cDal 01\/08\/2018, dal momento cio\u00e8 della rescissione del contratto con la societ\u00e0 Acquedotti S.c.p.a., la gestione della rete idrica \u00e8 gestita in house e all\u2019attualit\u00e0 il Comune \u00e8 sprovvisto di personale e mezzo idonei specializzati a svolgere il servizio. Per questo motivo, il Sindaco ha chiesto all\u2019Ente Idrico Campano l\u2019autorizzazione a svolgere una procedura di evidenza pubblica finalizzata all\u2019individuazione del soggetto gestore del ciclo integrato delle acque, nelle more della piena operativit\u00e0 dell\u2019 E.I.C. L\u2019Ente Idrico Campano ha dato questa autorizzazione, nelle more che poi il servizio trovi attuazione. Il motivo per il quale ho chiesto questo emendamento \u00e8 principalmente per la necessit\u00e0 di chiarire che, l\u2019affidamento a terzi mediante evidenza pubblica, vale temporaneamente; nel momento in cui l\u2019E.I.C. individuer\u00e0 il soggetto gestore per tutto l\u2019ambito, allora questo soggetto subentrer\u00e0 al gestore che avr\u00e0 vinto la gara nel Comune di Cancello ed Arnone e cos\u00ec, al pari degli altri comuni, quel gestore sar\u00e0 lo stesso anche per il Comune di Cancello ed Arnone\u201d.<span class=\"Apple-converted-space\">\u00a0<\/span><\/p>\n<p>\u00c8 intervenuto poi il sindaco Ambrosca, il quale ha tenuto a precisare che, per quanto riguarda il problema riscaldamento del plesso della scuola primaria di Via Settembrini, il problema non ha mai riguardato il riscaldamento degli alunni che sono sempre stati al caldo, ma era dovuta ad una perdita di acqua per la quale luned\u00ec 14 inizieranno i lavori che risolveranno definitivamente il problema.<span class=\"Apple-converted-space\">\u00a0<\/span><\/p>\n","protected":false},"excerpt":{"rendered":"<p>Il consiglio comunale, presieduto dalla dott.ssa Ersilia Viola, si \u00e8 riunito ieri nella Sala Consiliare del Comune. \u00c8 intervenuto il Presidente del Consiglio dott.ssa Viola sul punto 2 all\u2019ordine del [&hellip;]<\/p>\n","protected":false},"author":398,"featured_media":808,"comment_status":"closed","ping_status":"closed","sticky":false,"template":"","format":"standard","meta":{"footnotes":""},"categories":[11],"tags":[],"class_list":["post-807","post","type-post","status-publish","format-standard","has-post-thumbnail","hentry","category-notizie-e-informazioni"],"yoast_head":"<!-- This site is optimized with the Yoast SEO plugin v27.4 - https:\/\/yoast.com\/product\/yoast-seo-wordpress\/ -->\n<title>La Concessione del servizio idrico tra i punti principali del Consiglio Comunale. - Cancello ed Arnone<\/title>\n<meta name=\"robots\" content=\"index, follow, max-snippet:-1, max-image-preview:large, max-video-preview:-1\" \/>\n<link rel=\"canonical\" href=\"https:\/\/comunicacity.net\/cancello-ed-arnone\/2019\/01\/12\/la-concessione-del-servizio-idrico-tra-i-punti-principali-del-consiglio-comunale\/\" \/>\n<meta property=\"og:locale\" content=\"it_IT\" \/>\n<meta property=\"og:type\" content=\"article\" \/>\n<meta property=\"og:title\" content=\"La Concessione del servizio idrico tra i punti principali del Consiglio Comunale. - Cancello ed Arnone\" \/>\n<meta property=\"og:description\" content=\"Il consiglio comunale, presieduto dalla dott.ssa Ersilia Viola, si \u00e8 riunito ieri nella Sala Consiliare del Comune. \u00c8 intervenuto il Presidente del Consiglio dott.ssa Viola sul punto 2 all\u2019ordine del [&hellip;]\" \/>\n<meta property=\"og:url\" content=\"https:\/\/comunicacity.net\/cancello-ed-arnone\/2019\/01\/12\/la-concessione-del-servizio-idrico-tra-i-punti-principali-del-consiglio-comunale\/\" \/>\n<meta property=\"og:site_name\" content=\"Cancello ed Arnone\" \/>\n<meta property=\"article:publisher\" content=\"http:\/\/facebook.com\/ComunicaCity\" \/>\n<meta property=\"article:published_time\" content=\"2019-01-12T18:51:41+00:00\" \/>\n<meta property=\"article:modified_time\" content=\"2023-02-02T14:44:20+00:00\" \/>\n<meta property=\"og:image\" content=\"https:\/\/comunicacity.net\/cancello-ed-arnone\/wp-content\/uploads\/sites\/28\/2019\/01\/919242A5-F12D-4463-9E45-E59D0DE7102C.jpeg\" \/>\n\t<meta property=\"og:image:width\" content=\"1224\" \/>\n\t<meta property=\"og:image:height\" content=\"1654\" \/>\n\t<meta property=\"og:image:type\" content=\"image\/jpeg\" \/>\n<meta name=\"author\" content=\"Admin_E\" \/>\n<meta name=\"twitter:card\" content=\"summary_large_image\" \/>\n<meta name=\"twitter:creator\" content=\"@comunicacity\" \/>\n<meta name=\"twitter:site\" content=\"@comunicacity\" \/>\n<meta name=\"twitter:label1\" content=\"Scritto da\" \/>\n\t<meta name=\"twitter:data1\" content=\"Admin_E\" \/>\n\t<meta name=\"twitter:label2\" content=\"Tempo di lettura stimato\" \/>\n\t<meta name=\"twitter:data2\" content=\"2 minuti\" \/>\n<script type=\"application\/ld+json\" class=\"yoast-schema-graph\">{\"@context\":\"https:\\\/\\\/schema.org\",\"@graph\":[{\"@type\":\"Article\",\"@id\":\"https:\\\/\\\/comunicacity.net\\\/cancello-ed-arnone\\\/2019\\\/01\\\/12\\\/la-concessione-del-servizio-idrico-tra-i-punti-principali-del-consiglio-comunale\\\/#article\",\"isPartOf\":{\"@id\":\"https:\\\/\\\/comunicacity.net\\\/cancello-ed-arnone\\\/2019\\\/01\\\/12\\\/la-concessione-del-servizio-idrico-tra-i-punti-principali-del-consiglio-comunale\\\/\"},\"author\":{\"name\":\"Admin_E\",\"@id\":\"https:\\\/\\\/comunicacity.net\\\/cancello-ed-arnone\\\/#\\\/schema\\\/person\\\/eaea9f1aebcbd61eb9878e6232bd2a03\"},\"headline\":\"La Concessione del servizio idrico tra i punti principali del Consiglio Comunale.\",\"datePublished\":\"2019-01-12T18:51:41+00:00\",\"dateModified\":\"2023-02-02T14:44:20+00:00\",\"mainEntityOfPage\":{\"@id\":\"https:\\\/\\\/comunicacity.net\\\/cancello-ed-arnone\\\/2019\\\/01\\\/12\\\/la-concessione-del-servizio-idrico-tra-i-punti-principali-del-consiglio-comunale\\\/\"},\"wordCount\":399,\"image\":{\"@id\":\"https:\\\/\\\/comunicacity.net\\\/cancello-ed-arnone\\\/2019\\\/01\\\/12\\\/la-concessione-del-servizio-idrico-tra-i-punti-principali-del-consiglio-comunale\\\/#primaryimage\"},\"thumbnailUrl\":\"https:\\\/\\\/comunicacity.net\\\/cancello-ed-arnone\\\/wp-content\\\/uploads\\\/sites\\\/28\\\/2019\\\/01\\\/919242A5-F12D-4463-9E45-E59D0DE7102C.jpeg\",\"articleSection\":[\"Notizie e Informazioni\"],\"inLanguage\":\"it-IT\"},{\"@type\":\"WebPage\",\"@id\":\"https:\\\/\\\/comunicacity.net\\\/cancello-ed-arnone\\\/2019\\\/01\\\/12\\\/la-concessione-del-servizio-idrico-tra-i-punti-principali-del-consiglio-comunale\\\/\",\"url\":\"https:\\\/\\\/comunicacity.net\\\/cancello-ed-arnone\\\/2019\\\/01\\\/12\\\/la-concessione-del-servizio-idrico-tra-i-punti-principali-del-consiglio-comunale\\\/\",\"name\":\"La Concessione del servizio idrico tra i punti principali del Consiglio Comunale. - Cancello ed Arnone\",\"isPartOf\":{\"@id\":\"https:\\\/\\\/comunicacity.net\\\/cancello-ed-arnone\\\/#website\"},\"primaryImageOfPage\":{\"@id\":\"https:\\\/\\\/comunicacity.net\\\/cancello-ed-arnone\\\/2019\\\/01\\\/12\\\/la-concessione-del-servizio-idrico-tra-i-punti-principali-del-consiglio-comunale\\\/#primaryimage\"},\"image\":{\"@id\":\"https:\\\/\\\/comunicacity.net\\\/cancello-ed-arnone\\\/2019\\\/01\\\/12\\\/la-concessione-del-servizio-idrico-tra-i-punti-principali-del-consiglio-comunale\\\/#primaryimage\"},\"thumbnailUrl\":\"https:\\\/\\\/comunicacity.net\\\/cancello-ed-arnone\\\/wp-content\\\/uploads\\\/sites\\\/28\\\/2019\\\/01\\\/919242A5-F12D-4463-9E45-E59D0DE7102C.jpeg\",\"datePublished\":\"2019-01-12T18:51:41+00:00\",\"dateModified\":\"2023-02-02T14:44:20+00:00\",\"author\":{\"@id\":\"https:\\\/\\\/comunicacity.net\\\/cancello-ed-arnone\\\/#\\\/schema\\\/person\\\/eaea9f1aebcbd61eb9878e6232bd2a03\"},\"breadcrumb\":{\"@id\":\"https:\\\/\\\/comunicacity.net\\\/cancello-ed-arnone\\\/2019\\\/01\\\/12\\\/la-concessione-del-servizio-idrico-tra-i-punti-principali-del-consiglio-comunale\\\/#breadcrumb\"},\"inLanguage\":\"it-IT\",\"potentialAction\":[{\"@type\":\"ReadAction\",\"target\":[\"https:\\\/\\\/comunicacity.net\\\/cancello-ed-arnone\\\/2019\\\/01\\\/12\\\/la-concessione-del-servizio-idrico-tra-i-punti-principali-del-consiglio-comunale\\\/\"]}]},{\"@type\":\"ImageObject\",\"inLanguage\":\"it-IT\",\"@id\":\"https:\\\/\\\/comunicacity.net\\\/cancello-ed-arnone\\\/2019\\\/01\\\/12\\\/la-concessione-del-servizio-idrico-tra-i-punti-principali-del-consiglio-comunale\\\/#primaryimage\",\"url\":\"https:\\\/\\\/comunicacity.net\\\/cancello-ed-arnone\\\/wp-content\\\/uploads\\\/sites\\\/28\\\/2019\\\/01\\\/919242A5-F12D-4463-9E45-E59D0DE7102C.jpeg\",\"contentUrl\":\"https:\\\/\\\/comunicacity.net\\\/cancello-ed-arnone\\\/wp-content\\\/uploads\\\/sites\\\/28\\\/2019\\\/01\\\/919242A5-F12D-4463-9E45-E59D0DE7102C.jpeg\",\"width\":1224,\"height\":1654},{\"@type\":\"BreadcrumbList\",\"@id\":\"https:\\\/\\\/comunicacity.net\\\/cancello-ed-arnone\\\/2019\\\/01\\\/12\\\/la-concessione-del-servizio-idrico-tra-i-punti-principali-del-consiglio-comunale\\\/#breadcrumb\",\"itemListElement\":[{\"@type\":\"ListItem\",\"position\":1,\"name\":\"Home\",\"item\":\"https:\\\/\\\/comunicacity.net\\\/cancello-ed-arnone\\\/\"},{\"@type\":\"ListItem\",\"position\":2,\"name\":\"La Concessione del servizio idrico tra i punti principali del Consiglio Comunale.\"}]},{\"@type\":\"WebSite\",\"@id\":\"https:\\\/\\\/comunicacity.net\\\/cancello-ed-arnone\\\/#website\",\"url\":\"https:\\\/\\\/comunicacity.net\\\/cancello-ed-arnone\\\/\",\"name\":\"Cancello ed Arnone\",\"description\":\"ComunicaCity\",\"potentialAction\":[{\"@type\":\"SearchAction\",\"target\":{\"@type\":\"EntryPoint\",\"urlTemplate\":\"https:\\\/\\\/comunicacity.net\\\/cancello-ed-arnone\\\/?s={search_term_string}\"},\"query-input\":{\"@type\":\"PropertyValueSpecification\",\"valueRequired\":true,\"valueName\":\"search_term_string\"}}],\"inLanguage\":\"it-IT\"},{\"@type\":\"Person\",\"@id\":\"https:\\\/\\\/comunicacity.net\\\/cancello-ed-arnone\\\/#\\\/schema\\\/person\\\/eaea9f1aebcbd61eb9878e6232bd2a03\",\"name\":\"Admin_E\",\"image\":{\"@type\":\"ImageObject\",\"inLanguage\":\"it-IT\",\"@id\":\"https:\\\/\\\/secure.gravatar.com\\\/avatar\\\/1eb418f243a360a5c118e205c4f1d666c009a9fac37301044747eacb4938b467?s=96&d=mm&r=g\",\"url\":\"https:\\\/\\\/secure.gravatar.com\\\/avatar\\\/1eb418f243a360a5c118e205c4f1d666c009a9fac37301044747eacb4938b467?s=96&d=mm&r=g\",\"contentUrl\":\"https:\\\/\\\/secure.gravatar.com\\\/avatar\\\/1eb418f243a360a5c118e205c4f1d666c009a9fac37301044747eacb4938b467?s=96&d=mm&r=g\",\"caption\":\"Admin_E\"},\"url\":\"https:\\\/\\\/comunicacity.net\\\/cancello-ed-arnone\\\/author\\\/oollppcancelloarnone\\\/\"}]}<\/script>\n<!-- \/ Yoast SEO plugin. -->","yoast_head_json":{"title":"La Concessione del servizio idrico tra i punti principali del Consiglio Comunale. - Cancello ed Arnone","robots":{"index":"index","follow":"follow","max-snippet":"max-snippet:-1","max-image-preview":"max-image-preview:large","max-video-preview":"max-video-preview:-1"},"canonical":"https:\/\/comunicacity.net\/cancello-ed-arnone\/2019\/01\/12\/la-concessione-del-servizio-idrico-tra-i-punti-principali-del-consiglio-comunale\/","og_locale":"it_IT","og_type":"article","og_title":"La Concessione del servizio idrico tra i punti principali del Consiglio Comunale. - Cancello ed Arnone","og_description":"Il consiglio comunale, presieduto dalla dott.ssa Ersilia Viola, si \u00e8 riunito ieri nella Sala Consiliare del Comune. \u00c8 intervenuto il Presidente del Consiglio dott.ssa Viola sul punto 2 all\u2019ordine del [&hellip;]","og_url":"https:\/\/comunicacity.net\/cancello-ed-arnone\/2019\/01\/12\/la-concessione-del-servizio-idrico-tra-i-punti-principali-del-consiglio-comunale\/","og_site_name":"Cancello ed Arnone","article_publisher":"http:\/\/facebook.com\/ComunicaCity","article_published_time":"2019-01-12T18:51:41+00:00","article_modified_time":"2023-02-02T14:44:20+00:00","og_image":[{"width":1224,"height":1654,"url":"https:\/\/comunicacity.net\/cancello-ed-arnone\/wp-content\/uploads\/sites\/28\/2019\/01\/919242A5-F12D-4463-9E45-E59D0DE7102C.jpeg","type":"image\/jpeg"}],"author":"Admin_E","twitter_card":"summary_large_image","twitter_creator":"@comunicacity","twitter_site":"@comunicacity","twitter_misc":{"Scritto da":"Admin_E","Tempo di lettura stimato":"2 minuti"},"schema":{"@context":"https:\/\/schema.org","@graph":[{"@type":"Article","@id":"https:\/\/comunicacity.net\/cancello-ed-arnone\/2019\/01\/12\/la-concessione-del-servizio-idrico-tra-i-punti-principali-del-consiglio-comunale\/#article","isPartOf":{"@id":"https:\/\/comunicacity.net\/cancello-ed-arnone\/2019\/01\/12\/la-concessione-del-servizio-idrico-tra-i-punti-principali-del-consiglio-comunale\/"},"author":{"name":"Admin_E","@id":"https:\/\/comunicacity.net\/cancello-ed-arnone\/#\/schema\/person\/eaea9f1aebcbd61eb9878e6232bd2a03"},"headline":"La Concessione del servizio idrico tra i punti principali del Consiglio Comunale.","datePublished":"2019-01-12T18:51:41+00:00","dateModified":"2023-02-02T14:44:20+00:00","mainEntityOfPage":{"@id":"https:\/\/comunicacity.net\/cancello-ed-arnone\/2019\/01\/12\/la-concessione-del-servizio-idrico-tra-i-punti-principali-del-consiglio-comunale\/"},"wordCount":399,"image":{"@id":"https:\/\/comunicacity.net\/cancello-ed-arnone\/2019\/01\/12\/la-concessione-del-servizio-idrico-tra-i-punti-principali-del-consiglio-comunale\/#primaryimage"},"thumbnailUrl":"https:\/\/comunicacity.net\/cancello-ed-arnone\/wp-content\/uploads\/sites\/28\/2019\/01\/919242A5-F12D-4463-9E45-E59D0DE7102C.jpeg","articleSection":["Notizie e Informazioni"],"inLanguage":"it-IT"},{"@type":"WebPage","@id":"https:\/\/comunicacity.net\/cancello-ed-arnone\/2019\/01\/12\/la-concessione-del-servizio-idrico-tra-i-punti-principali-del-consiglio-comunale\/","url":"https:\/\/comunicacity.net\/cancello-ed-arnone\/2019\/01\/12\/la-concessione-del-servizio-idrico-tra-i-punti-principali-del-consiglio-comunale\/","name":"La Concessione del servizio idrico tra i punti principali del Consiglio Comunale. - Cancello ed Arnone","isPartOf":{"@id":"https:\/\/comunicacity.net\/cancello-ed-arnone\/#website"},"primaryImageOfPage":{"@id":"https:\/\/comunicacity.net\/cancello-ed-arnone\/2019\/01\/12\/la-concessione-del-servizio-idrico-tra-i-punti-principali-del-consiglio-comunale\/#primaryimage"},"image":{"@id":"https:\/\/comunicacity.net\/cancello-ed-arnone\/2019\/01\/12\/la-concessione-del-servizio-idrico-tra-i-punti-principali-del-consiglio-comunale\/#primaryimage"},"thumbnailUrl":"https:\/\/comunicacity.net\/cancello-ed-arnone\/wp-content\/uploads\/sites\/28\/2019\/01\/919242A5-F12D-4463-9E45-E59D0DE7102C.jpeg","datePublished":"2019-01-12T18:51:41+00:00","dateModified":"2023-02-02T14:44:20+00:00","author":{"@id":"https:\/\/comunicacity.net\/cancello-ed-arnone\/#\/schema\/person\/eaea9f1aebcbd61eb9878e6232bd2a03"},"breadcrumb":{"@id":"https:\/\/comunicacity.net\/cancello-ed-arnone\/2019\/01\/12\/la-concessione-del-servizio-idrico-tra-i-punti-principali-del-consiglio-comunale\/#breadcrumb"},"inLanguage":"it-IT","potentialAction":[{"@type":"ReadAction","target":["https:\/\/comunicacity.net\/cancello-ed-arnone\/2019\/01\/12\/la-concessione-del-servizio-idrico-tra-i-punti-principali-del-consiglio-comunale\/"]}]},{"@type":"ImageObject","inLanguage":"it-IT","@id":"https:\/\/comunicacity.net\/cancello-ed-arnone\/2019\/01\/12\/la-concessione-del-servizio-idrico-tra-i-punti-principali-del-consiglio-comunale\/#primaryimage","url":"https:\/\/comunicacity.net\/cancello-ed-arnone\/wp-content\/uploads\/sites\/28\/2019\/01\/919242A5-F12D-4463-9E45-E59D0DE7102C.jpeg","contentUrl":"https:\/\/comunicacity.net\/cancello-ed-arnone\/wp-content\/uploads\/sites\/28\/2019\/01\/919242A5-F12D-4463-9E45-E59D0DE7102C.jpeg","width":1224,"height":1654},{"@type":"BreadcrumbList","@id":"https:\/\/comunicacity.net\/cancello-ed-arnone\/2019\/01\/12\/la-concessione-del-servizio-idrico-tra-i-punti-principali-del-consiglio-comunale\/#breadcrumb","itemListElement":[{"@type":"ListItem","position":1,"name":"Home","item":"https:\/\/comunicacity.net\/cancello-ed-arnone\/"},{"@type":"ListItem","position":2,"name":"La Concessione del servizio idrico tra i punti principali del Consiglio Comunale."}]},{"@type":"WebSite","@id":"https:\/\/comunicacity.net\/cancello-ed-arnone\/#website","url":"https:\/\/comunicacity.net\/cancello-ed-arnone\/","name":"Cancello ed Arnone","description":"ComunicaCity","potentialAction":[{"@type":"SearchAction","target":{"@type":"EntryPoint","urlTemplate":"https:\/\/comunicacity.net\/cancello-ed-arnone\/?s={search_term_string}"},"query-input":{"@type":"PropertyValueSpecification","valueRequired":true,"valueName":"search_term_string"}}],"inLanguage":"it-IT"},{"@type":"Person","@id":"https:\/\/comunicacity.net\/cancello-ed-arnone\/#\/schema\/person\/eaea9f1aebcbd61eb9878e6232bd2a03","name":"Admin_E","image":{"@type":"ImageObject","inLanguage":"it-IT","@id":"https:\/\/secure.gravatar.com\/avatar\/1eb418f243a360a5c118e205c4f1d666c009a9fac37301044747eacb4938b467?s=96&d=mm&r=g","url":"https:\/\/secure.gravatar.com\/avatar\/1eb418f243a360a5c118e205c4f1d666c009a9fac37301044747eacb4938b467?s=96&d=mm&r=g","contentUrl":"https:\/\/secure.gravatar.com\/avatar\/1eb418f243a360a5c118e205c4f1d666c009a9fac37301044747eacb4938b467?s=96&d=mm&r=g","caption":"Admin_E"},"url":"https:\/\/comunicacity.net\/cancello-ed-arnone\/author\/oollppcancelloarnone\/"}]}},"meta_box":{"cc4_urg_colore":"","cc4_urg_data_inizio":"","cc4_urg_data_fine":"","cc4_cor_positivi_oggi":"","cc4_cor_negativizzati_oggi":"","cc4_cor_deceduti_oggi":"","cc4_cor_positivi_totali":"","cc4_cor_negativizzati_totali":"","cc4_cor_deceduti_totali":"","cc4_cor_attualmente_positivi":"","cc4_eve_data_inizio":"","cc4_eve_data_fine":"","cc4_eve_indirizzo":"","cc4_eve_posizione":{"latitude":"","longitude":"","zoom":""},"cc4_eve_telefono":"","cc4_eve_email":"","cc4_eve_web":"","cc4_eve_fb":"","sitopa_id":""},"_links":{"self":[{"href":"https:\/\/comunicacity.net\/cancello-ed-arnone\/wp-json\/wp\/v2\/posts\/807","targetHints":{"allow":["GET"]}}],"collection":[{"href":"https:\/\/comunicacity.net\/cancello-ed-arnone\/wp-json\/wp\/v2\/posts"}],"about":[{"href":"https:\/\/comunicacity.net\/cancello-ed-arnone\/wp-json\/wp\/v2\/types\/post"}],"author":[{"embeddable":true,"href":"https:\/\/comunicacity.net\/cancello-ed-arnone\/wp-json\/wp\/v2\/users\/398"}],"replies":[{"embeddable":true,"href":"https:\/\/comunicacity.net\/cancello-ed-arnone\/wp-json\/wp\/v2\/comments?post=807"}],"version-history":[{"count":1,"href":"https:\/\/comunicacity.net\/cancello-ed-arnone\/wp-json\/wp\/v2\/posts\/807\/revisions"}],"predecessor-version":[{"id":809,"href":"https:\/\/comunicacity.net\/cancello-ed-arnone\/wp-json\/wp\/v2\/posts\/807\/revisions\/809"}],"wp:featuredmedia":[{"embeddable":true,"href":"https:\/\/comunicacity.net\/cancello-ed-arnone\/wp-json\/wp\/v2\/media\/808"}],"wp:attachment":[{"href":"https:\/\/comunicacity.net\/cancello-ed-arnone\/wp-json\/wp\/v2\/media?parent=807"}],"wp:term":[{"taxonomy":"category","embeddable":true,"href":"https:\/\/comunicacity.net\/cancello-ed-arnone\/wp-json\/wp\/v2\/categories?post=807"},{"taxonomy":"post_tag","embeddable":true,"href":"https:\/\/comunicacity.net\/cancello-ed-arnone\/wp-json\/wp\/v2\/tags?post=807"}],"curies":[{"name":"wp","href":"https:\/\/api.w.org\/{rel}","templated":true}]}}