{"id":817,"date":"2019-01-17T14:40:06","date_gmt":"2019-01-17T13:40:06","guid":{"rendered":"https:\/\/comunicacity.net\/cancello-ed-arnone\/?p=817"},"modified":"2023-02-02T15:44:20","modified_gmt":"2023-02-02T14:44:20","slug":"iniziata-oggi-la-campagna-di-sensibilizzazione-per-il-servizio-di-raccolta-differenziata","status":"publish","type":"post","link":"https:\/\/comunicacity.net\/cancello-ed-arnone\/2019\/01\/17\/iniziata-oggi-la-campagna-di-sensibilizzazione-per-il-servizio-di-raccolta-differenziata\/","title":{"rendered":"Iniziata oggi la campagna di sensibilizzazione per il servizio di raccolta differenziata."},"content":{"rendered":"<p>Il rispetto per l\u2019ambiente passa dai piccoli gesti quotidiani e anche i bambini devono imparare a differenziare i rifiuti. Far capire loro di che materiale \u00e8 fatto un determinato oggetto, qual \u00e8 la sua origine e in che modo pu\u00f2 essere riutilizzato, \u00e8 la base per dare valore a un gesto che altrimenti sembrerebbe meccanico.<br \/>\nPer sensibilizzare maggiormente i bambini sull\u2019importanza della raccolta differenziata, \u00e8 nata la campagna di sensibilizzazione, che interesser\u00e0 tutti i plessi dell\u2019Istituto Comprensivo \u201cUgo Foscolo\u201d, fortemente voluta dall\u2019assessore all\u2019ambiente Gaetano Ambrosca ed organizzata di concerto con Annamaria Di Puorto, assessore alla Pubblica Istruzione.<br \/>\nUn ringraziamento particolare alla dirigente scolastica prof.ssa Maria Martini e alla ditta \u201cTeknoservice\u201d che hanno reso possibile l\u2019iniziativa e alla dott.ssa Paola Gasparini, che ha brillantemente spiegato ai bambini il sistema di raccolta dei rifiuti.<br \/>\nGli assessori Ambrosca e Di Puorto, inoltre, si congratulano con i bambini per l\u2019attenzione, l\u2019educazione e il rispetto con il quale hanno affrontato questa tematica cos\u00ec importante.<br \/>\nL\u2019iniziativa oggi ha interessato i bambini della scuola primaria di Arnone. Domani toccher\u00e0 ai ragazzi della scuola media.<br \/>\n\u201cRiciclare fin da piccoli per vivere in un mondo pi\u00f9 pulito da grandi\u201d.<\/p>\n<p><img loading=\"lazy\" decoding=\"async\" class=\"alignnone size-medium wp-image-818\" src=\"https:\/\/comunicacity.net\/cancello-ed-arnone\/wp-content\/uploads\/sites\/28\/2019\/01\/8153C381-2466-4C84-9DCF-A5073E42195E-300x225.jpeg\" alt=\"\" width=\"300\" height=\"225\" srcset=\"https:\/\/comunicacity.net\/cancello-ed-arnone\/wp-content\/uploads\/sites\/28\/2019\/01\/8153C381-2466-4C84-9DCF-A5073E42195E-300x225.jpeg 300w, https:\/\/comunicacity.net\/cancello-ed-arnone\/wp-content\/uploads\/sites\/28\/2019\/01\/8153C381-2466-4C84-9DCF-A5073E42195E-768x576.jpeg 768w, https:\/\/comunicacity.net\/cancello-ed-arnone\/wp-content\/uploads\/sites\/28\/2019\/01\/8153C381-2466-4C84-9DCF-A5073E42195E-1024x768.jpeg 1024w, https:\/\/comunicacity.net\/cancello-ed-arnone\/wp-content\/uploads\/sites\/28\/2019\/01\/8153C381-2466-4C84-9DCF-A5073E42195E-680x510.jpeg 680w, https:\/\/comunicacity.net\/cancello-ed-arnone\/wp-content\/uploads\/sites\/28\/2019\/01\/8153C381-2466-4C84-9DCF-A5073E42195E-600x450.jpeg 600w, https:\/\/comunicacity.net\/cancello-ed-arnone\/wp-content\/uploads\/sites\/28\/2019\/01\/8153C381-2466-4C84-9DCF-A5073E42195E-800x600.jpeg 800w\" sizes=\"auto, (max-width: 300px) 100vw, 300px\" \/> <img loading=\"lazy\" decoding=\"async\" class=\"alignnone size-medium wp-image-819\" src=\"https:\/\/comunicacity.net\/cancello-ed-arnone\/wp-content\/uploads\/sites\/28\/2019\/01\/2A75C1A0-DB61-476E-938A-45349FDBED11-300x225.jpeg\" alt=\"\" width=\"300\" height=\"225\" srcset=\"https:\/\/comunicacity.net\/cancello-ed-arnone\/wp-content\/uploads\/sites\/28\/2019\/01\/2A75C1A0-DB61-476E-938A-45349FDBED11-300x225.jpeg 300w, https:\/\/comunicacity.net\/cancello-ed-arnone\/wp-content\/uploads\/sites\/28\/2019\/01\/2A75C1A0-DB61-476E-938A-45349FDBED11-768x576.jpeg 768w, https:\/\/comunicacity.net\/cancello-ed-arnone\/wp-content\/uploads\/sites\/28\/2019\/01\/2A75C1A0-DB61-476E-938A-45349FDBED11-1024x768.jpeg 1024w, https:\/\/comunicacity.net\/cancello-ed-arnone\/wp-content\/uploads\/sites\/28\/2019\/01\/2A75C1A0-DB61-476E-938A-45349FDBED11-680x510.jpeg 680w\" sizes=\"auto, (max-width: 300px) 100vw, 300px\" \/> <img loading=\"lazy\" decoding=\"async\" class=\"alignnone size-medium wp-image-820\" src=\"https:\/\/comunicacity.net\/cancello-ed-arnone\/wp-content\/uploads\/sites\/28\/2019\/01\/3D0D5212-EFBA-49A2-BB6A-54065F674584-300x225.jpeg\" alt=\"\" width=\"300\" height=\"225\" srcset=\"https:\/\/comunicacity.net\/cancello-ed-arnone\/wp-content\/uploads\/sites\/28\/2019\/01\/3D0D5212-EFBA-49A2-BB6A-54065F674584-300x225.jpeg 300w, https:\/\/comunicacity.net\/cancello-ed-arnone\/wp-content\/uploads\/sites\/28\/2019\/01\/3D0D5212-EFBA-49A2-BB6A-54065F674584-768x576.jpeg 768w, https:\/\/comunicacity.net\/cancello-ed-arnone\/wp-content\/uploads\/sites\/28\/2019\/01\/3D0D5212-EFBA-49A2-BB6A-54065F674584-1024x768.jpeg 1024w, https:\/\/comunicacity.net\/cancello-ed-arnone\/wp-content\/uploads\/sites\/28\/2019\/01\/3D0D5212-EFBA-49A2-BB6A-54065F674584-680x510.jpeg 680w\" sizes=\"auto, (max-width: 300px) 100vw, 300px\" \/> <img loading=\"lazy\" decoding=\"async\" class=\"alignnone size-medium wp-image-821\" src=\"https:\/\/comunicacity.net\/cancello-ed-arnone\/wp-content\/uploads\/sites\/28\/2019\/01\/228C07EF-BD09-4677-83C7-B190D358B3EF-300x225.jpeg\" alt=\"\" width=\"300\" height=\"225\" srcset=\"https:\/\/comunicacity.net\/cancello-ed-arnone\/wp-content\/uploads\/sites\/28\/2019\/01\/228C07EF-BD09-4677-83C7-B190D358B3EF-300x225.jpeg 300w, https:\/\/comunicacity.net\/cancello-ed-arnone\/wp-content\/uploads\/sites\/28\/2019\/01\/228C07EF-BD09-4677-83C7-B190D358B3EF-768x576.jpeg 768w, https:\/\/comunicacity.net\/cancello-ed-arnone\/wp-content\/uploads\/sites\/28\/2019\/01\/228C07EF-BD09-4677-83C7-B190D358B3EF-1024x768.jpeg 1024w, https:\/\/comunicacity.net\/cancello-ed-arnone\/wp-content\/uploads\/sites\/28\/2019\/01\/228C07EF-BD09-4677-83C7-B190D358B3EF-680x510.jpeg 680w\" sizes=\"auto, (max-width: 300px) 100vw, 300px\" \/> <img loading=\"lazy\" decoding=\"async\" class=\"alignnone size-medium wp-image-822\" src=\"https:\/\/comunicacity.net\/cancello-ed-arnone\/wp-content\/uploads\/sites\/28\/2019\/01\/C004DA40-5FF5-4B74-859D-D302B30850F7-300x225.jpeg\" alt=\"\" width=\"300\" height=\"225\" srcset=\"https:\/\/comunicacity.net\/cancello-ed-arnone\/wp-content\/uploads\/sites\/28\/2019\/01\/C004DA40-5FF5-4B74-859D-D302B30850F7-300x225.jpeg 300w, https:\/\/comunicacity.net\/cancello-ed-arnone\/wp-content\/uploads\/sites\/28\/2019\/01\/C004DA40-5FF5-4B74-859D-D302B30850F7-768x576.jpeg 768w, https:\/\/comunicacity.net\/cancello-ed-arnone\/wp-content\/uploads\/sites\/28\/2019\/01\/C004DA40-5FF5-4B74-859D-D302B30850F7-1024x768.jpeg 1024w, https:\/\/comunicacity.net\/cancello-ed-arnone\/wp-content\/uploads\/sites\/28\/2019\/01\/C004DA40-5FF5-4B74-859D-D302B30850F7-680x510.jpeg 680w\" sizes=\"auto, (max-width: 300px) 100vw, 300px\" \/> <img loading=\"lazy\" decoding=\"async\" class=\"alignnone size-medium wp-image-823\" src=\"https:\/\/comunicacity.net\/cancello-ed-arnone\/wp-content\/uploads\/sites\/28\/2019\/01\/ABF7DE78-4AC1-4023-A43D-64D8FB763594-300x225.jpeg\" alt=\"\" width=\"300\" height=\"225\" srcset=\"https:\/\/comunicacity.net\/cancello-ed-arnone\/wp-content\/uploads\/sites\/28\/2019\/01\/ABF7DE78-4AC1-4023-A43D-64D8FB763594-300x225.jpeg 300w, https:\/\/comunicacity.net\/cancello-ed-arnone\/wp-content\/uploads\/sites\/28\/2019\/01\/ABF7DE78-4AC1-4023-A43D-64D8FB763594-768x576.jpeg 768w, https:\/\/comunicacity.net\/cancello-ed-arnone\/wp-content\/uploads\/sites\/28\/2019\/01\/ABF7DE78-4AC1-4023-A43D-64D8FB763594-1024x768.jpeg 1024w, https:\/\/comunicacity.net\/cancello-ed-arnone\/wp-content\/uploads\/sites\/28\/2019\/01\/ABF7DE78-4AC1-4023-A43D-64D8FB763594-680x510.jpeg 680w\" sizes=\"auto, (max-width: 300px) 100vw, 300px\" \/> <img loading=\"lazy\" decoding=\"async\" class=\"alignnone size-medium wp-image-824\" src=\"https:\/\/comunicacity.net\/cancello-ed-arnone\/wp-content\/uploads\/sites\/28\/2019\/01\/7B065AB9-F64D-4985-8ABD-EFA1F0AA136B-300x225.jpeg\" alt=\"\" width=\"300\" height=\"225\" srcset=\"https:\/\/comunicacity.net\/cancello-ed-arnone\/wp-content\/uploads\/sites\/28\/2019\/01\/7B065AB9-F64D-4985-8ABD-EFA1F0AA136B-300x225.jpeg 300w, https:\/\/comunicacity.net\/cancello-ed-arnone\/wp-content\/uploads\/sites\/28\/2019\/01\/7B065AB9-F64D-4985-8ABD-EFA1F0AA136B-768x576.jpeg 768w, https:\/\/comunicacity.net\/cancello-ed-arnone\/wp-content\/uploads\/sites\/28\/2019\/01\/7B065AB9-F64D-4985-8ABD-EFA1F0AA136B-1024x768.jpeg 1024w, https:\/\/comunicacity.net\/cancello-ed-arnone\/wp-content\/uploads\/sites\/28\/2019\/01\/7B065AB9-F64D-4985-8ABD-EFA1F0AA136B-680x510.jpeg 680w\" sizes=\"auto, (max-width: 300px) 100vw, 300px\" \/> <img loading=\"lazy\" decoding=\"async\" class=\"alignnone size-medium wp-image-825\" src=\"https:\/\/comunicacity.net\/cancello-ed-arnone\/wp-content\/uploads\/sites\/28\/2019\/01\/348E756E-F0C8-4A20-9712-EDD674336830-300x225.jpeg\" alt=\"\" width=\"300\" height=\"225\" srcset=\"https:\/\/comunicacity.net\/cancello-ed-arnone\/wp-content\/uploads\/sites\/28\/2019\/01\/348E756E-F0C8-4A20-9712-EDD674336830-300x225.jpeg 300w, https:\/\/comunicacity.net\/cancello-ed-arnone\/wp-content\/uploads\/sites\/28\/2019\/01\/348E756E-F0C8-4A20-9712-EDD674336830-768x576.jpeg 768w, https:\/\/comunicacity.net\/cancello-ed-arnone\/wp-content\/uploads\/sites\/28\/2019\/01\/348E756E-F0C8-4A20-9712-EDD674336830-1024x768.jpeg 1024w, https:\/\/comunicacity.net\/cancello-ed-arnone\/wp-content\/uploads\/sites\/28\/2019\/01\/348E756E-F0C8-4A20-9712-EDD674336830-680x510.jpeg 680w\" sizes=\"auto, (max-width: 300px) 100vw, 300px\" \/><\/p>\n","protected":false},"excerpt":{"rendered":"<p>Il rispetto per l\u2019ambiente passa dai piccoli gesti quotidiani e anche i bambini devono imparare a differenziare i rifiuti. Far capire loro di che materiale \u00e8 fatto un determinato oggetto, [&hellip;]<\/p>\n","protected":false},"author":398,"featured_media":818,"comment_status":"closed","ping_status":"closed","sticky":false,"template":"","format":"standard","meta":{"footnotes":""},"categories":[11],"tags":[],"class_list":["post-817","post","type-post","status-publish","format-standard","has-post-thumbnail","hentry","category-notizie-e-informazioni"],"yoast_head":"<!-- This site is optimized with the Yoast SEO plugin v27.4 - https:\/\/yoast.com\/product\/yoast-seo-wordpress\/ -->\n<title>Iniziata oggi la campagna di sensibilizzazione per il servizio di raccolta differenziata. - Cancello ed Arnone<\/title>\n<meta name=\"robots\" content=\"index, follow, max-snippet:-1, max-image-preview:large, max-video-preview:-1\" \/>\n<link rel=\"canonical\" href=\"https:\/\/comunicacity.net\/cancello-ed-arnone\/2019\/01\/17\/iniziata-oggi-la-campagna-di-sensibilizzazione-per-il-servizio-di-raccolta-differenziata\/\" \/>\n<meta property=\"og:locale\" content=\"it_IT\" \/>\n<meta property=\"og:type\" content=\"article\" \/>\n<meta property=\"og:title\" content=\"Iniziata oggi la campagna di sensibilizzazione per il servizio di raccolta differenziata. - Cancello ed Arnone\" \/>\n<meta property=\"og:description\" content=\"Il rispetto per l\u2019ambiente passa dai piccoli gesti quotidiani e anche i bambini devono imparare a differenziare i rifiuti. Far capire loro di che materiale \u00e8 fatto un determinato oggetto, [&hellip;]\" \/>\n<meta property=\"og:url\" content=\"https:\/\/comunicacity.net\/cancello-ed-arnone\/2019\/01\/17\/iniziata-oggi-la-campagna-di-sensibilizzazione-per-il-servizio-di-raccolta-differenziata\/\" \/>\n<meta property=\"og:site_name\" content=\"Cancello ed Arnone\" \/>\n<meta property=\"article:publisher\" content=\"http:\/\/facebook.com\/ComunicaCity\" \/>\n<meta property=\"article:published_time\" content=\"2019-01-17T13:40:06+00:00\" \/>\n<meta property=\"article:modified_time\" content=\"2023-02-02T14:44:20+00:00\" \/>\n<meta property=\"og:image\" content=\"https:\/\/comunicacity.net\/cancello-ed-arnone\/wp-content\/uploads\/sites\/28\/2019\/01\/8153C381-2466-4C84-9DCF-A5073E42195E.jpeg\" \/>\n\t<meta property=\"og:image:width\" content=\"3595\" \/>\n\t<meta property=\"og:image:height\" content=\"2696\" \/>\n\t<meta property=\"og:image:type\" content=\"image\/jpeg\" \/>\n<meta name=\"author\" content=\"Admin_E\" \/>\n<meta name=\"twitter:card\" content=\"summary_large_image\" \/>\n<meta name=\"twitter:creator\" content=\"@comunicacity\" \/>\n<meta name=\"twitter:site\" content=\"@comunicacity\" \/>\n<meta name=\"twitter:label1\" content=\"Scritto da\" \/>\n\t<meta name=\"twitter:data1\" content=\"Admin_E\" \/>\n\t<meta name=\"twitter:label2\" content=\"Tempo di lettura stimato\" \/>\n\t<meta name=\"twitter:data2\" content=\"1 minuto\" \/>\n<script type=\"application\/ld+json\" class=\"yoast-schema-graph\">{\"@context\":\"https:\\\/\\\/schema.org\",\"@graph\":[{\"@type\":\"Article\",\"@id\":\"https:\\\/\\\/comunicacity.net\\\/cancello-ed-arnone\\\/2019\\\/01\\\/17\\\/iniziata-oggi-la-campagna-di-sensibilizzazione-per-il-servizio-di-raccolta-differenziata\\\/#article\",\"isPartOf\":{\"@id\":\"https:\\\/\\\/comunicacity.net\\\/cancello-ed-arnone\\\/2019\\\/01\\\/17\\\/iniziata-oggi-la-campagna-di-sensibilizzazione-per-il-servizio-di-raccolta-differenziata\\\/\"},\"author\":{\"name\":\"Admin_E\",\"@id\":\"https:\\\/\\\/comunicacity.net\\\/cancello-ed-arnone\\\/#\\\/schema\\\/person\\\/eaea9f1aebcbd61eb9878e6232bd2a03\"},\"headline\":\"Iniziata oggi la campagna di sensibilizzazione per il servizio di raccolta differenziata.\",\"datePublished\":\"2019-01-17T13:40:06+00:00\",\"dateModified\":\"2023-02-02T14:44:20+00:00\",\"mainEntityOfPage\":{\"@id\":\"https:\\\/\\\/comunicacity.net\\\/cancello-ed-arnone\\\/2019\\\/01\\\/17\\\/iniziata-oggi-la-campagna-di-sensibilizzazione-per-il-servizio-di-raccolta-differenziata\\\/\"},\"wordCount\":209,\"image\":{\"@id\":\"https:\\\/\\\/comunicacity.net\\\/cancello-ed-arnone\\\/2019\\\/01\\\/17\\\/iniziata-oggi-la-campagna-di-sensibilizzazione-per-il-servizio-di-raccolta-differenziata\\\/#primaryimage\"},\"thumbnailUrl\":\"https:\\\/\\\/comunicacity.net\\\/cancello-ed-arnone\\\/wp-content\\\/uploads\\\/sites\\\/28\\\/2019\\\/01\\\/8153C381-2466-4C84-9DCF-A5073E42195E.jpeg\",\"articleSection\":[\"Notizie e Informazioni\"],\"inLanguage\":\"it-IT\"},{\"@type\":\"WebPage\",\"@id\":\"https:\\\/\\\/comunicacity.net\\\/cancello-ed-arnone\\\/2019\\\/01\\\/17\\\/iniziata-oggi-la-campagna-di-sensibilizzazione-per-il-servizio-di-raccolta-differenziata\\\/\",\"url\":\"https:\\\/\\\/comunicacity.net\\\/cancello-ed-arnone\\\/2019\\\/01\\\/17\\\/iniziata-oggi-la-campagna-di-sensibilizzazione-per-il-servizio-di-raccolta-differenziata\\\/\",\"name\":\"Iniziata oggi la campagna di sensibilizzazione per il servizio di raccolta differenziata. - Cancello ed Arnone\",\"isPartOf\":{\"@id\":\"https:\\\/\\\/comunicacity.net\\\/cancello-ed-arnone\\\/#website\"},\"primaryImageOfPage\":{\"@id\":\"https:\\\/\\\/comunicacity.net\\\/cancello-ed-arnone\\\/2019\\\/01\\\/17\\\/iniziata-oggi-la-campagna-di-sensibilizzazione-per-il-servizio-di-raccolta-differenziata\\\/#primaryimage\"},\"image\":{\"@id\":\"https:\\\/\\\/comunicacity.net\\\/cancello-ed-arnone\\\/2019\\\/01\\\/17\\\/iniziata-oggi-la-campagna-di-sensibilizzazione-per-il-servizio-di-raccolta-differenziata\\\/#primaryimage\"},\"thumbnailUrl\":\"https:\\\/\\\/comunicacity.net\\\/cancello-ed-arnone\\\/wp-content\\\/uploads\\\/sites\\\/28\\\/2019\\\/01\\\/8153C381-2466-4C84-9DCF-A5073E42195E.jpeg\",\"datePublished\":\"2019-01-17T13:40:06+00:00\",\"dateModified\":\"2023-02-02T14:44:20+00:00\",\"author\":{\"@id\":\"https:\\\/\\\/comunicacity.net\\\/cancello-ed-arnone\\\/#\\\/schema\\\/person\\\/eaea9f1aebcbd61eb9878e6232bd2a03\"},\"breadcrumb\":{\"@id\":\"https:\\\/\\\/comunicacity.net\\\/cancello-ed-arnone\\\/2019\\\/01\\\/17\\\/iniziata-oggi-la-campagna-di-sensibilizzazione-per-il-servizio-di-raccolta-differenziata\\\/#breadcrumb\"},\"inLanguage\":\"it-IT\",\"potentialAction\":[{\"@type\":\"ReadAction\",\"target\":[\"https:\\\/\\\/comunicacity.net\\\/cancello-ed-arnone\\\/2019\\\/01\\\/17\\\/iniziata-oggi-la-campagna-di-sensibilizzazione-per-il-servizio-di-raccolta-differenziata\\\/\"]}]},{\"@type\":\"ImageObject\",\"inLanguage\":\"it-IT\",\"@id\":\"https:\\\/\\\/comunicacity.net\\\/cancello-ed-arnone\\\/2019\\\/01\\\/17\\\/iniziata-oggi-la-campagna-di-sensibilizzazione-per-il-servizio-di-raccolta-differenziata\\\/#primaryimage\",\"url\":\"https:\\\/\\\/comunicacity.net\\\/cancello-ed-arnone\\\/wp-content\\\/uploads\\\/sites\\\/28\\\/2019\\\/01\\\/8153C381-2466-4C84-9DCF-A5073E42195E.jpeg\",\"contentUrl\":\"https:\\\/\\\/comunicacity.net\\\/cancello-ed-arnone\\\/wp-content\\\/uploads\\\/sites\\\/28\\\/2019\\\/01\\\/8153C381-2466-4C84-9DCF-A5073E42195E.jpeg\",\"width\":3595,\"height\":2696},{\"@type\":\"BreadcrumbList\",\"@id\":\"https:\\\/\\\/comunicacity.net\\\/cancello-ed-arnone\\\/2019\\\/01\\\/17\\\/iniziata-oggi-la-campagna-di-sensibilizzazione-per-il-servizio-di-raccolta-differenziata\\\/#breadcrumb\",\"itemListElement\":[{\"@type\":\"ListItem\",\"position\":1,\"name\":\"Home\",\"item\":\"https:\\\/\\\/comunicacity.net\\\/cancello-ed-arnone\\\/\"},{\"@type\":\"ListItem\",\"position\":2,\"name\":\"Iniziata oggi la campagna di sensibilizzazione per il servizio di raccolta differenziata.\"}]},{\"@type\":\"WebSite\",\"@id\":\"https:\\\/\\\/comunicacity.net\\\/cancello-ed-arnone\\\/#website\",\"url\":\"https:\\\/\\\/comunicacity.net\\\/cancello-ed-arnone\\\/\",\"name\":\"Cancello ed Arnone\",\"description\":\"ComunicaCity\",\"potentialAction\":[{\"@type\":\"SearchAction\",\"target\":{\"@type\":\"EntryPoint\",\"urlTemplate\":\"https:\\\/\\\/comunicacity.net\\\/cancello-ed-arnone\\\/?s={search_term_string}\"},\"query-input\":{\"@type\":\"PropertyValueSpecification\",\"valueRequired\":true,\"valueName\":\"search_term_string\"}}],\"inLanguage\":\"it-IT\"},{\"@type\":\"Person\",\"@id\":\"https:\\\/\\\/comunicacity.net\\\/cancello-ed-arnone\\\/#\\\/schema\\\/person\\\/eaea9f1aebcbd61eb9878e6232bd2a03\",\"name\":\"Admin_E\",\"image\":{\"@type\":\"ImageObject\",\"inLanguage\":\"it-IT\",\"@id\":\"https:\\\/\\\/secure.gravatar.com\\\/avatar\\\/1eb418f243a360a5c118e205c4f1d666c009a9fac37301044747eacb4938b467?s=96&d=mm&r=g\",\"url\":\"https:\\\/\\\/secure.gravatar.com\\\/avatar\\\/1eb418f243a360a5c118e205c4f1d666c009a9fac37301044747eacb4938b467?s=96&d=mm&r=g\",\"contentUrl\":\"https:\\\/\\\/secure.gravatar.com\\\/avatar\\\/1eb418f243a360a5c118e205c4f1d666c009a9fac37301044747eacb4938b467?s=96&d=mm&r=g\",\"caption\":\"Admin_E\"},\"url\":\"https:\\\/\\\/comunicacity.net\\\/cancello-ed-arnone\\\/author\\\/oollppcancelloarnone\\\/\"}]}<\/script>\n<!-- \/ Yoast SEO plugin. -->","yoast_head_json":{"title":"Iniziata oggi la campagna di sensibilizzazione per il servizio di raccolta differenziata. - Cancello ed Arnone","robots":{"index":"index","follow":"follow","max-snippet":"max-snippet:-1","max-image-preview":"max-image-preview:large","max-video-preview":"max-video-preview:-1"},"canonical":"https:\/\/comunicacity.net\/cancello-ed-arnone\/2019\/01\/17\/iniziata-oggi-la-campagna-di-sensibilizzazione-per-il-servizio-di-raccolta-differenziata\/","og_locale":"it_IT","og_type":"article","og_title":"Iniziata oggi la campagna di sensibilizzazione per il servizio di raccolta differenziata. - Cancello ed Arnone","og_description":"Il rispetto per l\u2019ambiente passa dai piccoli gesti quotidiani e anche i bambini devono imparare a differenziare i rifiuti. Far capire loro di che materiale \u00e8 fatto un determinato oggetto, [&hellip;]","og_url":"https:\/\/comunicacity.net\/cancello-ed-arnone\/2019\/01\/17\/iniziata-oggi-la-campagna-di-sensibilizzazione-per-il-servizio-di-raccolta-differenziata\/","og_site_name":"Cancello ed Arnone","article_publisher":"http:\/\/facebook.com\/ComunicaCity","article_published_time":"2019-01-17T13:40:06+00:00","article_modified_time":"2023-02-02T14:44:20+00:00","og_image":[{"width":3595,"height":2696,"url":"https:\/\/comunicacity.net\/cancello-ed-arnone\/wp-content\/uploads\/sites\/28\/2019\/01\/8153C381-2466-4C84-9DCF-A5073E42195E.jpeg","type":"image\/jpeg"}],"author":"Admin_E","twitter_card":"summary_large_image","twitter_creator":"@comunicacity","twitter_site":"@comunicacity","twitter_misc":{"Scritto da":"Admin_E","Tempo di lettura stimato":"1 minuto"},"schema":{"@context":"https:\/\/schema.org","@graph":[{"@type":"Article","@id":"https:\/\/comunicacity.net\/cancello-ed-arnone\/2019\/01\/17\/iniziata-oggi-la-campagna-di-sensibilizzazione-per-il-servizio-di-raccolta-differenziata\/#article","isPartOf":{"@id":"https:\/\/comunicacity.net\/cancello-ed-arnone\/2019\/01\/17\/iniziata-oggi-la-campagna-di-sensibilizzazione-per-il-servizio-di-raccolta-differenziata\/"},"author":{"name":"Admin_E","@id":"https:\/\/comunicacity.net\/cancello-ed-arnone\/#\/schema\/person\/eaea9f1aebcbd61eb9878e6232bd2a03"},"headline":"Iniziata oggi la campagna di sensibilizzazione per il servizio di raccolta differenziata.","datePublished":"2019-01-17T13:40:06+00:00","dateModified":"2023-02-02T14:44:20+00:00","mainEntityOfPage":{"@id":"https:\/\/comunicacity.net\/cancello-ed-arnone\/2019\/01\/17\/iniziata-oggi-la-campagna-di-sensibilizzazione-per-il-servizio-di-raccolta-differenziata\/"},"wordCount":209,"image":{"@id":"https:\/\/comunicacity.net\/cancello-ed-arnone\/2019\/01\/17\/iniziata-oggi-la-campagna-di-sensibilizzazione-per-il-servizio-di-raccolta-differenziata\/#primaryimage"},"thumbnailUrl":"https:\/\/comunicacity.net\/cancello-ed-arnone\/wp-content\/uploads\/sites\/28\/2019\/01\/8153C381-2466-4C84-9DCF-A5073E42195E.jpeg","articleSection":["Notizie e Informazioni"],"inLanguage":"it-IT"},{"@type":"WebPage","@id":"https:\/\/comunicacity.net\/cancello-ed-arnone\/2019\/01\/17\/iniziata-oggi-la-campagna-di-sensibilizzazione-per-il-servizio-di-raccolta-differenziata\/","url":"https:\/\/comunicacity.net\/cancello-ed-arnone\/2019\/01\/17\/iniziata-oggi-la-campagna-di-sensibilizzazione-per-il-servizio-di-raccolta-differenziata\/","name":"Iniziata oggi la campagna di sensibilizzazione per il servizio di raccolta differenziata. - Cancello ed Arnone","isPartOf":{"@id":"https:\/\/comunicacity.net\/cancello-ed-arnone\/#website"},"primaryImageOfPage":{"@id":"https:\/\/comunicacity.net\/cancello-ed-arnone\/2019\/01\/17\/iniziata-oggi-la-campagna-di-sensibilizzazione-per-il-servizio-di-raccolta-differenziata\/#primaryimage"},"image":{"@id":"https:\/\/comunicacity.net\/cancello-ed-arnone\/2019\/01\/17\/iniziata-oggi-la-campagna-di-sensibilizzazione-per-il-servizio-di-raccolta-differenziata\/#primaryimage"},"thumbnailUrl":"https:\/\/comunicacity.net\/cancello-ed-arnone\/wp-content\/uploads\/sites\/28\/2019\/01\/8153C381-2466-4C84-9DCF-A5073E42195E.jpeg","datePublished":"2019-01-17T13:40:06+00:00","dateModified":"2023-02-02T14:44:20+00:00","author":{"@id":"https:\/\/comunicacity.net\/cancello-ed-arnone\/#\/schema\/person\/eaea9f1aebcbd61eb9878e6232bd2a03"},"breadcrumb":{"@id":"https:\/\/comunicacity.net\/cancello-ed-arnone\/2019\/01\/17\/iniziata-oggi-la-campagna-di-sensibilizzazione-per-il-servizio-di-raccolta-differenziata\/#breadcrumb"},"inLanguage":"it-IT","potentialAction":[{"@type":"ReadAction","target":["https:\/\/comunicacity.net\/cancello-ed-arnone\/2019\/01\/17\/iniziata-oggi-la-campagna-di-sensibilizzazione-per-il-servizio-di-raccolta-differenziata\/"]}]},{"@type":"ImageObject","inLanguage":"it-IT","@id":"https:\/\/comunicacity.net\/cancello-ed-arnone\/2019\/01\/17\/iniziata-oggi-la-campagna-di-sensibilizzazione-per-il-servizio-di-raccolta-differenziata\/#primaryimage","url":"https:\/\/comunicacity.net\/cancello-ed-arnone\/wp-content\/uploads\/sites\/28\/2019\/01\/8153C381-2466-4C84-9DCF-A5073E42195E.jpeg","contentUrl":"https:\/\/comunicacity.net\/cancello-ed-arnone\/wp-content\/uploads\/sites\/28\/2019\/01\/8153C381-2466-4C84-9DCF-A5073E42195E.jpeg","width":3595,"height":2696},{"@type":"BreadcrumbList","@id":"https:\/\/comunicacity.net\/cancello-ed-arnone\/2019\/01\/17\/iniziata-oggi-la-campagna-di-sensibilizzazione-per-il-servizio-di-raccolta-differenziata\/#breadcrumb","itemListElement":[{"@type":"ListItem","position":1,"name":"Home","item":"https:\/\/comunicacity.net\/cancello-ed-arnone\/"},{"@type":"ListItem","position":2,"name":"Iniziata oggi la campagna di sensibilizzazione per il servizio di raccolta differenziata."}]},{"@type":"WebSite","@id":"https:\/\/comunicacity.net\/cancello-ed-arnone\/#website","url":"https:\/\/comunicacity.net\/cancello-ed-arnone\/","name":"Cancello ed Arnone","description":"ComunicaCity","potentialAction":[{"@type":"SearchAction","target":{"@type":"EntryPoint","urlTemplate":"https:\/\/comunicacity.net\/cancello-ed-arnone\/?s={search_term_string}"},"query-input":{"@type":"PropertyValueSpecification","valueRequired":true,"valueName":"search_term_string"}}],"inLanguage":"it-IT"},{"@type":"Person","@id":"https:\/\/comunicacity.net\/cancello-ed-arnone\/#\/schema\/person\/eaea9f1aebcbd61eb9878e6232bd2a03","name":"Admin_E","image":{"@type":"ImageObject","inLanguage":"it-IT","@id":"https:\/\/secure.gravatar.com\/avatar\/1eb418f243a360a5c118e205c4f1d666c009a9fac37301044747eacb4938b467?s=96&d=mm&r=g","url":"https:\/\/secure.gravatar.com\/avatar\/1eb418f243a360a5c118e205c4f1d666c009a9fac37301044747eacb4938b467?s=96&d=mm&r=g","contentUrl":"https:\/\/secure.gravatar.com\/avatar\/1eb418f243a360a5c118e205c4f1d666c009a9fac37301044747eacb4938b467?s=96&d=mm&r=g","caption":"Admin_E"},"url":"https:\/\/comunicacity.net\/cancello-ed-arnone\/author\/oollppcancelloarnone\/"}]}},"meta_box":{"cc4_urg_colore":"","cc4_urg_data_inizio":"","cc4_urg_data_fine":"","cc4_cor_positivi_oggi":"","cc4_cor_negativizzati_oggi":"","cc4_cor_deceduti_oggi":"","cc4_cor_positivi_totali":"","cc4_cor_negativizzati_totali":"","cc4_cor_deceduti_totali":"","cc4_cor_attualmente_positivi":"","cc4_eve_data_inizio":"","cc4_eve_data_fine":"","cc4_eve_indirizzo":"","cc4_eve_posizione":{"latitude":"","longitude":"","zoom":""},"cc4_eve_telefono":"","cc4_eve_email":"","cc4_eve_web":"","cc4_eve_fb":"","sitopa_id":""},"_links":{"self":[{"href":"https:\/\/comunicacity.net\/cancello-ed-arnone\/wp-json\/wp\/v2\/posts\/817","targetHints":{"allow":["GET"]}}],"collection":[{"href":"https:\/\/comunicacity.net\/cancello-ed-arnone\/wp-json\/wp\/v2\/posts"}],"about":[{"href":"https:\/\/comunicacity.net\/cancello-ed-arnone\/wp-json\/wp\/v2\/types\/post"}],"author":[{"embeddable":true,"href":"https:\/\/comunicacity.net\/cancello-ed-arnone\/wp-json\/wp\/v2\/users\/398"}],"replies":[{"embeddable":true,"href":"https:\/\/comunicacity.net\/cancello-ed-arnone\/wp-json\/wp\/v2\/comments?post=817"}],"version-history":[{"count":1,"href":"https:\/\/comunicacity.net\/cancello-ed-arnone\/wp-json\/wp\/v2\/posts\/817\/revisions"}],"predecessor-version":[{"id":826,"href":"https:\/\/comunicacity.net\/cancello-ed-arnone\/wp-json\/wp\/v2\/posts\/817\/revisions\/826"}],"wp:featuredmedia":[{"embeddable":true,"href":"https:\/\/comunicacity.net\/cancello-ed-arnone\/wp-json\/wp\/v2\/media\/818"}],"wp:attachment":[{"href":"https:\/\/comunicacity.net\/cancello-ed-arnone\/wp-json\/wp\/v2\/media?parent=817"}],"wp:term":[{"taxonomy":"category","embeddable":true,"href":"https:\/\/comunicacity.net\/cancello-ed-arnone\/wp-json\/wp\/v2\/categories?post=817"},{"taxonomy":"post_tag","embeddable":true,"href":"https:\/\/comunicacity.net\/cancello-ed-arnone\/wp-json\/wp\/v2\/tags?post=817"}],"curies":[{"name":"wp","href":"https:\/\/api.w.org\/{rel}","templated":true}]}}