{"id":829,"date":"2019-01-18T11:53:04","date_gmt":"2019-01-18T10:53:04","guid":{"rendered":"https:\/\/comunicacity.net\/cancello-ed-arnone\/?p=829"},"modified":"2023-02-02T15:44:19","modified_gmt":"2023-02-02T14:44:19","slug":"continua-la-campagna-di-sensibilizzazione-nelle-scuole-del-servizio-di-raccolta-differenziata","status":"publish","type":"post","link":"https:\/\/comunicacity.net\/cancello-ed-arnone\/2019\/01\/18\/continua-la-campagna-di-sensibilizzazione-nelle-scuole-del-servizio-di-raccolta-differenziata\/","title":{"rendered":"Continua la campagna di sensibilizzazione nelle scuole del servizio di raccolta differenziata."},"content":{"rendered":"<p>Continua la campagna di sensibilizzazione del servizio di raccolta differenziata che, questa mattina, ha interessato la Scuola Secondaria di I Grado.<br \/>\nL\u2019assessore all\u2019ambiente Ambrosca: \u201cLa sensibilit\u00e0 ai temi della salvaguardia e tutela dell\u2019ambiente rimangono ai primi posti nell\u2019attenzione della nostra Amministrazione. Ho fortemente voluto questa campagna di sensibilizzazione nelle scuole perch\u00e9 ritengo sia fondamentale insegnare ai bambini, fin dalla tenera et\u00e0, la sostenibilit\u00e0 ambientale, in quanto sono loro le generazioni future che beneficeranno degli sforzi di oggi\u201d.<br \/>\nLa campagna di sensibilizzazione, a met\u00e0 febbraio, interesser\u00e0 i bambini della scuola primaria di Cancello.<\/p>\n<p><img loading=\"lazy\" decoding=\"async\" class=\"alignnone size-medium wp-image-830\" src=\"https:\/\/comunicacity.net\/cancello-ed-arnone\/wp-content\/uploads\/sites\/28\/2019\/01\/6DA50840-D7B3-4E72-8743-3716184FB4FC-300x225.jpeg\" alt=\"\" width=\"300\" height=\"225\" srcset=\"https:\/\/comunicacity.net\/cancello-ed-arnone\/wp-content\/uploads\/sites\/28\/2019\/01\/6DA50840-D7B3-4E72-8743-3716184FB4FC-300x225.jpeg 300w, https:\/\/comunicacity.net\/cancello-ed-arnone\/wp-content\/uploads\/sites\/28\/2019\/01\/6DA50840-D7B3-4E72-8743-3716184FB4FC-768x576.jpeg 768w, https:\/\/comunicacity.net\/cancello-ed-arnone\/wp-content\/uploads\/sites\/28\/2019\/01\/6DA50840-D7B3-4E72-8743-3716184FB4FC-1024x768.jpeg 1024w, https:\/\/comunicacity.net\/cancello-ed-arnone\/wp-content\/uploads\/sites\/28\/2019\/01\/6DA50840-D7B3-4E72-8743-3716184FB4FC-680x510.jpeg 680w\" sizes=\"auto, (max-width: 300px) 100vw, 300px\" \/> <img loading=\"lazy\" decoding=\"async\" class=\"alignnone size-medium wp-image-831\" src=\"https:\/\/comunicacity.net\/cancello-ed-arnone\/wp-content\/uploads\/sites\/28\/2019\/01\/5FB4C597-F880-4CB8-B318-CB8DAF39B189-300x225.jpeg\" alt=\"\" width=\"300\" height=\"225\" srcset=\"https:\/\/comunicacity.net\/cancello-ed-arnone\/wp-content\/uploads\/sites\/28\/2019\/01\/5FB4C597-F880-4CB8-B318-CB8DAF39B189-300x225.jpeg 300w, https:\/\/comunicacity.net\/cancello-ed-arnone\/wp-content\/uploads\/sites\/28\/2019\/01\/5FB4C597-F880-4CB8-B318-CB8DAF39B189-768x576.jpeg 768w, https:\/\/comunicacity.net\/cancello-ed-arnone\/wp-content\/uploads\/sites\/28\/2019\/01\/5FB4C597-F880-4CB8-B318-CB8DAF39B189-1024x768.jpeg 1024w, https:\/\/comunicacity.net\/cancello-ed-arnone\/wp-content\/uploads\/sites\/28\/2019\/01\/5FB4C597-F880-4CB8-B318-CB8DAF39B189-680x510.jpeg 680w, https:\/\/comunicacity.net\/cancello-ed-arnone\/wp-content\/uploads\/sites\/28\/2019\/01\/5FB4C597-F880-4CB8-B318-CB8DAF39B189-600x450.jpeg 600w, https:\/\/comunicacity.net\/cancello-ed-arnone\/wp-content\/uploads\/sites\/28\/2019\/01\/5FB4C597-F880-4CB8-B318-CB8DAF39B189-800x600.jpeg 800w\" sizes=\"auto, (max-width: 300px) 100vw, 300px\" \/> <img loading=\"lazy\" decoding=\"async\" class=\"alignnone size-medium wp-image-832\" src=\"https:\/\/comunicacity.net\/cancello-ed-arnone\/wp-content\/uploads\/sites\/28\/2019\/01\/834FA288-334B-42C4-B258-8B4BAD9E9C03-300x225.jpeg\" alt=\"\" width=\"300\" height=\"225\" srcset=\"https:\/\/comunicacity.net\/cancello-ed-arnone\/wp-content\/uploads\/sites\/28\/2019\/01\/834FA288-334B-42C4-B258-8B4BAD9E9C03-300x225.jpeg 300w, https:\/\/comunicacity.net\/cancello-ed-arnone\/wp-content\/uploads\/sites\/28\/2019\/01\/834FA288-334B-42C4-B258-8B4BAD9E9C03-768x576.jpeg 768w, https:\/\/comunicacity.net\/cancello-ed-arnone\/wp-content\/uploads\/sites\/28\/2019\/01\/834FA288-334B-42C4-B258-8B4BAD9E9C03-1024x768.jpeg 1024w, https:\/\/comunicacity.net\/cancello-ed-arnone\/wp-content\/uploads\/sites\/28\/2019\/01\/834FA288-334B-42C4-B258-8B4BAD9E9C03-680x510.jpeg 680w\" sizes=\"auto, (max-width: 300px) 100vw, 300px\" \/> <img loading=\"lazy\" decoding=\"async\" class=\"alignnone size-medium wp-image-833\" src=\"https:\/\/comunicacity.net\/cancello-ed-arnone\/wp-content\/uploads\/sites\/28\/2019\/01\/E708FE7D-DB0A-4400-8EE7-1BB2F2F19415-300x225.jpeg\" alt=\"\" width=\"300\" height=\"225\" srcset=\"https:\/\/comunicacity.net\/cancello-ed-arnone\/wp-content\/uploads\/sites\/28\/2019\/01\/E708FE7D-DB0A-4400-8EE7-1BB2F2F19415-300x225.jpeg 300w, https:\/\/comunicacity.net\/cancello-ed-arnone\/wp-content\/uploads\/sites\/28\/2019\/01\/E708FE7D-DB0A-4400-8EE7-1BB2F2F19415-768x576.jpeg 768w, https:\/\/comunicacity.net\/cancello-ed-arnone\/wp-content\/uploads\/sites\/28\/2019\/01\/E708FE7D-DB0A-4400-8EE7-1BB2F2F19415-1024x768.jpeg 1024w, https:\/\/comunicacity.net\/cancello-ed-arnone\/wp-content\/uploads\/sites\/28\/2019\/01\/E708FE7D-DB0A-4400-8EE7-1BB2F2F19415-680x510.jpeg 680w\" sizes=\"auto, (max-width: 300px) 100vw, 300px\" \/> <img loading=\"lazy\" decoding=\"async\" class=\"alignnone size-medium wp-image-834\" src=\"https:\/\/comunicacity.net\/cancello-ed-arnone\/wp-content\/uploads\/sites\/28\/2019\/01\/3E7DAB12-C113-4777-B2A2-3DD9E81EFE65-300x225.jpeg\" alt=\"\" width=\"300\" height=\"225\" srcset=\"https:\/\/comunicacity.net\/cancello-ed-arnone\/wp-content\/uploads\/sites\/28\/2019\/01\/3E7DAB12-C113-4777-B2A2-3DD9E81EFE65-300x225.jpeg 300w, https:\/\/comunicacity.net\/cancello-ed-arnone\/wp-content\/uploads\/sites\/28\/2019\/01\/3E7DAB12-C113-4777-B2A2-3DD9E81EFE65-768x576.jpeg 768w, https:\/\/comunicacity.net\/cancello-ed-arnone\/wp-content\/uploads\/sites\/28\/2019\/01\/3E7DAB12-C113-4777-B2A2-3DD9E81EFE65-1024x768.jpeg 1024w, https:\/\/comunicacity.net\/cancello-ed-arnone\/wp-content\/uploads\/sites\/28\/2019\/01\/3E7DAB12-C113-4777-B2A2-3DD9E81EFE65-680x510.jpeg 680w\" sizes=\"auto, (max-width: 300px) 100vw, 300px\" \/> <img loading=\"lazy\" decoding=\"async\" class=\"alignnone size-medium wp-image-835\" src=\"https:\/\/comunicacity.net\/cancello-ed-arnone\/wp-content\/uploads\/sites\/28\/2019\/01\/7F3C95E4-1214-4C11-8320-9177BAD9EAB1-300x225.jpeg\" alt=\"\" width=\"300\" height=\"225\" srcset=\"https:\/\/comunicacity.net\/cancello-ed-arnone\/wp-content\/uploads\/sites\/28\/2019\/01\/7F3C95E4-1214-4C11-8320-9177BAD9EAB1-300x225.jpeg 300w, https:\/\/comunicacity.net\/cancello-ed-arnone\/wp-content\/uploads\/sites\/28\/2019\/01\/7F3C95E4-1214-4C11-8320-9177BAD9EAB1-768x576.jpeg 768w, https:\/\/comunicacity.net\/cancello-ed-arnone\/wp-content\/uploads\/sites\/28\/2019\/01\/7F3C95E4-1214-4C11-8320-9177BAD9EAB1-1024x768.jpeg 1024w, https:\/\/comunicacity.net\/cancello-ed-arnone\/wp-content\/uploads\/sites\/28\/2019\/01\/7F3C95E4-1214-4C11-8320-9177BAD9EAB1-680x510.jpeg 680w\" sizes=\"auto, (max-width: 300px) 100vw, 300px\" \/> <img loading=\"lazy\" decoding=\"async\" class=\"alignnone size-medium wp-image-836\" src=\"https:\/\/comunicacity.net\/cancello-ed-arnone\/wp-content\/uploads\/sites\/28\/2019\/01\/B9ECDCD8-CFFB-4BF9-AC02-088077473678-300x225.jpeg\" alt=\"\" width=\"300\" height=\"225\" srcset=\"https:\/\/comunicacity.net\/cancello-ed-arnone\/wp-content\/uploads\/sites\/28\/2019\/01\/B9ECDCD8-CFFB-4BF9-AC02-088077473678-300x225.jpeg 300w, https:\/\/comunicacity.net\/cancello-ed-arnone\/wp-content\/uploads\/sites\/28\/2019\/01\/B9ECDCD8-CFFB-4BF9-AC02-088077473678-768x576.jpeg 768w, https:\/\/comunicacity.net\/cancello-ed-arnone\/wp-content\/uploads\/sites\/28\/2019\/01\/B9ECDCD8-CFFB-4BF9-AC02-088077473678-1024x768.jpeg 1024w, https:\/\/comunicacity.net\/cancello-ed-arnone\/wp-content\/uploads\/sites\/28\/2019\/01\/B9ECDCD8-CFFB-4BF9-AC02-088077473678-680x510.jpeg 680w\" sizes=\"auto, (max-width: 300px) 100vw, 300px\" \/> <img loading=\"lazy\" decoding=\"async\" class=\"size-medium wp-image-837 aligncenter\" src=\"https:\/\/comunicacity.net\/cancello-ed-arnone\/wp-content\/uploads\/sites\/28\/2019\/01\/033105D9-404C-4FC9-85ED-EC3BA7706041-169x300.jpeg\" alt=\"\" width=\"169\" height=\"300\" srcset=\"https:\/\/comunicacity.net\/cancello-ed-arnone\/wp-content\/uploads\/sites\/28\/2019\/01\/033105D9-404C-4FC9-85ED-EC3BA7706041-169x300.jpeg 169w, https:\/\/comunicacity.net\/cancello-ed-arnone\/wp-content\/uploads\/sites\/28\/2019\/01\/033105D9-404C-4FC9-85ED-EC3BA7706041-768x1364.jpeg 768w, https:\/\/comunicacity.net\/cancello-ed-arnone\/wp-content\/uploads\/sites\/28\/2019\/01\/033105D9-404C-4FC9-85ED-EC3BA7706041-577x1024.jpeg 577w, https:\/\/comunicacity.net\/cancello-ed-arnone\/wp-content\/uploads\/sites\/28\/2019\/01\/033105D9-404C-4FC9-85ED-EC3BA7706041-680x1208.jpeg 680w, https:\/\/comunicacity.net\/cancello-ed-arnone\/wp-content\/uploads\/sites\/28\/2019\/01\/033105D9-404C-4FC9-85ED-EC3BA7706041.jpeg 892w\" sizes=\"auto, (max-width: 169px) 100vw, 169px\" \/> <img loading=\"lazy\" decoding=\"async\" class=\"size-medium wp-image-838 aligncenter\" src=\"https:\/\/comunicacity.net\/cancello-ed-arnone\/wp-content\/uploads\/sites\/28\/2019\/01\/7072B804-DAED-4EEC-A351-23AF11AF0C2E-169x300.jpeg\" alt=\"\" width=\"169\" height=\"300\" srcset=\"https:\/\/comunicacity.net\/cancello-ed-arnone\/wp-content\/uploads\/sites\/28\/2019\/01\/7072B804-DAED-4EEC-A351-23AF11AF0C2E-169x300.jpeg 169w, https:\/\/comunicacity.net\/cancello-ed-arnone\/wp-content\/uploads\/sites\/28\/2019\/01\/7072B804-DAED-4EEC-A351-23AF11AF0C2E-768x1365.jpeg 768w, https:\/\/comunicacity.net\/cancello-ed-arnone\/wp-content\/uploads\/sites\/28\/2019\/01\/7072B804-DAED-4EEC-A351-23AF11AF0C2E-576x1024.jpeg 576w, https:\/\/comunicacity.net\/cancello-ed-arnone\/wp-content\/uploads\/sites\/28\/2019\/01\/7072B804-DAED-4EEC-A351-23AF11AF0C2E-680x1209.jpeg 680w, https:\/\/comunicacity.net\/cancello-ed-arnone\/wp-content\/uploads\/sites\/28\/2019\/01\/7072B804-DAED-4EEC-A351-23AF11AF0C2E.jpeg 900w\" sizes=\"auto, (max-width: 169px) 100vw, 169px\" \/><\/p>\n","protected":false},"excerpt":{"rendered":"<p>Continua la campagna di sensibilizzazione del servizio di raccolta differenziata che, questa mattina, ha interessato la Scuola Secondaria di I Grado. L\u2019assessore all\u2019ambiente Ambrosca: \u201cLa sensibilit\u00e0 ai temi della salvaguardia [&hellip;]<\/p>\n","protected":false},"author":398,"featured_media":831,"comment_status":"closed","ping_status":"closed","sticky":false,"template":"","format":"standard","meta":{"footnotes":""},"categories":[11],"tags":[],"class_list":["post-829","post","type-post","status-publish","format-standard","has-post-thumbnail","hentry","category-notizie-e-informazioni"],"yoast_head":"<!-- This site is optimized with the Yoast SEO plugin v27.4 - https:\/\/yoast.com\/product\/yoast-seo-wordpress\/ -->\n<title>Continua la campagna di sensibilizzazione nelle scuole del servizio di raccolta differenziata. - Cancello ed Arnone<\/title>\n<meta name=\"robots\" content=\"index, follow, max-snippet:-1, max-image-preview:large, max-video-preview:-1\" \/>\n<link rel=\"canonical\" href=\"https:\/\/comunicacity.net\/cancello-ed-arnone\/2019\/01\/18\/continua-la-campagna-di-sensibilizzazione-nelle-scuole-del-servizio-di-raccolta-differenziata\/\" \/>\n<meta property=\"og:locale\" content=\"it_IT\" \/>\n<meta property=\"og:type\" content=\"article\" \/>\n<meta property=\"og:title\" content=\"Continua la campagna di sensibilizzazione nelle scuole del servizio di raccolta differenziata. - Cancello ed Arnone\" \/>\n<meta property=\"og:description\" content=\"Continua la campagna di sensibilizzazione del servizio di raccolta differenziata che, questa mattina, ha interessato la Scuola Secondaria di I Grado. L\u2019assessore all\u2019ambiente Ambrosca: \u201cLa sensibilit\u00e0 ai temi della salvaguardia [&hellip;]\" \/>\n<meta property=\"og:url\" content=\"https:\/\/comunicacity.net\/cancello-ed-arnone\/2019\/01\/18\/continua-la-campagna-di-sensibilizzazione-nelle-scuole-del-servizio-di-raccolta-differenziata\/\" \/>\n<meta property=\"og:site_name\" content=\"Cancello ed Arnone\" \/>\n<meta property=\"article:publisher\" content=\"http:\/\/facebook.com\/ComunicaCity\" \/>\n<meta property=\"article:published_time\" content=\"2019-01-18T10:53:04+00:00\" \/>\n<meta property=\"article:modified_time\" content=\"2023-02-02T14:44:19+00:00\" \/>\n<meta property=\"og:image\" content=\"https:\/\/comunicacity.net\/cancello-ed-arnone\/wp-content\/uploads\/sites\/28\/2019\/01\/5FB4C597-F880-4CB8-B318-CB8DAF39B189.jpeg\" \/>\n\t<meta property=\"og:image:width\" content=\"3798\" \/>\n\t<meta property=\"og:image:height\" content=\"2849\" \/>\n\t<meta property=\"og:image:type\" content=\"image\/jpeg\" \/>\n<meta name=\"author\" content=\"Admin_E\" \/>\n<meta name=\"twitter:card\" content=\"summary_large_image\" \/>\n<meta name=\"twitter:creator\" content=\"@comunicacity\" \/>\n<meta name=\"twitter:site\" content=\"@comunicacity\" \/>\n<meta name=\"twitter:label1\" content=\"Scritto da\" \/>\n\t<meta name=\"twitter:data1\" content=\"Admin_E\" \/>\n<script type=\"application\/ld+json\" class=\"yoast-schema-graph\">{\"@context\":\"https:\\\/\\\/schema.org\",\"@graph\":[{\"@type\":\"Article\",\"@id\":\"https:\\\/\\\/comunicacity.net\\\/cancello-ed-arnone\\\/2019\\\/01\\\/18\\\/continua-la-campagna-di-sensibilizzazione-nelle-scuole-del-servizio-di-raccolta-differenziata\\\/#article\",\"isPartOf\":{\"@id\":\"https:\\\/\\\/comunicacity.net\\\/cancello-ed-arnone\\\/2019\\\/01\\\/18\\\/continua-la-campagna-di-sensibilizzazione-nelle-scuole-del-servizio-di-raccolta-differenziata\\\/\"},\"author\":{\"name\":\"Admin_E\",\"@id\":\"https:\\\/\\\/comunicacity.net\\\/cancello-ed-arnone\\\/#\\\/schema\\\/person\\\/eaea9f1aebcbd61eb9878e6232bd2a03\"},\"headline\":\"Continua la campagna di sensibilizzazione nelle scuole del servizio di raccolta differenziata.\",\"datePublished\":\"2019-01-18T10:53:04+00:00\",\"dateModified\":\"2023-02-02T14:44:19+00:00\",\"mainEntityOfPage\":{\"@id\":\"https:\\\/\\\/comunicacity.net\\\/cancello-ed-arnone\\\/2019\\\/01\\\/18\\\/continua-la-campagna-di-sensibilizzazione-nelle-scuole-del-servizio-di-raccolta-differenziata\\\/\"},\"wordCount\":108,\"image\":{\"@id\":\"https:\\\/\\\/comunicacity.net\\\/cancello-ed-arnone\\\/2019\\\/01\\\/18\\\/continua-la-campagna-di-sensibilizzazione-nelle-scuole-del-servizio-di-raccolta-differenziata\\\/#primaryimage\"},\"thumbnailUrl\":\"https:\\\/\\\/comunicacity.net\\\/cancello-ed-arnone\\\/wp-content\\\/uploads\\\/sites\\\/28\\\/2019\\\/01\\\/5FB4C597-F880-4CB8-B318-CB8DAF39B189.jpeg\",\"articleSection\":[\"Notizie e Informazioni\"],\"inLanguage\":\"it-IT\"},{\"@type\":\"WebPage\",\"@id\":\"https:\\\/\\\/comunicacity.net\\\/cancello-ed-arnone\\\/2019\\\/01\\\/18\\\/continua-la-campagna-di-sensibilizzazione-nelle-scuole-del-servizio-di-raccolta-differenziata\\\/\",\"url\":\"https:\\\/\\\/comunicacity.net\\\/cancello-ed-arnone\\\/2019\\\/01\\\/18\\\/continua-la-campagna-di-sensibilizzazione-nelle-scuole-del-servizio-di-raccolta-differenziata\\\/\",\"name\":\"Continua la campagna di sensibilizzazione nelle scuole del servizio di raccolta differenziata. - Cancello ed Arnone\",\"isPartOf\":{\"@id\":\"https:\\\/\\\/comunicacity.net\\\/cancello-ed-arnone\\\/#website\"},\"primaryImageOfPage\":{\"@id\":\"https:\\\/\\\/comunicacity.net\\\/cancello-ed-arnone\\\/2019\\\/01\\\/18\\\/continua-la-campagna-di-sensibilizzazione-nelle-scuole-del-servizio-di-raccolta-differenziata\\\/#primaryimage\"},\"image\":{\"@id\":\"https:\\\/\\\/comunicacity.net\\\/cancello-ed-arnone\\\/2019\\\/01\\\/18\\\/continua-la-campagna-di-sensibilizzazione-nelle-scuole-del-servizio-di-raccolta-differenziata\\\/#primaryimage\"},\"thumbnailUrl\":\"https:\\\/\\\/comunicacity.net\\\/cancello-ed-arnone\\\/wp-content\\\/uploads\\\/sites\\\/28\\\/2019\\\/01\\\/5FB4C597-F880-4CB8-B318-CB8DAF39B189.jpeg\",\"datePublished\":\"2019-01-18T10:53:04+00:00\",\"dateModified\":\"2023-02-02T14:44:19+00:00\",\"author\":{\"@id\":\"https:\\\/\\\/comunicacity.net\\\/cancello-ed-arnone\\\/#\\\/schema\\\/person\\\/eaea9f1aebcbd61eb9878e6232bd2a03\"},\"breadcrumb\":{\"@id\":\"https:\\\/\\\/comunicacity.net\\\/cancello-ed-arnone\\\/2019\\\/01\\\/18\\\/continua-la-campagna-di-sensibilizzazione-nelle-scuole-del-servizio-di-raccolta-differenziata\\\/#breadcrumb\"},\"inLanguage\":\"it-IT\",\"potentialAction\":[{\"@type\":\"ReadAction\",\"target\":[\"https:\\\/\\\/comunicacity.net\\\/cancello-ed-arnone\\\/2019\\\/01\\\/18\\\/continua-la-campagna-di-sensibilizzazione-nelle-scuole-del-servizio-di-raccolta-differenziata\\\/\"]}]},{\"@type\":\"ImageObject\",\"inLanguage\":\"it-IT\",\"@id\":\"https:\\\/\\\/comunicacity.net\\\/cancello-ed-arnone\\\/2019\\\/01\\\/18\\\/continua-la-campagna-di-sensibilizzazione-nelle-scuole-del-servizio-di-raccolta-differenziata\\\/#primaryimage\",\"url\":\"https:\\\/\\\/comunicacity.net\\\/cancello-ed-arnone\\\/wp-content\\\/uploads\\\/sites\\\/28\\\/2019\\\/01\\\/5FB4C597-F880-4CB8-B318-CB8DAF39B189.jpeg\",\"contentUrl\":\"https:\\\/\\\/comunicacity.net\\\/cancello-ed-arnone\\\/wp-content\\\/uploads\\\/sites\\\/28\\\/2019\\\/01\\\/5FB4C597-F880-4CB8-B318-CB8DAF39B189.jpeg\",\"width\":3798,\"height\":2849},{\"@type\":\"BreadcrumbList\",\"@id\":\"https:\\\/\\\/comunicacity.net\\\/cancello-ed-arnone\\\/2019\\\/01\\\/18\\\/continua-la-campagna-di-sensibilizzazione-nelle-scuole-del-servizio-di-raccolta-differenziata\\\/#breadcrumb\",\"itemListElement\":[{\"@type\":\"ListItem\",\"position\":1,\"name\":\"Home\",\"item\":\"https:\\\/\\\/comunicacity.net\\\/cancello-ed-arnone\\\/\"},{\"@type\":\"ListItem\",\"position\":2,\"name\":\"Continua la campagna di sensibilizzazione nelle scuole del servizio di raccolta differenziata.\"}]},{\"@type\":\"WebSite\",\"@id\":\"https:\\\/\\\/comunicacity.net\\\/cancello-ed-arnone\\\/#website\",\"url\":\"https:\\\/\\\/comunicacity.net\\\/cancello-ed-arnone\\\/\",\"name\":\"Cancello ed Arnone\",\"description\":\"ComunicaCity\",\"potentialAction\":[{\"@type\":\"SearchAction\",\"target\":{\"@type\":\"EntryPoint\",\"urlTemplate\":\"https:\\\/\\\/comunicacity.net\\\/cancello-ed-arnone\\\/?s={search_term_string}\"},\"query-input\":{\"@type\":\"PropertyValueSpecification\",\"valueRequired\":true,\"valueName\":\"search_term_string\"}}],\"inLanguage\":\"it-IT\"},{\"@type\":\"Person\",\"@id\":\"https:\\\/\\\/comunicacity.net\\\/cancello-ed-arnone\\\/#\\\/schema\\\/person\\\/eaea9f1aebcbd61eb9878e6232bd2a03\",\"name\":\"Admin_E\",\"image\":{\"@type\":\"ImageObject\",\"inLanguage\":\"it-IT\",\"@id\":\"https:\\\/\\\/secure.gravatar.com\\\/avatar\\\/1eb418f243a360a5c118e205c4f1d666c009a9fac37301044747eacb4938b467?s=96&d=mm&r=g\",\"url\":\"https:\\\/\\\/secure.gravatar.com\\\/avatar\\\/1eb418f243a360a5c118e205c4f1d666c009a9fac37301044747eacb4938b467?s=96&d=mm&r=g\",\"contentUrl\":\"https:\\\/\\\/secure.gravatar.com\\\/avatar\\\/1eb418f243a360a5c118e205c4f1d666c009a9fac37301044747eacb4938b467?s=96&d=mm&r=g\",\"caption\":\"Admin_E\"},\"url\":\"https:\\\/\\\/comunicacity.net\\\/cancello-ed-arnone\\\/author\\\/oollppcancelloarnone\\\/\"}]}<\/script>\n<!-- \/ Yoast SEO plugin. -->","yoast_head_json":{"title":"Continua la campagna di sensibilizzazione nelle scuole del servizio di raccolta differenziata. - Cancello ed Arnone","robots":{"index":"index","follow":"follow","max-snippet":"max-snippet:-1","max-image-preview":"max-image-preview:large","max-video-preview":"max-video-preview:-1"},"canonical":"https:\/\/comunicacity.net\/cancello-ed-arnone\/2019\/01\/18\/continua-la-campagna-di-sensibilizzazione-nelle-scuole-del-servizio-di-raccolta-differenziata\/","og_locale":"it_IT","og_type":"article","og_title":"Continua la campagna di sensibilizzazione nelle scuole del servizio di raccolta differenziata. - Cancello ed Arnone","og_description":"Continua la campagna di sensibilizzazione del servizio di raccolta differenziata che, questa mattina, ha interessato la Scuola Secondaria di I Grado. L\u2019assessore all\u2019ambiente Ambrosca: \u201cLa sensibilit\u00e0 ai temi della salvaguardia [&hellip;]","og_url":"https:\/\/comunicacity.net\/cancello-ed-arnone\/2019\/01\/18\/continua-la-campagna-di-sensibilizzazione-nelle-scuole-del-servizio-di-raccolta-differenziata\/","og_site_name":"Cancello ed Arnone","article_publisher":"http:\/\/facebook.com\/ComunicaCity","article_published_time":"2019-01-18T10:53:04+00:00","article_modified_time":"2023-02-02T14:44:19+00:00","og_image":[{"width":3798,"height":2849,"url":"https:\/\/comunicacity.net\/cancello-ed-arnone\/wp-content\/uploads\/sites\/28\/2019\/01\/5FB4C597-F880-4CB8-B318-CB8DAF39B189.jpeg","type":"image\/jpeg"}],"author":"Admin_E","twitter_card":"summary_large_image","twitter_creator":"@comunicacity","twitter_site":"@comunicacity","twitter_misc":{"Scritto da":"Admin_E"},"schema":{"@context":"https:\/\/schema.org","@graph":[{"@type":"Article","@id":"https:\/\/comunicacity.net\/cancello-ed-arnone\/2019\/01\/18\/continua-la-campagna-di-sensibilizzazione-nelle-scuole-del-servizio-di-raccolta-differenziata\/#article","isPartOf":{"@id":"https:\/\/comunicacity.net\/cancello-ed-arnone\/2019\/01\/18\/continua-la-campagna-di-sensibilizzazione-nelle-scuole-del-servizio-di-raccolta-differenziata\/"},"author":{"name":"Admin_E","@id":"https:\/\/comunicacity.net\/cancello-ed-arnone\/#\/schema\/person\/eaea9f1aebcbd61eb9878e6232bd2a03"},"headline":"Continua la campagna di sensibilizzazione nelle scuole del servizio di raccolta differenziata.","datePublished":"2019-01-18T10:53:04+00:00","dateModified":"2023-02-02T14:44:19+00:00","mainEntityOfPage":{"@id":"https:\/\/comunicacity.net\/cancello-ed-arnone\/2019\/01\/18\/continua-la-campagna-di-sensibilizzazione-nelle-scuole-del-servizio-di-raccolta-differenziata\/"},"wordCount":108,"image":{"@id":"https:\/\/comunicacity.net\/cancello-ed-arnone\/2019\/01\/18\/continua-la-campagna-di-sensibilizzazione-nelle-scuole-del-servizio-di-raccolta-differenziata\/#primaryimage"},"thumbnailUrl":"https:\/\/comunicacity.net\/cancello-ed-arnone\/wp-content\/uploads\/sites\/28\/2019\/01\/5FB4C597-F880-4CB8-B318-CB8DAF39B189.jpeg","articleSection":["Notizie e Informazioni"],"inLanguage":"it-IT"},{"@type":"WebPage","@id":"https:\/\/comunicacity.net\/cancello-ed-arnone\/2019\/01\/18\/continua-la-campagna-di-sensibilizzazione-nelle-scuole-del-servizio-di-raccolta-differenziata\/","url":"https:\/\/comunicacity.net\/cancello-ed-arnone\/2019\/01\/18\/continua-la-campagna-di-sensibilizzazione-nelle-scuole-del-servizio-di-raccolta-differenziata\/","name":"Continua la campagna di sensibilizzazione nelle scuole del servizio di raccolta differenziata. - Cancello ed Arnone","isPartOf":{"@id":"https:\/\/comunicacity.net\/cancello-ed-arnone\/#website"},"primaryImageOfPage":{"@id":"https:\/\/comunicacity.net\/cancello-ed-arnone\/2019\/01\/18\/continua-la-campagna-di-sensibilizzazione-nelle-scuole-del-servizio-di-raccolta-differenziata\/#primaryimage"},"image":{"@id":"https:\/\/comunicacity.net\/cancello-ed-arnone\/2019\/01\/18\/continua-la-campagna-di-sensibilizzazione-nelle-scuole-del-servizio-di-raccolta-differenziata\/#primaryimage"},"thumbnailUrl":"https:\/\/comunicacity.net\/cancello-ed-arnone\/wp-content\/uploads\/sites\/28\/2019\/01\/5FB4C597-F880-4CB8-B318-CB8DAF39B189.jpeg","datePublished":"2019-01-18T10:53:04+00:00","dateModified":"2023-02-02T14:44:19+00:00","author":{"@id":"https:\/\/comunicacity.net\/cancello-ed-arnone\/#\/schema\/person\/eaea9f1aebcbd61eb9878e6232bd2a03"},"breadcrumb":{"@id":"https:\/\/comunicacity.net\/cancello-ed-arnone\/2019\/01\/18\/continua-la-campagna-di-sensibilizzazione-nelle-scuole-del-servizio-di-raccolta-differenziata\/#breadcrumb"},"inLanguage":"it-IT","potentialAction":[{"@type":"ReadAction","target":["https:\/\/comunicacity.net\/cancello-ed-arnone\/2019\/01\/18\/continua-la-campagna-di-sensibilizzazione-nelle-scuole-del-servizio-di-raccolta-differenziata\/"]}]},{"@type":"ImageObject","inLanguage":"it-IT","@id":"https:\/\/comunicacity.net\/cancello-ed-arnone\/2019\/01\/18\/continua-la-campagna-di-sensibilizzazione-nelle-scuole-del-servizio-di-raccolta-differenziata\/#primaryimage","url":"https:\/\/comunicacity.net\/cancello-ed-arnone\/wp-content\/uploads\/sites\/28\/2019\/01\/5FB4C597-F880-4CB8-B318-CB8DAF39B189.jpeg","contentUrl":"https:\/\/comunicacity.net\/cancello-ed-arnone\/wp-content\/uploads\/sites\/28\/2019\/01\/5FB4C597-F880-4CB8-B318-CB8DAF39B189.jpeg","width":3798,"height":2849},{"@type":"BreadcrumbList","@id":"https:\/\/comunicacity.net\/cancello-ed-arnone\/2019\/01\/18\/continua-la-campagna-di-sensibilizzazione-nelle-scuole-del-servizio-di-raccolta-differenziata\/#breadcrumb","itemListElement":[{"@type":"ListItem","position":1,"name":"Home","item":"https:\/\/comunicacity.net\/cancello-ed-arnone\/"},{"@type":"ListItem","position":2,"name":"Continua la campagna di sensibilizzazione nelle scuole del servizio di raccolta differenziata."}]},{"@type":"WebSite","@id":"https:\/\/comunicacity.net\/cancello-ed-arnone\/#website","url":"https:\/\/comunicacity.net\/cancello-ed-arnone\/","name":"Cancello ed Arnone","description":"ComunicaCity","potentialAction":[{"@type":"SearchAction","target":{"@type":"EntryPoint","urlTemplate":"https:\/\/comunicacity.net\/cancello-ed-arnone\/?s={search_term_string}"},"query-input":{"@type":"PropertyValueSpecification","valueRequired":true,"valueName":"search_term_string"}}],"inLanguage":"it-IT"},{"@type":"Person","@id":"https:\/\/comunicacity.net\/cancello-ed-arnone\/#\/schema\/person\/eaea9f1aebcbd61eb9878e6232bd2a03","name":"Admin_E","image":{"@type":"ImageObject","inLanguage":"it-IT","@id":"https:\/\/secure.gravatar.com\/avatar\/1eb418f243a360a5c118e205c4f1d666c009a9fac37301044747eacb4938b467?s=96&d=mm&r=g","url":"https:\/\/secure.gravatar.com\/avatar\/1eb418f243a360a5c118e205c4f1d666c009a9fac37301044747eacb4938b467?s=96&d=mm&r=g","contentUrl":"https:\/\/secure.gravatar.com\/avatar\/1eb418f243a360a5c118e205c4f1d666c009a9fac37301044747eacb4938b467?s=96&d=mm&r=g","caption":"Admin_E"},"url":"https:\/\/comunicacity.net\/cancello-ed-arnone\/author\/oollppcancelloarnone\/"}]}},"meta_box":{"cc4_urg_colore":"","cc4_urg_data_inizio":"","cc4_urg_data_fine":"","cc4_cor_positivi_oggi":"","cc4_cor_negativizzati_oggi":"","cc4_cor_deceduti_oggi":"","cc4_cor_positivi_totali":"","cc4_cor_negativizzati_totali":"","cc4_cor_deceduti_totali":"","cc4_cor_attualmente_positivi":"","cc4_eve_data_inizio":"","cc4_eve_data_fine":"","cc4_eve_indirizzo":"","cc4_eve_posizione":{"latitude":"","longitude":"","zoom":""},"cc4_eve_telefono":"","cc4_eve_email":"","cc4_eve_web":"","cc4_eve_fb":"","sitopa_id":""},"_links":{"self":[{"href":"https:\/\/comunicacity.net\/cancello-ed-arnone\/wp-json\/wp\/v2\/posts\/829","targetHints":{"allow":["GET"]}}],"collection":[{"href":"https:\/\/comunicacity.net\/cancello-ed-arnone\/wp-json\/wp\/v2\/posts"}],"about":[{"href":"https:\/\/comunicacity.net\/cancello-ed-arnone\/wp-json\/wp\/v2\/types\/post"}],"author":[{"embeddable":true,"href":"https:\/\/comunicacity.net\/cancello-ed-arnone\/wp-json\/wp\/v2\/users\/398"}],"replies":[{"embeddable":true,"href":"https:\/\/comunicacity.net\/cancello-ed-arnone\/wp-json\/wp\/v2\/comments?post=829"}],"version-history":[{"count":1,"href":"https:\/\/comunicacity.net\/cancello-ed-arnone\/wp-json\/wp\/v2\/posts\/829\/revisions"}],"predecessor-version":[{"id":839,"href":"https:\/\/comunicacity.net\/cancello-ed-arnone\/wp-json\/wp\/v2\/posts\/829\/revisions\/839"}],"wp:featuredmedia":[{"embeddable":true,"href":"https:\/\/comunicacity.net\/cancello-ed-arnone\/wp-json\/wp\/v2\/media\/831"}],"wp:attachment":[{"href":"https:\/\/comunicacity.net\/cancello-ed-arnone\/wp-json\/wp\/v2\/media?parent=829"}],"wp:term":[{"taxonomy":"category","embeddable":true,"href":"https:\/\/comunicacity.net\/cancello-ed-arnone\/wp-json\/wp\/v2\/categories?post=829"},{"taxonomy":"post_tag","embeddable":true,"href":"https:\/\/comunicacity.net\/cancello-ed-arnone\/wp-json\/wp\/v2\/tags?post=829"}],"curies":[{"name":"wp","href":"https:\/\/api.w.org\/{rel}","templated":true}]}}