{"id":849,"date":"2019-01-21T13:49:01","date_gmt":"2019-01-21T12:49:01","guid":{"rendered":"https:\/\/comunicacity.net\/cancello-ed-arnone\/?p=849"},"modified":"2023-02-02T15:41:46","modified_gmt":"2023-02-02T14:41:46","slug":"venerdi-18-lopen-day-al-liceo-scientifico-di-cancello-ed-arnone","status":"publish","type":"post","link":"https:\/\/comunicacity.net\/cancello-ed-arnone\/2019\/01\/21\/venerdi-18-lopen-day-al-liceo-scientifico-di-cancello-ed-arnone\/","title":{"rendered":"Venerdi 18 l\u2019open day al Liceo Scientifico di Cancello ed Arnone."},"content":{"rendered":"<p>Si \u00e8 svolto venerd\u00ec 18 gennaio l\u2019open day al Liceo Scientifico \u201cGalileo Galilei\u201d sezione staccata di Cancello ed Arnone, che ha aperto le sue porte alla citt\u00e0.<span class=\"Apple-converted-space\">\u00a0<\/span><\/p>\n<p>Una grande occasione, rivolta a tutti i ragazzi che frequentano l\u2019ultimo anno delle scuole secondarie di primo grado e ai loro genitori, per parlare con i docenti e con gli alunni dell\u2019Istituto, per conoscere tutte le strutture all\u2019avanguardia che il Liceo mette a disposizione dei propri studenti, per visitare la struttura del liceo che da tempo ha intrapreso la strada dell\u2019innovazione tracciando un\u2019offerta formativa molto interessante.<span class=\"Apple-converted-space\">\u00a0<\/span><\/p>\n<p>Per il prossimo anno scolastico, il Liceo \u00a0\u201cGalileo Galilei\u201d offre\u00a0una nuova gamma di proposte formative:<\/p>\n<ul>\n<li>SCIENTIFICO<\/li>\n<li>SCIENZE UMANE(opz. Economico Sociale)<\/li>\n<\/ul>\n<p>Lo studente che sceglie di frequentare il Liceo anzidetto, oltre ad avere a disposizione un\u2019offerta formativa molto importante, ha la possibilit\u00e0 di formarsi a 360 gradi attraverso la partecipazione a laboratori orientativi, stage all\u2019estero, summer school \u00a0ecc.<\/p>\n<p>L\u2019assessore alla Pubblica Istruzione Di Puorto: \u201cL\u2019istruzione \u00e8 libert\u00e0, \u00e8 futuro per i nostri ragazzi. Questo nuovo indirizzo scolastico d\u00e0 non solo una nuova opportunit\u00e0 di apprendimento, ma anche una nuova opportunit\u00e0 di crescita dell\u2019intera comunit\u00e0. Sono sicura che otterremo ottimi risultati grazie all\u2019aiuto di eccelse ed amorevoli insegnanti e alla tenacia della Dirigente Scolastica prof.ssa Antonietta Pellegrino\u201d.<span class=\"Apple-converted-space\">\u00a0<\/span><\/p>\n<p>Sar\u00e0 possibile iscriversi alla classi prime della scuola secondaria di secondo grado, sia per il Liceo Scientifico che per il nuovo indirizzo Liceo delle Scienze Umane opz. Economico Sociale, fino al 31 gennaio 2019.<\/p>\n<p><img loading=\"lazy\" decoding=\"async\" class=\"alignnone size-medium wp-image-851\" src=\"https:\/\/comunicacity.net\/cancello-ed-arnone\/wp-content\/uploads\/sites\/28\/2019\/01\/AC834305-3FC6-4D0D-900B-FD22335839DE-300x225.jpeg\" alt=\"\" width=\"300\" height=\"225\" srcset=\"https:\/\/comunicacity.net\/cancello-ed-arnone\/wp-content\/uploads\/sites\/28\/2019\/01\/AC834305-3FC6-4D0D-900B-FD22335839DE-300x225.jpeg 300w, https:\/\/comunicacity.net\/cancello-ed-arnone\/wp-content\/uploads\/sites\/28\/2019\/01\/AC834305-3FC6-4D0D-900B-FD22335839DE-768x576.jpeg 768w, https:\/\/comunicacity.net\/cancello-ed-arnone\/wp-content\/uploads\/sites\/28\/2019\/01\/AC834305-3FC6-4D0D-900B-FD22335839DE-1024x768.jpeg 1024w, https:\/\/comunicacity.net\/cancello-ed-arnone\/wp-content\/uploads\/sites\/28\/2019\/01\/AC834305-3FC6-4D0D-900B-FD22335839DE-680x510.jpeg 680w, https:\/\/comunicacity.net\/cancello-ed-arnone\/wp-content\/uploads\/sites\/28\/2019\/01\/AC834305-3FC6-4D0D-900B-FD22335839DE.jpeg 1523w\" sizes=\"auto, (max-width: 300px) 100vw, 300px\" \/> <img loading=\"lazy\" decoding=\"async\" class=\"size-medium wp-image-852 aligncenter\" src=\"https:\/\/comunicacity.net\/cancello-ed-arnone\/wp-content\/uploads\/sites\/28\/2019\/01\/233DE470-10FF-45D4-8D0F-06203FF18F4B-225x300.jpeg\" alt=\"\" width=\"225\" height=\"300\" srcset=\"https:\/\/comunicacity.net\/cancello-ed-arnone\/wp-content\/uploads\/sites\/28\/2019\/01\/233DE470-10FF-45D4-8D0F-06203FF18F4B-225x300.jpeg 225w, https:\/\/comunicacity.net\/cancello-ed-arnone\/wp-content\/uploads\/sites\/28\/2019\/01\/233DE470-10FF-45D4-8D0F-06203FF18F4B-768x1024.jpeg 768w, https:\/\/comunicacity.net\/cancello-ed-arnone\/wp-content\/uploads\/sites\/28\/2019\/01\/233DE470-10FF-45D4-8D0F-06203FF18F4B-680x907.jpeg 680w, https:\/\/comunicacity.net\/cancello-ed-arnone\/wp-content\/uploads\/sites\/28\/2019\/01\/233DE470-10FF-45D4-8D0F-06203FF18F4B.jpeg 1200w\" sizes=\"auto, (max-width: 225px) 100vw, 225px\" \/><\/p>\n","protected":false},"excerpt":{"rendered":"<p>Si \u00e8 svolto venerd\u00ec 18 gennaio l\u2019open day al Liceo Scientifico \u201cGalileo Galilei\u201d sezione staccata di Cancello ed Arnone, che ha aperto le sue porte alla citt\u00e0.\u00a0 Una grande occasione, [&hellip;]<\/p>\n","protected":false},"author":398,"featured_media":850,"comment_status":"closed","ping_status":"closed","sticky":false,"template":"","format":"standard","meta":{"footnotes":""},"categories":[11],"tags":[],"class_list":["post-849","post","type-post","status-publish","format-standard","has-post-thumbnail","hentry","category-notizie-e-informazioni"],"yoast_head":"<!-- This site is optimized with the Yoast SEO plugin v27.4 - https:\/\/yoast.com\/product\/yoast-seo-wordpress\/ -->\n<title>Venerdi 18 l\u2019open day al Liceo Scientifico di Cancello ed Arnone. - Cancello ed Arnone<\/title>\n<meta name=\"robots\" content=\"index, follow, max-snippet:-1, max-image-preview:large, max-video-preview:-1\" \/>\n<link rel=\"canonical\" href=\"https:\/\/comunicacity.net\/cancello-ed-arnone\/2019\/01\/21\/venerdi-18-lopen-day-al-liceo-scientifico-di-cancello-ed-arnone\/\" \/>\n<meta property=\"og:locale\" content=\"it_IT\" \/>\n<meta property=\"og:type\" content=\"article\" \/>\n<meta property=\"og:title\" content=\"Venerdi 18 l\u2019open day al Liceo Scientifico di Cancello ed Arnone. - Cancello ed Arnone\" \/>\n<meta property=\"og:description\" content=\"Si \u00e8 svolto venerd\u00ec 18 gennaio l\u2019open day al Liceo Scientifico \u201cGalileo Galilei\u201d sezione staccata di Cancello ed Arnone, che ha aperto le sue porte alla citt\u00e0.\u00a0 Una grande occasione, [&hellip;]\" \/>\n<meta property=\"og:url\" content=\"https:\/\/comunicacity.net\/cancello-ed-arnone\/2019\/01\/21\/venerdi-18-lopen-day-al-liceo-scientifico-di-cancello-ed-arnone\/\" \/>\n<meta property=\"og:site_name\" content=\"Cancello ed Arnone\" \/>\n<meta property=\"article:publisher\" content=\"http:\/\/facebook.com\/ComunicaCity\" \/>\n<meta property=\"article:published_time\" content=\"2019-01-21T12:49:01+00:00\" \/>\n<meta property=\"article:modified_time\" content=\"2023-02-02T14:41:46+00:00\" \/>\n<meta property=\"og:image\" content=\"https:\/\/comunicacity.net\/cancello-ed-arnone\/wp-content\/uploads\/sites\/28\/2019\/01\/4B275207-9C06-4E49-BB52-438CFECB2CAD.jpeg\" \/>\n\t<meta property=\"og:image:width\" content=\"1200\" \/>\n\t<meta property=\"og:image:height\" content=\"1600\" \/>\n\t<meta property=\"og:image:type\" content=\"image\/jpeg\" \/>\n<meta name=\"author\" content=\"Admin_E\" \/>\n<meta name=\"twitter:card\" content=\"summary_large_image\" \/>\n<meta name=\"twitter:creator\" content=\"@comunicacity\" \/>\n<meta name=\"twitter:site\" content=\"@comunicacity\" \/>\n<meta name=\"twitter:label1\" content=\"Scritto da\" \/>\n\t<meta name=\"twitter:data1\" content=\"Admin_E\" \/>\n\t<meta name=\"twitter:label2\" content=\"Tempo di lettura stimato\" \/>\n\t<meta name=\"twitter:data2\" content=\"1 minuto\" \/>\n<script type=\"application\/ld+json\" class=\"yoast-schema-graph\">{\"@context\":\"https:\\\/\\\/schema.org\",\"@graph\":[{\"@type\":\"Article\",\"@id\":\"https:\\\/\\\/comunicacity.net\\\/cancello-ed-arnone\\\/2019\\\/01\\\/21\\\/venerdi-18-lopen-day-al-liceo-scientifico-di-cancello-ed-arnone\\\/#article\",\"isPartOf\":{\"@id\":\"https:\\\/\\\/comunicacity.net\\\/cancello-ed-arnone\\\/2019\\\/01\\\/21\\\/venerdi-18-lopen-day-al-liceo-scientifico-di-cancello-ed-arnone\\\/\"},\"author\":{\"name\":\"Admin_E\",\"@id\":\"https:\\\/\\\/comunicacity.net\\\/cancello-ed-arnone\\\/#\\\/schema\\\/person\\\/eaea9f1aebcbd61eb9878e6232bd2a03\"},\"headline\":\"Venerdi 18 l\u2019open day al Liceo Scientifico di Cancello ed Arnone.\",\"datePublished\":\"2019-01-21T12:49:01+00:00\",\"dateModified\":\"2023-02-02T14:41:46+00:00\",\"mainEntityOfPage\":{\"@id\":\"https:\\\/\\\/comunicacity.net\\\/cancello-ed-arnone\\\/2019\\\/01\\\/21\\\/venerdi-18-lopen-day-al-liceo-scientifico-di-cancello-ed-arnone\\\/\"},\"wordCount\":261,\"image\":{\"@id\":\"https:\\\/\\\/comunicacity.net\\\/cancello-ed-arnone\\\/2019\\\/01\\\/21\\\/venerdi-18-lopen-day-al-liceo-scientifico-di-cancello-ed-arnone\\\/#primaryimage\"},\"thumbnailUrl\":\"https:\\\/\\\/comunicacity.net\\\/cancello-ed-arnone\\\/wp-content\\\/uploads\\\/sites\\\/28\\\/2019\\\/01\\\/4B275207-9C06-4E49-BB52-438CFECB2CAD.jpeg\",\"articleSection\":[\"Notizie e Informazioni\"],\"inLanguage\":\"it-IT\"},{\"@type\":\"WebPage\",\"@id\":\"https:\\\/\\\/comunicacity.net\\\/cancello-ed-arnone\\\/2019\\\/01\\\/21\\\/venerdi-18-lopen-day-al-liceo-scientifico-di-cancello-ed-arnone\\\/\",\"url\":\"https:\\\/\\\/comunicacity.net\\\/cancello-ed-arnone\\\/2019\\\/01\\\/21\\\/venerdi-18-lopen-day-al-liceo-scientifico-di-cancello-ed-arnone\\\/\",\"name\":\"Venerdi 18 l\u2019open day al Liceo Scientifico di Cancello ed Arnone. - Cancello ed Arnone\",\"isPartOf\":{\"@id\":\"https:\\\/\\\/comunicacity.net\\\/cancello-ed-arnone\\\/#website\"},\"primaryImageOfPage\":{\"@id\":\"https:\\\/\\\/comunicacity.net\\\/cancello-ed-arnone\\\/2019\\\/01\\\/21\\\/venerdi-18-lopen-day-al-liceo-scientifico-di-cancello-ed-arnone\\\/#primaryimage\"},\"image\":{\"@id\":\"https:\\\/\\\/comunicacity.net\\\/cancello-ed-arnone\\\/2019\\\/01\\\/21\\\/venerdi-18-lopen-day-al-liceo-scientifico-di-cancello-ed-arnone\\\/#primaryimage\"},\"thumbnailUrl\":\"https:\\\/\\\/comunicacity.net\\\/cancello-ed-arnone\\\/wp-content\\\/uploads\\\/sites\\\/28\\\/2019\\\/01\\\/4B275207-9C06-4E49-BB52-438CFECB2CAD.jpeg\",\"datePublished\":\"2019-01-21T12:49:01+00:00\",\"dateModified\":\"2023-02-02T14:41:46+00:00\",\"author\":{\"@id\":\"https:\\\/\\\/comunicacity.net\\\/cancello-ed-arnone\\\/#\\\/schema\\\/person\\\/eaea9f1aebcbd61eb9878e6232bd2a03\"},\"breadcrumb\":{\"@id\":\"https:\\\/\\\/comunicacity.net\\\/cancello-ed-arnone\\\/2019\\\/01\\\/21\\\/venerdi-18-lopen-day-al-liceo-scientifico-di-cancello-ed-arnone\\\/#breadcrumb\"},\"inLanguage\":\"it-IT\",\"potentialAction\":[{\"@type\":\"ReadAction\",\"target\":[\"https:\\\/\\\/comunicacity.net\\\/cancello-ed-arnone\\\/2019\\\/01\\\/21\\\/venerdi-18-lopen-day-al-liceo-scientifico-di-cancello-ed-arnone\\\/\"]}]},{\"@type\":\"ImageObject\",\"inLanguage\":\"it-IT\",\"@id\":\"https:\\\/\\\/comunicacity.net\\\/cancello-ed-arnone\\\/2019\\\/01\\\/21\\\/venerdi-18-lopen-day-al-liceo-scientifico-di-cancello-ed-arnone\\\/#primaryimage\",\"url\":\"https:\\\/\\\/comunicacity.net\\\/cancello-ed-arnone\\\/wp-content\\\/uploads\\\/sites\\\/28\\\/2019\\\/01\\\/4B275207-9C06-4E49-BB52-438CFECB2CAD.jpeg\",\"contentUrl\":\"https:\\\/\\\/comunicacity.net\\\/cancello-ed-arnone\\\/wp-content\\\/uploads\\\/sites\\\/28\\\/2019\\\/01\\\/4B275207-9C06-4E49-BB52-438CFECB2CAD.jpeg\",\"width\":1200,\"height\":1600},{\"@type\":\"BreadcrumbList\",\"@id\":\"https:\\\/\\\/comunicacity.net\\\/cancello-ed-arnone\\\/2019\\\/01\\\/21\\\/venerdi-18-lopen-day-al-liceo-scientifico-di-cancello-ed-arnone\\\/#breadcrumb\",\"itemListElement\":[{\"@type\":\"ListItem\",\"position\":1,\"name\":\"Home\",\"item\":\"https:\\\/\\\/comunicacity.net\\\/cancello-ed-arnone\\\/\"},{\"@type\":\"ListItem\",\"position\":2,\"name\":\"Venerdi 18 l\u2019open day al Liceo Scientifico di Cancello ed Arnone.\"}]},{\"@type\":\"WebSite\",\"@id\":\"https:\\\/\\\/comunicacity.net\\\/cancello-ed-arnone\\\/#website\",\"url\":\"https:\\\/\\\/comunicacity.net\\\/cancello-ed-arnone\\\/\",\"name\":\"Cancello ed Arnone\",\"description\":\"ComunicaCity\",\"potentialAction\":[{\"@type\":\"SearchAction\",\"target\":{\"@type\":\"EntryPoint\",\"urlTemplate\":\"https:\\\/\\\/comunicacity.net\\\/cancello-ed-arnone\\\/?s={search_term_string}\"},\"query-input\":{\"@type\":\"PropertyValueSpecification\",\"valueRequired\":true,\"valueName\":\"search_term_string\"}}],\"inLanguage\":\"it-IT\"},{\"@type\":\"Person\",\"@id\":\"https:\\\/\\\/comunicacity.net\\\/cancello-ed-arnone\\\/#\\\/schema\\\/person\\\/eaea9f1aebcbd61eb9878e6232bd2a03\",\"name\":\"Admin_E\",\"image\":{\"@type\":\"ImageObject\",\"inLanguage\":\"it-IT\",\"@id\":\"https:\\\/\\\/secure.gravatar.com\\\/avatar\\\/1eb418f243a360a5c118e205c4f1d666c009a9fac37301044747eacb4938b467?s=96&d=mm&r=g\",\"url\":\"https:\\\/\\\/secure.gravatar.com\\\/avatar\\\/1eb418f243a360a5c118e205c4f1d666c009a9fac37301044747eacb4938b467?s=96&d=mm&r=g\",\"contentUrl\":\"https:\\\/\\\/secure.gravatar.com\\\/avatar\\\/1eb418f243a360a5c118e205c4f1d666c009a9fac37301044747eacb4938b467?s=96&d=mm&r=g\",\"caption\":\"Admin_E\"},\"url\":\"https:\\\/\\\/comunicacity.net\\\/cancello-ed-arnone\\\/author\\\/oollppcancelloarnone\\\/\"}]}<\/script>\n<!-- \/ Yoast SEO plugin. -->","yoast_head_json":{"title":"Venerdi 18 l\u2019open day al Liceo Scientifico di Cancello ed Arnone. - Cancello ed Arnone","robots":{"index":"index","follow":"follow","max-snippet":"max-snippet:-1","max-image-preview":"max-image-preview:large","max-video-preview":"max-video-preview:-1"},"canonical":"https:\/\/comunicacity.net\/cancello-ed-arnone\/2019\/01\/21\/venerdi-18-lopen-day-al-liceo-scientifico-di-cancello-ed-arnone\/","og_locale":"it_IT","og_type":"article","og_title":"Venerdi 18 l\u2019open day al Liceo Scientifico di Cancello ed Arnone. - Cancello ed Arnone","og_description":"Si \u00e8 svolto venerd\u00ec 18 gennaio l\u2019open day al Liceo Scientifico \u201cGalileo Galilei\u201d sezione staccata di Cancello ed Arnone, che ha aperto le sue porte alla citt\u00e0.\u00a0 Una grande occasione, [&hellip;]","og_url":"https:\/\/comunicacity.net\/cancello-ed-arnone\/2019\/01\/21\/venerdi-18-lopen-day-al-liceo-scientifico-di-cancello-ed-arnone\/","og_site_name":"Cancello ed Arnone","article_publisher":"http:\/\/facebook.com\/ComunicaCity","article_published_time":"2019-01-21T12:49:01+00:00","article_modified_time":"2023-02-02T14:41:46+00:00","og_image":[{"width":1200,"height":1600,"url":"https:\/\/comunicacity.net\/cancello-ed-arnone\/wp-content\/uploads\/sites\/28\/2019\/01\/4B275207-9C06-4E49-BB52-438CFECB2CAD.jpeg","type":"image\/jpeg"}],"author":"Admin_E","twitter_card":"summary_large_image","twitter_creator":"@comunicacity","twitter_site":"@comunicacity","twitter_misc":{"Scritto da":"Admin_E","Tempo di lettura stimato":"1 minuto"},"schema":{"@context":"https:\/\/schema.org","@graph":[{"@type":"Article","@id":"https:\/\/comunicacity.net\/cancello-ed-arnone\/2019\/01\/21\/venerdi-18-lopen-day-al-liceo-scientifico-di-cancello-ed-arnone\/#article","isPartOf":{"@id":"https:\/\/comunicacity.net\/cancello-ed-arnone\/2019\/01\/21\/venerdi-18-lopen-day-al-liceo-scientifico-di-cancello-ed-arnone\/"},"author":{"name":"Admin_E","@id":"https:\/\/comunicacity.net\/cancello-ed-arnone\/#\/schema\/person\/eaea9f1aebcbd61eb9878e6232bd2a03"},"headline":"Venerdi 18 l\u2019open day al Liceo Scientifico di Cancello ed Arnone.","datePublished":"2019-01-21T12:49:01+00:00","dateModified":"2023-02-02T14:41:46+00:00","mainEntityOfPage":{"@id":"https:\/\/comunicacity.net\/cancello-ed-arnone\/2019\/01\/21\/venerdi-18-lopen-day-al-liceo-scientifico-di-cancello-ed-arnone\/"},"wordCount":261,"image":{"@id":"https:\/\/comunicacity.net\/cancello-ed-arnone\/2019\/01\/21\/venerdi-18-lopen-day-al-liceo-scientifico-di-cancello-ed-arnone\/#primaryimage"},"thumbnailUrl":"https:\/\/comunicacity.net\/cancello-ed-arnone\/wp-content\/uploads\/sites\/28\/2019\/01\/4B275207-9C06-4E49-BB52-438CFECB2CAD.jpeg","articleSection":["Notizie e Informazioni"],"inLanguage":"it-IT"},{"@type":"WebPage","@id":"https:\/\/comunicacity.net\/cancello-ed-arnone\/2019\/01\/21\/venerdi-18-lopen-day-al-liceo-scientifico-di-cancello-ed-arnone\/","url":"https:\/\/comunicacity.net\/cancello-ed-arnone\/2019\/01\/21\/venerdi-18-lopen-day-al-liceo-scientifico-di-cancello-ed-arnone\/","name":"Venerdi 18 l\u2019open day al Liceo Scientifico di Cancello ed Arnone. - Cancello ed Arnone","isPartOf":{"@id":"https:\/\/comunicacity.net\/cancello-ed-arnone\/#website"},"primaryImageOfPage":{"@id":"https:\/\/comunicacity.net\/cancello-ed-arnone\/2019\/01\/21\/venerdi-18-lopen-day-al-liceo-scientifico-di-cancello-ed-arnone\/#primaryimage"},"image":{"@id":"https:\/\/comunicacity.net\/cancello-ed-arnone\/2019\/01\/21\/venerdi-18-lopen-day-al-liceo-scientifico-di-cancello-ed-arnone\/#primaryimage"},"thumbnailUrl":"https:\/\/comunicacity.net\/cancello-ed-arnone\/wp-content\/uploads\/sites\/28\/2019\/01\/4B275207-9C06-4E49-BB52-438CFECB2CAD.jpeg","datePublished":"2019-01-21T12:49:01+00:00","dateModified":"2023-02-02T14:41:46+00:00","author":{"@id":"https:\/\/comunicacity.net\/cancello-ed-arnone\/#\/schema\/person\/eaea9f1aebcbd61eb9878e6232bd2a03"},"breadcrumb":{"@id":"https:\/\/comunicacity.net\/cancello-ed-arnone\/2019\/01\/21\/venerdi-18-lopen-day-al-liceo-scientifico-di-cancello-ed-arnone\/#breadcrumb"},"inLanguage":"it-IT","potentialAction":[{"@type":"ReadAction","target":["https:\/\/comunicacity.net\/cancello-ed-arnone\/2019\/01\/21\/venerdi-18-lopen-day-al-liceo-scientifico-di-cancello-ed-arnone\/"]}]},{"@type":"ImageObject","inLanguage":"it-IT","@id":"https:\/\/comunicacity.net\/cancello-ed-arnone\/2019\/01\/21\/venerdi-18-lopen-day-al-liceo-scientifico-di-cancello-ed-arnone\/#primaryimage","url":"https:\/\/comunicacity.net\/cancello-ed-arnone\/wp-content\/uploads\/sites\/28\/2019\/01\/4B275207-9C06-4E49-BB52-438CFECB2CAD.jpeg","contentUrl":"https:\/\/comunicacity.net\/cancello-ed-arnone\/wp-content\/uploads\/sites\/28\/2019\/01\/4B275207-9C06-4E49-BB52-438CFECB2CAD.jpeg","width":1200,"height":1600},{"@type":"BreadcrumbList","@id":"https:\/\/comunicacity.net\/cancello-ed-arnone\/2019\/01\/21\/venerdi-18-lopen-day-al-liceo-scientifico-di-cancello-ed-arnone\/#breadcrumb","itemListElement":[{"@type":"ListItem","position":1,"name":"Home","item":"https:\/\/comunicacity.net\/cancello-ed-arnone\/"},{"@type":"ListItem","position":2,"name":"Venerdi 18 l\u2019open day al Liceo Scientifico di Cancello ed Arnone."}]},{"@type":"WebSite","@id":"https:\/\/comunicacity.net\/cancello-ed-arnone\/#website","url":"https:\/\/comunicacity.net\/cancello-ed-arnone\/","name":"Cancello ed Arnone","description":"ComunicaCity","potentialAction":[{"@type":"SearchAction","target":{"@type":"EntryPoint","urlTemplate":"https:\/\/comunicacity.net\/cancello-ed-arnone\/?s={search_term_string}"},"query-input":{"@type":"PropertyValueSpecification","valueRequired":true,"valueName":"search_term_string"}}],"inLanguage":"it-IT"},{"@type":"Person","@id":"https:\/\/comunicacity.net\/cancello-ed-arnone\/#\/schema\/person\/eaea9f1aebcbd61eb9878e6232bd2a03","name":"Admin_E","image":{"@type":"ImageObject","inLanguage":"it-IT","@id":"https:\/\/secure.gravatar.com\/avatar\/1eb418f243a360a5c118e205c4f1d666c009a9fac37301044747eacb4938b467?s=96&d=mm&r=g","url":"https:\/\/secure.gravatar.com\/avatar\/1eb418f243a360a5c118e205c4f1d666c009a9fac37301044747eacb4938b467?s=96&d=mm&r=g","contentUrl":"https:\/\/secure.gravatar.com\/avatar\/1eb418f243a360a5c118e205c4f1d666c009a9fac37301044747eacb4938b467?s=96&d=mm&r=g","caption":"Admin_E"},"url":"https:\/\/comunicacity.net\/cancello-ed-arnone\/author\/oollppcancelloarnone\/"}]}},"meta_box":{"cc4_urg_colore":"","cc4_urg_data_inizio":"","cc4_urg_data_fine":"","cc4_cor_positivi_oggi":"","cc4_cor_negativizzati_oggi":"","cc4_cor_deceduti_oggi":"","cc4_cor_positivi_totali":"","cc4_cor_negativizzati_totali":"","cc4_cor_deceduti_totali":"","cc4_cor_attualmente_positivi":"","cc4_eve_data_inizio":"","cc4_eve_data_fine":"","cc4_eve_indirizzo":"","cc4_eve_posizione":{"latitude":"","longitude":"","zoom":""},"cc4_eve_telefono":"","cc4_eve_email":"","cc4_eve_web":"","cc4_eve_fb":"","sitopa_id":""},"_links":{"self":[{"href":"https:\/\/comunicacity.net\/cancello-ed-arnone\/wp-json\/wp\/v2\/posts\/849","targetHints":{"allow":["GET"]}}],"collection":[{"href":"https:\/\/comunicacity.net\/cancello-ed-arnone\/wp-json\/wp\/v2\/posts"}],"about":[{"href":"https:\/\/comunicacity.net\/cancello-ed-arnone\/wp-json\/wp\/v2\/types\/post"}],"author":[{"embeddable":true,"href":"https:\/\/comunicacity.net\/cancello-ed-arnone\/wp-json\/wp\/v2\/users\/398"}],"replies":[{"embeddable":true,"href":"https:\/\/comunicacity.net\/cancello-ed-arnone\/wp-json\/wp\/v2\/comments?post=849"}],"version-history":[{"count":1,"href":"https:\/\/comunicacity.net\/cancello-ed-arnone\/wp-json\/wp\/v2\/posts\/849\/revisions"}],"predecessor-version":[{"id":853,"href":"https:\/\/comunicacity.net\/cancello-ed-arnone\/wp-json\/wp\/v2\/posts\/849\/revisions\/853"}],"wp:featuredmedia":[{"embeddable":true,"href":"https:\/\/comunicacity.net\/cancello-ed-arnone\/wp-json\/wp\/v2\/media\/850"}],"wp:attachment":[{"href":"https:\/\/comunicacity.net\/cancello-ed-arnone\/wp-json\/wp\/v2\/media?parent=849"}],"wp:term":[{"taxonomy":"category","embeddable":true,"href":"https:\/\/comunicacity.net\/cancello-ed-arnone\/wp-json\/wp\/v2\/categories?post=849"},{"taxonomy":"post_tag","embeddable":true,"href":"https:\/\/comunicacity.net\/cancello-ed-arnone\/wp-json\/wp\/v2\/tags?post=849"}],"curies":[{"name":"wp","href":"https:\/\/api.w.org\/{rel}","templated":true}]}}