{"id":854,"date":"2019-01-21T22:02:10","date_gmt":"2019-01-21T21:02:10","guid":{"rendered":"https:\/\/comunicacity.net\/cancello-ed-arnone\/?p=854"},"modified":"2023-02-02T15:41:46","modified_gmt":"2023-02-02T14:41:46","slug":"questa-mattina-prima-riunione-della-conferenza-di-servizi-con-liacp","status":"publish","type":"post","link":"https:\/\/comunicacity.net\/cancello-ed-arnone\/2019\/01\/21\/questa-mattina-prima-riunione-della-conferenza-di-servizi-con-liacp\/","title":{"rendered":"Questa mattina prima riunione della Conferenza di Servizi con l\u2019IACP."},"content":{"rendered":"<div class=\"post-container\">\n<p>Si \u00e8 tenuta oggi la prima riunione della Conferenza di Servizi con l\u2019IACP per l\u2019attuazione degli indirizzi adottati dal Consiglio Comunale con la Deliberazione n. 45 del 2018, avente ad oggetto l\u2019applicazione della Legge Regionale 19\/09 \u2013 (piano casa) e della Legge 12 luglio 2011, n. 106 (decreto sviluppo).<\/p>\n<p>Significativa la presenza, oltre che del Sindaco Ambrosca e del Vicesindaco Caputo nonch\u00e9 della componente tecnica di entrambi gli Enti, anche della dott.ssa Rosa Percuoco, Direttrice dell\u2019Istituto Autonomo delle Case Popolari di Caserta e dell\u2019arch. Romeo Gentile, Commissario Straordinario dell\u2019Agenzia Campana per l\u2019Edilizia Residenziale \u2013 ACER, che hanno confermato la grande importanza di un progetto che vede il Comune di Cancello ed Arnone come precursore, progetto che potr\u00e0 fungere da modello di riferimento per tutto il territorio Regionale.<\/p>\n<p>\u201cGi\u00e0 questa mattina sono state gettate le basi per la concretizzazione di un progetto che riguarder\u00e0 alcuni edifici di propriet\u00e0 dell\u2019IACP ricadenti sul territorio comunale, \u2013 spiega il Vicesindaco Caputo \u2013 che saranno riqualificati e adeguati sia sul piano sismico sia dal punto di vista dell\u2019efficientamento energetico.<\/p>\n<p>Progetto che preveder\u00e0, inoltre, la possibilit\u00e0 di realizzazione di ulteriori volumetrie in aggiunta a quelle esistenti, che andranno ad implementare, riqualificandolo, il tessuto urbanistico esistente. <span class=\"Apple-converted-space\">\u00a0<\/span><\/p>\n<p>Ci auguriamo che l\u2019intesa avviata a partire da questa mattina con l\u2019IACP avr\u00e0 conseguenze di importanza fondamentale per il nostro territorio, in quanto potr\u00e0 dare inizio ad un percorso che vede come obiettivo il rilancio economico di Cancello ed Arnone, anche attraverso la partecipazione attiva di componenti private locali.<\/p>\n<p>Nei prossimo giorni organizzeremo incontri con i tecnici ed imprenditori locali, nonch\u00e9 con tutti i cittadini che ne saranno interessati, per illustrare in dettaglio le modalit\u00e0 attraverso le quali si potranno cogliere le opportunit\u00e0 che si svilupperanno da siffatta iniziativa.\u201d<\/p>\n<\/div>\n","protected":false},"excerpt":{"rendered":"<p>Si \u00e8 tenuta oggi la prima riunione della Conferenza di Servizi con l\u2019IACP per l\u2019attuazione degli indirizzi adottati dal Consiglio Comunale con la Deliberazione n. 45 del 2018, avente ad [&hellip;]<\/p>\n","protected":false},"author":398,"featured_media":369,"comment_status":"closed","ping_status":"closed","sticky":false,"template":"","format":"standard","meta":{"footnotes":""},"categories":[11],"tags":[],"class_list":["post-854","post","type-post","status-publish","format-standard","has-post-thumbnail","hentry","category-notizie-e-informazioni"],"yoast_head":"<!-- This site is optimized with the Yoast SEO plugin v27.4 - https:\/\/yoast.com\/product\/yoast-seo-wordpress\/ -->\n<title>Questa mattina prima riunione della Conferenza di Servizi con l\u2019IACP. - Cancello ed Arnone<\/title>\n<meta name=\"robots\" content=\"index, follow, max-snippet:-1, max-image-preview:large, max-video-preview:-1\" \/>\n<link rel=\"canonical\" href=\"https:\/\/comunicacity.net\/cancello-ed-arnone\/2019\/01\/21\/questa-mattina-prima-riunione-della-conferenza-di-servizi-con-liacp\/\" \/>\n<meta property=\"og:locale\" content=\"it_IT\" \/>\n<meta property=\"og:type\" content=\"article\" \/>\n<meta property=\"og:title\" content=\"Questa mattina prima riunione della Conferenza di Servizi con l\u2019IACP. - Cancello ed Arnone\" \/>\n<meta property=\"og:description\" content=\"Si \u00e8 tenuta oggi la prima riunione della Conferenza di Servizi con l\u2019IACP per l\u2019attuazione degli indirizzi adottati dal Consiglio Comunale con la Deliberazione n. 45 del 2018, avente ad [&hellip;]\" \/>\n<meta property=\"og:url\" content=\"https:\/\/comunicacity.net\/cancello-ed-arnone\/2019\/01\/21\/questa-mattina-prima-riunione-della-conferenza-di-servizi-con-liacp\/\" \/>\n<meta property=\"og:site_name\" content=\"Cancello ed Arnone\" \/>\n<meta property=\"article:publisher\" content=\"http:\/\/facebook.com\/ComunicaCity\" \/>\n<meta property=\"article:published_time\" content=\"2019-01-21T21:02:10+00:00\" \/>\n<meta property=\"article:modified_time\" content=\"2023-02-02T14:41:46+00:00\" \/>\n<meta property=\"og:image\" content=\"https:\/\/comunicacity.net\/cancello-ed-arnone\/wp-content\/uploads\/sites\/28\/2018\/06\/caputo.jpg\" \/>\n\t<meta property=\"og:image:width\" content=\"400\" \/>\n\t<meta property=\"og:image:height\" content=\"400\" \/>\n\t<meta property=\"og:image:type\" content=\"image\/jpeg\" \/>\n<meta name=\"author\" content=\"Admin_E\" \/>\n<meta name=\"twitter:card\" content=\"summary_large_image\" \/>\n<meta name=\"twitter:creator\" content=\"@comunicacity\" \/>\n<meta name=\"twitter:site\" content=\"@comunicacity\" \/>\n<meta name=\"twitter:label1\" content=\"Scritto da\" \/>\n\t<meta name=\"twitter:data1\" content=\"Admin_E\" \/>\n\t<meta name=\"twitter:label2\" content=\"Tempo di lettura stimato\" \/>\n\t<meta name=\"twitter:data2\" content=\"1 minuto\" \/>\n<script type=\"application\/ld+json\" class=\"yoast-schema-graph\">{\"@context\":\"https:\\\/\\\/schema.org\",\"@graph\":[{\"@type\":\"Article\",\"@id\":\"https:\\\/\\\/comunicacity.net\\\/cancello-ed-arnone\\\/2019\\\/01\\\/21\\\/questa-mattina-prima-riunione-della-conferenza-di-servizi-con-liacp\\\/#article\",\"isPartOf\":{\"@id\":\"https:\\\/\\\/comunicacity.net\\\/cancello-ed-arnone\\\/2019\\\/01\\\/21\\\/questa-mattina-prima-riunione-della-conferenza-di-servizi-con-liacp\\\/\"},\"author\":{\"name\":\"Admin_E\",\"@id\":\"https:\\\/\\\/comunicacity.net\\\/cancello-ed-arnone\\\/#\\\/schema\\\/person\\\/eaea9f1aebcbd61eb9878e6232bd2a03\"},\"headline\":\"Questa mattina prima riunione della Conferenza di Servizi con l\u2019IACP.\",\"datePublished\":\"2019-01-21T21:02:10+00:00\",\"dateModified\":\"2023-02-02T14:41:46+00:00\",\"mainEntityOfPage\":{\"@id\":\"https:\\\/\\\/comunicacity.net\\\/cancello-ed-arnone\\\/2019\\\/01\\\/21\\\/questa-mattina-prima-riunione-della-conferenza-di-servizi-con-liacp\\\/\"},\"wordCount\":300,\"image\":{\"@id\":\"https:\\\/\\\/comunicacity.net\\\/cancello-ed-arnone\\\/2019\\\/01\\\/21\\\/questa-mattina-prima-riunione-della-conferenza-di-servizi-con-liacp\\\/#primaryimage\"},\"thumbnailUrl\":\"https:\\\/\\\/comunicacity.net\\\/cancello-ed-arnone\\\/wp-content\\\/uploads\\\/sites\\\/28\\\/2018\\\/06\\\/caputo.jpg\",\"articleSection\":[\"Notizie e Informazioni\"],\"inLanguage\":\"it-IT\"},{\"@type\":\"WebPage\",\"@id\":\"https:\\\/\\\/comunicacity.net\\\/cancello-ed-arnone\\\/2019\\\/01\\\/21\\\/questa-mattina-prima-riunione-della-conferenza-di-servizi-con-liacp\\\/\",\"url\":\"https:\\\/\\\/comunicacity.net\\\/cancello-ed-arnone\\\/2019\\\/01\\\/21\\\/questa-mattina-prima-riunione-della-conferenza-di-servizi-con-liacp\\\/\",\"name\":\"Questa mattina prima riunione della Conferenza di Servizi con l\u2019IACP. - Cancello ed Arnone\",\"isPartOf\":{\"@id\":\"https:\\\/\\\/comunicacity.net\\\/cancello-ed-arnone\\\/#website\"},\"primaryImageOfPage\":{\"@id\":\"https:\\\/\\\/comunicacity.net\\\/cancello-ed-arnone\\\/2019\\\/01\\\/21\\\/questa-mattina-prima-riunione-della-conferenza-di-servizi-con-liacp\\\/#primaryimage\"},\"image\":{\"@id\":\"https:\\\/\\\/comunicacity.net\\\/cancello-ed-arnone\\\/2019\\\/01\\\/21\\\/questa-mattina-prima-riunione-della-conferenza-di-servizi-con-liacp\\\/#primaryimage\"},\"thumbnailUrl\":\"https:\\\/\\\/comunicacity.net\\\/cancello-ed-arnone\\\/wp-content\\\/uploads\\\/sites\\\/28\\\/2018\\\/06\\\/caputo.jpg\",\"datePublished\":\"2019-01-21T21:02:10+00:00\",\"dateModified\":\"2023-02-02T14:41:46+00:00\",\"author\":{\"@id\":\"https:\\\/\\\/comunicacity.net\\\/cancello-ed-arnone\\\/#\\\/schema\\\/person\\\/eaea9f1aebcbd61eb9878e6232bd2a03\"},\"breadcrumb\":{\"@id\":\"https:\\\/\\\/comunicacity.net\\\/cancello-ed-arnone\\\/2019\\\/01\\\/21\\\/questa-mattina-prima-riunione-della-conferenza-di-servizi-con-liacp\\\/#breadcrumb\"},\"inLanguage\":\"it-IT\",\"potentialAction\":[{\"@type\":\"ReadAction\",\"target\":[\"https:\\\/\\\/comunicacity.net\\\/cancello-ed-arnone\\\/2019\\\/01\\\/21\\\/questa-mattina-prima-riunione-della-conferenza-di-servizi-con-liacp\\\/\"]}]},{\"@type\":\"ImageObject\",\"inLanguage\":\"it-IT\",\"@id\":\"https:\\\/\\\/comunicacity.net\\\/cancello-ed-arnone\\\/2019\\\/01\\\/21\\\/questa-mattina-prima-riunione-della-conferenza-di-servizi-con-liacp\\\/#primaryimage\",\"url\":\"https:\\\/\\\/comunicacity.net\\\/cancello-ed-arnone\\\/wp-content\\\/uploads\\\/sites\\\/28\\\/2018\\\/06\\\/caputo.jpg\",\"contentUrl\":\"https:\\\/\\\/comunicacity.net\\\/cancello-ed-arnone\\\/wp-content\\\/uploads\\\/sites\\\/28\\\/2018\\\/06\\\/caputo.jpg\",\"width\":400,\"height\":400},{\"@type\":\"BreadcrumbList\",\"@id\":\"https:\\\/\\\/comunicacity.net\\\/cancello-ed-arnone\\\/2019\\\/01\\\/21\\\/questa-mattina-prima-riunione-della-conferenza-di-servizi-con-liacp\\\/#breadcrumb\",\"itemListElement\":[{\"@type\":\"ListItem\",\"position\":1,\"name\":\"Home\",\"item\":\"https:\\\/\\\/comunicacity.net\\\/cancello-ed-arnone\\\/\"},{\"@type\":\"ListItem\",\"position\":2,\"name\":\"Questa mattina prima riunione della Conferenza di Servizi con l\u2019IACP.\"}]},{\"@type\":\"WebSite\",\"@id\":\"https:\\\/\\\/comunicacity.net\\\/cancello-ed-arnone\\\/#website\",\"url\":\"https:\\\/\\\/comunicacity.net\\\/cancello-ed-arnone\\\/\",\"name\":\"Cancello ed Arnone\",\"description\":\"ComunicaCity\",\"potentialAction\":[{\"@type\":\"SearchAction\",\"target\":{\"@type\":\"EntryPoint\",\"urlTemplate\":\"https:\\\/\\\/comunicacity.net\\\/cancello-ed-arnone\\\/?s={search_term_string}\"},\"query-input\":{\"@type\":\"PropertyValueSpecification\",\"valueRequired\":true,\"valueName\":\"search_term_string\"}}],\"inLanguage\":\"it-IT\"},{\"@type\":\"Person\",\"@id\":\"https:\\\/\\\/comunicacity.net\\\/cancello-ed-arnone\\\/#\\\/schema\\\/person\\\/eaea9f1aebcbd61eb9878e6232bd2a03\",\"name\":\"Admin_E\",\"image\":{\"@type\":\"ImageObject\",\"inLanguage\":\"it-IT\",\"@id\":\"https:\\\/\\\/secure.gravatar.com\\\/avatar\\\/1eb418f243a360a5c118e205c4f1d666c009a9fac37301044747eacb4938b467?s=96&d=mm&r=g\",\"url\":\"https:\\\/\\\/secure.gravatar.com\\\/avatar\\\/1eb418f243a360a5c118e205c4f1d666c009a9fac37301044747eacb4938b467?s=96&d=mm&r=g\",\"contentUrl\":\"https:\\\/\\\/secure.gravatar.com\\\/avatar\\\/1eb418f243a360a5c118e205c4f1d666c009a9fac37301044747eacb4938b467?s=96&d=mm&r=g\",\"caption\":\"Admin_E\"},\"url\":\"https:\\\/\\\/comunicacity.net\\\/cancello-ed-arnone\\\/author\\\/oollppcancelloarnone\\\/\"}]}<\/script>\n<!-- \/ Yoast SEO plugin. -->","yoast_head_json":{"title":"Questa mattina prima riunione della Conferenza di Servizi con l\u2019IACP. - Cancello ed Arnone","robots":{"index":"index","follow":"follow","max-snippet":"max-snippet:-1","max-image-preview":"max-image-preview:large","max-video-preview":"max-video-preview:-1"},"canonical":"https:\/\/comunicacity.net\/cancello-ed-arnone\/2019\/01\/21\/questa-mattina-prima-riunione-della-conferenza-di-servizi-con-liacp\/","og_locale":"it_IT","og_type":"article","og_title":"Questa mattina prima riunione della Conferenza di Servizi con l\u2019IACP. - Cancello ed Arnone","og_description":"Si \u00e8 tenuta oggi la prima riunione della Conferenza di Servizi con l\u2019IACP per l\u2019attuazione degli indirizzi adottati dal Consiglio Comunale con la Deliberazione n. 45 del 2018, avente ad [&hellip;]","og_url":"https:\/\/comunicacity.net\/cancello-ed-arnone\/2019\/01\/21\/questa-mattina-prima-riunione-della-conferenza-di-servizi-con-liacp\/","og_site_name":"Cancello ed Arnone","article_publisher":"http:\/\/facebook.com\/ComunicaCity","article_published_time":"2019-01-21T21:02:10+00:00","article_modified_time":"2023-02-02T14:41:46+00:00","og_image":[{"width":400,"height":400,"url":"https:\/\/comunicacity.net\/cancello-ed-arnone\/wp-content\/uploads\/sites\/28\/2018\/06\/caputo.jpg","type":"image\/jpeg"}],"author":"Admin_E","twitter_card":"summary_large_image","twitter_creator":"@comunicacity","twitter_site":"@comunicacity","twitter_misc":{"Scritto da":"Admin_E","Tempo di lettura stimato":"1 minuto"},"schema":{"@context":"https:\/\/schema.org","@graph":[{"@type":"Article","@id":"https:\/\/comunicacity.net\/cancello-ed-arnone\/2019\/01\/21\/questa-mattina-prima-riunione-della-conferenza-di-servizi-con-liacp\/#article","isPartOf":{"@id":"https:\/\/comunicacity.net\/cancello-ed-arnone\/2019\/01\/21\/questa-mattina-prima-riunione-della-conferenza-di-servizi-con-liacp\/"},"author":{"name":"Admin_E","@id":"https:\/\/comunicacity.net\/cancello-ed-arnone\/#\/schema\/person\/eaea9f1aebcbd61eb9878e6232bd2a03"},"headline":"Questa mattina prima riunione della Conferenza di Servizi con l\u2019IACP.","datePublished":"2019-01-21T21:02:10+00:00","dateModified":"2023-02-02T14:41:46+00:00","mainEntityOfPage":{"@id":"https:\/\/comunicacity.net\/cancello-ed-arnone\/2019\/01\/21\/questa-mattina-prima-riunione-della-conferenza-di-servizi-con-liacp\/"},"wordCount":300,"image":{"@id":"https:\/\/comunicacity.net\/cancello-ed-arnone\/2019\/01\/21\/questa-mattina-prima-riunione-della-conferenza-di-servizi-con-liacp\/#primaryimage"},"thumbnailUrl":"https:\/\/comunicacity.net\/cancello-ed-arnone\/wp-content\/uploads\/sites\/28\/2018\/06\/caputo.jpg","articleSection":["Notizie e Informazioni"],"inLanguage":"it-IT"},{"@type":"WebPage","@id":"https:\/\/comunicacity.net\/cancello-ed-arnone\/2019\/01\/21\/questa-mattina-prima-riunione-della-conferenza-di-servizi-con-liacp\/","url":"https:\/\/comunicacity.net\/cancello-ed-arnone\/2019\/01\/21\/questa-mattina-prima-riunione-della-conferenza-di-servizi-con-liacp\/","name":"Questa mattina prima riunione della Conferenza di Servizi con l\u2019IACP. - Cancello ed Arnone","isPartOf":{"@id":"https:\/\/comunicacity.net\/cancello-ed-arnone\/#website"},"primaryImageOfPage":{"@id":"https:\/\/comunicacity.net\/cancello-ed-arnone\/2019\/01\/21\/questa-mattina-prima-riunione-della-conferenza-di-servizi-con-liacp\/#primaryimage"},"image":{"@id":"https:\/\/comunicacity.net\/cancello-ed-arnone\/2019\/01\/21\/questa-mattina-prima-riunione-della-conferenza-di-servizi-con-liacp\/#primaryimage"},"thumbnailUrl":"https:\/\/comunicacity.net\/cancello-ed-arnone\/wp-content\/uploads\/sites\/28\/2018\/06\/caputo.jpg","datePublished":"2019-01-21T21:02:10+00:00","dateModified":"2023-02-02T14:41:46+00:00","author":{"@id":"https:\/\/comunicacity.net\/cancello-ed-arnone\/#\/schema\/person\/eaea9f1aebcbd61eb9878e6232bd2a03"},"breadcrumb":{"@id":"https:\/\/comunicacity.net\/cancello-ed-arnone\/2019\/01\/21\/questa-mattina-prima-riunione-della-conferenza-di-servizi-con-liacp\/#breadcrumb"},"inLanguage":"it-IT","potentialAction":[{"@type":"ReadAction","target":["https:\/\/comunicacity.net\/cancello-ed-arnone\/2019\/01\/21\/questa-mattina-prima-riunione-della-conferenza-di-servizi-con-liacp\/"]}]},{"@type":"ImageObject","inLanguage":"it-IT","@id":"https:\/\/comunicacity.net\/cancello-ed-arnone\/2019\/01\/21\/questa-mattina-prima-riunione-della-conferenza-di-servizi-con-liacp\/#primaryimage","url":"https:\/\/comunicacity.net\/cancello-ed-arnone\/wp-content\/uploads\/sites\/28\/2018\/06\/caputo.jpg","contentUrl":"https:\/\/comunicacity.net\/cancello-ed-arnone\/wp-content\/uploads\/sites\/28\/2018\/06\/caputo.jpg","width":400,"height":400},{"@type":"BreadcrumbList","@id":"https:\/\/comunicacity.net\/cancello-ed-arnone\/2019\/01\/21\/questa-mattina-prima-riunione-della-conferenza-di-servizi-con-liacp\/#breadcrumb","itemListElement":[{"@type":"ListItem","position":1,"name":"Home","item":"https:\/\/comunicacity.net\/cancello-ed-arnone\/"},{"@type":"ListItem","position":2,"name":"Questa mattina prima riunione della Conferenza di Servizi con l\u2019IACP."}]},{"@type":"WebSite","@id":"https:\/\/comunicacity.net\/cancello-ed-arnone\/#website","url":"https:\/\/comunicacity.net\/cancello-ed-arnone\/","name":"Cancello ed Arnone","description":"ComunicaCity","potentialAction":[{"@type":"SearchAction","target":{"@type":"EntryPoint","urlTemplate":"https:\/\/comunicacity.net\/cancello-ed-arnone\/?s={search_term_string}"},"query-input":{"@type":"PropertyValueSpecification","valueRequired":true,"valueName":"search_term_string"}}],"inLanguage":"it-IT"},{"@type":"Person","@id":"https:\/\/comunicacity.net\/cancello-ed-arnone\/#\/schema\/person\/eaea9f1aebcbd61eb9878e6232bd2a03","name":"Admin_E","image":{"@type":"ImageObject","inLanguage":"it-IT","@id":"https:\/\/secure.gravatar.com\/avatar\/1eb418f243a360a5c118e205c4f1d666c009a9fac37301044747eacb4938b467?s=96&d=mm&r=g","url":"https:\/\/secure.gravatar.com\/avatar\/1eb418f243a360a5c118e205c4f1d666c009a9fac37301044747eacb4938b467?s=96&d=mm&r=g","contentUrl":"https:\/\/secure.gravatar.com\/avatar\/1eb418f243a360a5c118e205c4f1d666c009a9fac37301044747eacb4938b467?s=96&d=mm&r=g","caption":"Admin_E"},"url":"https:\/\/comunicacity.net\/cancello-ed-arnone\/author\/oollppcancelloarnone\/"}]}},"meta_box":{"cc4_urg_colore":"","cc4_urg_data_inizio":"","cc4_urg_data_fine":"","cc4_cor_positivi_oggi":"","cc4_cor_negativizzati_oggi":"","cc4_cor_deceduti_oggi":"","cc4_cor_positivi_totali":"","cc4_cor_negativizzati_totali":"","cc4_cor_deceduti_totali":"","cc4_cor_attualmente_positivi":"","cc4_eve_data_inizio":"","cc4_eve_data_fine":"","cc4_eve_indirizzo":"","cc4_eve_posizione":{"latitude":"","longitude":"","zoom":""},"cc4_eve_telefono":"","cc4_eve_email":"","cc4_eve_web":"","cc4_eve_fb":"","sitopa_id":""},"_links":{"self":[{"href":"https:\/\/comunicacity.net\/cancello-ed-arnone\/wp-json\/wp\/v2\/posts\/854","targetHints":{"allow":["GET"]}}],"collection":[{"href":"https:\/\/comunicacity.net\/cancello-ed-arnone\/wp-json\/wp\/v2\/posts"}],"about":[{"href":"https:\/\/comunicacity.net\/cancello-ed-arnone\/wp-json\/wp\/v2\/types\/post"}],"author":[{"embeddable":true,"href":"https:\/\/comunicacity.net\/cancello-ed-arnone\/wp-json\/wp\/v2\/users\/398"}],"replies":[{"embeddable":true,"href":"https:\/\/comunicacity.net\/cancello-ed-arnone\/wp-json\/wp\/v2\/comments?post=854"}],"version-history":[{"count":1,"href":"https:\/\/comunicacity.net\/cancello-ed-arnone\/wp-json\/wp\/v2\/posts\/854\/revisions"}],"predecessor-version":[{"id":855,"href":"https:\/\/comunicacity.net\/cancello-ed-arnone\/wp-json\/wp\/v2\/posts\/854\/revisions\/855"}],"wp:featuredmedia":[{"embeddable":true,"href":"https:\/\/comunicacity.net\/cancello-ed-arnone\/wp-json\/wp\/v2\/media\/369"}],"wp:attachment":[{"href":"https:\/\/comunicacity.net\/cancello-ed-arnone\/wp-json\/wp\/v2\/media?parent=854"}],"wp:term":[{"taxonomy":"category","embeddable":true,"href":"https:\/\/comunicacity.net\/cancello-ed-arnone\/wp-json\/wp\/v2\/categories?post=854"},{"taxonomy":"post_tag","embeddable":true,"href":"https:\/\/comunicacity.net\/cancello-ed-arnone\/wp-json\/wp\/v2\/tags?post=854"}],"curies":[{"name":"wp","href":"https:\/\/api.w.org\/{rel}","templated":true}]}}