{"id":905,"date":"2019-02-08T19:48:55","date_gmt":"2019-02-08T18:48:55","guid":{"rendered":"https:\/\/comunicacity.net\/cancello-ed-arnone\/?p=905"},"modified":"2023-02-02T15:41:44","modified_gmt":"2023-02-02T14:41:44","slug":"campagna-gratuita-per-la-prevenzione-al-carcinoma-alla-mammella","status":"publish","type":"post","link":"https:\/\/comunicacity.net\/cancello-ed-arnone\/2019\/02\/08\/campagna-gratuita-per-la-prevenzione-al-carcinoma-alla-mammella\/","title":{"rendered":"Campagna gratuita per la prevenzione al carcinoma alla mammella."},"content":{"rendered":"<p>Parte oggi la campagna di prevenzione contro il carcinoma alla mammella organizzata dall\u2019Amministrazione Comunale, in persona dell\u2019assessore alla Sanit\u00e0 Gabriele Di Vuolo, di concerto con il Direttore dell\u2019Azienda Sanitaria Locale (ASL) \u2013 distretto di Mondragone dott. Severo Stefanelli.<br \/>\nLa prevenzione \u00e8 importantissima. Lo screening per la diagnosi precoce del tumore mammario si rivolge alle donne di et\u00e0 compresa tra i 49 e i 70 anni che abbiano effettuato da pi\u00f9 di un anno l\u2019ultima mammografia.<br \/>\n\u00c8 possibile prenotarsi presso il Protocollo del Comune di Cancello ed Arnone o inviando una mail all\u2019indirizzo protocollo.cancelloarnone@asmepec.it indicando le proprie generalit\u00e0 e comunicando un recapito telefonico.<br \/>\nChiunque manifester\u00e0 il proprio interesse, infatti, sar\u00e0 poi ricontattato dall\u2019Asl di Mondragone per prenotare la mammografia gratuita.<br \/>\nPer maggiori informazioni, contattare il Comune di Cancello ed Arnone al numero <a href=\"tel:0823\/856176\">0823\/856176<\/a>.<br \/>\n\u201cLa ricerca ha dimostrato chiaramente che l\u2019individuazione tempestiva della malattia permette di intervenire in maniera meno invasiva e pi\u00f9 efficace e, soprattutto, di accrescere sensibilmente le probabilit\u00e0 di sconfiggere queste tipologie di tumore \u2013 spiega l\u2019assessore Di Vuolo. La prevenzione non \u00e8 la cura, la soluzione finale, ma permette di salvare la vita perch\u00e9 consente di agire in tempo\u201d.<\/p>\n","protected":false},"excerpt":{"rendered":"<p>Parte oggi la campagna di prevenzione contro il carcinoma alla mammella organizzata dall\u2019Amministrazione Comunale, in persona dell\u2019assessore alla Sanit\u00e0 Gabriele Di Vuolo, di concerto con il Direttore dell\u2019Azienda Sanitaria Locale [&hellip;]<\/p>\n","protected":false},"author":398,"featured_media":376,"comment_status":"closed","ping_status":"closed","sticky":false,"template":"","format":"standard","meta":{"footnotes":""},"categories":[13],"tags":[],"class_list":["post-905","post","type-post","status-publish","format-standard","has-post-thumbnail","hentry","category-sanita"],"yoast_head":"<!-- This site is optimized with the Yoast SEO plugin v27.4 - https:\/\/yoast.com\/product\/yoast-seo-wordpress\/ -->\n<title>Campagna gratuita per la prevenzione al carcinoma alla mammella. - Cancello ed Arnone<\/title>\n<meta name=\"robots\" content=\"index, follow, max-snippet:-1, max-image-preview:large, max-video-preview:-1\" \/>\n<link rel=\"canonical\" href=\"https:\/\/comunicacity.net\/cancello-ed-arnone\/2019\/02\/08\/campagna-gratuita-per-la-prevenzione-al-carcinoma-alla-mammella\/\" \/>\n<meta property=\"og:locale\" content=\"it_IT\" \/>\n<meta property=\"og:type\" content=\"article\" \/>\n<meta property=\"og:title\" content=\"Campagna gratuita per la prevenzione al carcinoma alla mammella. - Cancello ed Arnone\" \/>\n<meta property=\"og:description\" content=\"Parte oggi la campagna di prevenzione contro il carcinoma alla mammella organizzata dall\u2019Amministrazione Comunale, in persona dell\u2019assessore alla Sanit\u00e0 Gabriele Di Vuolo, di concerto con il Direttore dell\u2019Azienda Sanitaria Locale [&hellip;]\" \/>\n<meta property=\"og:url\" content=\"https:\/\/comunicacity.net\/cancello-ed-arnone\/2019\/02\/08\/campagna-gratuita-per-la-prevenzione-al-carcinoma-alla-mammella\/\" \/>\n<meta property=\"og:site_name\" content=\"Cancello ed Arnone\" \/>\n<meta property=\"article:publisher\" content=\"http:\/\/facebook.com\/ComunicaCity\" \/>\n<meta property=\"article:published_time\" content=\"2019-02-08T18:48:55+00:00\" \/>\n<meta property=\"article:modified_time\" content=\"2023-02-02T14:41:44+00:00\" \/>\n<meta property=\"og:image\" content=\"https:\/\/comunicacity.net\/cancello-ed-arnone\/wp-content\/uploads\/sites\/28\/2018\/06\/vuolo.jpg\" \/>\n\t<meta property=\"og:image:width\" content=\"400\" \/>\n\t<meta property=\"og:image:height\" content=\"400\" \/>\n\t<meta property=\"og:image:type\" content=\"image\/jpeg\" \/>\n<meta name=\"author\" content=\"Admin_E\" \/>\n<meta name=\"twitter:card\" content=\"summary_large_image\" \/>\n<meta name=\"twitter:creator\" content=\"@comunicacity\" \/>\n<meta name=\"twitter:site\" content=\"@comunicacity\" \/>\n<meta name=\"twitter:label1\" content=\"Scritto da\" \/>\n\t<meta name=\"twitter:data1\" content=\"Admin_E\" \/>\n\t<meta name=\"twitter:label2\" content=\"Tempo di lettura stimato\" \/>\n\t<meta name=\"twitter:data2\" content=\"1 minuto\" \/>\n<script type=\"application\/ld+json\" class=\"yoast-schema-graph\">{\"@context\":\"https:\\\/\\\/schema.org\",\"@graph\":[{\"@type\":\"Article\",\"@id\":\"https:\\\/\\\/comunicacity.net\\\/cancello-ed-arnone\\\/2019\\\/02\\\/08\\\/campagna-gratuita-per-la-prevenzione-al-carcinoma-alla-mammella\\\/#article\",\"isPartOf\":{\"@id\":\"https:\\\/\\\/comunicacity.net\\\/cancello-ed-arnone\\\/2019\\\/02\\\/08\\\/campagna-gratuita-per-la-prevenzione-al-carcinoma-alla-mammella\\\/\"},\"author\":{\"name\":\"Admin_E\",\"@id\":\"https:\\\/\\\/comunicacity.net\\\/cancello-ed-arnone\\\/#\\\/schema\\\/person\\\/eaea9f1aebcbd61eb9878e6232bd2a03\"},\"headline\":\"Campagna gratuita per la prevenzione al carcinoma alla mammella.\",\"datePublished\":\"2019-02-08T18:48:55+00:00\",\"dateModified\":\"2023-02-02T14:41:44+00:00\",\"mainEntityOfPage\":{\"@id\":\"https:\\\/\\\/comunicacity.net\\\/cancello-ed-arnone\\\/2019\\\/02\\\/08\\\/campagna-gratuita-per-la-prevenzione-al-carcinoma-alla-mammella\\\/\"},\"wordCount\":203,\"image\":{\"@id\":\"https:\\\/\\\/comunicacity.net\\\/cancello-ed-arnone\\\/2019\\\/02\\\/08\\\/campagna-gratuita-per-la-prevenzione-al-carcinoma-alla-mammella\\\/#primaryimage\"},\"thumbnailUrl\":\"https:\\\/\\\/comunicacity.net\\\/cancello-ed-arnone\\\/wp-content\\\/uploads\\\/sites\\\/28\\\/2018\\\/06\\\/vuolo.jpg\",\"articleSection\":[\"Sanit\u00e0\"],\"inLanguage\":\"it-IT\"},{\"@type\":\"WebPage\",\"@id\":\"https:\\\/\\\/comunicacity.net\\\/cancello-ed-arnone\\\/2019\\\/02\\\/08\\\/campagna-gratuita-per-la-prevenzione-al-carcinoma-alla-mammella\\\/\",\"url\":\"https:\\\/\\\/comunicacity.net\\\/cancello-ed-arnone\\\/2019\\\/02\\\/08\\\/campagna-gratuita-per-la-prevenzione-al-carcinoma-alla-mammella\\\/\",\"name\":\"Campagna gratuita per la prevenzione al carcinoma alla mammella. - Cancello ed Arnone\",\"isPartOf\":{\"@id\":\"https:\\\/\\\/comunicacity.net\\\/cancello-ed-arnone\\\/#website\"},\"primaryImageOfPage\":{\"@id\":\"https:\\\/\\\/comunicacity.net\\\/cancello-ed-arnone\\\/2019\\\/02\\\/08\\\/campagna-gratuita-per-la-prevenzione-al-carcinoma-alla-mammella\\\/#primaryimage\"},\"image\":{\"@id\":\"https:\\\/\\\/comunicacity.net\\\/cancello-ed-arnone\\\/2019\\\/02\\\/08\\\/campagna-gratuita-per-la-prevenzione-al-carcinoma-alla-mammella\\\/#primaryimage\"},\"thumbnailUrl\":\"https:\\\/\\\/comunicacity.net\\\/cancello-ed-arnone\\\/wp-content\\\/uploads\\\/sites\\\/28\\\/2018\\\/06\\\/vuolo.jpg\",\"datePublished\":\"2019-02-08T18:48:55+00:00\",\"dateModified\":\"2023-02-02T14:41:44+00:00\",\"author\":{\"@id\":\"https:\\\/\\\/comunicacity.net\\\/cancello-ed-arnone\\\/#\\\/schema\\\/person\\\/eaea9f1aebcbd61eb9878e6232bd2a03\"},\"breadcrumb\":{\"@id\":\"https:\\\/\\\/comunicacity.net\\\/cancello-ed-arnone\\\/2019\\\/02\\\/08\\\/campagna-gratuita-per-la-prevenzione-al-carcinoma-alla-mammella\\\/#breadcrumb\"},\"inLanguage\":\"it-IT\",\"potentialAction\":[{\"@type\":\"ReadAction\",\"target\":[\"https:\\\/\\\/comunicacity.net\\\/cancello-ed-arnone\\\/2019\\\/02\\\/08\\\/campagna-gratuita-per-la-prevenzione-al-carcinoma-alla-mammella\\\/\"]}]},{\"@type\":\"ImageObject\",\"inLanguage\":\"it-IT\",\"@id\":\"https:\\\/\\\/comunicacity.net\\\/cancello-ed-arnone\\\/2019\\\/02\\\/08\\\/campagna-gratuita-per-la-prevenzione-al-carcinoma-alla-mammella\\\/#primaryimage\",\"url\":\"https:\\\/\\\/comunicacity.net\\\/cancello-ed-arnone\\\/wp-content\\\/uploads\\\/sites\\\/28\\\/2018\\\/06\\\/vuolo.jpg\",\"contentUrl\":\"https:\\\/\\\/comunicacity.net\\\/cancello-ed-arnone\\\/wp-content\\\/uploads\\\/sites\\\/28\\\/2018\\\/06\\\/vuolo.jpg\",\"width\":400,\"height\":400},{\"@type\":\"BreadcrumbList\",\"@id\":\"https:\\\/\\\/comunicacity.net\\\/cancello-ed-arnone\\\/2019\\\/02\\\/08\\\/campagna-gratuita-per-la-prevenzione-al-carcinoma-alla-mammella\\\/#breadcrumb\",\"itemListElement\":[{\"@type\":\"ListItem\",\"position\":1,\"name\":\"Home\",\"item\":\"https:\\\/\\\/comunicacity.net\\\/cancello-ed-arnone\\\/\"},{\"@type\":\"ListItem\",\"position\":2,\"name\":\"Campagna gratuita per la prevenzione al carcinoma alla mammella.\"}]},{\"@type\":\"WebSite\",\"@id\":\"https:\\\/\\\/comunicacity.net\\\/cancello-ed-arnone\\\/#website\",\"url\":\"https:\\\/\\\/comunicacity.net\\\/cancello-ed-arnone\\\/\",\"name\":\"Cancello ed Arnone\",\"description\":\"ComunicaCity\",\"potentialAction\":[{\"@type\":\"SearchAction\",\"target\":{\"@type\":\"EntryPoint\",\"urlTemplate\":\"https:\\\/\\\/comunicacity.net\\\/cancello-ed-arnone\\\/?s={search_term_string}\"},\"query-input\":{\"@type\":\"PropertyValueSpecification\",\"valueRequired\":true,\"valueName\":\"search_term_string\"}}],\"inLanguage\":\"it-IT\"},{\"@type\":\"Person\",\"@id\":\"https:\\\/\\\/comunicacity.net\\\/cancello-ed-arnone\\\/#\\\/schema\\\/person\\\/eaea9f1aebcbd61eb9878e6232bd2a03\",\"name\":\"Admin_E\",\"image\":{\"@type\":\"ImageObject\",\"inLanguage\":\"it-IT\",\"@id\":\"https:\\\/\\\/secure.gravatar.com\\\/avatar\\\/1eb418f243a360a5c118e205c4f1d666c009a9fac37301044747eacb4938b467?s=96&d=mm&r=g\",\"url\":\"https:\\\/\\\/secure.gravatar.com\\\/avatar\\\/1eb418f243a360a5c118e205c4f1d666c009a9fac37301044747eacb4938b467?s=96&d=mm&r=g\",\"contentUrl\":\"https:\\\/\\\/secure.gravatar.com\\\/avatar\\\/1eb418f243a360a5c118e205c4f1d666c009a9fac37301044747eacb4938b467?s=96&d=mm&r=g\",\"caption\":\"Admin_E\"},\"url\":\"https:\\\/\\\/comunicacity.net\\\/cancello-ed-arnone\\\/author\\\/oollppcancelloarnone\\\/\"}]}<\/script>\n<!-- \/ Yoast SEO plugin. -->","yoast_head_json":{"title":"Campagna gratuita per la prevenzione al carcinoma alla mammella. - Cancello ed Arnone","robots":{"index":"index","follow":"follow","max-snippet":"max-snippet:-1","max-image-preview":"max-image-preview:large","max-video-preview":"max-video-preview:-1"},"canonical":"https:\/\/comunicacity.net\/cancello-ed-arnone\/2019\/02\/08\/campagna-gratuita-per-la-prevenzione-al-carcinoma-alla-mammella\/","og_locale":"it_IT","og_type":"article","og_title":"Campagna gratuita per la prevenzione al carcinoma alla mammella. - Cancello ed Arnone","og_description":"Parte oggi la campagna di prevenzione contro il carcinoma alla mammella organizzata dall\u2019Amministrazione Comunale, in persona dell\u2019assessore alla Sanit\u00e0 Gabriele Di Vuolo, di concerto con il Direttore dell\u2019Azienda Sanitaria Locale [&hellip;]","og_url":"https:\/\/comunicacity.net\/cancello-ed-arnone\/2019\/02\/08\/campagna-gratuita-per-la-prevenzione-al-carcinoma-alla-mammella\/","og_site_name":"Cancello ed Arnone","article_publisher":"http:\/\/facebook.com\/ComunicaCity","article_published_time":"2019-02-08T18:48:55+00:00","article_modified_time":"2023-02-02T14:41:44+00:00","og_image":[{"width":400,"height":400,"url":"https:\/\/comunicacity.net\/cancello-ed-arnone\/wp-content\/uploads\/sites\/28\/2018\/06\/vuolo.jpg","type":"image\/jpeg"}],"author":"Admin_E","twitter_card":"summary_large_image","twitter_creator":"@comunicacity","twitter_site":"@comunicacity","twitter_misc":{"Scritto da":"Admin_E","Tempo di lettura stimato":"1 minuto"},"schema":{"@context":"https:\/\/schema.org","@graph":[{"@type":"Article","@id":"https:\/\/comunicacity.net\/cancello-ed-arnone\/2019\/02\/08\/campagna-gratuita-per-la-prevenzione-al-carcinoma-alla-mammella\/#article","isPartOf":{"@id":"https:\/\/comunicacity.net\/cancello-ed-arnone\/2019\/02\/08\/campagna-gratuita-per-la-prevenzione-al-carcinoma-alla-mammella\/"},"author":{"name":"Admin_E","@id":"https:\/\/comunicacity.net\/cancello-ed-arnone\/#\/schema\/person\/eaea9f1aebcbd61eb9878e6232bd2a03"},"headline":"Campagna gratuita per la prevenzione al carcinoma alla mammella.","datePublished":"2019-02-08T18:48:55+00:00","dateModified":"2023-02-02T14:41:44+00:00","mainEntityOfPage":{"@id":"https:\/\/comunicacity.net\/cancello-ed-arnone\/2019\/02\/08\/campagna-gratuita-per-la-prevenzione-al-carcinoma-alla-mammella\/"},"wordCount":203,"image":{"@id":"https:\/\/comunicacity.net\/cancello-ed-arnone\/2019\/02\/08\/campagna-gratuita-per-la-prevenzione-al-carcinoma-alla-mammella\/#primaryimage"},"thumbnailUrl":"https:\/\/comunicacity.net\/cancello-ed-arnone\/wp-content\/uploads\/sites\/28\/2018\/06\/vuolo.jpg","articleSection":["Sanit\u00e0"],"inLanguage":"it-IT"},{"@type":"WebPage","@id":"https:\/\/comunicacity.net\/cancello-ed-arnone\/2019\/02\/08\/campagna-gratuita-per-la-prevenzione-al-carcinoma-alla-mammella\/","url":"https:\/\/comunicacity.net\/cancello-ed-arnone\/2019\/02\/08\/campagna-gratuita-per-la-prevenzione-al-carcinoma-alla-mammella\/","name":"Campagna gratuita per la prevenzione al carcinoma alla mammella. - Cancello ed Arnone","isPartOf":{"@id":"https:\/\/comunicacity.net\/cancello-ed-arnone\/#website"},"primaryImageOfPage":{"@id":"https:\/\/comunicacity.net\/cancello-ed-arnone\/2019\/02\/08\/campagna-gratuita-per-la-prevenzione-al-carcinoma-alla-mammella\/#primaryimage"},"image":{"@id":"https:\/\/comunicacity.net\/cancello-ed-arnone\/2019\/02\/08\/campagna-gratuita-per-la-prevenzione-al-carcinoma-alla-mammella\/#primaryimage"},"thumbnailUrl":"https:\/\/comunicacity.net\/cancello-ed-arnone\/wp-content\/uploads\/sites\/28\/2018\/06\/vuolo.jpg","datePublished":"2019-02-08T18:48:55+00:00","dateModified":"2023-02-02T14:41:44+00:00","author":{"@id":"https:\/\/comunicacity.net\/cancello-ed-arnone\/#\/schema\/person\/eaea9f1aebcbd61eb9878e6232bd2a03"},"breadcrumb":{"@id":"https:\/\/comunicacity.net\/cancello-ed-arnone\/2019\/02\/08\/campagna-gratuita-per-la-prevenzione-al-carcinoma-alla-mammella\/#breadcrumb"},"inLanguage":"it-IT","potentialAction":[{"@type":"ReadAction","target":["https:\/\/comunicacity.net\/cancello-ed-arnone\/2019\/02\/08\/campagna-gratuita-per-la-prevenzione-al-carcinoma-alla-mammella\/"]}]},{"@type":"ImageObject","inLanguage":"it-IT","@id":"https:\/\/comunicacity.net\/cancello-ed-arnone\/2019\/02\/08\/campagna-gratuita-per-la-prevenzione-al-carcinoma-alla-mammella\/#primaryimage","url":"https:\/\/comunicacity.net\/cancello-ed-arnone\/wp-content\/uploads\/sites\/28\/2018\/06\/vuolo.jpg","contentUrl":"https:\/\/comunicacity.net\/cancello-ed-arnone\/wp-content\/uploads\/sites\/28\/2018\/06\/vuolo.jpg","width":400,"height":400},{"@type":"BreadcrumbList","@id":"https:\/\/comunicacity.net\/cancello-ed-arnone\/2019\/02\/08\/campagna-gratuita-per-la-prevenzione-al-carcinoma-alla-mammella\/#breadcrumb","itemListElement":[{"@type":"ListItem","position":1,"name":"Home","item":"https:\/\/comunicacity.net\/cancello-ed-arnone\/"},{"@type":"ListItem","position":2,"name":"Campagna gratuita per la prevenzione al carcinoma alla mammella."}]},{"@type":"WebSite","@id":"https:\/\/comunicacity.net\/cancello-ed-arnone\/#website","url":"https:\/\/comunicacity.net\/cancello-ed-arnone\/","name":"Cancello ed Arnone","description":"ComunicaCity","potentialAction":[{"@type":"SearchAction","target":{"@type":"EntryPoint","urlTemplate":"https:\/\/comunicacity.net\/cancello-ed-arnone\/?s={search_term_string}"},"query-input":{"@type":"PropertyValueSpecification","valueRequired":true,"valueName":"search_term_string"}}],"inLanguage":"it-IT"},{"@type":"Person","@id":"https:\/\/comunicacity.net\/cancello-ed-arnone\/#\/schema\/person\/eaea9f1aebcbd61eb9878e6232bd2a03","name":"Admin_E","image":{"@type":"ImageObject","inLanguage":"it-IT","@id":"https:\/\/secure.gravatar.com\/avatar\/1eb418f243a360a5c118e205c4f1d666c009a9fac37301044747eacb4938b467?s=96&d=mm&r=g","url":"https:\/\/secure.gravatar.com\/avatar\/1eb418f243a360a5c118e205c4f1d666c009a9fac37301044747eacb4938b467?s=96&d=mm&r=g","contentUrl":"https:\/\/secure.gravatar.com\/avatar\/1eb418f243a360a5c118e205c4f1d666c009a9fac37301044747eacb4938b467?s=96&d=mm&r=g","caption":"Admin_E"},"url":"https:\/\/comunicacity.net\/cancello-ed-arnone\/author\/oollppcancelloarnone\/"}]}},"meta_box":{"cc4_urg_colore":"","cc4_urg_data_inizio":"","cc4_urg_data_fine":"","cc4_cor_positivi_oggi":"","cc4_cor_negativizzati_oggi":"","cc4_cor_deceduti_oggi":"","cc4_cor_positivi_totali":"","cc4_cor_negativizzati_totali":"","cc4_cor_deceduti_totali":"","cc4_cor_attualmente_positivi":"","cc4_eve_data_inizio":"","cc4_eve_data_fine":"","cc4_eve_indirizzo":"","cc4_eve_posizione":{"latitude":"","longitude":"","zoom":""},"cc4_eve_telefono":"","cc4_eve_email":"","cc4_eve_web":"","cc4_eve_fb":"","sitopa_id":""},"_links":{"self":[{"href":"https:\/\/comunicacity.net\/cancello-ed-arnone\/wp-json\/wp\/v2\/posts\/905","targetHints":{"allow":["GET"]}}],"collection":[{"href":"https:\/\/comunicacity.net\/cancello-ed-arnone\/wp-json\/wp\/v2\/posts"}],"about":[{"href":"https:\/\/comunicacity.net\/cancello-ed-arnone\/wp-json\/wp\/v2\/types\/post"}],"author":[{"embeddable":true,"href":"https:\/\/comunicacity.net\/cancello-ed-arnone\/wp-json\/wp\/v2\/users\/398"}],"replies":[{"embeddable":true,"href":"https:\/\/comunicacity.net\/cancello-ed-arnone\/wp-json\/wp\/v2\/comments?post=905"}],"version-history":[{"count":1,"href":"https:\/\/comunicacity.net\/cancello-ed-arnone\/wp-json\/wp\/v2\/posts\/905\/revisions"}],"predecessor-version":[{"id":906,"href":"https:\/\/comunicacity.net\/cancello-ed-arnone\/wp-json\/wp\/v2\/posts\/905\/revisions\/906"}],"wp:featuredmedia":[{"embeddable":true,"href":"https:\/\/comunicacity.net\/cancello-ed-arnone\/wp-json\/wp\/v2\/media\/376"}],"wp:attachment":[{"href":"https:\/\/comunicacity.net\/cancello-ed-arnone\/wp-json\/wp\/v2\/media?parent=905"}],"wp:term":[{"taxonomy":"category","embeddable":true,"href":"https:\/\/comunicacity.net\/cancello-ed-arnone\/wp-json\/wp\/v2\/categories?post=905"},{"taxonomy":"post_tag","embeddable":true,"href":"https:\/\/comunicacity.net\/cancello-ed-arnone\/wp-json\/wp\/v2\/tags?post=905"}],"curies":[{"name":"wp","href":"https:\/\/api.w.org\/{rel}","templated":true}]}}