{"id":912,"date":"2019-02-16T20:20:47","date_gmt":"2019-02-16T19:20:47","guid":{"rendered":"https:\/\/comunicacity.net\/cancello-ed-arnone\/?p=912"},"modified":"2023-02-02T15:41:43","modified_gmt":"2023-02-02T14:41:43","slug":"questa-mattina-il-convegno-su-piano-casa-e-decreto-sviluppo","status":"publish","type":"post","link":"https:\/\/comunicacity.net\/cancello-ed-arnone\/2019\/02\/16\/questa-mattina-il-convegno-su-piano-casa-e-decreto-sviluppo\/","title":{"rendered":"Questa mattina il convegno su \u201cPiano Casa\u201d e \u201cDecreto sviluppo\u201d."},"content":{"rendered":"<p>Si \u00e8 svolto questa mattina, presso la Sala Consiliare del Comune, l\u2019incontro tematico sugli sviluppi degli indirizzi adottati con deliberazione del 14 dicembre scorso sull\u2019applicazione del \u201cPiano Casa\u201d e del \u201cDecreto Sviluppo\u201d.<br \/>\n\u201c\u00c8 un\u2019iniziativa importante alla quale teniamo molto &#8211; spiega il vicesindaco Caputo &#8211; perch\u00e9 significa sviluppo, non solo abitativo ma anche produttivo, per il nostro territorio e riqualificazione urbana\u201d.<br \/>\nOltre al vicesindaco Caputo, al tavolo dei relatori presenti anche il Geom. Damiano Prezioso, l\u2019Arch. Antonio Mauriello, tecnico incaricato dall\u2019Istituto Autonomo Case Popolari (IACP) e l\u2019Arch. Antonio Parente, tecnico di supporto al RUP incaricato dal Comune.<br \/>\n\u201cGi\u00e0 in campagna elettorale &#8211; continua il vicesindaco &#8211; abbiamo manifestato la nostra volont\u00e0 di riqualificare il patrimonio comunale e creare delle opportunit\u00e0 per le esigenze abitative e non solo.<br \/>\nGrazie alle ultime leggi di bilancio, che individuavano l\u2019IACP come beneficiario del credito d\u2019imposta, il nostro progetto \u00e8 diventato economicamente fattibile. Grazie, inoltre, anche al cd. Piano Casa, ossia la legge che, nel momento in cui si va a riqualificare un patrimonio urbanistico esistente, consente la realizzazione di una volumetria in eccesso, e al Decreto Sviluppo, che consente la delocalizzazione di questa volumetria, \u00e8 nata questa progettualit\u00e0 che permette di realizzare, partendo dal patrimonio esistente dell\u2019Istituto Autonomo Case Popolari, un patrimonio rinnovato ed ulteriore e la possibilit\u00e0 di delocalizzarlo.<br \/>\nQuesto comporta risultati positivi per la componente pubblica, che ha l\u2019interesse di riqualificare il territorio, e per quella privata, sia per l\u2019imprenditore che parte dalla realizzazione di un edificio e pu\u00f2 arrivare a realizzarne un altro su un\u2019area diversa, sia per il cittadino, proprietario, ad esempio, di un terreno, che pu\u00f2 vedere allocata quella volumetria in eccesso proprio sul suo terreno.<br \/>\nCancello ed Arnone \u00e8 il primo comune a portare avanti questo progetto, grazie anche all\u2019ampia disponibilit\u00e0 da parte dell\u2019ACER e dell\u2019IACP che hanno intravisto, in esso, una grande potenzialit\u00e0 .<br \/>\nPossiamo definire questo progetto un progetto pilota in quanto per il momento \u00e8 limitato solo a due fabbricati situati su Via Consolare, che sono quelli che necessitano di un intervento immediato e sono quelli dai quali parte la nostra esigenza di cercare una soluzione per il patrimonio di edilizia sociale residenziale.<br \/>\nIndipendentemente dal patrimonio dell\u2019IACP, per\u00f2, questa impostazione progettuale, a partire dalle norme i cui indirizzi l\u2019Ente ha promosso in Consiglio Comunale e alle agevolazioni fiscali che vengono date dal legislatore, si pu\u00f2 estendere a tutto il patrimonio esistente sul territorio comunale.<br \/>\nLa concreta attuazione di questa idea progettuale dipende molto da quelle che sono poi le iniziative dei privati; la disponibilit\u00e0 dell\u2019 Ente \u00e8 massima per quanto riguarda la fase di sua competenza\u201d.<\/p>\n","protected":false},"excerpt":{"rendered":"<p>Si \u00e8 svolto questa mattina, presso la Sala Consiliare del Comune, l\u2019incontro tematico sugli sviluppi degli indirizzi adottati con deliberazione del 14 dicembre scorso sull\u2019applicazione del \u201cPiano Casa\u201d e del [&hellip;]<\/p>\n","protected":false},"author":398,"featured_media":913,"comment_status":"closed","ping_status":"closed","sticky":false,"template":"","format":"standard","meta":{"footnotes":""},"categories":[11],"tags":[],"class_list":["post-912","post","type-post","status-publish","format-standard","has-post-thumbnail","hentry","category-notizie-e-informazioni"],"yoast_head":"<!-- This site is optimized with the Yoast SEO plugin v27.4 - https:\/\/yoast.com\/product\/yoast-seo-wordpress\/ -->\n<title>Questa mattina il convegno su \u201cPiano Casa\u201d e \u201cDecreto sviluppo\u201d. - Cancello ed Arnone<\/title>\n<meta name=\"robots\" content=\"index, follow, max-snippet:-1, max-image-preview:large, max-video-preview:-1\" \/>\n<link rel=\"canonical\" href=\"https:\/\/comunicacity.net\/cancello-ed-arnone\/2019\/02\/16\/questa-mattina-il-convegno-su-piano-casa-e-decreto-sviluppo\/\" \/>\n<meta property=\"og:locale\" content=\"it_IT\" \/>\n<meta property=\"og:type\" content=\"article\" \/>\n<meta property=\"og:title\" content=\"Questa mattina il convegno su \u201cPiano Casa\u201d e \u201cDecreto sviluppo\u201d. - Cancello ed Arnone\" \/>\n<meta property=\"og:description\" content=\"Si \u00e8 svolto questa mattina, presso la Sala Consiliare del Comune, l\u2019incontro tematico sugli sviluppi degli indirizzi adottati con deliberazione del 14 dicembre scorso sull\u2019applicazione del \u201cPiano Casa\u201d e del [&hellip;]\" \/>\n<meta property=\"og:url\" content=\"https:\/\/comunicacity.net\/cancello-ed-arnone\/2019\/02\/16\/questa-mattina-il-convegno-su-piano-casa-e-decreto-sviluppo\/\" \/>\n<meta property=\"og:site_name\" content=\"Cancello ed Arnone\" \/>\n<meta property=\"article:publisher\" content=\"http:\/\/facebook.com\/ComunicaCity\" \/>\n<meta property=\"article:published_time\" content=\"2019-02-16T19:20:47+00:00\" \/>\n<meta property=\"article:modified_time\" content=\"2023-02-02T14:41:43+00:00\" \/>\n<meta property=\"og:image\" content=\"https:\/\/comunicacity.net\/cancello-ed-arnone\/wp-content\/uploads\/sites\/28\/2019\/02\/AC0F18B0-0B5A-4FCE-9726-B3842400C175.jpeg\" \/>\n\t<meta property=\"og:image:width\" content=\"1242\" \/>\n\t<meta property=\"og:image:height\" content=\"1706\" \/>\n\t<meta property=\"og:image:type\" content=\"image\/jpeg\" \/>\n<meta name=\"author\" content=\"Admin_E\" \/>\n<meta name=\"twitter:card\" content=\"summary_large_image\" \/>\n<meta name=\"twitter:creator\" content=\"@comunicacity\" \/>\n<meta name=\"twitter:site\" content=\"@comunicacity\" \/>\n<meta name=\"twitter:label1\" content=\"Scritto da\" \/>\n\t<meta name=\"twitter:data1\" content=\"Admin_E\" \/>\n\t<meta name=\"twitter:label2\" content=\"Tempo di lettura stimato\" \/>\n\t<meta name=\"twitter:data2\" content=\"2 minuti\" \/>\n<script type=\"application\/ld+json\" class=\"yoast-schema-graph\">{\"@context\":\"https:\\\/\\\/schema.org\",\"@graph\":[{\"@type\":\"Article\",\"@id\":\"https:\\\/\\\/comunicacity.net\\\/cancello-ed-arnone\\\/2019\\\/02\\\/16\\\/questa-mattina-il-convegno-su-piano-casa-e-decreto-sviluppo\\\/#article\",\"isPartOf\":{\"@id\":\"https:\\\/\\\/comunicacity.net\\\/cancello-ed-arnone\\\/2019\\\/02\\\/16\\\/questa-mattina-il-convegno-su-piano-casa-e-decreto-sviluppo\\\/\"},\"author\":{\"name\":\"Admin_E\",\"@id\":\"https:\\\/\\\/comunicacity.net\\\/cancello-ed-arnone\\\/#\\\/schema\\\/person\\\/eaea9f1aebcbd61eb9878e6232bd2a03\"},\"headline\":\"Questa mattina il convegno su \u201cPiano Casa\u201d e \u201cDecreto sviluppo\u201d.\",\"datePublished\":\"2019-02-16T19:20:47+00:00\",\"dateModified\":\"2023-02-02T14:41:43+00:00\",\"mainEntityOfPage\":{\"@id\":\"https:\\\/\\\/comunicacity.net\\\/cancello-ed-arnone\\\/2019\\\/02\\\/16\\\/questa-mattina-il-convegno-su-piano-casa-e-decreto-sviluppo\\\/\"},\"wordCount\":449,\"image\":{\"@id\":\"https:\\\/\\\/comunicacity.net\\\/cancello-ed-arnone\\\/2019\\\/02\\\/16\\\/questa-mattina-il-convegno-su-piano-casa-e-decreto-sviluppo\\\/#primaryimage\"},\"thumbnailUrl\":\"https:\\\/\\\/comunicacity.net\\\/cancello-ed-arnone\\\/wp-content\\\/uploads\\\/sites\\\/28\\\/2019\\\/02\\\/AC0F18B0-0B5A-4FCE-9726-B3842400C175.jpeg\",\"articleSection\":[\"Notizie e Informazioni\"],\"inLanguage\":\"it-IT\"},{\"@type\":\"WebPage\",\"@id\":\"https:\\\/\\\/comunicacity.net\\\/cancello-ed-arnone\\\/2019\\\/02\\\/16\\\/questa-mattina-il-convegno-su-piano-casa-e-decreto-sviluppo\\\/\",\"url\":\"https:\\\/\\\/comunicacity.net\\\/cancello-ed-arnone\\\/2019\\\/02\\\/16\\\/questa-mattina-il-convegno-su-piano-casa-e-decreto-sviluppo\\\/\",\"name\":\"Questa mattina il convegno su \u201cPiano Casa\u201d e \u201cDecreto sviluppo\u201d. - Cancello ed Arnone\",\"isPartOf\":{\"@id\":\"https:\\\/\\\/comunicacity.net\\\/cancello-ed-arnone\\\/#website\"},\"primaryImageOfPage\":{\"@id\":\"https:\\\/\\\/comunicacity.net\\\/cancello-ed-arnone\\\/2019\\\/02\\\/16\\\/questa-mattina-il-convegno-su-piano-casa-e-decreto-sviluppo\\\/#primaryimage\"},\"image\":{\"@id\":\"https:\\\/\\\/comunicacity.net\\\/cancello-ed-arnone\\\/2019\\\/02\\\/16\\\/questa-mattina-il-convegno-su-piano-casa-e-decreto-sviluppo\\\/#primaryimage\"},\"thumbnailUrl\":\"https:\\\/\\\/comunicacity.net\\\/cancello-ed-arnone\\\/wp-content\\\/uploads\\\/sites\\\/28\\\/2019\\\/02\\\/AC0F18B0-0B5A-4FCE-9726-B3842400C175.jpeg\",\"datePublished\":\"2019-02-16T19:20:47+00:00\",\"dateModified\":\"2023-02-02T14:41:43+00:00\",\"author\":{\"@id\":\"https:\\\/\\\/comunicacity.net\\\/cancello-ed-arnone\\\/#\\\/schema\\\/person\\\/eaea9f1aebcbd61eb9878e6232bd2a03\"},\"breadcrumb\":{\"@id\":\"https:\\\/\\\/comunicacity.net\\\/cancello-ed-arnone\\\/2019\\\/02\\\/16\\\/questa-mattina-il-convegno-su-piano-casa-e-decreto-sviluppo\\\/#breadcrumb\"},\"inLanguage\":\"it-IT\",\"potentialAction\":[{\"@type\":\"ReadAction\",\"target\":[\"https:\\\/\\\/comunicacity.net\\\/cancello-ed-arnone\\\/2019\\\/02\\\/16\\\/questa-mattina-il-convegno-su-piano-casa-e-decreto-sviluppo\\\/\"]}]},{\"@type\":\"ImageObject\",\"inLanguage\":\"it-IT\",\"@id\":\"https:\\\/\\\/comunicacity.net\\\/cancello-ed-arnone\\\/2019\\\/02\\\/16\\\/questa-mattina-il-convegno-su-piano-casa-e-decreto-sviluppo\\\/#primaryimage\",\"url\":\"https:\\\/\\\/comunicacity.net\\\/cancello-ed-arnone\\\/wp-content\\\/uploads\\\/sites\\\/28\\\/2019\\\/02\\\/AC0F18B0-0B5A-4FCE-9726-B3842400C175.jpeg\",\"contentUrl\":\"https:\\\/\\\/comunicacity.net\\\/cancello-ed-arnone\\\/wp-content\\\/uploads\\\/sites\\\/28\\\/2019\\\/02\\\/AC0F18B0-0B5A-4FCE-9726-B3842400C175.jpeg\",\"width\":1242,\"height\":1706},{\"@type\":\"BreadcrumbList\",\"@id\":\"https:\\\/\\\/comunicacity.net\\\/cancello-ed-arnone\\\/2019\\\/02\\\/16\\\/questa-mattina-il-convegno-su-piano-casa-e-decreto-sviluppo\\\/#breadcrumb\",\"itemListElement\":[{\"@type\":\"ListItem\",\"position\":1,\"name\":\"Home\",\"item\":\"https:\\\/\\\/comunicacity.net\\\/cancello-ed-arnone\\\/\"},{\"@type\":\"ListItem\",\"position\":2,\"name\":\"Questa mattina il convegno su \u201cPiano Casa\u201d e \u201cDecreto sviluppo\u201d.\"}]},{\"@type\":\"WebSite\",\"@id\":\"https:\\\/\\\/comunicacity.net\\\/cancello-ed-arnone\\\/#website\",\"url\":\"https:\\\/\\\/comunicacity.net\\\/cancello-ed-arnone\\\/\",\"name\":\"Cancello ed Arnone\",\"description\":\"ComunicaCity\",\"potentialAction\":[{\"@type\":\"SearchAction\",\"target\":{\"@type\":\"EntryPoint\",\"urlTemplate\":\"https:\\\/\\\/comunicacity.net\\\/cancello-ed-arnone\\\/?s={search_term_string}\"},\"query-input\":{\"@type\":\"PropertyValueSpecification\",\"valueRequired\":true,\"valueName\":\"search_term_string\"}}],\"inLanguage\":\"it-IT\"},{\"@type\":\"Person\",\"@id\":\"https:\\\/\\\/comunicacity.net\\\/cancello-ed-arnone\\\/#\\\/schema\\\/person\\\/eaea9f1aebcbd61eb9878e6232bd2a03\",\"name\":\"Admin_E\",\"image\":{\"@type\":\"ImageObject\",\"inLanguage\":\"it-IT\",\"@id\":\"https:\\\/\\\/secure.gravatar.com\\\/avatar\\\/1eb418f243a360a5c118e205c4f1d666c009a9fac37301044747eacb4938b467?s=96&d=mm&r=g\",\"url\":\"https:\\\/\\\/secure.gravatar.com\\\/avatar\\\/1eb418f243a360a5c118e205c4f1d666c009a9fac37301044747eacb4938b467?s=96&d=mm&r=g\",\"contentUrl\":\"https:\\\/\\\/secure.gravatar.com\\\/avatar\\\/1eb418f243a360a5c118e205c4f1d666c009a9fac37301044747eacb4938b467?s=96&d=mm&r=g\",\"caption\":\"Admin_E\"},\"url\":\"https:\\\/\\\/comunicacity.net\\\/cancello-ed-arnone\\\/author\\\/oollppcancelloarnone\\\/\"}]}<\/script>\n<!-- \/ Yoast SEO plugin. -->","yoast_head_json":{"title":"Questa mattina il convegno su \u201cPiano Casa\u201d e \u201cDecreto sviluppo\u201d. - Cancello ed Arnone","robots":{"index":"index","follow":"follow","max-snippet":"max-snippet:-1","max-image-preview":"max-image-preview:large","max-video-preview":"max-video-preview:-1"},"canonical":"https:\/\/comunicacity.net\/cancello-ed-arnone\/2019\/02\/16\/questa-mattina-il-convegno-su-piano-casa-e-decreto-sviluppo\/","og_locale":"it_IT","og_type":"article","og_title":"Questa mattina il convegno su \u201cPiano Casa\u201d e \u201cDecreto sviluppo\u201d. - Cancello ed Arnone","og_description":"Si \u00e8 svolto questa mattina, presso la Sala Consiliare del Comune, l\u2019incontro tematico sugli sviluppi degli indirizzi adottati con deliberazione del 14 dicembre scorso sull\u2019applicazione del \u201cPiano Casa\u201d e del [&hellip;]","og_url":"https:\/\/comunicacity.net\/cancello-ed-arnone\/2019\/02\/16\/questa-mattina-il-convegno-su-piano-casa-e-decreto-sviluppo\/","og_site_name":"Cancello ed Arnone","article_publisher":"http:\/\/facebook.com\/ComunicaCity","article_published_time":"2019-02-16T19:20:47+00:00","article_modified_time":"2023-02-02T14:41:43+00:00","og_image":[{"width":1242,"height":1706,"url":"https:\/\/comunicacity.net\/cancello-ed-arnone\/wp-content\/uploads\/sites\/28\/2019\/02\/AC0F18B0-0B5A-4FCE-9726-B3842400C175.jpeg","type":"image\/jpeg"}],"author":"Admin_E","twitter_card":"summary_large_image","twitter_creator":"@comunicacity","twitter_site":"@comunicacity","twitter_misc":{"Scritto da":"Admin_E","Tempo di lettura stimato":"2 minuti"},"schema":{"@context":"https:\/\/schema.org","@graph":[{"@type":"Article","@id":"https:\/\/comunicacity.net\/cancello-ed-arnone\/2019\/02\/16\/questa-mattina-il-convegno-su-piano-casa-e-decreto-sviluppo\/#article","isPartOf":{"@id":"https:\/\/comunicacity.net\/cancello-ed-arnone\/2019\/02\/16\/questa-mattina-il-convegno-su-piano-casa-e-decreto-sviluppo\/"},"author":{"name":"Admin_E","@id":"https:\/\/comunicacity.net\/cancello-ed-arnone\/#\/schema\/person\/eaea9f1aebcbd61eb9878e6232bd2a03"},"headline":"Questa mattina il convegno su \u201cPiano Casa\u201d e \u201cDecreto sviluppo\u201d.","datePublished":"2019-02-16T19:20:47+00:00","dateModified":"2023-02-02T14:41:43+00:00","mainEntityOfPage":{"@id":"https:\/\/comunicacity.net\/cancello-ed-arnone\/2019\/02\/16\/questa-mattina-il-convegno-su-piano-casa-e-decreto-sviluppo\/"},"wordCount":449,"image":{"@id":"https:\/\/comunicacity.net\/cancello-ed-arnone\/2019\/02\/16\/questa-mattina-il-convegno-su-piano-casa-e-decreto-sviluppo\/#primaryimage"},"thumbnailUrl":"https:\/\/comunicacity.net\/cancello-ed-arnone\/wp-content\/uploads\/sites\/28\/2019\/02\/AC0F18B0-0B5A-4FCE-9726-B3842400C175.jpeg","articleSection":["Notizie e Informazioni"],"inLanguage":"it-IT"},{"@type":"WebPage","@id":"https:\/\/comunicacity.net\/cancello-ed-arnone\/2019\/02\/16\/questa-mattina-il-convegno-su-piano-casa-e-decreto-sviluppo\/","url":"https:\/\/comunicacity.net\/cancello-ed-arnone\/2019\/02\/16\/questa-mattina-il-convegno-su-piano-casa-e-decreto-sviluppo\/","name":"Questa mattina il convegno su \u201cPiano Casa\u201d e \u201cDecreto sviluppo\u201d. - Cancello ed Arnone","isPartOf":{"@id":"https:\/\/comunicacity.net\/cancello-ed-arnone\/#website"},"primaryImageOfPage":{"@id":"https:\/\/comunicacity.net\/cancello-ed-arnone\/2019\/02\/16\/questa-mattina-il-convegno-su-piano-casa-e-decreto-sviluppo\/#primaryimage"},"image":{"@id":"https:\/\/comunicacity.net\/cancello-ed-arnone\/2019\/02\/16\/questa-mattina-il-convegno-su-piano-casa-e-decreto-sviluppo\/#primaryimage"},"thumbnailUrl":"https:\/\/comunicacity.net\/cancello-ed-arnone\/wp-content\/uploads\/sites\/28\/2019\/02\/AC0F18B0-0B5A-4FCE-9726-B3842400C175.jpeg","datePublished":"2019-02-16T19:20:47+00:00","dateModified":"2023-02-02T14:41:43+00:00","author":{"@id":"https:\/\/comunicacity.net\/cancello-ed-arnone\/#\/schema\/person\/eaea9f1aebcbd61eb9878e6232bd2a03"},"breadcrumb":{"@id":"https:\/\/comunicacity.net\/cancello-ed-arnone\/2019\/02\/16\/questa-mattina-il-convegno-su-piano-casa-e-decreto-sviluppo\/#breadcrumb"},"inLanguage":"it-IT","potentialAction":[{"@type":"ReadAction","target":["https:\/\/comunicacity.net\/cancello-ed-arnone\/2019\/02\/16\/questa-mattina-il-convegno-su-piano-casa-e-decreto-sviluppo\/"]}]},{"@type":"ImageObject","inLanguage":"it-IT","@id":"https:\/\/comunicacity.net\/cancello-ed-arnone\/2019\/02\/16\/questa-mattina-il-convegno-su-piano-casa-e-decreto-sviluppo\/#primaryimage","url":"https:\/\/comunicacity.net\/cancello-ed-arnone\/wp-content\/uploads\/sites\/28\/2019\/02\/AC0F18B0-0B5A-4FCE-9726-B3842400C175.jpeg","contentUrl":"https:\/\/comunicacity.net\/cancello-ed-arnone\/wp-content\/uploads\/sites\/28\/2019\/02\/AC0F18B0-0B5A-4FCE-9726-B3842400C175.jpeg","width":1242,"height":1706},{"@type":"BreadcrumbList","@id":"https:\/\/comunicacity.net\/cancello-ed-arnone\/2019\/02\/16\/questa-mattina-il-convegno-su-piano-casa-e-decreto-sviluppo\/#breadcrumb","itemListElement":[{"@type":"ListItem","position":1,"name":"Home","item":"https:\/\/comunicacity.net\/cancello-ed-arnone\/"},{"@type":"ListItem","position":2,"name":"Questa mattina il convegno su \u201cPiano Casa\u201d e \u201cDecreto sviluppo\u201d."}]},{"@type":"WebSite","@id":"https:\/\/comunicacity.net\/cancello-ed-arnone\/#website","url":"https:\/\/comunicacity.net\/cancello-ed-arnone\/","name":"Cancello ed Arnone","description":"ComunicaCity","potentialAction":[{"@type":"SearchAction","target":{"@type":"EntryPoint","urlTemplate":"https:\/\/comunicacity.net\/cancello-ed-arnone\/?s={search_term_string}"},"query-input":{"@type":"PropertyValueSpecification","valueRequired":true,"valueName":"search_term_string"}}],"inLanguage":"it-IT"},{"@type":"Person","@id":"https:\/\/comunicacity.net\/cancello-ed-arnone\/#\/schema\/person\/eaea9f1aebcbd61eb9878e6232bd2a03","name":"Admin_E","image":{"@type":"ImageObject","inLanguage":"it-IT","@id":"https:\/\/secure.gravatar.com\/avatar\/1eb418f243a360a5c118e205c4f1d666c009a9fac37301044747eacb4938b467?s=96&d=mm&r=g","url":"https:\/\/secure.gravatar.com\/avatar\/1eb418f243a360a5c118e205c4f1d666c009a9fac37301044747eacb4938b467?s=96&d=mm&r=g","contentUrl":"https:\/\/secure.gravatar.com\/avatar\/1eb418f243a360a5c118e205c4f1d666c009a9fac37301044747eacb4938b467?s=96&d=mm&r=g","caption":"Admin_E"},"url":"https:\/\/comunicacity.net\/cancello-ed-arnone\/author\/oollppcancelloarnone\/"}]}},"meta_box":{"cc4_urg_colore":"","cc4_urg_data_inizio":"","cc4_urg_data_fine":"","cc4_cor_positivi_oggi":"","cc4_cor_negativizzati_oggi":"","cc4_cor_deceduti_oggi":"","cc4_cor_positivi_totali":"","cc4_cor_negativizzati_totali":"","cc4_cor_deceduti_totali":"","cc4_cor_attualmente_positivi":"","cc4_eve_data_inizio":"","cc4_eve_data_fine":"","cc4_eve_indirizzo":"","cc4_eve_posizione":{"latitude":"","longitude":"","zoom":""},"cc4_eve_telefono":"","cc4_eve_email":"","cc4_eve_web":"","cc4_eve_fb":"","sitopa_id":""},"_links":{"self":[{"href":"https:\/\/comunicacity.net\/cancello-ed-arnone\/wp-json\/wp\/v2\/posts\/912","targetHints":{"allow":["GET"]}}],"collection":[{"href":"https:\/\/comunicacity.net\/cancello-ed-arnone\/wp-json\/wp\/v2\/posts"}],"about":[{"href":"https:\/\/comunicacity.net\/cancello-ed-arnone\/wp-json\/wp\/v2\/types\/post"}],"author":[{"embeddable":true,"href":"https:\/\/comunicacity.net\/cancello-ed-arnone\/wp-json\/wp\/v2\/users\/398"}],"replies":[{"embeddable":true,"href":"https:\/\/comunicacity.net\/cancello-ed-arnone\/wp-json\/wp\/v2\/comments?post=912"}],"version-history":[{"count":1,"href":"https:\/\/comunicacity.net\/cancello-ed-arnone\/wp-json\/wp\/v2\/posts\/912\/revisions"}],"predecessor-version":[{"id":914,"href":"https:\/\/comunicacity.net\/cancello-ed-arnone\/wp-json\/wp\/v2\/posts\/912\/revisions\/914"}],"wp:featuredmedia":[{"embeddable":true,"href":"https:\/\/comunicacity.net\/cancello-ed-arnone\/wp-json\/wp\/v2\/media\/913"}],"wp:attachment":[{"href":"https:\/\/comunicacity.net\/cancello-ed-arnone\/wp-json\/wp\/v2\/media?parent=912"}],"wp:term":[{"taxonomy":"category","embeddable":true,"href":"https:\/\/comunicacity.net\/cancello-ed-arnone\/wp-json\/wp\/v2\/categories?post=912"},{"taxonomy":"post_tag","embeddable":true,"href":"https:\/\/comunicacity.net\/cancello-ed-arnone\/wp-json\/wp\/v2\/tags?post=912"}],"curies":[{"name":"wp","href":"https:\/\/api.w.org\/{rel}","templated":true}]}}