{"id":924,"date":"2019-02-28T12:19:32","date_gmt":"2019-02-28T11:19:32","guid":{"rendered":"https:\/\/comunicacity.net\/cancello-ed-arnone\/?p=924"},"modified":"2023-02-02T15:41:42","modified_gmt":"2023-02-02T14:41:42","slug":"bando-di-selezione-dei-partecipanti-al-progetto-giovani-talenti-di-cancello-ed-arnone-benessere-giovani-organizziamoci-por-campania-fse-2014-2020","status":"publish","type":"post","link":"https:\/\/comunicacity.net\/cancello-ed-arnone\/2019\/02\/28\/bando-di-selezione-dei-partecipanti-al-progetto-giovani-talenti-di-cancello-ed-arnone-benessere-giovani-organizziamoci-por-campania-fse-2014-2020\/","title":{"rendered":"Bando di selezione dei partecipanti al progetto Giovani Talenti di Cancello ed Arnone \u2013 Benessere Giovani \u2013 Organizziamoci \u2013 POR Campania FSE 2014-2020."},"content":{"rendered":"<p>Con la Deliberazione di Giunta Regionale n- 114 del 22.03.2016, la Regione Campania ha incentivato la valorizzazione di Laboratori polivalenti locali dedicati all\u2019aggregazione dei giovani e volti a sostenerne la creativit\u00e0.<\/p>\n<p>In tale ambito, il Comune di Cancello ed Arnone, in partenariato con le Associazioni SMILE, Cooperativa Sociale Felix, Cooperativa Sociale Mafalda e le aziende Meridionale Costruzione Group SRL, Lavoritalia SRL, SCAI Costruzioni SRL, COGEMA SRL e Peluso Costruzioni SRL, \u00e8 soggetto beneficiario ed attuatore del progetto Giovani Talenti di Cancello ed Arnone.<\/p>\n<p>Il progetto sopra citata, mira a sensibilizzare e accompagnare, attraverso l\u2019attivazione di interventi laboratoriali, i giovani di et\u00e0 compresa fra 16 e 35 anni, alla cultura d\u2019impresa, all\u2019 acquisizione di competenze professionali e alle loro vocazioni artistiche e creative.<\/p>\n<p>Le attivit\u00e0 si svolgeranno presso il Centro Servizi Polifunzionale sito in Via Generale Branco, Cancello ed Arnone (CE).<\/p>\n<p>Nell\u2019Ambito del progetto Giovani Talenti di Cancello ed Arnone, approvato e finanziato dalla Regione Campania, il Comune ha emanato il Bando di Selezione dei partecipanti ai seguenti laboratori:<\/p>\n<ul>\n<li>\u201cEnglish for Travel\u201d \u2013 Percorsi di formazione di 16 ore. Finalit\u00e0 specifica del Laboratorio \u00e8 l\u2019apprendimento della Lingue Inglese soprattutto con riferimento all\u2019acquisizione o potenziamento del livello Base del Quadro Comune Europeo di Riferimento per l\u2019apprendimento delle Lingue Straniere (CEFR);<\/li>\n<li>\u201cEsperti di marketing e sicurezza sui luoghi di lavoro (Marketing sociale)\u201d \u2013 Percorsi di formazione di 96 ore. Il laboratorio prevede un percorso formativo, orientato all\u2019approfondimento di percorsi multidisciplinari che vanno dalla mera pratica di posizionamento del prodotto alla ricerca di promozione, valorizzazione e commercializzazione dei prodotti e sicurezza sui luoghi di lavoro.<\/li>\n<\/ul>\n<p>Possono partecipare alla selezione i giovani, senza distinzione di sesso, che siano regolarmente residenti nella Regione Campania; che siano giovani NEET (Not Education, Employmenti or Training) non occupati o inoccupati, \u00a0non inseriti in un percorso di istruzione o formazione, non iscritti ad un regolare corso di studi o di formazione e che non abbiano riportato condanne penali o non abbiano procedimenti penali in corso.<\/p>\n<p>Avranno titolo di preferenza all\u2019ammissione al progetto i candidati:<\/p>\n<ol>\n<li>residenti nel Comune di Cancello ed Arnone;<\/li>\n<li>residenti negli altri Comuni della Provincia di Caserta;<\/li>\n<li>residenti nella Regione Campania.<\/li>\n<\/ol>\n<p>A parit\u00e0 di condizione, verranno selezionati i candidati pi\u00f9 giovani.<\/p>\n<p>La partecipazione al laboratorio \u00e8 offerta in forma gratuita e non comporta l\u2019instaurarsi di alcun rapporto di lavoro n\u00e9 con il Comune di Cancello ed Arnone n\u00e9 con gli altri partners del Comune che collaborano alla realizzazione del progetto.<\/p>\n<p>L\u2019istanza di partecipazione dovr\u00e0 pervenire entro le ore 12:00 del giorno 25 marzo 2019, presso l\u2019Ufficio protocollo del Comune tramite:<\/p>\n<ul>\n<li>Consegna a mano direttamente al protocollo dell\u2019Ente durante gli orari di apertura al pubblico;<\/li>\n<li>Spedita a mezzo servizio postale con raccomandata A.R. o corriere abilitato;<\/li>\n<li>Trasmessa via pec all\u2019indirizzo <a href=\"mailto:protocollo.cancelloarnone@asmepec.it\">cancelloarnone@asmepec.it<\/a><\/li>\n<\/ul>\n<p>Le istanze pervenute oltre il termine stabilito, saranno considerate inammissibili.<\/p>\n<p>L\u2019istanza deve essere redatta utilizzando il modello \u201cALLEGATO A\u201d scaricabile dal sito del Comune all\u2019indirizzo <a href=\"http:\/\/www.cancelloedarnone.gov.it\/\">www.cancelloedarnone.gov.it<\/a>, firmata per esteso dal richiedente (con firma da apporre necessariamente in forma autografa) accompagnata da fotocopia di valido documento di identit\u00e0, e deve contenere la dichiarazione, sotto la propria responsabilit\u00e0 e consapevoli delle sanzioni penali previste dall\u2019art. 76 del D.P.R. n. 445\/2000, attestante il possesso dei requisiti previsti per l\u2019ammissione alla selezione utilizzando il modello \u201cALLEGATO B\u201d, sempre scaricabile dal sito del Comune.<\/p>\n<p>La selezione dei candidati verr\u00e0 effettuata dal Comune che verificher\u00e0 l\u2019idoneit\u00e0 e la compatibilit\u00e0 degli istanti allo svolgimento delle attivit\u00e0 previste dal progetto. Delle eventuali cause di esclusione sar\u00e0 data comunicazione all\u2019interessato.<\/p>\n<p>Al termine delle attivit\u00e0 progettuali verr\u00e0 rilasciato un attestato di partecipazione.<\/p>\n<p>Per informazioni relative al bando \u00e8 possibile contattare il Responsabile del procedimento Magg. Giuseppe Tessitore al numero 0823.856176.<\/p>\n<p>In alternativa, il Centro Servizi Polifunzionale sito in via Generale Branco, \u00e8 aperto tutti i Mercoled\u00ec dalle ore 16:00 alle ore 20:00.<\/p>\n","protected":false},"excerpt":{"rendered":"<p>Con la Deliberazione di Giunta Regionale n- 114 del 22.03.2016, la Regione Campania ha incentivato la valorizzazione di Laboratori polivalenti locali dedicati all\u2019aggregazione dei giovani e volti a sostenerne la [&hellip;]<\/p>\n","protected":false},"author":398,"featured_media":926,"comment_status":"closed","ping_status":"closed","sticky":false,"template":"","format":"standard","meta":{"footnotes":""},"categories":[11],"tags":[],"class_list":["post-924","post","type-post","status-publish","format-standard","has-post-thumbnail","hentry","category-notizie-e-informazioni"],"yoast_head":"<!-- This site is optimized with the Yoast SEO plugin v27.4 - https:\/\/yoast.com\/product\/yoast-seo-wordpress\/ -->\n<title>Bando di selezione dei partecipanti al progetto Giovani Talenti di Cancello ed Arnone \u2013 Benessere Giovani \u2013 Organizziamoci \u2013 POR Campania FSE 2014-2020. - Cancello ed Arnone<\/title>\n<meta name=\"robots\" content=\"index, follow, max-snippet:-1, max-image-preview:large, max-video-preview:-1\" \/>\n<link rel=\"canonical\" href=\"https:\/\/comunicacity.net\/cancello-ed-arnone\/2019\/02\/28\/bando-di-selezione-dei-partecipanti-al-progetto-giovani-talenti-di-cancello-ed-arnone-benessere-giovani-organizziamoci-por-campania-fse-2014-2020\/\" \/>\n<meta property=\"og:locale\" content=\"it_IT\" \/>\n<meta property=\"og:type\" content=\"article\" \/>\n<meta property=\"og:title\" content=\"Bando di selezione dei partecipanti al progetto Giovani Talenti di Cancello ed Arnone \u2013 Benessere Giovani \u2013 Organizziamoci \u2013 POR Campania FSE 2014-2020. - Cancello ed Arnone\" \/>\n<meta property=\"og:description\" content=\"Con la Deliberazione di Giunta Regionale n- 114 del 22.03.2016, la Regione Campania ha incentivato la valorizzazione di Laboratori polivalenti locali dedicati all\u2019aggregazione dei giovani e volti a sostenerne la [&hellip;]\" \/>\n<meta property=\"og:url\" content=\"https:\/\/comunicacity.net\/cancello-ed-arnone\/2019\/02\/28\/bando-di-selezione-dei-partecipanti-al-progetto-giovani-talenti-di-cancello-ed-arnone-benessere-giovani-organizziamoci-por-campania-fse-2014-2020\/\" \/>\n<meta property=\"og:site_name\" content=\"Cancello ed Arnone\" \/>\n<meta property=\"article:publisher\" content=\"http:\/\/facebook.com\/ComunicaCity\" \/>\n<meta property=\"article:published_time\" content=\"2019-02-28T11:19:32+00:00\" \/>\n<meta property=\"article:modified_time\" content=\"2023-02-02T14:41:42+00:00\" \/>\n<meta property=\"og:image\" content=\"https:\/\/comunicacity.net\/cancello-ed-arnone\/wp-content\/uploads\/sites\/28\/2019\/02\/0604D874-426B-4061-83C1-AE224416D0AF.jpeg\" \/>\n\t<meta property=\"og:image:width\" content=\"1203\" \/>\n\t<meta property=\"og:image:height\" content=\"579\" \/>\n\t<meta property=\"og:image:type\" content=\"image\/jpeg\" \/>\n<meta name=\"author\" content=\"Admin_E\" \/>\n<meta name=\"twitter:card\" content=\"summary_large_image\" \/>\n<meta name=\"twitter:creator\" content=\"@comunicacity\" \/>\n<meta name=\"twitter:site\" content=\"@comunicacity\" \/>\n<meta name=\"twitter:label1\" content=\"Scritto da\" \/>\n\t<meta name=\"twitter:data1\" content=\"Admin_E\" \/>\n\t<meta name=\"twitter:label2\" content=\"Tempo di lettura stimato\" \/>\n\t<meta name=\"twitter:data2\" content=\"3 minuti\" \/>\n<script type=\"application\/ld+json\" class=\"yoast-schema-graph\">{\"@context\":\"https:\\\/\\\/schema.org\",\"@graph\":[{\"@type\":\"Article\",\"@id\":\"https:\\\/\\\/comunicacity.net\\\/cancello-ed-arnone\\\/2019\\\/02\\\/28\\\/bando-di-selezione-dei-partecipanti-al-progetto-giovani-talenti-di-cancello-ed-arnone-benessere-giovani-organizziamoci-por-campania-fse-2014-2020\\\/#article\",\"isPartOf\":{\"@id\":\"https:\\\/\\\/comunicacity.net\\\/cancello-ed-arnone\\\/2019\\\/02\\\/28\\\/bando-di-selezione-dei-partecipanti-al-progetto-giovani-talenti-di-cancello-ed-arnone-benessere-giovani-organizziamoci-por-campania-fse-2014-2020\\\/\"},\"author\":{\"name\":\"Admin_E\",\"@id\":\"https:\\\/\\\/comunicacity.net\\\/cancello-ed-arnone\\\/#\\\/schema\\\/person\\\/eaea9f1aebcbd61eb9878e6232bd2a03\"},\"headline\":\"Bando di selezione dei partecipanti al progetto Giovani Talenti di Cancello ed Arnone \u2013 Benessere Giovani \u2013 Organizziamoci \u2013 POR Campania FSE 2014-2020.\",\"datePublished\":\"2019-02-28T11:19:32+00:00\",\"dateModified\":\"2023-02-02T14:41:42+00:00\",\"mainEntityOfPage\":{\"@id\":\"https:\\\/\\\/comunicacity.net\\\/cancello-ed-arnone\\\/2019\\\/02\\\/28\\\/bando-di-selezione-dei-partecipanti-al-progetto-giovani-talenti-di-cancello-ed-arnone-benessere-giovani-organizziamoci-por-campania-fse-2014-2020\\\/\"},\"wordCount\":651,\"image\":{\"@id\":\"https:\\\/\\\/comunicacity.net\\\/cancello-ed-arnone\\\/2019\\\/02\\\/28\\\/bando-di-selezione-dei-partecipanti-al-progetto-giovani-talenti-di-cancello-ed-arnone-benessere-giovani-organizziamoci-por-campania-fse-2014-2020\\\/#primaryimage\"},\"thumbnailUrl\":\"https:\\\/\\\/comunicacity.net\\\/cancello-ed-arnone\\\/wp-content\\\/uploads\\\/sites\\\/28\\\/2019\\\/02\\\/0604D874-426B-4061-83C1-AE224416D0AF.jpeg\",\"articleSection\":[\"Notizie e Informazioni\"],\"inLanguage\":\"it-IT\"},{\"@type\":\"WebPage\",\"@id\":\"https:\\\/\\\/comunicacity.net\\\/cancello-ed-arnone\\\/2019\\\/02\\\/28\\\/bando-di-selezione-dei-partecipanti-al-progetto-giovani-talenti-di-cancello-ed-arnone-benessere-giovani-organizziamoci-por-campania-fse-2014-2020\\\/\",\"url\":\"https:\\\/\\\/comunicacity.net\\\/cancello-ed-arnone\\\/2019\\\/02\\\/28\\\/bando-di-selezione-dei-partecipanti-al-progetto-giovani-talenti-di-cancello-ed-arnone-benessere-giovani-organizziamoci-por-campania-fse-2014-2020\\\/\",\"name\":\"Bando di selezione dei partecipanti al progetto Giovani Talenti di Cancello ed Arnone \u2013 Benessere Giovani \u2013 Organizziamoci \u2013 POR Campania FSE 2014-2020. - Cancello ed Arnone\",\"isPartOf\":{\"@id\":\"https:\\\/\\\/comunicacity.net\\\/cancello-ed-arnone\\\/#website\"},\"primaryImageOfPage\":{\"@id\":\"https:\\\/\\\/comunicacity.net\\\/cancello-ed-arnone\\\/2019\\\/02\\\/28\\\/bando-di-selezione-dei-partecipanti-al-progetto-giovani-talenti-di-cancello-ed-arnone-benessere-giovani-organizziamoci-por-campania-fse-2014-2020\\\/#primaryimage\"},\"image\":{\"@id\":\"https:\\\/\\\/comunicacity.net\\\/cancello-ed-arnone\\\/2019\\\/02\\\/28\\\/bando-di-selezione-dei-partecipanti-al-progetto-giovani-talenti-di-cancello-ed-arnone-benessere-giovani-organizziamoci-por-campania-fse-2014-2020\\\/#primaryimage\"},\"thumbnailUrl\":\"https:\\\/\\\/comunicacity.net\\\/cancello-ed-arnone\\\/wp-content\\\/uploads\\\/sites\\\/28\\\/2019\\\/02\\\/0604D874-426B-4061-83C1-AE224416D0AF.jpeg\",\"datePublished\":\"2019-02-28T11:19:32+00:00\",\"dateModified\":\"2023-02-02T14:41:42+00:00\",\"author\":{\"@id\":\"https:\\\/\\\/comunicacity.net\\\/cancello-ed-arnone\\\/#\\\/schema\\\/person\\\/eaea9f1aebcbd61eb9878e6232bd2a03\"},\"breadcrumb\":{\"@id\":\"https:\\\/\\\/comunicacity.net\\\/cancello-ed-arnone\\\/2019\\\/02\\\/28\\\/bando-di-selezione-dei-partecipanti-al-progetto-giovani-talenti-di-cancello-ed-arnone-benessere-giovani-organizziamoci-por-campania-fse-2014-2020\\\/#breadcrumb\"},\"inLanguage\":\"it-IT\",\"potentialAction\":[{\"@type\":\"ReadAction\",\"target\":[\"https:\\\/\\\/comunicacity.net\\\/cancello-ed-arnone\\\/2019\\\/02\\\/28\\\/bando-di-selezione-dei-partecipanti-al-progetto-giovani-talenti-di-cancello-ed-arnone-benessere-giovani-organizziamoci-por-campania-fse-2014-2020\\\/\"]}]},{\"@type\":\"ImageObject\",\"inLanguage\":\"it-IT\",\"@id\":\"https:\\\/\\\/comunicacity.net\\\/cancello-ed-arnone\\\/2019\\\/02\\\/28\\\/bando-di-selezione-dei-partecipanti-al-progetto-giovani-talenti-di-cancello-ed-arnone-benessere-giovani-organizziamoci-por-campania-fse-2014-2020\\\/#primaryimage\",\"url\":\"https:\\\/\\\/comunicacity.net\\\/cancello-ed-arnone\\\/wp-content\\\/uploads\\\/sites\\\/28\\\/2019\\\/02\\\/0604D874-426B-4061-83C1-AE224416D0AF.jpeg\",\"contentUrl\":\"https:\\\/\\\/comunicacity.net\\\/cancello-ed-arnone\\\/wp-content\\\/uploads\\\/sites\\\/28\\\/2019\\\/02\\\/0604D874-426B-4061-83C1-AE224416D0AF.jpeg\",\"width\":1203,\"height\":579},{\"@type\":\"BreadcrumbList\",\"@id\":\"https:\\\/\\\/comunicacity.net\\\/cancello-ed-arnone\\\/2019\\\/02\\\/28\\\/bando-di-selezione-dei-partecipanti-al-progetto-giovani-talenti-di-cancello-ed-arnone-benessere-giovani-organizziamoci-por-campania-fse-2014-2020\\\/#breadcrumb\",\"itemListElement\":[{\"@type\":\"ListItem\",\"position\":1,\"name\":\"Home\",\"item\":\"https:\\\/\\\/comunicacity.net\\\/cancello-ed-arnone\\\/\"},{\"@type\":\"ListItem\",\"position\":2,\"name\":\"Bando di selezione dei partecipanti al progetto Giovani Talenti di Cancello ed Arnone \u2013 Benessere Giovani \u2013 Organizziamoci \u2013 POR Campania FSE 2014-2020.\"}]},{\"@type\":\"WebSite\",\"@id\":\"https:\\\/\\\/comunicacity.net\\\/cancello-ed-arnone\\\/#website\",\"url\":\"https:\\\/\\\/comunicacity.net\\\/cancello-ed-arnone\\\/\",\"name\":\"Cancello ed Arnone\",\"description\":\"ComunicaCity\",\"potentialAction\":[{\"@type\":\"SearchAction\",\"target\":{\"@type\":\"EntryPoint\",\"urlTemplate\":\"https:\\\/\\\/comunicacity.net\\\/cancello-ed-arnone\\\/?s={search_term_string}\"},\"query-input\":{\"@type\":\"PropertyValueSpecification\",\"valueRequired\":true,\"valueName\":\"search_term_string\"}}],\"inLanguage\":\"it-IT\"},{\"@type\":\"Person\",\"@id\":\"https:\\\/\\\/comunicacity.net\\\/cancello-ed-arnone\\\/#\\\/schema\\\/person\\\/eaea9f1aebcbd61eb9878e6232bd2a03\",\"name\":\"Admin_E\",\"image\":{\"@type\":\"ImageObject\",\"inLanguage\":\"it-IT\",\"@id\":\"https:\\\/\\\/secure.gravatar.com\\\/avatar\\\/1eb418f243a360a5c118e205c4f1d666c009a9fac37301044747eacb4938b467?s=96&d=mm&r=g\",\"url\":\"https:\\\/\\\/secure.gravatar.com\\\/avatar\\\/1eb418f243a360a5c118e205c4f1d666c009a9fac37301044747eacb4938b467?s=96&d=mm&r=g\",\"contentUrl\":\"https:\\\/\\\/secure.gravatar.com\\\/avatar\\\/1eb418f243a360a5c118e205c4f1d666c009a9fac37301044747eacb4938b467?s=96&d=mm&r=g\",\"caption\":\"Admin_E\"},\"url\":\"https:\\\/\\\/comunicacity.net\\\/cancello-ed-arnone\\\/author\\\/oollppcancelloarnone\\\/\"}]}<\/script>\n<!-- \/ Yoast SEO plugin. -->","yoast_head_json":{"title":"Bando di selezione dei partecipanti al progetto Giovani Talenti di Cancello ed Arnone \u2013 Benessere Giovani \u2013 Organizziamoci \u2013 POR Campania FSE 2014-2020. - Cancello ed Arnone","robots":{"index":"index","follow":"follow","max-snippet":"max-snippet:-1","max-image-preview":"max-image-preview:large","max-video-preview":"max-video-preview:-1"},"canonical":"https:\/\/comunicacity.net\/cancello-ed-arnone\/2019\/02\/28\/bando-di-selezione-dei-partecipanti-al-progetto-giovani-talenti-di-cancello-ed-arnone-benessere-giovani-organizziamoci-por-campania-fse-2014-2020\/","og_locale":"it_IT","og_type":"article","og_title":"Bando di selezione dei partecipanti al progetto Giovani Talenti di Cancello ed Arnone \u2013 Benessere Giovani \u2013 Organizziamoci \u2013 POR Campania FSE 2014-2020. - Cancello ed Arnone","og_description":"Con la Deliberazione di Giunta Regionale n- 114 del 22.03.2016, la Regione Campania ha incentivato la valorizzazione di Laboratori polivalenti locali dedicati all\u2019aggregazione dei giovani e volti a sostenerne la [&hellip;]","og_url":"https:\/\/comunicacity.net\/cancello-ed-arnone\/2019\/02\/28\/bando-di-selezione-dei-partecipanti-al-progetto-giovani-talenti-di-cancello-ed-arnone-benessere-giovani-organizziamoci-por-campania-fse-2014-2020\/","og_site_name":"Cancello ed Arnone","article_publisher":"http:\/\/facebook.com\/ComunicaCity","article_published_time":"2019-02-28T11:19:32+00:00","article_modified_time":"2023-02-02T14:41:42+00:00","og_image":[{"width":1203,"height":579,"url":"https:\/\/comunicacity.net\/cancello-ed-arnone\/wp-content\/uploads\/sites\/28\/2019\/02\/0604D874-426B-4061-83C1-AE224416D0AF.jpeg","type":"image\/jpeg"}],"author":"Admin_E","twitter_card":"summary_large_image","twitter_creator":"@comunicacity","twitter_site":"@comunicacity","twitter_misc":{"Scritto da":"Admin_E","Tempo di lettura stimato":"3 minuti"},"schema":{"@context":"https:\/\/schema.org","@graph":[{"@type":"Article","@id":"https:\/\/comunicacity.net\/cancello-ed-arnone\/2019\/02\/28\/bando-di-selezione-dei-partecipanti-al-progetto-giovani-talenti-di-cancello-ed-arnone-benessere-giovani-organizziamoci-por-campania-fse-2014-2020\/#article","isPartOf":{"@id":"https:\/\/comunicacity.net\/cancello-ed-arnone\/2019\/02\/28\/bando-di-selezione-dei-partecipanti-al-progetto-giovani-talenti-di-cancello-ed-arnone-benessere-giovani-organizziamoci-por-campania-fse-2014-2020\/"},"author":{"name":"Admin_E","@id":"https:\/\/comunicacity.net\/cancello-ed-arnone\/#\/schema\/person\/eaea9f1aebcbd61eb9878e6232bd2a03"},"headline":"Bando di selezione dei partecipanti al progetto Giovani Talenti di Cancello ed Arnone \u2013 Benessere Giovani \u2013 Organizziamoci \u2013 POR Campania FSE 2014-2020.","datePublished":"2019-02-28T11:19:32+00:00","dateModified":"2023-02-02T14:41:42+00:00","mainEntityOfPage":{"@id":"https:\/\/comunicacity.net\/cancello-ed-arnone\/2019\/02\/28\/bando-di-selezione-dei-partecipanti-al-progetto-giovani-talenti-di-cancello-ed-arnone-benessere-giovani-organizziamoci-por-campania-fse-2014-2020\/"},"wordCount":651,"image":{"@id":"https:\/\/comunicacity.net\/cancello-ed-arnone\/2019\/02\/28\/bando-di-selezione-dei-partecipanti-al-progetto-giovani-talenti-di-cancello-ed-arnone-benessere-giovani-organizziamoci-por-campania-fse-2014-2020\/#primaryimage"},"thumbnailUrl":"https:\/\/comunicacity.net\/cancello-ed-arnone\/wp-content\/uploads\/sites\/28\/2019\/02\/0604D874-426B-4061-83C1-AE224416D0AF.jpeg","articleSection":["Notizie e Informazioni"],"inLanguage":"it-IT"},{"@type":"WebPage","@id":"https:\/\/comunicacity.net\/cancello-ed-arnone\/2019\/02\/28\/bando-di-selezione-dei-partecipanti-al-progetto-giovani-talenti-di-cancello-ed-arnone-benessere-giovani-organizziamoci-por-campania-fse-2014-2020\/","url":"https:\/\/comunicacity.net\/cancello-ed-arnone\/2019\/02\/28\/bando-di-selezione-dei-partecipanti-al-progetto-giovani-talenti-di-cancello-ed-arnone-benessere-giovani-organizziamoci-por-campania-fse-2014-2020\/","name":"Bando di selezione dei partecipanti al progetto Giovani Talenti di Cancello ed Arnone \u2013 Benessere Giovani \u2013 Organizziamoci \u2013 POR Campania FSE 2014-2020. - Cancello ed Arnone","isPartOf":{"@id":"https:\/\/comunicacity.net\/cancello-ed-arnone\/#website"},"primaryImageOfPage":{"@id":"https:\/\/comunicacity.net\/cancello-ed-arnone\/2019\/02\/28\/bando-di-selezione-dei-partecipanti-al-progetto-giovani-talenti-di-cancello-ed-arnone-benessere-giovani-organizziamoci-por-campania-fse-2014-2020\/#primaryimage"},"image":{"@id":"https:\/\/comunicacity.net\/cancello-ed-arnone\/2019\/02\/28\/bando-di-selezione-dei-partecipanti-al-progetto-giovani-talenti-di-cancello-ed-arnone-benessere-giovani-organizziamoci-por-campania-fse-2014-2020\/#primaryimage"},"thumbnailUrl":"https:\/\/comunicacity.net\/cancello-ed-arnone\/wp-content\/uploads\/sites\/28\/2019\/02\/0604D874-426B-4061-83C1-AE224416D0AF.jpeg","datePublished":"2019-02-28T11:19:32+00:00","dateModified":"2023-02-02T14:41:42+00:00","author":{"@id":"https:\/\/comunicacity.net\/cancello-ed-arnone\/#\/schema\/person\/eaea9f1aebcbd61eb9878e6232bd2a03"},"breadcrumb":{"@id":"https:\/\/comunicacity.net\/cancello-ed-arnone\/2019\/02\/28\/bando-di-selezione-dei-partecipanti-al-progetto-giovani-talenti-di-cancello-ed-arnone-benessere-giovani-organizziamoci-por-campania-fse-2014-2020\/#breadcrumb"},"inLanguage":"it-IT","potentialAction":[{"@type":"ReadAction","target":["https:\/\/comunicacity.net\/cancello-ed-arnone\/2019\/02\/28\/bando-di-selezione-dei-partecipanti-al-progetto-giovani-talenti-di-cancello-ed-arnone-benessere-giovani-organizziamoci-por-campania-fse-2014-2020\/"]}]},{"@type":"ImageObject","inLanguage":"it-IT","@id":"https:\/\/comunicacity.net\/cancello-ed-arnone\/2019\/02\/28\/bando-di-selezione-dei-partecipanti-al-progetto-giovani-talenti-di-cancello-ed-arnone-benessere-giovani-organizziamoci-por-campania-fse-2014-2020\/#primaryimage","url":"https:\/\/comunicacity.net\/cancello-ed-arnone\/wp-content\/uploads\/sites\/28\/2019\/02\/0604D874-426B-4061-83C1-AE224416D0AF.jpeg","contentUrl":"https:\/\/comunicacity.net\/cancello-ed-arnone\/wp-content\/uploads\/sites\/28\/2019\/02\/0604D874-426B-4061-83C1-AE224416D0AF.jpeg","width":1203,"height":579},{"@type":"BreadcrumbList","@id":"https:\/\/comunicacity.net\/cancello-ed-arnone\/2019\/02\/28\/bando-di-selezione-dei-partecipanti-al-progetto-giovani-talenti-di-cancello-ed-arnone-benessere-giovani-organizziamoci-por-campania-fse-2014-2020\/#breadcrumb","itemListElement":[{"@type":"ListItem","position":1,"name":"Home","item":"https:\/\/comunicacity.net\/cancello-ed-arnone\/"},{"@type":"ListItem","position":2,"name":"Bando di selezione dei partecipanti al progetto Giovani Talenti di Cancello ed Arnone \u2013 Benessere Giovani \u2013 Organizziamoci \u2013 POR Campania FSE 2014-2020."}]},{"@type":"WebSite","@id":"https:\/\/comunicacity.net\/cancello-ed-arnone\/#website","url":"https:\/\/comunicacity.net\/cancello-ed-arnone\/","name":"Cancello ed Arnone","description":"ComunicaCity","potentialAction":[{"@type":"SearchAction","target":{"@type":"EntryPoint","urlTemplate":"https:\/\/comunicacity.net\/cancello-ed-arnone\/?s={search_term_string}"},"query-input":{"@type":"PropertyValueSpecification","valueRequired":true,"valueName":"search_term_string"}}],"inLanguage":"it-IT"},{"@type":"Person","@id":"https:\/\/comunicacity.net\/cancello-ed-arnone\/#\/schema\/person\/eaea9f1aebcbd61eb9878e6232bd2a03","name":"Admin_E","image":{"@type":"ImageObject","inLanguage":"it-IT","@id":"https:\/\/secure.gravatar.com\/avatar\/1eb418f243a360a5c118e205c4f1d666c009a9fac37301044747eacb4938b467?s=96&d=mm&r=g","url":"https:\/\/secure.gravatar.com\/avatar\/1eb418f243a360a5c118e205c4f1d666c009a9fac37301044747eacb4938b467?s=96&d=mm&r=g","contentUrl":"https:\/\/secure.gravatar.com\/avatar\/1eb418f243a360a5c118e205c4f1d666c009a9fac37301044747eacb4938b467?s=96&d=mm&r=g","caption":"Admin_E"},"url":"https:\/\/comunicacity.net\/cancello-ed-arnone\/author\/oollppcancelloarnone\/"}]}},"meta_box":{"cc4_urg_colore":"","cc4_urg_data_inizio":"","cc4_urg_data_fine":"","cc4_cor_positivi_oggi":"","cc4_cor_negativizzati_oggi":"","cc4_cor_deceduti_oggi":"","cc4_cor_positivi_totali":"","cc4_cor_negativizzati_totali":"","cc4_cor_deceduti_totali":"","cc4_cor_attualmente_positivi":"","cc4_eve_data_inizio":"","cc4_eve_data_fine":"","cc4_eve_indirizzo":"","cc4_eve_posizione":{"latitude":"","longitude":"","zoom":""},"cc4_eve_telefono":"","cc4_eve_email":"","cc4_eve_web":"","cc4_eve_fb":"","sitopa_id":""},"_links":{"self":[{"href":"https:\/\/comunicacity.net\/cancello-ed-arnone\/wp-json\/wp\/v2\/posts\/924","targetHints":{"allow":["GET"]}}],"collection":[{"href":"https:\/\/comunicacity.net\/cancello-ed-arnone\/wp-json\/wp\/v2\/posts"}],"about":[{"href":"https:\/\/comunicacity.net\/cancello-ed-arnone\/wp-json\/wp\/v2\/types\/post"}],"author":[{"embeddable":true,"href":"https:\/\/comunicacity.net\/cancello-ed-arnone\/wp-json\/wp\/v2\/users\/398"}],"replies":[{"embeddable":true,"href":"https:\/\/comunicacity.net\/cancello-ed-arnone\/wp-json\/wp\/v2\/comments?post=924"}],"version-history":[{"count":1,"href":"https:\/\/comunicacity.net\/cancello-ed-arnone\/wp-json\/wp\/v2\/posts\/924\/revisions"}],"predecessor-version":[{"id":927,"href":"https:\/\/comunicacity.net\/cancello-ed-arnone\/wp-json\/wp\/v2\/posts\/924\/revisions\/927"}],"wp:featuredmedia":[{"embeddable":true,"href":"https:\/\/comunicacity.net\/cancello-ed-arnone\/wp-json\/wp\/v2\/media\/926"}],"wp:attachment":[{"href":"https:\/\/comunicacity.net\/cancello-ed-arnone\/wp-json\/wp\/v2\/media?parent=924"}],"wp:term":[{"taxonomy":"category","embeddable":true,"href":"https:\/\/comunicacity.net\/cancello-ed-arnone\/wp-json\/wp\/v2\/categories?post=924"},{"taxonomy":"post_tag","embeddable":true,"href":"https:\/\/comunicacity.net\/cancello-ed-arnone\/wp-json\/wp\/v2\/tags?post=924"}],"curies":[{"name":"wp","href":"https:\/\/api.w.org\/{rel}","templated":true}]}}