{"id":45,"date":"2017-01-18T16:15:00","date_gmt":"2017-01-18T15:15:00","guid":{"rendered":"https:\/\/comunicacity.net\/capranica\/?p=45"},"modified":"2017-01-18T16:15:00","modified_gmt":"2017-01-18T15:15:00","slug":"apre-lasilo-nido-lalbero-dei-colori","status":"publish","type":"post","link":"https:\/\/comunicacity.net\/capranica\/2017\/01\/18\/apre-lasilo-nido-lalbero-dei-colori\/","title":{"rendered":"Apre l&#8217;Asilo Nido \u201cL\u2019albero dei colori\u201d"},"content":{"rendered":"<p>Il 23 dicembre \u00e8 stato inaugurato a Capranica l\u2019Asilo Nido Comunale \u201cL\u2019Albero dei Colori\u201d. La nuova struttura, sita in Localit\u00e0 Montarone, \u00e8 stata realizzata con finanziamento della Regione Lazio.<\/p>\n<p>\u201cIl Comune di Capranica &#8211; spiega il sindaco Angelo Cappelli &#8211; ha aderito all\u2019iniziativa regionale \u2018Nidi al via\u2019, finalizzata all\u2019avvio di nuovi servizi per l\u2019infanzia, risultando tra i beneficiari ammessi al contributo regionale. Il Comune ha, quindi, sottoscritto un protocollo d\u2019intesa con la Regione Lazio al fine di definire i reciproci obblighi\u201d.<\/p>\n<p>\u201cCon l\u2019istituzione del nuovo servizio di asilo nido &#8211; continua il Sindaco &#8211; l\u2019Amministrazione Comunale ha creato un ulteriore tassello nel sistema educativo e sociale del territorio, con il duplice obiettivo di contribuire alla crescita fisica e psichica dei bambini e di offrire supporto alle famiglie. Siamo ormai tutti consapevoli del ruolo pedagogico che i nidi svolgono a favore della crescita e del benessere dei bambini e a favore della loro migliore futura inclusione sociale; allo stesso tempo \u00e8 indubbio il ruolo di aiuto alle famiglie, le quali potranno disporre di un servizio di cura e custodia dei figli che consenta il mantenimento dell\u2019attivit\u00e0 lavorativa conciliando cos\u00ec vita familiare e lavoro\u201d.<\/p>\n<p>Il Nido Comunale, che \u00e8 gi\u00e0 funzionante, ha una capienza di trenta posti ed ospita bambini con et\u00e0 compresa tra i tre mesi e i tre anni. La struttura, realizzata con i pi\u00f9 moderni criteri architettonici, prevede spazi funzionali articolati in base all\u2019et\u00e0 dei piccoli ospiti, suddivisi fra lattanti, semi-divezzi e divezzi, con aree per le attivit\u00e0 motorie e didattiche, il gioco, il riposo ed un\u2019area giardino all\u2019esterno. E\u2019 dotata di impianto fotovoltaico finalizzato al risparmio energetico e di riscaldamento a pavimento.<\/p>\n<p>\u201cTutta la progettazione \u00e8 stata mirata a garantire la massima sicurezza ed il massimo confort dei bambini\u201d &#8211; conclude il sindaco Angelo Cappelli.<\/p>\n<p>Al fine di agevolare le famiglie dei bambini residenti, l\u2019Amministrazione Comunale si \u00e8 anche impegnata a contribuire, nei limiti dell\u2019eventuale contributo regionale<em>, <\/em>al pagamento della retta mensile; l\u2019entit\u00e0 del contributo sar\u00e0 determinato in base all\u2019indicatore ISEE della famiglia.<\/p>\n","protected":false},"excerpt":{"rendered":"<p>Il 23 dicembre \u00e8 stato inaugurato a Capranica l\u2019Asilo Nido Comunale \u201cL\u2019Albero dei Colori\u201d. La nuova struttura, sita in Localit\u00e0 Montarone, \u00e8 stata realizzata con finanziamento della Regione Lazio. \u201cIl [&hellip;]<\/p>\n","protected":false},"author":210,"featured_media":48,"comment_status":"closed","ping_status":"closed","sticky":false,"template":"","format":"standard","meta":{"footnotes":""},"categories":[16],"tags":[],"class_list":["post-45","post","type-post","status-publish","format-standard","has-post-thumbnail","hentry","category-notizie-e-informazioni"],"yoast_head":"<!-- This site is optimized with the Yoast SEO plugin v27.4 - https:\/\/yoast.com\/product\/yoast-seo-wordpress\/ -->\n<title>Apre l&#039;Asilo Nido \u201cL\u2019albero dei colori\u201d - Capranica<\/title>\n<meta name=\"robots\" content=\"index, follow, max-snippet:-1, max-image-preview:large, max-video-preview:-1\" \/>\n<link rel=\"canonical\" href=\"https:\/\/comunicacity.net\/capranica\/2017\/01\/18\/apre-lasilo-nido-lalbero-dei-colori\/\" \/>\n<meta property=\"og:locale\" content=\"it_IT\" \/>\n<meta property=\"og:type\" content=\"article\" \/>\n<meta property=\"og:title\" content=\"Apre l&#039;Asilo Nido \u201cL\u2019albero dei colori\u201d - Capranica\" \/>\n<meta property=\"og:description\" content=\"Il 23 dicembre \u00e8 stato inaugurato a Capranica l\u2019Asilo Nido Comunale \u201cL\u2019Albero dei Colori\u201d. La nuova struttura, sita in Localit\u00e0 Montarone, \u00e8 stata realizzata con finanziamento della Regione Lazio. \u201cIl [&hellip;]\" \/>\n<meta property=\"og:url\" content=\"https:\/\/comunicacity.net\/capranica\/2017\/01\/18\/apre-lasilo-nido-lalbero-dei-colori\/\" \/>\n<meta property=\"og:site_name\" content=\"Capranica\" \/>\n<meta property=\"article:publisher\" content=\"http:\/\/facebook.com\/ComunicaCity\" \/>\n<meta property=\"article:published_time\" content=\"2017-01-18T15:15:00+00:00\" \/>\n<meta property=\"og:image\" content=\"https:\/\/comunicacity.net\/capranica\/wp-content\/uploads\/sites\/68\/2017\/01\/asilo-esterno-2.jpg\" \/>\n\t<meta property=\"og:image:width\" content=\"1067\" \/>\n\t<meta property=\"og:image:height\" content=\"800\" \/>\n\t<meta property=\"og:image:type\" content=\"image\/jpeg\" \/>\n<meta name=\"author\" content=\"pnocchi\" \/>\n<meta name=\"twitter:card\" content=\"summary_large_image\" \/>\n<meta name=\"twitter:creator\" content=\"@comunicacity\" \/>\n<meta name=\"twitter:site\" content=\"@comunicacity\" \/>\n<meta name=\"twitter:label1\" content=\"Scritto da\" \/>\n\t<meta name=\"twitter:data1\" content=\"pnocchi\" \/>\n\t<meta name=\"twitter:label2\" content=\"Tempo di lettura stimato\" \/>\n\t<meta name=\"twitter:data2\" content=\"2 minuti\" \/>\n<script type=\"application\/ld+json\" class=\"yoast-schema-graph\">{\"@context\":\"https:\\\/\\\/schema.org\",\"@graph\":[{\"@type\":\"Article\",\"@id\":\"https:\\\/\\\/comunicacity.net\\\/capranica\\\/2017\\\/01\\\/18\\\/apre-lasilo-nido-lalbero-dei-colori\\\/#article\",\"isPartOf\":{\"@id\":\"https:\\\/\\\/comunicacity.net\\\/capranica\\\/2017\\\/01\\\/18\\\/apre-lasilo-nido-lalbero-dei-colori\\\/\"},\"author\":{\"name\":\"pnocchi\",\"@id\":\"https:\\\/\\\/comunicacity.net\\\/capranica\\\/#\\\/schema\\\/person\\\/e7370321f1820e23b7772e4edb7094f7\"},\"headline\":\"Apre l&#8217;Asilo Nido \u201cL\u2019albero dei colori\u201d\",\"datePublished\":\"2017-01-18T15:15:00+00:00\",\"mainEntityOfPage\":{\"@id\":\"https:\\\/\\\/comunicacity.net\\\/capranica\\\/2017\\\/01\\\/18\\\/apre-lasilo-nido-lalbero-dei-colori\\\/\"},\"wordCount\":351,\"image\":{\"@id\":\"https:\\\/\\\/comunicacity.net\\\/capranica\\\/2017\\\/01\\\/18\\\/apre-lasilo-nido-lalbero-dei-colori\\\/#primaryimage\"},\"thumbnailUrl\":\"https:\\\/\\\/comunicacity.net\\\/capranica\\\/wp-content\\\/uploads\\\/sites\\\/68\\\/2017\\\/01\\\/asilo-esterno-2.jpg\",\"articleSection\":[\"Notizie e Informazioni\"],\"inLanguage\":\"it-IT\"},{\"@type\":\"WebPage\",\"@id\":\"https:\\\/\\\/comunicacity.net\\\/capranica\\\/2017\\\/01\\\/18\\\/apre-lasilo-nido-lalbero-dei-colori\\\/\",\"url\":\"https:\\\/\\\/comunicacity.net\\\/capranica\\\/2017\\\/01\\\/18\\\/apre-lasilo-nido-lalbero-dei-colori\\\/\",\"name\":\"Apre l'Asilo Nido \u201cL\u2019albero dei colori\u201d - Capranica\",\"isPartOf\":{\"@id\":\"https:\\\/\\\/comunicacity.net\\\/capranica\\\/#website\"},\"primaryImageOfPage\":{\"@id\":\"https:\\\/\\\/comunicacity.net\\\/capranica\\\/2017\\\/01\\\/18\\\/apre-lasilo-nido-lalbero-dei-colori\\\/#primaryimage\"},\"image\":{\"@id\":\"https:\\\/\\\/comunicacity.net\\\/capranica\\\/2017\\\/01\\\/18\\\/apre-lasilo-nido-lalbero-dei-colori\\\/#primaryimage\"},\"thumbnailUrl\":\"https:\\\/\\\/comunicacity.net\\\/capranica\\\/wp-content\\\/uploads\\\/sites\\\/68\\\/2017\\\/01\\\/asilo-esterno-2.jpg\",\"datePublished\":\"2017-01-18T15:15:00+00:00\",\"author\":{\"@id\":\"https:\\\/\\\/comunicacity.net\\\/capranica\\\/#\\\/schema\\\/person\\\/e7370321f1820e23b7772e4edb7094f7\"},\"breadcrumb\":{\"@id\":\"https:\\\/\\\/comunicacity.net\\\/capranica\\\/2017\\\/01\\\/18\\\/apre-lasilo-nido-lalbero-dei-colori\\\/#breadcrumb\"},\"inLanguage\":\"it-IT\",\"potentialAction\":[{\"@type\":\"ReadAction\",\"target\":[\"https:\\\/\\\/comunicacity.net\\\/capranica\\\/2017\\\/01\\\/18\\\/apre-lasilo-nido-lalbero-dei-colori\\\/\"]}]},{\"@type\":\"ImageObject\",\"inLanguage\":\"it-IT\",\"@id\":\"https:\\\/\\\/comunicacity.net\\\/capranica\\\/2017\\\/01\\\/18\\\/apre-lasilo-nido-lalbero-dei-colori\\\/#primaryimage\",\"url\":\"https:\\\/\\\/comunicacity.net\\\/capranica\\\/wp-content\\\/uploads\\\/sites\\\/68\\\/2017\\\/01\\\/asilo-esterno-2.jpg\",\"contentUrl\":\"https:\\\/\\\/comunicacity.net\\\/capranica\\\/wp-content\\\/uploads\\\/sites\\\/68\\\/2017\\\/01\\\/asilo-esterno-2.jpg\",\"width\":1067,\"height\":800},{\"@type\":\"BreadcrumbList\",\"@id\":\"https:\\\/\\\/comunicacity.net\\\/capranica\\\/2017\\\/01\\\/18\\\/apre-lasilo-nido-lalbero-dei-colori\\\/#breadcrumb\",\"itemListElement\":[{\"@type\":\"ListItem\",\"position\":1,\"name\":\"Home\",\"item\":\"https:\\\/\\\/comunicacity.net\\\/capranica\\\/\"},{\"@type\":\"ListItem\",\"position\":2,\"name\":\"Apre l&#8217;Asilo Nido \u201cL\u2019albero dei colori\u201d\"}]},{\"@type\":\"WebSite\",\"@id\":\"https:\\\/\\\/comunicacity.net\\\/capranica\\\/#website\",\"url\":\"https:\\\/\\\/comunicacity.net\\\/capranica\\\/\",\"name\":\"Capranica\",\"description\":\"Ecco un altro sito ComunicaCity\",\"potentialAction\":[{\"@type\":\"SearchAction\",\"target\":{\"@type\":\"EntryPoint\",\"urlTemplate\":\"https:\\\/\\\/comunicacity.net\\\/capranica\\\/?s={search_term_string}\"},\"query-input\":{\"@type\":\"PropertyValueSpecification\",\"valueRequired\":true,\"valueName\":\"search_term_string\"}}],\"inLanguage\":\"it-IT\"},{\"@type\":\"Person\",\"@id\":\"https:\\\/\\\/comunicacity.net\\\/capranica\\\/#\\\/schema\\\/person\\\/e7370321f1820e23b7772e4edb7094f7\",\"name\":\"pnocchi\",\"image\":{\"@type\":\"ImageObject\",\"inLanguage\":\"it-IT\",\"@id\":\"https:\\\/\\\/secure.gravatar.com\\\/avatar\\\/eb0f8dcac10a66dc7f4bd3af32201815b86f1b6fa7ac4fe9a21e65aca5dfc340?s=96&d=mm&r=g\",\"url\":\"https:\\\/\\\/secure.gravatar.com\\\/avatar\\\/eb0f8dcac10a66dc7f4bd3af32201815b86f1b6fa7ac4fe9a21e65aca5dfc340?s=96&d=mm&r=g\",\"contentUrl\":\"https:\\\/\\\/secure.gravatar.com\\\/avatar\\\/eb0f8dcac10a66dc7f4bd3af32201815b86f1b6fa7ac4fe9a21e65aca5dfc340?s=96&d=mm&r=g\",\"caption\":\"pnocchi\"},\"url\":\"https:\\\/\\\/comunicacity.net\\\/capranica\\\/author\\\/pnocchi\\\/\"}]}<\/script>\n<!-- \/ Yoast SEO plugin. -->","yoast_head_json":{"title":"Apre l'Asilo Nido \u201cL\u2019albero dei colori\u201d - Capranica","robots":{"index":"index","follow":"follow","max-snippet":"max-snippet:-1","max-image-preview":"max-image-preview:large","max-video-preview":"max-video-preview:-1"},"canonical":"https:\/\/comunicacity.net\/capranica\/2017\/01\/18\/apre-lasilo-nido-lalbero-dei-colori\/","og_locale":"it_IT","og_type":"article","og_title":"Apre l'Asilo Nido \u201cL\u2019albero dei colori\u201d - Capranica","og_description":"Il 23 dicembre \u00e8 stato inaugurato a Capranica l\u2019Asilo Nido Comunale \u201cL\u2019Albero dei Colori\u201d. La nuova struttura, sita in Localit\u00e0 Montarone, \u00e8 stata realizzata con finanziamento della Regione Lazio. \u201cIl [&hellip;]","og_url":"https:\/\/comunicacity.net\/capranica\/2017\/01\/18\/apre-lasilo-nido-lalbero-dei-colori\/","og_site_name":"Capranica","article_publisher":"http:\/\/facebook.com\/ComunicaCity","article_published_time":"2017-01-18T15:15:00+00:00","og_image":[{"width":1067,"height":800,"url":"https:\/\/comunicacity.net\/capranica\/wp-content\/uploads\/sites\/68\/2017\/01\/asilo-esterno-2.jpg","type":"image\/jpeg"}],"author":"pnocchi","twitter_card":"summary_large_image","twitter_creator":"@comunicacity","twitter_site":"@comunicacity","twitter_misc":{"Scritto da":"pnocchi","Tempo di lettura stimato":"2 minuti"},"schema":{"@context":"https:\/\/schema.org","@graph":[{"@type":"Article","@id":"https:\/\/comunicacity.net\/capranica\/2017\/01\/18\/apre-lasilo-nido-lalbero-dei-colori\/#article","isPartOf":{"@id":"https:\/\/comunicacity.net\/capranica\/2017\/01\/18\/apre-lasilo-nido-lalbero-dei-colori\/"},"author":{"name":"pnocchi","@id":"https:\/\/comunicacity.net\/capranica\/#\/schema\/person\/e7370321f1820e23b7772e4edb7094f7"},"headline":"Apre l&#8217;Asilo Nido \u201cL\u2019albero dei colori\u201d","datePublished":"2017-01-18T15:15:00+00:00","mainEntityOfPage":{"@id":"https:\/\/comunicacity.net\/capranica\/2017\/01\/18\/apre-lasilo-nido-lalbero-dei-colori\/"},"wordCount":351,"image":{"@id":"https:\/\/comunicacity.net\/capranica\/2017\/01\/18\/apre-lasilo-nido-lalbero-dei-colori\/#primaryimage"},"thumbnailUrl":"https:\/\/comunicacity.net\/capranica\/wp-content\/uploads\/sites\/68\/2017\/01\/asilo-esterno-2.jpg","articleSection":["Notizie e Informazioni"],"inLanguage":"it-IT"},{"@type":"WebPage","@id":"https:\/\/comunicacity.net\/capranica\/2017\/01\/18\/apre-lasilo-nido-lalbero-dei-colori\/","url":"https:\/\/comunicacity.net\/capranica\/2017\/01\/18\/apre-lasilo-nido-lalbero-dei-colori\/","name":"Apre l'Asilo Nido \u201cL\u2019albero dei colori\u201d - Capranica","isPartOf":{"@id":"https:\/\/comunicacity.net\/capranica\/#website"},"primaryImageOfPage":{"@id":"https:\/\/comunicacity.net\/capranica\/2017\/01\/18\/apre-lasilo-nido-lalbero-dei-colori\/#primaryimage"},"image":{"@id":"https:\/\/comunicacity.net\/capranica\/2017\/01\/18\/apre-lasilo-nido-lalbero-dei-colori\/#primaryimage"},"thumbnailUrl":"https:\/\/comunicacity.net\/capranica\/wp-content\/uploads\/sites\/68\/2017\/01\/asilo-esterno-2.jpg","datePublished":"2017-01-18T15:15:00+00:00","author":{"@id":"https:\/\/comunicacity.net\/capranica\/#\/schema\/person\/e7370321f1820e23b7772e4edb7094f7"},"breadcrumb":{"@id":"https:\/\/comunicacity.net\/capranica\/2017\/01\/18\/apre-lasilo-nido-lalbero-dei-colori\/#breadcrumb"},"inLanguage":"it-IT","potentialAction":[{"@type":"ReadAction","target":["https:\/\/comunicacity.net\/capranica\/2017\/01\/18\/apre-lasilo-nido-lalbero-dei-colori\/"]}]},{"@type":"ImageObject","inLanguage":"it-IT","@id":"https:\/\/comunicacity.net\/capranica\/2017\/01\/18\/apre-lasilo-nido-lalbero-dei-colori\/#primaryimage","url":"https:\/\/comunicacity.net\/capranica\/wp-content\/uploads\/sites\/68\/2017\/01\/asilo-esterno-2.jpg","contentUrl":"https:\/\/comunicacity.net\/capranica\/wp-content\/uploads\/sites\/68\/2017\/01\/asilo-esterno-2.jpg","width":1067,"height":800},{"@type":"BreadcrumbList","@id":"https:\/\/comunicacity.net\/capranica\/2017\/01\/18\/apre-lasilo-nido-lalbero-dei-colori\/#breadcrumb","itemListElement":[{"@type":"ListItem","position":1,"name":"Home","item":"https:\/\/comunicacity.net\/capranica\/"},{"@type":"ListItem","position":2,"name":"Apre l&#8217;Asilo Nido \u201cL\u2019albero dei colori\u201d"}]},{"@type":"WebSite","@id":"https:\/\/comunicacity.net\/capranica\/#website","url":"https:\/\/comunicacity.net\/capranica\/","name":"Capranica","description":"Ecco un altro sito ComunicaCity","potentialAction":[{"@type":"SearchAction","target":{"@type":"EntryPoint","urlTemplate":"https:\/\/comunicacity.net\/capranica\/?s={search_term_string}"},"query-input":{"@type":"PropertyValueSpecification","valueRequired":true,"valueName":"search_term_string"}}],"inLanguage":"it-IT"},{"@type":"Person","@id":"https:\/\/comunicacity.net\/capranica\/#\/schema\/person\/e7370321f1820e23b7772e4edb7094f7","name":"pnocchi","image":{"@type":"ImageObject","inLanguage":"it-IT","@id":"https:\/\/secure.gravatar.com\/avatar\/eb0f8dcac10a66dc7f4bd3af32201815b86f1b6fa7ac4fe9a21e65aca5dfc340?s=96&d=mm&r=g","url":"https:\/\/secure.gravatar.com\/avatar\/eb0f8dcac10a66dc7f4bd3af32201815b86f1b6fa7ac4fe9a21e65aca5dfc340?s=96&d=mm&r=g","contentUrl":"https:\/\/secure.gravatar.com\/avatar\/eb0f8dcac10a66dc7f4bd3af32201815b86f1b6fa7ac4fe9a21e65aca5dfc340?s=96&d=mm&r=g","caption":"pnocchi"},"url":"https:\/\/comunicacity.net\/capranica\/author\/pnocchi\/"}]}},"meta_box":{"cc4_urg_colore":"","cc4_urg_data_inizio":"","cc4_urg_data_fine":"","cc4_cor_positivi_oggi":"","cc4_cor_negativizzati_oggi":"","cc4_cor_deceduti_oggi":"","cc4_cor_positivi_totali":"","cc4_cor_negativizzati_totali":"","cc4_cor_deceduti_totali":"","cc4_cor_attualmente_positivi":"","cc4_eve_data_inizio":"","cc4_eve_data_fine":"","cc4_eve_indirizzo":"","cc4_eve_posizione":{"latitude":"","longitude":"","zoom":""},"cc4_eve_telefono":"","cc4_eve_email":"","cc4_eve_web":"","cc4_eve_fb":"","sitopa_id":""},"_links":{"self":[{"href":"https:\/\/comunicacity.net\/capranica\/wp-json\/wp\/v2\/posts\/45","targetHints":{"allow":["GET"]}}],"collection":[{"href":"https:\/\/comunicacity.net\/capranica\/wp-json\/wp\/v2\/posts"}],"about":[{"href":"https:\/\/comunicacity.net\/capranica\/wp-json\/wp\/v2\/types\/post"}],"author":[{"embeddable":true,"href":"https:\/\/comunicacity.net\/capranica\/wp-json\/wp\/v2\/users\/210"}],"replies":[{"embeddable":true,"href":"https:\/\/comunicacity.net\/capranica\/wp-json\/wp\/v2\/comments?post=45"}],"version-history":[{"count":1,"href":"https:\/\/comunicacity.net\/capranica\/wp-json\/wp\/v2\/posts\/45\/revisions"}],"predecessor-version":[{"id":51,"href":"https:\/\/comunicacity.net\/capranica\/wp-json\/wp\/v2\/posts\/45\/revisions\/51"}],"wp:featuredmedia":[{"embeddable":true,"href":"https:\/\/comunicacity.net\/capranica\/wp-json\/wp\/v2\/media\/48"}],"wp:attachment":[{"href":"https:\/\/comunicacity.net\/capranica\/wp-json\/wp\/v2\/media?parent=45"}],"wp:term":[{"taxonomy":"category","embeddable":true,"href":"https:\/\/comunicacity.net\/capranica\/wp-json\/wp\/v2\/categories?post=45"},{"taxonomy":"post_tag","embeddable":true,"href":"https:\/\/comunicacity.net\/capranica\/wp-json\/wp\/v2\/tags?post=45"}],"curies":[{"name":"wp","href":"https:\/\/api.w.org\/{rel}","templated":true}]}}