{"id":730,"date":"2017-07-06T09:02:42","date_gmt":"2017-07-06T07:02:42","guid":{"rendered":"https:\/\/comunicacity.net\/capranica\/?p=730"},"modified":"2017-07-06T09:02:42","modified_gmt":"2017-07-06T07:02:42","slug":"crisi-idrica-la-regione-lazio-dichiara-lo-stato-di-calamita-naturale","status":"publish","type":"post","link":"https:\/\/comunicacity.net\/capranica\/2017\/07\/06\/crisi-idrica-la-regione-lazio-dichiara-lo-stato-di-calamita-naturale\/","title":{"rendered":"CRISI IDRICA: LA REGIONE LAZIO DICHIARA LO STATO DI CALAMIT\u00c0 NATURALE"},"content":{"rendered":"<p>Il presidente della Regione Lazio Nicola Zingaretti ha dichiarato ieri, 5 luglio, lo stato di calamit\u00e0 naturale per siccit\u00e0. Ogni cittadino pu\u00f2 contribuire a\u00a0limitare lo spreco d\u2019acqua. Di seguito dieci semplici consigli utili anche per le risparmiare in bolletta:<\/p>\n<ol>\n<li>PERDITE &#8211; Se dal tuo rubinetto cadono 90 gocce al minuto, stai sprecando 4.000 litri d&#8217;acqua l&#8217;anno. Un forellino di un millimetro in una tubatura? Sono 2.328 litri al giorno di acqua potabile che si perdono.<\/li>\n<li>BOLLE &#8211; Con delle piccole retine applicate ai rubinetti di casa, chiamate frangiflutti o frangigetto che arricchiscono il getto d&#8217;acqua con dell&#8217;aria, si risparmiano fino a 6.000 litri di acqua all&#8217;anno. Costano pochi centesimi e si trovano nei negozi di ferramenta, per la casa e nei supermercati.<\/li>\n<li>DOCCIA &#8211; Per una doccia occorrono dai 20 ai 50 litri d\u2019acqua, per un bagno se ne consumano circa 150 . Se chiudi l&#8217;acqua mentre ti insaponi risparmierai circa 1.200 litri d&#8217;acqua potabile all&#8217;anno.<\/li>\n<li>LAVAGGIO AUTO &#8211; Lavare la tua auto con un secchio d&#8217;acqua invece che col tubo ti fa risparmiare 130 litri d&#8217;acqua potabile a ogni lavaggio.<\/li>\n<li>GIARDINO &#8211; Raccogli l&#8217;acqua piovana per annaffiare il giardino (basta una semplice modifica alla grondaia). Annaffia con l&#8217;acqua di lavaggio delle verdure o anche con quella di cottura, che \u00e8 ricca di sali e sostanze preziose. Usa impianti di irrigazione a goccia. Salverai 6.000 litri d&#8217;acqua all&#8217;anno. Ricorda: annaffia di sera.<\/li>\n<li>ELETTRODOMESTICI &#8211; Lavatrice e lavastoviglie usano la stessa acqua sia per un lavaggio a pieno carico sia per uno a met\u00e0 carico. Riempile e risparmierai 8.000\/11.000 litri d&#8217;acqua potabile all&#8217;anno per famiglia.<\/li>\n<li>SCIACQUONE &#8211; Oltre il 30% dei tuoi consumi sono per colpa sua, per ogni scarico 20 litri d&#8217;acqua (ma quanta ne fai?) Usa una cassetta con sistema di scarico a doppio pulsante o a manovella: risparmierai 26.000 litri d&#8217;acqua all&#8217;anno. Fai attenzione, uno scarico che perde pu\u00f2 consumare da 100 a 2.000 litri d&#8217;acqua al giorno. Metti nella cassetta una bottiglia di plastica piena d&#8217;acqua, risparmierai due litri ogni volta.<\/li>\n<li>RUBINETTO &#8211; Se quando ti lavi i denti o ti fai la barba apri il rubinetto solo quando \u00e8 necessario, si risparmiano, per una famiglia di tre persone, 7.500 litri d&#8217;acqua all&#8217;anno.<\/li>\n<li>SAPONE ALL&#8217;AMIDO &#8211; La nonna lo sapeva: usa l&#8217;acqua di cottura della pasta per lavare piatti e stoviglie, risparmi acqua (non si dovr\u00e0 farla scorrere dal rubinetto in attesa che esca calda) e detersivi (l&#8217;acqua di cottura ha un alto potere sgrassante). Ricordati di non sporcare inutilmente stoviglie e pentole, condisci la pasta nella pentola di cottura.<\/li>\n<li>LAVAGGIO CIBI &#8211; Lavare la frutta e la verdura lasciandola a bagno in una bacinella (con un pizzico di bicarbonato), invece di usare acqua corrente, ti permette di risparmiare acqua ed eliminare pi\u00f9 efficacemente i residui chimici. Una famiglia di tre persone riesce a risparmiare 4.500 litri di acqua potabile all&#8217;anno.<\/li>\n<\/ol>\n<p><strong>Se una persona segue queste semplici regole arriver\u00e0 a risparmiare circa 55.000 litri d\u2019acqua all\u2019anno, come l&#8217;acqua di una piscina lunga 15 metri, larga 8 e profonda 1,5 metri.<\/strong><\/p>\n<p>Leggi anche la notizia su <a href=\"https:\/\/www.facebook.com\/ComunicazioneCapranica\/\">Comune di Capranica Informa<\/a><\/p>\n<div id='wpba_attachment_list' class=''>\n<div class='ui list'><h3 style=\"display:none;\">\ud83d\udcce Allegati<\/h3><ul><li><a id=\"wpba_attachment_list_731\" class=\"y-skip-href item\" href=\"https:\/\/comunicacity.net\/capranica\/wp-content\/uploads\/sites\/68\/2017\/07\/acqua-pdf-ok.pdf\" onclick=\"window.open('https:\/\/comunicacity.net\/capranica\/wp-content\/uploads\/sites\/68\/2017\/07\/acqua-pdf-ok.pdf', '_system'); return false;\"><i class='icon attachment'><\/i>Le 10 piccole regole da stampare<\/a><\/li>\n<\/ul><\/div><\/div>\n","protected":false},"excerpt":{"rendered":"<p>Il presidente della Regione Lazio Nicola Zingaretti ha dichiarato ieri, 5 luglio, lo stato di calamit\u00e0 naturale per siccit\u00e0. Ogni cittadino pu\u00f2 contribuire a\u00a0limitare lo spreco d\u2019acqua. Di seguito dieci [&hellip;]<\/p>\n","protected":false},"author":210,"featured_media":306,"comment_status":"closed","ping_status":"closed","sticky":false,"template":"","format":"standard","meta":{"footnotes":""},"categories":[16],"tags":[],"class_list":["post-730","post","type-post","status-publish","format-standard","has-post-thumbnail","hentry","category-notizie-e-informazioni"],"yoast_head":"<!-- This site is optimized with the Yoast SEO plugin v27.4 - https:\/\/yoast.com\/product\/yoast-seo-wordpress\/ -->\n<title>CRISI IDRICA: LA REGIONE LAZIO DICHIARA LO STATO DI CALAMIT\u00c0 NATURALE - Capranica<\/title>\n<meta name=\"robots\" content=\"index, follow, max-snippet:-1, max-image-preview:large, max-video-preview:-1\" \/>\n<link rel=\"canonical\" href=\"https:\/\/comunicacity.net\/capranica\/2017\/07\/06\/crisi-idrica-la-regione-lazio-dichiara-lo-stato-di-calamita-naturale\/\" \/>\n<meta property=\"og:locale\" content=\"it_IT\" \/>\n<meta property=\"og:type\" content=\"article\" \/>\n<meta property=\"og:title\" content=\"CRISI IDRICA: LA REGIONE LAZIO DICHIARA LO STATO DI CALAMIT\u00c0 NATURALE - Capranica\" \/>\n<meta property=\"og:description\" content=\"Il presidente della Regione Lazio Nicola Zingaretti ha dichiarato ieri, 5 luglio, lo stato di calamit\u00e0 naturale per siccit\u00e0. Ogni cittadino pu\u00f2 contribuire a\u00a0limitare lo spreco d\u2019acqua. Di seguito dieci [&hellip;]\" \/>\n<meta property=\"og:url\" content=\"https:\/\/comunicacity.net\/capranica\/2017\/07\/06\/crisi-idrica-la-regione-lazio-dichiara-lo-stato-di-calamita-naturale\/\" \/>\n<meta property=\"og:site_name\" content=\"Capranica\" \/>\n<meta property=\"article:publisher\" content=\"http:\/\/facebook.com\/ComunicaCity\" \/>\n<meta property=\"article:published_time\" content=\"2017-07-06T07:02:42+00:00\" \/>\n<meta property=\"og:image\" content=\"https:\/\/comunicacity.net\/capranica\/wp-content\/uploads\/sites\/68\/2017\/04\/IL-COMUNE-DI-CAPRANICA-INFORMA.jpg\" \/>\n\t<meta property=\"og:image:width\" content=\"800\" \/>\n\t<meta property=\"og:image:height\" content=\"600\" \/>\n\t<meta property=\"og:image:type\" content=\"image\/jpeg\" \/>\n<meta name=\"author\" content=\"pnocchi\" \/>\n<meta name=\"twitter:card\" content=\"summary_large_image\" \/>\n<meta name=\"twitter:creator\" content=\"@comunicacity\" \/>\n<meta name=\"twitter:site\" content=\"@comunicacity\" \/>\n<meta name=\"twitter:label1\" content=\"Scritto da\" \/>\n\t<meta name=\"twitter:data1\" content=\"pnocchi\" \/>\n\t<meta name=\"twitter:label2\" content=\"Tempo di lettura stimato\" \/>\n\t<meta name=\"twitter:data2\" content=\"2 minuti\" \/>\n<script type=\"application\/ld+json\" class=\"yoast-schema-graph\">{\"@context\":\"https:\\\/\\\/schema.org\",\"@graph\":[{\"@type\":\"Article\",\"@id\":\"https:\\\/\\\/comunicacity.net\\\/capranica\\\/2017\\\/07\\\/06\\\/crisi-idrica-la-regione-lazio-dichiara-lo-stato-di-calamita-naturale\\\/#article\",\"isPartOf\":{\"@id\":\"https:\\\/\\\/comunicacity.net\\\/capranica\\\/2017\\\/07\\\/06\\\/crisi-idrica-la-regione-lazio-dichiara-lo-stato-di-calamita-naturale\\\/\"},\"author\":{\"name\":\"pnocchi\",\"@id\":\"https:\\\/\\\/comunicacity.net\\\/capranica\\\/#\\\/schema\\\/person\\\/e7370321f1820e23b7772e4edb7094f7\"},\"headline\":\"CRISI IDRICA: LA REGIONE LAZIO DICHIARA LO STATO DI CALAMIT\u00c0 NATURALE\",\"datePublished\":\"2017-07-06T07:02:42+00:00\",\"mainEntityOfPage\":{\"@id\":\"https:\\\/\\\/comunicacity.net\\\/capranica\\\/2017\\\/07\\\/06\\\/crisi-idrica-la-regione-lazio-dichiara-lo-stato-di-calamita-naturale\\\/\"},\"wordCount\":502,\"image\":{\"@id\":\"https:\\\/\\\/comunicacity.net\\\/capranica\\\/2017\\\/07\\\/06\\\/crisi-idrica-la-regione-lazio-dichiara-lo-stato-di-calamita-naturale\\\/#primaryimage\"},\"thumbnailUrl\":\"https:\\\/\\\/comunicacity.net\\\/capranica\\\/wp-content\\\/uploads\\\/sites\\\/68\\\/2017\\\/04\\\/IL-COMUNE-DI-CAPRANICA-INFORMA.jpg\",\"articleSection\":[\"Notizie e Informazioni\"],\"inLanguage\":\"it-IT\"},{\"@type\":\"WebPage\",\"@id\":\"https:\\\/\\\/comunicacity.net\\\/capranica\\\/2017\\\/07\\\/06\\\/crisi-idrica-la-regione-lazio-dichiara-lo-stato-di-calamita-naturale\\\/\",\"url\":\"https:\\\/\\\/comunicacity.net\\\/capranica\\\/2017\\\/07\\\/06\\\/crisi-idrica-la-regione-lazio-dichiara-lo-stato-di-calamita-naturale\\\/\",\"name\":\"CRISI IDRICA: LA REGIONE LAZIO DICHIARA LO STATO DI CALAMIT\u00c0 NATURALE - Capranica\",\"isPartOf\":{\"@id\":\"https:\\\/\\\/comunicacity.net\\\/capranica\\\/#website\"},\"primaryImageOfPage\":{\"@id\":\"https:\\\/\\\/comunicacity.net\\\/capranica\\\/2017\\\/07\\\/06\\\/crisi-idrica-la-regione-lazio-dichiara-lo-stato-di-calamita-naturale\\\/#primaryimage\"},\"image\":{\"@id\":\"https:\\\/\\\/comunicacity.net\\\/capranica\\\/2017\\\/07\\\/06\\\/crisi-idrica-la-regione-lazio-dichiara-lo-stato-di-calamita-naturale\\\/#primaryimage\"},\"thumbnailUrl\":\"https:\\\/\\\/comunicacity.net\\\/capranica\\\/wp-content\\\/uploads\\\/sites\\\/68\\\/2017\\\/04\\\/IL-COMUNE-DI-CAPRANICA-INFORMA.jpg\",\"datePublished\":\"2017-07-06T07:02:42+00:00\",\"author\":{\"@id\":\"https:\\\/\\\/comunicacity.net\\\/capranica\\\/#\\\/schema\\\/person\\\/e7370321f1820e23b7772e4edb7094f7\"},\"breadcrumb\":{\"@id\":\"https:\\\/\\\/comunicacity.net\\\/capranica\\\/2017\\\/07\\\/06\\\/crisi-idrica-la-regione-lazio-dichiara-lo-stato-di-calamita-naturale\\\/#breadcrumb\"},\"inLanguage\":\"it-IT\",\"potentialAction\":[{\"@type\":\"ReadAction\",\"target\":[\"https:\\\/\\\/comunicacity.net\\\/capranica\\\/2017\\\/07\\\/06\\\/crisi-idrica-la-regione-lazio-dichiara-lo-stato-di-calamita-naturale\\\/\"]}]},{\"@type\":\"ImageObject\",\"inLanguage\":\"it-IT\",\"@id\":\"https:\\\/\\\/comunicacity.net\\\/capranica\\\/2017\\\/07\\\/06\\\/crisi-idrica-la-regione-lazio-dichiara-lo-stato-di-calamita-naturale\\\/#primaryimage\",\"url\":\"https:\\\/\\\/comunicacity.net\\\/capranica\\\/wp-content\\\/uploads\\\/sites\\\/68\\\/2017\\\/04\\\/IL-COMUNE-DI-CAPRANICA-INFORMA.jpg\",\"contentUrl\":\"https:\\\/\\\/comunicacity.net\\\/capranica\\\/wp-content\\\/uploads\\\/sites\\\/68\\\/2017\\\/04\\\/IL-COMUNE-DI-CAPRANICA-INFORMA.jpg\",\"width\":800,\"height\":600},{\"@type\":\"BreadcrumbList\",\"@id\":\"https:\\\/\\\/comunicacity.net\\\/capranica\\\/2017\\\/07\\\/06\\\/crisi-idrica-la-regione-lazio-dichiara-lo-stato-di-calamita-naturale\\\/#breadcrumb\",\"itemListElement\":[{\"@type\":\"ListItem\",\"position\":1,\"name\":\"Home\",\"item\":\"https:\\\/\\\/comunicacity.net\\\/capranica\\\/\"},{\"@type\":\"ListItem\",\"position\":2,\"name\":\"CRISI IDRICA: LA REGIONE LAZIO DICHIARA LO STATO DI CALAMIT\u00c0 NATURALE\"}]},{\"@type\":\"WebSite\",\"@id\":\"https:\\\/\\\/comunicacity.net\\\/capranica\\\/#website\",\"url\":\"https:\\\/\\\/comunicacity.net\\\/capranica\\\/\",\"name\":\"Capranica\",\"description\":\"Ecco un altro sito ComunicaCity\",\"potentialAction\":[{\"@type\":\"SearchAction\",\"target\":{\"@type\":\"EntryPoint\",\"urlTemplate\":\"https:\\\/\\\/comunicacity.net\\\/capranica\\\/?s={search_term_string}\"},\"query-input\":{\"@type\":\"PropertyValueSpecification\",\"valueRequired\":true,\"valueName\":\"search_term_string\"}}],\"inLanguage\":\"it-IT\"},{\"@type\":\"Person\",\"@id\":\"https:\\\/\\\/comunicacity.net\\\/capranica\\\/#\\\/schema\\\/person\\\/e7370321f1820e23b7772e4edb7094f7\",\"name\":\"pnocchi\",\"image\":{\"@type\":\"ImageObject\",\"inLanguage\":\"it-IT\",\"@id\":\"https:\\\/\\\/secure.gravatar.com\\\/avatar\\\/eb0f8dcac10a66dc7f4bd3af32201815b86f1b6fa7ac4fe9a21e65aca5dfc340?s=96&d=mm&r=g\",\"url\":\"https:\\\/\\\/secure.gravatar.com\\\/avatar\\\/eb0f8dcac10a66dc7f4bd3af32201815b86f1b6fa7ac4fe9a21e65aca5dfc340?s=96&d=mm&r=g\",\"contentUrl\":\"https:\\\/\\\/secure.gravatar.com\\\/avatar\\\/eb0f8dcac10a66dc7f4bd3af32201815b86f1b6fa7ac4fe9a21e65aca5dfc340?s=96&d=mm&r=g\",\"caption\":\"pnocchi\"},\"url\":\"https:\\\/\\\/comunicacity.net\\\/capranica\\\/author\\\/pnocchi\\\/\"}]}<\/script>\n<!-- \/ Yoast SEO plugin. -->","yoast_head_json":{"title":"CRISI IDRICA: LA REGIONE LAZIO DICHIARA LO STATO DI CALAMIT\u00c0 NATURALE - Capranica","robots":{"index":"index","follow":"follow","max-snippet":"max-snippet:-1","max-image-preview":"max-image-preview:large","max-video-preview":"max-video-preview:-1"},"canonical":"https:\/\/comunicacity.net\/capranica\/2017\/07\/06\/crisi-idrica-la-regione-lazio-dichiara-lo-stato-di-calamita-naturale\/","og_locale":"it_IT","og_type":"article","og_title":"CRISI IDRICA: LA REGIONE LAZIO DICHIARA LO STATO DI CALAMIT\u00c0 NATURALE - Capranica","og_description":"Il presidente della Regione Lazio Nicola Zingaretti ha dichiarato ieri, 5 luglio, lo stato di calamit\u00e0 naturale per siccit\u00e0. Ogni cittadino pu\u00f2 contribuire a\u00a0limitare lo spreco d\u2019acqua. Di seguito dieci [&hellip;]","og_url":"https:\/\/comunicacity.net\/capranica\/2017\/07\/06\/crisi-idrica-la-regione-lazio-dichiara-lo-stato-di-calamita-naturale\/","og_site_name":"Capranica","article_publisher":"http:\/\/facebook.com\/ComunicaCity","article_published_time":"2017-07-06T07:02:42+00:00","og_image":[{"width":800,"height":600,"url":"https:\/\/comunicacity.net\/capranica\/wp-content\/uploads\/sites\/68\/2017\/04\/IL-COMUNE-DI-CAPRANICA-INFORMA.jpg","type":"image\/jpeg"}],"author":"pnocchi","twitter_card":"summary_large_image","twitter_creator":"@comunicacity","twitter_site":"@comunicacity","twitter_misc":{"Scritto da":"pnocchi","Tempo di lettura stimato":"2 minuti"},"schema":{"@context":"https:\/\/schema.org","@graph":[{"@type":"Article","@id":"https:\/\/comunicacity.net\/capranica\/2017\/07\/06\/crisi-idrica-la-regione-lazio-dichiara-lo-stato-di-calamita-naturale\/#article","isPartOf":{"@id":"https:\/\/comunicacity.net\/capranica\/2017\/07\/06\/crisi-idrica-la-regione-lazio-dichiara-lo-stato-di-calamita-naturale\/"},"author":{"name":"pnocchi","@id":"https:\/\/comunicacity.net\/capranica\/#\/schema\/person\/e7370321f1820e23b7772e4edb7094f7"},"headline":"CRISI IDRICA: LA REGIONE LAZIO DICHIARA LO STATO DI CALAMIT\u00c0 NATURALE","datePublished":"2017-07-06T07:02:42+00:00","mainEntityOfPage":{"@id":"https:\/\/comunicacity.net\/capranica\/2017\/07\/06\/crisi-idrica-la-regione-lazio-dichiara-lo-stato-di-calamita-naturale\/"},"wordCount":502,"image":{"@id":"https:\/\/comunicacity.net\/capranica\/2017\/07\/06\/crisi-idrica-la-regione-lazio-dichiara-lo-stato-di-calamita-naturale\/#primaryimage"},"thumbnailUrl":"https:\/\/comunicacity.net\/capranica\/wp-content\/uploads\/sites\/68\/2017\/04\/IL-COMUNE-DI-CAPRANICA-INFORMA.jpg","articleSection":["Notizie e Informazioni"],"inLanguage":"it-IT"},{"@type":"WebPage","@id":"https:\/\/comunicacity.net\/capranica\/2017\/07\/06\/crisi-idrica-la-regione-lazio-dichiara-lo-stato-di-calamita-naturale\/","url":"https:\/\/comunicacity.net\/capranica\/2017\/07\/06\/crisi-idrica-la-regione-lazio-dichiara-lo-stato-di-calamita-naturale\/","name":"CRISI IDRICA: LA REGIONE LAZIO DICHIARA LO STATO DI CALAMIT\u00c0 NATURALE - Capranica","isPartOf":{"@id":"https:\/\/comunicacity.net\/capranica\/#website"},"primaryImageOfPage":{"@id":"https:\/\/comunicacity.net\/capranica\/2017\/07\/06\/crisi-idrica-la-regione-lazio-dichiara-lo-stato-di-calamita-naturale\/#primaryimage"},"image":{"@id":"https:\/\/comunicacity.net\/capranica\/2017\/07\/06\/crisi-idrica-la-regione-lazio-dichiara-lo-stato-di-calamita-naturale\/#primaryimage"},"thumbnailUrl":"https:\/\/comunicacity.net\/capranica\/wp-content\/uploads\/sites\/68\/2017\/04\/IL-COMUNE-DI-CAPRANICA-INFORMA.jpg","datePublished":"2017-07-06T07:02:42+00:00","author":{"@id":"https:\/\/comunicacity.net\/capranica\/#\/schema\/person\/e7370321f1820e23b7772e4edb7094f7"},"breadcrumb":{"@id":"https:\/\/comunicacity.net\/capranica\/2017\/07\/06\/crisi-idrica-la-regione-lazio-dichiara-lo-stato-di-calamita-naturale\/#breadcrumb"},"inLanguage":"it-IT","potentialAction":[{"@type":"ReadAction","target":["https:\/\/comunicacity.net\/capranica\/2017\/07\/06\/crisi-idrica-la-regione-lazio-dichiara-lo-stato-di-calamita-naturale\/"]}]},{"@type":"ImageObject","inLanguage":"it-IT","@id":"https:\/\/comunicacity.net\/capranica\/2017\/07\/06\/crisi-idrica-la-regione-lazio-dichiara-lo-stato-di-calamita-naturale\/#primaryimage","url":"https:\/\/comunicacity.net\/capranica\/wp-content\/uploads\/sites\/68\/2017\/04\/IL-COMUNE-DI-CAPRANICA-INFORMA.jpg","contentUrl":"https:\/\/comunicacity.net\/capranica\/wp-content\/uploads\/sites\/68\/2017\/04\/IL-COMUNE-DI-CAPRANICA-INFORMA.jpg","width":800,"height":600},{"@type":"BreadcrumbList","@id":"https:\/\/comunicacity.net\/capranica\/2017\/07\/06\/crisi-idrica-la-regione-lazio-dichiara-lo-stato-di-calamita-naturale\/#breadcrumb","itemListElement":[{"@type":"ListItem","position":1,"name":"Home","item":"https:\/\/comunicacity.net\/capranica\/"},{"@type":"ListItem","position":2,"name":"CRISI IDRICA: LA REGIONE LAZIO DICHIARA LO STATO DI CALAMIT\u00c0 NATURALE"}]},{"@type":"WebSite","@id":"https:\/\/comunicacity.net\/capranica\/#website","url":"https:\/\/comunicacity.net\/capranica\/","name":"Capranica","description":"Ecco un altro sito ComunicaCity","potentialAction":[{"@type":"SearchAction","target":{"@type":"EntryPoint","urlTemplate":"https:\/\/comunicacity.net\/capranica\/?s={search_term_string}"},"query-input":{"@type":"PropertyValueSpecification","valueRequired":true,"valueName":"search_term_string"}}],"inLanguage":"it-IT"},{"@type":"Person","@id":"https:\/\/comunicacity.net\/capranica\/#\/schema\/person\/e7370321f1820e23b7772e4edb7094f7","name":"pnocchi","image":{"@type":"ImageObject","inLanguage":"it-IT","@id":"https:\/\/secure.gravatar.com\/avatar\/eb0f8dcac10a66dc7f4bd3af32201815b86f1b6fa7ac4fe9a21e65aca5dfc340?s=96&d=mm&r=g","url":"https:\/\/secure.gravatar.com\/avatar\/eb0f8dcac10a66dc7f4bd3af32201815b86f1b6fa7ac4fe9a21e65aca5dfc340?s=96&d=mm&r=g","contentUrl":"https:\/\/secure.gravatar.com\/avatar\/eb0f8dcac10a66dc7f4bd3af32201815b86f1b6fa7ac4fe9a21e65aca5dfc340?s=96&d=mm&r=g","caption":"pnocchi"},"url":"https:\/\/comunicacity.net\/capranica\/author\/pnocchi\/"}]}},"meta_box":{"cc4_urg_colore":"","cc4_urg_data_inizio":"","cc4_urg_data_fine":"","cc4_cor_positivi_oggi":"","cc4_cor_negativizzati_oggi":"","cc4_cor_deceduti_oggi":"","cc4_cor_positivi_totali":"","cc4_cor_negativizzati_totali":"","cc4_cor_deceduti_totali":"","cc4_cor_attualmente_positivi":"","cc4_eve_data_inizio":"","cc4_eve_data_fine":"","cc4_eve_indirizzo":"","cc4_eve_posizione":{"latitude":"","longitude":"","zoom":""},"cc4_eve_telefono":"","cc4_eve_email":"","cc4_eve_web":"","cc4_eve_fb":"","sitopa_id":""},"_links":{"self":[{"href":"https:\/\/comunicacity.net\/capranica\/wp-json\/wp\/v2\/posts\/730","targetHints":{"allow":["GET"]}}],"collection":[{"href":"https:\/\/comunicacity.net\/capranica\/wp-json\/wp\/v2\/posts"}],"about":[{"href":"https:\/\/comunicacity.net\/capranica\/wp-json\/wp\/v2\/types\/post"}],"author":[{"embeddable":true,"href":"https:\/\/comunicacity.net\/capranica\/wp-json\/wp\/v2\/users\/210"}],"replies":[{"embeddable":true,"href":"https:\/\/comunicacity.net\/capranica\/wp-json\/wp\/v2\/comments?post=730"}],"version-history":[{"count":1,"href":"https:\/\/comunicacity.net\/capranica\/wp-json\/wp\/v2\/posts\/730\/revisions"}],"predecessor-version":[{"id":732,"href":"https:\/\/comunicacity.net\/capranica\/wp-json\/wp\/v2\/posts\/730\/revisions\/732"}],"wp:featuredmedia":[{"embeddable":true,"href":"https:\/\/comunicacity.net\/capranica\/wp-json\/wp\/v2\/media\/306"}],"wp:attachment":[{"href":"https:\/\/comunicacity.net\/capranica\/wp-json\/wp\/v2\/media?parent=730"}],"wp:term":[{"taxonomy":"category","embeddable":true,"href":"https:\/\/comunicacity.net\/capranica\/wp-json\/wp\/v2\/categories?post=730"},{"taxonomy":"post_tag","embeddable":true,"href":"https:\/\/comunicacity.net\/capranica\/wp-json\/wp\/v2\/tags?post=730"}],"curies":[{"name":"wp","href":"https:\/\/api.w.org\/{rel}","templated":true}]}}