{"id":17098,"date":"2021-11-25T08:13:36","date_gmt":"2021-11-25T07:13:36","guid":{"rendered":"https:\/\/comunicacity.net\/castelforte\/2021\/11\/25\/patto-dei-comuni-per-la-parita-e-contro-la-violenza-di-genere\/"},"modified":"2021-11-25T08:21:01","modified_gmt":"2021-11-25T07:21:01","slug":"patto-dei-comuni-per-la-parita-e-contro-la-violenza-di-genere","status":"publish","type":"post","link":"https:\/\/comunicacity.net\/castelforte\/2021\/11\/25\/patto-dei-comuni-per-la-parita-e-contro-la-violenza-di-genere\/","title":{"rendered":"Patto dei Comuni per la parit\u00e0 e contro la violenza di genere"},"content":{"rendered":"<p>&#8220;Oggi, 25 novembre, <em><strong>Giornata internazionale contro la violenza alle donne<\/strong><\/em>, comunico di aver sottoscritto, ieri mattina, il <strong>Patto dei Comuni per la parit\u00e0 e contro la violenza di genere<\/strong> promosso dall&#8217;<strong>ANCI<\/strong> (Associazione Nazionale Comuni Italiani). E&#8217; un atto importante perch\u00e9 ci impegna ad operare per la Prevenzione, la Protezione delle vittime, il Perseguimento dei colpevoli e l&#8217;attuazione di Politiche integrate.\u00a0 La nostra Giunta Comunale \u00e8 formata da due donne e due uomini e tra i miei incaricati c&#8217;\u00e8 una donna alle Pari Opportunit\u00e0. Ma non basta, dobbiamo fare di pi\u00f9. Il <strong>Convegno<\/strong> di marted\u00ec 30 novembre presso l&#8217;Istituto Omnicomprensivo, lo scoprimento di una <strong>&#8220;Panchina rossa&#8221;<\/strong> nella Villa Comunale e la diffusione anche attraverso una locandina del <strong>1522<\/strong> (attivo h24) sono ulteriori segnali di un vero e proprio disegno strategico che deve trovare strade e sentieri per promuovere una vera crescita sociale e culturale di cui l&#8217;intera societ\u00e0 ha bisogno per realizzare l&#8217;effettiva parit\u00e0 tra donne e uomini. Infine colgo l&#8217;occasione offerta da questa &#8220;Giornata&#8221; per ringraziare, ancora una volta, tutti quanti si sono impegnati e lo stanno facendo ancora con forza e determinazione per lanciare e rilanciare questa importante tematica che \u00e8 trasversale ad ogni ambito di vita e di impegno sociale, politico e culturale&#8221;.<\/p>\n<p>Angelo Felice Pompeo &#8211; Sindaco<\/p>\n<p><img loading=\"lazy\" decoding=\"async\" class=\"alignnone wp-image-17202\" src=\"https:\/\/www.comune.castelforte.lt.it\/wp-content\/uploads\/2021\/11\/1522-224x300.jpeg\" alt=\"\" width=\"510\" height=\"683\" \/><\/p>\n<p>&nbsp;<\/p>\n<div id='wpba_attachment_list' class=''>\n<div class='ui list'><h3 style=\"display:none;\">\ud83d\udcce Allegati<\/h3><ul><li><a id=\"wpba_attachment_list_17106\" class=\"y-skip-href item\" href=\"https:\/\/comunicacity.net\/castelforte\/wp-content\/uploads\/sites\/100\/2021\/11\/Patto-dei-Comuni-per-la-parita-e-contro-la-violenza-di-genere.pdf\" onclick=\"window.open('https:\/\/comunicacity.net\/castelforte\/wp-content\/uploads\/sites\/100\/2021\/11\/Patto-dei-Comuni-per-la-parita-e-contro-la-violenza-di-genere.pdf', '_system'); return false;\"><i class='icon attachment'><\/i>Patto dei Comuni per la parit\u00e0 e contro la violenza di genere<\/a><\/li>\n<\/ul><\/div><\/div>\n","protected":false},"excerpt":{"rendered":"<p>&#8220;Oggi, 25 novembre, Giornata internazionale contro la violenza alle donne, comunico di aver sottoscritto, ieri mattina, il Patto dei Comuni per la parit\u00e0 e contro la violenza di genere promosso [&hellip;]<\/p>\n","protected":false},"author":239,"featured_media":17105,"comment_status":"closed","ping_status":"open","sticky":false,"template":"","format":"standard","meta":{"footnotes":""},"categories":[16],"tags":[],"class_list":["post-17098","post","type-post","status-publish","format-standard","has-post-thumbnail","hentry","category-notizie-e-informazioni"],"yoast_head":"<!-- This site is optimized with the Yoast SEO plugin v27.4 - https:\/\/yoast.com\/product\/yoast-seo-wordpress\/ -->\n<title>Patto dei Comuni per la parit\u00e0 e contro la violenza di genere - Castelforte<\/title>\n<meta name=\"robots\" content=\"index, follow, max-snippet:-1, max-image-preview:large, max-video-preview:-1\" \/>\n<link rel=\"canonical\" href=\"https:\/\/comunicacity.net\/castelforte\/2021\/11\/25\/patto-dei-comuni-per-la-parita-e-contro-la-violenza-di-genere\/\" \/>\n<meta property=\"og:locale\" content=\"it_IT\" \/>\n<meta property=\"og:type\" content=\"article\" \/>\n<meta property=\"og:title\" content=\"Patto dei Comuni per la parit\u00e0 e contro la violenza di genere - Castelforte\" \/>\n<meta property=\"og:description\" content=\"&#8220;Oggi, 25 novembre, Giornata internazionale contro la violenza alle donne, comunico di aver sottoscritto, ieri mattina, il Patto dei Comuni per la parit\u00e0 e contro la violenza di genere promosso [&hellip;]\" \/>\n<meta property=\"og:url\" content=\"https:\/\/comunicacity.net\/castelforte\/2021\/11\/25\/patto-dei-comuni-per-la-parita-e-contro-la-violenza-di-genere\/\" \/>\n<meta property=\"og:site_name\" content=\"Castelforte\" \/>\n<meta property=\"article:publisher\" content=\"http:\/\/facebook.com\/ComunicaCity\" \/>\n<meta property=\"article:published_time\" content=\"2021-11-25T07:13:36+00:00\" \/>\n<meta property=\"article:modified_time\" content=\"2021-11-25T07:21:01+00:00\" \/>\n<meta property=\"og:image\" content=\"https:\/\/comunicacity.net\/castelforte\/wp-content\/uploads\/sites\/100\/2021\/11\/WhatsApp-Image-2021-11-24-at-08.34.05-2.jpeg\" \/>\n\t<meta property=\"og:image:width\" content=\"1600\" \/>\n\t<meta property=\"og:image:height\" content=\"1200\" \/>\n\t<meta property=\"og:image:type\" content=\"image\/jpeg\" \/>\n<meta name=\"author\" content=\"castelforte\" \/>\n<meta name=\"twitter:card\" content=\"summary_large_image\" \/>\n<meta name=\"twitter:creator\" content=\"@comunicacity\" \/>\n<meta name=\"twitter:site\" content=\"@comunicacity\" \/>\n<meta name=\"twitter:label1\" content=\"Scritto da\" \/>\n\t<meta name=\"twitter:data1\" content=\"castelforte\" \/>\n\t<meta name=\"twitter:label2\" content=\"Tempo di lettura stimato\" \/>\n\t<meta name=\"twitter:data2\" content=\"2 minuti\" \/>\n<script type=\"application\/ld+json\" class=\"yoast-schema-graph\">{\"@context\":\"https:\\\/\\\/schema.org\",\"@graph\":[{\"@type\":\"Article\",\"@id\":\"https:\\\/\\\/comunicacity.net\\\/castelforte\\\/2021\\\/11\\\/25\\\/patto-dei-comuni-per-la-parita-e-contro-la-violenza-di-genere\\\/#article\",\"isPartOf\":{\"@id\":\"https:\\\/\\\/comunicacity.net\\\/castelforte\\\/2021\\\/11\\\/25\\\/patto-dei-comuni-per-la-parita-e-contro-la-violenza-di-genere\\\/\"},\"author\":{\"name\":\"castelforte\",\"@id\":\"https:\\\/\\\/comunicacity.net\\\/castelforte\\\/#\\\/schema\\\/person\\\/2c036caad8ec00b91b2e447f68e4df71\"},\"headline\":\"Patto dei Comuni per la parit\u00e0 e contro la violenza di genere\",\"datePublished\":\"2021-11-25T07:13:36+00:00\",\"dateModified\":\"2021-11-25T07:21:01+00:00\",\"mainEntityOfPage\":{\"@id\":\"https:\\\/\\\/comunicacity.net\\\/castelforte\\\/2021\\\/11\\\/25\\\/patto-dei-comuni-per-la-parita-e-contro-la-violenza-di-genere\\\/\"},\"wordCount\":218,\"image\":{\"@id\":\"https:\\\/\\\/comunicacity.net\\\/castelforte\\\/2021\\\/11\\\/25\\\/patto-dei-comuni-per-la-parita-e-contro-la-violenza-di-genere\\\/#primaryimage\"},\"thumbnailUrl\":\"https:\\\/\\\/comunicacity.net\\\/castelforte\\\/wp-content\\\/uploads\\\/sites\\\/100\\\/2021\\\/11\\\/WhatsApp-Image-2021-11-24-at-08.34.05-2.jpeg\",\"articleSection\":[\"Notizie e Informazioni\"],\"inLanguage\":\"it-IT\"},{\"@type\":\"WebPage\",\"@id\":\"https:\\\/\\\/comunicacity.net\\\/castelforte\\\/2021\\\/11\\\/25\\\/patto-dei-comuni-per-la-parita-e-contro-la-violenza-di-genere\\\/\",\"url\":\"https:\\\/\\\/comunicacity.net\\\/castelforte\\\/2021\\\/11\\\/25\\\/patto-dei-comuni-per-la-parita-e-contro-la-violenza-di-genere\\\/\",\"name\":\"Patto dei Comuni per la parit\u00e0 e contro la violenza di genere - Castelforte\",\"isPartOf\":{\"@id\":\"https:\\\/\\\/comunicacity.net\\\/castelforte\\\/#website\"},\"primaryImageOfPage\":{\"@id\":\"https:\\\/\\\/comunicacity.net\\\/castelforte\\\/2021\\\/11\\\/25\\\/patto-dei-comuni-per-la-parita-e-contro-la-violenza-di-genere\\\/#primaryimage\"},\"image\":{\"@id\":\"https:\\\/\\\/comunicacity.net\\\/castelforte\\\/2021\\\/11\\\/25\\\/patto-dei-comuni-per-la-parita-e-contro-la-violenza-di-genere\\\/#primaryimage\"},\"thumbnailUrl\":\"https:\\\/\\\/comunicacity.net\\\/castelforte\\\/wp-content\\\/uploads\\\/sites\\\/100\\\/2021\\\/11\\\/WhatsApp-Image-2021-11-24-at-08.34.05-2.jpeg\",\"datePublished\":\"2021-11-25T07:13:36+00:00\",\"dateModified\":\"2021-11-25T07:21:01+00:00\",\"author\":{\"@id\":\"https:\\\/\\\/comunicacity.net\\\/castelforte\\\/#\\\/schema\\\/person\\\/2c036caad8ec00b91b2e447f68e4df71\"},\"breadcrumb\":{\"@id\":\"https:\\\/\\\/comunicacity.net\\\/castelforte\\\/2021\\\/11\\\/25\\\/patto-dei-comuni-per-la-parita-e-contro-la-violenza-di-genere\\\/#breadcrumb\"},\"inLanguage\":\"it-IT\",\"potentialAction\":[{\"@type\":\"ReadAction\",\"target\":[\"https:\\\/\\\/comunicacity.net\\\/castelforte\\\/2021\\\/11\\\/25\\\/patto-dei-comuni-per-la-parita-e-contro-la-violenza-di-genere\\\/\"]}]},{\"@type\":\"ImageObject\",\"inLanguage\":\"it-IT\",\"@id\":\"https:\\\/\\\/comunicacity.net\\\/castelforte\\\/2021\\\/11\\\/25\\\/patto-dei-comuni-per-la-parita-e-contro-la-violenza-di-genere\\\/#primaryimage\",\"url\":\"https:\\\/\\\/comunicacity.net\\\/castelforte\\\/wp-content\\\/uploads\\\/sites\\\/100\\\/2021\\\/11\\\/WhatsApp-Image-2021-11-24-at-08.34.05-2.jpeg\",\"contentUrl\":\"https:\\\/\\\/comunicacity.net\\\/castelforte\\\/wp-content\\\/uploads\\\/sites\\\/100\\\/2021\\\/11\\\/WhatsApp-Image-2021-11-24-at-08.34.05-2.jpeg\",\"width\":1600,\"height\":1200},{\"@type\":\"BreadcrumbList\",\"@id\":\"https:\\\/\\\/comunicacity.net\\\/castelforte\\\/2021\\\/11\\\/25\\\/patto-dei-comuni-per-la-parita-e-contro-la-violenza-di-genere\\\/#breadcrumb\",\"itemListElement\":[{\"@type\":\"ListItem\",\"position\":1,\"name\":\"Home\",\"item\":\"https:\\\/\\\/comunicacity.net\\\/castelforte\\\/\"},{\"@type\":\"ListItem\",\"position\":2,\"name\":\"Patto dei Comuni per la parit\u00e0 e contro la violenza di genere\"}]},{\"@type\":\"WebSite\",\"@id\":\"https:\\\/\\\/comunicacity.net\\\/castelforte\\\/#website\",\"url\":\"https:\\\/\\\/comunicacity.net\\\/castelforte\\\/\",\"name\":\"Castelforte\",\"description\":\"Ecco un altro sito ComunicaCity\",\"potentialAction\":[{\"@type\":\"SearchAction\",\"target\":{\"@type\":\"EntryPoint\",\"urlTemplate\":\"https:\\\/\\\/comunicacity.net\\\/castelforte\\\/?s={search_term_string}\"},\"query-input\":{\"@type\":\"PropertyValueSpecification\",\"valueRequired\":true,\"valueName\":\"search_term_string\"}}],\"inLanguage\":\"it-IT\"},{\"@type\":\"Person\",\"@id\":\"https:\\\/\\\/comunicacity.net\\\/castelforte\\\/#\\\/schema\\\/person\\\/2c036caad8ec00b91b2e447f68e4df71\",\"name\":\"castelforte\",\"image\":{\"@type\":\"ImageObject\",\"inLanguage\":\"it-IT\",\"@id\":\"https:\\\/\\\/secure.gravatar.com\\\/avatar\\\/ba8f99343f0a5bf8dbcf634ed523651a19ffe27713d3c7479ad12a2ab4da2d36?s=96&d=mm&r=g\",\"url\":\"https:\\\/\\\/secure.gravatar.com\\\/avatar\\\/ba8f99343f0a5bf8dbcf634ed523651a19ffe27713d3c7479ad12a2ab4da2d36?s=96&d=mm&r=g\",\"contentUrl\":\"https:\\\/\\\/secure.gravatar.com\\\/avatar\\\/ba8f99343f0a5bf8dbcf634ed523651a19ffe27713d3c7479ad12a2ab4da2d36?s=96&d=mm&r=g\",\"caption\":\"castelforte\"},\"url\":\"https:\\\/\\\/comunicacity.net\\\/castelforte\\\/author\\\/castelforte\\\/\"}]}<\/script>\n<!-- \/ Yoast SEO plugin. -->","yoast_head_json":{"title":"Patto dei Comuni per la parit\u00e0 e contro la violenza di genere - Castelforte","robots":{"index":"index","follow":"follow","max-snippet":"max-snippet:-1","max-image-preview":"max-image-preview:large","max-video-preview":"max-video-preview:-1"},"canonical":"https:\/\/comunicacity.net\/castelforte\/2021\/11\/25\/patto-dei-comuni-per-la-parita-e-contro-la-violenza-di-genere\/","og_locale":"it_IT","og_type":"article","og_title":"Patto dei Comuni per la parit\u00e0 e contro la violenza di genere - Castelforte","og_description":"&#8220;Oggi, 25 novembre, Giornata internazionale contro la violenza alle donne, comunico di aver sottoscritto, ieri mattina, il Patto dei Comuni per la parit\u00e0 e contro la violenza di genere promosso [&hellip;]","og_url":"https:\/\/comunicacity.net\/castelforte\/2021\/11\/25\/patto-dei-comuni-per-la-parita-e-contro-la-violenza-di-genere\/","og_site_name":"Castelforte","article_publisher":"http:\/\/facebook.com\/ComunicaCity","article_published_time":"2021-11-25T07:13:36+00:00","article_modified_time":"2021-11-25T07:21:01+00:00","og_image":[{"width":1600,"height":1200,"url":"https:\/\/comunicacity.net\/castelforte\/wp-content\/uploads\/sites\/100\/2021\/11\/WhatsApp-Image-2021-11-24-at-08.34.05-2.jpeg","type":"image\/jpeg"}],"author":"castelforte","twitter_card":"summary_large_image","twitter_creator":"@comunicacity","twitter_site":"@comunicacity","twitter_misc":{"Scritto da":"castelforte","Tempo di lettura stimato":"2 minuti"},"schema":{"@context":"https:\/\/schema.org","@graph":[{"@type":"Article","@id":"https:\/\/comunicacity.net\/castelforte\/2021\/11\/25\/patto-dei-comuni-per-la-parita-e-contro-la-violenza-di-genere\/#article","isPartOf":{"@id":"https:\/\/comunicacity.net\/castelforte\/2021\/11\/25\/patto-dei-comuni-per-la-parita-e-contro-la-violenza-di-genere\/"},"author":{"name":"castelforte","@id":"https:\/\/comunicacity.net\/castelforte\/#\/schema\/person\/2c036caad8ec00b91b2e447f68e4df71"},"headline":"Patto dei Comuni per la parit\u00e0 e contro la violenza di genere","datePublished":"2021-11-25T07:13:36+00:00","dateModified":"2021-11-25T07:21:01+00:00","mainEntityOfPage":{"@id":"https:\/\/comunicacity.net\/castelforte\/2021\/11\/25\/patto-dei-comuni-per-la-parita-e-contro-la-violenza-di-genere\/"},"wordCount":218,"image":{"@id":"https:\/\/comunicacity.net\/castelforte\/2021\/11\/25\/patto-dei-comuni-per-la-parita-e-contro-la-violenza-di-genere\/#primaryimage"},"thumbnailUrl":"https:\/\/comunicacity.net\/castelforte\/wp-content\/uploads\/sites\/100\/2021\/11\/WhatsApp-Image-2021-11-24-at-08.34.05-2.jpeg","articleSection":["Notizie e Informazioni"],"inLanguage":"it-IT"},{"@type":"WebPage","@id":"https:\/\/comunicacity.net\/castelforte\/2021\/11\/25\/patto-dei-comuni-per-la-parita-e-contro-la-violenza-di-genere\/","url":"https:\/\/comunicacity.net\/castelforte\/2021\/11\/25\/patto-dei-comuni-per-la-parita-e-contro-la-violenza-di-genere\/","name":"Patto dei Comuni per la parit\u00e0 e contro la violenza di genere - Castelforte","isPartOf":{"@id":"https:\/\/comunicacity.net\/castelforte\/#website"},"primaryImageOfPage":{"@id":"https:\/\/comunicacity.net\/castelforte\/2021\/11\/25\/patto-dei-comuni-per-la-parita-e-contro-la-violenza-di-genere\/#primaryimage"},"image":{"@id":"https:\/\/comunicacity.net\/castelforte\/2021\/11\/25\/patto-dei-comuni-per-la-parita-e-contro-la-violenza-di-genere\/#primaryimage"},"thumbnailUrl":"https:\/\/comunicacity.net\/castelforte\/wp-content\/uploads\/sites\/100\/2021\/11\/WhatsApp-Image-2021-11-24-at-08.34.05-2.jpeg","datePublished":"2021-11-25T07:13:36+00:00","dateModified":"2021-11-25T07:21:01+00:00","author":{"@id":"https:\/\/comunicacity.net\/castelforte\/#\/schema\/person\/2c036caad8ec00b91b2e447f68e4df71"},"breadcrumb":{"@id":"https:\/\/comunicacity.net\/castelforte\/2021\/11\/25\/patto-dei-comuni-per-la-parita-e-contro-la-violenza-di-genere\/#breadcrumb"},"inLanguage":"it-IT","potentialAction":[{"@type":"ReadAction","target":["https:\/\/comunicacity.net\/castelforte\/2021\/11\/25\/patto-dei-comuni-per-la-parita-e-contro-la-violenza-di-genere\/"]}]},{"@type":"ImageObject","inLanguage":"it-IT","@id":"https:\/\/comunicacity.net\/castelforte\/2021\/11\/25\/patto-dei-comuni-per-la-parita-e-contro-la-violenza-di-genere\/#primaryimage","url":"https:\/\/comunicacity.net\/castelforte\/wp-content\/uploads\/sites\/100\/2021\/11\/WhatsApp-Image-2021-11-24-at-08.34.05-2.jpeg","contentUrl":"https:\/\/comunicacity.net\/castelforte\/wp-content\/uploads\/sites\/100\/2021\/11\/WhatsApp-Image-2021-11-24-at-08.34.05-2.jpeg","width":1600,"height":1200},{"@type":"BreadcrumbList","@id":"https:\/\/comunicacity.net\/castelforte\/2021\/11\/25\/patto-dei-comuni-per-la-parita-e-contro-la-violenza-di-genere\/#breadcrumb","itemListElement":[{"@type":"ListItem","position":1,"name":"Home","item":"https:\/\/comunicacity.net\/castelforte\/"},{"@type":"ListItem","position":2,"name":"Patto dei Comuni per la parit\u00e0 e contro la violenza di genere"}]},{"@type":"WebSite","@id":"https:\/\/comunicacity.net\/castelforte\/#website","url":"https:\/\/comunicacity.net\/castelforte\/","name":"Castelforte","description":"Ecco un altro sito ComunicaCity","potentialAction":[{"@type":"SearchAction","target":{"@type":"EntryPoint","urlTemplate":"https:\/\/comunicacity.net\/castelforte\/?s={search_term_string}"},"query-input":{"@type":"PropertyValueSpecification","valueRequired":true,"valueName":"search_term_string"}}],"inLanguage":"it-IT"},{"@type":"Person","@id":"https:\/\/comunicacity.net\/castelforte\/#\/schema\/person\/2c036caad8ec00b91b2e447f68e4df71","name":"castelforte","image":{"@type":"ImageObject","inLanguage":"it-IT","@id":"https:\/\/secure.gravatar.com\/avatar\/ba8f99343f0a5bf8dbcf634ed523651a19ffe27713d3c7479ad12a2ab4da2d36?s=96&d=mm&r=g","url":"https:\/\/secure.gravatar.com\/avatar\/ba8f99343f0a5bf8dbcf634ed523651a19ffe27713d3c7479ad12a2ab4da2d36?s=96&d=mm&r=g","contentUrl":"https:\/\/secure.gravatar.com\/avatar\/ba8f99343f0a5bf8dbcf634ed523651a19ffe27713d3c7479ad12a2ab4da2d36?s=96&d=mm&r=g","caption":"castelforte"},"url":"https:\/\/comunicacity.net\/castelforte\/author\/castelforte\/"}]}},"meta_box":{"cc4_urg_colore":"rosso","cc4_urg_data_inizio":"","cc4_urg_data_fine":"","cc4_cor_positivi_oggi":"","cc4_cor_negativizzati_oggi":"","cc4_cor_deceduti_oggi":"","cc4_cor_positivi_totali":"","cc4_cor_negativizzati_totali":"","cc4_cor_deceduti_totali":"","cc4_cor_attualmente_positivi":"","cc4_eve_data_inizio":"","cc4_eve_data_fine":"","cc4_eve_indirizzo":"","cc4_eve_posizione":{"latitude":"0","longitude":"0","zoom":"0"},"cc4_eve_telefono":"","cc4_eve_email":"","cc4_eve_web":"","cc4_eve_fb":"","sitopa_id":"17206"},"_links":{"self":[{"href":"https:\/\/comunicacity.net\/castelforte\/wp-json\/wp\/v2\/posts\/17098","targetHints":{"allow":["GET"]}}],"collection":[{"href":"https:\/\/comunicacity.net\/castelforte\/wp-json\/wp\/v2\/posts"}],"about":[{"href":"https:\/\/comunicacity.net\/castelforte\/wp-json\/wp\/v2\/types\/post"}],"author":[{"embeddable":true,"href":"https:\/\/comunicacity.net\/castelforte\/wp-json\/wp\/v2\/users\/239"}],"replies":[{"embeddable":true,"href":"https:\/\/comunicacity.net\/castelforte\/wp-json\/wp\/v2\/comments?post=17098"}],"version-history":[{"count":2,"href":"https:\/\/comunicacity.net\/castelforte\/wp-json\/wp\/v2\/posts\/17098\/revisions"}],"predecessor-version":[{"id":17104,"href":"https:\/\/comunicacity.net\/castelforte\/wp-json\/wp\/v2\/posts\/17098\/revisions\/17104"}],"wp:featuredmedia":[{"embeddable":true,"href":"https:\/\/comunicacity.net\/castelforte\/wp-json\/wp\/v2\/media\/17105"}],"wp:attachment":[{"href":"https:\/\/comunicacity.net\/castelforte\/wp-json\/wp\/v2\/media?parent=17098"}],"wp:term":[{"taxonomy":"category","embeddable":true,"href":"https:\/\/comunicacity.net\/castelforte\/wp-json\/wp\/v2\/categories?post=17098"},{"taxonomy":"post_tag","embeddable":true,"href":"https:\/\/comunicacity.net\/castelforte\/wp-json\/wp\/v2\/tags?post=17098"}],"curies":[{"name":"wp","href":"https:\/\/api.w.org\/{rel}","templated":true}]}}