{"id":1731,"date":"2020-01-13T12:51:07","date_gmt":"2020-01-13T11:51:07","guid":{"rendered":"https:\/\/comunicacity.net\/castelforte\/?p=1731"},"modified":"2020-01-13T12:51:07","modified_gmt":"2020-01-13T11:51:07","slug":"un-grazie-speciale","status":"publish","type":"post","link":"https:\/\/comunicacity.net\/castelforte\/2020\/01\/13\/un-grazie-speciale\/","title":{"rendered":"Un grazie speciale"},"content":{"rendered":"<p>La vita \u00e8 piena di cose belle e anche di esperienze difficili. Lorenzo \u00e8 stato, per me e la mia famiglia, tutto questo e molto di pi\u00f9. In queste circostanze c\u2019\u00e8 qualcosa di inesprimibile che ci pulsa dentro e che tocca la vita in maniera molto profonda. Non si possono affrontare queste prove ed altre che la vita ci riserva se non facciamo spazio all\u2019esperienza del perdono e della riconciliazione con la vita stessa. Dobbiamo, tutti, nessuno escluso, accettare l\u2019esperienza del limite. Di quell\u2019oltre che nessuno pu\u00f2 valicare ma che siamo chiamati a vivere per essere pace per noi e per chi ci vive accanto. I nostri propositi,i nostri desideri e i nostri sogni, si scontrano con i fatti della vita ma anche questa \u00e8 la vita. Bella, piena di tante cose che a volte non vediamo e che, chiss\u00e0 per quale ragione a volte finiamo per disprezzare. Dobbiamo crescere in questa direzione. Il viaggio della vita ci impone di guardare il bello che c\u2019\u00e8 e, Lorenzo, ne ha fatto parte e ne fa parte come una gemma preziosa.<br \/>\nIn questi giorni, ma anche prima, ho sempre avvertito la vicinanza e l\u2019affetto della famiglia, degli amici, dei cittadini (tutti), delle associazioni, della autorit\u00e0 civili, militari e religiose; ho sentito la presenza vera e autentica di tutti e non c\u2019\u00e8 dubbio che questo aiuta perch\u00e9 ci fa percepire che la fratellanza umana ha una sua realt\u00e0 e una consistenza che crea e alimenta relazioni di solidariet\u00e0.<br \/>\nIn questo momento sento anche il bisogno di dire grazie a tutti. Io , Anna, Ilaria e Leonardo porteremo sempre con noi questa esperienza di vita e la bellezza di una vicinanza che non ci ha fatto sentire soli. Grazie ancora a tutti voi !!!<\/p>\n<p>Giancarlo Cardillo, sindaco<\/p>\n","protected":false},"excerpt":{"rendered":"<p>La vita \u00e8 piena di cose belle e anche di esperienze difficili. Lorenzo \u00e8 stato, per me e la mia famiglia, tutto questo e molto di pi\u00f9. In queste circostanze [&hellip;]<\/p>\n","protected":false},"author":239,"featured_media":1732,"comment_status":"closed","ping_status":"closed","sticky":false,"template":"","format":"standard","meta":{"footnotes":""},"categories":[16],"tags":[],"class_list":["post-1731","post","type-post","status-publish","format-standard","has-post-thumbnail","hentry","category-notizie-e-informazioni"],"yoast_head":"<!-- This site is optimized with the Yoast SEO plugin v27.4 - https:\/\/yoast.com\/product\/yoast-seo-wordpress\/ -->\n<title>Un grazie speciale - Castelforte<\/title>\n<meta name=\"robots\" content=\"index, follow, max-snippet:-1, max-image-preview:large, max-video-preview:-1\" \/>\n<link rel=\"canonical\" href=\"https:\/\/comunicacity.net\/castelforte\/2020\/01\/13\/un-grazie-speciale\/\" \/>\n<meta property=\"og:locale\" content=\"it_IT\" \/>\n<meta property=\"og:type\" content=\"article\" \/>\n<meta property=\"og:title\" content=\"Un grazie speciale - Castelforte\" \/>\n<meta property=\"og:description\" content=\"La vita \u00e8 piena di cose belle e anche di esperienze difficili. Lorenzo \u00e8 stato, per me e la mia famiglia, tutto questo e molto di pi\u00f9. In queste circostanze [&hellip;]\" \/>\n<meta property=\"og:url\" content=\"https:\/\/comunicacity.net\/castelforte\/2020\/01\/13\/un-grazie-speciale\/\" \/>\n<meta property=\"og:site_name\" content=\"Castelforte\" \/>\n<meta property=\"article:publisher\" content=\"http:\/\/facebook.com\/ComunicaCity\" \/>\n<meta property=\"article:published_time\" content=\"2020-01-13T11:51:07+00:00\" \/>\n<meta property=\"og:image\" content=\"https:\/\/comunicacity.net\/castelforte\/wp-content\/uploads\/sites\/100\/2020\/01\/raggio-di-sole-2ic1o3n.jpg\" \/>\n\t<meta property=\"og:image:width\" content=\"576\" \/>\n\t<meta property=\"og:image:height\" content=\"432\" \/>\n\t<meta property=\"og:image:type\" content=\"image\/jpeg\" \/>\n<meta name=\"author\" content=\"castelforte\" \/>\n<meta name=\"twitter:card\" content=\"summary_large_image\" \/>\n<meta name=\"twitter:creator\" content=\"@comunicacity\" \/>\n<meta name=\"twitter:site\" content=\"@comunicacity\" \/>\n<meta name=\"twitter:label1\" content=\"Scritto da\" \/>\n\t<meta name=\"twitter:data1\" content=\"castelforte\" \/>\n\t<meta name=\"twitter:label2\" content=\"Tempo di lettura stimato\" \/>\n\t<meta name=\"twitter:data2\" content=\"1 minuto\" \/>\n<script type=\"application\/ld+json\" class=\"yoast-schema-graph\">{\"@context\":\"https:\\\/\\\/schema.org\",\"@graph\":[{\"@type\":\"Article\",\"@id\":\"https:\\\/\\\/comunicacity.net\\\/castelforte\\\/2020\\\/01\\\/13\\\/un-grazie-speciale\\\/#article\",\"isPartOf\":{\"@id\":\"https:\\\/\\\/comunicacity.net\\\/castelforte\\\/2020\\\/01\\\/13\\\/un-grazie-speciale\\\/\"},\"author\":{\"name\":\"castelforte\",\"@id\":\"https:\\\/\\\/comunicacity.net\\\/castelforte\\\/#\\\/schema\\\/person\\\/2c036caad8ec00b91b2e447f68e4df71\"},\"headline\":\"Un grazie speciale\",\"datePublished\":\"2020-01-13T11:51:07+00:00\",\"mainEntityOfPage\":{\"@id\":\"https:\\\/\\\/comunicacity.net\\\/castelforte\\\/2020\\\/01\\\/13\\\/un-grazie-speciale\\\/\"},\"wordCount\":296,\"image\":{\"@id\":\"https:\\\/\\\/comunicacity.net\\\/castelforte\\\/2020\\\/01\\\/13\\\/un-grazie-speciale\\\/#primaryimage\"},\"thumbnailUrl\":\"https:\\\/\\\/comunicacity.net\\\/castelforte\\\/wp-content\\\/uploads\\\/sites\\\/100\\\/2020\\\/01\\\/raggio-di-sole-2ic1o3n.jpg\",\"articleSection\":[\"Notizie e Informazioni\"],\"inLanguage\":\"it-IT\"},{\"@type\":\"WebPage\",\"@id\":\"https:\\\/\\\/comunicacity.net\\\/castelforte\\\/2020\\\/01\\\/13\\\/un-grazie-speciale\\\/\",\"url\":\"https:\\\/\\\/comunicacity.net\\\/castelforte\\\/2020\\\/01\\\/13\\\/un-grazie-speciale\\\/\",\"name\":\"Un grazie speciale - Castelforte\",\"isPartOf\":{\"@id\":\"https:\\\/\\\/comunicacity.net\\\/castelforte\\\/#website\"},\"primaryImageOfPage\":{\"@id\":\"https:\\\/\\\/comunicacity.net\\\/castelforte\\\/2020\\\/01\\\/13\\\/un-grazie-speciale\\\/#primaryimage\"},\"image\":{\"@id\":\"https:\\\/\\\/comunicacity.net\\\/castelforte\\\/2020\\\/01\\\/13\\\/un-grazie-speciale\\\/#primaryimage\"},\"thumbnailUrl\":\"https:\\\/\\\/comunicacity.net\\\/castelforte\\\/wp-content\\\/uploads\\\/sites\\\/100\\\/2020\\\/01\\\/raggio-di-sole-2ic1o3n.jpg\",\"datePublished\":\"2020-01-13T11:51:07+00:00\",\"author\":{\"@id\":\"https:\\\/\\\/comunicacity.net\\\/castelforte\\\/#\\\/schema\\\/person\\\/2c036caad8ec00b91b2e447f68e4df71\"},\"breadcrumb\":{\"@id\":\"https:\\\/\\\/comunicacity.net\\\/castelforte\\\/2020\\\/01\\\/13\\\/un-grazie-speciale\\\/#breadcrumb\"},\"inLanguage\":\"it-IT\",\"potentialAction\":[{\"@type\":\"ReadAction\",\"target\":[\"https:\\\/\\\/comunicacity.net\\\/castelforte\\\/2020\\\/01\\\/13\\\/un-grazie-speciale\\\/\"]}]},{\"@type\":\"ImageObject\",\"inLanguage\":\"it-IT\",\"@id\":\"https:\\\/\\\/comunicacity.net\\\/castelforte\\\/2020\\\/01\\\/13\\\/un-grazie-speciale\\\/#primaryimage\",\"url\":\"https:\\\/\\\/comunicacity.net\\\/castelforte\\\/wp-content\\\/uploads\\\/sites\\\/100\\\/2020\\\/01\\\/raggio-di-sole-2ic1o3n.jpg\",\"contentUrl\":\"https:\\\/\\\/comunicacity.net\\\/castelforte\\\/wp-content\\\/uploads\\\/sites\\\/100\\\/2020\\\/01\\\/raggio-di-sole-2ic1o3n.jpg\",\"width\":576,\"height\":432},{\"@type\":\"BreadcrumbList\",\"@id\":\"https:\\\/\\\/comunicacity.net\\\/castelforte\\\/2020\\\/01\\\/13\\\/un-grazie-speciale\\\/#breadcrumb\",\"itemListElement\":[{\"@type\":\"ListItem\",\"position\":1,\"name\":\"Home\",\"item\":\"https:\\\/\\\/comunicacity.net\\\/castelforte\\\/\"},{\"@type\":\"ListItem\",\"position\":2,\"name\":\"Un grazie speciale\"}]},{\"@type\":\"WebSite\",\"@id\":\"https:\\\/\\\/comunicacity.net\\\/castelforte\\\/#website\",\"url\":\"https:\\\/\\\/comunicacity.net\\\/castelforte\\\/\",\"name\":\"Castelforte\",\"description\":\"Ecco un altro sito ComunicaCity\",\"potentialAction\":[{\"@type\":\"SearchAction\",\"target\":{\"@type\":\"EntryPoint\",\"urlTemplate\":\"https:\\\/\\\/comunicacity.net\\\/castelforte\\\/?s={search_term_string}\"},\"query-input\":{\"@type\":\"PropertyValueSpecification\",\"valueRequired\":true,\"valueName\":\"search_term_string\"}}],\"inLanguage\":\"it-IT\"},{\"@type\":\"Person\",\"@id\":\"https:\\\/\\\/comunicacity.net\\\/castelforte\\\/#\\\/schema\\\/person\\\/2c036caad8ec00b91b2e447f68e4df71\",\"name\":\"castelforte\",\"image\":{\"@type\":\"ImageObject\",\"inLanguage\":\"it-IT\",\"@id\":\"https:\\\/\\\/secure.gravatar.com\\\/avatar\\\/ba8f99343f0a5bf8dbcf634ed523651a19ffe27713d3c7479ad12a2ab4da2d36?s=96&d=mm&r=g\",\"url\":\"https:\\\/\\\/secure.gravatar.com\\\/avatar\\\/ba8f99343f0a5bf8dbcf634ed523651a19ffe27713d3c7479ad12a2ab4da2d36?s=96&d=mm&r=g\",\"contentUrl\":\"https:\\\/\\\/secure.gravatar.com\\\/avatar\\\/ba8f99343f0a5bf8dbcf634ed523651a19ffe27713d3c7479ad12a2ab4da2d36?s=96&d=mm&r=g\",\"caption\":\"castelforte\"},\"url\":\"https:\\\/\\\/comunicacity.net\\\/castelforte\\\/author\\\/castelforte\\\/\"}]}<\/script>\n<!-- \/ Yoast SEO plugin. -->","yoast_head_json":{"title":"Un grazie speciale - Castelforte","robots":{"index":"index","follow":"follow","max-snippet":"max-snippet:-1","max-image-preview":"max-image-preview:large","max-video-preview":"max-video-preview:-1"},"canonical":"https:\/\/comunicacity.net\/castelforte\/2020\/01\/13\/un-grazie-speciale\/","og_locale":"it_IT","og_type":"article","og_title":"Un grazie speciale - Castelforte","og_description":"La vita \u00e8 piena di cose belle e anche di esperienze difficili. Lorenzo \u00e8 stato, per me e la mia famiglia, tutto questo e molto di pi\u00f9. In queste circostanze [&hellip;]","og_url":"https:\/\/comunicacity.net\/castelforte\/2020\/01\/13\/un-grazie-speciale\/","og_site_name":"Castelforte","article_publisher":"http:\/\/facebook.com\/ComunicaCity","article_published_time":"2020-01-13T11:51:07+00:00","og_image":[{"width":576,"height":432,"url":"https:\/\/comunicacity.net\/castelforte\/wp-content\/uploads\/sites\/100\/2020\/01\/raggio-di-sole-2ic1o3n.jpg","type":"image\/jpeg"}],"author":"castelforte","twitter_card":"summary_large_image","twitter_creator":"@comunicacity","twitter_site":"@comunicacity","twitter_misc":{"Scritto da":"castelforte","Tempo di lettura stimato":"1 minuto"},"schema":{"@context":"https:\/\/schema.org","@graph":[{"@type":"Article","@id":"https:\/\/comunicacity.net\/castelforte\/2020\/01\/13\/un-grazie-speciale\/#article","isPartOf":{"@id":"https:\/\/comunicacity.net\/castelforte\/2020\/01\/13\/un-grazie-speciale\/"},"author":{"name":"castelforte","@id":"https:\/\/comunicacity.net\/castelforte\/#\/schema\/person\/2c036caad8ec00b91b2e447f68e4df71"},"headline":"Un grazie speciale","datePublished":"2020-01-13T11:51:07+00:00","mainEntityOfPage":{"@id":"https:\/\/comunicacity.net\/castelforte\/2020\/01\/13\/un-grazie-speciale\/"},"wordCount":296,"image":{"@id":"https:\/\/comunicacity.net\/castelforte\/2020\/01\/13\/un-grazie-speciale\/#primaryimage"},"thumbnailUrl":"https:\/\/comunicacity.net\/castelforte\/wp-content\/uploads\/sites\/100\/2020\/01\/raggio-di-sole-2ic1o3n.jpg","articleSection":["Notizie e Informazioni"],"inLanguage":"it-IT"},{"@type":"WebPage","@id":"https:\/\/comunicacity.net\/castelforte\/2020\/01\/13\/un-grazie-speciale\/","url":"https:\/\/comunicacity.net\/castelforte\/2020\/01\/13\/un-grazie-speciale\/","name":"Un grazie speciale - Castelforte","isPartOf":{"@id":"https:\/\/comunicacity.net\/castelforte\/#website"},"primaryImageOfPage":{"@id":"https:\/\/comunicacity.net\/castelforte\/2020\/01\/13\/un-grazie-speciale\/#primaryimage"},"image":{"@id":"https:\/\/comunicacity.net\/castelforte\/2020\/01\/13\/un-grazie-speciale\/#primaryimage"},"thumbnailUrl":"https:\/\/comunicacity.net\/castelforte\/wp-content\/uploads\/sites\/100\/2020\/01\/raggio-di-sole-2ic1o3n.jpg","datePublished":"2020-01-13T11:51:07+00:00","author":{"@id":"https:\/\/comunicacity.net\/castelforte\/#\/schema\/person\/2c036caad8ec00b91b2e447f68e4df71"},"breadcrumb":{"@id":"https:\/\/comunicacity.net\/castelforte\/2020\/01\/13\/un-grazie-speciale\/#breadcrumb"},"inLanguage":"it-IT","potentialAction":[{"@type":"ReadAction","target":["https:\/\/comunicacity.net\/castelforte\/2020\/01\/13\/un-grazie-speciale\/"]}]},{"@type":"ImageObject","inLanguage":"it-IT","@id":"https:\/\/comunicacity.net\/castelforte\/2020\/01\/13\/un-grazie-speciale\/#primaryimage","url":"https:\/\/comunicacity.net\/castelforte\/wp-content\/uploads\/sites\/100\/2020\/01\/raggio-di-sole-2ic1o3n.jpg","contentUrl":"https:\/\/comunicacity.net\/castelforte\/wp-content\/uploads\/sites\/100\/2020\/01\/raggio-di-sole-2ic1o3n.jpg","width":576,"height":432},{"@type":"BreadcrumbList","@id":"https:\/\/comunicacity.net\/castelforte\/2020\/01\/13\/un-grazie-speciale\/#breadcrumb","itemListElement":[{"@type":"ListItem","position":1,"name":"Home","item":"https:\/\/comunicacity.net\/castelforte\/"},{"@type":"ListItem","position":2,"name":"Un grazie speciale"}]},{"@type":"WebSite","@id":"https:\/\/comunicacity.net\/castelforte\/#website","url":"https:\/\/comunicacity.net\/castelforte\/","name":"Castelforte","description":"Ecco un altro sito ComunicaCity","potentialAction":[{"@type":"SearchAction","target":{"@type":"EntryPoint","urlTemplate":"https:\/\/comunicacity.net\/castelforte\/?s={search_term_string}"},"query-input":{"@type":"PropertyValueSpecification","valueRequired":true,"valueName":"search_term_string"}}],"inLanguage":"it-IT"},{"@type":"Person","@id":"https:\/\/comunicacity.net\/castelforte\/#\/schema\/person\/2c036caad8ec00b91b2e447f68e4df71","name":"castelforte","image":{"@type":"ImageObject","inLanguage":"it-IT","@id":"https:\/\/secure.gravatar.com\/avatar\/ba8f99343f0a5bf8dbcf634ed523651a19ffe27713d3c7479ad12a2ab4da2d36?s=96&d=mm&r=g","url":"https:\/\/secure.gravatar.com\/avatar\/ba8f99343f0a5bf8dbcf634ed523651a19ffe27713d3c7479ad12a2ab4da2d36?s=96&d=mm&r=g","contentUrl":"https:\/\/secure.gravatar.com\/avatar\/ba8f99343f0a5bf8dbcf634ed523651a19ffe27713d3c7479ad12a2ab4da2d36?s=96&d=mm&r=g","caption":"castelforte"},"url":"https:\/\/comunicacity.net\/castelforte\/author\/castelforte\/"}]}},"meta_box":{"cc4_urg_colore":"","cc4_urg_data_inizio":"","cc4_urg_data_fine":"","cc4_cor_positivi_oggi":"","cc4_cor_negativizzati_oggi":"","cc4_cor_deceduti_oggi":"","cc4_cor_positivi_totali":"","cc4_cor_negativizzati_totali":"","cc4_cor_deceduti_totali":"","cc4_cor_attualmente_positivi":"","cc4_eve_data_inizio":"","cc4_eve_data_fine":"","cc4_eve_indirizzo":"","cc4_eve_posizione":{"latitude":"","longitude":"","zoom":""},"cc4_eve_telefono":"","cc4_eve_email":"","cc4_eve_web":"","cc4_eve_fb":"","sitopa_id":""},"_links":{"self":[{"href":"https:\/\/comunicacity.net\/castelforte\/wp-json\/wp\/v2\/posts\/1731","targetHints":{"allow":["GET"]}}],"collection":[{"href":"https:\/\/comunicacity.net\/castelforte\/wp-json\/wp\/v2\/posts"}],"about":[{"href":"https:\/\/comunicacity.net\/castelforte\/wp-json\/wp\/v2\/types\/post"}],"author":[{"embeddable":true,"href":"https:\/\/comunicacity.net\/castelforte\/wp-json\/wp\/v2\/users\/239"}],"replies":[{"embeddable":true,"href":"https:\/\/comunicacity.net\/castelforte\/wp-json\/wp\/v2\/comments?post=1731"}],"version-history":[{"count":1,"href":"https:\/\/comunicacity.net\/castelforte\/wp-json\/wp\/v2\/posts\/1731\/revisions"}],"predecessor-version":[{"id":1733,"href":"https:\/\/comunicacity.net\/castelforte\/wp-json\/wp\/v2\/posts\/1731\/revisions\/1733"}],"wp:featuredmedia":[{"embeddable":true,"href":"https:\/\/comunicacity.net\/castelforte\/wp-json\/wp\/v2\/media\/1732"}],"wp:attachment":[{"href":"https:\/\/comunicacity.net\/castelforte\/wp-json\/wp\/v2\/media?parent=1731"}],"wp:term":[{"taxonomy":"category","embeddable":true,"href":"https:\/\/comunicacity.net\/castelforte\/wp-json\/wp\/v2\/categories?post=1731"},{"taxonomy":"post_tag","embeddable":true,"href":"https:\/\/comunicacity.net\/castelforte\/wp-json\/wp\/v2\/tags?post=1731"}],"curies":[{"name":"wp","href":"https:\/\/api.w.org\/{rel}","templated":true}]}}