{"id":17405,"date":"2022-06-27T16:17:26","date_gmt":"2022-06-27T14:17:26","guid":{"rendered":"https:\/\/comunicacity.net\/castelforte\/2022\/06\/27\/ordinanza-del-sindaco-per-la-disciplina-orari-delle-attivita-commerciali\/"},"modified":"2022-06-27T16:21:42","modified_gmt":"2022-06-27T14:21:42","slug":"ordinanza-del-sindaco-per-la-disciplina-orari-delle-attivita-commerciali","status":"publish","type":"post","link":"https:\/\/comunicacity.net\/castelforte\/2022\/06\/27\/ordinanza-del-sindaco-per-la-disciplina-orari-delle-attivita-commerciali\/","title":{"rendered":"Ordinanza del Sindaco per la disciplina degli orari delle attivit\u00e0 commerciali"},"content":{"rendered":"<p>Si comunica che, in data odierna, il Sindaco Angelo Felice Pompeo ha firmato l&#8217;ordinanza n. 19 con la quale provvede alla disciplina degli orari inerenti le attivit\u00e0 commerciali, di somministrazione di alimenti e bevande e\/o produttive nel territorio comunale. .<\/p>\n<p>&#8211;<strong>Gli Esercizi commerciali di vendita al dettaglio, le pescherie, i laboratori artigianali che effettuano la vendita diretta dei loro prodotti ed i Pubblici Esercizi<\/strong> possono scegliere liberamente l&#8217;orario di apertura tra le ore 05,00 e le ore 01,00 in tutte le giornate dell&#8217;anno, comprese le giornate festive e domenicali e possono scegliere liberamente anche l&#8217;eventuale giornata di riposo settimanale.<\/p>\n<p>-Nei mesi di luglio\/agosto, limitatamente alle giornate di Venerdi e Sabato, nonch\u00e9 nelle altre giornate in cui si effettuano manifestazioni pubbliche autorizzate dal Comune, \u00e8 data facolt\u00e0 di protrarre la chiusura alle ore 02,00.<\/p>\n<p>-Per coloro che usufruiscono di audizioni musicali all&#8217;aperto \u00e8 consentito lo svolgimento, nel rispetto della vigente normativa in acustica, nelle fasce orarie 10,00\/13,00 e dalle ore 17,00 alle ore 24,00.<\/p>\n<p>&#8211;<strong>Le sale Giochi<\/strong> osserveranno il seguente orario di apertura dalle ore 10,00 alle ore 24,00.<\/p>\n<p>-Nei Pubblici Esercizi non \u00e8 consentito usare i giochi leciti dalle ore 13,00 alle ore 15,00 e dalle ore 24,00 all&#8217;orario di chiusura, ad eccezione dei giochi di carta, dama e altri giochi da tavolo che non prevedano l&#8217;uso di apparecchi meccanici o elettromeccanici.<\/p>\n<p>-E&#8217; Fatto divieto di installare sul suolo pubblico o privato soggetto a pubblico passaggio e comunque fuori dai locali di esercizio, apparecchi con la unica esclusione dei dondolanti. -Nel seguente periodo: limitatamente alle giornate 24-25-26-31 dicembre; 01-05 gennaio; Vigilia della Santa Pasqua \u00e8 data facolt\u00e0 di protrarre la chiusura alle ore 02,00.<\/p>\n<p>&#8211;<strong>Per il Mercato Settimanale<\/strong> dovr\u00e0 essere osservato il seguente orario: -dalle ore 06,30 alle ore 13,30-<\/p>\n<p>Qualora il mercato cada in giorno festivo esso \u00e8 anticipato al giorno precedente se feriale, altrimenti \u00e8 spostato al successivo.<\/p>\n<p>L<strong>&#8216;orario per l&#8217;esercizio del commercio su aree pubbliche in forma itinerante \u00e8 il seguente:<\/strong><\/p>\n<p>a)antimeridiano: dalle ore 08,30 alle ore 13,00;<\/p>\n<p>b)pomeridiano dalle ore 16,00 alle ore 20,30.<\/p>\n<p>&#8211;<strong>L&#8217;esercente degli esercizi commerciali di vendita al dettaglio, le pescherie, gli artigiani e dei pubblici esercizi \u00e8 tenuto a rendere noto al pubblico l&#8217;orario di effettiva apertura e chiusura del proprio esercizio mediante cartelli o altri mezzi idonei di informazione.<\/strong><\/p>\n<p>&#8211;<strong>L&#8217;esercente di Pubblico Esercizio \u00e8 altres\u00ec tenuto a comunicare preventivamente al Comune l&#8217;orario prescelto.<\/strong><\/p>\n<div id='wpba_attachment_list' class=''>\n<div class='ui list'><h3 style=\"display:none;\">\ud83d\udcce Allegati<\/h3><ul><li><a id=\"wpba_attachment_list_17410\" class=\"y-skip-href item\" href=\"https:\/\/comunicacity.net\/castelforte\/wp-content\/uploads\/sites\/100\/2022\/06\/ORDINANZA_N._19_DEL_27.06.2022-1.pdf\" onclick=\"window.open('https:\/\/comunicacity.net\/castelforte\/wp-content\/uploads\/sites\/100\/2022\/06\/ORDINANZA_N._19_DEL_27.06.2022-1.pdf', '_system'); return false;\"><i class='icon attachment'><\/i>ORDINANZA_N._19_DEL_27.06.2022<\/a><\/li>\n<\/ul><\/div><\/div>\n","protected":false},"excerpt":{"rendered":"<p>Si comunica che, in data odierna, il Sindaco Angelo Felice Pompeo ha firmato l&#8217;ordinanza n. 19 con la quale provvede alla disciplina degli orari inerenti le attivit\u00e0 commerciali, di somministrazione [&hellip;]<\/p>\n","protected":false},"author":239,"featured_media":17409,"comment_status":"closed","ping_status":"open","sticky":false,"template":"","format":"standard","meta":{"footnotes":""},"categories":[16],"tags":[],"class_list":["post-17405","post","type-post","status-publish","format-standard","has-post-thumbnail","hentry","category-notizie-e-informazioni"],"yoast_head":"<!-- This site is optimized with the Yoast SEO plugin v27.4 - https:\/\/yoast.com\/product\/yoast-seo-wordpress\/ -->\n<title>Ordinanza del Sindaco per la disciplina degli orari delle attivit\u00e0 commerciali - Castelforte<\/title>\n<meta name=\"robots\" content=\"index, follow, max-snippet:-1, max-image-preview:large, max-video-preview:-1\" \/>\n<link rel=\"canonical\" href=\"https:\/\/comunicacity.net\/castelforte\/2022\/06\/27\/ordinanza-del-sindaco-per-la-disciplina-orari-delle-attivita-commerciali\/\" \/>\n<meta property=\"og:locale\" content=\"it_IT\" \/>\n<meta property=\"og:type\" content=\"article\" \/>\n<meta property=\"og:title\" content=\"Ordinanza del Sindaco per la disciplina degli orari delle attivit\u00e0 commerciali - Castelforte\" \/>\n<meta property=\"og:description\" content=\"Si comunica che, in data odierna, il Sindaco Angelo Felice Pompeo ha firmato l&#8217;ordinanza n. 19 con la quale provvede alla disciplina degli orari inerenti le attivit\u00e0 commerciali, di somministrazione [&hellip;]\" \/>\n<meta property=\"og:url\" content=\"https:\/\/comunicacity.net\/castelforte\/2022\/06\/27\/ordinanza-del-sindaco-per-la-disciplina-orari-delle-attivita-commerciali\/\" \/>\n<meta property=\"og:site_name\" content=\"Castelforte\" \/>\n<meta property=\"article:publisher\" content=\"http:\/\/facebook.com\/ComunicaCity\" \/>\n<meta property=\"article:published_time\" content=\"2022-06-27T14:17:26+00:00\" \/>\n<meta property=\"article:modified_time\" content=\"2022-06-27T14:21:42+00:00\" \/>\n<meta property=\"og:image\" content=\"https:\/\/comunicacity.net\/castelforte\/wp-content\/uploads\/sites\/100\/2022\/06\/WhatsApp-Image-2021-12-21-at-11.57.16-4.jpeg\" \/>\n\t<meta property=\"og:image:width\" content=\"1600\" \/>\n\t<meta property=\"og:image:height\" content=\"1600\" \/>\n\t<meta property=\"og:image:type\" content=\"image\/jpeg\" \/>\n<meta name=\"author\" content=\"castelforte\" \/>\n<meta name=\"twitter:card\" content=\"summary_large_image\" \/>\n<meta name=\"twitter:creator\" content=\"@comunicacity\" \/>\n<meta name=\"twitter:site\" content=\"@comunicacity\" \/>\n<meta name=\"twitter:label1\" content=\"Scritto da\" \/>\n\t<meta name=\"twitter:data1\" content=\"castelforte\" \/>\n\t<meta name=\"twitter:label2\" content=\"Tempo di lettura stimato\" \/>\n\t<meta name=\"twitter:data2\" content=\"3 minuti\" \/>\n<script type=\"application\/ld+json\" class=\"yoast-schema-graph\">{\"@context\":\"https:\\\/\\\/schema.org\",\"@graph\":[{\"@type\":\"Article\",\"@id\":\"https:\\\/\\\/comunicacity.net\\\/castelforte\\\/2022\\\/06\\\/27\\\/ordinanza-del-sindaco-per-la-disciplina-orari-delle-attivita-commerciali\\\/#article\",\"isPartOf\":{\"@id\":\"https:\\\/\\\/comunicacity.net\\\/castelforte\\\/2022\\\/06\\\/27\\\/ordinanza-del-sindaco-per-la-disciplina-orari-delle-attivita-commerciali\\\/\"},\"author\":{\"name\":\"castelforte\",\"@id\":\"https:\\\/\\\/comunicacity.net\\\/castelforte\\\/#\\\/schema\\\/person\\\/2c036caad8ec00b91b2e447f68e4df71\"},\"headline\":\"Ordinanza del Sindaco per la disciplina degli orari delle attivit\u00e0 commerciali\",\"datePublished\":\"2022-06-27T14:17:26+00:00\",\"dateModified\":\"2022-06-27T14:21:42+00:00\",\"mainEntityOfPage\":{\"@id\":\"https:\\\/\\\/comunicacity.net\\\/castelforte\\\/2022\\\/06\\\/27\\\/ordinanza-del-sindaco-per-la-disciplina-orari-delle-attivita-commerciali\\\/\"},\"wordCount\":381,\"image\":{\"@id\":\"https:\\\/\\\/comunicacity.net\\\/castelforte\\\/2022\\\/06\\\/27\\\/ordinanza-del-sindaco-per-la-disciplina-orari-delle-attivita-commerciali\\\/#primaryimage\"},\"thumbnailUrl\":\"https:\\\/\\\/comunicacity.net\\\/castelforte\\\/wp-content\\\/uploads\\\/sites\\\/100\\\/2022\\\/06\\\/WhatsApp-Image-2021-12-21-at-11.57.16-4.jpeg\",\"articleSection\":[\"Notizie e Informazioni\"],\"inLanguage\":\"it-IT\"},{\"@type\":\"WebPage\",\"@id\":\"https:\\\/\\\/comunicacity.net\\\/castelforte\\\/2022\\\/06\\\/27\\\/ordinanza-del-sindaco-per-la-disciplina-orari-delle-attivita-commerciali\\\/\",\"url\":\"https:\\\/\\\/comunicacity.net\\\/castelforte\\\/2022\\\/06\\\/27\\\/ordinanza-del-sindaco-per-la-disciplina-orari-delle-attivita-commerciali\\\/\",\"name\":\"Ordinanza del Sindaco per la disciplina degli orari delle attivit\u00e0 commerciali - Castelforte\",\"isPartOf\":{\"@id\":\"https:\\\/\\\/comunicacity.net\\\/castelforte\\\/#website\"},\"primaryImageOfPage\":{\"@id\":\"https:\\\/\\\/comunicacity.net\\\/castelforte\\\/2022\\\/06\\\/27\\\/ordinanza-del-sindaco-per-la-disciplina-orari-delle-attivita-commerciali\\\/#primaryimage\"},\"image\":{\"@id\":\"https:\\\/\\\/comunicacity.net\\\/castelforte\\\/2022\\\/06\\\/27\\\/ordinanza-del-sindaco-per-la-disciplina-orari-delle-attivita-commerciali\\\/#primaryimage\"},\"thumbnailUrl\":\"https:\\\/\\\/comunicacity.net\\\/castelforte\\\/wp-content\\\/uploads\\\/sites\\\/100\\\/2022\\\/06\\\/WhatsApp-Image-2021-12-21-at-11.57.16-4.jpeg\",\"datePublished\":\"2022-06-27T14:17:26+00:00\",\"dateModified\":\"2022-06-27T14:21:42+00:00\",\"author\":{\"@id\":\"https:\\\/\\\/comunicacity.net\\\/castelforte\\\/#\\\/schema\\\/person\\\/2c036caad8ec00b91b2e447f68e4df71\"},\"breadcrumb\":{\"@id\":\"https:\\\/\\\/comunicacity.net\\\/castelforte\\\/2022\\\/06\\\/27\\\/ordinanza-del-sindaco-per-la-disciplina-orari-delle-attivita-commerciali\\\/#breadcrumb\"},\"inLanguage\":\"it-IT\",\"potentialAction\":[{\"@type\":\"ReadAction\",\"target\":[\"https:\\\/\\\/comunicacity.net\\\/castelforte\\\/2022\\\/06\\\/27\\\/ordinanza-del-sindaco-per-la-disciplina-orari-delle-attivita-commerciali\\\/\"]}]},{\"@type\":\"ImageObject\",\"inLanguage\":\"it-IT\",\"@id\":\"https:\\\/\\\/comunicacity.net\\\/castelforte\\\/2022\\\/06\\\/27\\\/ordinanza-del-sindaco-per-la-disciplina-orari-delle-attivita-commerciali\\\/#primaryimage\",\"url\":\"https:\\\/\\\/comunicacity.net\\\/castelforte\\\/wp-content\\\/uploads\\\/sites\\\/100\\\/2022\\\/06\\\/WhatsApp-Image-2021-12-21-at-11.57.16-4.jpeg\",\"contentUrl\":\"https:\\\/\\\/comunicacity.net\\\/castelforte\\\/wp-content\\\/uploads\\\/sites\\\/100\\\/2022\\\/06\\\/WhatsApp-Image-2021-12-21-at-11.57.16-4.jpeg\",\"width\":1600,\"height\":1600},{\"@type\":\"BreadcrumbList\",\"@id\":\"https:\\\/\\\/comunicacity.net\\\/castelforte\\\/2022\\\/06\\\/27\\\/ordinanza-del-sindaco-per-la-disciplina-orari-delle-attivita-commerciali\\\/#breadcrumb\",\"itemListElement\":[{\"@type\":\"ListItem\",\"position\":1,\"name\":\"Home\",\"item\":\"https:\\\/\\\/comunicacity.net\\\/castelforte\\\/\"},{\"@type\":\"ListItem\",\"position\":2,\"name\":\"Ordinanza del Sindaco per la disciplina degli orari delle attivit\u00e0 commerciali\"}]},{\"@type\":\"WebSite\",\"@id\":\"https:\\\/\\\/comunicacity.net\\\/castelforte\\\/#website\",\"url\":\"https:\\\/\\\/comunicacity.net\\\/castelforte\\\/\",\"name\":\"Castelforte\",\"description\":\"Ecco un altro sito ComunicaCity\",\"potentialAction\":[{\"@type\":\"SearchAction\",\"target\":{\"@type\":\"EntryPoint\",\"urlTemplate\":\"https:\\\/\\\/comunicacity.net\\\/castelforte\\\/?s={search_term_string}\"},\"query-input\":{\"@type\":\"PropertyValueSpecification\",\"valueRequired\":true,\"valueName\":\"search_term_string\"}}],\"inLanguage\":\"it-IT\"},{\"@type\":\"Person\",\"@id\":\"https:\\\/\\\/comunicacity.net\\\/castelforte\\\/#\\\/schema\\\/person\\\/2c036caad8ec00b91b2e447f68e4df71\",\"name\":\"castelforte\",\"image\":{\"@type\":\"ImageObject\",\"inLanguage\":\"it-IT\",\"@id\":\"https:\\\/\\\/secure.gravatar.com\\\/avatar\\\/ba8f99343f0a5bf8dbcf634ed523651a19ffe27713d3c7479ad12a2ab4da2d36?s=96&d=mm&r=g\",\"url\":\"https:\\\/\\\/secure.gravatar.com\\\/avatar\\\/ba8f99343f0a5bf8dbcf634ed523651a19ffe27713d3c7479ad12a2ab4da2d36?s=96&d=mm&r=g\",\"contentUrl\":\"https:\\\/\\\/secure.gravatar.com\\\/avatar\\\/ba8f99343f0a5bf8dbcf634ed523651a19ffe27713d3c7479ad12a2ab4da2d36?s=96&d=mm&r=g\",\"caption\":\"castelforte\"},\"url\":\"https:\\\/\\\/comunicacity.net\\\/castelforte\\\/author\\\/castelforte\\\/\"}]}<\/script>\n<!-- \/ Yoast SEO plugin. -->","yoast_head_json":{"title":"Ordinanza del Sindaco per la disciplina degli orari delle attivit\u00e0 commerciali - Castelforte","robots":{"index":"index","follow":"follow","max-snippet":"max-snippet:-1","max-image-preview":"max-image-preview:large","max-video-preview":"max-video-preview:-1"},"canonical":"https:\/\/comunicacity.net\/castelforte\/2022\/06\/27\/ordinanza-del-sindaco-per-la-disciplina-orari-delle-attivita-commerciali\/","og_locale":"it_IT","og_type":"article","og_title":"Ordinanza del Sindaco per la disciplina degli orari delle attivit\u00e0 commerciali - Castelforte","og_description":"Si comunica che, in data odierna, il Sindaco Angelo Felice Pompeo ha firmato l&#8217;ordinanza n. 19 con la quale provvede alla disciplina degli orari inerenti le attivit\u00e0 commerciali, di somministrazione [&hellip;]","og_url":"https:\/\/comunicacity.net\/castelforte\/2022\/06\/27\/ordinanza-del-sindaco-per-la-disciplina-orari-delle-attivita-commerciali\/","og_site_name":"Castelforte","article_publisher":"http:\/\/facebook.com\/ComunicaCity","article_published_time":"2022-06-27T14:17:26+00:00","article_modified_time":"2022-06-27T14:21:42+00:00","og_image":[{"width":1600,"height":1600,"url":"https:\/\/comunicacity.net\/castelforte\/wp-content\/uploads\/sites\/100\/2022\/06\/WhatsApp-Image-2021-12-21-at-11.57.16-4.jpeg","type":"image\/jpeg"}],"author":"castelforte","twitter_card":"summary_large_image","twitter_creator":"@comunicacity","twitter_site":"@comunicacity","twitter_misc":{"Scritto da":"castelforte","Tempo di lettura stimato":"3 minuti"},"schema":{"@context":"https:\/\/schema.org","@graph":[{"@type":"Article","@id":"https:\/\/comunicacity.net\/castelforte\/2022\/06\/27\/ordinanza-del-sindaco-per-la-disciplina-orari-delle-attivita-commerciali\/#article","isPartOf":{"@id":"https:\/\/comunicacity.net\/castelforte\/2022\/06\/27\/ordinanza-del-sindaco-per-la-disciplina-orari-delle-attivita-commerciali\/"},"author":{"name":"castelforte","@id":"https:\/\/comunicacity.net\/castelforte\/#\/schema\/person\/2c036caad8ec00b91b2e447f68e4df71"},"headline":"Ordinanza del Sindaco per la disciplina degli orari delle attivit\u00e0 commerciali","datePublished":"2022-06-27T14:17:26+00:00","dateModified":"2022-06-27T14:21:42+00:00","mainEntityOfPage":{"@id":"https:\/\/comunicacity.net\/castelforte\/2022\/06\/27\/ordinanza-del-sindaco-per-la-disciplina-orari-delle-attivita-commerciali\/"},"wordCount":381,"image":{"@id":"https:\/\/comunicacity.net\/castelforte\/2022\/06\/27\/ordinanza-del-sindaco-per-la-disciplina-orari-delle-attivita-commerciali\/#primaryimage"},"thumbnailUrl":"https:\/\/comunicacity.net\/castelforte\/wp-content\/uploads\/sites\/100\/2022\/06\/WhatsApp-Image-2021-12-21-at-11.57.16-4.jpeg","articleSection":["Notizie e Informazioni"],"inLanguage":"it-IT"},{"@type":"WebPage","@id":"https:\/\/comunicacity.net\/castelforte\/2022\/06\/27\/ordinanza-del-sindaco-per-la-disciplina-orari-delle-attivita-commerciali\/","url":"https:\/\/comunicacity.net\/castelforte\/2022\/06\/27\/ordinanza-del-sindaco-per-la-disciplina-orari-delle-attivita-commerciali\/","name":"Ordinanza del Sindaco per la disciplina degli orari delle attivit\u00e0 commerciali - Castelforte","isPartOf":{"@id":"https:\/\/comunicacity.net\/castelforte\/#website"},"primaryImageOfPage":{"@id":"https:\/\/comunicacity.net\/castelforte\/2022\/06\/27\/ordinanza-del-sindaco-per-la-disciplina-orari-delle-attivita-commerciali\/#primaryimage"},"image":{"@id":"https:\/\/comunicacity.net\/castelforte\/2022\/06\/27\/ordinanza-del-sindaco-per-la-disciplina-orari-delle-attivita-commerciali\/#primaryimage"},"thumbnailUrl":"https:\/\/comunicacity.net\/castelforte\/wp-content\/uploads\/sites\/100\/2022\/06\/WhatsApp-Image-2021-12-21-at-11.57.16-4.jpeg","datePublished":"2022-06-27T14:17:26+00:00","dateModified":"2022-06-27T14:21:42+00:00","author":{"@id":"https:\/\/comunicacity.net\/castelforte\/#\/schema\/person\/2c036caad8ec00b91b2e447f68e4df71"},"breadcrumb":{"@id":"https:\/\/comunicacity.net\/castelforte\/2022\/06\/27\/ordinanza-del-sindaco-per-la-disciplina-orari-delle-attivita-commerciali\/#breadcrumb"},"inLanguage":"it-IT","potentialAction":[{"@type":"ReadAction","target":["https:\/\/comunicacity.net\/castelforte\/2022\/06\/27\/ordinanza-del-sindaco-per-la-disciplina-orari-delle-attivita-commerciali\/"]}]},{"@type":"ImageObject","inLanguage":"it-IT","@id":"https:\/\/comunicacity.net\/castelforte\/2022\/06\/27\/ordinanza-del-sindaco-per-la-disciplina-orari-delle-attivita-commerciali\/#primaryimage","url":"https:\/\/comunicacity.net\/castelforte\/wp-content\/uploads\/sites\/100\/2022\/06\/WhatsApp-Image-2021-12-21-at-11.57.16-4.jpeg","contentUrl":"https:\/\/comunicacity.net\/castelforte\/wp-content\/uploads\/sites\/100\/2022\/06\/WhatsApp-Image-2021-12-21-at-11.57.16-4.jpeg","width":1600,"height":1600},{"@type":"BreadcrumbList","@id":"https:\/\/comunicacity.net\/castelforte\/2022\/06\/27\/ordinanza-del-sindaco-per-la-disciplina-orari-delle-attivita-commerciali\/#breadcrumb","itemListElement":[{"@type":"ListItem","position":1,"name":"Home","item":"https:\/\/comunicacity.net\/castelforte\/"},{"@type":"ListItem","position":2,"name":"Ordinanza del Sindaco per la disciplina degli orari delle attivit\u00e0 commerciali"}]},{"@type":"WebSite","@id":"https:\/\/comunicacity.net\/castelforte\/#website","url":"https:\/\/comunicacity.net\/castelforte\/","name":"Castelforte","description":"Ecco un altro sito ComunicaCity","potentialAction":[{"@type":"SearchAction","target":{"@type":"EntryPoint","urlTemplate":"https:\/\/comunicacity.net\/castelforte\/?s={search_term_string}"},"query-input":{"@type":"PropertyValueSpecification","valueRequired":true,"valueName":"search_term_string"}}],"inLanguage":"it-IT"},{"@type":"Person","@id":"https:\/\/comunicacity.net\/castelforte\/#\/schema\/person\/2c036caad8ec00b91b2e447f68e4df71","name":"castelforte","image":{"@type":"ImageObject","inLanguage":"it-IT","@id":"https:\/\/secure.gravatar.com\/avatar\/ba8f99343f0a5bf8dbcf634ed523651a19ffe27713d3c7479ad12a2ab4da2d36?s=96&d=mm&r=g","url":"https:\/\/secure.gravatar.com\/avatar\/ba8f99343f0a5bf8dbcf634ed523651a19ffe27713d3c7479ad12a2ab4da2d36?s=96&d=mm&r=g","contentUrl":"https:\/\/secure.gravatar.com\/avatar\/ba8f99343f0a5bf8dbcf634ed523651a19ffe27713d3c7479ad12a2ab4da2d36?s=96&d=mm&r=g","caption":"castelforte"},"url":"https:\/\/comunicacity.net\/castelforte\/author\/castelforte\/"}]}},"meta_box":{"cc4_urg_colore":"rosso","cc4_urg_data_inizio":"","cc4_urg_data_fine":"","cc4_cor_positivi_oggi":"","cc4_cor_negativizzati_oggi":"","cc4_cor_deceduti_oggi":"","cc4_cor_positivi_totali":"","cc4_cor_negativizzati_totali":"","cc4_cor_deceduti_totali":"","cc4_cor_attualmente_positivi":"","cc4_eve_data_inizio":"","cc4_eve_data_fine":"","cc4_eve_indirizzo":"","cc4_eve_posizione":{"latitude":"0","longitude":"0","zoom":"0"},"cc4_eve_telefono":"","cc4_eve_email":"","cc4_eve_web":"","cc4_eve_fb":"","sitopa_id":"17690"},"_links":{"self":[{"href":"https:\/\/comunicacity.net\/castelforte\/wp-json\/wp\/v2\/posts\/17405","targetHints":{"allow":["GET"]}}],"collection":[{"href":"https:\/\/comunicacity.net\/castelforte\/wp-json\/wp\/v2\/posts"}],"about":[{"href":"https:\/\/comunicacity.net\/castelforte\/wp-json\/wp\/v2\/types\/post"}],"author":[{"embeddable":true,"href":"https:\/\/comunicacity.net\/castelforte\/wp-json\/wp\/v2\/users\/239"}],"replies":[{"embeddable":true,"href":"https:\/\/comunicacity.net\/castelforte\/wp-json\/wp\/v2\/comments?post=17405"}],"version-history":[{"count":1,"href":"https:\/\/comunicacity.net\/castelforte\/wp-json\/wp\/v2\/posts\/17405\/revisions"}],"predecessor-version":[{"id":17408,"href":"https:\/\/comunicacity.net\/castelforte\/wp-json\/wp\/v2\/posts\/17405\/revisions\/17408"}],"wp:featuredmedia":[{"embeddable":true,"href":"https:\/\/comunicacity.net\/castelforte\/wp-json\/wp\/v2\/media\/17409"}],"wp:attachment":[{"href":"https:\/\/comunicacity.net\/castelforte\/wp-json\/wp\/v2\/media?parent=17405"}],"wp:term":[{"taxonomy":"category","embeddable":true,"href":"https:\/\/comunicacity.net\/castelforte\/wp-json\/wp\/v2\/categories?post=17405"},{"taxonomy":"post_tag","embeddable":true,"href":"https:\/\/comunicacity.net\/castelforte\/wp-json\/wp\/v2\/tags?post=17405"}],"curies":[{"name":"wp","href":"https:\/\/api.w.org\/{rel}","templated":true}]}}