{"id":17434,"date":"2022-07-14T13:25:00","date_gmt":"2022-07-14T11:25:00","guid":{"rendered":"https:\/\/comunicacity.net\/castelforte\/?p=17434"},"modified":"2022-07-15T08:02:42","modified_gmt":"2022-07-15T06:02:42","slug":"cambiamento-climatico-e-stato-di-calamita-nel-lazio","status":"publish","type":"post","link":"https:\/\/comunicacity.net\/castelforte\/2022\/07\/14\/cambiamento-climatico-e-stato-di-calamita-nel-lazio\/","title":{"rendered":"Cambiamento climatico e stato di calamit\u00e0 nel Lazio"},"content":{"rendered":"<p>Cari concittadini, il cambiamento climatico \u00e8 una realt\u00e0 che ci viene proposta ogni giorno e della quale dobbiamo prendere atto. Tra i principali effetti come stiamo imparando a sperimentare c&#8217;\u00e8 il costante aumento della temperatura terrestre; le alterazioni della durata delle stagioni; le modifiche dei sistemi di precipitazioni; le ondate di calore e siccit\u00e0; i fenomeni meteorologici estremi; l&#8217;aumento del livello degli oceani; l&#8217;acidificazione degli oceani e lo scioglimento dei ghiacci.<\/p>\n<p>Anche nella nostra Regione il Presidente Zingaretti, lo scorso 22 giugno ha dichiarato lo stato di calamit\u00e0 (qui sotto potete trovare anche copia del decreto T00084 del 22 giugn0 2022) e, ieri mattina ha scritto a tutti i Sindaci del Lazio affinch\u00e9 ciascuno attivi i propri <em>&#8220;canali di comunicazione istituzionale, in modo da coinvolgere e sensibilizzi la cittadinanza sull\u2019importanza di adottare accortezze quotidiane per un uso razionale e corretto dell&#8217;acqua, al fine di evitare inutili sprechi e contribuire a contrastare gli effetti della siccit\u00e0. Il cambiamento climatico <\/em><em>\u00a0in atto &#8211;<\/em>conclude il Presidente Zingaretti<em>&#8211; impone comportamenti virtuosi nell\u2019uso della risorsa idrica e sono sicuro che con lo sforzo di tutti riusciremo a superare anche questa emergenza&#8221;.<\/em><\/p>\n<p><em><strong>In qualit\u00e0 di Sindaco sento il dovere di aderire a questa importante campagna di comunicazione e chiedo a tutti voi di fare altrettanto diffondendo con le parole e i gesti BUONE PRATICHE<\/strong><\/em>. Qui sotto offro qualche piccolo consiglio. So che molti di voi, da tempo, li praticate ma vi chiedo di aiutarmi a diffonderli perch\u00e9 siano patrimonio di tutti nel quotidiano.<\/p>\n<p>Vi ringrazio per l&#8217;attenzione.<\/p>\n<p>Angelo Felice Pompeo, Sindaco<\/p>\n<p><img loading=\"lazy\" decoding=\"async\" class=\"alignnone  wp-image-17701\" src=\"https:\/\/www.comune.castelforte.lt.it\/wp-content\/uploads\/2022\/06\/AddText_06-29-04.55.35-300x204.jpg\" alt=\"\" width=\"576\" height=\"392\" \/><\/p>\n<div id='wpba_attachment_list' class=''>\n<div class='ui list'><h3 style=\"display:none;\">\ud83d\udcce Allegati<\/h3><ul><li><a id=\"wpba_attachment_list_17442\" class=\"y-skip-href item\" href=\"https:\/\/comunicacity.net\/castelforte\/wp-content\/uploads\/sites\/100\/2022\/07\/Decreto-T00084-del-22.6.2022.pdf\" onclick=\"window.open('https:\/\/comunicacity.net\/castelforte\/wp-content\/uploads\/sites\/100\/2022\/07\/Decreto-T00084-del-22.6.2022.pdf', '_system'); return false;\"><i class='icon attachment'><\/i>Decreto T00084 del 22.6.2022 di dichiarazione dello stato di calamit\u00e0 naturale  a causa della grave crisi idrica determinatasi per l&#039;assenza di precipitazioni meteorologiche ed in conseguenza della generalizzata difficolt\u00e0 di approvvigionamento idrico da parte dei Comuni della Regione Lazio<\/a><\/li>\n<\/ul><\/div><\/div>\n","protected":false},"excerpt":{"rendered":"<p>Cari concittadini, il cambiamento climatico \u00e8 una realt\u00e0 che ci viene proposta ogni giorno e della quale dobbiamo prendere atto. Tra i principali effetti come stiamo imparando a sperimentare c&#8217;\u00e8 [&hellip;]<\/p>\n","protected":false},"author":239,"featured_media":17441,"comment_status":"closed","ping_status":"open","sticky":false,"template":"","format":"standard","meta":{"footnotes":""},"categories":[16],"tags":[],"class_list":["post-17434","post","type-post","status-publish","format-standard","has-post-thumbnail","hentry","category-notizie-e-informazioni"],"yoast_head":"<!-- This site is optimized with the Yoast SEO plugin v27.4 - https:\/\/yoast.com\/product\/yoast-seo-wordpress\/ -->\n<title>Cambiamento climatico e stato di calamit\u00e0 nel Lazio - Castelforte<\/title>\n<meta name=\"robots\" content=\"index, follow, max-snippet:-1, max-image-preview:large, max-video-preview:-1\" \/>\n<link rel=\"canonical\" href=\"https:\/\/comunicacity.net\/castelforte\/2022\/07\/14\/cambiamento-climatico-e-stato-di-calamita-nel-lazio\/\" \/>\n<meta property=\"og:locale\" content=\"it_IT\" \/>\n<meta property=\"og:type\" content=\"article\" \/>\n<meta property=\"og:title\" content=\"Cambiamento climatico e stato di calamit\u00e0 nel Lazio - Castelforte\" \/>\n<meta property=\"og:description\" content=\"Cari concittadini, il cambiamento climatico \u00e8 una realt\u00e0 che ci viene proposta ogni giorno e della quale dobbiamo prendere atto. Tra i principali effetti come stiamo imparando a sperimentare c&#8217;\u00e8 [&hellip;]\" \/>\n<meta property=\"og:url\" content=\"https:\/\/comunicacity.net\/castelforte\/2022\/07\/14\/cambiamento-climatico-e-stato-di-calamita-nel-lazio\/\" \/>\n<meta property=\"og:site_name\" content=\"Castelforte\" \/>\n<meta property=\"article:publisher\" content=\"http:\/\/facebook.com\/ComunicaCity\" \/>\n<meta property=\"article:published_time\" content=\"2022-07-14T11:25:00+00:00\" \/>\n<meta property=\"article:modified_time\" content=\"2022-07-15T06:02:42+00:00\" \/>\n<meta property=\"og:image\" content=\"https:\/\/comunicacity.net\/castelforte\/wp-content\/uploads\/sites\/100\/2022\/07\/AddText_06-29-04.55.35.jpg\" \/>\n\t<meta property=\"og:image:width\" content=\"2147\" \/>\n\t<meta property=\"og:image:height\" content=\"1460\" \/>\n\t<meta property=\"og:image:type\" content=\"image\/jpeg\" \/>\n<meta name=\"author\" content=\"castelforte\" \/>\n<meta name=\"twitter:card\" content=\"summary_large_image\" \/>\n<meta name=\"twitter:creator\" content=\"@comunicacity\" \/>\n<meta name=\"twitter:site\" content=\"@comunicacity\" \/>\n<meta name=\"twitter:label1\" content=\"Scritto da\" \/>\n\t<meta name=\"twitter:data1\" content=\"castelforte\" \/>\n\t<meta name=\"twitter:label2\" content=\"Tempo di lettura stimato\" \/>\n\t<meta name=\"twitter:data2\" content=\"2 minuti\" \/>\n<script type=\"application\/ld+json\" class=\"yoast-schema-graph\">{\"@context\":\"https:\\\/\\\/schema.org\",\"@graph\":[{\"@type\":\"Article\",\"@id\":\"https:\\\/\\\/comunicacity.net\\\/castelforte\\\/2022\\\/07\\\/14\\\/cambiamento-climatico-e-stato-di-calamita-nel-lazio\\\/#article\",\"isPartOf\":{\"@id\":\"https:\\\/\\\/comunicacity.net\\\/castelforte\\\/2022\\\/07\\\/14\\\/cambiamento-climatico-e-stato-di-calamita-nel-lazio\\\/\"},\"author\":{\"name\":\"castelforte\",\"@id\":\"https:\\\/\\\/comunicacity.net\\\/castelforte\\\/#\\\/schema\\\/person\\\/2c036caad8ec00b91b2e447f68e4df71\"},\"headline\":\"Cambiamento climatico e stato di calamit\u00e0 nel Lazio\",\"datePublished\":\"2022-07-14T11:25:00+00:00\",\"dateModified\":\"2022-07-15T06:02:42+00:00\",\"mainEntityOfPage\":{\"@id\":\"https:\\\/\\\/comunicacity.net\\\/castelforte\\\/2022\\\/07\\\/14\\\/cambiamento-climatico-e-stato-di-calamita-nel-lazio\\\/\"},\"wordCount\":261,\"image\":{\"@id\":\"https:\\\/\\\/comunicacity.net\\\/castelforte\\\/2022\\\/07\\\/14\\\/cambiamento-climatico-e-stato-di-calamita-nel-lazio\\\/#primaryimage\"},\"thumbnailUrl\":\"https:\\\/\\\/comunicacity.net\\\/castelforte\\\/wp-content\\\/uploads\\\/sites\\\/100\\\/2022\\\/07\\\/AddText_06-29-04.55.35.jpg\",\"articleSection\":[\"Notizie e Informazioni\"],\"inLanguage\":\"it-IT\"},{\"@type\":\"WebPage\",\"@id\":\"https:\\\/\\\/comunicacity.net\\\/castelforte\\\/2022\\\/07\\\/14\\\/cambiamento-climatico-e-stato-di-calamita-nel-lazio\\\/\",\"url\":\"https:\\\/\\\/comunicacity.net\\\/castelforte\\\/2022\\\/07\\\/14\\\/cambiamento-climatico-e-stato-di-calamita-nel-lazio\\\/\",\"name\":\"Cambiamento climatico e stato di calamit\u00e0 nel Lazio - Castelforte\",\"isPartOf\":{\"@id\":\"https:\\\/\\\/comunicacity.net\\\/castelforte\\\/#website\"},\"primaryImageOfPage\":{\"@id\":\"https:\\\/\\\/comunicacity.net\\\/castelforte\\\/2022\\\/07\\\/14\\\/cambiamento-climatico-e-stato-di-calamita-nel-lazio\\\/#primaryimage\"},\"image\":{\"@id\":\"https:\\\/\\\/comunicacity.net\\\/castelforte\\\/2022\\\/07\\\/14\\\/cambiamento-climatico-e-stato-di-calamita-nel-lazio\\\/#primaryimage\"},\"thumbnailUrl\":\"https:\\\/\\\/comunicacity.net\\\/castelforte\\\/wp-content\\\/uploads\\\/sites\\\/100\\\/2022\\\/07\\\/AddText_06-29-04.55.35.jpg\",\"datePublished\":\"2022-07-14T11:25:00+00:00\",\"dateModified\":\"2022-07-15T06:02:42+00:00\",\"author\":{\"@id\":\"https:\\\/\\\/comunicacity.net\\\/castelforte\\\/#\\\/schema\\\/person\\\/2c036caad8ec00b91b2e447f68e4df71\"},\"breadcrumb\":{\"@id\":\"https:\\\/\\\/comunicacity.net\\\/castelforte\\\/2022\\\/07\\\/14\\\/cambiamento-climatico-e-stato-di-calamita-nel-lazio\\\/#breadcrumb\"},\"inLanguage\":\"it-IT\",\"potentialAction\":[{\"@type\":\"ReadAction\",\"target\":[\"https:\\\/\\\/comunicacity.net\\\/castelforte\\\/2022\\\/07\\\/14\\\/cambiamento-climatico-e-stato-di-calamita-nel-lazio\\\/\"]}]},{\"@type\":\"ImageObject\",\"inLanguage\":\"it-IT\",\"@id\":\"https:\\\/\\\/comunicacity.net\\\/castelforte\\\/2022\\\/07\\\/14\\\/cambiamento-climatico-e-stato-di-calamita-nel-lazio\\\/#primaryimage\",\"url\":\"https:\\\/\\\/comunicacity.net\\\/castelforte\\\/wp-content\\\/uploads\\\/sites\\\/100\\\/2022\\\/07\\\/AddText_06-29-04.55.35.jpg\",\"contentUrl\":\"https:\\\/\\\/comunicacity.net\\\/castelforte\\\/wp-content\\\/uploads\\\/sites\\\/100\\\/2022\\\/07\\\/AddText_06-29-04.55.35.jpg\",\"width\":2147,\"height\":1460},{\"@type\":\"BreadcrumbList\",\"@id\":\"https:\\\/\\\/comunicacity.net\\\/castelforte\\\/2022\\\/07\\\/14\\\/cambiamento-climatico-e-stato-di-calamita-nel-lazio\\\/#breadcrumb\",\"itemListElement\":[{\"@type\":\"ListItem\",\"position\":1,\"name\":\"Home\",\"item\":\"https:\\\/\\\/comunicacity.net\\\/castelforte\\\/\"},{\"@type\":\"ListItem\",\"position\":2,\"name\":\"Cambiamento climatico e stato di calamit\u00e0 nel Lazio\"}]},{\"@type\":\"WebSite\",\"@id\":\"https:\\\/\\\/comunicacity.net\\\/castelforte\\\/#website\",\"url\":\"https:\\\/\\\/comunicacity.net\\\/castelforte\\\/\",\"name\":\"Castelforte\",\"description\":\"Ecco un altro sito ComunicaCity\",\"potentialAction\":[{\"@type\":\"SearchAction\",\"target\":{\"@type\":\"EntryPoint\",\"urlTemplate\":\"https:\\\/\\\/comunicacity.net\\\/castelforte\\\/?s={search_term_string}\"},\"query-input\":{\"@type\":\"PropertyValueSpecification\",\"valueRequired\":true,\"valueName\":\"search_term_string\"}}],\"inLanguage\":\"it-IT\"},{\"@type\":\"Person\",\"@id\":\"https:\\\/\\\/comunicacity.net\\\/castelforte\\\/#\\\/schema\\\/person\\\/2c036caad8ec00b91b2e447f68e4df71\",\"name\":\"castelforte\",\"image\":{\"@type\":\"ImageObject\",\"inLanguage\":\"it-IT\",\"@id\":\"https:\\\/\\\/secure.gravatar.com\\\/avatar\\\/ba8f99343f0a5bf8dbcf634ed523651a19ffe27713d3c7479ad12a2ab4da2d36?s=96&d=mm&r=g\",\"url\":\"https:\\\/\\\/secure.gravatar.com\\\/avatar\\\/ba8f99343f0a5bf8dbcf634ed523651a19ffe27713d3c7479ad12a2ab4da2d36?s=96&d=mm&r=g\",\"contentUrl\":\"https:\\\/\\\/secure.gravatar.com\\\/avatar\\\/ba8f99343f0a5bf8dbcf634ed523651a19ffe27713d3c7479ad12a2ab4da2d36?s=96&d=mm&r=g\",\"caption\":\"castelforte\"},\"url\":\"https:\\\/\\\/comunicacity.net\\\/castelforte\\\/author\\\/castelforte\\\/\"}]}<\/script>\n<!-- \/ Yoast SEO plugin. -->","yoast_head_json":{"title":"Cambiamento climatico e stato di calamit\u00e0 nel Lazio - Castelforte","robots":{"index":"index","follow":"follow","max-snippet":"max-snippet:-1","max-image-preview":"max-image-preview:large","max-video-preview":"max-video-preview:-1"},"canonical":"https:\/\/comunicacity.net\/castelforte\/2022\/07\/14\/cambiamento-climatico-e-stato-di-calamita-nel-lazio\/","og_locale":"it_IT","og_type":"article","og_title":"Cambiamento climatico e stato di calamit\u00e0 nel Lazio - Castelforte","og_description":"Cari concittadini, il cambiamento climatico \u00e8 una realt\u00e0 che ci viene proposta ogni giorno e della quale dobbiamo prendere atto. Tra i principali effetti come stiamo imparando a sperimentare c&#8217;\u00e8 [&hellip;]","og_url":"https:\/\/comunicacity.net\/castelforte\/2022\/07\/14\/cambiamento-climatico-e-stato-di-calamita-nel-lazio\/","og_site_name":"Castelforte","article_publisher":"http:\/\/facebook.com\/ComunicaCity","article_published_time":"2022-07-14T11:25:00+00:00","article_modified_time":"2022-07-15T06:02:42+00:00","og_image":[{"width":2147,"height":1460,"url":"https:\/\/comunicacity.net\/castelforte\/wp-content\/uploads\/sites\/100\/2022\/07\/AddText_06-29-04.55.35.jpg","type":"image\/jpeg"}],"author":"castelforte","twitter_card":"summary_large_image","twitter_creator":"@comunicacity","twitter_site":"@comunicacity","twitter_misc":{"Scritto da":"castelforte","Tempo di lettura stimato":"2 minuti"},"schema":{"@context":"https:\/\/schema.org","@graph":[{"@type":"Article","@id":"https:\/\/comunicacity.net\/castelforte\/2022\/07\/14\/cambiamento-climatico-e-stato-di-calamita-nel-lazio\/#article","isPartOf":{"@id":"https:\/\/comunicacity.net\/castelforte\/2022\/07\/14\/cambiamento-climatico-e-stato-di-calamita-nel-lazio\/"},"author":{"name":"castelforte","@id":"https:\/\/comunicacity.net\/castelforte\/#\/schema\/person\/2c036caad8ec00b91b2e447f68e4df71"},"headline":"Cambiamento climatico e stato di calamit\u00e0 nel Lazio","datePublished":"2022-07-14T11:25:00+00:00","dateModified":"2022-07-15T06:02:42+00:00","mainEntityOfPage":{"@id":"https:\/\/comunicacity.net\/castelforte\/2022\/07\/14\/cambiamento-climatico-e-stato-di-calamita-nel-lazio\/"},"wordCount":261,"image":{"@id":"https:\/\/comunicacity.net\/castelforte\/2022\/07\/14\/cambiamento-climatico-e-stato-di-calamita-nel-lazio\/#primaryimage"},"thumbnailUrl":"https:\/\/comunicacity.net\/castelforte\/wp-content\/uploads\/sites\/100\/2022\/07\/AddText_06-29-04.55.35.jpg","articleSection":["Notizie e Informazioni"],"inLanguage":"it-IT"},{"@type":"WebPage","@id":"https:\/\/comunicacity.net\/castelforte\/2022\/07\/14\/cambiamento-climatico-e-stato-di-calamita-nel-lazio\/","url":"https:\/\/comunicacity.net\/castelforte\/2022\/07\/14\/cambiamento-climatico-e-stato-di-calamita-nel-lazio\/","name":"Cambiamento climatico e stato di calamit\u00e0 nel Lazio - Castelforte","isPartOf":{"@id":"https:\/\/comunicacity.net\/castelforte\/#website"},"primaryImageOfPage":{"@id":"https:\/\/comunicacity.net\/castelforte\/2022\/07\/14\/cambiamento-climatico-e-stato-di-calamita-nel-lazio\/#primaryimage"},"image":{"@id":"https:\/\/comunicacity.net\/castelforte\/2022\/07\/14\/cambiamento-climatico-e-stato-di-calamita-nel-lazio\/#primaryimage"},"thumbnailUrl":"https:\/\/comunicacity.net\/castelforte\/wp-content\/uploads\/sites\/100\/2022\/07\/AddText_06-29-04.55.35.jpg","datePublished":"2022-07-14T11:25:00+00:00","dateModified":"2022-07-15T06:02:42+00:00","author":{"@id":"https:\/\/comunicacity.net\/castelforte\/#\/schema\/person\/2c036caad8ec00b91b2e447f68e4df71"},"breadcrumb":{"@id":"https:\/\/comunicacity.net\/castelforte\/2022\/07\/14\/cambiamento-climatico-e-stato-di-calamita-nel-lazio\/#breadcrumb"},"inLanguage":"it-IT","potentialAction":[{"@type":"ReadAction","target":["https:\/\/comunicacity.net\/castelforte\/2022\/07\/14\/cambiamento-climatico-e-stato-di-calamita-nel-lazio\/"]}]},{"@type":"ImageObject","inLanguage":"it-IT","@id":"https:\/\/comunicacity.net\/castelforte\/2022\/07\/14\/cambiamento-climatico-e-stato-di-calamita-nel-lazio\/#primaryimage","url":"https:\/\/comunicacity.net\/castelforte\/wp-content\/uploads\/sites\/100\/2022\/07\/AddText_06-29-04.55.35.jpg","contentUrl":"https:\/\/comunicacity.net\/castelforte\/wp-content\/uploads\/sites\/100\/2022\/07\/AddText_06-29-04.55.35.jpg","width":2147,"height":1460},{"@type":"BreadcrumbList","@id":"https:\/\/comunicacity.net\/castelforte\/2022\/07\/14\/cambiamento-climatico-e-stato-di-calamita-nel-lazio\/#breadcrumb","itemListElement":[{"@type":"ListItem","position":1,"name":"Home","item":"https:\/\/comunicacity.net\/castelforte\/"},{"@type":"ListItem","position":2,"name":"Cambiamento climatico e stato di calamit\u00e0 nel Lazio"}]},{"@type":"WebSite","@id":"https:\/\/comunicacity.net\/castelforte\/#website","url":"https:\/\/comunicacity.net\/castelforte\/","name":"Castelforte","description":"Ecco un altro sito ComunicaCity","potentialAction":[{"@type":"SearchAction","target":{"@type":"EntryPoint","urlTemplate":"https:\/\/comunicacity.net\/castelforte\/?s={search_term_string}"},"query-input":{"@type":"PropertyValueSpecification","valueRequired":true,"valueName":"search_term_string"}}],"inLanguage":"it-IT"},{"@type":"Person","@id":"https:\/\/comunicacity.net\/castelforte\/#\/schema\/person\/2c036caad8ec00b91b2e447f68e4df71","name":"castelforte","image":{"@type":"ImageObject","inLanguage":"it-IT","@id":"https:\/\/secure.gravatar.com\/avatar\/ba8f99343f0a5bf8dbcf634ed523651a19ffe27713d3c7479ad12a2ab4da2d36?s=96&d=mm&r=g","url":"https:\/\/secure.gravatar.com\/avatar\/ba8f99343f0a5bf8dbcf634ed523651a19ffe27713d3c7479ad12a2ab4da2d36?s=96&d=mm&r=g","contentUrl":"https:\/\/secure.gravatar.com\/avatar\/ba8f99343f0a5bf8dbcf634ed523651a19ffe27713d3c7479ad12a2ab4da2d36?s=96&d=mm&r=g","caption":"castelforte"},"url":"https:\/\/comunicacity.net\/castelforte\/author\/castelforte\/"}]}},"meta_box":{"cc4_urg_colore":"rosso","cc4_urg_data_inizio":"","cc4_urg_data_fine":"","cc4_cor_positivi_oggi":"","cc4_cor_negativizzati_oggi":"","cc4_cor_deceduti_oggi":"","cc4_cor_positivi_totali":"","cc4_cor_negativizzati_totali":"","cc4_cor_deceduti_totali":"","cc4_cor_attualmente_positivi":"","cc4_eve_data_inizio":"","cc4_eve_data_fine":"","cc4_eve_indirizzo":"","cc4_eve_posizione":{"latitude":"0","longitude":"0","zoom":"0"},"cc4_eve_telefono":"","cc4_eve_email":"","cc4_eve_web":"","cc4_eve_fb":"","sitopa_id":"17721"},"_links":{"self":[{"href":"https:\/\/comunicacity.net\/castelforte\/wp-json\/wp\/v2\/posts\/17434","targetHints":{"allow":["GET"]}}],"collection":[{"href":"https:\/\/comunicacity.net\/castelforte\/wp-json\/wp\/v2\/posts"}],"about":[{"href":"https:\/\/comunicacity.net\/castelforte\/wp-json\/wp\/v2\/types\/post"}],"author":[{"embeddable":true,"href":"https:\/\/comunicacity.net\/castelforte\/wp-json\/wp\/v2\/users\/239"}],"replies":[{"embeddable":true,"href":"https:\/\/comunicacity.net\/castelforte\/wp-json\/wp\/v2\/comments?post=17434"}],"version-history":[{"count":2,"href":"https:\/\/comunicacity.net\/castelforte\/wp-json\/wp\/v2\/posts\/17434\/revisions"}],"predecessor-version":[{"id":17440,"href":"https:\/\/comunicacity.net\/castelforte\/wp-json\/wp\/v2\/posts\/17434\/revisions\/17440"}],"wp:featuredmedia":[{"embeddable":true,"href":"https:\/\/comunicacity.net\/castelforte\/wp-json\/wp\/v2\/media\/17441"}],"wp:attachment":[{"href":"https:\/\/comunicacity.net\/castelforte\/wp-json\/wp\/v2\/media?parent=17434"}],"wp:term":[{"taxonomy":"category","embeddable":true,"href":"https:\/\/comunicacity.net\/castelforte\/wp-json\/wp\/v2\/categories?post=17434"},{"taxonomy":"post_tag","embeddable":true,"href":"https:\/\/comunicacity.net\/castelforte\/wp-json\/wp\/v2\/tags?post=17434"}],"curies":[{"name":"wp","href":"https:\/\/api.w.org\/{rel}","templated":true}]}}