{"id":126,"date":"2020-04-11T14:14:43","date_gmt":"2020-04-11T12:14:43","guid":{"rendered":"https:\/\/comunicacity.net\/dignano\/?p=126"},"modified":"2020-04-11T20:24:49","modified_gmt":"2020-04-11T18:24:49","slug":"a-dignano-la-solidarieta-continua","status":"publish","type":"post","link":"https:\/\/comunicacity.net\/dignano\/2020\/04\/11\/a-dignano-la-solidarieta-continua\/","title":{"rendered":"a dignano la solidariet\u00e0 continua&#8230;"},"content":{"rendered":"<div class=\"\" data-block=\"true\" data-editor=\"d017g\" data-offset-key=\"8ormj-0-0\">\n<div class=\"_1mf _1mj\" data-offset-key=\"8ormj-0-0\"><\/div>\n<\/div>\n<div class=\"\" data-block=\"true\" data-editor=\"d017g\" data-offset-key=\"3ffh9-0-0\">\n<div class=\"_1mf _1mj\" data-offset-key=\"3ffh9-0-0\"><span style=\"font-size: 1rem\">Buongiorno a tutti,<\/span><\/div>\n<\/div>\n<div class=\"\" data-block=\"true\" data-editor=\"d017g\" data-offset-key=\"bgdhj-0-0\">\n<div class=\"_1mf _1mj\" data-offset-key=\"bgdhj-0-0\"><span data-offset-key=\"bgdhj-0-0\">con questo messaggio vogliamo rendervi partecipi di alcune altre importanti iniziative di solidariet\u00e0 e generosit\u00e0 che riguardano il nostro Comune: <\/span><\/div>\n<\/div>\n<div class=\"\" data-block=\"true\" data-editor=\"d017g\" data-offset-key=\"2aggo-0-0\">\n<div class=\"_1mf _1mj\" data-offset-key=\"2aggo-0-0\"><span data-offset-key=\"2aggo-0-0\">\u00a0<\/span><\/div>\n<\/div>\n<div class=\"\" data-block=\"true\" data-editor=\"d017g\" data-offset-key=\"9pteg-0-0\">\n<div class=\"_1mf _1mj\" data-offset-key=\"9pteg-0-0\"><span data-offset-key=\"9pteg-0-0\">&#8211; SINDACO, VICESINDACO e ASSESSORI hanno deciso di mettere a disposizione, ciascuno, la propria indennit\u00e0 di marzo per l&#8217;acquisto di un uovo di Pasqua per ogni bambino della scuola dell&#8217;infanzia e della scuola primaria residente nel nostro Comune. La restante parte della indennit\u00e0 confluir\u00e0 in un conto corrente che sar\u00e0 aperto nei prossimi giorni e nel quale chiunque potr\u00e0 effettuare una donazione, a sostegno delle persone pi\u00f9 gravemente colpite sul piano economico da questa situazione di emergenza. <\/span><\/div>\n<\/div>\n<div class=\"\" data-block=\"true\" data-editor=\"d017g\" data-offset-key=\"f2pas-0-0\">\n<div class=\"_1mf _1mj\" data-offset-key=\"f2pas-0-0\"><span data-offset-key=\"f2pas-0-0\">&#8211; la SARTORIA MARA di Dignano, si \u00e8 resa gratuitamente disponibile a realizzare 1000 ulteriori mascherine. In totale le mascherine realizzate da Mara saranno ben 2000. <\/span><\/div>\n<\/div>\n<div class=\"\" data-block=\"true\" data-editor=\"d017g\" data-offset-key=\"35po0-0-0\">\n<div class=\"_1mf _1mj\" data-offset-key=\"35po0-0-0\"><span data-offset-key=\"35po0-0-0\">&#8211; il nostro concittadino LORIS BISARO, originario di Carpacco, in settimana ha fatto recapitare altre 300 mascherine, per un totale di 1800 complessivamente donate. <\/span><\/div>\n<\/div>\n<div class=\"\" data-block=\"true\" data-editor=\"d017g\" data-offset-key=\"c0q8f-0-0\">\n<div class=\"_1mf _1mj\" data-offset-key=\"c0q8f-0-0\"><span data-offset-key=\"c0q8f-0-0\">&#8211; la PRO LOCO di DIGNANO ha donato 200 paia di guanti, che saranno prontamente consegnati assieme alle mascherine.<\/span><\/div>\n<\/div>\n<div class=\"\" data-block=\"true\" data-editor=\"d017g\" data-offset-key=\"3c3n8-0-0\">\n<div class=\"_1mf _1mj\" data-offset-key=\"3c3n8-0-0\"><span data-offset-key=\"3c3n8-0-0\">&#8211; la PROTEZIONE CIVILE REGIONALE, nei giorni scorsi, ha inviato al Comune di Dignano 615 mascherine.<\/span><\/div>\n<\/div>\n<div class=\"\" data-block=\"true\" data-editor=\"d017g\" data-offset-key=\"e0et0-0-0\">\n<div class=\"_1mf _1mj\" data-offset-key=\"e0et0-0-0\"><span data-offset-key=\"e0et0-0-0\">\u00a0<\/span><\/div>\n<\/div>\n<div class=\"\" data-block=\"true\" data-editor=\"d017g\" data-offset-key=\"43j79-0-0\">\n<div class=\"_1mf _1mj\" data-offset-key=\"43j79-0-0\"><span data-offset-key=\"43j79-0-0\">Tutti questi dispositivi di protezione, la cui distribuzione proseguir\u00e0 anche nei prossimi giorni, sono confezionati e distribuiti dai NOSTRI VOLONTARI della PROTEZIONE CIVILE unitamente agli ALPINI di DIGNANO e di CARPACCO. I volontari della Protezione civile sono incessantemente al lavoro, anche nella consegna di spesa e farmaci a domicilio in favore delle persone pi\u00f9 a rischio che ne facciano richiesta. <\/span><\/div>\n<\/div>\n<div class=\"\" data-block=\"true\" data-editor=\"d017g\" data-offset-key=\"1vlej-0-0\">\n<div class=\"_1mf _1mj\" data-offset-key=\"1vlej-0-0\"><span data-offset-key=\"1vlej-0-0\">\u00a0<\/span><\/div>\n<\/div>\n<div class=\"\" data-block=\"true\" data-editor=\"d017g\" data-offset-key=\"2o5a-0-0\">\n<div class=\"_1mf _1mj\" data-offset-key=\"2o5a-0-0\"><span data-offset-key=\"2o5a-0-0\">A TUTTI un immenso GRAZIE da parte nostra. <\/span><\/div>\n<\/div>\n<div class=\"\" data-block=\"true\" data-editor=\"d017g\" data-offset-key=\"57l33-0-0\">\n<div class=\"_1mf _1mj\" data-offset-key=\"57l33-0-0\"><span data-offset-key=\"57l33-0-0\">Ci teniamo inoltre a ringraziare tutte le persone che sino ad ora si sono fatte avanti rendendosi disponibili a collaborare per il bene della comunit\u00e0. <\/span><\/div>\n<\/div>\n<div class=\"\" data-block=\"true\" data-editor=\"d017g\" data-offset-key=\"7aif8-0-0\">\n<div class=\"_1mf _1mj\" data-offset-key=\"7aif8-0-0\"><span data-offset-key=\"7aif8-0-0\">Rinnoviamo a tutti voi i pi\u00f9 sinceri <\/span><span class=\"_3yzm\" data-offset-key=\"7aif8-1-0\"><span class=\"_2k9q\"><span data-offset-key=\"7aif8-1-0\">auguri<\/span><\/span><\/span><span data-offset-key=\"7aif8-2-0\"> di Buona Pasqua!<\/span><\/div>\n<\/div>\n<div class=\"\" data-block=\"true\" data-editor=\"d017g\" data-offset-key=\"6kkg6-0-0\">\n<div class=\"_1mf _1mj\" data-offset-key=\"6kkg6-0-0\"><span data-offset-key=\"6kkg6-0-0\">\u00a0<\/span><\/div>\n<\/div>\n<div class=\"\" data-block=\"true\" data-editor=\"d017g\" data-offset-key=\"20upb-0-0\">\n<div class=\"_1mf _1mj\" data-offset-key=\"20upb-0-0\"><span data-offset-key=\"20upb-0-0\">L&#8217;Amministrazione comunale <\/span><\/div>\n<\/div>\n<div class=\"\" data-block=\"true\" data-editor=\"d017g\" data-offset-key=\"ecadl-0-0\"><\/div>\n","protected":false},"excerpt":{"rendered":"<p>Buongiorno a tutti, con questo messaggio vogliamo rendervi partecipi di alcune altre importanti iniziative di solidariet\u00e0 e generosit\u00e0 che riguardano il nostro Comune: \u00a0 &#8211; SINDACO, VICESINDACO e ASSESSORI hanno [&hellip;]<\/p>\n","protected":false},"author":354,"featured_media":0,"comment_status":"closed","ping_status":"closed","sticky":false,"template":"","format":"standard","meta":{"footnotes":""},"categories":[18],"tags":[],"class_list":["post-126","post","type-post","status-publish","format-standard","hentry","category-notizie-e-informazioni"],"yoast_head":"<!-- This site is optimized with the Yoast SEO plugin v27.4 - https:\/\/yoast.com\/product\/yoast-seo-wordpress\/ -->\n<title>a dignano la solidariet\u00e0 continua... - Dignano<\/title>\n<meta name=\"robots\" content=\"index, follow, max-snippet:-1, max-image-preview:large, max-video-preview:-1\" \/>\n<link rel=\"canonical\" href=\"https:\/\/comunicacity.net\/dignano\/2020\/04\/11\/a-dignano-la-solidarieta-continua\/\" \/>\n<meta property=\"og:locale\" content=\"it_IT\" \/>\n<meta property=\"og:type\" content=\"article\" \/>\n<meta property=\"og:title\" content=\"a dignano la solidariet\u00e0 continua... - Dignano\" \/>\n<meta property=\"og:description\" content=\"Buongiorno a tutti, con questo messaggio vogliamo rendervi partecipi di alcune altre importanti iniziative di solidariet\u00e0 e generosit\u00e0 che riguardano il nostro Comune: \u00a0 &#8211; SINDACO, VICESINDACO e ASSESSORI hanno [&hellip;]\" \/>\n<meta property=\"og:url\" content=\"https:\/\/comunicacity.net\/dignano\/2020\/04\/11\/a-dignano-la-solidarieta-continua\/\" \/>\n<meta property=\"og:site_name\" content=\"Dignano\" \/>\n<meta property=\"article:publisher\" content=\"http:\/\/facebook.com\/ComunicaCity\" \/>\n<meta property=\"article:published_time\" content=\"2020-04-11T12:14:43+00:00\" \/>\n<meta property=\"article:modified_time\" content=\"2020-04-11T18:24:49+00:00\" \/>\n<meta property=\"og:image\" content=\"https:\/\/comunicacity.net\/dignano\/wp-content\/themes\/comunicacity\/build\/assets\/categorie\/notizie-e-informazioni.png\" \/>\n\t<meta property=\"og:image:width\" content=\"1200\" \/>\n\t<meta property=\"og:image:height\" content=\"600\" \/>\n<meta name=\"author\" content=\"Rachele\" \/>\n<meta name=\"twitter:card\" content=\"summary_large_image\" \/>\n<meta name=\"twitter:creator\" content=\"@comunicacity\" \/>\n<meta name=\"twitter:site\" content=\"@comunicacity\" \/>\n<meta name=\"twitter:label1\" content=\"Scritto da\" \/>\n\t<meta name=\"twitter:data1\" content=\"Rachele\" \/>\n\t<meta name=\"twitter:label2\" content=\"Tempo di lettura stimato\" \/>\n\t<meta name=\"twitter:data2\" content=\"1 minuto\" \/>\n<script type=\"application\/ld+json\" class=\"yoast-schema-graph\">{\"@context\":\"https:\\\/\\\/schema.org\",\"@graph\":[{\"@type\":\"Article\",\"@id\":\"https:\\\/\\\/comunicacity.net\\\/dignano\\\/2020\\\/04\\\/11\\\/a-dignano-la-solidarieta-continua\\\/#article\",\"isPartOf\":{\"@id\":\"https:\\\/\\\/comunicacity.net\\\/dignano\\\/2020\\\/04\\\/11\\\/a-dignano-la-solidarieta-continua\\\/\"},\"author\":{\"name\":\"Rachele\",\"@id\":\"https:\\\/\\\/comunicacity.net\\\/dignano\\\/#\\\/schema\\\/person\\\/8731dec3a03c265d0d984fb2598496f0\"},\"headline\":\"a dignano la solidariet\u00e0 continua&#8230;\",\"datePublished\":\"2020-04-11T12:14:43+00:00\",\"dateModified\":\"2020-04-11T18:24:49+00:00\",\"mainEntityOfPage\":{\"@id\":\"https:\\\/\\\/comunicacity.net\\\/dignano\\\/2020\\\/04\\\/11\\\/a-dignano-la-solidarieta-continua\\\/\"},\"wordCount\":289,\"publisher\":{\"@id\":\"https:\\\/\\\/comunicacity.net\\\/dignano\\\/#organization\"},\"articleSection\":[\"Notizie e Informazioni\"],\"inLanguage\":\"it-IT\"},{\"@type\":\"WebPage\",\"@id\":\"https:\\\/\\\/comunicacity.net\\\/dignano\\\/2020\\\/04\\\/11\\\/a-dignano-la-solidarieta-continua\\\/\",\"url\":\"https:\\\/\\\/comunicacity.net\\\/dignano\\\/2020\\\/04\\\/11\\\/a-dignano-la-solidarieta-continua\\\/\",\"name\":\"a dignano la solidariet\u00e0 continua... - Dignano\",\"isPartOf\":{\"@id\":\"https:\\\/\\\/comunicacity.net\\\/dignano\\\/#website\"},\"datePublished\":\"2020-04-11T12:14:43+00:00\",\"dateModified\":\"2020-04-11T18:24:49+00:00\",\"breadcrumb\":{\"@id\":\"https:\\\/\\\/comunicacity.net\\\/dignano\\\/2020\\\/04\\\/11\\\/a-dignano-la-solidarieta-continua\\\/#breadcrumb\"},\"inLanguage\":\"it-IT\",\"potentialAction\":[{\"@type\":\"ReadAction\",\"target\":[\"https:\\\/\\\/comunicacity.net\\\/dignano\\\/2020\\\/04\\\/11\\\/a-dignano-la-solidarieta-continua\\\/\"]}]},{\"@type\":\"BreadcrumbList\",\"@id\":\"https:\\\/\\\/comunicacity.net\\\/dignano\\\/2020\\\/04\\\/11\\\/a-dignano-la-solidarieta-continua\\\/#breadcrumb\",\"itemListElement\":[{\"@type\":\"ListItem\",\"position\":1,\"name\":\"Home\",\"item\":\"https:\\\/\\\/comunicacity.net\\\/dignano\\\/\"},{\"@type\":\"ListItem\",\"position\":2,\"name\":\"a dignano la solidariet\u00e0 continua&#8230;\"}]},{\"@type\":\"WebSite\",\"@id\":\"https:\\\/\\\/comunicacity.net\\\/dignano\\\/#website\",\"url\":\"https:\\\/\\\/comunicacity.net\\\/dignano\\\/\",\"name\":\"Dignano\",\"description\":\"Ecco un altro sito ComunicaCity\",\"publisher\":{\"@id\":\"https:\\\/\\\/comunicacity.net\\\/dignano\\\/#organization\"},\"potentialAction\":[{\"@type\":\"SearchAction\",\"target\":{\"@type\":\"EntryPoint\",\"urlTemplate\":\"https:\\\/\\\/comunicacity.net\\\/dignano\\\/?s={search_term_string}\"},\"query-input\":{\"@type\":\"PropertyValueSpecification\",\"valueRequired\":true,\"valueName\":\"search_term_string\"}}],\"inLanguage\":\"it-IT\"},{\"@type\":\"Organization\",\"@id\":\"https:\\\/\\\/comunicacity.net\\\/dignano\\\/#organization\",\"name\":\"ComunicaCity\",\"url\":\"https:\\\/\\\/comunicacity.net\\\/dignano\\\/\",\"logo\":{\"@type\":\"ImageObject\",\"inLanguage\":\"it-IT\",\"@id\":\"https:\\\/\\\/comunicacity.net\\\/dignano\\\/#\\\/schema\\\/logo\\\/image\\\/\",\"url\":\"http:\\\/\\\/comunicacity.net\\\/dignano\\\/wp-content\\\/uploads\\\/sites\\\/173\\\/2019\\\/12\\\/chieavidulis.jpg\",\"contentUrl\":\"http:\\\/\\\/comunicacity.net\\\/dignano\\\/wp-content\\\/uploads\\\/sites\\\/173\\\/2019\\\/12\\\/chieavidulis.jpg\",\"width\":179,\"height\":266,\"caption\":\"ComunicaCity\"},\"image\":{\"@id\":\"https:\\\/\\\/comunicacity.net\\\/dignano\\\/#\\\/schema\\\/logo\\\/image\\\/\"},\"sameAs\":[\"http:\\\/\\\/facebook.com\\\/ComunicaCity\",\"https:\\\/\\\/x.com\\\/comunicacity\"]},{\"@type\":\"Person\",\"@id\":\"https:\\\/\\\/comunicacity.net\\\/dignano\\\/#\\\/schema\\\/person\\\/8731dec3a03c265d0d984fb2598496f0\",\"name\":\"Rachele\",\"image\":{\"@type\":\"ImageObject\",\"inLanguage\":\"it-IT\",\"@id\":\"https:\\\/\\\/secure.gravatar.com\\\/avatar\\\/1c3547c7045ae422557b9d8f63c27a7e5780c68ebefcf83500082069363456f0?s=96&d=mm&r=g\",\"url\":\"https:\\\/\\\/secure.gravatar.com\\\/avatar\\\/1c3547c7045ae422557b9d8f63c27a7e5780c68ebefcf83500082069363456f0?s=96&d=mm&r=g\",\"contentUrl\":\"https:\\\/\\\/secure.gravatar.com\\\/avatar\\\/1c3547c7045ae422557b9d8f63c27a7e5780c68ebefcf83500082069363456f0?s=96&d=mm&r=g\",\"caption\":\"Rachele\"},\"url\":\"https:\\\/\\\/comunicacity.net\\\/dignano\\\/author\\\/sandrabisi\\\/\"}]}<\/script>\n<!-- \/ Yoast SEO plugin. -->","yoast_head_json":{"title":"a dignano la solidariet\u00e0 continua... - Dignano","robots":{"index":"index","follow":"follow","max-snippet":"max-snippet:-1","max-image-preview":"max-image-preview:large","max-video-preview":"max-video-preview:-1"},"canonical":"https:\/\/comunicacity.net\/dignano\/2020\/04\/11\/a-dignano-la-solidarieta-continua\/","og_locale":"it_IT","og_type":"article","og_title":"a dignano la solidariet\u00e0 continua... - Dignano","og_description":"Buongiorno a tutti, con questo messaggio vogliamo rendervi partecipi di alcune altre importanti iniziative di solidariet\u00e0 e generosit\u00e0 che riguardano il nostro Comune: \u00a0 &#8211; SINDACO, VICESINDACO e ASSESSORI hanno [&hellip;]","og_url":"https:\/\/comunicacity.net\/dignano\/2020\/04\/11\/a-dignano-la-solidarieta-continua\/","og_site_name":"Dignano","article_publisher":"http:\/\/facebook.com\/ComunicaCity","article_published_time":"2020-04-11T12:14:43+00:00","article_modified_time":"2020-04-11T18:24:49+00:00","og_image":[{"url":"https:\/\/comunicacity.net\/dignano\/wp-content\/themes\/comunicacity\/build\/assets\/categorie\/notizie-e-informazioni.png","height":600,"width":1200,"type":""}],"author":"Rachele","twitter_card":"summary_large_image","twitter_creator":"@comunicacity","twitter_site":"@comunicacity","twitter_misc":{"Scritto da":"Rachele","Tempo di lettura stimato":"1 minuto"},"schema":{"@context":"https:\/\/schema.org","@graph":[{"@type":"Article","@id":"https:\/\/comunicacity.net\/dignano\/2020\/04\/11\/a-dignano-la-solidarieta-continua\/#article","isPartOf":{"@id":"https:\/\/comunicacity.net\/dignano\/2020\/04\/11\/a-dignano-la-solidarieta-continua\/"},"author":{"name":"Rachele","@id":"https:\/\/comunicacity.net\/dignano\/#\/schema\/person\/8731dec3a03c265d0d984fb2598496f0"},"headline":"a dignano la solidariet\u00e0 continua&#8230;","datePublished":"2020-04-11T12:14:43+00:00","dateModified":"2020-04-11T18:24:49+00:00","mainEntityOfPage":{"@id":"https:\/\/comunicacity.net\/dignano\/2020\/04\/11\/a-dignano-la-solidarieta-continua\/"},"wordCount":289,"publisher":{"@id":"https:\/\/comunicacity.net\/dignano\/#organization"},"articleSection":["Notizie e Informazioni"],"inLanguage":"it-IT"},{"@type":"WebPage","@id":"https:\/\/comunicacity.net\/dignano\/2020\/04\/11\/a-dignano-la-solidarieta-continua\/","url":"https:\/\/comunicacity.net\/dignano\/2020\/04\/11\/a-dignano-la-solidarieta-continua\/","name":"a dignano la solidariet\u00e0 continua... - Dignano","isPartOf":{"@id":"https:\/\/comunicacity.net\/dignano\/#website"},"datePublished":"2020-04-11T12:14:43+00:00","dateModified":"2020-04-11T18:24:49+00:00","breadcrumb":{"@id":"https:\/\/comunicacity.net\/dignano\/2020\/04\/11\/a-dignano-la-solidarieta-continua\/#breadcrumb"},"inLanguage":"it-IT","potentialAction":[{"@type":"ReadAction","target":["https:\/\/comunicacity.net\/dignano\/2020\/04\/11\/a-dignano-la-solidarieta-continua\/"]}]},{"@type":"BreadcrumbList","@id":"https:\/\/comunicacity.net\/dignano\/2020\/04\/11\/a-dignano-la-solidarieta-continua\/#breadcrumb","itemListElement":[{"@type":"ListItem","position":1,"name":"Home","item":"https:\/\/comunicacity.net\/dignano\/"},{"@type":"ListItem","position":2,"name":"a dignano la solidariet\u00e0 continua&#8230;"}]},{"@type":"WebSite","@id":"https:\/\/comunicacity.net\/dignano\/#website","url":"https:\/\/comunicacity.net\/dignano\/","name":"Dignano","description":"Ecco un altro sito ComunicaCity","publisher":{"@id":"https:\/\/comunicacity.net\/dignano\/#organization"},"potentialAction":[{"@type":"SearchAction","target":{"@type":"EntryPoint","urlTemplate":"https:\/\/comunicacity.net\/dignano\/?s={search_term_string}"},"query-input":{"@type":"PropertyValueSpecification","valueRequired":true,"valueName":"search_term_string"}}],"inLanguage":"it-IT"},{"@type":"Organization","@id":"https:\/\/comunicacity.net\/dignano\/#organization","name":"ComunicaCity","url":"https:\/\/comunicacity.net\/dignano\/","logo":{"@type":"ImageObject","inLanguage":"it-IT","@id":"https:\/\/comunicacity.net\/dignano\/#\/schema\/logo\/image\/","url":"https:\/\/comunicacity.net\/dignano\/wp-content\/uploads\/sites\/173\/2019\/12\/chieavidulis.jpg","contentUrl":"https:\/\/comunicacity.net\/dignano\/wp-content\/uploads\/sites\/173\/2019\/12\/chieavidulis.jpg","width":179,"height":266,"caption":"ComunicaCity"},"image":{"@id":"https:\/\/comunicacity.net\/dignano\/#\/schema\/logo\/image\/"},"sameAs":["http:\/\/facebook.com\/ComunicaCity","https:\/\/x.com\/comunicacity"]},{"@type":"Person","@id":"https:\/\/comunicacity.net\/dignano\/#\/schema\/person\/8731dec3a03c265d0d984fb2598496f0","name":"Rachele","image":{"@type":"ImageObject","inLanguage":"it-IT","@id":"https:\/\/secure.gravatar.com\/avatar\/1c3547c7045ae422557b9d8f63c27a7e5780c68ebefcf83500082069363456f0?s=96&d=mm&r=g","url":"https:\/\/secure.gravatar.com\/avatar\/1c3547c7045ae422557b9d8f63c27a7e5780c68ebefcf83500082069363456f0?s=96&d=mm&r=g","contentUrl":"https:\/\/secure.gravatar.com\/avatar\/1c3547c7045ae422557b9d8f63c27a7e5780c68ebefcf83500082069363456f0?s=96&d=mm&r=g","caption":"Rachele"},"url":"https:\/\/comunicacity.net\/dignano\/author\/sandrabisi\/"}]}},"meta_box":{"cc4_urg_colore":"","cc4_urg_data_inizio":"","cc4_urg_data_fine":"","cc4_cor_positivi_oggi":"","cc4_cor_negativizzati_oggi":"","cc4_cor_deceduti_oggi":"","cc4_cor_positivi_totali":"","cc4_cor_negativizzati_totali":"","cc4_cor_deceduti_totali":"","cc4_cor_attualmente_positivi":"","cc4_eve_data_inizio":"","cc4_eve_data_fine":"","cc4_eve_indirizzo":"","cc4_eve_posizione":{"latitude":"","longitude":"","zoom":""},"cc4_eve_telefono":"","cc4_eve_email":"","cc4_eve_web":"","cc4_eve_fb":"","sitopa_id":""},"_links":{"self":[{"href":"https:\/\/comunicacity.net\/dignano\/wp-json\/wp\/v2\/posts\/126","targetHints":{"allow":["GET"]}}],"collection":[{"href":"https:\/\/comunicacity.net\/dignano\/wp-json\/wp\/v2\/posts"}],"about":[{"href":"https:\/\/comunicacity.net\/dignano\/wp-json\/wp\/v2\/types\/post"}],"author":[{"embeddable":true,"href":"https:\/\/comunicacity.net\/dignano\/wp-json\/wp\/v2\/users\/354"}],"replies":[{"embeddable":true,"href":"https:\/\/comunicacity.net\/dignano\/wp-json\/wp\/v2\/comments?post=126"}],"version-history":[{"count":5,"href":"https:\/\/comunicacity.net\/dignano\/wp-json\/wp\/v2\/posts\/126\/revisions"}],"predecessor-version":[{"id":135,"href":"https:\/\/comunicacity.net\/dignano\/wp-json\/wp\/v2\/posts\/126\/revisions\/135"}],"wp:attachment":[{"href":"https:\/\/comunicacity.net\/dignano\/wp-json\/wp\/v2\/media?parent=126"}],"wp:term":[{"taxonomy":"category","embeddable":true,"href":"https:\/\/comunicacity.net\/dignano\/wp-json\/wp\/v2\/categories?post=126"},{"taxonomy":"post_tag","embeddable":true,"href":"https:\/\/comunicacity.net\/dignano\/wp-json\/wp\/v2\/tags?post=126"}],"curies":[{"name":"wp","href":"https:\/\/api.w.org\/{rel}","templated":true}]}}