{"id":138,"date":"2020-04-13T21:27:20","date_gmt":"2020-04-13T19:27:20","guid":{"rendered":"https:\/\/comunicacity.net\/dignano\/?p=138"},"modified":"2020-04-13T21:30:19","modified_gmt":"2020-04-13T19:30:19","slug":"ordinanza-contingibile-e-urgente-n-10-pc","status":"publish","type":"post","link":"https:\/\/comunicacity.net\/dignano\/2020\/04\/13\/ordinanza-contingibile-e-urgente-n-10-pc\/","title":{"rendered":"ordinanza contingibile e urgente n.10\/PC"},"content":{"rendered":"<p>Ordinanza contingibile e urgente n. 10\/PC; validit\u00e0 dal 14\/04\/2020 al 03\/05\/2020. Di seguito i contenuti principali:<\/p>\n<p><span class=\"_5mfr\"><span class=\"_6qdm\">\u25aa\ufe0f<\/span><\/span>quando si esce di casa \u00e8 obbligatorio indossare la MASCHERINA o comunque una protezione a copertura di naso e bocca, mantenere comunque la DISTANZA INTERPERSONALE di almeno 1 metro, ad eccezione delle persone conviventi o che richiedano assistenza;<\/p>\n<p><span class=\"_5mfr\"><span class=\"_6qdm\">\u25aa\ufe0f<\/span><\/span>per chi ha TEMPERATURA CORPOREA SUPERIORE 37,5 gradi, \u00e8 obbligatorio RIMANERE PRESSO LA PROPRIA ABITAZIONE, contattando il medico curante;<\/p>\n<p><span class=\"_5mfr\"><span class=\"_6qdm\">\u25aa\ufe0f<\/span><\/span>per gli ESERCIZI COMMERCIALI AL DETTAGLIO di cui \u00e8 consentita l\u2019apertura, \u00e8 obbligatorio, prima dell\u2019accesso all\u2019esercizio, METTERE A DISPOSIZIONE DEI CLIENTI GUANTI MONOUSO E\/O IDONEE SOLUZIONI IDROALCOLICHE PER LE MANI;<\/p>\n<p><span class=\"_5mfr\"><span class=\"_6qdm\">\u25aa\ufe0f<\/span><\/span> all\u2019interno degli ESERCIZI COMMERCIALI DI GENERI ALIMENTARI, \u00e8 fatto obbligo di utilizzare GUANTI MONOUSO E MASCHERINE o comunque una protezione a copertura di naso e bocca;<\/p>\n<p><span class=\"_5mfr\"><span class=\"_6qdm\">\u25aa\ufe0f<\/span><\/span>l\u2019accesso all\u2019interno degli esercizi commerciali \u00e8 consentito ad UN SOLO COMPONENTE DEL NUCLEO FAMILIARE, salvo comprovati motivi di assistenza ad altre persone;<\/p>\n<p><span class=\"_5mfr\"><span class=\"_6qdm\">\u25aa\ufe0f<\/span><\/span>ai gestori degli IPERMERCATI, SUPERMERCATI, DISCOUNT DI ALIMENTARI E FARMACIE, si raccomanda la RILEVAZIONE DELLA TEMPERATURA CORPOREA DEI CLIENTI, oltre che del personale prima del loro accesso. Chi ha temperatura corporea uguale o superiore a 37,5 gradi, non pu\u00f2 accedere.<\/p>\n<p><span class=\"_5mfr\"><span class=\"_6qdm\">\u25aa\ufe0f<\/span><\/span>CHIUSURA, nella giornata di DOMENICA e nelle GIORNATE FESTIVE, di tutte le ATTIVIT\u00c0 COMMERCIALI di qualsiasi natura, ESCLUSE le FARMACIE, le parafarmacie, le EDICOLE e gli esercizi nelle aree di servizio situati lungo la rete autostradale ed a servizio di porti ed interporti;<\/p>\n<p><span class=\"_5mfr\"><span class=\"_6qdm\">\u25aa\ufe0f<\/span><\/span>restano POSSIBILI tutti i SERVIZI DI CONSEGNA A DOMICILIO, domenica e giornate festive comprese, purch\u00e9 ci\u00f2 avvenga nel rispetto dei requisiti igienico sanitari sia per il confezionamento che per il trasporto evitando altres\u00ec che al momento della consegna vi siano contatti personali, pertanto si dispone che l\u2019incaricato della consegna sia tenuto ad indossare mascherina e guanti monouso e che sia l\u2019incaricato e il destinatario mantengano comunque la distanza interpersonale di almeno un metro;<\/p>\n<p><span class=\"_5mfr\"><span class=\"_6qdm\">\u25aa\ufe0f<\/span><\/span>\u00e8 vietato l\u2019esercizio dell\u2019attivit\u00e0 di commercio nella forma del MERCATO ALL\u2019APERTO E AL CHIUSO o di analoga forma di vendita su area pubblica o privata di generi alimentari se non nei comuni nei quali sia adottato dai Sindaci un apposito piano, consegnato ai commercianti, che preveda le seguenti condizioni minimali:<br \/>\n&#8211; nel caso di mercato all\u2019aperto una perimetrazione;<br \/>\n&#8211; un unico varco d\u2019accesso separato da quello di uscita;<br \/>\n&#8211; contingentamento delle presenze;<br \/>\n&#8211; per venditori e clienti, uso obbligatorio di guanti monouso, mascherine o comunque di una protezione a copertura di naso e bocca e il mantenimento della distanza interpersonale di almeno 1 metro;<\/p>\n<p><span class=\"_5mfr\"><span class=\"_6qdm\">\u25aa\ufe0f<\/span><\/span>chiunque acceda ai servizi di TRASPORTO PUBBLICO automobilistici, ferroviari e marittimi, deve mantenere la DISTANZA INTERPERSONALE DI SICUREZZA, UTILIZZARE LA MASCHERINA O comunque una protezione a copertura di naso e bocca e ogni altra precauzione finalizzata ad evitare il contagio;<\/p>\n<p><span class=\"_5mfr\"><span class=\"_6qdm\">\u25aa\ufe0f<\/span><\/span>la disposizione di cui al precedente punto si applica anche ai SERVIZI PUBBLICI NON DI LINEA (servizio NCC, taxi, ecc.);<\/p>\n<p><span class=\"_5mfr\"><span class=\"_6qdm\">\u25aa\ufe0f<\/span><\/span>all\u2019interno degli UFFICI APERTI AL PUBBLICO, \u00e8 obbligatorio utilizzare le MASCHERINE o comunque una protezione a copertura di naso e bocca e mantenere la DISTANZA INTERPERSONALE DI SICUREZZA DI ALMENO 1 METRO;<\/p>\n<p><span class=\"_5mfr\"><span class=\"_6qdm\">\u25aa\ufe0f<\/span><\/span>\u00e8 AMMESSA l\u2019attivit\u00e0 di MANUTENZIONE DEL VERDE SU AREE PUBBLICHE E PRIVATE, sempre nel rispetto delle richiamate misure di comportamento finalizzato al contenimento del contagio.<\/p>\n<p>In allegato il testo della ordinanza.<\/p>\n\t\t\t\n\t\t\t\n\t\t\t\n\n<div id='wpba_attachment_list' class=''>\n<div class='ui list'><h3 style=\"display:none;\">\ud83d\udcce Allegati<\/h3><ul><li><a id=\"wpba_attachment_list_139\" class=\"y-skip-href item\" href=\"https:\/\/comunicacity.net\/dignano\/wp-content\/uploads\/sites\/173\/2020\/04\/Ordinanza_10_PC_FVG_dd_13_04_2020.pdf.pdf\" onclick=\"window.open('https:\/\/comunicacity.net\/dignano\/wp-content\/uploads\/sites\/173\/2020\/04\/Ordinanza_10_PC_FVG_dd_13_04_2020.pdf.pdf', '_system'); return false;\"><i class='icon attachment'><\/i>Ordinanza_10_PC_FVG_dd_13_04_2020.pdf<\/a><\/li>\n<\/ul><\/div><\/div>\n","protected":false},"excerpt":{"rendered":"<p>Ordinanza contingibile e urgente n. 10\/PC; validit\u00e0 dal 14\/04\/2020 al 03\/05\/2020. Di seguito i contenuti principali: \u25aa\ufe0fquando si esce di casa \u00e8 obbligatorio indossare la MASCHERINA o comunque una protezione [&hellip;]<\/p>\n","protected":false},"author":354,"featured_media":0,"comment_status":"closed","ping_status":"closed","sticky":false,"template":"","format":"standard","meta":{"footnotes":""},"categories":[26],"tags":[],"class_list":["post-138","post","type-post","status-publish","format-standard","hentry","category-urgenze-e-allerta"],"yoast_head":"<!-- This site is optimized with the Yoast SEO plugin v27.4 - https:\/\/yoast.com\/product\/yoast-seo-wordpress\/ -->\n<title>ordinanza contingibile e urgente n.10\/PC - Dignano<\/title>\n<meta name=\"robots\" content=\"index, follow, max-snippet:-1, max-image-preview:large, max-video-preview:-1\" \/>\n<link rel=\"canonical\" href=\"https:\/\/comunicacity.net\/dignano\/2020\/04\/13\/ordinanza-contingibile-e-urgente-n-10-pc\/\" \/>\n<meta property=\"og:locale\" content=\"it_IT\" \/>\n<meta property=\"og:type\" content=\"article\" \/>\n<meta property=\"og:title\" content=\"ordinanza contingibile e urgente n.10\/PC - Dignano\" \/>\n<meta property=\"og:description\" content=\"Ordinanza contingibile e urgente n. 10\/PC; validit\u00e0 dal 14\/04\/2020 al 03\/05\/2020. Di seguito i contenuti principali: \u25aa\ufe0fquando si esce di casa \u00e8 obbligatorio indossare la MASCHERINA o comunque una protezione [&hellip;]\" \/>\n<meta property=\"og:url\" content=\"https:\/\/comunicacity.net\/dignano\/2020\/04\/13\/ordinanza-contingibile-e-urgente-n-10-pc\/\" \/>\n<meta property=\"og:site_name\" content=\"Dignano\" \/>\n<meta property=\"article:publisher\" content=\"http:\/\/facebook.com\/ComunicaCity\" \/>\n<meta property=\"article:published_time\" content=\"2020-04-13T19:27:20+00:00\" \/>\n<meta property=\"article:modified_time\" content=\"2020-04-13T19:30:19+00:00\" \/>\n<meta property=\"og:image\" content=\"https:\/\/comunicacity.net\/dignano\/wp-content\/themes\/comunicacity\/build\/assets\/categorie\/urgenze-e-allerta.png\" \/>\n\t<meta property=\"og:image:width\" content=\"1200\" \/>\n\t<meta property=\"og:image:height\" content=\"600\" \/>\n<meta name=\"author\" content=\"Rachele\" \/>\n<meta name=\"twitter:card\" content=\"summary_large_image\" \/>\n<meta name=\"twitter:creator\" content=\"@comunicacity\" \/>\n<meta name=\"twitter:site\" content=\"@comunicacity\" \/>\n<meta name=\"twitter:label1\" content=\"Scritto da\" \/>\n\t<meta name=\"twitter:data1\" content=\"Rachele\" \/>\n\t<meta name=\"twitter:label2\" content=\"Tempo di lettura stimato\" \/>\n\t<meta name=\"twitter:data2\" content=\"3 minuti\" \/>\n<script type=\"application\/ld+json\" class=\"yoast-schema-graph\">{\"@context\":\"https:\\\/\\\/schema.org\",\"@graph\":[{\"@type\":\"Article\",\"@id\":\"https:\\\/\\\/comunicacity.net\\\/dignano\\\/2020\\\/04\\\/13\\\/ordinanza-contingibile-e-urgente-n-10-pc\\\/#article\",\"isPartOf\":{\"@id\":\"https:\\\/\\\/comunicacity.net\\\/dignano\\\/2020\\\/04\\\/13\\\/ordinanza-contingibile-e-urgente-n-10-pc\\\/\"},\"author\":{\"name\":\"Rachele\",\"@id\":\"https:\\\/\\\/comunicacity.net\\\/dignano\\\/#\\\/schema\\\/person\\\/8731dec3a03c265d0d984fb2598496f0\"},\"headline\":\"ordinanza contingibile e urgente n.10\\\/PC\",\"datePublished\":\"2020-04-13T19:27:20+00:00\",\"dateModified\":\"2020-04-13T19:30:19+00:00\",\"mainEntityOfPage\":{\"@id\":\"https:\\\/\\\/comunicacity.net\\\/dignano\\\/2020\\\/04\\\/13\\\/ordinanza-contingibile-e-urgente-n-10-pc\\\/\"},\"wordCount\":540,\"publisher\":{\"@id\":\"https:\\\/\\\/comunicacity.net\\\/dignano\\\/#organization\"},\"articleSection\":[\"Urgenze e Allerta\"],\"inLanguage\":\"it-IT\"},{\"@type\":\"WebPage\",\"@id\":\"https:\\\/\\\/comunicacity.net\\\/dignano\\\/2020\\\/04\\\/13\\\/ordinanza-contingibile-e-urgente-n-10-pc\\\/\",\"url\":\"https:\\\/\\\/comunicacity.net\\\/dignano\\\/2020\\\/04\\\/13\\\/ordinanza-contingibile-e-urgente-n-10-pc\\\/\",\"name\":\"ordinanza contingibile e urgente n.10\\\/PC - Dignano\",\"isPartOf\":{\"@id\":\"https:\\\/\\\/comunicacity.net\\\/dignano\\\/#website\"},\"datePublished\":\"2020-04-13T19:27:20+00:00\",\"dateModified\":\"2020-04-13T19:30:19+00:00\",\"breadcrumb\":{\"@id\":\"https:\\\/\\\/comunicacity.net\\\/dignano\\\/2020\\\/04\\\/13\\\/ordinanza-contingibile-e-urgente-n-10-pc\\\/#breadcrumb\"},\"inLanguage\":\"it-IT\",\"potentialAction\":[{\"@type\":\"ReadAction\",\"target\":[\"https:\\\/\\\/comunicacity.net\\\/dignano\\\/2020\\\/04\\\/13\\\/ordinanza-contingibile-e-urgente-n-10-pc\\\/\"]}]},{\"@type\":\"BreadcrumbList\",\"@id\":\"https:\\\/\\\/comunicacity.net\\\/dignano\\\/2020\\\/04\\\/13\\\/ordinanza-contingibile-e-urgente-n-10-pc\\\/#breadcrumb\",\"itemListElement\":[{\"@type\":\"ListItem\",\"position\":1,\"name\":\"Home\",\"item\":\"https:\\\/\\\/comunicacity.net\\\/dignano\\\/\"},{\"@type\":\"ListItem\",\"position\":2,\"name\":\"ordinanza contingibile e urgente n.10\\\/PC\"}]},{\"@type\":\"WebSite\",\"@id\":\"https:\\\/\\\/comunicacity.net\\\/dignano\\\/#website\",\"url\":\"https:\\\/\\\/comunicacity.net\\\/dignano\\\/\",\"name\":\"Dignano\",\"description\":\"Ecco un altro sito ComunicaCity\",\"publisher\":{\"@id\":\"https:\\\/\\\/comunicacity.net\\\/dignano\\\/#organization\"},\"potentialAction\":[{\"@type\":\"SearchAction\",\"target\":{\"@type\":\"EntryPoint\",\"urlTemplate\":\"https:\\\/\\\/comunicacity.net\\\/dignano\\\/?s={search_term_string}\"},\"query-input\":{\"@type\":\"PropertyValueSpecification\",\"valueRequired\":true,\"valueName\":\"search_term_string\"}}],\"inLanguage\":\"it-IT\"},{\"@type\":\"Organization\",\"@id\":\"https:\\\/\\\/comunicacity.net\\\/dignano\\\/#organization\",\"name\":\"ComunicaCity\",\"url\":\"https:\\\/\\\/comunicacity.net\\\/dignano\\\/\",\"logo\":{\"@type\":\"ImageObject\",\"inLanguage\":\"it-IT\",\"@id\":\"https:\\\/\\\/comunicacity.net\\\/dignano\\\/#\\\/schema\\\/logo\\\/image\\\/\",\"url\":\"http:\\\/\\\/comunicacity.net\\\/dignano\\\/wp-content\\\/uploads\\\/sites\\\/173\\\/2019\\\/12\\\/chieavidulis.jpg\",\"contentUrl\":\"http:\\\/\\\/comunicacity.net\\\/dignano\\\/wp-content\\\/uploads\\\/sites\\\/173\\\/2019\\\/12\\\/chieavidulis.jpg\",\"width\":179,\"height\":266,\"caption\":\"ComunicaCity\"},\"image\":{\"@id\":\"https:\\\/\\\/comunicacity.net\\\/dignano\\\/#\\\/schema\\\/logo\\\/image\\\/\"},\"sameAs\":[\"http:\\\/\\\/facebook.com\\\/ComunicaCity\",\"https:\\\/\\\/x.com\\\/comunicacity\"]},{\"@type\":\"Person\",\"@id\":\"https:\\\/\\\/comunicacity.net\\\/dignano\\\/#\\\/schema\\\/person\\\/8731dec3a03c265d0d984fb2598496f0\",\"name\":\"Rachele\",\"image\":{\"@type\":\"ImageObject\",\"inLanguage\":\"it-IT\",\"@id\":\"https:\\\/\\\/secure.gravatar.com\\\/avatar\\\/1c3547c7045ae422557b9d8f63c27a7e5780c68ebefcf83500082069363456f0?s=96&d=mm&r=g\",\"url\":\"https:\\\/\\\/secure.gravatar.com\\\/avatar\\\/1c3547c7045ae422557b9d8f63c27a7e5780c68ebefcf83500082069363456f0?s=96&d=mm&r=g\",\"contentUrl\":\"https:\\\/\\\/secure.gravatar.com\\\/avatar\\\/1c3547c7045ae422557b9d8f63c27a7e5780c68ebefcf83500082069363456f0?s=96&d=mm&r=g\",\"caption\":\"Rachele\"},\"url\":\"https:\\\/\\\/comunicacity.net\\\/dignano\\\/author\\\/sandrabisi\\\/\"}]}<\/script>\n<!-- \/ Yoast SEO plugin. -->","yoast_head_json":{"title":"ordinanza contingibile e urgente n.10\/PC - Dignano","robots":{"index":"index","follow":"follow","max-snippet":"max-snippet:-1","max-image-preview":"max-image-preview:large","max-video-preview":"max-video-preview:-1"},"canonical":"https:\/\/comunicacity.net\/dignano\/2020\/04\/13\/ordinanza-contingibile-e-urgente-n-10-pc\/","og_locale":"it_IT","og_type":"article","og_title":"ordinanza contingibile e urgente n.10\/PC - Dignano","og_description":"Ordinanza contingibile e urgente n. 10\/PC; validit\u00e0 dal 14\/04\/2020 al 03\/05\/2020. Di seguito i contenuti principali: \u25aa\ufe0fquando si esce di casa \u00e8 obbligatorio indossare la MASCHERINA o comunque una protezione [&hellip;]","og_url":"https:\/\/comunicacity.net\/dignano\/2020\/04\/13\/ordinanza-contingibile-e-urgente-n-10-pc\/","og_site_name":"Dignano","article_publisher":"http:\/\/facebook.com\/ComunicaCity","article_published_time":"2020-04-13T19:27:20+00:00","article_modified_time":"2020-04-13T19:30:19+00:00","og_image":[{"url":"https:\/\/comunicacity.net\/dignano\/wp-content\/themes\/comunicacity\/build\/assets\/categorie\/urgenze-e-allerta.png","height":600,"width":1200,"type":""}],"author":"Rachele","twitter_card":"summary_large_image","twitter_creator":"@comunicacity","twitter_site":"@comunicacity","twitter_misc":{"Scritto da":"Rachele","Tempo di lettura stimato":"3 minuti"},"schema":{"@context":"https:\/\/schema.org","@graph":[{"@type":"Article","@id":"https:\/\/comunicacity.net\/dignano\/2020\/04\/13\/ordinanza-contingibile-e-urgente-n-10-pc\/#article","isPartOf":{"@id":"https:\/\/comunicacity.net\/dignano\/2020\/04\/13\/ordinanza-contingibile-e-urgente-n-10-pc\/"},"author":{"name":"Rachele","@id":"https:\/\/comunicacity.net\/dignano\/#\/schema\/person\/8731dec3a03c265d0d984fb2598496f0"},"headline":"ordinanza contingibile e urgente n.10\/PC","datePublished":"2020-04-13T19:27:20+00:00","dateModified":"2020-04-13T19:30:19+00:00","mainEntityOfPage":{"@id":"https:\/\/comunicacity.net\/dignano\/2020\/04\/13\/ordinanza-contingibile-e-urgente-n-10-pc\/"},"wordCount":540,"publisher":{"@id":"https:\/\/comunicacity.net\/dignano\/#organization"},"articleSection":["Urgenze e Allerta"],"inLanguage":"it-IT"},{"@type":"WebPage","@id":"https:\/\/comunicacity.net\/dignano\/2020\/04\/13\/ordinanza-contingibile-e-urgente-n-10-pc\/","url":"https:\/\/comunicacity.net\/dignano\/2020\/04\/13\/ordinanza-contingibile-e-urgente-n-10-pc\/","name":"ordinanza contingibile e urgente n.10\/PC - Dignano","isPartOf":{"@id":"https:\/\/comunicacity.net\/dignano\/#website"},"datePublished":"2020-04-13T19:27:20+00:00","dateModified":"2020-04-13T19:30:19+00:00","breadcrumb":{"@id":"https:\/\/comunicacity.net\/dignano\/2020\/04\/13\/ordinanza-contingibile-e-urgente-n-10-pc\/#breadcrumb"},"inLanguage":"it-IT","potentialAction":[{"@type":"ReadAction","target":["https:\/\/comunicacity.net\/dignano\/2020\/04\/13\/ordinanza-contingibile-e-urgente-n-10-pc\/"]}]},{"@type":"BreadcrumbList","@id":"https:\/\/comunicacity.net\/dignano\/2020\/04\/13\/ordinanza-contingibile-e-urgente-n-10-pc\/#breadcrumb","itemListElement":[{"@type":"ListItem","position":1,"name":"Home","item":"https:\/\/comunicacity.net\/dignano\/"},{"@type":"ListItem","position":2,"name":"ordinanza contingibile e urgente n.10\/PC"}]},{"@type":"WebSite","@id":"https:\/\/comunicacity.net\/dignano\/#website","url":"https:\/\/comunicacity.net\/dignano\/","name":"Dignano","description":"Ecco un altro sito ComunicaCity","publisher":{"@id":"https:\/\/comunicacity.net\/dignano\/#organization"},"potentialAction":[{"@type":"SearchAction","target":{"@type":"EntryPoint","urlTemplate":"https:\/\/comunicacity.net\/dignano\/?s={search_term_string}"},"query-input":{"@type":"PropertyValueSpecification","valueRequired":true,"valueName":"search_term_string"}}],"inLanguage":"it-IT"},{"@type":"Organization","@id":"https:\/\/comunicacity.net\/dignano\/#organization","name":"ComunicaCity","url":"https:\/\/comunicacity.net\/dignano\/","logo":{"@type":"ImageObject","inLanguage":"it-IT","@id":"https:\/\/comunicacity.net\/dignano\/#\/schema\/logo\/image\/","url":"https:\/\/comunicacity.net\/dignano\/wp-content\/uploads\/sites\/173\/2019\/12\/chieavidulis.jpg","contentUrl":"https:\/\/comunicacity.net\/dignano\/wp-content\/uploads\/sites\/173\/2019\/12\/chieavidulis.jpg","width":179,"height":266,"caption":"ComunicaCity"},"image":{"@id":"https:\/\/comunicacity.net\/dignano\/#\/schema\/logo\/image\/"},"sameAs":["http:\/\/facebook.com\/ComunicaCity","https:\/\/x.com\/comunicacity"]},{"@type":"Person","@id":"https:\/\/comunicacity.net\/dignano\/#\/schema\/person\/8731dec3a03c265d0d984fb2598496f0","name":"Rachele","image":{"@type":"ImageObject","inLanguage":"it-IT","@id":"https:\/\/secure.gravatar.com\/avatar\/1c3547c7045ae422557b9d8f63c27a7e5780c68ebefcf83500082069363456f0?s=96&d=mm&r=g","url":"https:\/\/secure.gravatar.com\/avatar\/1c3547c7045ae422557b9d8f63c27a7e5780c68ebefcf83500082069363456f0?s=96&d=mm&r=g","contentUrl":"https:\/\/secure.gravatar.com\/avatar\/1c3547c7045ae422557b9d8f63c27a7e5780c68ebefcf83500082069363456f0?s=96&d=mm&r=g","caption":"Rachele"},"url":"https:\/\/comunicacity.net\/dignano\/author\/sandrabisi\/"}]}},"meta_box":{"cc4_urg_colore":"","cc4_urg_data_inizio":"","cc4_urg_data_fine":"","cc4_cor_positivi_oggi":"","cc4_cor_negativizzati_oggi":"","cc4_cor_deceduti_oggi":"","cc4_cor_positivi_totali":"","cc4_cor_negativizzati_totali":"","cc4_cor_deceduti_totali":"","cc4_cor_attualmente_positivi":"","cc4_eve_data_inizio":"","cc4_eve_data_fine":"","cc4_eve_indirizzo":"","cc4_eve_posizione":{"latitude":"","longitude":"","zoom":""},"cc4_eve_telefono":"","cc4_eve_email":"","cc4_eve_web":"","cc4_eve_fb":"","sitopa_id":""},"_links":{"self":[{"href":"https:\/\/comunicacity.net\/dignano\/wp-json\/wp\/v2\/posts\/138","targetHints":{"allow":["GET"]}}],"collection":[{"href":"https:\/\/comunicacity.net\/dignano\/wp-json\/wp\/v2\/posts"}],"about":[{"href":"https:\/\/comunicacity.net\/dignano\/wp-json\/wp\/v2\/types\/post"}],"author":[{"embeddable":true,"href":"https:\/\/comunicacity.net\/dignano\/wp-json\/wp\/v2\/users\/354"}],"replies":[{"embeddable":true,"href":"https:\/\/comunicacity.net\/dignano\/wp-json\/wp\/v2\/comments?post=138"}],"version-history":[{"count":2,"href":"https:\/\/comunicacity.net\/dignano\/wp-json\/wp\/v2\/posts\/138\/revisions"}],"predecessor-version":[{"id":141,"href":"https:\/\/comunicacity.net\/dignano\/wp-json\/wp\/v2\/posts\/138\/revisions\/141"}],"wp:attachment":[{"href":"https:\/\/comunicacity.net\/dignano\/wp-json\/wp\/v2\/media?parent=138"}],"wp:term":[{"taxonomy":"category","embeddable":true,"href":"https:\/\/comunicacity.net\/dignano\/wp-json\/wp\/v2\/categories?post=138"},{"taxonomy":"post_tag","embeddable":true,"href":"https:\/\/comunicacity.net\/dignano\/wp-json\/wp\/v2\/tags?post=138"}],"curies":[{"name":"wp","href":"https:\/\/api.w.org\/{rel}","templated":true}]}}