{"id":1403,"date":"2024-08-31T14:09:35","date_gmt":"2024-08-31T12:09:35","guid":{"rendered":"https:\/\/comunicacity.net\/dignano\/?p=1403"},"modified":"2024-09-02T10:53:10","modified_gmt":"2024-09-02T08:53:10","slug":"promozione-mostre-darte-bimestrali-presso-i-locali-comunali","status":"publish","type":"post","link":"https:\/\/comunicacity.net\/dignano\/2024\/08\/31\/promozione-mostre-darte-bimestrali-presso-i-locali-comunali\/","title":{"rendered":"Promozione Mostre d&#8217;Arte Bimestrali presso i Locali Comunali"},"content":{"rendered":"<p>Gentili Concittadini,<\/p>\n<p>&nbsp;<\/p>\n<p>l&#8217;Amministrazione Comunale, attraverso l&#8217;Assessorato alla Cultura, \u00e8 lieta di annunciare un&#8217;importante iniziativa culturale volta a promuovere la bellezza artistica nel nostro territorio. A partire da sabato 7 settembre, presso i locali comunali, riprenderanno le mostre d&#8217;arte bimestrali, che vedranno la partecipazione di artisti del territorio e non solo.<\/p>\n<p>\u201cA proposito di Arte\u201d sar\u00e0 il contenitore delle mostre curate dal noto critico d&#8217;arte Vito Sutto, che affiancher\u00e0 ciascun artista nella presentazione delle opere al pubblico. Ogni esposizione sar\u00e0 inaugurata il primo sabato del bimestre alle ore 11.00, con un evento che vedr\u00e0 la partecipazione del curatore e dell&#8217;autore delle opere esposte. Le <strong>esposizioni<\/strong> saranno successivamente <strong>visitabili<\/strong> nei seguenti giorni e orari: <strong>dal luned\u00ec al venerd\u00ec dalle 10.30 alle 12.30 e il luned\u00ec pomeriggio dalle 16.30 alle 18.00.<\/strong><\/p>\n<p>Questa iniziativa nasce con l&#8217;intento di valorizzare la cultura artistica locale, offrendo a tutti i cittadini l&#8217;opportunit\u00e0 di conoscere da vicino gli artisti del nostro territorio e di ammirare le loro creazioni. Siamo certi che le mostre saranno un&#8217;occasione di arricchimento culturale per tutta la comunit\u00e0.<\/p>\n<p>La prima mostra, che sar\u00e0 inaugurata <strong>sabato 7 settembre alle ore 11.00<\/strong>, sar\u00e0 dedicata alle opere del defunto <strong>pittore Elio Cuzzi<\/strong>, un omaggio a un artista che ha lasciato un segno indelebile nel panorama artistico locale.<\/p>\n<p>Vi invitiamo a partecipare numerosi a questa iniziativa che non solo promuove l&#8217;arte, ma rappresenta anche un&#8217;importante occasione di incontro e dialogo all&#8217;interno della nostra comunit\u00e0.<\/p>\n<p>Cordiali saluti,<\/p>\n<p>&nbsp;<\/p>\n<p>Assessore alla Cultura<\/p>\n<p>Comune di Dignano<\/p>\n<p>Dott.ssa Rachele Orlando<\/p>\n<div id='wpba_attachment_list' class=''>\n<div class='ui list'><h3 style=\"display:none;\">\ud83d\udcce Allegati<\/h3><ul><li><a id=\"wpba_attachment_list_1405\" class=\"y-skip-href item\" href=\"https:\/\/comunicacity.net\/dignano\/wp-content\/uploads\/sites\/173\/2024\/08\/Pieghevole_CUZZI-ELIO.pdf\" onclick=\"window.open('https:\/\/comunicacity.net\/dignano\/wp-content\/uploads\/sites\/173\/2024\/08\/Pieghevole_CUZZI-ELIO.pdf', '_system'); return false;\"><i class='icon attachment'><\/i>Pieghevole_CUZZI ELIO<\/a><\/li>\n<\/ul><\/div><\/div>\n","protected":false},"excerpt":{"rendered":"<p>Gentili Concittadini, &nbsp; l&#8217;Amministrazione Comunale, attraverso l&#8217;Assessorato alla Cultura, \u00e8 lieta di annunciare un&#8217;importante iniziativa culturale volta a promuovere la bellezza artistica nel nostro territorio. A partire da sabato 7 [&hellip;]<\/p>\n","protected":false},"author":354,"featured_media":1407,"comment_status":"closed","ping_status":"closed","sticky":false,"template":"","format":"standard","meta":{"footnotes":""},"categories":[9],"tags":[],"class_list":["post-1403","post","type-post","status-publish","format-standard","has-post-thumbnail","hentry","category-cultura"],"yoast_head":"<!-- This site is optimized with the Yoast SEO plugin v27.4 - https:\/\/yoast.com\/product\/yoast-seo-wordpress\/ -->\n<title>Promozione Mostre d&#039;Arte Bimestrali presso i Locali Comunali - Dignano<\/title>\n<meta name=\"robots\" content=\"index, follow, max-snippet:-1, max-image-preview:large, max-video-preview:-1\" \/>\n<link rel=\"canonical\" href=\"https:\/\/comunicacity.net\/dignano\/2024\/08\/31\/promozione-mostre-darte-bimestrali-presso-i-locali-comunali\/\" \/>\n<meta property=\"og:locale\" content=\"it_IT\" \/>\n<meta property=\"og:type\" content=\"article\" \/>\n<meta property=\"og:title\" content=\"Promozione Mostre d&#039;Arte Bimestrali presso i Locali Comunali - Dignano\" \/>\n<meta property=\"og:description\" content=\"Gentili Concittadini, &nbsp; l&#8217;Amministrazione Comunale, attraverso l&#8217;Assessorato alla Cultura, \u00e8 lieta di annunciare un&#8217;importante iniziativa culturale volta a promuovere la bellezza artistica nel nostro territorio. A partire da sabato 7 [&hellip;]\" \/>\n<meta property=\"og:url\" content=\"https:\/\/comunicacity.net\/dignano\/2024\/08\/31\/promozione-mostre-darte-bimestrali-presso-i-locali-comunali\/\" \/>\n<meta property=\"og:site_name\" content=\"Dignano\" \/>\n<meta property=\"article:publisher\" content=\"http:\/\/facebook.com\/ComunicaCity\" \/>\n<meta property=\"article:published_time\" content=\"2024-08-31T12:09:35+00:00\" \/>\n<meta property=\"article:modified_time\" content=\"2024-09-02T08:53:10+00:00\" \/>\n<meta property=\"og:image\" content=\"https:\/\/comunicacity.net\/dignano\/wp-content\/uploads\/sites\/173\/2024\/08\/evento-facebook.jpg\" \/>\n\t<meta property=\"og:image:width\" content=\"1920\" \/>\n\t<meta property=\"og:image:height\" content=\"1080\" \/>\n\t<meta property=\"og:image:type\" content=\"image\/jpeg\" \/>\n<meta name=\"author\" content=\"Rachele\" \/>\n<meta name=\"twitter:card\" content=\"summary_large_image\" \/>\n<meta name=\"twitter:creator\" content=\"@comunicacity\" \/>\n<meta name=\"twitter:site\" content=\"@comunicacity\" \/>\n<meta name=\"twitter:label1\" content=\"Scritto da\" \/>\n\t<meta name=\"twitter:data1\" content=\"Rachele\" \/>\n\t<meta name=\"twitter:label2\" content=\"Tempo di lettura stimato\" \/>\n\t<meta name=\"twitter:data2\" content=\"1 minuto\" \/>\n<script type=\"application\/ld+json\" class=\"yoast-schema-graph\">{\"@context\":\"https:\\\/\\\/schema.org\",\"@graph\":[{\"@type\":\"Article\",\"@id\":\"https:\\\/\\\/comunicacity.net\\\/dignano\\\/2024\\\/08\\\/31\\\/promozione-mostre-darte-bimestrali-presso-i-locali-comunali\\\/#article\",\"isPartOf\":{\"@id\":\"https:\\\/\\\/comunicacity.net\\\/dignano\\\/2024\\\/08\\\/31\\\/promozione-mostre-darte-bimestrali-presso-i-locali-comunali\\\/\"},\"author\":{\"name\":\"Rachele\",\"@id\":\"https:\\\/\\\/comunicacity.net\\\/dignano\\\/#\\\/schema\\\/person\\\/8731dec3a03c265d0d984fb2598496f0\"},\"headline\":\"Promozione Mostre d&#8217;Arte Bimestrali presso i Locali Comunali\",\"datePublished\":\"2024-08-31T12:09:35+00:00\",\"dateModified\":\"2024-09-02T08:53:10+00:00\",\"mainEntityOfPage\":{\"@id\":\"https:\\\/\\\/comunicacity.net\\\/dignano\\\/2024\\\/08\\\/31\\\/promozione-mostre-darte-bimestrali-presso-i-locali-comunali\\\/\"},\"wordCount\":249,\"publisher\":{\"@id\":\"https:\\\/\\\/comunicacity.net\\\/dignano\\\/#organization\"},\"image\":{\"@id\":\"https:\\\/\\\/comunicacity.net\\\/dignano\\\/2024\\\/08\\\/31\\\/promozione-mostre-darte-bimestrali-presso-i-locali-comunali\\\/#primaryimage\"},\"thumbnailUrl\":\"https:\\\/\\\/comunicacity.net\\\/dignano\\\/wp-content\\\/uploads\\\/sites\\\/173\\\/2024\\\/08\\\/evento-facebook.jpg\",\"articleSection\":[\"Cultura\"],\"inLanguage\":\"it-IT\"},{\"@type\":\"WebPage\",\"@id\":\"https:\\\/\\\/comunicacity.net\\\/dignano\\\/2024\\\/08\\\/31\\\/promozione-mostre-darte-bimestrali-presso-i-locali-comunali\\\/\",\"url\":\"https:\\\/\\\/comunicacity.net\\\/dignano\\\/2024\\\/08\\\/31\\\/promozione-mostre-darte-bimestrali-presso-i-locali-comunali\\\/\",\"name\":\"Promozione Mostre d'Arte Bimestrali presso i Locali Comunali - Dignano\",\"isPartOf\":{\"@id\":\"https:\\\/\\\/comunicacity.net\\\/dignano\\\/#website\"},\"primaryImageOfPage\":{\"@id\":\"https:\\\/\\\/comunicacity.net\\\/dignano\\\/2024\\\/08\\\/31\\\/promozione-mostre-darte-bimestrali-presso-i-locali-comunali\\\/#primaryimage\"},\"image\":{\"@id\":\"https:\\\/\\\/comunicacity.net\\\/dignano\\\/2024\\\/08\\\/31\\\/promozione-mostre-darte-bimestrali-presso-i-locali-comunali\\\/#primaryimage\"},\"thumbnailUrl\":\"https:\\\/\\\/comunicacity.net\\\/dignano\\\/wp-content\\\/uploads\\\/sites\\\/173\\\/2024\\\/08\\\/evento-facebook.jpg\",\"datePublished\":\"2024-08-31T12:09:35+00:00\",\"dateModified\":\"2024-09-02T08:53:10+00:00\",\"breadcrumb\":{\"@id\":\"https:\\\/\\\/comunicacity.net\\\/dignano\\\/2024\\\/08\\\/31\\\/promozione-mostre-darte-bimestrali-presso-i-locali-comunali\\\/#breadcrumb\"},\"inLanguage\":\"it-IT\",\"potentialAction\":[{\"@type\":\"ReadAction\",\"target\":[\"https:\\\/\\\/comunicacity.net\\\/dignano\\\/2024\\\/08\\\/31\\\/promozione-mostre-darte-bimestrali-presso-i-locali-comunali\\\/\"]}]},{\"@type\":\"ImageObject\",\"inLanguage\":\"it-IT\",\"@id\":\"https:\\\/\\\/comunicacity.net\\\/dignano\\\/2024\\\/08\\\/31\\\/promozione-mostre-darte-bimestrali-presso-i-locali-comunali\\\/#primaryimage\",\"url\":\"https:\\\/\\\/comunicacity.net\\\/dignano\\\/wp-content\\\/uploads\\\/sites\\\/173\\\/2024\\\/08\\\/evento-facebook.jpg\",\"contentUrl\":\"https:\\\/\\\/comunicacity.net\\\/dignano\\\/wp-content\\\/uploads\\\/sites\\\/173\\\/2024\\\/08\\\/evento-facebook.jpg\",\"width\":1920,\"height\":1080},{\"@type\":\"BreadcrumbList\",\"@id\":\"https:\\\/\\\/comunicacity.net\\\/dignano\\\/2024\\\/08\\\/31\\\/promozione-mostre-darte-bimestrali-presso-i-locali-comunali\\\/#breadcrumb\",\"itemListElement\":[{\"@type\":\"ListItem\",\"position\":1,\"name\":\"Home\",\"item\":\"https:\\\/\\\/comunicacity.net\\\/dignano\\\/\"},{\"@type\":\"ListItem\",\"position\":2,\"name\":\"Promozione Mostre d&#8217;Arte Bimestrali presso i Locali Comunali\"}]},{\"@type\":\"WebSite\",\"@id\":\"https:\\\/\\\/comunicacity.net\\\/dignano\\\/#website\",\"url\":\"https:\\\/\\\/comunicacity.net\\\/dignano\\\/\",\"name\":\"Dignano\",\"description\":\"Ecco un altro sito ComunicaCity\",\"publisher\":{\"@id\":\"https:\\\/\\\/comunicacity.net\\\/dignano\\\/#organization\"},\"potentialAction\":[{\"@type\":\"SearchAction\",\"target\":{\"@type\":\"EntryPoint\",\"urlTemplate\":\"https:\\\/\\\/comunicacity.net\\\/dignano\\\/?s={search_term_string}\"},\"query-input\":{\"@type\":\"PropertyValueSpecification\",\"valueRequired\":true,\"valueName\":\"search_term_string\"}}],\"inLanguage\":\"it-IT\"},{\"@type\":\"Organization\",\"@id\":\"https:\\\/\\\/comunicacity.net\\\/dignano\\\/#organization\",\"name\":\"ComunicaCity\",\"url\":\"https:\\\/\\\/comunicacity.net\\\/dignano\\\/\",\"logo\":{\"@type\":\"ImageObject\",\"inLanguage\":\"it-IT\",\"@id\":\"https:\\\/\\\/comunicacity.net\\\/dignano\\\/#\\\/schema\\\/logo\\\/image\\\/\",\"url\":\"http:\\\/\\\/comunicacity.net\\\/dignano\\\/wp-content\\\/uploads\\\/sites\\\/173\\\/2019\\\/12\\\/chieavidulis.jpg\",\"contentUrl\":\"http:\\\/\\\/comunicacity.net\\\/dignano\\\/wp-content\\\/uploads\\\/sites\\\/173\\\/2019\\\/12\\\/chieavidulis.jpg\",\"width\":179,\"height\":266,\"caption\":\"ComunicaCity\"},\"image\":{\"@id\":\"https:\\\/\\\/comunicacity.net\\\/dignano\\\/#\\\/schema\\\/logo\\\/image\\\/\"},\"sameAs\":[\"http:\\\/\\\/facebook.com\\\/ComunicaCity\",\"https:\\\/\\\/x.com\\\/comunicacity\"]},{\"@type\":\"Person\",\"@id\":\"https:\\\/\\\/comunicacity.net\\\/dignano\\\/#\\\/schema\\\/person\\\/8731dec3a03c265d0d984fb2598496f0\",\"name\":\"Rachele\",\"image\":{\"@type\":\"ImageObject\",\"inLanguage\":\"it-IT\",\"@id\":\"https:\\\/\\\/secure.gravatar.com\\\/avatar\\\/1c3547c7045ae422557b9d8f63c27a7e5780c68ebefcf83500082069363456f0?s=96&d=mm&r=g\",\"url\":\"https:\\\/\\\/secure.gravatar.com\\\/avatar\\\/1c3547c7045ae422557b9d8f63c27a7e5780c68ebefcf83500082069363456f0?s=96&d=mm&r=g\",\"contentUrl\":\"https:\\\/\\\/secure.gravatar.com\\\/avatar\\\/1c3547c7045ae422557b9d8f63c27a7e5780c68ebefcf83500082069363456f0?s=96&d=mm&r=g\",\"caption\":\"Rachele\"},\"url\":\"https:\\\/\\\/comunicacity.net\\\/dignano\\\/author\\\/sandrabisi\\\/\"}]}<\/script>\n<!-- \/ Yoast SEO plugin. -->","yoast_head_json":{"title":"Promozione Mostre d'Arte Bimestrali presso i Locali Comunali - Dignano","robots":{"index":"index","follow":"follow","max-snippet":"max-snippet:-1","max-image-preview":"max-image-preview:large","max-video-preview":"max-video-preview:-1"},"canonical":"https:\/\/comunicacity.net\/dignano\/2024\/08\/31\/promozione-mostre-darte-bimestrali-presso-i-locali-comunali\/","og_locale":"it_IT","og_type":"article","og_title":"Promozione Mostre d'Arte Bimestrali presso i Locali Comunali - Dignano","og_description":"Gentili Concittadini, &nbsp; l&#8217;Amministrazione Comunale, attraverso l&#8217;Assessorato alla Cultura, \u00e8 lieta di annunciare un&#8217;importante iniziativa culturale volta a promuovere la bellezza artistica nel nostro territorio. A partire da sabato 7 [&hellip;]","og_url":"https:\/\/comunicacity.net\/dignano\/2024\/08\/31\/promozione-mostre-darte-bimestrali-presso-i-locali-comunali\/","og_site_name":"Dignano","article_publisher":"http:\/\/facebook.com\/ComunicaCity","article_published_time":"2024-08-31T12:09:35+00:00","article_modified_time":"2024-09-02T08:53:10+00:00","og_image":[{"width":1920,"height":1080,"url":"https:\/\/comunicacity.net\/dignano\/wp-content\/uploads\/sites\/173\/2024\/08\/evento-facebook.jpg","type":"image\/jpeg"}],"author":"Rachele","twitter_card":"summary_large_image","twitter_creator":"@comunicacity","twitter_site":"@comunicacity","twitter_misc":{"Scritto da":"Rachele","Tempo di lettura stimato":"1 minuto"},"schema":{"@context":"https:\/\/schema.org","@graph":[{"@type":"Article","@id":"https:\/\/comunicacity.net\/dignano\/2024\/08\/31\/promozione-mostre-darte-bimestrali-presso-i-locali-comunali\/#article","isPartOf":{"@id":"https:\/\/comunicacity.net\/dignano\/2024\/08\/31\/promozione-mostre-darte-bimestrali-presso-i-locali-comunali\/"},"author":{"name":"Rachele","@id":"https:\/\/comunicacity.net\/dignano\/#\/schema\/person\/8731dec3a03c265d0d984fb2598496f0"},"headline":"Promozione Mostre d&#8217;Arte Bimestrali presso i Locali Comunali","datePublished":"2024-08-31T12:09:35+00:00","dateModified":"2024-09-02T08:53:10+00:00","mainEntityOfPage":{"@id":"https:\/\/comunicacity.net\/dignano\/2024\/08\/31\/promozione-mostre-darte-bimestrali-presso-i-locali-comunali\/"},"wordCount":249,"publisher":{"@id":"https:\/\/comunicacity.net\/dignano\/#organization"},"image":{"@id":"https:\/\/comunicacity.net\/dignano\/2024\/08\/31\/promozione-mostre-darte-bimestrali-presso-i-locali-comunali\/#primaryimage"},"thumbnailUrl":"https:\/\/comunicacity.net\/dignano\/wp-content\/uploads\/sites\/173\/2024\/08\/evento-facebook.jpg","articleSection":["Cultura"],"inLanguage":"it-IT"},{"@type":"WebPage","@id":"https:\/\/comunicacity.net\/dignano\/2024\/08\/31\/promozione-mostre-darte-bimestrali-presso-i-locali-comunali\/","url":"https:\/\/comunicacity.net\/dignano\/2024\/08\/31\/promozione-mostre-darte-bimestrali-presso-i-locali-comunali\/","name":"Promozione Mostre d'Arte Bimestrali presso i Locali Comunali - Dignano","isPartOf":{"@id":"https:\/\/comunicacity.net\/dignano\/#website"},"primaryImageOfPage":{"@id":"https:\/\/comunicacity.net\/dignano\/2024\/08\/31\/promozione-mostre-darte-bimestrali-presso-i-locali-comunali\/#primaryimage"},"image":{"@id":"https:\/\/comunicacity.net\/dignano\/2024\/08\/31\/promozione-mostre-darte-bimestrali-presso-i-locali-comunali\/#primaryimage"},"thumbnailUrl":"https:\/\/comunicacity.net\/dignano\/wp-content\/uploads\/sites\/173\/2024\/08\/evento-facebook.jpg","datePublished":"2024-08-31T12:09:35+00:00","dateModified":"2024-09-02T08:53:10+00:00","breadcrumb":{"@id":"https:\/\/comunicacity.net\/dignano\/2024\/08\/31\/promozione-mostre-darte-bimestrali-presso-i-locali-comunali\/#breadcrumb"},"inLanguage":"it-IT","potentialAction":[{"@type":"ReadAction","target":["https:\/\/comunicacity.net\/dignano\/2024\/08\/31\/promozione-mostre-darte-bimestrali-presso-i-locali-comunali\/"]}]},{"@type":"ImageObject","inLanguage":"it-IT","@id":"https:\/\/comunicacity.net\/dignano\/2024\/08\/31\/promozione-mostre-darte-bimestrali-presso-i-locali-comunali\/#primaryimage","url":"https:\/\/comunicacity.net\/dignano\/wp-content\/uploads\/sites\/173\/2024\/08\/evento-facebook.jpg","contentUrl":"https:\/\/comunicacity.net\/dignano\/wp-content\/uploads\/sites\/173\/2024\/08\/evento-facebook.jpg","width":1920,"height":1080},{"@type":"BreadcrumbList","@id":"https:\/\/comunicacity.net\/dignano\/2024\/08\/31\/promozione-mostre-darte-bimestrali-presso-i-locali-comunali\/#breadcrumb","itemListElement":[{"@type":"ListItem","position":1,"name":"Home","item":"https:\/\/comunicacity.net\/dignano\/"},{"@type":"ListItem","position":2,"name":"Promozione Mostre d&#8217;Arte Bimestrali presso i Locali Comunali"}]},{"@type":"WebSite","@id":"https:\/\/comunicacity.net\/dignano\/#website","url":"https:\/\/comunicacity.net\/dignano\/","name":"Dignano","description":"Ecco un altro sito ComunicaCity","publisher":{"@id":"https:\/\/comunicacity.net\/dignano\/#organization"},"potentialAction":[{"@type":"SearchAction","target":{"@type":"EntryPoint","urlTemplate":"https:\/\/comunicacity.net\/dignano\/?s={search_term_string}"},"query-input":{"@type":"PropertyValueSpecification","valueRequired":true,"valueName":"search_term_string"}}],"inLanguage":"it-IT"},{"@type":"Organization","@id":"https:\/\/comunicacity.net\/dignano\/#organization","name":"ComunicaCity","url":"https:\/\/comunicacity.net\/dignano\/","logo":{"@type":"ImageObject","inLanguage":"it-IT","@id":"https:\/\/comunicacity.net\/dignano\/#\/schema\/logo\/image\/","url":"https:\/\/comunicacity.net\/dignano\/wp-content\/uploads\/sites\/173\/2019\/12\/chieavidulis.jpg","contentUrl":"https:\/\/comunicacity.net\/dignano\/wp-content\/uploads\/sites\/173\/2019\/12\/chieavidulis.jpg","width":179,"height":266,"caption":"ComunicaCity"},"image":{"@id":"https:\/\/comunicacity.net\/dignano\/#\/schema\/logo\/image\/"},"sameAs":["http:\/\/facebook.com\/ComunicaCity","https:\/\/x.com\/comunicacity"]},{"@type":"Person","@id":"https:\/\/comunicacity.net\/dignano\/#\/schema\/person\/8731dec3a03c265d0d984fb2598496f0","name":"Rachele","image":{"@type":"ImageObject","inLanguage":"it-IT","@id":"https:\/\/secure.gravatar.com\/avatar\/1c3547c7045ae422557b9d8f63c27a7e5780c68ebefcf83500082069363456f0?s=96&d=mm&r=g","url":"https:\/\/secure.gravatar.com\/avatar\/1c3547c7045ae422557b9d8f63c27a7e5780c68ebefcf83500082069363456f0?s=96&d=mm&r=g","contentUrl":"https:\/\/secure.gravatar.com\/avatar\/1c3547c7045ae422557b9d8f63c27a7e5780c68ebefcf83500082069363456f0?s=96&d=mm&r=g","caption":"Rachele"},"url":"https:\/\/comunicacity.net\/dignano\/author\/sandrabisi\/"}]}},"meta_box":{"cc4_urg_colore":"rosso","cc4_urg_data_inizio":"","cc4_urg_data_fine":"","cc4_cor_positivi_oggi":"","cc4_cor_negativizzati_oggi":"","cc4_cor_deceduti_oggi":"","cc4_cor_positivi_totali":"","cc4_cor_negativizzati_totali":"","cc4_cor_deceduti_totali":"","cc4_cor_attualmente_positivi":"","cc4_eve_data_inizio":"","cc4_eve_data_fine":"","cc4_eve_indirizzo":"","cc4_eve_posizione":{"latitude":"53.346881","longitude":"-6.25886","zoom":"0"},"cc4_eve_telefono":"","cc4_eve_email":"","cc4_eve_web":"","cc4_eve_fb":"","sitopa_id":""},"_links":{"self":[{"href":"https:\/\/comunicacity.net\/dignano\/wp-json\/wp\/v2\/posts\/1403","targetHints":{"allow":["GET"]}}],"collection":[{"href":"https:\/\/comunicacity.net\/dignano\/wp-json\/wp\/v2\/posts"}],"about":[{"href":"https:\/\/comunicacity.net\/dignano\/wp-json\/wp\/v2\/types\/post"}],"author":[{"embeddable":true,"href":"https:\/\/comunicacity.net\/dignano\/wp-json\/wp\/v2\/users\/354"}],"replies":[{"embeddable":true,"href":"https:\/\/comunicacity.net\/dignano\/wp-json\/wp\/v2\/comments?post=1403"}],"version-history":[{"count":1,"href":"https:\/\/comunicacity.net\/dignano\/wp-json\/wp\/v2\/posts\/1403\/revisions"}],"predecessor-version":[{"id":1406,"href":"https:\/\/comunicacity.net\/dignano\/wp-json\/wp\/v2\/posts\/1403\/revisions\/1406"}],"wp:featuredmedia":[{"embeddable":true,"href":"https:\/\/comunicacity.net\/dignano\/wp-json\/wp\/v2\/media\/1407"}],"wp:attachment":[{"href":"https:\/\/comunicacity.net\/dignano\/wp-json\/wp\/v2\/media?parent=1403"}],"wp:term":[{"taxonomy":"category","embeddable":true,"href":"https:\/\/comunicacity.net\/dignano\/wp-json\/wp\/v2\/categories?post=1403"},{"taxonomy":"post_tag","embeddable":true,"href":"https:\/\/comunicacity.net\/dignano\/wp-json\/wp\/v2\/tags?post=1403"}],"curies":[{"name":"wp","href":"https:\/\/api.w.org\/{rel}","templated":true}]}}