{"id":394,"date":"2020-10-13T16:54:56","date_gmt":"2020-10-13T14:54:56","guid":{"rendered":"https:\/\/comunicacity.net\/dignano\/?p=394"},"modified":"2020-10-13T16:54:56","modified_gmt":"2020-10-13T14:54:56","slug":"dpcm-13-ottobre-2020","status":"publish","type":"post","link":"https:\/\/comunicacity.net\/dignano\/2020\/10\/13\/dpcm-13-ottobre-2020\/","title":{"rendered":"DPCM 13 OTTOBRE 2020"},"content":{"rendered":"<p><span class=\"_5mfr\"><span class=\"_6qdm\">\ud83d\udd34<\/span><\/span>DPCM 13 OTTOBRE 2020<span class=\"_5mfr\"><span class=\"_6qdm\">\ud83d\udd34<\/span><\/span><\/p>\n<p>Le disposizioni del decreto si applicano dal 14 Ottobre 2020 al 13 Novembre 2020.<\/p>\n<p>Di seguito un riassunto degli aspetti principali:<\/p>\n<div class=\"text_exposed_show\">\n<p><span class=\"_5mfr\"><span class=\"_6qdm\">\ud83d\udccc<\/span><\/span>MASCHERINE &#8211; Obbligo di avere sempre con s\u00e9 dispositivi di protezione delle vie respiratorie, nonch\u00e9 obbligo di indossarli al chiuso e all\u2019aperto, ad eccezione dei casi in cui sia garantita in modo continuativo la condizione di isolamento rispetto a persone non conviventi.<br \/>\nDall&#8217;obbligo \u00e8 escluso: chi fa attivit\u00e0 sportiva, i bambini sotto i 6 anni, i soggetti con patologie e disabilit\u00e0 incompatibili con l&#8217;uso della mascherina.<br \/>\nFortemente raccomandato l&#8217;utilizzo dei dispositivi anche all&#8217;interno delle abitazioni private in presenza di persone non conviventi.<\/p>\n<p><span class=\"_5mfr\"><span class=\"_6qdm\">\ud83d\udccc<\/span><\/span>FESTE &#8211; Sono vietate le feste in tutti i luoghi al chiuso e all&#8217;aperto. Le feste conseguenti alle cerimonie civili o religiose possono svolgersi con la partecipazione massima di 30 persone. Nelle abitazioni private \u00e8 fortemente raccomandato di evitare feste e di ricevere persone non conviventi in numero superiore a 6.<\/p>\n<p><span class=\"_5mfr\"><span class=\"_6qdm\">\ud83d\udccc<\/span><\/span>GITE SCOLASTICHE &#8211; Sono sospesi i viaggi d&#8217;istruzione, le visite guidate e le uscite didattiche.<\/p>\n<p><span class=\"_5mfr\"><span class=\"_6qdm\">\ud83d\udccc<\/span><\/span>BAR, RISTORANTI E SIMILI &#8211; Ristoranti e bar dovranno chiudere alle 24 e dalle 21 sar\u00e0 vietato consumare in piedi. Resta consentita la ristorazione con consegna a domicilio e la ristorazione con asporto.<\/p>\n<p><span class=\"_5mfr\"><span class=\"_6qdm\">\ud83d\udccc<\/span><\/span>CINEMA E CONCERTI &#8211; Per gli spettacoli resta il limite di 200 partecipanti al chiuso e di 1000 all&#8217;aperto, con il vincolo di un metro tra un posto e l&#8217;altro e di assegnazione dei posti a sedere. Sono sospesi gli eventi che implichino assembramenti se non \u00e8 possibile mantenere le distanze.<\/p>\n<p><span class=\"_5mfr\"><span class=\"_6qdm\">\ud83d\udccc<\/span><\/span>IMPIANTI SPORTIVI &#8211; Per le competizioni sportive \u00e8 consentita la presenza di pubblico, con una percentuale massima di riempimento del 15% rispetto alla capienza totale e comunque non oltre il numero massimo di 1000 spettatori all&#8217;aperto e 200 al chiuso. Va garantita la distanza di un metro e la misurazione della febbre all&#8217;ingresso.<\/p>\n<p><span class=\"_5mfr\"><span class=\"_6qdm\">\ud83d\udccc<\/span><\/span>SPORT &#8211; Sono vietate tutte le gare, le competizioni e tutte le attivit\u00e0 connesse agli sport di contatto aventi carattere amatoriale. Gli sport di contatto sono consentiti da parte delle societ\u00e0 professionistiche e a livello sia agonistico che di base dalle associazioni e societ\u00e0 dilettantistiche riconosciute dal Comitato olimpico nazionale italiano (CONI), dal Comitato italiano paralimpico (CIP), nel rispetto dei protocolli emanati dalle rispettive Federazioni sportive nazionali, Discipline sportive associate ed enti di promozione sportiva, idonei a prevenire o ridurre il rischio di contagio nel settore di riferimento o in settori analoghi.<\/p>\n<p>In allegato il testo del decreto.<\/p>\n<\/div>\n\t\t\t\n\t\t\t\n\t\t\t\n\n<div id='wpba_attachment_list' class=''>\n<div class='ui list'><h3 style=\"display:none;\">\ud83d\udcce Allegati<\/h3><ul><li><a id=\"wpba_attachment_list_395\" class=\"y-skip-href item\" href=\"https:\/\/comunicacity.net\/dignano\/wp-content\/uploads\/sites\/173\/2020\/10\/dPCM_13_ottobre_2020.pdf\" onclick=\"window.open('https:\/\/comunicacity.net\/dignano\/wp-content\/uploads\/sites\/173\/2020\/10\/dPCM_13_ottobre_2020.pdf', '_system'); return false;\"><i class='icon attachment'><\/i>DPCM_13_ottobre_2020<\/a><\/li>\n<\/ul><\/div><\/div>\n","protected":false},"excerpt":{"rendered":"<p>\ud83d\udd34DPCM 13 OTTOBRE 2020\ud83d\udd34 Le disposizioni del decreto si applicano dal 14 Ottobre 2020 al 13 Novembre 2020. Di seguito un riassunto degli aspetti principali: \ud83d\udcccMASCHERINE &#8211; Obbligo di avere [&hellip;]<\/p>\n","protected":false},"author":354,"featured_media":0,"comment_status":"closed","ping_status":"closed","sticky":false,"template":"","format":"standard","meta":{"footnotes":""},"categories":[26],"tags":[],"class_list":["post-394","post","type-post","status-publish","format-standard","hentry","category-urgenze-e-allerta"],"yoast_head":"<!-- This site is optimized with the Yoast SEO plugin v27.4 - https:\/\/yoast.com\/product\/yoast-seo-wordpress\/ -->\n<title>DPCM 13 OTTOBRE 2020 - Dignano<\/title>\n<meta name=\"robots\" content=\"index, follow, max-snippet:-1, max-image-preview:large, max-video-preview:-1\" \/>\n<link rel=\"canonical\" href=\"https:\/\/comunicacity.net\/dignano\/2020\/10\/13\/dpcm-13-ottobre-2020\/\" \/>\n<meta property=\"og:locale\" content=\"it_IT\" \/>\n<meta property=\"og:type\" content=\"article\" \/>\n<meta property=\"og:title\" content=\"DPCM 13 OTTOBRE 2020 - Dignano\" \/>\n<meta property=\"og:description\" content=\"\ud83d\udd34DPCM 13 OTTOBRE 2020\ud83d\udd34 Le disposizioni del decreto si applicano dal 14 Ottobre 2020 al 13 Novembre 2020. Di seguito un riassunto degli aspetti principali: \ud83d\udcccMASCHERINE &#8211; Obbligo di avere [&hellip;]\" \/>\n<meta property=\"og:url\" content=\"https:\/\/comunicacity.net\/dignano\/2020\/10\/13\/dpcm-13-ottobre-2020\/\" \/>\n<meta property=\"og:site_name\" content=\"Dignano\" \/>\n<meta property=\"article:publisher\" content=\"http:\/\/facebook.com\/ComunicaCity\" \/>\n<meta property=\"article:published_time\" content=\"2020-10-13T14:54:56+00:00\" \/>\n<meta property=\"og:image\" content=\"https:\/\/comunicacity.net\/dignano\/wp-content\/themes\/comunicacity\/build\/assets\/categorie\/urgenze-e-allerta.png\" \/>\n\t<meta property=\"og:image:width\" content=\"1200\" \/>\n\t<meta property=\"og:image:height\" content=\"600\" \/>\n<meta name=\"author\" content=\"Rachele\" \/>\n<meta name=\"twitter:card\" content=\"summary_large_image\" \/>\n<meta name=\"twitter:creator\" content=\"@comunicacity\" \/>\n<meta name=\"twitter:site\" content=\"@comunicacity\" \/>\n<meta name=\"twitter:label1\" content=\"Scritto da\" \/>\n\t<meta name=\"twitter:data1\" content=\"Rachele\" \/>\n\t<meta name=\"twitter:label2\" content=\"Tempo di lettura stimato\" \/>\n\t<meta name=\"twitter:data2\" content=\"2 minuti\" \/>\n<script type=\"application\/ld+json\" class=\"yoast-schema-graph\">{\"@context\":\"https:\\\/\\\/schema.org\",\"@graph\":[{\"@type\":\"Article\",\"@id\":\"https:\\\/\\\/comunicacity.net\\\/dignano\\\/2020\\\/10\\\/13\\\/dpcm-13-ottobre-2020\\\/#article\",\"isPartOf\":{\"@id\":\"https:\\\/\\\/comunicacity.net\\\/dignano\\\/2020\\\/10\\\/13\\\/dpcm-13-ottobre-2020\\\/\"},\"author\":{\"name\":\"Rachele\",\"@id\":\"https:\\\/\\\/comunicacity.net\\\/dignano\\\/#\\\/schema\\\/person\\\/8731dec3a03c265d0d984fb2598496f0\"},\"headline\":\"DPCM 13 OTTOBRE 2020\",\"datePublished\":\"2020-10-13T14:54:56+00:00\",\"mainEntityOfPage\":{\"@id\":\"https:\\\/\\\/comunicacity.net\\\/dignano\\\/2020\\\/10\\\/13\\\/dpcm-13-ottobre-2020\\\/\"},\"wordCount\":391,\"publisher\":{\"@id\":\"https:\\\/\\\/comunicacity.net\\\/dignano\\\/#organization\"},\"articleSection\":[\"Urgenze e Allerta\"],\"inLanguage\":\"it-IT\"},{\"@type\":\"WebPage\",\"@id\":\"https:\\\/\\\/comunicacity.net\\\/dignano\\\/2020\\\/10\\\/13\\\/dpcm-13-ottobre-2020\\\/\",\"url\":\"https:\\\/\\\/comunicacity.net\\\/dignano\\\/2020\\\/10\\\/13\\\/dpcm-13-ottobre-2020\\\/\",\"name\":\"DPCM 13 OTTOBRE 2020 - Dignano\",\"isPartOf\":{\"@id\":\"https:\\\/\\\/comunicacity.net\\\/dignano\\\/#website\"},\"datePublished\":\"2020-10-13T14:54:56+00:00\",\"breadcrumb\":{\"@id\":\"https:\\\/\\\/comunicacity.net\\\/dignano\\\/2020\\\/10\\\/13\\\/dpcm-13-ottobre-2020\\\/#breadcrumb\"},\"inLanguage\":\"it-IT\",\"potentialAction\":[{\"@type\":\"ReadAction\",\"target\":[\"https:\\\/\\\/comunicacity.net\\\/dignano\\\/2020\\\/10\\\/13\\\/dpcm-13-ottobre-2020\\\/\"]}]},{\"@type\":\"BreadcrumbList\",\"@id\":\"https:\\\/\\\/comunicacity.net\\\/dignano\\\/2020\\\/10\\\/13\\\/dpcm-13-ottobre-2020\\\/#breadcrumb\",\"itemListElement\":[{\"@type\":\"ListItem\",\"position\":1,\"name\":\"Home\",\"item\":\"https:\\\/\\\/comunicacity.net\\\/dignano\\\/\"},{\"@type\":\"ListItem\",\"position\":2,\"name\":\"DPCM 13 OTTOBRE 2020\"}]},{\"@type\":\"WebSite\",\"@id\":\"https:\\\/\\\/comunicacity.net\\\/dignano\\\/#website\",\"url\":\"https:\\\/\\\/comunicacity.net\\\/dignano\\\/\",\"name\":\"Dignano\",\"description\":\"Ecco un altro sito ComunicaCity\",\"publisher\":{\"@id\":\"https:\\\/\\\/comunicacity.net\\\/dignano\\\/#organization\"},\"potentialAction\":[{\"@type\":\"SearchAction\",\"target\":{\"@type\":\"EntryPoint\",\"urlTemplate\":\"https:\\\/\\\/comunicacity.net\\\/dignano\\\/?s={search_term_string}\"},\"query-input\":{\"@type\":\"PropertyValueSpecification\",\"valueRequired\":true,\"valueName\":\"search_term_string\"}}],\"inLanguage\":\"it-IT\"},{\"@type\":\"Organization\",\"@id\":\"https:\\\/\\\/comunicacity.net\\\/dignano\\\/#organization\",\"name\":\"ComunicaCity\",\"url\":\"https:\\\/\\\/comunicacity.net\\\/dignano\\\/\",\"logo\":{\"@type\":\"ImageObject\",\"inLanguage\":\"it-IT\",\"@id\":\"https:\\\/\\\/comunicacity.net\\\/dignano\\\/#\\\/schema\\\/logo\\\/image\\\/\",\"url\":\"http:\\\/\\\/comunicacity.net\\\/dignano\\\/wp-content\\\/uploads\\\/sites\\\/173\\\/2019\\\/12\\\/chieavidulis.jpg\",\"contentUrl\":\"http:\\\/\\\/comunicacity.net\\\/dignano\\\/wp-content\\\/uploads\\\/sites\\\/173\\\/2019\\\/12\\\/chieavidulis.jpg\",\"width\":179,\"height\":266,\"caption\":\"ComunicaCity\"},\"image\":{\"@id\":\"https:\\\/\\\/comunicacity.net\\\/dignano\\\/#\\\/schema\\\/logo\\\/image\\\/\"},\"sameAs\":[\"http:\\\/\\\/facebook.com\\\/ComunicaCity\",\"https:\\\/\\\/x.com\\\/comunicacity\"]},{\"@type\":\"Person\",\"@id\":\"https:\\\/\\\/comunicacity.net\\\/dignano\\\/#\\\/schema\\\/person\\\/8731dec3a03c265d0d984fb2598496f0\",\"name\":\"Rachele\",\"image\":{\"@type\":\"ImageObject\",\"inLanguage\":\"it-IT\",\"@id\":\"https:\\\/\\\/secure.gravatar.com\\\/avatar\\\/1c3547c7045ae422557b9d8f63c27a7e5780c68ebefcf83500082069363456f0?s=96&d=mm&r=g\",\"url\":\"https:\\\/\\\/secure.gravatar.com\\\/avatar\\\/1c3547c7045ae422557b9d8f63c27a7e5780c68ebefcf83500082069363456f0?s=96&d=mm&r=g\",\"contentUrl\":\"https:\\\/\\\/secure.gravatar.com\\\/avatar\\\/1c3547c7045ae422557b9d8f63c27a7e5780c68ebefcf83500082069363456f0?s=96&d=mm&r=g\",\"caption\":\"Rachele\"},\"url\":\"https:\\\/\\\/comunicacity.net\\\/dignano\\\/author\\\/sandrabisi\\\/\"}]}<\/script>\n<!-- \/ Yoast SEO plugin. -->","yoast_head_json":{"title":"DPCM 13 OTTOBRE 2020 - Dignano","robots":{"index":"index","follow":"follow","max-snippet":"max-snippet:-1","max-image-preview":"max-image-preview:large","max-video-preview":"max-video-preview:-1"},"canonical":"https:\/\/comunicacity.net\/dignano\/2020\/10\/13\/dpcm-13-ottobre-2020\/","og_locale":"it_IT","og_type":"article","og_title":"DPCM 13 OTTOBRE 2020 - Dignano","og_description":"\ud83d\udd34DPCM 13 OTTOBRE 2020\ud83d\udd34 Le disposizioni del decreto si applicano dal 14 Ottobre 2020 al 13 Novembre 2020. Di seguito un riassunto degli aspetti principali: \ud83d\udcccMASCHERINE &#8211; Obbligo di avere [&hellip;]","og_url":"https:\/\/comunicacity.net\/dignano\/2020\/10\/13\/dpcm-13-ottobre-2020\/","og_site_name":"Dignano","article_publisher":"http:\/\/facebook.com\/ComunicaCity","article_published_time":"2020-10-13T14:54:56+00:00","og_image":[{"url":"https:\/\/comunicacity.net\/dignano\/wp-content\/themes\/comunicacity\/build\/assets\/categorie\/urgenze-e-allerta.png","height":600,"width":1200,"type":""}],"author":"Rachele","twitter_card":"summary_large_image","twitter_creator":"@comunicacity","twitter_site":"@comunicacity","twitter_misc":{"Scritto da":"Rachele","Tempo di lettura stimato":"2 minuti"},"schema":{"@context":"https:\/\/schema.org","@graph":[{"@type":"Article","@id":"https:\/\/comunicacity.net\/dignano\/2020\/10\/13\/dpcm-13-ottobre-2020\/#article","isPartOf":{"@id":"https:\/\/comunicacity.net\/dignano\/2020\/10\/13\/dpcm-13-ottobre-2020\/"},"author":{"name":"Rachele","@id":"https:\/\/comunicacity.net\/dignano\/#\/schema\/person\/8731dec3a03c265d0d984fb2598496f0"},"headline":"DPCM 13 OTTOBRE 2020","datePublished":"2020-10-13T14:54:56+00:00","mainEntityOfPage":{"@id":"https:\/\/comunicacity.net\/dignano\/2020\/10\/13\/dpcm-13-ottobre-2020\/"},"wordCount":391,"publisher":{"@id":"https:\/\/comunicacity.net\/dignano\/#organization"},"articleSection":["Urgenze e Allerta"],"inLanguage":"it-IT"},{"@type":"WebPage","@id":"https:\/\/comunicacity.net\/dignano\/2020\/10\/13\/dpcm-13-ottobre-2020\/","url":"https:\/\/comunicacity.net\/dignano\/2020\/10\/13\/dpcm-13-ottobre-2020\/","name":"DPCM 13 OTTOBRE 2020 - Dignano","isPartOf":{"@id":"https:\/\/comunicacity.net\/dignano\/#website"},"datePublished":"2020-10-13T14:54:56+00:00","breadcrumb":{"@id":"https:\/\/comunicacity.net\/dignano\/2020\/10\/13\/dpcm-13-ottobre-2020\/#breadcrumb"},"inLanguage":"it-IT","potentialAction":[{"@type":"ReadAction","target":["https:\/\/comunicacity.net\/dignano\/2020\/10\/13\/dpcm-13-ottobre-2020\/"]}]},{"@type":"BreadcrumbList","@id":"https:\/\/comunicacity.net\/dignano\/2020\/10\/13\/dpcm-13-ottobre-2020\/#breadcrumb","itemListElement":[{"@type":"ListItem","position":1,"name":"Home","item":"https:\/\/comunicacity.net\/dignano\/"},{"@type":"ListItem","position":2,"name":"DPCM 13 OTTOBRE 2020"}]},{"@type":"WebSite","@id":"https:\/\/comunicacity.net\/dignano\/#website","url":"https:\/\/comunicacity.net\/dignano\/","name":"Dignano","description":"Ecco un altro sito ComunicaCity","publisher":{"@id":"https:\/\/comunicacity.net\/dignano\/#organization"},"potentialAction":[{"@type":"SearchAction","target":{"@type":"EntryPoint","urlTemplate":"https:\/\/comunicacity.net\/dignano\/?s={search_term_string}"},"query-input":{"@type":"PropertyValueSpecification","valueRequired":true,"valueName":"search_term_string"}}],"inLanguage":"it-IT"},{"@type":"Organization","@id":"https:\/\/comunicacity.net\/dignano\/#organization","name":"ComunicaCity","url":"https:\/\/comunicacity.net\/dignano\/","logo":{"@type":"ImageObject","inLanguage":"it-IT","@id":"https:\/\/comunicacity.net\/dignano\/#\/schema\/logo\/image\/","url":"https:\/\/comunicacity.net\/dignano\/wp-content\/uploads\/sites\/173\/2019\/12\/chieavidulis.jpg","contentUrl":"https:\/\/comunicacity.net\/dignano\/wp-content\/uploads\/sites\/173\/2019\/12\/chieavidulis.jpg","width":179,"height":266,"caption":"ComunicaCity"},"image":{"@id":"https:\/\/comunicacity.net\/dignano\/#\/schema\/logo\/image\/"},"sameAs":["http:\/\/facebook.com\/ComunicaCity","https:\/\/x.com\/comunicacity"]},{"@type":"Person","@id":"https:\/\/comunicacity.net\/dignano\/#\/schema\/person\/8731dec3a03c265d0d984fb2598496f0","name":"Rachele","image":{"@type":"ImageObject","inLanguage":"it-IT","@id":"https:\/\/secure.gravatar.com\/avatar\/1c3547c7045ae422557b9d8f63c27a7e5780c68ebefcf83500082069363456f0?s=96&d=mm&r=g","url":"https:\/\/secure.gravatar.com\/avatar\/1c3547c7045ae422557b9d8f63c27a7e5780c68ebefcf83500082069363456f0?s=96&d=mm&r=g","contentUrl":"https:\/\/secure.gravatar.com\/avatar\/1c3547c7045ae422557b9d8f63c27a7e5780c68ebefcf83500082069363456f0?s=96&d=mm&r=g","caption":"Rachele"},"url":"https:\/\/comunicacity.net\/dignano\/author\/sandrabisi\/"}]}},"meta_box":{"cc4_urg_colore":"","cc4_urg_data_inizio":"","cc4_urg_data_fine":"","cc4_cor_positivi_oggi":"","cc4_cor_negativizzati_oggi":"","cc4_cor_deceduti_oggi":"","cc4_cor_positivi_totali":"","cc4_cor_negativizzati_totali":"","cc4_cor_deceduti_totali":"","cc4_cor_attualmente_positivi":"","cc4_eve_data_inizio":"","cc4_eve_data_fine":"","cc4_eve_indirizzo":"","cc4_eve_posizione":{"latitude":"","longitude":"","zoom":""},"cc4_eve_telefono":"","cc4_eve_email":"","cc4_eve_web":"","cc4_eve_fb":"","sitopa_id":""},"_links":{"self":[{"href":"https:\/\/comunicacity.net\/dignano\/wp-json\/wp\/v2\/posts\/394","targetHints":{"allow":["GET"]}}],"collection":[{"href":"https:\/\/comunicacity.net\/dignano\/wp-json\/wp\/v2\/posts"}],"about":[{"href":"https:\/\/comunicacity.net\/dignano\/wp-json\/wp\/v2\/types\/post"}],"author":[{"embeddable":true,"href":"https:\/\/comunicacity.net\/dignano\/wp-json\/wp\/v2\/users\/354"}],"replies":[{"embeddable":true,"href":"https:\/\/comunicacity.net\/dignano\/wp-json\/wp\/v2\/comments?post=394"}],"version-history":[{"count":1,"href":"https:\/\/comunicacity.net\/dignano\/wp-json\/wp\/v2\/posts\/394\/revisions"}],"predecessor-version":[{"id":396,"href":"https:\/\/comunicacity.net\/dignano\/wp-json\/wp\/v2\/posts\/394\/revisions\/396"}],"wp:attachment":[{"href":"https:\/\/comunicacity.net\/dignano\/wp-json\/wp\/v2\/media?parent=394"}],"wp:term":[{"taxonomy":"category","embeddable":true,"href":"https:\/\/comunicacity.net\/dignano\/wp-json\/wp\/v2\/categories?post=394"},{"taxonomy":"post_tag","embeddable":true,"href":"https:\/\/comunicacity.net\/dignano\/wp-json\/wp\/v2\/tags?post=394"}],"curies":[{"name":"wp","href":"https:\/\/api.w.org\/{rel}","templated":true}]}}