{"id":451,"date":"2020-11-08T21:08:14","date_gmt":"2020-11-08T20:08:14","guid":{"rendered":"https:\/\/comunicacity.net\/dignano\/?p=451"},"modified":"2020-11-08T21:08:14","modified_gmt":"2020-11-08T20:08:14","slug":"covid-19-ospedale-di-san-daniele-del-friuli","status":"publish","type":"post","link":"https:\/\/comunicacity.net\/dignano\/2020\/11\/08\/covid-19-ospedale-di-san-daniele-del-friuli\/","title":{"rendered":"COVID 19- OSPEDALE DI SAN DANIELE DEL FRIULI"},"content":{"rendered":"<p>Il Vicepresidente e Assessore alla Salute della Regione FVG, Riccardo Riccardi, ha spiegato, in un comunicato, le misure intraprese con riferimento all\u2019Ospedale di San Daniele.<\/p>\n<p>\u201cA seguito della necessit\u00e0 di considerare alcune sezioni dell\u2019ospedale di San Daniele aree Covid, l\u2019attivit\u00e0 \u00e8 stata rimodulata ovvero non potranno essere effettuati pi\u00f9 nuovi ricoveri, n\u00e9 programmati n\u00e9 urgenti. Sono state quindi sospese temporaneamente le attivit\u00e0 per i pazienti non affetti da Covid-19 ad esclusione del punto nascita con la pediatria, le attivit\u00e0 ambulatoriali e il pronto soccorso per la sola fase valutativa. Le urgenze verranno dirottate sul presidio di Tolmezzo e di Udine.\u201d<\/p>\n","protected":false},"excerpt":{"rendered":"<p>Il Vicepresidente e Assessore alla Salute della Regione FVG, Riccardo Riccardi, ha spiegato, in un comunicato, le misure intraprese con riferimento all\u2019Ospedale di San Daniele. \u201cA seguito della necessit\u00e0 di [&hellip;]<\/p>\n","protected":false},"author":354,"featured_media":0,"comment_status":"closed","ping_status":"closed","sticky":false,"template":"","format":"standard","meta":{"footnotes":""},"categories":[21],"tags":[],"class_list":["post-451","post","type-post","status-publish","format-standard","hentry","category-sanita"],"yoast_head":"<!-- This site is optimized with the Yoast SEO plugin v27.4 - https:\/\/yoast.com\/product\/yoast-seo-wordpress\/ -->\n<title>COVID 19- OSPEDALE DI SAN DANIELE DEL FRIULI - Dignano<\/title>\n<meta name=\"robots\" content=\"index, follow, max-snippet:-1, max-image-preview:large, max-video-preview:-1\" \/>\n<link rel=\"canonical\" href=\"https:\/\/comunicacity.net\/dignano\/2020\/11\/08\/covid-19-ospedale-di-san-daniele-del-friuli\/\" \/>\n<meta property=\"og:locale\" content=\"it_IT\" \/>\n<meta property=\"og:type\" content=\"article\" \/>\n<meta property=\"og:title\" content=\"COVID 19- OSPEDALE DI SAN DANIELE DEL FRIULI - Dignano\" \/>\n<meta property=\"og:description\" content=\"Il Vicepresidente e Assessore alla Salute della Regione FVG, Riccardo Riccardi, ha spiegato, in un comunicato, le misure intraprese con riferimento all\u2019Ospedale di San Daniele. \u201cA seguito della necessit\u00e0 di [&hellip;]\" \/>\n<meta property=\"og:url\" content=\"https:\/\/comunicacity.net\/dignano\/2020\/11\/08\/covid-19-ospedale-di-san-daniele-del-friuli\/\" \/>\n<meta property=\"og:site_name\" content=\"Dignano\" \/>\n<meta property=\"article:publisher\" content=\"http:\/\/facebook.com\/ComunicaCity\" \/>\n<meta property=\"article:published_time\" content=\"2020-11-08T20:08:14+00:00\" \/>\n<meta property=\"og:image\" content=\"https:\/\/comunicacity.net\/dignano\/wp-content\/themes\/comunicacity\/build\/assets\/categorie\/sanita.png\" \/>\n\t<meta property=\"og:image:width\" content=\"1200\" \/>\n\t<meta property=\"og:image:height\" content=\"600\" \/>\n<meta name=\"author\" content=\"Rachele\" \/>\n<meta name=\"twitter:card\" content=\"summary_large_image\" \/>\n<meta name=\"twitter:creator\" content=\"@comunicacity\" \/>\n<meta name=\"twitter:site\" content=\"@comunicacity\" \/>\n<meta name=\"twitter:label1\" content=\"Scritto da\" \/>\n\t<meta name=\"twitter:data1\" content=\"Rachele\" \/>\n\t<meta name=\"twitter:label2\" content=\"Tempo di lettura stimato\" \/>\n\t<meta name=\"twitter:data2\" content=\"1 minuto\" \/>\n<script type=\"application\/ld+json\" class=\"yoast-schema-graph\">{\"@context\":\"https:\\\/\\\/schema.org\",\"@graph\":[{\"@type\":\"Article\",\"@id\":\"https:\\\/\\\/comunicacity.net\\\/dignano\\\/2020\\\/11\\\/08\\\/covid-19-ospedale-di-san-daniele-del-friuli\\\/#article\",\"isPartOf\":{\"@id\":\"https:\\\/\\\/comunicacity.net\\\/dignano\\\/2020\\\/11\\\/08\\\/covid-19-ospedale-di-san-daniele-del-friuli\\\/\"},\"author\":{\"name\":\"Rachele\",\"@id\":\"https:\\\/\\\/comunicacity.net\\\/dignano\\\/#\\\/schema\\\/person\\\/8731dec3a03c265d0d984fb2598496f0\"},\"headline\":\"COVID 19- OSPEDALE DI SAN DANIELE DEL FRIULI\",\"datePublished\":\"2020-11-08T20:08:14+00:00\",\"mainEntityOfPage\":{\"@id\":\"https:\\\/\\\/comunicacity.net\\\/dignano\\\/2020\\\/11\\\/08\\\/covid-19-ospedale-di-san-daniele-del-friuli\\\/\"},\"wordCount\":110,\"publisher\":{\"@id\":\"https:\\\/\\\/comunicacity.net\\\/dignano\\\/#organization\"},\"articleSection\":[\"Sanit\u00e0\"],\"inLanguage\":\"it-IT\"},{\"@type\":\"WebPage\",\"@id\":\"https:\\\/\\\/comunicacity.net\\\/dignano\\\/2020\\\/11\\\/08\\\/covid-19-ospedale-di-san-daniele-del-friuli\\\/\",\"url\":\"https:\\\/\\\/comunicacity.net\\\/dignano\\\/2020\\\/11\\\/08\\\/covid-19-ospedale-di-san-daniele-del-friuli\\\/\",\"name\":\"COVID 19- OSPEDALE DI SAN DANIELE DEL FRIULI - Dignano\",\"isPartOf\":{\"@id\":\"https:\\\/\\\/comunicacity.net\\\/dignano\\\/#website\"},\"datePublished\":\"2020-11-08T20:08:14+00:00\",\"breadcrumb\":{\"@id\":\"https:\\\/\\\/comunicacity.net\\\/dignano\\\/2020\\\/11\\\/08\\\/covid-19-ospedale-di-san-daniele-del-friuli\\\/#breadcrumb\"},\"inLanguage\":\"it-IT\",\"potentialAction\":[{\"@type\":\"ReadAction\",\"target\":[\"https:\\\/\\\/comunicacity.net\\\/dignano\\\/2020\\\/11\\\/08\\\/covid-19-ospedale-di-san-daniele-del-friuli\\\/\"]}]},{\"@type\":\"BreadcrumbList\",\"@id\":\"https:\\\/\\\/comunicacity.net\\\/dignano\\\/2020\\\/11\\\/08\\\/covid-19-ospedale-di-san-daniele-del-friuli\\\/#breadcrumb\",\"itemListElement\":[{\"@type\":\"ListItem\",\"position\":1,\"name\":\"Home\",\"item\":\"https:\\\/\\\/comunicacity.net\\\/dignano\\\/\"},{\"@type\":\"ListItem\",\"position\":2,\"name\":\"COVID 19- OSPEDALE DI SAN DANIELE DEL FRIULI\"}]},{\"@type\":\"WebSite\",\"@id\":\"https:\\\/\\\/comunicacity.net\\\/dignano\\\/#website\",\"url\":\"https:\\\/\\\/comunicacity.net\\\/dignano\\\/\",\"name\":\"Dignano\",\"description\":\"Ecco un altro sito ComunicaCity\",\"publisher\":{\"@id\":\"https:\\\/\\\/comunicacity.net\\\/dignano\\\/#organization\"},\"potentialAction\":[{\"@type\":\"SearchAction\",\"target\":{\"@type\":\"EntryPoint\",\"urlTemplate\":\"https:\\\/\\\/comunicacity.net\\\/dignano\\\/?s={search_term_string}\"},\"query-input\":{\"@type\":\"PropertyValueSpecification\",\"valueRequired\":true,\"valueName\":\"search_term_string\"}}],\"inLanguage\":\"it-IT\"},{\"@type\":\"Organization\",\"@id\":\"https:\\\/\\\/comunicacity.net\\\/dignano\\\/#organization\",\"name\":\"ComunicaCity\",\"url\":\"https:\\\/\\\/comunicacity.net\\\/dignano\\\/\",\"logo\":{\"@type\":\"ImageObject\",\"inLanguage\":\"it-IT\",\"@id\":\"https:\\\/\\\/comunicacity.net\\\/dignano\\\/#\\\/schema\\\/logo\\\/image\\\/\",\"url\":\"http:\\\/\\\/comunicacity.net\\\/dignano\\\/wp-content\\\/uploads\\\/sites\\\/173\\\/2019\\\/12\\\/chieavidulis.jpg\",\"contentUrl\":\"http:\\\/\\\/comunicacity.net\\\/dignano\\\/wp-content\\\/uploads\\\/sites\\\/173\\\/2019\\\/12\\\/chieavidulis.jpg\",\"width\":179,\"height\":266,\"caption\":\"ComunicaCity\"},\"image\":{\"@id\":\"https:\\\/\\\/comunicacity.net\\\/dignano\\\/#\\\/schema\\\/logo\\\/image\\\/\"},\"sameAs\":[\"http:\\\/\\\/facebook.com\\\/ComunicaCity\",\"https:\\\/\\\/x.com\\\/comunicacity\"]},{\"@type\":\"Person\",\"@id\":\"https:\\\/\\\/comunicacity.net\\\/dignano\\\/#\\\/schema\\\/person\\\/8731dec3a03c265d0d984fb2598496f0\",\"name\":\"Rachele\",\"image\":{\"@type\":\"ImageObject\",\"inLanguage\":\"it-IT\",\"@id\":\"https:\\\/\\\/secure.gravatar.com\\\/avatar\\\/1c3547c7045ae422557b9d8f63c27a7e5780c68ebefcf83500082069363456f0?s=96&d=mm&r=g\",\"url\":\"https:\\\/\\\/secure.gravatar.com\\\/avatar\\\/1c3547c7045ae422557b9d8f63c27a7e5780c68ebefcf83500082069363456f0?s=96&d=mm&r=g\",\"contentUrl\":\"https:\\\/\\\/secure.gravatar.com\\\/avatar\\\/1c3547c7045ae422557b9d8f63c27a7e5780c68ebefcf83500082069363456f0?s=96&d=mm&r=g\",\"caption\":\"Rachele\"},\"url\":\"https:\\\/\\\/comunicacity.net\\\/dignano\\\/author\\\/sandrabisi\\\/\"}]}<\/script>\n<!-- \/ Yoast SEO plugin. -->","yoast_head_json":{"title":"COVID 19- OSPEDALE DI SAN DANIELE DEL FRIULI - Dignano","robots":{"index":"index","follow":"follow","max-snippet":"max-snippet:-1","max-image-preview":"max-image-preview:large","max-video-preview":"max-video-preview:-1"},"canonical":"https:\/\/comunicacity.net\/dignano\/2020\/11\/08\/covid-19-ospedale-di-san-daniele-del-friuli\/","og_locale":"it_IT","og_type":"article","og_title":"COVID 19- OSPEDALE DI SAN DANIELE DEL FRIULI - Dignano","og_description":"Il Vicepresidente e Assessore alla Salute della Regione FVG, Riccardo Riccardi, ha spiegato, in un comunicato, le misure intraprese con riferimento all\u2019Ospedale di San Daniele. \u201cA seguito della necessit\u00e0 di [&hellip;]","og_url":"https:\/\/comunicacity.net\/dignano\/2020\/11\/08\/covid-19-ospedale-di-san-daniele-del-friuli\/","og_site_name":"Dignano","article_publisher":"http:\/\/facebook.com\/ComunicaCity","article_published_time":"2020-11-08T20:08:14+00:00","og_image":[{"url":"https:\/\/comunicacity.net\/dignano\/wp-content\/themes\/comunicacity\/build\/assets\/categorie\/sanita.png","height":600,"width":1200,"type":""}],"author":"Rachele","twitter_card":"summary_large_image","twitter_creator":"@comunicacity","twitter_site":"@comunicacity","twitter_misc":{"Scritto da":"Rachele","Tempo di lettura stimato":"1 minuto"},"schema":{"@context":"https:\/\/schema.org","@graph":[{"@type":"Article","@id":"https:\/\/comunicacity.net\/dignano\/2020\/11\/08\/covid-19-ospedale-di-san-daniele-del-friuli\/#article","isPartOf":{"@id":"https:\/\/comunicacity.net\/dignano\/2020\/11\/08\/covid-19-ospedale-di-san-daniele-del-friuli\/"},"author":{"name":"Rachele","@id":"https:\/\/comunicacity.net\/dignano\/#\/schema\/person\/8731dec3a03c265d0d984fb2598496f0"},"headline":"COVID 19- OSPEDALE DI SAN DANIELE DEL FRIULI","datePublished":"2020-11-08T20:08:14+00:00","mainEntityOfPage":{"@id":"https:\/\/comunicacity.net\/dignano\/2020\/11\/08\/covid-19-ospedale-di-san-daniele-del-friuli\/"},"wordCount":110,"publisher":{"@id":"https:\/\/comunicacity.net\/dignano\/#organization"},"articleSection":["Sanit\u00e0"],"inLanguage":"it-IT"},{"@type":"WebPage","@id":"https:\/\/comunicacity.net\/dignano\/2020\/11\/08\/covid-19-ospedale-di-san-daniele-del-friuli\/","url":"https:\/\/comunicacity.net\/dignano\/2020\/11\/08\/covid-19-ospedale-di-san-daniele-del-friuli\/","name":"COVID 19- OSPEDALE DI SAN DANIELE DEL FRIULI - Dignano","isPartOf":{"@id":"https:\/\/comunicacity.net\/dignano\/#website"},"datePublished":"2020-11-08T20:08:14+00:00","breadcrumb":{"@id":"https:\/\/comunicacity.net\/dignano\/2020\/11\/08\/covid-19-ospedale-di-san-daniele-del-friuli\/#breadcrumb"},"inLanguage":"it-IT","potentialAction":[{"@type":"ReadAction","target":["https:\/\/comunicacity.net\/dignano\/2020\/11\/08\/covid-19-ospedale-di-san-daniele-del-friuli\/"]}]},{"@type":"BreadcrumbList","@id":"https:\/\/comunicacity.net\/dignano\/2020\/11\/08\/covid-19-ospedale-di-san-daniele-del-friuli\/#breadcrumb","itemListElement":[{"@type":"ListItem","position":1,"name":"Home","item":"https:\/\/comunicacity.net\/dignano\/"},{"@type":"ListItem","position":2,"name":"COVID 19- OSPEDALE DI SAN DANIELE DEL FRIULI"}]},{"@type":"WebSite","@id":"https:\/\/comunicacity.net\/dignano\/#website","url":"https:\/\/comunicacity.net\/dignano\/","name":"Dignano","description":"Ecco un altro sito ComunicaCity","publisher":{"@id":"https:\/\/comunicacity.net\/dignano\/#organization"},"potentialAction":[{"@type":"SearchAction","target":{"@type":"EntryPoint","urlTemplate":"https:\/\/comunicacity.net\/dignano\/?s={search_term_string}"},"query-input":{"@type":"PropertyValueSpecification","valueRequired":true,"valueName":"search_term_string"}}],"inLanguage":"it-IT"},{"@type":"Organization","@id":"https:\/\/comunicacity.net\/dignano\/#organization","name":"ComunicaCity","url":"https:\/\/comunicacity.net\/dignano\/","logo":{"@type":"ImageObject","inLanguage":"it-IT","@id":"https:\/\/comunicacity.net\/dignano\/#\/schema\/logo\/image\/","url":"https:\/\/comunicacity.net\/dignano\/wp-content\/uploads\/sites\/173\/2019\/12\/chieavidulis.jpg","contentUrl":"https:\/\/comunicacity.net\/dignano\/wp-content\/uploads\/sites\/173\/2019\/12\/chieavidulis.jpg","width":179,"height":266,"caption":"ComunicaCity"},"image":{"@id":"https:\/\/comunicacity.net\/dignano\/#\/schema\/logo\/image\/"},"sameAs":["http:\/\/facebook.com\/ComunicaCity","https:\/\/x.com\/comunicacity"]},{"@type":"Person","@id":"https:\/\/comunicacity.net\/dignano\/#\/schema\/person\/8731dec3a03c265d0d984fb2598496f0","name":"Rachele","image":{"@type":"ImageObject","inLanguage":"it-IT","@id":"https:\/\/secure.gravatar.com\/avatar\/1c3547c7045ae422557b9d8f63c27a7e5780c68ebefcf83500082069363456f0?s=96&d=mm&r=g","url":"https:\/\/secure.gravatar.com\/avatar\/1c3547c7045ae422557b9d8f63c27a7e5780c68ebefcf83500082069363456f0?s=96&d=mm&r=g","contentUrl":"https:\/\/secure.gravatar.com\/avatar\/1c3547c7045ae422557b9d8f63c27a7e5780c68ebefcf83500082069363456f0?s=96&d=mm&r=g","caption":"Rachele"},"url":"https:\/\/comunicacity.net\/dignano\/author\/sandrabisi\/"}]}},"meta_box":{"cc4_urg_colore":"","cc4_urg_data_inizio":"","cc4_urg_data_fine":"","cc4_cor_positivi_oggi":"","cc4_cor_negativizzati_oggi":"","cc4_cor_deceduti_oggi":"","cc4_cor_positivi_totali":"","cc4_cor_negativizzati_totali":"","cc4_cor_deceduti_totali":"","cc4_cor_attualmente_positivi":"","cc4_eve_data_inizio":"","cc4_eve_data_fine":"","cc4_eve_indirizzo":"","cc4_eve_posizione":{"latitude":"","longitude":"","zoom":""},"cc4_eve_telefono":"","cc4_eve_email":"","cc4_eve_web":"","cc4_eve_fb":"","sitopa_id":""},"_links":{"self":[{"href":"https:\/\/comunicacity.net\/dignano\/wp-json\/wp\/v2\/posts\/451","targetHints":{"allow":["GET"]}}],"collection":[{"href":"https:\/\/comunicacity.net\/dignano\/wp-json\/wp\/v2\/posts"}],"about":[{"href":"https:\/\/comunicacity.net\/dignano\/wp-json\/wp\/v2\/types\/post"}],"author":[{"embeddable":true,"href":"https:\/\/comunicacity.net\/dignano\/wp-json\/wp\/v2\/users\/354"}],"replies":[{"embeddable":true,"href":"https:\/\/comunicacity.net\/dignano\/wp-json\/wp\/v2\/comments?post=451"}],"version-history":[{"count":1,"href":"https:\/\/comunicacity.net\/dignano\/wp-json\/wp\/v2\/posts\/451\/revisions"}],"predecessor-version":[{"id":452,"href":"https:\/\/comunicacity.net\/dignano\/wp-json\/wp\/v2\/posts\/451\/revisions\/452"}],"wp:attachment":[{"href":"https:\/\/comunicacity.net\/dignano\/wp-json\/wp\/v2\/media?parent=451"}],"wp:term":[{"taxonomy":"category","embeddable":true,"href":"https:\/\/comunicacity.net\/dignano\/wp-json\/wp\/v2\/categories?post=451"},{"taxonomy":"post_tag","embeddable":true,"href":"https:\/\/comunicacity.net\/dignano\/wp-json\/wp\/v2\/tags?post=451"}],"curies":[{"name":"wp","href":"https:\/\/api.w.org\/{rel}","templated":true}]}}