{"id":609,"date":"2021-03-04T09:18:52","date_gmt":"2021-03-04T08:18:52","guid":{"rendered":"https:\/\/comunicacity.net\/dignano\/?p=609"},"modified":"2021-03-04T11:52:37","modified_gmt":"2021-03-04T10:52:37","slug":"ordinanza-contingibile-e-urgente-n-5-2021-pc","status":"publish","type":"post","link":"https:\/\/comunicacity.net\/dignano\/2021\/03\/04\/ordinanza-contingibile-e-urgente-n-5-2021-pc\/","title":{"rendered":"Ordinanza contingibile e urgente n.5\/2021\/PC"},"content":{"rendered":"<p>\ud83d\udd34 Ordinanza contingibile e urgente n.5\/2021\/PC\ud83d\udd34<\/p>\n<p>In sintesi:<\/p>\n<p>\ud83d\udfe0 Dal 06.03.2021 e fino al 21.03.2021 le province di UDINE e GORIZIA saranno in ZONA ARANCIONE (si applicano le disposizioni relative al Capo IV del DPCM 2 marzo 2021):<\/p>\n<p>\ud83d\udd3aChiusi bar e ristoranti. Resta consentita la ristorazione con consegna a domicilio e fino alle 22:00 la ristorazione con asporto. Per i soggetti che svolgono come attivit\u00e0 prevalente una di quelle identificate dal codice ATECO 56.3 l\u2019asporto \u00e8 consentito fino alle 18:00.<\/p>\n<p>\ud83d\udd3aVietati gli spostamenti fuori Comune salvo che per lavoro, necessit\u00e0, salute, studio o per svolgere attivit\u00e0 o usufruire di servizi non sospesi e non disponibili nel Comune.<\/p>\n<p>\ud83d\udd3a\u00c8 concesso andare a trovare amici\/parenti una volta al giorno ALL\u2019INTERNO DEL PROPRIO COMUNE, nei limiti di 2 persone ulteriori rispetto a quelle ivi conviventi, tra le 5:00 e le 22:00.<\/p>\n<p>\ud83d\udd3aConsentiti gli spostamenti dai Comuni con meno di 5.000 abitanti e per una distanza non superiore a 30km, con esclusione degli spostamenti verso i capoluoghi di provincia.<\/p>\n<p>\ud83d\udfe1Le province di PORDENONE e TRIESTE saranno, invece, in ZONA GIALLA:<\/p>\n<p>\ud83d\udd3a\u00e8 vietato ogni spostamento IN ENTRATA E IN USCITA DAI TERRITORI IN ZONA ARANCIONE salvo che per lavoro, necessit\u00e0, salute o per lo svolgimento della didattica in presenza nei limiti in cui la stessa \u00e8 consentita.<\/p>\n<p>\u26a0\ufe0fDal 08.03.2021 al 20.03.2021, in TUTTA LA REGIONE:<\/p>\n<p>\ud83d\udd3achiuse in presenza medie, superiori e universit\u00e0 con obbligo di didattica a distanza.<\/p>\n<p>In allegato, il testo della ordinanza.<\/p>\n<div id='wpba_attachment_list' class=''>\n<div class='ui list'><h3 style=\"display:none;\">\ud83d\udcce Allegati<\/h3><ul><li><a id=\"wpba_attachment_list_610\" class=\"y-skip-href item\" href=\"https:\/\/comunicacity.net\/dignano\/wp-content\/uploads\/sites\/173\/2021\/03\/Ordinanza_5_PC_FVG_dd_03_03_2021.pdf\" onclick=\"window.open('https:\/\/comunicacity.net\/dignano\/wp-content\/uploads\/sites\/173\/2021\/03\/Ordinanza_5_PC_FVG_dd_03_03_2021.pdf', '_system'); return false;\"><i class='icon attachment'><\/i>Ordinanza_5_PC_FVG_dd_03_03_2021<\/a><\/li>\n<\/ul><\/div><\/div>\n","protected":false},"excerpt":{"rendered":"<p>\ud83d\udd34 Ordinanza contingibile e urgente n.5\/2021\/PC\ud83d\udd34 In sintesi: \ud83d\udfe0 Dal 06.03.2021 e fino al 21.03.2021 le province di UDINE e GORIZIA saranno in ZONA ARANCIONE (si applicano le disposizioni relative [&hellip;]<\/p>\n","protected":false},"author":354,"featured_media":0,"comment_status":"closed","ping_status":"closed","sticky":false,"template":"","format":"standard","meta":{"footnotes":""},"categories":[18],"tags":[],"class_list":["post-609","post","type-post","status-publish","format-standard","hentry","category-notizie-e-informazioni"],"yoast_head":"<!-- This site is optimized with the Yoast SEO plugin v27.4 - https:\/\/yoast.com\/product\/yoast-seo-wordpress\/ -->\n<title>Ordinanza contingibile e urgente n.5\/2021\/PC - Dignano<\/title>\n<meta name=\"robots\" content=\"index, follow, max-snippet:-1, max-image-preview:large, max-video-preview:-1\" \/>\n<link rel=\"canonical\" href=\"https:\/\/comunicacity.net\/dignano\/2021\/03\/04\/ordinanza-contingibile-e-urgente-n-5-2021-pc\/\" \/>\n<meta property=\"og:locale\" content=\"it_IT\" \/>\n<meta property=\"og:type\" content=\"article\" \/>\n<meta property=\"og:title\" content=\"Ordinanza contingibile e urgente n.5\/2021\/PC - Dignano\" \/>\n<meta property=\"og:description\" content=\"\ud83d\udd34 Ordinanza contingibile e urgente n.5\/2021\/PC\ud83d\udd34 In sintesi: \ud83d\udfe0 Dal 06.03.2021 e fino al 21.03.2021 le province di UDINE e GORIZIA saranno in ZONA ARANCIONE (si applicano le disposizioni relative [&hellip;]\" \/>\n<meta property=\"og:url\" content=\"https:\/\/comunicacity.net\/dignano\/2021\/03\/04\/ordinanza-contingibile-e-urgente-n-5-2021-pc\/\" \/>\n<meta property=\"og:site_name\" content=\"Dignano\" \/>\n<meta property=\"article:publisher\" content=\"http:\/\/facebook.com\/ComunicaCity\" \/>\n<meta property=\"article:published_time\" content=\"2021-03-04T08:18:52+00:00\" \/>\n<meta property=\"article:modified_time\" content=\"2021-03-04T10:52:37+00:00\" \/>\n<meta property=\"og:image\" content=\"https:\/\/comunicacity.net\/dignano\/wp-content\/themes\/comunicacity\/build\/assets\/categorie\/notizie-e-informazioni.png\" \/>\n\t<meta property=\"og:image:width\" content=\"1200\" \/>\n\t<meta property=\"og:image:height\" content=\"600\" \/>\n<meta name=\"author\" content=\"Rachele\" \/>\n<meta name=\"twitter:card\" content=\"summary_large_image\" \/>\n<meta name=\"twitter:creator\" content=\"@comunicacity\" \/>\n<meta name=\"twitter:site\" content=\"@comunicacity\" \/>\n<meta name=\"twitter:label1\" content=\"Scritto da\" \/>\n\t<meta name=\"twitter:data1\" content=\"Rachele\" \/>\n\t<meta name=\"twitter:label2\" content=\"Tempo di lettura stimato\" \/>\n\t<meta name=\"twitter:data2\" content=\"1 minuto\" \/>\n<script type=\"application\/ld+json\" class=\"yoast-schema-graph\">{\"@context\":\"https:\\\/\\\/schema.org\",\"@graph\":[{\"@type\":\"Article\",\"@id\":\"https:\\\/\\\/comunicacity.net\\\/dignano\\\/2021\\\/03\\\/04\\\/ordinanza-contingibile-e-urgente-n-5-2021-pc\\\/#article\",\"isPartOf\":{\"@id\":\"https:\\\/\\\/comunicacity.net\\\/dignano\\\/2021\\\/03\\\/04\\\/ordinanza-contingibile-e-urgente-n-5-2021-pc\\\/\"},\"author\":{\"name\":\"Rachele\",\"@id\":\"https:\\\/\\\/comunicacity.net\\\/dignano\\\/#\\\/schema\\\/person\\\/8731dec3a03c265d0d984fb2598496f0\"},\"headline\":\"Ordinanza contingibile e urgente n.5\\\/2021\\\/PC\",\"datePublished\":\"2021-03-04T08:18:52+00:00\",\"dateModified\":\"2021-03-04T10:52:37+00:00\",\"mainEntityOfPage\":{\"@id\":\"https:\\\/\\\/comunicacity.net\\\/dignano\\\/2021\\\/03\\\/04\\\/ordinanza-contingibile-e-urgente-n-5-2021-pc\\\/\"},\"wordCount\":230,\"publisher\":{\"@id\":\"https:\\\/\\\/comunicacity.net\\\/dignano\\\/#organization\"},\"articleSection\":[\"Notizie e Informazioni\"],\"inLanguage\":\"it-IT\"},{\"@type\":\"WebPage\",\"@id\":\"https:\\\/\\\/comunicacity.net\\\/dignano\\\/2021\\\/03\\\/04\\\/ordinanza-contingibile-e-urgente-n-5-2021-pc\\\/\",\"url\":\"https:\\\/\\\/comunicacity.net\\\/dignano\\\/2021\\\/03\\\/04\\\/ordinanza-contingibile-e-urgente-n-5-2021-pc\\\/\",\"name\":\"Ordinanza contingibile e urgente n.5\\\/2021\\\/PC - Dignano\",\"isPartOf\":{\"@id\":\"https:\\\/\\\/comunicacity.net\\\/dignano\\\/#website\"},\"datePublished\":\"2021-03-04T08:18:52+00:00\",\"dateModified\":\"2021-03-04T10:52:37+00:00\",\"breadcrumb\":{\"@id\":\"https:\\\/\\\/comunicacity.net\\\/dignano\\\/2021\\\/03\\\/04\\\/ordinanza-contingibile-e-urgente-n-5-2021-pc\\\/#breadcrumb\"},\"inLanguage\":\"it-IT\",\"potentialAction\":[{\"@type\":\"ReadAction\",\"target\":[\"https:\\\/\\\/comunicacity.net\\\/dignano\\\/2021\\\/03\\\/04\\\/ordinanza-contingibile-e-urgente-n-5-2021-pc\\\/\"]}]},{\"@type\":\"BreadcrumbList\",\"@id\":\"https:\\\/\\\/comunicacity.net\\\/dignano\\\/2021\\\/03\\\/04\\\/ordinanza-contingibile-e-urgente-n-5-2021-pc\\\/#breadcrumb\",\"itemListElement\":[{\"@type\":\"ListItem\",\"position\":1,\"name\":\"Home\",\"item\":\"https:\\\/\\\/comunicacity.net\\\/dignano\\\/\"},{\"@type\":\"ListItem\",\"position\":2,\"name\":\"Ordinanza contingibile e urgente n.5\\\/2021\\\/PC\"}]},{\"@type\":\"WebSite\",\"@id\":\"https:\\\/\\\/comunicacity.net\\\/dignano\\\/#website\",\"url\":\"https:\\\/\\\/comunicacity.net\\\/dignano\\\/\",\"name\":\"Dignano\",\"description\":\"Ecco un altro sito ComunicaCity\",\"publisher\":{\"@id\":\"https:\\\/\\\/comunicacity.net\\\/dignano\\\/#organization\"},\"potentialAction\":[{\"@type\":\"SearchAction\",\"target\":{\"@type\":\"EntryPoint\",\"urlTemplate\":\"https:\\\/\\\/comunicacity.net\\\/dignano\\\/?s={search_term_string}\"},\"query-input\":{\"@type\":\"PropertyValueSpecification\",\"valueRequired\":true,\"valueName\":\"search_term_string\"}}],\"inLanguage\":\"it-IT\"},{\"@type\":\"Organization\",\"@id\":\"https:\\\/\\\/comunicacity.net\\\/dignano\\\/#organization\",\"name\":\"ComunicaCity\",\"url\":\"https:\\\/\\\/comunicacity.net\\\/dignano\\\/\",\"logo\":{\"@type\":\"ImageObject\",\"inLanguage\":\"it-IT\",\"@id\":\"https:\\\/\\\/comunicacity.net\\\/dignano\\\/#\\\/schema\\\/logo\\\/image\\\/\",\"url\":\"http:\\\/\\\/comunicacity.net\\\/dignano\\\/wp-content\\\/uploads\\\/sites\\\/173\\\/2019\\\/12\\\/chieavidulis.jpg\",\"contentUrl\":\"http:\\\/\\\/comunicacity.net\\\/dignano\\\/wp-content\\\/uploads\\\/sites\\\/173\\\/2019\\\/12\\\/chieavidulis.jpg\",\"width\":179,\"height\":266,\"caption\":\"ComunicaCity\"},\"image\":{\"@id\":\"https:\\\/\\\/comunicacity.net\\\/dignano\\\/#\\\/schema\\\/logo\\\/image\\\/\"},\"sameAs\":[\"http:\\\/\\\/facebook.com\\\/ComunicaCity\",\"https:\\\/\\\/x.com\\\/comunicacity\"]},{\"@type\":\"Person\",\"@id\":\"https:\\\/\\\/comunicacity.net\\\/dignano\\\/#\\\/schema\\\/person\\\/8731dec3a03c265d0d984fb2598496f0\",\"name\":\"Rachele\",\"image\":{\"@type\":\"ImageObject\",\"inLanguage\":\"it-IT\",\"@id\":\"https:\\\/\\\/secure.gravatar.com\\\/avatar\\\/1c3547c7045ae422557b9d8f63c27a7e5780c68ebefcf83500082069363456f0?s=96&d=mm&r=g\",\"url\":\"https:\\\/\\\/secure.gravatar.com\\\/avatar\\\/1c3547c7045ae422557b9d8f63c27a7e5780c68ebefcf83500082069363456f0?s=96&d=mm&r=g\",\"contentUrl\":\"https:\\\/\\\/secure.gravatar.com\\\/avatar\\\/1c3547c7045ae422557b9d8f63c27a7e5780c68ebefcf83500082069363456f0?s=96&d=mm&r=g\",\"caption\":\"Rachele\"},\"url\":\"https:\\\/\\\/comunicacity.net\\\/dignano\\\/author\\\/sandrabisi\\\/\"}]}<\/script>\n<!-- \/ Yoast SEO plugin. -->","yoast_head_json":{"title":"Ordinanza contingibile e urgente n.5\/2021\/PC - Dignano","robots":{"index":"index","follow":"follow","max-snippet":"max-snippet:-1","max-image-preview":"max-image-preview:large","max-video-preview":"max-video-preview:-1"},"canonical":"https:\/\/comunicacity.net\/dignano\/2021\/03\/04\/ordinanza-contingibile-e-urgente-n-5-2021-pc\/","og_locale":"it_IT","og_type":"article","og_title":"Ordinanza contingibile e urgente n.5\/2021\/PC - Dignano","og_description":"\ud83d\udd34 Ordinanza contingibile e urgente n.5\/2021\/PC\ud83d\udd34 In sintesi: \ud83d\udfe0 Dal 06.03.2021 e fino al 21.03.2021 le province di UDINE e GORIZIA saranno in ZONA ARANCIONE (si applicano le disposizioni relative [&hellip;]","og_url":"https:\/\/comunicacity.net\/dignano\/2021\/03\/04\/ordinanza-contingibile-e-urgente-n-5-2021-pc\/","og_site_name":"Dignano","article_publisher":"http:\/\/facebook.com\/ComunicaCity","article_published_time":"2021-03-04T08:18:52+00:00","article_modified_time":"2021-03-04T10:52:37+00:00","og_image":[{"url":"https:\/\/comunicacity.net\/dignano\/wp-content\/themes\/comunicacity\/build\/assets\/categorie\/notizie-e-informazioni.png","height":600,"width":1200,"type":""}],"author":"Rachele","twitter_card":"summary_large_image","twitter_creator":"@comunicacity","twitter_site":"@comunicacity","twitter_misc":{"Scritto da":"Rachele","Tempo di lettura stimato":"1 minuto"},"schema":{"@context":"https:\/\/schema.org","@graph":[{"@type":"Article","@id":"https:\/\/comunicacity.net\/dignano\/2021\/03\/04\/ordinanza-contingibile-e-urgente-n-5-2021-pc\/#article","isPartOf":{"@id":"https:\/\/comunicacity.net\/dignano\/2021\/03\/04\/ordinanza-contingibile-e-urgente-n-5-2021-pc\/"},"author":{"name":"Rachele","@id":"https:\/\/comunicacity.net\/dignano\/#\/schema\/person\/8731dec3a03c265d0d984fb2598496f0"},"headline":"Ordinanza contingibile e urgente n.5\/2021\/PC","datePublished":"2021-03-04T08:18:52+00:00","dateModified":"2021-03-04T10:52:37+00:00","mainEntityOfPage":{"@id":"https:\/\/comunicacity.net\/dignano\/2021\/03\/04\/ordinanza-contingibile-e-urgente-n-5-2021-pc\/"},"wordCount":230,"publisher":{"@id":"https:\/\/comunicacity.net\/dignano\/#organization"},"articleSection":["Notizie e Informazioni"],"inLanguage":"it-IT"},{"@type":"WebPage","@id":"https:\/\/comunicacity.net\/dignano\/2021\/03\/04\/ordinanza-contingibile-e-urgente-n-5-2021-pc\/","url":"https:\/\/comunicacity.net\/dignano\/2021\/03\/04\/ordinanza-contingibile-e-urgente-n-5-2021-pc\/","name":"Ordinanza contingibile e urgente n.5\/2021\/PC - Dignano","isPartOf":{"@id":"https:\/\/comunicacity.net\/dignano\/#website"},"datePublished":"2021-03-04T08:18:52+00:00","dateModified":"2021-03-04T10:52:37+00:00","breadcrumb":{"@id":"https:\/\/comunicacity.net\/dignano\/2021\/03\/04\/ordinanza-contingibile-e-urgente-n-5-2021-pc\/#breadcrumb"},"inLanguage":"it-IT","potentialAction":[{"@type":"ReadAction","target":["https:\/\/comunicacity.net\/dignano\/2021\/03\/04\/ordinanza-contingibile-e-urgente-n-5-2021-pc\/"]}]},{"@type":"BreadcrumbList","@id":"https:\/\/comunicacity.net\/dignano\/2021\/03\/04\/ordinanza-contingibile-e-urgente-n-5-2021-pc\/#breadcrumb","itemListElement":[{"@type":"ListItem","position":1,"name":"Home","item":"https:\/\/comunicacity.net\/dignano\/"},{"@type":"ListItem","position":2,"name":"Ordinanza contingibile e urgente n.5\/2021\/PC"}]},{"@type":"WebSite","@id":"https:\/\/comunicacity.net\/dignano\/#website","url":"https:\/\/comunicacity.net\/dignano\/","name":"Dignano","description":"Ecco un altro sito ComunicaCity","publisher":{"@id":"https:\/\/comunicacity.net\/dignano\/#organization"},"potentialAction":[{"@type":"SearchAction","target":{"@type":"EntryPoint","urlTemplate":"https:\/\/comunicacity.net\/dignano\/?s={search_term_string}"},"query-input":{"@type":"PropertyValueSpecification","valueRequired":true,"valueName":"search_term_string"}}],"inLanguage":"it-IT"},{"@type":"Organization","@id":"https:\/\/comunicacity.net\/dignano\/#organization","name":"ComunicaCity","url":"https:\/\/comunicacity.net\/dignano\/","logo":{"@type":"ImageObject","inLanguage":"it-IT","@id":"https:\/\/comunicacity.net\/dignano\/#\/schema\/logo\/image\/","url":"https:\/\/comunicacity.net\/dignano\/wp-content\/uploads\/sites\/173\/2019\/12\/chieavidulis.jpg","contentUrl":"https:\/\/comunicacity.net\/dignano\/wp-content\/uploads\/sites\/173\/2019\/12\/chieavidulis.jpg","width":179,"height":266,"caption":"ComunicaCity"},"image":{"@id":"https:\/\/comunicacity.net\/dignano\/#\/schema\/logo\/image\/"},"sameAs":["http:\/\/facebook.com\/ComunicaCity","https:\/\/x.com\/comunicacity"]},{"@type":"Person","@id":"https:\/\/comunicacity.net\/dignano\/#\/schema\/person\/8731dec3a03c265d0d984fb2598496f0","name":"Rachele","image":{"@type":"ImageObject","inLanguage":"it-IT","@id":"https:\/\/secure.gravatar.com\/avatar\/1c3547c7045ae422557b9d8f63c27a7e5780c68ebefcf83500082069363456f0?s=96&d=mm&r=g","url":"https:\/\/secure.gravatar.com\/avatar\/1c3547c7045ae422557b9d8f63c27a7e5780c68ebefcf83500082069363456f0?s=96&d=mm&r=g","contentUrl":"https:\/\/secure.gravatar.com\/avatar\/1c3547c7045ae422557b9d8f63c27a7e5780c68ebefcf83500082069363456f0?s=96&d=mm&r=g","caption":"Rachele"},"url":"https:\/\/comunicacity.net\/dignano\/author\/sandrabisi\/"}]}},"meta_box":{"cc4_urg_colore":"","cc4_urg_data_inizio":"","cc4_urg_data_fine":"","cc4_cor_positivi_oggi":"","cc4_cor_negativizzati_oggi":"","cc4_cor_deceduti_oggi":"","cc4_cor_positivi_totali":"","cc4_cor_negativizzati_totali":"","cc4_cor_deceduti_totali":"","cc4_cor_attualmente_positivi":"","cc4_eve_data_inizio":"","cc4_eve_data_fine":"","cc4_eve_indirizzo":"","cc4_eve_posizione":{"latitude":"","longitude":"","zoom":""},"cc4_eve_telefono":"","cc4_eve_email":"","cc4_eve_web":"","cc4_eve_fb":"","sitopa_id":""},"_links":{"self":[{"href":"https:\/\/comunicacity.net\/dignano\/wp-json\/wp\/v2\/posts\/609","targetHints":{"allow":["GET"]}}],"collection":[{"href":"https:\/\/comunicacity.net\/dignano\/wp-json\/wp\/v2\/posts"}],"about":[{"href":"https:\/\/comunicacity.net\/dignano\/wp-json\/wp\/v2\/types\/post"}],"author":[{"embeddable":true,"href":"https:\/\/comunicacity.net\/dignano\/wp-json\/wp\/v2\/users\/354"}],"replies":[{"embeddable":true,"href":"https:\/\/comunicacity.net\/dignano\/wp-json\/wp\/v2\/comments?post=609"}],"version-history":[{"count":3,"href":"https:\/\/comunicacity.net\/dignano\/wp-json\/wp\/v2\/posts\/609\/revisions"}],"predecessor-version":[{"id":613,"href":"https:\/\/comunicacity.net\/dignano\/wp-json\/wp\/v2\/posts\/609\/revisions\/613"}],"wp:attachment":[{"href":"https:\/\/comunicacity.net\/dignano\/wp-json\/wp\/v2\/media?parent=609"}],"wp:term":[{"taxonomy":"category","embeddable":true,"href":"https:\/\/comunicacity.net\/dignano\/wp-json\/wp\/v2\/categories?post=609"},{"taxonomy":"post_tag","embeddable":true,"href":"https:\/\/comunicacity.net\/dignano\/wp-json\/wp\/v2\/tags?post=609"}],"curies":[{"name":"wp","href":"https:\/\/api.w.org\/{rel}","templated":true}]}}