{"id":8,"date":"2019-12-13T14:38:40","date_gmt":"2019-12-13T13:38:40","guid":{"rendered":"https:\/\/comunicacity.net\/dignano\/?p=8"},"modified":"2019-12-13T14:38:40","modified_gmt":"2019-12-13T13:38:40","slug":"concerto-di-natale-venerdi-13-dicembre-2019","status":"publish","type":"post","link":"https:\/\/comunicacity.net\/dignano\/2019\/12\/13\/concerto-di-natale-venerdi-13-dicembre-2019\/","title":{"rendered":"Concerto di Natale &#8211; Venerd\u00ec 13 dicembre 2019"},"content":{"rendered":"<h3 style=\"text-align: center;\">Festival Internazionale di Musica Sacra &#8211; XXXII edizione<\/h3>\n<p>Venerd\u00ec 13 dicembre 2019 alle ore 20:45 presso la Chiesa di S. Sebastiano M. si svolger\u00e0 il Concerto di Natale.<\/p>\n<ul>\n<li><strong>Grop Cor\u00e2l Vidul\u00eas<\/strong> &#8211; Mauro Vidoni organo e direzione<\/li>\n<li><strong>Schola Cantorum di Dignano, Vidulis e Bonzicco &#8211; <\/strong>Lorenzo Marzona organo e direzione<\/li>\n<\/ul>\n<p><img loading=\"lazy\" decoding=\"async\" class=\"aligncenter size-full wp-image-12\" src=\"https:\/\/comunicacity.net\/dignano\/wp-content\/uploads\/sites\/173\/2019\/12\/Cantabilis-Dignano.jpg\" alt=\"\" width=\"1200\" height=\"1698\" srcset=\"https:\/\/comunicacity.net\/dignano\/wp-content\/uploads\/sites\/173\/2019\/12\/Cantabilis-Dignano.jpg 1200w, https:\/\/comunicacity.net\/dignano\/wp-content\/uploads\/sites\/173\/2019\/12\/Cantabilis-Dignano-212x300.jpg 212w, https:\/\/comunicacity.net\/dignano\/wp-content\/uploads\/sites\/173\/2019\/12\/Cantabilis-Dignano-724x1024.jpg 724w, https:\/\/comunicacity.net\/dignano\/wp-content\/uploads\/sites\/173\/2019\/12\/Cantabilis-Dignano-768x1087.jpg 768w, https:\/\/comunicacity.net\/dignano\/wp-content\/uploads\/sites\/173\/2019\/12\/Cantabilis-Dignano-1086x1536.jpg 1086w, https:\/\/comunicacity.net\/dignano\/wp-content\/uploads\/sites\/173\/2019\/12\/Cantabilis-Dignano-680x962.jpg 680w\" sizes=\"auto, (max-width: 1200px) 100vw, 1200px\" \/><\/p>\n\n\t\t\t\n\t\t\t\n\t\t\t\n\t\t\t\n\t\t\t\t\t\t\n\t\t\t\n\n\t\t\t\n\n","protected":false},"excerpt":{"rendered":"<p>Festival Internazionale di Musica Sacra &#8211; XXXII edizione Venerd\u00ec 13 dicembre 2019 alle ore 20:45 presso la Chiesa di S. Sebastiano M. si svolger\u00e0 il Concerto di Natale. Grop Cor\u00e2l [&hellip;]<\/p>\n","protected":false},"author":1,"featured_media":12,"comment_status":"closed","ping_status":"closed","sticky":false,"template":"","format":"standard","meta":{"footnotes":""},"categories":[10],"tags":[],"class_list":["post-8","post","type-post","status-publish","format-standard","has-post-thumbnail","hentry","category-eventi"],"yoast_head":"<!-- This site is optimized with the Yoast SEO plugin v27.4 - https:\/\/yoast.com\/product\/yoast-seo-wordpress\/ -->\n<title>Concerto di Natale - Venerd\u00ec 13 dicembre 2019 - Dignano<\/title>\n<meta name=\"robots\" content=\"index, follow, max-snippet:-1, max-image-preview:large, max-video-preview:-1\" \/>\n<link rel=\"canonical\" href=\"https:\/\/comunicacity.net\/dignano\/2019\/12\/13\/concerto-di-natale-venerdi-13-dicembre-2019\/\" \/>\n<meta property=\"og:locale\" content=\"it_IT\" \/>\n<meta property=\"og:type\" content=\"article\" \/>\n<meta property=\"og:title\" content=\"Concerto di Natale - Venerd\u00ec 13 dicembre 2019 - Dignano\" \/>\n<meta property=\"og:description\" content=\"Festival Internazionale di Musica Sacra &#8211; XXXII edizione Venerd\u00ec 13 dicembre 2019 alle ore 20:45 presso la Chiesa di S. Sebastiano M. si svolger\u00e0 il Concerto di Natale. Grop Cor\u00e2l [&hellip;]\" \/>\n<meta property=\"og:url\" content=\"https:\/\/comunicacity.net\/dignano\/2019\/12\/13\/concerto-di-natale-venerdi-13-dicembre-2019\/\" \/>\n<meta property=\"og:site_name\" content=\"Dignano\" \/>\n<meta property=\"article:publisher\" content=\"http:\/\/facebook.com\/ComunicaCity\" \/>\n<meta property=\"article:published_time\" content=\"2019-12-13T13:38:40+00:00\" \/>\n<meta property=\"og:image\" content=\"https:\/\/comunicacity.net\/dignano\/wp-content\/uploads\/sites\/173\/2019\/12\/Cantabilis-Dignano.jpg\" \/>\n\t<meta property=\"og:image:width\" content=\"1200\" \/>\n\t<meta property=\"og:image:height\" content=\"1698\" \/>\n\t<meta property=\"og:image:type\" content=\"image\/jpeg\" \/>\n<meta name=\"author\" content=\"comunicadmin\" \/>\n<meta name=\"twitter:card\" content=\"summary_large_image\" \/>\n<meta name=\"twitter:creator\" content=\"@comunicacity\" \/>\n<meta name=\"twitter:site\" content=\"@comunicacity\" \/>\n<meta name=\"twitter:label1\" content=\"Scritto da\" \/>\n\t<meta name=\"twitter:data1\" content=\"comunicadmin\" \/>\n<script type=\"application\/ld+json\" class=\"yoast-schema-graph\">{\"@context\":\"https:\\\/\\\/schema.org\",\"@graph\":[{\"@type\":\"Article\",\"@id\":\"https:\\\/\\\/comunicacity.net\\\/dignano\\\/2019\\\/12\\\/13\\\/concerto-di-natale-venerdi-13-dicembre-2019\\\/#article\",\"isPartOf\":{\"@id\":\"https:\\\/\\\/comunicacity.net\\\/dignano\\\/2019\\\/12\\\/13\\\/concerto-di-natale-venerdi-13-dicembre-2019\\\/\"},\"author\":{\"name\":\"comunicadmin\",\"@id\":\"https:\\\/\\\/comunicacity.net\\\/dignano\\\/#\\\/schema\\\/person\\\/afdbb374f214a0c80148caaf3018dd53\"},\"headline\":\"Concerto di Natale &#8211; Venerd\u00ec 13 dicembre 2019\",\"datePublished\":\"2019-12-13T13:38:40+00:00\",\"mainEntityOfPage\":{\"@id\":\"https:\\\/\\\/comunicacity.net\\\/dignano\\\/2019\\\/12\\\/13\\\/concerto-di-natale-venerdi-13-dicembre-2019\\\/\"},\"wordCount\":55,\"publisher\":{\"@id\":\"https:\\\/\\\/comunicacity.net\\\/dignano\\\/#organization\"},\"image\":{\"@id\":\"https:\\\/\\\/comunicacity.net\\\/dignano\\\/2019\\\/12\\\/13\\\/concerto-di-natale-venerdi-13-dicembre-2019\\\/#primaryimage\"},\"thumbnailUrl\":\"https:\\\/\\\/comunicacity.net\\\/dignano\\\/wp-content\\\/uploads\\\/sites\\\/173\\\/2019\\\/12\\\/Cantabilis-Dignano.jpg\",\"articleSection\":[\"Eventi\"],\"inLanguage\":\"it-IT\"},{\"@type\":\"WebPage\",\"@id\":\"https:\\\/\\\/comunicacity.net\\\/dignano\\\/2019\\\/12\\\/13\\\/concerto-di-natale-venerdi-13-dicembre-2019\\\/\",\"url\":\"https:\\\/\\\/comunicacity.net\\\/dignano\\\/2019\\\/12\\\/13\\\/concerto-di-natale-venerdi-13-dicembre-2019\\\/\",\"name\":\"Concerto di Natale - Venerd\u00ec 13 dicembre 2019 - Dignano\",\"isPartOf\":{\"@id\":\"https:\\\/\\\/comunicacity.net\\\/dignano\\\/#website\"},\"primaryImageOfPage\":{\"@id\":\"https:\\\/\\\/comunicacity.net\\\/dignano\\\/2019\\\/12\\\/13\\\/concerto-di-natale-venerdi-13-dicembre-2019\\\/#primaryimage\"},\"image\":{\"@id\":\"https:\\\/\\\/comunicacity.net\\\/dignano\\\/2019\\\/12\\\/13\\\/concerto-di-natale-venerdi-13-dicembre-2019\\\/#primaryimage\"},\"thumbnailUrl\":\"https:\\\/\\\/comunicacity.net\\\/dignano\\\/wp-content\\\/uploads\\\/sites\\\/173\\\/2019\\\/12\\\/Cantabilis-Dignano.jpg\",\"datePublished\":\"2019-12-13T13:38:40+00:00\",\"breadcrumb\":{\"@id\":\"https:\\\/\\\/comunicacity.net\\\/dignano\\\/2019\\\/12\\\/13\\\/concerto-di-natale-venerdi-13-dicembre-2019\\\/#breadcrumb\"},\"inLanguage\":\"it-IT\",\"potentialAction\":[{\"@type\":\"ReadAction\",\"target\":[\"https:\\\/\\\/comunicacity.net\\\/dignano\\\/2019\\\/12\\\/13\\\/concerto-di-natale-venerdi-13-dicembre-2019\\\/\"]}]},{\"@type\":\"ImageObject\",\"inLanguage\":\"it-IT\",\"@id\":\"https:\\\/\\\/comunicacity.net\\\/dignano\\\/2019\\\/12\\\/13\\\/concerto-di-natale-venerdi-13-dicembre-2019\\\/#primaryimage\",\"url\":\"https:\\\/\\\/comunicacity.net\\\/dignano\\\/wp-content\\\/uploads\\\/sites\\\/173\\\/2019\\\/12\\\/Cantabilis-Dignano.jpg\",\"contentUrl\":\"https:\\\/\\\/comunicacity.net\\\/dignano\\\/wp-content\\\/uploads\\\/sites\\\/173\\\/2019\\\/12\\\/Cantabilis-Dignano.jpg\",\"width\":1200,\"height\":1698},{\"@type\":\"BreadcrumbList\",\"@id\":\"https:\\\/\\\/comunicacity.net\\\/dignano\\\/2019\\\/12\\\/13\\\/concerto-di-natale-venerdi-13-dicembre-2019\\\/#breadcrumb\",\"itemListElement\":[{\"@type\":\"ListItem\",\"position\":1,\"name\":\"Home\",\"item\":\"https:\\\/\\\/comunicacity.net\\\/dignano\\\/\"},{\"@type\":\"ListItem\",\"position\":2,\"name\":\"Concerto di Natale &#8211; Venerd\u00ec 13 dicembre 2019\"}]},{\"@type\":\"WebSite\",\"@id\":\"https:\\\/\\\/comunicacity.net\\\/dignano\\\/#website\",\"url\":\"https:\\\/\\\/comunicacity.net\\\/dignano\\\/\",\"name\":\"Dignano\",\"description\":\"Ecco un altro sito ComunicaCity\",\"publisher\":{\"@id\":\"https:\\\/\\\/comunicacity.net\\\/dignano\\\/#organization\"},\"potentialAction\":[{\"@type\":\"SearchAction\",\"target\":{\"@type\":\"EntryPoint\",\"urlTemplate\":\"https:\\\/\\\/comunicacity.net\\\/dignano\\\/?s={search_term_string}\"},\"query-input\":{\"@type\":\"PropertyValueSpecification\",\"valueRequired\":true,\"valueName\":\"search_term_string\"}}],\"inLanguage\":\"it-IT\"},{\"@type\":\"Organization\",\"@id\":\"https:\\\/\\\/comunicacity.net\\\/dignano\\\/#organization\",\"name\":\"ComunicaCity\",\"url\":\"https:\\\/\\\/comunicacity.net\\\/dignano\\\/\",\"logo\":{\"@type\":\"ImageObject\",\"inLanguage\":\"it-IT\",\"@id\":\"https:\\\/\\\/comunicacity.net\\\/dignano\\\/#\\\/schema\\\/logo\\\/image\\\/\",\"url\":\"http:\\\/\\\/comunicacity.net\\\/dignano\\\/wp-content\\\/uploads\\\/sites\\\/173\\\/2019\\\/12\\\/chieavidulis.jpg\",\"contentUrl\":\"http:\\\/\\\/comunicacity.net\\\/dignano\\\/wp-content\\\/uploads\\\/sites\\\/173\\\/2019\\\/12\\\/chieavidulis.jpg\",\"width\":179,\"height\":266,\"caption\":\"ComunicaCity\"},\"image\":{\"@id\":\"https:\\\/\\\/comunicacity.net\\\/dignano\\\/#\\\/schema\\\/logo\\\/image\\\/\"},\"sameAs\":[\"http:\\\/\\\/facebook.com\\\/ComunicaCity\",\"https:\\\/\\\/x.com\\\/comunicacity\"]},{\"@type\":\"Person\",\"@id\":\"https:\\\/\\\/comunicacity.net\\\/dignano\\\/#\\\/schema\\\/person\\\/afdbb374f214a0c80148caaf3018dd53\",\"name\":\"comunicadmin\",\"image\":{\"@type\":\"ImageObject\",\"inLanguage\":\"it-IT\",\"@id\":\"https:\\\/\\\/secure.gravatar.com\\\/avatar\\\/238a7f01be6e5f09c36aedef94fb10ae47d52a6a71608e5985bef2a1560a0d9b?s=96&d=mm&r=g\",\"url\":\"https:\\\/\\\/secure.gravatar.com\\\/avatar\\\/238a7f01be6e5f09c36aedef94fb10ae47d52a6a71608e5985bef2a1560a0d9b?s=96&d=mm&r=g\",\"contentUrl\":\"https:\\\/\\\/secure.gravatar.com\\\/avatar\\\/238a7f01be6e5f09c36aedef94fb10ae47d52a6a71608e5985bef2a1560a0d9b?s=96&d=mm&r=g\",\"caption\":\"comunicadmin\"},\"sameAs\":[\"http:\\\/\\\/www.comunicacity.it\"],\"url\":\"https:\\\/\\\/comunicacity.net\\\/dignano\\\/author\\\/comunicadmin\\\/\"}]}<\/script>\n<!-- \/ Yoast SEO plugin. -->","yoast_head_json":{"title":"Concerto di Natale - Venerd\u00ec 13 dicembre 2019 - Dignano","robots":{"index":"index","follow":"follow","max-snippet":"max-snippet:-1","max-image-preview":"max-image-preview:large","max-video-preview":"max-video-preview:-1"},"canonical":"https:\/\/comunicacity.net\/dignano\/2019\/12\/13\/concerto-di-natale-venerdi-13-dicembre-2019\/","og_locale":"it_IT","og_type":"article","og_title":"Concerto di Natale - Venerd\u00ec 13 dicembre 2019 - Dignano","og_description":"Festival Internazionale di Musica Sacra &#8211; XXXII edizione Venerd\u00ec 13 dicembre 2019 alle ore 20:45 presso la Chiesa di S. Sebastiano M. si svolger\u00e0 il Concerto di Natale. Grop Cor\u00e2l [&hellip;]","og_url":"https:\/\/comunicacity.net\/dignano\/2019\/12\/13\/concerto-di-natale-venerdi-13-dicembre-2019\/","og_site_name":"Dignano","article_publisher":"http:\/\/facebook.com\/ComunicaCity","article_published_time":"2019-12-13T13:38:40+00:00","og_image":[{"width":1200,"height":1698,"url":"https:\/\/comunicacity.net\/dignano\/wp-content\/uploads\/sites\/173\/2019\/12\/Cantabilis-Dignano.jpg","type":"image\/jpeg"}],"author":"comunicadmin","twitter_card":"summary_large_image","twitter_creator":"@comunicacity","twitter_site":"@comunicacity","twitter_misc":{"Scritto da":"comunicadmin"},"schema":{"@context":"https:\/\/schema.org","@graph":[{"@type":"Article","@id":"https:\/\/comunicacity.net\/dignano\/2019\/12\/13\/concerto-di-natale-venerdi-13-dicembre-2019\/#article","isPartOf":{"@id":"https:\/\/comunicacity.net\/dignano\/2019\/12\/13\/concerto-di-natale-venerdi-13-dicembre-2019\/"},"author":{"name":"comunicadmin","@id":"https:\/\/comunicacity.net\/dignano\/#\/schema\/person\/afdbb374f214a0c80148caaf3018dd53"},"headline":"Concerto di Natale &#8211; Venerd\u00ec 13 dicembre 2019","datePublished":"2019-12-13T13:38:40+00:00","mainEntityOfPage":{"@id":"https:\/\/comunicacity.net\/dignano\/2019\/12\/13\/concerto-di-natale-venerdi-13-dicembre-2019\/"},"wordCount":55,"publisher":{"@id":"https:\/\/comunicacity.net\/dignano\/#organization"},"image":{"@id":"https:\/\/comunicacity.net\/dignano\/2019\/12\/13\/concerto-di-natale-venerdi-13-dicembre-2019\/#primaryimage"},"thumbnailUrl":"https:\/\/comunicacity.net\/dignano\/wp-content\/uploads\/sites\/173\/2019\/12\/Cantabilis-Dignano.jpg","articleSection":["Eventi"],"inLanguage":"it-IT"},{"@type":"WebPage","@id":"https:\/\/comunicacity.net\/dignano\/2019\/12\/13\/concerto-di-natale-venerdi-13-dicembre-2019\/","url":"https:\/\/comunicacity.net\/dignano\/2019\/12\/13\/concerto-di-natale-venerdi-13-dicembre-2019\/","name":"Concerto di Natale - Venerd\u00ec 13 dicembre 2019 - Dignano","isPartOf":{"@id":"https:\/\/comunicacity.net\/dignano\/#website"},"primaryImageOfPage":{"@id":"https:\/\/comunicacity.net\/dignano\/2019\/12\/13\/concerto-di-natale-venerdi-13-dicembre-2019\/#primaryimage"},"image":{"@id":"https:\/\/comunicacity.net\/dignano\/2019\/12\/13\/concerto-di-natale-venerdi-13-dicembre-2019\/#primaryimage"},"thumbnailUrl":"https:\/\/comunicacity.net\/dignano\/wp-content\/uploads\/sites\/173\/2019\/12\/Cantabilis-Dignano.jpg","datePublished":"2019-12-13T13:38:40+00:00","breadcrumb":{"@id":"https:\/\/comunicacity.net\/dignano\/2019\/12\/13\/concerto-di-natale-venerdi-13-dicembre-2019\/#breadcrumb"},"inLanguage":"it-IT","potentialAction":[{"@type":"ReadAction","target":["https:\/\/comunicacity.net\/dignano\/2019\/12\/13\/concerto-di-natale-venerdi-13-dicembre-2019\/"]}]},{"@type":"ImageObject","inLanguage":"it-IT","@id":"https:\/\/comunicacity.net\/dignano\/2019\/12\/13\/concerto-di-natale-venerdi-13-dicembre-2019\/#primaryimage","url":"https:\/\/comunicacity.net\/dignano\/wp-content\/uploads\/sites\/173\/2019\/12\/Cantabilis-Dignano.jpg","contentUrl":"https:\/\/comunicacity.net\/dignano\/wp-content\/uploads\/sites\/173\/2019\/12\/Cantabilis-Dignano.jpg","width":1200,"height":1698},{"@type":"BreadcrumbList","@id":"https:\/\/comunicacity.net\/dignano\/2019\/12\/13\/concerto-di-natale-venerdi-13-dicembre-2019\/#breadcrumb","itemListElement":[{"@type":"ListItem","position":1,"name":"Home","item":"https:\/\/comunicacity.net\/dignano\/"},{"@type":"ListItem","position":2,"name":"Concerto di Natale &#8211; Venerd\u00ec 13 dicembre 2019"}]},{"@type":"WebSite","@id":"https:\/\/comunicacity.net\/dignano\/#website","url":"https:\/\/comunicacity.net\/dignano\/","name":"Dignano","description":"Ecco un altro sito ComunicaCity","publisher":{"@id":"https:\/\/comunicacity.net\/dignano\/#organization"},"potentialAction":[{"@type":"SearchAction","target":{"@type":"EntryPoint","urlTemplate":"https:\/\/comunicacity.net\/dignano\/?s={search_term_string}"},"query-input":{"@type":"PropertyValueSpecification","valueRequired":true,"valueName":"search_term_string"}}],"inLanguage":"it-IT"},{"@type":"Organization","@id":"https:\/\/comunicacity.net\/dignano\/#organization","name":"ComunicaCity","url":"https:\/\/comunicacity.net\/dignano\/","logo":{"@type":"ImageObject","inLanguage":"it-IT","@id":"https:\/\/comunicacity.net\/dignano\/#\/schema\/logo\/image\/","url":"https:\/\/comunicacity.net\/dignano\/wp-content\/uploads\/sites\/173\/2019\/12\/chieavidulis.jpg","contentUrl":"https:\/\/comunicacity.net\/dignano\/wp-content\/uploads\/sites\/173\/2019\/12\/chieavidulis.jpg","width":179,"height":266,"caption":"ComunicaCity"},"image":{"@id":"https:\/\/comunicacity.net\/dignano\/#\/schema\/logo\/image\/"},"sameAs":["http:\/\/facebook.com\/ComunicaCity","https:\/\/x.com\/comunicacity"]},{"@type":"Person","@id":"https:\/\/comunicacity.net\/dignano\/#\/schema\/person\/afdbb374f214a0c80148caaf3018dd53","name":"comunicadmin","image":{"@type":"ImageObject","inLanguage":"it-IT","@id":"https:\/\/secure.gravatar.com\/avatar\/238a7f01be6e5f09c36aedef94fb10ae47d52a6a71608e5985bef2a1560a0d9b?s=96&d=mm&r=g","url":"https:\/\/secure.gravatar.com\/avatar\/238a7f01be6e5f09c36aedef94fb10ae47d52a6a71608e5985bef2a1560a0d9b?s=96&d=mm&r=g","contentUrl":"https:\/\/secure.gravatar.com\/avatar\/238a7f01be6e5f09c36aedef94fb10ae47d52a6a71608e5985bef2a1560a0d9b?s=96&d=mm&r=g","caption":"comunicadmin"},"sameAs":["http:\/\/www.comunicacity.it"],"url":"https:\/\/comunicacity.net\/dignano\/author\/comunicadmin\/"}]}},"meta_box":{"cc4_urg_colore":"","cc4_urg_data_inizio":"","cc4_urg_data_fine":"","cc4_cor_positivi_oggi":"","cc4_cor_negativizzati_oggi":"","cc4_cor_deceduti_oggi":"","cc4_cor_positivi_totali":"","cc4_cor_negativizzati_totali":"","cc4_cor_deceduti_totali":"","cc4_cor_attualmente_positivi":"","cc4_eve_data_inizio":"","cc4_eve_data_fine":"","cc4_eve_indirizzo":"","cc4_eve_posizione":{"latitude":"","longitude":"","zoom":""},"cc4_eve_telefono":"","cc4_eve_email":"","cc4_eve_web":"","cc4_eve_fb":"","sitopa_id":""},"_links":{"self":[{"href":"https:\/\/comunicacity.net\/dignano\/wp-json\/wp\/v2\/posts\/8","targetHints":{"allow":["GET"]}}],"collection":[{"href":"https:\/\/comunicacity.net\/dignano\/wp-json\/wp\/v2\/posts"}],"about":[{"href":"https:\/\/comunicacity.net\/dignano\/wp-json\/wp\/v2\/types\/post"}],"author":[{"embeddable":true,"href":"https:\/\/comunicacity.net\/dignano\/wp-json\/wp\/v2\/users\/1"}],"replies":[{"embeddable":true,"href":"https:\/\/comunicacity.net\/dignano\/wp-json\/wp\/v2\/comments?post=8"}],"version-history":[{"count":2,"href":"https:\/\/comunicacity.net\/dignano\/wp-json\/wp\/v2\/posts\/8\/revisions"}],"predecessor-version":[{"id":13,"href":"https:\/\/comunicacity.net\/dignano\/wp-json\/wp\/v2\/posts\/8\/revisions\/13"}],"wp:featuredmedia":[{"embeddable":true,"href":"https:\/\/comunicacity.net\/dignano\/wp-json\/wp\/v2\/media\/12"}],"wp:attachment":[{"href":"https:\/\/comunicacity.net\/dignano\/wp-json\/wp\/v2\/media?parent=8"}],"wp:term":[{"taxonomy":"category","embeddable":true,"href":"https:\/\/comunicacity.net\/dignano\/wp-json\/wp\/v2\/categories?post=8"},{"taxonomy":"post_tag","embeddable":true,"href":"https:\/\/comunicacity.net\/dignano\/wp-json\/wp\/v2\/tags?post=8"}],"curies":[{"name":"wp","href":"https:\/\/api.w.org\/{rel}","templated":true}]}}